{"id":35322,"date":"2024-03-26T11:03:55","date_gmt":"2024-03-26T10:03:55","guid":{"rendered":"https:\/\/schoenstatt.com\/spiritualitat\/together-we-are-stronger-second-couples-cafe-in-italy\/"},"modified":"2025-05-15T20:17:59","modified_gmt":"2025-05-15T18:17:59","slug":"gemeinsam-sind-wir-staerker-zweites-paar-cafe-in-italien","status":"publish","type":"post","link":"https:\/\/schoenstatt.com\/de\/gemeinsam-sind-wir-staerker-zweites-paar-cafe-in-italien\/","title":{"rendered":"Gemeinsam sind wir st\u00e4rker: zweites Paar-Caf\u00e9 in Italien"},"content":{"rendered":"<p>Nach dem Treffen des Ehepaar-Caf\u00e9s, an dem mehrere Ehepaare aus Terricciola, Pisa, teilgenommen hatten, beschlossen dieselben Teilnehmer, den Weg des Wachstums fortzusetzen, um eine Gemeinschaft von Ehepaaren zu schaffen und zu festigen, die von der Spiritualit\u00e4t der Sch\u00f6nstatt-Bewegung inspiriert ist. Am Samstag, den 16. M\u00e4rz, fand das zweite Treffen dieses neuen Zyklus von Treffen statt, mit dem Thema \u201eGemeinsam sind wir st\u00e4rker\u201c. Das Treffen wurde wie immer von zwei Ehepaaren aus dem Familienbund in Rom gestaltet.<\/p>\n<p>Das Thema begann mit der Lesung einer Passage aus dem Johannesevangelium, die sich wie folgt zusammenfassen l\u00e4sst: \u201eDamit sie alle eins sind, wie du, Vater, in mir bist und ich in dir\u201c (vgl. Joh 17,21).<\/p>\n<h3>Die Bedeutung der Kommunikation in der Ehe<\/h3>\n<p>Es folgte das Motto des Treffens, bei dem die folgenden Punkte angesprochen wurden:<\/p>\n<p>&#8211; Mit der Ehe haben wir unseren Bund geschlossen, eine Bindung, die ein Ausdruck der Liebe Gottes zu den Menschen sein soll. Die F\u00e4den unseres Lebens verflechten sich immer mehr und offenbaren sich einander im Alltag, mit unseren St\u00e4rken und Schw\u00e4chen.<\/p>\n<p>&#8211; Wie k\u00f6nnen wir unsere Ehe am besten leben und unser gemeinsames Leben gestalten? Das Bild unserer Ehe kann wachsen, wenn wir uns gegenseitig ehrlich \u00f6ffnen und unsere emotionalen, geistigen und k\u00f6rperlichen Bed\u00fcrfnisse mitteilen. Auf diese Weise wird unsere Ehe gest\u00e4rkt und in eine belastbare Gemeinschaft verwandelt.<\/p>\n<h2>\u00dcber das Projekt: Begleiten mit Sch\u00f6nstatt-P\u00e4dagogik<\/h2>\n<p>Mitglieder des Sch\u00f6nstatt-Familienbundes haben seit einigen Jahren einen Weg des geistlichen und menschlichen Wachstums mit dem Namen \u201eCaff\u00e8 delle Coppie\u201c geschaffen und durchgef\u00fchrt, dessen Name vom italienischen Kaffee inspiriert ist, der nicht nur ein Getr\u00e4nk ist, sondern auch ein gesellschaftliches Ereignis, ein Treffen mit Freunden oder eine herzliche Begegnung mit neuen Bekannten.<\/p>\n<p>Es handelt sich um eine apostolische Initiative, die sich an Ehepaare, Verlobte oder auch Paare, die einfach nur zusammenleben, richtet, um ihnen die christlichen Werte n\u00e4her zu bringen und sie mit der P\u00e4dagogik Sch\u00f6nstatts zu begleiten. Dieses Angebot wurde bereits mit Gruppen von Ehepaaren im Cor Ecclesiae-Heiligtum in Rom, das von den Marienschwestern geleitet wird, durchgef\u00fchrt; im <a href=\"https:\/\/www.roma-belmonte.info\/de\/\" target=\"_blank\" rel=\"noopener\">internationalen Sch\u00f6nstattzentrum in Belmonte-Rom<\/a>, wo nach dem Caf\u00e9 f\u00fcr Ehepaare eine Gruppe von Ehepaaren entstanden ist, die bereits einen Ehebund geschlossen hat und die sich st\u00e4ndig zu einem tieferen geistlichen Wachstum trifft; in der Pfarrei der heiligen Patrone in Rom, die von den Sch\u00f6nstatt-Patres geleitet wird; in der Pfarrei Sant&#8217;Aquila und Priscilla in Rom; und schlie\u00dflich in der Toskana mit Paaren aus dem Dorf Terricciola, in Zusammenarbeit mit dem \u00f6rtlichen Pfarrer.<\/p>\n<h3>Den Schatz der Ehe f\u00f6rdern<\/h3>\n<p>Das Paar-Caf\u00e9 hat eine wichtige Aufgabe: Paare treffen sich und schaffen dadurch eine einladende Atmosph\u00e4re, in der sie die Spiritualit\u00e4t Sch\u00f6nstatts und die christlichen Werte n\u00e4her kennenlernen k\u00f6nnen. Dabei geht es nicht nur um den Austausch im Alltag, sondern auch darum, Momente des Dialogs als Paar zu erleben. Diese Momente bieten die Gelegenheit, das t\u00e4gliche Leben zu verbessern und die Beziehung zu st\u00e4rken. Ziel ist es, die Bindung zwischen den Partnern zu festigen und ihnen die M\u00f6glichkeit zu geben, gemeinsam auf dem Weg des Liebesb\u00fcndnisses zu gehen. Letztlich geht es darum, ihnen die christliche Erfahrung des Ehelebens n\u00e4herzubringen.<\/p>\n<h3>Das Feuer der Liebe im Angesicht von Freuden und Grenzen aufrechterhalten<\/h3>\n<p>Zum Treffen in Terricciola: Wir sp\u00fcren eine Einheit, die in ihrer Vielfalt reich ist. Eine Einheit, die im &#8222;Du&#8220; ein kostbares Geschenk sieht, eine Quelle der Bereicherung. Aus dieser Einheit heraus gestalten wir unser Leben im Bewusstsein, dass Gott uns bei der Verwirklichung des Liebesprojekts unserer Ehe begleitet.<\/p>\n<p>Unsere Verbindung ist dazu bestimmt, ein Segen zu sein. Auf dem Weg des Lebens sind wir mit einem Menschen vereint, der uns liebt und unsere F\u00e4higkeit zu lieben immer mehr wachsen l\u00e4sst. Gemeinsam erleben wir die Freude, aber auch das Leid, das durch unsere Grenzen entsteht. Gemeinsam bem\u00fchen wir uns, das Feuer unserer Liebe am Leben zu erhalten. Wenn wir uns mit einem anderen Menschen verbinden, wird unsere Verbindung gest\u00e4rkt.<\/p>\n<h3>Die Bedeutung der Gemeinschaft<\/h3>\n<p>In der N\u00e4he anderer entdecken wir, dass wir alle vor \u00e4hnlichen Herausforderungen stehen, wenn auch auf unterschiedliche Weise. Wir k\u00f6nnen unsere Freuden teilen und wissen, dass wir keine Inseln sind, sondern Teil eines belastbaren Netzwerks.<\/p>\n<p>Die Zugeh\u00f6rigkeit zu einer Gruppe oder Gemeinschaft bringt uns zus\u00e4tzliche Segnungen. In diesen Gemeinschaften entdecken wir gemeinsame Werte, die uns in schwierigen Situationen Vertrauen und Unterst\u00fctzung geben. Das gegenseitige Gebet st\u00e4rkt uns, und in Momenten der St\u00e4rke vervielfachen sich unsere Energien, die es uns erm\u00f6glichen, gemeinsam f\u00fcr das Gemeinwohl zu handeln und die Welt nach unseren Idealen zu gestalten.<\/p>\n<h3>Fragen, die helfen, die Beziehung neu zu bewerten<\/h3>\n<p>Nach der Bekanntgabe des Themas des Treffens gab es einen Moment des Dialogs in Zweiergruppen, der auf den folgenden Fragen basierte:<\/p>\n<p>&#8211; In welcher Hinsicht bereichere ich mich an meinem Ehepartner?<\/p>\n<p>&#8211; An welchem Punkt im Leben oder in welchen Krisensituationen haben wir erlebt, dass die Zuneigung zu anderen Menschen uns als Paar gest\u00e4rkt hat?<\/p>\n<h3>Schl\u00fcssel: Verbindungen zu Menschen, Ideen und Orten<\/h3>\n<p>Zusammenfassend l\u00e4sst sich sagen, dass in der Verbindung eines Paares die Liebe erbl\u00fcht, die im anderen das unausgesprochene Potenzial sieht. Der Mensch muss in irgendeiner Weise auf nat\u00fcrlicher Ebene mit allen Fasern seiner Seele verbunden sein. Wenn er keine Bindungen hat, entsteht in dem Ma\u00dfe, in dem es ihm an Verbindung fehlt, ein Riss in seiner Seele. Der normal entwickelte Mensch braucht einen Organismus von Bindungen zu Orten, Menschen, Ideen. Der Mensch muss in einem Bindungsorganismus verwurzelt sein und in dem Ma\u00dfe gesund sein, wie dieser Bindungsorganismus es hergibt (vgl. J. Kentenich 2-5 Oktober 1951).<\/p>\n","protected":false},"excerpt":{"rendered":"<p>Paare in Italien nahmen am zweiten von der Sch\u00f6nstatt-Bewegung organisierten Paar-Caf\u00e9 teil, bei dem die Bedeutung stabiler pers\u00f6nlicher Bindungen und die Vertiefung des gegenseitigen Wertsch\u00e4tzens f\u00fcr das pers\u00f6nliche Wachstum betont wurde. Das Motto des Tages lautete \u201eZusammen sind wir st\u00e4rker.\u201c<\/p>\n","protected":false},"author":3,"featured_media":35240,"comment_status":"closed","ping_status":"closed","sticky":false,"template":"","format":"standard","meta":{"footnotes":""},"categories":[874,907],"tags":[],"class_list":["post-35322","post","type-post","status-publish","format-standard","has-post-thumbnail","hentry","category-familie-de","category-schoenstatt-gemeinschaften-de"],"yoast_head":"<!-- This site is optimized with the Yoast SEO Premium plugin v27.4 (Yoast SEO v27.4) - https:\/\/yoast.com\/product\/yoast-seo-premium-wordpress\/ -->\n<title>Gemeinsam sind wir st\u00e4rker: zweites Paar-Caf\u00e9 in Italien<\/title>\n<meta name=\"description\" content=\"Unter dem Motto \u201eZusammen sind wir st\u00e4rker\u201c fand in Italien das Paar-Caf\u00e9 statt, das darauf ausgerichtet war, die Beziehungen zu st\u00e4rken.\" \/>\n<meta name=\"robots\" content=\"index, follow, max-snippet:-1, max-image-preview:large, max-video-preview:-1\" \/>\n<link rel=\"canonical\" href=\"https:\/\/schoenstatt.com\/de\/gemeinsam-sind-wir-staerker-zweites-paar-cafe-in-italien\/\" \/>\n<meta property=\"og:locale\" content=\"de_DE\" \/>\n<meta property=\"og:type\" content=\"article\" \/>\n<meta property=\"og:title\" content=\"Gemeinsam sind wir st\u00e4rker: zweites Paar-Caf\u00e9 in Italien\" \/>\n<meta property=\"og:description\" content=\"Unter dem Motto \u201eZusammen sind wir st\u00e4rker\u201c fand in Italien das Paar-Caf\u00e9 statt, das darauf ausgerichtet war, die Beziehungen zu st\u00e4rken.\" \/>\n<meta property=\"og:url\" content=\"https:\/\/schoenstatt.com\/de\/gemeinsam-sind-wir-staerker-zweites-paar-cafe-in-italien\/\" \/>\n<meta property=\"og:site_name\" content=\"Schoenstatt\" \/>\n<meta property=\"article:published_time\" content=\"2024-03-26T10:03:55+00:00\" \/>\n<meta property=\"article:modified_time\" content=\"2025-05-15T18:17:59+00:00\" \/>\n<meta property=\"og:image\" content=\"https:\/\/schoenstatt.com\/wp-content\/uploads\/2024\/03\/CoppieTerricciola_italia_2024-03-16-1.jpg\" \/>\n\t<meta property=\"og:image:width\" content=\"2048\" \/>\n\t<meta property=\"og:image:height\" content=\"1210\" \/>\n\t<meta property=\"og:image:type\" content=\"image\/jpeg\" \/>\n<meta name=\"author\" content=\"Karen Bueno\" \/>\n<meta name=\"twitter:card\" content=\"summary_large_image\" \/>\n<meta name=\"twitter:label1\" content=\"Verfasst von\" \/>\n\t<meta name=\"twitter:data1\" content=\"Karen Bueno\" \/>\n\t<meta name=\"twitter:label2\" content=\"Gesch\u00e4tzte Lesezeit\" \/>\n\t<meta name=\"twitter:data2\" content=\"4\u00a0Minuten\" \/>\n<script type=\"application\/ld+json\" class=\"yoast-schema-graph\">{\"@context\":\"https:\\\/\\\/schema.org\",\"@graph\":[{\"@type\":\"Article\",\"@id\":\"https:\\\/\\\/schoenstatt.com\\\/de\\\/gemeinsam-sind-wir-staerker-zweites-paar-cafe-in-italien\\\/#article\",\"isPartOf\":{\"@id\":\"https:\\\/\\\/schoenstatt.com\\\/de\\\/gemeinsam-sind-wir-staerker-zweites-paar-cafe-in-italien\\\/\"},\"author\":{\"name\":\"Karen Bueno\",\"@id\":\"https:\\\/\\\/schoenstatt.com\\\/de\\\/#\\\/schema\\\/person\\\/5158877ad4acae98b34daaeef2a1ce6e\"},\"headline\":\"Gemeinsam sind wir st\u00e4rker: zweites Paar-Caf\u00e9 in Italien\",\"datePublished\":\"2024-03-26T10:03:55+00:00\",\"dateModified\":\"2025-05-15T18:17:59+00:00\",\"mainEntityOfPage\":{\"@id\":\"https:\\\/\\\/schoenstatt.com\\\/de\\\/gemeinsam-sind-wir-staerker-zweites-paar-cafe-in-italien\\\/\"},\"wordCount\":966,\"publisher\":{\"@id\":\"https:\\\/\\\/schoenstatt.com\\\/de\\\/#organization\"},\"image\":{\"@id\":\"https:\\\/\\\/schoenstatt.com\\\/de\\\/gemeinsam-sind-wir-staerker-zweites-paar-cafe-in-italien\\\/#primaryimage\"},\"thumbnailUrl\":\"https:\\\/\\\/schoenstatt.com\\\/wp-content\\\/uploads\\\/2024\\\/03\\\/CoppieTerricciola_italia_2024-03-16-1.jpg\",\"articleSection\":[\"Familie\",\"Schoenstatt Gemeinschaften\"],\"inLanguage\":\"de\"},{\"@type\":\"WebPage\",\"@id\":\"https:\\\/\\\/schoenstatt.com\\\/de\\\/gemeinsam-sind-wir-staerker-zweites-paar-cafe-in-italien\\\/\",\"url\":\"https:\\\/\\\/schoenstatt.com\\\/de\\\/gemeinsam-sind-wir-staerker-zweites-paar-cafe-in-italien\\\/\",\"name\":\"Gemeinsam sind wir st\u00e4rker: zweites Paar-Caf\u00e9 in Italien\",\"isPartOf\":{\"@id\":\"https:\\\/\\\/schoenstatt.com\\\/de\\\/#website\"},\"primaryImageOfPage\":{\"@id\":\"https:\\\/\\\/schoenstatt.com\\\/de\\\/gemeinsam-sind-wir-staerker-zweites-paar-cafe-in-italien\\\/#primaryimage\"},\"image\":{\"@id\":\"https:\\\/\\\/schoenstatt.com\\\/de\\\/gemeinsam-sind-wir-staerker-zweites-paar-cafe-in-italien\\\/#primaryimage\"},\"thumbnailUrl\":\"https:\\\/\\\/schoenstatt.com\\\/wp-content\\\/uploads\\\/2024\\\/03\\\/CoppieTerricciola_italia_2024-03-16-1.jpg\",\"datePublished\":\"2024-03-26T10:03:55+00:00\",\"dateModified\":\"2025-05-15T18:17:59+00:00\",\"description\":\"Unter dem Motto \u201eZusammen sind wir st\u00e4rker\u201c fand in Italien das Paar-Caf\u00e9 statt, das darauf ausgerichtet war, die Beziehungen zu st\u00e4rken.\",\"breadcrumb\":{\"@id\":\"https:\\\/\\\/schoenstatt.com\\\/de\\\/gemeinsam-sind-wir-staerker-zweites-paar-cafe-in-italien\\\/#breadcrumb\"},\"inLanguage\":\"de\",\"potentialAction\":[{\"@type\":\"ReadAction\",\"target\":[\"https:\\\/\\\/schoenstatt.com\\\/de\\\/gemeinsam-sind-wir-staerker-zweites-paar-cafe-in-italien\\\/\"]}]},{\"@type\":\"ImageObject\",\"inLanguage\":\"de\",\"@id\":\"https:\\\/\\\/schoenstatt.com\\\/de\\\/gemeinsam-sind-wir-staerker-zweites-paar-cafe-in-italien\\\/#primaryimage\",\"url\":\"https:\\\/\\\/schoenstatt.com\\\/wp-content\\\/uploads\\\/2024\\\/03\\\/CoppieTerricciola_italia_2024-03-16-1.jpg\",\"contentUrl\":\"https:\\\/\\\/schoenstatt.com\\\/wp-content\\\/uploads\\\/2024\\\/03\\\/CoppieTerricciola_italia_2024-03-16-1.jpg\",\"width\":2048,\"height\":1210},{\"@type\":\"BreadcrumbList\",\"@id\":\"https:\\\/\\\/schoenstatt.com\\\/de\\\/gemeinsam-sind-wir-staerker-zweites-paar-cafe-in-italien\\\/#breadcrumb\",\"itemListElement\":[{\"@type\":\"ListItem\",\"position\":1,\"name\":\"Portada\",\"item\":\"https:\\\/\\\/schoenstatt.com\\\/de\\\/home\\\/\"},{\"@type\":\"ListItem\",\"position\":2,\"name\":\"Gemeinsam sind wir st\u00e4rker: zweites Paar-Caf\u00e9 in Italien\"}]},{\"@type\":\"WebSite\",\"@id\":\"https:\\\/\\\/schoenstatt.com\\\/de\\\/#website\",\"url\":\"https:\\\/\\\/schoenstatt.com\\\/de\\\/\",\"name\":\"Schoenstatt\",\"description\":\"Apostolic Movement\",\"publisher\":{\"@id\":\"https:\\\/\\\/schoenstatt.com\\\/de\\\/#organization\"},\"potentialAction\":[{\"@type\":\"SearchAction\",\"target\":{\"@type\":\"EntryPoint\",\"urlTemplate\":\"https:\\\/\\\/schoenstatt.com\\\/de\\\/?s={search_term_string}\"},\"query-input\":{\"@type\":\"PropertyValueSpecification\",\"valueRequired\":true,\"valueName\":\"search_term_string\"}}],\"inLanguage\":\"de\"},{\"@type\":\"Organization\",\"@id\":\"https:\\\/\\\/schoenstatt.com\\\/de\\\/#organization\",\"name\":\"Schoenstatt\",\"url\":\"https:\\\/\\\/schoenstatt.com\\\/de\\\/\",\"logo\":{\"@type\":\"ImageObject\",\"inLanguage\":\"de\",\"@id\":\"https:\\\/\\\/schoenstatt.com\\\/de\\\/#\\\/schema\\\/logo\\\/image\\\/\",\"url\":\"https:\\\/\\\/schoenstatt.com\\\/wp-content\\\/uploads\\\/2025\\\/04\\\/logo-schoenstatt-white-696x696-1.png\",\"contentUrl\":\"https:\\\/\\\/schoenstatt.com\\\/wp-content\\\/uploads\\\/2025\\\/04\\\/logo-schoenstatt-white-696x696-1.png\",\"width\":696,\"height\":694,\"caption\":\"Schoenstatt\"},\"image\":{\"@id\":\"https:\\\/\\\/schoenstatt.com\\\/de\\\/#\\\/schema\\\/logo\\\/image\\\/\"}},{\"@type\":\"Person\",\"@id\":\"https:\\\/\\\/schoenstatt.com\\\/de\\\/#\\\/schema\\\/person\\\/5158877ad4acae98b34daaeef2a1ce6e\",\"name\":\"Karen Bueno\",\"image\":{\"@type\":\"ImageObject\",\"inLanguage\":\"de\",\"@id\":\"https:\\\/\\\/secure.gravatar.com\\\/avatar\\\/f9f4b823873154269d2b2130f195f6d41037dd0d7fc5f3cacb5c846bae70d66b?s=96&d=mm&r=g\",\"url\":\"https:\\\/\\\/secure.gravatar.com\\\/avatar\\\/f9f4b823873154269d2b2130f195f6d41037dd0d7fc5f3cacb5c846bae70d66b?s=96&d=mm&r=g\",\"contentUrl\":\"https:\\\/\\\/secure.gravatar.com\\\/avatar\\\/f9f4b823873154269d2b2130f195f6d41037dd0d7fc5f3cacb5c846bae70d66b?s=96&d=mm&r=g\",\"caption\":\"Karen Bueno\"},\"url\":\"https:\\\/\\\/schoenstatt.com\\\/de\\\/author\\\/karen-bueno\\\/\"}]}<\/script>\n<!-- \/ Yoast SEO Premium plugin. -->","yoast_head_json":{"title":"Gemeinsam sind wir st\u00e4rker: zweites Paar-Caf\u00e9 in Italien","description":"Unter dem Motto \u201eZusammen sind wir st\u00e4rker\u201c fand in Italien das Paar-Caf\u00e9 statt, das darauf ausgerichtet war, die Beziehungen zu st\u00e4rken.","robots":{"index":"index","follow":"follow","max-snippet":"max-snippet:-1","max-image-preview":"max-image-preview:large","max-video-preview":"max-video-preview:-1"},"canonical":"https:\/\/schoenstatt.com\/de\/gemeinsam-sind-wir-staerker-zweites-paar-cafe-in-italien\/","og_locale":"de_DE","og_type":"article","og_title":"Gemeinsam sind wir st\u00e4rker: zweites Paar-Caf\u00e9 in Italien","og_description":"Unter dem Motto \u201eZusammen sind wir st\u00e4rker\u201c fand in Italien das Paar-Caf\u00e9 statt, das darauf ausgerichtet war, die Beziehungen zu st\u00e4rken.","og_url":"https:\/\/schoenstatt.com\/de\/gemeinsam-sind-wir-staerker-zweites-paar-cafe-in-italien\/","og_site_name":"Schoenstatt","article_published_time":"2024-03-26T10:03:55+00:00","article_modified_time":"2025-05-15T18:17:59+00:00","og_image":[{"width":2048,"height":1210,"url":"https:\/\/schoenstatt.com\/wp-content\/uploads\/2024\/03\/CoppieTerricciola_italia_2024-03-16-1.jpg","type":"image\/jpeg"}],"author":"Karen Bueno","twitter_card":"summary_large_image","twitter_misc":{"Verfasst von":"Karen Bueno","Gesch\u00e4tzte Lesezeit":"4\u00a0Minuten"},"schema":{"@context":"https:\/\/schema.org","@graph":[{"@type":"Article","@id":"https:\/\/schoenstatt.com\/de\/gemeinsam-sind-wir-staerker-zweites-paar-cafe-in-italien\/#article","isPartOf":{"@id":"https:\/\/schoenstatt.com\/de\/gemeinsam-sind-wir-staerker-zweites-paar-cafe-in-italien\/"},"author":{"name":"Karen Bueno","@id":"https:\/\/schoenstatt.com\/de\/#\/schema\/person\/5158877ad4acae98b34daaeef2a1ce6e"},"headline":"Gemeinsam sind wir st\u00e4rker: zweites Paar-Caf\u00e9 in Italien","datePublished":"2024-03-26T10:03:55+00:00","dateModified":"2025-05-15T18:17:59+00:00","mainEntityOfPage":{"@id":"https:\/\/schoenstatt.com\/de\/gemeinsam-sind-wir-staerker-zweites-paar-cafe-in-italien\/"},"wordCount":966,"publisher":{"@id":"https:\/\/schoenstatt.com\/de\/#organization"},"image":{"@id":"https:\/\/schoenstatt.com\/de\/gemeinsam-sind-wir-staerker-zweites-paar-cafe-in-italien\/#primaryimage"},"thumbnailUrl":"https:\/\/schoenstatt.com\/wp-content\/uploads\/2024\/03\/CoppieTerricciola_italia_2024-03-16-1.jpg","articleSection":["Familie","Schoenstatt Gemeinschaften"],"inLanguage":"de"},{"@type":"WebPage","@id":"https:\/\/schoenstatt.com\/de\/gemeinsam-sind-wir-staerker-zweites-paar-cafe-in-italien\/","url":"https:\/\/schoenstatt.com\/de\/gemeinsam-sind-wir-staerker-zweites-paar-cafe-in-italien\/","name":"Gemeinsam sind wir st\u00e4rker: zweites Paar-Caf\u00e9 in Italien","isPartOf":{"@id":"https:\/\/schoenstatt.com\/de\/#website"},"primaryImageOfPage":{"@id":"https:\/\/schoenstatt.com\/de\/gemeinsam-sind-wir-staerker-zweites-paar-cafe-in-italien\/#primaryimage"},"image":{"@id":"https:\/\/schoenstatt.com\/de\/gemeinsam-sind-wir-staerker-zweites-paar-cafe-in-italien\/#primaryimage"},"thumbnailUrl":"https:\/\/schoenstatt.com\/wp-content\/uploads\/2024\/03\/CoppieTerricciola_italia_2024-03-16-1.jpg","datePublished":"2024-03-26T10:03:55+00:00","dateModified":"2025-05-15T18:17:59+00:00","description":"Unter dem Motto \u201eZusammen sind wir st\u00e4rker\u201c fand in Italien das Paar-Caf\u00e9 statt, das darauf ausgerichtet war, die Beziehungen zu st\u00e4rken.","breadcrumb":{"@id":"https:\/\/schoenstatt.com\/de\/gemeinsam-sind-wir-staerker-zweites-paar-cafe-in-italien\/#breadcrumb"},"inLanguage":"de","potentialAction":[{"@type":"ReadAction","target":["https:\/\/schoenstatt.com\/de\/gemeinsam-sind-wir-staerker-zweites-paar-cafe-in-italien\/"]}]},{"@type":"ImageObject","inLanguage":"de","@id":"https:\/\/schoenstatt.com\/de\/gemeinsam-sind-wir-staerker-zweites-paar-cafe-in-italien\/#primaryimage","url":"https:\/\/schoenstatt.com\/wp-content\/uploads\/2024\/03\/CoppieTerricciola_italia_2024-03-16-1.jpg","contentUrl":"https:\/\/schoenstatt.com\/wp-content\/uploads\/2024\/03\/CoppieTerricciola_italia_2024-03-16-1.jpg","width":2048,"height":1210},{"@type":"BreadcrumbList","@id":"https:\/\/schoenstatt.com\/de\/gemeinsam-sind-wir-staerker-zweites-paar-cafe-in-italien\/#breadcrumb","itemListElement":[{"@type":"ListItem","position":1,"name":"Portada","item":"https:\/\/schoenstatt.com\/de\/home\/"},{"@type":"ListItem","position":2,"name":"Gemeinsam sind wir st\u00e4rker: zweites Paar-Caf\u00e9 in Italien"}]},{"@type":"WebSite","@id":"https:\/\/schoenstatt.com\/de\/#website","url":"https:\/\/schoenstatt.com\/de\/","name":"Schoenstatt","description":"Apostolic Movement","publisher":{"@id":"https:\/\/schoenstatt.com\/de\/#organization"},"potentialAction":[{"@type":"SearchAction","target":{"@type":"EntryPoint","urlTemplate":"https:\/\/schoenstatt.com\/de\/?s={search_term_string}"},"query-input":{"@type":"PropertyValueSpecification","valueRequired":true,"valueName":"search_term_string"}}],"inLanguage":"de"},{"@type":"Organization","@id":"https:\/\/schoenstatt.com\/de\/#organization","name":"Schoenstatt","url":"https:\/\/schoenstatt.com\/de\/","logo":{"@type":"ImageObject","inLanguage":"de","@id":"https:\/\/schoenstatt.com\/de\/#\/schema\/logo\/image\/","url":"https:\/\/schoenstatt.com\/wp-content\/uploads\/2025\/04\/logo-schoenstatt-white-696x696-1.png","contentUrl":"https:\/\/schoenstatt.com\/wp-content\/uploads\/2025\/04\/logo-schoenstatt-white-696x696-1.png","width":696,"height":694,"caption":"Schoenstatt"},"image":{"@id":"https:\/\/schoenstatt.com\/de\/#\/schema\/logo\/image\/"}},{"@type":"Person","@id":"https:\/\/schoenstatt.com\/de\/#\/schema\/person\/5158877ad4acae98b34daaeef2a1ce6e","name":"Karen Bueno","image":{"@type":"ImageObject","inLanguage":"de","@id":"https:\/\/secure.gravatar.com\/avatar\/f9f4b823873154269d2b2130f195f6d41037dd0d7fc5f3cacb5c846bae70d66b?s=96&d=mm&r=g","url":"https:\/\/secure.gravatar.com\/avatar\/f9f4b823873154269d2b2130f195f6d41037dd0d7fc5f3cacb5c846bae70d66b?s=96&d=mm&r=g","contentUrl":"https:\/\/secure.gravatar.com\/avatar\/f9f4b823873154269d2b2130f195f6d41037dd0d7fc5f3cacb5c846bae70d66b?s=96&d=mm&r=g","caption":"Karen Bueno"},"url":"https:\/\/schoenstatt.com\/de\/author\/karen-bueno\/"}]}},"_links":{"self":[{"href":"https:\/\/schoenstatt.com\/de\/wp-json\/wp\/v2\/posts\/35322","targetHints":{"allow":["GET"]}}],"collection":[{"href":"https:\/\/schoenstatt.com\/de\/wp-json\/wp\/v2\/posts"}],"about":[{"href":"https:\/\/schoenstatt.com\/de\/wp-json\/wp\/v2\/types\/post"}],"author":[{"embeddable":true,"href":"https:\/\/schoenstatt.com\/de\/wp-json\/wp\/v2\/users\/3"}],"replies":[{"embeddable":true,"href":"https:\/\/schoenstatt.com\/de\/wp-json\/wp\/v2\/comments?post=35322"}],"version-history":[{"count":1,"href":"https:\/\/schoenstatt.com\/de\/wp-json\/wp\/v2\/posts\/35322\/revisions"}],"predecessor-version":[{"id":46773,"href":"https:\/\/schoenstatt.com\/de\/wp-json\/wp\/v2\/posts\/35322\/revisions\/46773"}],"wp:featuredmedia":[{"embeddable":true,"href":"https:\/\/schoenstatt.com\/de\/wp-json\/wp\/v2\/media\/35240"}],"wp:attachment":[{"href":"https:\/\/schoenstatt.com\/de\/wp-json\/wp\/v2\/media?parent=35322"}],"wp:term":[{"taxonomy":"category","embeddable":true,"href":"https:\/\/schoenstatt.com\/de\/wp-json\/wp\/v2\/categories?post=35322"},{"taxonomy":"post_tag","embeddable":true,"href":"https:\/\/schoenstatt.com\/de\/wp-json\/wp\/v2\/tags?post=35322"}],"curies":[{"name":"wp","href":"https:\/\/api.w.org\/{rel}","templated":true}]}}