{"id":35115,"date":"2024-03-19T09:42:27","date_gmt":"2024-03-19T08:42:27","guid":{"rendered":"https:\/\/schoenstatt.com\/?p=35115"},"modified":"2025-05-15T19:49:55","modified_gmt":"2025-05-15T17:49:55","slug":"deutschland-delegiertentagung-2024-beschaeftigt-sich-mit-dem-thema-charisma","status":"publish","type":"post","link":"https:\/\/schoenstatt.com\/de\/deutschland-delegiertentagung-2024-beschaeftigt-sich-mit-dem-thema-charisma\/","title":{"rendered":"Deutschland: Delegiertentagung 2024 besch\u00e4ftigt sich mit dem Thema Charisma"},"content":{"rendered":"<h3>Miteinander der Charismen<\/h3>\n<p>Am Vormittag des 1. M\u00e4rz geht es um Begegnung mit anderen Charismen, die im \u201eMiteinander f\u00fcr Europa\u201c mit der Sch\u00f6nstattbewegung zusammenwirken. Neben einigen Sch\u00f6nst\u00e4ttern, die im Miteinander f\u00fcr Europa mitwirken, geben Fadi Krikor, Father\u2019s House for all Nations, Altenhohenau sowie Herbert Lauenroth, Fokolare, Ottmaring einen Beitrag. Der Vormittag l\u00e4sst die Delegierten den Reichtum der Charismen erleben und schafft die Grundlage f\u00fcr die weitere Besch\u00e4ftigung mit dem eigenen Charisma Sch\u00f6nstatts.<\/p>\n<h3>Charisma und Wachstum<\/h3>\n<p>ist der thematische Rahmen am dicht gef\u00fcllten ersten Nachmittag. Prof. em Dr. Julius Kuhl, spricht im Horizont von ihm entwickelten PSI (Pers\u00f6nlichkeits-System-Interaktion)-Theorie \u00fcber Spiritualit\u00e4t und Selbstwerdung. Anschlie\u00dfend gibt Pater Hans-Martin Samietz ISch in seinem Referat Impulse, wie \u201edie \u201aIdee vom Gnadenkapital\u2018 neu gelesen\u201c und zum Leben werden kann. Es folgen zwei Zeugnisse, wie die Begegnung mit Sch\u00f6nstatt glaubw\u00fcrdige Pers\u00f6nlichkeit formt und in existenzieller Glaubenskrise rettend wirken kann. Dieser Nachmittag soll helfen, auf \u201edie inneren Vorg\u00e4nge unserer Spiritualit\u00e4t zu schauen, die Quellen in den Blick zu nehmen, die uns helfen, in den Herausforderungen dieser Zeit zu leben, anstatt nur Probleme zu beschreiben\u201c (P. G\u00fcthlein).<\/p>\n<p>Die gemeinsame Liebesb\u00fcndniserneuerung am Abend vertieft das, gerade auch durch den Blick auf Lebenszeugnissen von Sch\u00f6nstatt-Helden.<\/p>\n<h3>Charisma im Widerspruch<\/h3>\n<p>ist der Themenschwerpunkt am Vormittag des 2. M\u00e4rz. Hier berichten Mitglieder verschiedener Forschungsteams \u00fcber ihre Arbeiten zur Causa Kentenich:<\/p>\n<p>Heinrich Brehm, Leiter der Pressestelle der Sch\u00f6nstattbewegung Deutschland, gab einen \u00dcberblick die Edition der Studienreihe \u201eDokumente zur Geschichte der Sch\u00f6nstatt-Bewegung\u201c, die das Team um den Postulator, Pater Eduardo Aguirre ISch vornimmt. Drei Studienausgaben \u2013 insgesamt f\u00fcnf B\u00e4nde \u2013 seien mittlerweile erschienen. Weitere zwei Studienausgaben, insgesamt ebenfalls f\u00fcnf B\u00e4nde, seien derzeit in Vorbereitung. Mithilfe dieses umfangreichen Archivmaterials k\u00f6nnten sich die Leserinnen und Leser selbst ein Urteil \u00fcber die geschichtlichen Vorg\u00e4nge bilden.<\/p>\n<p>Prof. Dr. Hubertus Brantzen ist im Team des Postulators wesentlich mit der Zusammenstellung und Einf\u00fchrung der Dokumente befasst. Er stellt aufgrund seiner umfangreichen Studien klar: Die in den Anschuldigungen gegen Kentenich vertretene These, er sei wegen Missbrauch ins Exil geschickt worden, sei unhaltbar. Bei den Forschungen, die mittlerweile eine F\u00fclle von Dokumenten umfassen, sei nirgends ein Hinweis auf Missbrauch zu finden gewesen.<\/p>\n<figure id=\"attachment_35120\" aria-describedby=\"caption-attachment-35120\" style=\"width: 680px\" class=\"wp-caption aligncenter\"><img fetchpriority=\"high\" decoding=\"async\" class=\"wp-image-35120 size-full\" src=\"https:\/\/schoenstatt.com\/wp-content\/uploads\/2024\/03\/20240399_01_107862_Delegiertentagung_FotoBrehm.jpg\" alt=\"\" width=\"680\" height=\"340\" \/><figcaption id=\"caption-attachment-35120\" class=\"wp-caption-text\">(Foto: Brehm)<\/figcaption><\/figure>\n<p>Als Mitglied des Internationalen Forschungsteams, das vom Generalpr\u00e4sidium Sch\u00f6nstatts einberufen wurde, berichtet Prof. Dr. Joachim S\u00f6der von dem Projekt, das er zusammen mit Prof. em. Dr. Manfred Gerwing \u00fcbernommen hat: die historisch-kritische Edition der \u201eEpistola Perlonga\u201c, eines Schreibens, das Pater Kentenich 1949 von seinen Weltreisen aus in f\u00fcnf aufeinander folgenden Lieferungen an den Bischof von Trier schickte. Die jetzt als Studienausgabe 5 erscheinende wissenschaftliche Ausgabe werde rund 600 Seiten umfassen. Es handle sich bei dieser Studie um die \u201eAuskristallisation eines lebenslangen Denkprozesses\u201c, ein weites Spektrum aktueller Literatur sei darin verarbeitet. Pater Kentenich sei sich der Tragweite seines Schrittes bewusst gewesen: \u201eEr wei\u00df, was er macht. Er sagt, ich kann nicht schweigen, weil es um etwas ganz Gro\u00dfes geht.\u201c<\/p>\n<p>Abschlie\u00dfend berichtet Sr. Dr. M. Aloisia Levermann vom Forschungsteam der Sch\u00f6nst\u00e4tter Marienschwestern. Hier geht es v.a. um die biographische Forschung zu den ehemaligen Mitgliedern, die Anklagen gegen Pater Kentenich geschrieben haben. Anliegen sei, historisches Material verf\u00fcgbar zu machen, das es dann externen Wissenschaftlern erm\u00f6glicht, zu einem objektiven Urteil \u00fcber die Anschuldigungen zu kommen.<\/p>\n<p>Die kompakte Information \u00fcber die laufenden Forschungen, vor allem aber die pers\u00f6nlichen Stellungnahmen der einzelnen Referenten, sind ein wichtiger Beitrag zum Gesamtthema des Treffens.<\/p>\n<h3>Synodenaula Sch\u00f6nstatt<\/h3>\n<p>Am Nachmittag des 2. M\u00e4rz gibt es etwas ganz Neues: Die Delegierten treffen sich in der Aula der Marienschule, in der Pater Kentenich mehrfach mit der Sch\u00f6nstattfamilie zusammen war. Es geht um ein \u201eGespr\u00e4ch im Heiligen Geist\u201c in Solidarit\u00e4t mit der Weltsynode. Wie in der Synodenaula in Rom sitzen die Delegierten in kleinen Gruppen an runden Tischen und suchen in verschiedenen Schritten \u2013 verbunden mit wichtigen Stillephasen zum H\u00f6ren nach \u201eoben\u201c \u2013den Zentralwert f\u00fcr das kommende Sch\u00f6nstattjahr.<\/p>\n<figure id=\"attachment_35128\" aria-describedby=\"caption-attachment-35128\" style=\"width: 680px\" class=\"wp-caption aligncenter\"><img decoding=\"async\" class=\"wp-image-35128 size-full\" src=\"https:\/\/schoenstatt.com\/wp-content\/uploads\/2024\/03\/20240394_02_TU45337_Delegiertentagung_FotoBrehm.jpg\" alt=\"\" width=\"680\" height=\"340\" \/><figcaption id=\"caption-attachment-35128\" class=\"wp-caption-text\">Die Aula der Sch\u00f6nst\u00e4tter Marienschule bot sich f\u00fcr die Nachmittagsveranstaltung an (Foto: Brehm)<\/figcaption><\/figure>\n<p>Es folgt ein Familienabend in der Aula, bei dem ein mehrg\u00e4ngiges Menue durchzogen ist von entspannten Beitr\u00e4gen verschiedener Gemeinschaften. Nachmittag und Abend in der Synodenaula werden allgemein als ein H\u00f6hepunkt dieser Tage empfunden.<\/p>\n<h3>Charisma als Ressource f\u00fcr die Zukunft<\/h3>\n<p>So ist der letzte Vormittag der Tagung, der 3. M\u00e4rz, getitelt. In einem grundlegenden Vortrag fasst der Leiter der deutschen Sch\u00f6nstattbewegung, Pater Ludwig G\u00fcthlein ISch, die Themen und Impulse der Delegiertentagung zusammen. Es sei die letzte Delegiertentagung, die er als Bewegungsleiter ausrichte. Davon sei auch das Thema seines Vortrags bestimmt: \u201ePater Kentenich f\u00fcr alle Generationen. Narrative und Perspektiven\u201c. (<a href=\"https:\/\/www.schoenstatt.de\/de\/news\/6405\/112\/Charisma-mit-Zukunft.htm\" target=\"_blank\" rel=\"noopener\">hier link zum Vortrag von P. G\u00fcthlein aus schoenstatt.de<\/a>)<\/p>\n<h2>Das Charisma Sch\u00f6nstatts \u201ein der Kirche und f\u00fcr die Kirche\u201c leben<\/h2>\n<p>Die Delegiertentagung endet mit einer Eucharistiefeier in der Dreifaltigkeitskirche auf Berg Sch\u00f6nstatt. Hauptzelebrant und Prediger des Gottesdienstes ist Pater Alexandre Awi Mello, Generaloberer der Sch\u00f6nstatt-Patres und Vorsitzender des Generalpr\u00e4sidium des internationalen Sch\u00f6nstatt-Werkes. In seiner Predigt greift Pater Alexandre das Tagesevangelium auf \u2013 Jesus vertreibt die H\u00e4ndler aus dem Tempel \u2013 und legt es auf die Thematik der Delegiertentagung aus &#8211; auf das Charisma Pater Kentenichs hin \u2013 aus. Die Worte von P. Alexandre sind wie eine B\u00fcndelung dessen, was diese Delegiertentagung pr\u00e4gte.<\/p>\n","protected":false},"excerpt":{"rendered":"<p>Die Delegiertentagung der deutschen Sch\u00f6nstattbewegung, die vom 1.-3. M\u00e4rz 2024 im Pater-Kentenich-Haus tagt, steht unter dem Thema Charisma.<\/p>\n","protected":false},"author":3,"featured_media":35116,"comment_status":"closed","ping_status":"closed","sticky":false,"template":"","format":"standard","meta":{"footnotes":""},"categories":[678],"tags":[],"class_list":["post-35115","post","type-post","status-publish","format-standard","has-post-thumbnail","hentry","category-lander-de"],"yoast_head":"<!-- This site is optimized with the Yoast SEO Premium plugin v27.4 (Yoast SEO v27.4) - https:\/\/yoast.com\/product\/yoast-seo-premium-wordpress\/ -->\n<title>Deutschland: Delegiertentagung 2024 besch\u00e4ftigt sich mit dem Thema Charisma<\/title>\n<meta name=\"description\" content=\"Die Delegiertentagung der deutschen Sch\u00f6nstattbewegung, die vom 1.-3. M\u00e4rz 2024 im Pater-Kentenich-Haus tagt, steht unter dem Thema Charisma.\" \/>\n<meta name=\"robots\" content=\"index, follow, max-snippet:-1, max-image-preview:large, max-video-preview:-1\" \/>\n<link rel=\"canonical\" href=\"https:\/\/schoenstatt.com\/de\/deutschland-delegiertentagung-2024-beschaeftigt-sich-mit-dem-thema-charisma\/\" \/>\n<meta property=\"og:locale\" content=\"de_DE\" \/>\n<meta property=\"og:type\" content=\"article\" \/>\n<meta property=\"og:title\" content=\"Deutschland: Delegiertentagung 2024 besch\u00e4ftigt sich mit dem Thema Charisma\" \/>\n<meta property=\"og:description\" content=\"Die Delegiertentagung der deutschen Sch\u00f6nstattbewegung, die vom 1.-3. M\u00e4rz 2024 im Pater-Kentenich-Haus tagt, steht unter dem Thema Charisma.\" \/>\n<meta property=\"og:url\" content=\"https:\/\/schoenstatt.com\/de\/deutschland-delegiertentagung-2024-beschaeftigt-sich-mit-dem-thema-charisma\/\" \/>\n<meta property=\"og:site_name\" content=\"Schoenstatt\" \/>\n<meta property=\"article:published_time\" content=\"2024-03-19T08:42:27+00:00\" \/>\n<meta property=\"article:modified_time\" content=\"2025-05-15T17:49:55+00:00\" \/>\n<meta property=\"og:image\" content=\"https:\/\/schoenstatt.com\/wp-content\/uploads\/2024\/03\/Delegiertentagung-2024-deutschland-1.jpg\" \/>\n\t<meta property=\"og:image:width\" content=\"1360\" \/>\n\t<meta property=\"og:image:height\" content=\"680\" \/>\n\t<meta property=\"og:image:type\" content=\"image\/jpeg\" \/>\n<meta name=\"author\" content=\"Karen Bueno\" \/>\n<meta name=\"twitter:card\" content=\"summary_large_image\" \/>\n<meta name=\"twitter:label1\" content=\"Verfasst von\" \/>\n\t<meta name=\"twitter:data1\" content=\"Karen Bueno\" \/>\n\t<meta name=\"twitter:label2\" content=\"Gesch\u00e4tzte Lesezeit\" \/>\n\t<meta name=\"twitter:data2\" content=\"5\u00a0Minuten\" \/>\n<script type=\"application\/ld+json\" class=\"yoast-schema-graph\">{\"@context\":\"https:\\\/\\\/schema.org\",\"@graph\":[{\"@type\":\"Article\",\"@id\":\"https:\\\/\\\/schoenstatt.com\\\/de\\\/deutschland-delegiertentagung-2024-beschaeftigt-sich-mit-dem-thema-charisma\\\/#article\",\"isPartOf\":{\"@id\":\"https:\\\/\\\/schoenstatt.com\\\/de\\\/deutschland-delegiertentagung-2024-beschaeftigt-sich-mit-dem-thema-charisma\\\/\"},\"author\":{\"name\":\"Karen Bueno\",\"@id\":\"https:\\\/\\\/schoenstatt.com\\\/de\\\/#\\\/schema\\\/person\\\/5158877ad4acae98b34daaeef2a1ce6e\"},\"headline\":\"Deutschland: Delegiertentagung 2024 besch\u00e4ftigt sich mit dem Thema Charisma\",\"datePublished\":\"2024-03-19T08:42:27+00:00\",\"dateModified\":\"2025-05-15T17:49:55+00:00\",\"mainEntityOfPage\":{\"@id\":\"https:\\\/\\\/schoenstatt.com\\\/de\\\/deutschland-delegiertentagung-2024-beschaeftigt-sich-mit-dem-thema-charisma\\\/\"},\"wordCount\":923,\"publisher\":{\"@id\":\"https:\\\/\\\/schoenstatt.com\\\/de\\\/#organization\"},\"image\":{\"@id\":\"https:\\\/\\\/schoenstatt.com\\\/de\\\/deutschland-delegiertentagung-2024-beschaeftigt-sich-mit-dem-thema-charisma\\\/#primaryimage\"},\"thumbnailUrl\":\"https:\\\/\\\/schoenstatt.com\\\/wp-content\\\/uploads\\\/2024\\\/03\\\/Delegiertentagung-2024-deutschland-1.jpg\",\"articleSection\":[\"L\u00e4nder\"],\"inLanguage\":\"de\"},{\"@type\":\"WebPage\",\"@id\":\"https:\\\/\\\/schoenstatt.com\\\/de\\\/deutschland-delegiertentagung-2024-beschaeftigt-sich-mit-dem-thema-charisma\\\/\",\"url\":\"https:\\\/\\\/schoenstatt.com\\\/de\\\/deutschland-delegiertentagung-2024-beschaeftigt-sich-mit-dem-thema-charisma\\\/\",\"name\":\"Deutschland: Delegiertentagung 2024 besch\u00e4ftigt sich mit dem Thema Charisma\",\"isPartOf\":{\"@id\":\"https:\\\/\\\/schoenstatt.com\\\/de\\\/#website\"},\"primaryImageOfPage\":{\"@id\":\"https:\\\/\\\/schoenstatt.com\\\/de\\\/deutschland-delegiertentagung-2024-beschaeftigt-sich-mit-dem-thema-charisma\\\/#primaryimage\"},\"image\":{\"@id\":\"https:\\\/\\\/schoenstatt.com\\\/de\\\/deutschland-delegiertentagung-2024-beschaeftigt-sich-mit-dem-thema-charisma\\\/#primaryimage\"},\"thumbnailUrl\":\"https:\\\/\\\/schoenstatt.com\\\/wp-content\\\/uploads\\\/2024\\\/03\\\/Delegiertentagung-2024-deutschland-1.jpg\",\"datePublished\":\"2024-03-19T08:42:27+00:00\",\"dateModified\":\"2025-05-15T17:49:55+00:00\",\"description\":\"Die Delegiertentagung der deutschen Sch\u00f6nstattbewegung, die vom 1.-3. M\u00e4rz 2024 im Pater-Kentenich-Haus tagt, steht unter dem Thema Charisma.\",\"breadcrumb\":{\"@id\":\"https:\\\/\\\/schoenstatt.com\\\/de\\\/deutschland-delegiertentagung-2024-beschaeftigt-sich-mit-dem-thema-charisma\\\/#breadcrumb\"},\"inLanguage\":\"de\",\"potentialAction\":[{\"@type\":\"ReadAction\",\"target\":[\"https:\\\/\\\/schoenstatt.com\\\/de\\\/deutschland-delegiertentagung-2024-beschaeftigt-sich-mit-dem-thema-charisma\\\/\"]}]},{\"@type\":\"ImageObject\",\"inLanguage\":\"de\",\"@id\":\"https:\\\/\\\/schoenstatt.com\\\/de\\\/deutschland-delegiertentagung-2024-beschaeftigt-sich-mit-dem-thema-charisma\\\/#primaryimage\",\"url\":\"https:\\\/\\\/schoenstatt.com\\\/wp-content\\\/uploads\\\/2024\\\/03\\\/Delegiertentagung-2024-deutschland-1.jpg\",\"contentUrl\":\"https:\\\/\\\/schoenstatt.com\\\/wp-content\\\/uploads\\\/2024\\\/03\\\/Delegiertentagung-2024-deutschland-1.jpg\",\"width\":1360,\"height\":680},{\"@type\":\"BreadcrumbList\",\"@id\":\"https:\\\/\\\/schoenstatt.com\\\/de\\\/deutschland-delegiertentagung-2024-beschaeftigt-sich-mit-dem-thema-charisma\\\/#breadcrumb\",\"itemListElement\":[{\"@type\":\"ListItem\",\"position\":1,\"name\":\"Portada\",\"item\":\"https:\\\/\\\/schoenstatt.com\\\/de\\\/home\\\/\"},{\"@type\":\"ListItem\",\"position\":2,\"name\":\"Deutschland: Delegiertentagung 2024 besch\u00e4ftigt sich mit dem Thema Charisma\"}]},{\"@type\":\"WebSite\",\"@id\":\"https:\\\/\\\/schoenstatt.com\\\/de\\\/#website\",\"url\":\"https:\\\/\\\/schoenstatt.com\\\/de\\\/\",\"name\":\"Schoenstatt\",\"description\":\"Apostolic Movement\",\"publisher\":{\"@id\":\"https:\\\/\\\/schoenstatt.com\\\/de\\\/#organization\"},\"potentialAction\":[{\"@type\":\"SearchAction\",\"target\":{\"@type\":\"EntryPoint\",\"urlTemplate\":\"https:\\\/\\\/schoenstatt.com\\\/de\\\/?s={search_term_string}\"},\"query-input\":{\"@type\":\"PropertyValueSpecification\",\"valueRequired\":true,\"valueName\":\"search_term_string\"}}],\"inLanguage\":\"de\"},{\"@type\":\"Organization\",\"@id\":\"https:\\\/\\\/schoenstatt.com\\\/de\\\/#organization\",\"name\":\"Schoenstatt\",\"url\":\"https:\\\/\\\/schoenstatt.com\\\/de\\\/\",\"logo\":{\"@type\":\"ImageObject\",\"inLanguage\":\"de\",\"@id\":\"https:\\\/\\\/schoenstatt.com\\\/de\\\/#\\\/schema\\\/logo\\\/image\\\/\",\"url\":\"https:\\\/\\\/schoenstatt.com\\\/wp-content\\\/uploads\\\/2025\\\/04\\\/logo-schoenstatt-white-696x696-1.png\",\"contentUrl\":\"https:\\\/\\\/schoenstatt.com\\\/wp-content\\\/uploads\\\/2025\\\/04\\\/logo-schoenstatt-white-696x696-1.png\",\"width\":696,\"height\":694,\"caption\":\"Schoenstatt\"},\"image\":{\"@id\":\"https:\\\/\\\/schoenstatt.com\\\/de\\\/#\\\/schema\\\/logo\\\/image\\\/\"}},{\"@type\":\"Person\",\"@id\":\"https:\\\/\\\/schoenstatt.com\\\/de\\\/#\\\/schema\\\/person\\\/5158877ad4acae98b34daaeef2a1ce6e\",\"name\":\"Karen Bueno\",\"image\":{\"@type\":\"ImageObject\",\"inLanguage\":\"de\",\"@id\":\"https:\\\/\\\/secure.gravatar.com\\\/avatar\\\/f9f4b823873154269d2b2130f195f6d41037dd0d7fc5f3cacb5c846bae70d66b?s=96&d=mm&r=g\",\"url\":\"https:\\\/\\\/secure.gravatar.com\\\/avatar\\\/f9f4b823873154269d2b2130f195f6d41037dd0d7fc5f3cacb5c846bae70d66b?s=96&d=mm&r=g\",\"contentUrl\":\"https:\\\/\\\/secure.gravatar.com\\\/avatar\\\/f9f4b823873154269d2b2130f195f6d41037dd0d7fc5f3cacb5c846bae70d66b?s=96&d=mm&r=g\",\"caption\":\"Karen Bueno\"},\"url\":\"https:\\\/\\\/schoenstatt.com\\\/de\\\/author\\\/karen-bueno\\\/\"}]}<\/script>\n<!-- \/ Yoast SEO Premium plugin. -->","yoast_head_json":{"title":"Deutschland: Delegiertentagung 2024 besch\u00e4ftigt sich mit dem Thema Charisma","description":"Die Delegiertentagung der deutschen Sch\u00f6nstattbewegung, die vom 1.-3. M\u00e4rz 2024 im Pater-Kentenich-Haus tagt, steht unter dem Thema Charisma.","robots":{"index":"index","follow":"follow","max-snippet":"max-snippet:-1","max-image-preview":"max-image-preview:large","max-video-preview":"max-video-preview:-1"},"canonical":"https:\/\/schoenstatt.com\/de\/deutschland-delegiertentagung-2024-beschaeftigt-sich-mit-dem-thema-charisma\/","og_locale":"de_DE","og_type":"article","og_title":"Deutschland: Delegiertentagung 2024 besch\u00e4ftigt sich mit dem Thema Charisma","og_description":"Die Delegiertentagung der deutschen Sch\u00f6nstattbewegung, die vom 1.-3. M\u00e4rz 2024 im Pater-Kentenich-Haus tagt, steht unter dem Thema Charisma.","og_url":"https:\/\/schoenstatt.com\/de\/deutschland-delegiertentagung-2024-beschaeftigt-sich-mit-dem-thema-charisma\/","og_site_name":"Schoenstatt","article_published_time":"2024-03-19T08:42:27+00:00","article_modified_time":"2025-05-15T17:49:55+00:00","og_image":[{"width":1360,"height":680,"url":"https:\/\/schoenstatt.com\/wp-content\/uploads\/2024\/03\/Delegiertentagung-2024-deutschland-1.jpg","type":"image\/jpeg"}],"author":"Karen Bueno","twitter_card":"summary_large_image","twitter_misc":{"Verfasst von":"Karen Bueno","Gesch\u00e4tzte Lesezeit":"5\u00a0Minuten"},"schema":{"@context":"https:\/\/schema.org","@graph":[{"@type":"Article","@id":"https:\/\/schoenstatt.com\/de\/deutschland-delegiertentagung-2024-beschaeftigt-sich-mit-dem-thema-charisma\/#article","isPartOf":{"@id":"https:\/\/schoenstatt.com\/de\/deutschland-delegiertentagung-2024-beschaeftigt-sich-mit-dem-thema-charisma\/"},"author":{"name":"Karen Bueno","@id":"https:\/\/schoenstatt.com\/de\/#\/schema\/person\/5158877ad4acae98b34daaeef2a1ce6e"},"headline":"Deutschland: Delegiertentagung 2024 besch\u00e4ftigt sich mit dem Thema Charisma","datePublished":"2024-03-19T08:42:27+00:00","dateModified":"2025-05-15T17:49:55+00:00","mainEntityOfPage":{"@id":"https:\/\/schoenstatt.com\/de\/deutschland-delegiertentagung-2024-beschaeftigt-sich-mit-dem-thema-charisma\/"},"wordCount":923,"publisher":{"@id":"https:\/\/schoenstatt.com\/de\/#organization"},"image":{"@id":"https:\/\/schoenstatt.com\/de\/deutschland-delegiertentagung-2024-beschaeftigt-sich-mit-dem-thema-charisma\/#primaryimage"},"thumbnailUrl":"https:\/\/schoenstatt.com\/wp-content\/uploads\/2024\/03\/Delegiertentagung-2024-deutschland-1.jpg","articleSection":["L\u00e4nder"],"inLanguage":"de"},{"@type":"WebPage","@id":"https:\/\/schoenstatt.com\/de\/deutschland-delegiertentagung-2024-beschaeftigt-sich-mit-dem-thema-charisma\/","url":"https:\/\/schoenstatt.com\/de\/deutschland-delegiertentagung-2024-beschaeftigt-sich-mit-dem-thema-charisma\/","name":"Deutschland: Delegiertentagung 2024 besch\u00e4ftigt sich mit dem Thema Charisma","isPartOf":{"@id":"https:\/\/schoenstatt.com\/de\/#website"},"primaryImageOfPage":{"@id":"https:\/\/schoenstatt.com\/de\/deutschland-delegiertentagung-2024-beschaeftigt-sich-mit-dem-thema-charisma\/#primaryimage"},"image":{"@id":"https:\/\/schoenstatt.com\/de\/deutschland-delegiertentagung-2024-beschaeftigt-sich-mit-dem-thema-charisma\/#primaryimage"},"thumbnailUrl":"https:\/\/schoenstatt.com\/wp-content\/uploads\/2024\/03\/Delegiertentagung-2024-deutschland-1.jpg","datePublished":"2024-03-19T08:42:27+00:00","dateModified":"2025-05-15T17:49:55+00:00","description":"Die Delegiertentagung der deutschen Sch\u00f6nstattbewegung, die vom 1.-3. M\u00e4rz 2024 im Pater-Kentenich-Haus tagt, steht unter dem Thema Charisma.","breadcrumb":{"@id":"https:\/\/schoenstatt.com\/de\/deutschland-delegiertentagung-2024-beschaeftigt-sich-mit-dem-thema-charisma\/#breadcrumb"},"inLanguage":"de","potentialAction":[{"@type":"ReadAction","target":["https:\/\/schoenstatt.com\/de\/deutschland-delegiertentagung-2024-beschaeftigt-sich-mit-dem-thema-charisma\/"]}]},{"@type":"ImageObject","inLanguage":"de","@id":"https:\/\/schoenstatt.com\/de\/deutschland-delegiertentagung-2024-beschaeftigt-sich-mit-dem-thema-charisma\/#primaryimage","url":"https:\/\/schoenstatt.com\/wp-content\/uploads\/2024\/03\/Delegiertentagung-2024-deutschland-1.jpg","contentUrl":"https:\/\/schoenstatt.com\/wp-content\/uploads\/2024\/03\/Delegiertentagung-2024-deutschland-1.jpg","width":1360,"height":680},{"@type":"BreadcrumbList","@id":"https:\/\/schoenstatt.com\/de\/deutschland-delegiertentagung-2024-beschaeftigt-sich-mit-dem-thema-charisma\/#breadcrumb","itemListElement":[{"@type":"ListItem","position":1,"name":"Portada","item":"https:\/\/schoenstatt.com\/de\/home\/"},{"@type":"ListItem","position":2,"name":"Deutschland: Delegiertentagung 2024 besch\u00e4ftigt sich mit dem Thema Charisma"}]},{"@type":"WebSite","@id":"https:\/\/schoenstatt.com\/de\/#website","url":"https:\/\/schoenstatt.com\/de\/","name":"Schoenstatt","description":"Apostolic Movement","publisher":{"@id":"https:\/\/schoenstatt.com\/de\/#organization"},"potentialAction":[{"@type":"SearchAction","target":{"@type":"EntryPoint","urlTemplate":"https:\/\/schoenstatt.com\/de\/?s={search_term_string}"},"query-input":{"@type":"PropertyValueSpecification","valueRequired":true,"valueName":"search_term_string"}}],"inLanguage":"de"},{"@type":"Organization","@id":"https:\/\/schoenstatt.com\/de\/#organization","name":"Schoenstatt","url":"https:\/\/schoenstatt.com\/de\/","logo":{"@type":"ImageObject","inLanguage":"de","@id":"https:\/\/schoenstatt.com\/de\/#\/schema\/logo\/image\/","url":"https:\/\/schoenstatt.com\/wp-content\/uploads\/2025\/04\/logo-schoenstatt-white-696x696-1.png","contentUrl":"https:\/\/schoenstatt.com\/wp-content\/uploads\/2025\/04\/logo-schoenstatt-white-696x696-1.png","width":696,"height":694,"caption":"Schoenstatt"},"image":{"@id":"https:\/\/schoenstatt.com\/de\/#\/schema\/logo\/image\/"}},{"@type":"Person","@id":"https:\/\/schoenstatt.com\/de\/#\/schema\/person\/5158877ad4acae98b34daaeef2a1ce6e","name":"Karen Bueno","image":{"@type":"ImageObject","inLanguage":"de","@id":"https:\/\/secure.gravatar.com\/avatar\/f9f4b823873154269d2b2130f195f6d41037dd0d7fc5f3cacb5c846bae70d66b?s=96&d=mm&r=g","url":"https:\/\/secure.gravatar.com\/avatar\/f9f4b823873154269d2b2130f195f6d41037dd0d7fc5f3cacb5c846bae70d66b?s=96&d=mm&r=g","contentUrl":"https:\/\/secure.gravatar.com\/avatar\/f9f4b823873154269d2b2130f195f6d41037dd0d7fc5f3cacb5c846bae70d66b?s=96&d=mm&r=g","caption":"Karen Bueno"},"url":"https:\/\/schoenstatt.com\/de\/author\/karen-bueno\/"}]}},"_links":{"self":[{"href":"https:\/\/schoenstatt.com\/de\/wp-json\/wp\/v2\/posts\/35115","targetHints":{"allow":["GET"]}}],"collection":[{"href":"https:\/\/schoenstatt.com\/de\/wp-json\/wp\/v2\/posts"}],"about":[{"href":"https:\/\/schoenstatt.com\/de\/wp-json\/wp\/v2\/types\/post"}],"author":[{"embeddable":true,"href":"https:\/\/schoenstatt.com\/de\/wp-json\/wp\/v2\/users\/3"}],"replies":[{"embeddable":true,"href":"https:\/\/schoenstatt.com\/de\/wp-json\/wp\/v2\/comments?post=35115"}],"version-history":[{"count":1,"href":"https:\/\/schoenstatt.com\/de\/wp-json\/wp\/v2\/posts\/35115\/revisions"}],"predecessor-version":[{"id":46754,"href":"https:\/\/schoenstatt.com\/de\/wp-json\/wp\/v2\/posts\/35115\/revisions\/46754"}],"wp:featuredmedia":[{"embeddable":true,"href":"https:\/\/schoenstatt.com\/de\/wp-json\/wp\/v2\/media\/35116"}],"wp:attachment":[{"href":"https:\/\/schoenstatt.com\/de\/wp-json\/wp\/v2\/media?parent=35115"}],"wp:term":[{"taxonomy":"category","embeddable":true,"href":"https:\/\/schoenstatt.com\/de\/wp-json\/wp\/v2\/categories?post=35115"},{"taxonomy":"post_tag","embeddable":true,"href":"https:\/\/schoenstatt.com\/de\/wp-json\/wp\/v2\/tags?post=35115"}],"curies":[{"name":"wp","href":"https:\/\/api.w.org\/{rel}","templated":true}]}}