{"id":35046,"date":"2024-03-15T09:27:54","date_gmt":"2024-03-15T08:27:54","guid":{"rendered":"https:\/\/schoenstatt.com\/?p=35046"},"modified":"2025-05-15T20:18:01","modified_gmt":"2025-05-15T18:18:01","slug":"mitglieder-der-saekularinstitute-schoenstatts-treffen-sich","status":"publish","type":"post","link":"https:\/\/schoenstatt.com\/de\/mitglieder-der-saekularinstitute-schoenstatts-treffen-sich\/","title":{"rendered":"Mitglieder der S\u00e4kularinstitute Sch\u00f6nstatts treffen sich"},"content":{"rendered":"<p>Vom 23.-25.2.2024 trafen sich 28 Mitglieder der <a href=\"https:\/\/schoenstatt.com\/de\/familie\/gemeinschaften-in-der-schoenstattbewegung\/\">sechs Sch\u00f6nstatt-Institute<\/a> zu einer Tagung in Sch\u00f6nstatt auf Berg Moriah, Simmern\/WW. Die diesj\u00e4hrige Tagung setzte die Reihe der best\u00e4rkenden, familienhaften und inhaltsreichen Treffen fort und widmete sich zum zweiten Mal dem Evangelischen Rat der Armut. Die verschiedenen Facetten des Armutsgeistes, der durch Lebensstand und Sendung der jeweiligen Gemeinschaft eine spezifische Pr\u00e4gung erh\u00e4lt, bringen wie in einem Mosaik zum Leuchten, was der Gr\u00fcnder Sch\u00f6nstatts mit \u201emarianisch-apostolischer Armut\u201c meint.<\/p>\n<h2>\u201eEs reist sich besser mit leichtem Gep\u00e4ck\u201c<\/h2>\n<p>Am ersten Vormittag des Treffens wurde der Kreis durch die M\u00f6glichkeit zur Online-Teilnahme geweitet, so dass weitere Interessierte der Verb\u00e4nde die Gelegenheit hatten, an den Vortr\u00e4gen und Austauschrunden teilzunehmen.<\/p>\n<p>P. Jakob Busch vom Institut der Sch\u00f6nstatt-Patres stimmte die Teilnehmenden in einem Online-Beitrag in das Thema ein, indem er den Trend des Minimalismus aufgriff und mit dem Armutsverst\u00e4ndnis von Pater Kentenich in Verbindung brachte. Es sei dem Sch\u00f6nstattgr\u00fcnder nicht um den absoluten Verzicht auf irdische G\u00fcter, sondern um die richtige Bindung an die Dinge gegangen, was sowohl Genuss, wie auch Verzicht bedeuten k\u00f6nne. \u201eEs reist sich besser mit leichtem Gep\u00e4ck\u201c, <a href=\"https:\/\/www.youtube.com\/watch?v=ohHJjPSsW8c\" target=\"_blank\" rel=\"noopener\">hei\u00dfe es in einem Lied der Band \u201eSilbermond\u201c<\/a>, so Busch. \u201eWeniger ist mehr \u2013 wenn es einen Wert f\u00fcr uns hat.\u201c<\/p>\n<figure id=\"attachment_35051\" aria-describedby=\"caption-attachment-35051\" style=\"width: 902px\" class=\"wp-caption aligncenter\"><img fetchpriority=\"high\" decoding=\"async\" class=\"wp-image-35051\" src=\"https:\/\/schoenstatt.com\/wp-content\/uploads\/2024\/03\/Sakularinstitute-Schonstatts.jpg\" alt=\"\" width=\"902\" height=\"221\" \/><figcaption id=\"caption-attachment-35051\" class=\"wp-caption-text\">Institut Frauen von Sch\u00f6nstatt und Harald M. Knes, Sch\u00f6nst\u00e4tter Marienbr\u00fcder (Foto: Bruno Mucha)<\/figcaption><\/figure>\n<h2>Die Mitte frei r\u00e4umen. Armut als Chance, dass Gott geben kann<\/h2>\n<p>Marienbruder Harald M. Knes griff in seinem Vortrag das Motto der Tagung auf. Der Titel provoziert: Wie kann Armut eine Chance sein, wenn sie als Bedrohung und Unsicherheit erlebt wird? \u201eWir sp\u00fcren die Armut nicht nur in materiellen und wirtschaftlichen N\u00f6ten, sondern auch in unserem Mangel an Kraft und Zeit, an F\u00e4higkeiten und Berufungen f\u00fcr unsere Kerngemeinschaften.\u201c<\/p>\n<p>Und da zeige sich Armut als Chance, dass Gott geben kann: Gott brauche \u201eleere Gef\u00e4\u00dfe\u201c, wie es der Gr\u00fcnder ausdr\u00fccke, die f\u00fcr ihn ge\u00f6ffnet sind und in die er seine G\u00fcte schenken k\u00f6nne. Das Lebensbeispiel Pater Kentenichs mache deutlich, \u201edass wir uns auf Erden nicht vollkommen selbst absichern k\u00f6nnen, sondern dass unsere letzte Sicherheit in Gott liegt.\u201c Diese Sicherheit sei die Freiheit eines Kindes, das sich von seinem himmlischen Vater gehalten wisse.<\/p>\n<p>Dr. Peter Wolf, Mitglied der Gemeinschaft des Sch\u00f6nstattinstitutes Di\u00f6zesanpriester, gab in einem Impuls weitere Einblicke in die Armutshaltung Pater Kentenichs: Seine Geborgenheit im Willen Gottes, seine Indifferenz den Dingen der Welt gegen\u00fcber und die Hingabe an seine Aufgabe h\u00e4tten Pater Kentenich unter den Bedingungen des KZ Dachau eine erstaunliche Fruchtbarkeit entfalten lassen.<\/p>\n<figure id=\"attachment_35055\" aria-describedby=\"caption-attachment-35055\" style=\"width: 927px\" class=\"wp-caption aligncenter\"><img decoding=\"async\" class=\"wp-image-35055\" src=\"https:\/\/schoenstatt.com\/wp-content\/uploads\/2024\/03\/Sakularinstitute-Schonstatts-2.jpg\" alt=\"\" width=\"927\" height=\"227\" \/><figcaption id=\"caption-attachment-35055\" class=\"wp-caption-text\">Sch\u00f6nstattinstitut Di\u00f6zesanpriester (Foto: Bruno Mucha)<\/figcaption><\/figure>\n<h3>Einblicke in die gelebten Armutsformen<\/h3>\n<p>F\u00fcr alle Teilnehmenden sehr bereichernd waren auch die Einblicke in die gelebten Armutsformen der verschiedenen Gemeinschaften. Die Christusnachfolge im Geiste der Armut sieht f\u00fcr ein Ehepaar mit Kindern anders aus als f\u00fcr einen Di\u00f6zesanpriester und wieder anders als f\u00fcr eine Marienschwester.<\/p>\n<p>Die Mitglieder der Sch\u00f6nstatt-Verb\u00e4nde leben eine marianisch-apostolische Armut: \u201eWir sind von Gott beschenkt, um weiterzuschenken. Als Evangelischer Rat ist uns die Armut ein Weg, unsere Bindung an Gott zu leben und fruchtbar zu machen\u201c, so hie\u00df es aus dem Teilnehmerkreis.<\/p>\n<p>Durch Beispiele von Verbandsmitgliedern aus Rum\u00e4nien, Peru und Chile wurde der Blick geweitet f\u00fcr die existenzielle Armut von Menschen und f\u00fcr den Auftrag, als S\u00e4kularinstitute auch und gerade im Elend der \u00c4rmsten Gottes Liebe erfahrbar zu machen und in den Armen Gott zu begegnen und zu dienen.<\/p>\n<figure id=\"attachment_35059\" aria-describedby=\"caption-attachment-35059\" style=\"width: 907px\" class=\"wp-caption aligncenter\"><img decoding=\"async\" class=\"wp-image-35059\" src=\"https:\/\/schoenstatt.com\/wp-content\/uploads\/2024\/03\/Sakularinstitute-Schonstatts-3.jpg\" alt=\"\" width=\"907\" height=\"222\" \/><figcaption id=\"caption-attachment-35059\" class=\"wp-caption-text\">Sch\u00f6nst\u00e4tter Marienschwestern und Institut der Sc\u00f6nstattfamilien (Foto: Bruno Mucha)<\/figcaption><\/figure>\n<h3>Gemeinschaft ist ein Reichtum<\/h3>\n<p>Die Treffen der Verb\u00e4nde dienen nicht nur der gemeinsamen Schulung, sondern auch dem sich Erleben als Familie sowie der gegenseitigen St\u00e4rkung in der gemeinsamen Sendung. Aus diesem Erlebnis wachse immer neue Freude an der eigenen Berufung und Wertsch\u00e4tzung f\u00fcr die anderen Gemeinschaften, so eine Teilnehmerin. Auch bei den Mahlzeiten und beim Zusammensein am Abend gab es angeregte Gespr\u00e4che und es wurde viel gelacht. Und die Teilnehmenden sind sich einig: \u201eUnsere Gemeinschaft miteinander und mit unserem Vater und Gr\u00fcnder ist ein echter Reichtum!\u201c<\/p>\n<p>Quelle: <a href=\"https:\/\/www.schoenstatt.de\/de\/\" target=\"_blank\" rel=\"noopener\">schoenstatt.de<\/a><\/p>\n","protected":false},"excerpt":{"rendered":"<p>Bei diesem Treffen, das seit 2018 j\u00e4hrlich stattfindet, vertiefen sich die Teilnehmenden in ihr gemeinsames Charisma und Profil als Kerngemeinschaften der Sch\u00f6nstatt-Bewegung.<\/p>\n","protected":false},"author":3,"featured_media":35067,"comment_status":"closed","ping_status":"closed","sticky":false,"template":"","format":"standard","meta":{"footnotes":""},"categories":[907],"tags":[],"class_list":["post-35046","post","type-post","status-publish","format-standard","has-post-thumbnail","hentry","category-schoenstatt-gemeinschaften-de"],"yoast_head":"<!-- This site is optimized with the Yoast SEO Premium plugin v27.4 (Yoast SEO v27.4) - https:\/\/yoast.com\/product\/yoast-seo-premium-wordpress\/ -->\n<title>Mitglieder der S\u00e4kularinstitute Sch\u00f6nstatts treffen sich<\/title>\n<meta name=\"description\" content=\"S\u00e4kularinstitute: Bei diesem Treffen vertiefen sich die Teilnehmenden in ihr gemeinsames Charisma und Profil als Kerngemeinschaften.\" \/>\n<meta name=\"robots\" content=\"index, follow, max-snippet:-1, max-image-preview:large, max-video-preview:-1\" \/>\n<link rel=\"canonical\" href=\"https:\/\/schoenstatt.com\/de\/mitglieder-der-saekularinstitute-schoenstatts-treffen-sich\/\" \/>\n<meta property=\"og:locale\" content=\"de_DE\" \/>\n<meta property=\"og:type\" content=\"article\" \/>\n<meta property=\"og:title\" content=\"Mitglieder der S\u00e4kularinstitute Sch\u00f6nstatts treffen sich\" \/>\n<meta property=\"og:description\" content=\"S\u00e4kularinstitute: Bei diesem Treffen vertiefen sich die Teilnehmenden in ihr gemeinsames Charisma und Profil als Kerngemeinschaften.\" \/>\n<meta property=\"og:url\" content=\"https:\/\/schoenstatt.com\/de\/mitglieder-der-saekularinstitute-schoenstatts-treffen-sich\/\" \/>\n<meta property=\"og:site_name\" content=\"Schoenstatt\" \/>\n<meta property=\"article:published_time\" content=\"2024-03-15T08:27:54+00:00\" \/>\n<meta property=\"article:modified_time\" content=\"2025-05-15T18:18:01+00:00\" \/>\n<meta property=\"og:image\" content=\"https:\/\/schoenstatt.com\/wp-content\/uploads\/2024\/03\/Sakularinstitute-Schonstatts-1b-1.jpg\" \/>\n\t<meta property=\"og:image:width\" content=\"1728\" \/>\n\t<meta property=\"og:image:height\" content=\"1075\" \/>\n\t<meta property=\"og:image:type\" content=\"image\/jpeg\" \/>\n<meta name=\"author\" content=\"Karen Bueno\" \/>\n<meta name=\"twitter:card\" content=\"summary_large_image\" \/>\n<meta name=\"twitter:label1\" content=\"Verfasst von\" \/>\n\t<meta name=\"twitter:data1\" content=\"Karen Bueno\" \/>\n\t<meta name=\"twitter:label2\" content=\"Gesch\u00e4tzte Lesezeit\" \/>\n\t<meta name=\"twitter:data2\" content=\"4\u00a0Minuten\" \/>\n<script type=\"application\/ld+json\" class=\"yoast-schema-graph\">{\"@context\":\"https:\\\/\\\/schema.org\",\"@graph\":[{\"@type\":\"Article\",\"@id\":\"https:\\\/\\\/schoenstatt.com\\\/de\\\/mitglieder-der-saekularinstitute-schoenstatts-treffen-sich\\\/#article\",\"isPartOf\":{\"@id\":\"https:\\\/\\\/schoenstatt.com\\\/de\\\/mitglieder-der-saekularinstitute-schoenstatts-treffen-sich\\\/\"},\"author\":{\"name\":\"Karen Bueno\",\"@id\":\"https:\\\/\\\/schoenstatt.com\\\/de\\\/#\\\/schema\\\/person\\\/5158877ad4acae98b34daaeef2a1ce6e\"},\"headline\":\"Mitglieder der S\u00e4kularinstitute Sch\u00f6nstatts treffen sich\",\"datePublished\":\"2024-03-15T08:27:54+00:00\",\"dateModified\":\"2025-05-15T18:18:01+00:00\",\"mainEntityOfPage\":{\"@id\":\"https:\\\/\\\/schoenstatt.com\\\/de\\\/mitglieder-der-saekularinstitute-schoenstatts-treffen-sich\\\/\"},\"wordCount\":734,\"publisher\":{\"@id\":\"https:\\\/\\\/schoenstatt.com\\\/de\\\/#organization\"},\"image\":{\"@id\":\"https:\\\/\\\/schoenstatt.com\\\/de\\\/mitglieder-der-saekularinstitute-schoenstatts-treffen-sich\\\/#primaryimage\"},\"thumbnailUrl\":\"https:\\\/\\\/schoenstatt.com\\\/wp-content\\\/uploads\\\/2024\\\/03\\\/Sakularinstitute-Schonstatts-1b-1.jpg\",\"articleSection\":[\"Schoenstatt Gemeinschaften\"],\"inLanguage\":\"de\"},{\"@type\":\"WebPage\",\"@id\":\"https:\\\/\\\/schoenstatt.com\\\/de\\\/mitglieder-der-saekularinstitute-schoenstatts-treffen-sich\\\/\",\"url\":\"https:\\\/\\\/schoenstatt.com\\\/de\\\/mitglieder-der-saekularinstitute-schoenstatts-treffen-sich\\\/\",\"name\":\"Mitglieder der S\u00e4kularinstitute Sch\u00f6nstatts treffen sich\",\"isPartOf\":{\"@id\":\"https:\\\/\\\/schoenstatt.com\\\/de\\\/#website\"},\"primaryImageOfPage\":{\"@id\":\"https:\\\/\\\/schoenstatt.com\\\/de\\\/mitglieder-der-saekularinstitute-schoenstatts-treffen-sich\\\/#primaryimage\"},\"image\":{\"@id\":\"https:\\\/\\\/schoenstatt.com\\\/de\\\/mitglieder-der-saekularinstitute-schoenstatts-treffen-sich\\\/#primaryimage\"},\"thumbnailUrl\":\"https:\\\/\\\/schoenstatt.com\\\/wp-content\\\/uploads\\\/2024\\\/03\\\/Sakularinstitute-Schonstatts-1b-1.jpg\",\"datePublished\":\"2024-03-15T08:27:54+00:00\",\"dateModified\":\"2025-05-15T18:18:01+00:00\",\"description\":\"S\u00e4kularinstitute: Bei diesem Treffen vertiefen sich die Teilnehmenden in ihr gemeinsames Charisma und Profil als Kerngemeinschaften.\",\"breadcrumb\":{\"@id\":\"https:\\\/\\\/schoenstatt.com\\\/de\\\/mitglieder-der-saekularinstitute-schoenstatts-treffen-sich\\\/#breadcrumb\"},\"inLanguage\":\"de\",\"potentialAction\":[{\"@type\":\"ReadAction\",\"target\":[\"https:\\\/\\\/schoenstatt.com\\\/de\\\/mitglieder-der-saekularinstitute-schoenstatts-treffen-sich\\\/\"]}]},{\"@type\":\"ImageObject\",\"inLanguage\":\"de\",\"@id\":\"https:\\\/\\\/schoenstatt.com\\\/de\\\/mitglieder-der-saekularinstitute-schoenstatts-treffen-sich\\\/#primaryimage\",\"url\":\"https:\\\/\\\/schoenstatt.com\\\/wp-content\\\/uploads\\\/2024\\\/03\\\/Sakularinstitute-Schonstatts-1b-1.jpg\",\"contentUrl\":\"https:\\\/\\\/schoenstatt.com\\\/wp-content\\\/uploads\\\/2024\\\/03\\\/Sakularinstitute-Schonstatts-1b-1.jpg\",\"width\":1728,\"height\":1075},{\"@type\":\"BreadcrumbList\",\"@id\":\"https:\\\/\\\/schoenstatt.com\\\/de\\\/mitglieder-der-saekularinstitute-schoenstatts-treffen-sich\\\/#breadcrumb\",\"itemListElement\":[{\"@type\":\"ListItem\",\"position\":1,\"name\":\"Portada\",\"item\":\"https:\\\/\\\/schoenstatt.com\\\/de\\\/home\\\/\"},{\"@type\":\"ListItem\",\"position\":2,\"name\":\"Mitglieder der S\u00e4kularinstitute Sch\u00f6nstatts treffen sich\"}]},{\"@type\":\"WebSite\",\"@id\":\"https:\\\/\\\/schoenstatt.com\\\/de\\\/#website\",\"url\":\"https:\\\/\\\/schoenstatt.com\\\/de\\\/\",\"name\":\"Schoenstatt\",\"description\":\"Apostolic Movement\",\"publisher\":{\"@id\":\"https:\\\/\\\/schoenstatt.com\\\/de\\\/#organization\"},\"potentialAction\":[{\"@type\":\"SearchAction\",\"target\":{\"@type\":\"EntryPoint\",\"urlTemplate\":\"https:\\\/\\\/schoenstatt.com\\\/de\\\/?s={search_term_string}\"},\"query-input\":{\"@type\":\"PropertyValueSpecification\",\"valueRequired\":true,\"valueName\":\"search_term_string\"}}],\"inLanguage\":\"de\"},{\"@type\":\"Organization\",\"@id\":\"https:\\\/\\\/schoenstatt.com\\\/de\\\/#organization\",\"name\":\"Schoenstatt\",\"url\":\"https:\\\/\\\/schoenstatt.com\\\/de\\\/\",\"logo\":{\"@type\":\"ImageObject\",\"inLanguage\":\"de\",\"@id\":\"https:\\\/\\\/schoenstatt.com\\\/de\\\/#\\\/schema\\\/logo\\\/image\\\/\",\"url\":\"https:\\\/\\\/schoenstatt.com\\\/wp-content\\\/uploads\\\/2025\\\/04\\\/logo-schoenstatt-white-696x696-1.png\",\"contentUrl\":\"https:\\\/\\\/schoenstatt.com\\\/wp-content\\\/uploads\\\/2025\\\/04\\\/logo-schoenstatt-white-696x696-1.png\",\"width\":696,\"height\":694,\"caption\":\"Schoenstatt\"},\"image\":{\"@id\":\"https:\\\/\\\/schoenstatt.com\\\/de\\\/#\\\/schema\\\/logo\\\/image\\\/\"}},{\"@type\":\"Person\",\"@id\":\"https:\\\/\\\/schoenstatt.com\\\/de\\\/#\\\/schema\\\/person\\\/5158877ad4acae98b34daaeef2a1ce6e\",\"name\":\"Karen Bueno\",\"image\":{\"@type\":\"ImageObject\",\"inLanguage\":\"de\",\"@id\":\"https:\\\/\\\/secure.gravatar.com\\\/avatar\\\/f9f4b823873154269d2b2130f195f6d41037dd0d7fc5f3cacb5c846bae70d66b?s=96&d=mm&r=g\",\"url\":\"https:\\\/\\\/secure.gravatar.com\\\/avatar\\\/f9f4b823873154269d2b2130f195f6d41037dd0d7fc5f3cacb5c846bae70d66b?s=96&d=mm&r=g\",\"contentUrl\":\"https:\\\/\\\/secure.gravatar.com\\\/avatar\\\/f9f4b823873154269d2b2130f195f6d41037dd0d7fc5f3cacb5c846bae70d66b?s=96&d=mm&r=g\",\"caption\":\"Karen Bueno\"},\"url\":\"https:\\\/\\\/schoenstatt.com\\\/de\\\/author\\\/karen-bueno\\\/\"}]}<\/script>\n<!-- \/ Yoast SEO Premium plugin. -->","yoast_head_json":{"title":"Mitglieder der S\u00e4kularinstitute Sch\u00f6nstatts treffen sich","description":"S\u00e4kularinstitute: Bei diesem Treffen vertiefen sich die Teilnehmenden in ihr gemeinsames Charisma und Profil als Kerngemeinschaften.","robots":{"index":"index","follow":"follow","max-snippet":"max-snippet:-1","max-image-preview":"max-image-preview:large","max-video-preview":"max-video-preview:-1"},"canonical":"https:\/\/schoenstatt.com\/de\/mitglieder-der-saekularinstitute-schoenstatts-treffen-sich\/","og_locale":"de_DE","og_type":"article","og_title":"Mitglieder der S\u00e4kularinstitute Sch\u00f6nstatts treffen sich","og_description":"S\u00e4kularinstitute: Bei diesem Treffen vertiefen sich die Teilnehmenden in ihr gemeinsames Charisma und Profil als Kerngemeinschaften.","og_url":"https:\/\/schoenstatt.com\/de\/mitglieder-der-saekularinstitute-schoenstatts-treffen-sich\/","og_site_name":"Schoenstatt","article_published_time":"2024-03-15T08:27:54+00:00","article_modified_time":"2025-05-15T18:18:01+00:00","og_image":[{"width":1728,"height":1075,"url":"https:\/\/schoenstatt.com\/wp-content\/uploads\/2024\/03\/Sakularinstitute-Schonstatts-1b-1.jpg","type":"image\/jpeg"}],"author":"Karen Bueno","twitter_card":"summary_large_image","twitter_misc":{"Verfasst von":"Karen Bueno","Gesch\u00e4tzte Lesezeit":"4\u00a0Minuten"},"schema":{"@context":"https:\/\/schema.org","@graph":[{"@type":"Article","@id":"https:\/\/schoenstatt.com\/de\/mitglieder-der-saekularinstitute-schoenstatts-treffen-sich\/#article","isPartOf":{"@id":"https:\/\/schoenstatt.com\/de\/mitglieder-der-saekularinstitute-schoenstatts-treffen-sich\/"},"author":{"name":"Karen Bueno","@id":"https:\/\/schoenstatt.com\/de\/#\/schema\/person\/5158877ad4acae98b34daaeef2a1ce6e"},"headline":"Mitglieder der S\u00e4kularinstitute Sch\u00f6nstatts treffen sich","datePublished":"2024-03-15T08:27:54+00:00","dateModified":"2025-05-15T18:18:01+00:00","mainEntityOfPage":{"@id":"https:\/\/schoenstatt.com\/de\/mitglieder-der-saekularinstitute-schoenstatts-treffen-sich\/"},"wordCount":734,"publisher":{"@id":"https:\/\/schoenstatt.com\/de\/#organization"},"image":{"@id":"https:\/\/schoenstatt.com\/de\/mitglieder-der-saekularinstitute-schoenstatts-treffen-sich\/#primaryimage"},"thumbnailUrl":"https:\/\/schoenstatt.com\/wp-content\/uploads\/2024\/03\/Sakularinstitute-Schonstatts-1b-1.jpg","articleSection":["Schoenstatt Gemeinschaften"],"inLanguage":"de"},{"@type":"WebPage","@id":"https:\/\/schoenstatt.com\/de\/mitglieder-der-saekularinstitute-schoenstatts-treffen-sich\/","url":"https:\/\/schoenstatt.com\/de\/mitglieder-der-saekularinstitute-schoenstatts-treffen-sich\/","name":"Mitglieder der S\u00e4kularinstitute Sch\u00f6nstatts treffen sich","isPartOf":{"@id":"https:\/\/schoenstatt.com\/de\/#website"},"primaryImageOfPage":{"@id":"https:\/\/schoenstatt.com\/de\/mitglieder-der-saekularinstitute-schoenstatts-treffen-sich\/#primaryimage"},"image":{"@id":"https:\/\/schoenstatt.com\/de\/mitglieder-der-saekularinstitute-schoenstatts-treffen-sich\/#primaryimage"},"thumbnailUrl":"https:\/\/schoenstatt.com\/wp-content\/uploads\/2024\/03\/Sakularinstitute-Schonstatts-1b-1.jpg","datePublished":"2024-03-15T08:27:54+00:00","dateModified":"2025-05-15T18:18:01+00:00","description":"S\u00e4kularinstitute: Bei diesem Treffen vertiefen sich die Teilnehmenden in ihr gemeinsames Charisma und Profil als Kerngemeinschaften.","breadcrumb":{"@id":"https:\/\/schoenstatt.com\/de\/mitglieder-der-saekularinstitute-schoenstatts-treffen-sich\/#breadcrumb"},"inLanguage":"de","potentialAction":[{"@type":"ReadAction","target":["https:\/\/schoenstatt.com\/de\/mitglieder-der-saekularinstitute-schoenstatts-treffen-sich\/"]}]},{"@type":"ImageObject","inLanguage":"de","@id":"https:\/\/schoenstatt.com\/de\/mitglieder-der-saekularinstitute-schoenstatts-treffen-sich\/#primaryimage","url":"https:\/\/schoenstatt.com\/wp-content\/uploads\/2024\/03\/Sakularinstitute-Schonstatts-1b-1.jpg","contentUrl":"https:\/\/schoenstatt.com\/wp-content\/uploads\/2024\/03\/Sakularinstitute-Schonstatts-1b-1.jpg","width":1728,"height":1075},{"@type":"BreadcrumbList","@id":"https:\/\/schoenstatt.com\/de\/mitglieder-der-saekularinstitute-schoenstatts-treffen-sich\/#breadcrumb","itemListElement":[{"@type":"ListItem","position":1,"name":"Portada","item":"https:\/\/schoenstatt.com\/de\/home\/"},{"@type":"ListItem","position":2,"name":"Mitglieder der S\u00e4kularinstitute Sch\u00f6nstatts treffen sich"}]},{"@type":"WebSite","@id":"https:\/\/schoenstatt.com\/de\/#website","url":"https:\/\/schoenstatt.com\/de\/","name":"Schoenstatt","description":"Apostolic Movement","publisher":{"@id":"https:\/\/schoenstatt.com\/de\/#organization"},"potentialAction":[{"@type":"SearchAction","target":{"@type":"EntryPoint","urlTemplate":"https:\/\/schoenstatt.com\/de\/?s={search_term_string}"},"query-input":{"@type":"PropertyValueSpecification","valueRequired":true,"valueName":"search_term_string"}}],"inLanguage":"de"},{"@type":"Organization","@id":"https:\/\/schoenstatt.com\/de\/#organization","name":"Schoenstatt","url":"https:\/\/schoenstatt.com\/de\/","logo":{"@type":"ImageObject","inLanguage":"de","@id":"https:\/\/schoenstatt.com\/de\/#\/schema\/logo\/image\/","url":"https:\/\/schoenstatt.com\/wp-content\/uploads\/2025\/04\/logo-schoenstatt-white-696x696-1.png","contentUrl":"https:\/\/schoenstatt.com\/wp-content\/uploads\/2025\/04\/logo-schoenstatt-white-696x696-1.png","width":696,"height":694,"caption":"Schoenstatt"},"image":{"@id":"https:\/\/schoenstatt.com\/de\/#\/schema\/logo\/image\/"}},{"@type":"Person","@id":"https:\/\/schoenstatt.com\/de\/#\/schema\/person\/5158877ad4acae98b34daaeef2a1ce6e","name":"Karen Bueno","image":{"@type":"ImageObject","inLanguage":"de","@id":"https:\/\/secure.gravatar.com\/avatar\/f9f4b823873154269d2b2130f195f6d41037dd0d7fc5f3cacb5c846bae70d66b?s=96&d=mm&r=g","url":"https:\/\/secure.gravatar.com\/avatar\/f9f4b823873154269d2b2130f195f6d41037dd0d7fc5f3cacb5c846bae70d66b?s=96&d=mm&r=g","contentUrl":"https:\/\/secure.gravatar.com\/avatar\/f9f4b823873154269d2b2130f195f6d41037dd0d7fc5f3cacb5c846bae70d66b?s=96&d=mm&r=g","caption":"Karen Bueno"},"url":"https:\/\/schoenstatt.com\/de\/author\/karen-bueno\/"}]}},"_links":{"self":[{"href":"https:\/\/schoenstatt.com\/de\/wp-json\/wp\/v2\/posts\/35046","targetHints":{"allow":["GET"]}}],"collection":[{"href":"https:\/\/schoenstatt.com\/de\/wp-json\/wp\/v2\/posts"}],"about":[{"href":"https:\/\/schoenstatt.com\/de\/wp-json\/wp\/v2\/types\/post"}],"author":[{"embeddable":true,"href":"https:\/\/schoenstatt.com\/de\/wp-json\/wp\/v2\/users\/3"}],"replies":[{"embeddable":true,"href":"https:\/\/schoenstatt.com\/de\/wp-json\/wp\/v2\/comments?post=35046"}],"version-history":[{"count":1,"href":"https:\/\/schoenstatt.com\/de\/wp-json\/wp\/v2\/posts\/35046\/revisions"}],"predecessor-version":[{"id":46742,"href":"https:\/\/schoenstatt.com\/de\/wp-json\/wp\/v2\/posts\/35046\/revisions\/46742"}],"wp:featuredmedia":[{"embeddable":true,"href":"https:\/\/schoenstatt.com\/de\/wp-json\/wp\/v2\/media\/35067"}],"wp:attachment":[{"href":"https:\/\/schoenstatt.com\/de\/wp-json\/wp\/v2\/media?parent=35046"}],"wp:term":[{"taxonomy":"category","embeddable":true,"href":"https:\/\/schoenstatt.com\/de\/wp-json\/wp\/v2\/categories?post=35046"},{"taxonomy":"post_tag","embeddable":true,"href":"https:\/\/schoenstatt.com\/de\/wp-json\/wp\/v2\/tags?post=35046"}],"curies":[{"name":"wp","href":"https:\/\/api.w.org\/{rel}","templated":true}]}}