{"id":34842,"date":"2024-02-25T10:07:30","date_gmt":"2024-02-25T09:07:30","guid":{"rendered":"https:\/\/schoenstatt.com\/spiritualitat\/a-mae-peregrina-rumo-a-mocambique\/"},"modified":"2025-05-15T19:22:02","modified_gmt":"2025-05-15T17:22:02","slug":"die-pilgernde-gottesmutter-macht-sich-auf-den-weg-nach-mosambik","status":"publish","type":"post","link":"https:\/\/schoenstatt.com\/de\/die-pilgernde-gottesmutter-macht-sich-auf-den-weg-nach-mosambik\/","title":{"rendered":"Die Pilgernde Gottesmutter macht sich auf den Weg nach Mosambik"},"content":{"rendered":"<p>In den vergangenen sechs Monaten war Pater Afonso Mucane, ein mosambikanischer Priester, in Brasilien auf Mission und Apostolat. Er begleitete Gemeinden in der Stadt Indaiatuba im Bundesstaat S\u00e3o Paulo. W\u00e4hrend dieser Zeit hatte P. Afonso Kontakt mit Missionaren und Familien, die an der <a href=\"https:\/\/schoenstatt.com\/de\/mission\/schoenstatt-leben\/\">Kampagne der Pilgernden Gottesmutter<\/a> teilnahmen, was er als eine au\u00dfergew\u00f6hnliche Erfahrung erlebte.<\/p>\n<p>Am Ende seiner Missionszeit beschloss der Di\u00f6zesanpriester, dass es wichtig w\u00e4re, die Pilgernde Gottesmutter in seine Heimat in Afrika zu bringen. So wurde er mit einem MTA-Bild in seine Heimatgemeinde, die Pfarrei St. Ignatius von Loyola, in der <a href=\"https:\/\/diocesetete.org\/\" target=\"_blank\" rel=\"noopener\">Di\u00f6zese Tete<\/a>, Pastoralregion Songo, Mosambik, gesandt.<\/p>\n<p style=\"text-align: center;\"><iframe style=\"border: 0;\" src=\"https:\/\/www.google.com\/maps\/embed?pb=!1m18!1m12!1m3!1d7890764.104833023!2d30.955042766001437!3d-15.052974032606432!2m3!1f0!2f0!3f0!3m2!1i1024!2i768!4f13.1!3m3!1m2!1s0x19264788ffa5b0b9%3A0x83ec9cbc3fcdfc70!2sTete%20Province%2C%20Mozambique!5e0!3m2!1sen!2sbr!4v1708852317893!5m2!1sen!2sbr\" width=\"600\" height=\"450\" allowfullscreen=\"allowfullscreen\"><\/iframe><\/p>\n<h2>Verabschiedung und Aussendung in die Mission<\/h2>\n<p>Die Verabschiedung von Pater Afonso und die Aussendung der Pilgernden Gottesmutter fand w\u00e4hrend der Aschermittwochsmesse am 14. Februar in der Pfarrei Unsere Liebe Frau von der Immerw\u00e4hrenden Hilfe in Indaiatuba statt.<\/p>\n<p><img fetchpriority=\"high\" decoding=\"async\" class=\"aligncenter wp-image-34786 \" src=\"https:\/\/schoenstatt.com\/wp-content\/uploads\/2024\/02\/igreja-brasil.png\" alt=\"\" width=\"988\" height=\"556\" \/><\/p>\n<p>An der Feier nahmen die Koordinatoren, Missionare und Familien der Kampagne teil. Aufgeregt erkl\u00e4rte er, dass er den Entschluss fasste, das Foto zu machen, nachdem er an den Aktivit\u00e4ten der Sch\u00f6nstattbewegung in der Pfarrei teilgenommen hatte. \u201eEs ist etwas passiert\u201c, sagte er. \u201eIn diesen Tagen und beim letzten Treffen (bei der heiligen Messe mit der Erneuerung des Liebesb\u00fcndnisses) habe ich den Wunsch versp\u00fcrt, dieses Bild zu machen, es mit den Menschen, mit den Familien zu teilen.\u201c<\/p>\n<p>Und er fuhr fort: \u201eWir Mosambikaner lieben es, zu beten. Ich glaube, dass die Kampagne der Pilgernden Gottesmutter eine gro\u00dfe Erneuerung f\u00fcr die Familien sein wird. Ich wurde nach Mosambik gesandt, um diese gute Nachricht zu verk\u00fcnden. Wo immer ich bin, werde ich diese Erfahrung weitergeben.\u201c<\/p>\n<h2>Sch\u00f6nstatt in Mosambik<\/h2>\n<p>Die Bilder der Pilgernden Gottesmutter sind bereits nach Mosambik geschickt worden. In der Region von Pater Afonso wird dies der Beginn der Kampagne sein.<\/p>\n<p>Vor ein paar Jahren, im Jahr 2019, haben brasilianische M\u00e4nner in der Stadt Tete, in der Pfarrei St. Joseph, ebenfalls eine M\u00e4nner-Rosenkranzgruppe \u201eMutter und K\u00f6nigin\u201c gegr\u00fcndet. Nach und nach erobert die MTA die Herzen und die Sch\u00f6nstatt-Spiritualit\u00e4t gewinnt an Kraft in dieser Region von Mosambik.<\/p>\n<p><img decoding=\"async\" class=\"aligncenter wp-image-34790 \" src=\"https:\/\/schoenstatt.com\/wp-content\/uploads\/2024\/02\/mae-peregrina-virgen-mozambique.jpg\" alt=\"\" width=\"896\" height=\"660\" \/><\/p>\n<h3>Weltweiter Geist<\/h3>\n<p>Die Kampagne der Pilgernden Gottesmutter, die in Brasilien begann, hat sich \u00fcber die ganze Welt verbreitet. Die MTA kennt keine Grenzen, um diejenigen zu erreichen, die sie am meisten brauchen. Wohin auch immer sie gehen, die Gottesmutter und ihr Sohn bringen die Gnaden des Heiligtums, verwandeln die H\u00e4user und nehmen die Menschen auf. Es ist eine Evangelisierungsinitiative, die alle Kontinente der Erde erreicht hat und bald ihr 75-j\u00e4hriges Bestehen feiern wird.<\/p>\n<p><strong><a href=\"https:\/\/schoenstatt.com\/de\/lander\/internationale-einladung-auf-dem-weg-zum-75-jahrestag-der-kampagne-der-pilgernden-gottesmutter\/\">Ich m\u00f6chte mehr \u00fcber die Feierlichkeiten zum 75. Jahrestag der Kampagne der Pilgernden Gottesmutter erfahren.<\/a><\/strong><\/p>\n<p>Quelle: <a href=\"https:\/\/www.maeperegrina.org.br\/\" target=\"_blank\" rel=\"noopener\">maeperegrina.org.br<\/a><\/p>\n","protected":false},"excerpt":{"rendered":"<p>Das Kennenlernen der Kampagne der Pilgernden Gottesmutter und die Gnaden, die sie denen bringt, die sie besucht, veranlasste einen mosambikanischen Priester, das MTA-Bild in sein Land zu bringen, um die Familien in seiner Gemeinde zu besuchen und Herzen zu verwandeln. \u201eWo immer ich bin, werde ich diese Erfahrung weitergeben\u201c, sagt er.<\/p>\n","protected":false},"author":3,"featured_media":34794,"comment_status":"closed","ping_status":"closed","sticky":false,"template":"","format":"standard","meta":{"footnotes":""},"categories":[910],"tags":[],"class_list":["post-34842","post","type-post","status-publish","format-standard","has-post-thumbnail","hentry","category-gesellschaft-de"],"yoast_head":"<!-- This site is optimized with the Yoast SEO Premium plugin v27.4 (Yoast SEO v27.4) - https:\/\/yoast.com\/product\/yoast-seo-premium-wordpress\/ -->\n<title>Die Pilgernde Gottesmutter macht sich auf den Weg nach Mosambik<\/title>\n<meta name=\"description\" content=\"Ein Priester aus Mosambik wird mit der Pilgernden Gottesmutter in sein Land gesandt, um Herzen zu verwandeln.\" \/>\n<meta name=\"robots\" content=\"index, follow, max-snippet:-1, max-image-preview:large, max-video-preview:-1\" \/>\n<link rel=\"canonical\" href=\"https:\/\/schoenstatt.com\/de\/die-pilgernde-gottesmutter-macht-sich-auf-den-weg-nach-mosambik\/\" \/>\n<meta property=\"og:locale\" content=\"de_DE\" \/>\n<meta property=\"og:type\" content=\"article\" \/>\n<meta property=\"og:title\" content=\"Die Pilgernde Gottesmutter macht sich auf den Weg nach Mosambik\" \/>\n<meta property=\"og:description\" content=\"Ein Priester aus Mosambik wird mit der Pilgernden Gottesmutter in sein Land gesandt, um Herzen zu verwandeln.\" \/>\n<meta property=\"og:url\" content=\"https:\/\/schoenstatt.com\/de\/die-pilgernde-gottesmutter-macht-sich-auf-den-weg-nach-mosambik\/\" \/>\n<meta property=\"og:site_name\" content=\"Schoenstatt\" \/>\n<meta property=\"article:published_time\" content=\"2024-02-25T09:07:30+00:00\" \/>\n<meta property=\"article:modified_time\" content=\"2025-05-15T17:22:02+00:00\" \/>\n<meta property=\"og:image\" content=\"https:\/\/schoenstatt.com\/wp-content\/uploads\/2024\/02\/mae-peregrina-virgen-mozambique-1.png\" \/>\n\t<meta property=\"og:image:width\" content=\"1800\" \/>\n\t<meta property=\"og:image:height\" content=\"1068\" \/>\n\t<meta property=\"og:image:type\" content=\"image\/png\" \/>\n<meta name=\"author\" content=\"Karen Bueno\" \/>\n<meta name=\"twitter:card\" content=\"summary_large_image\" \/>\n<meta name=\"twitter:label1\" content=\"Verfasst von\" \/>\n\t<meta name=\"twitter:data1\" content=\"Karen Bueno\" \/>\n\t<meta name=\"twitter:label2\" content=\"Gesch\u00e4tzte Lesezeit\" \/>\n\t<meta name=\"twitter:data2\" content=\"3\u00a0Minuten\" \/>\n<script type=\"application\/ld+json\" class=\"yoast-schema-graph\">{\"@context\":\"https:\\\/\\\/schema.org\",\"@graph\":[{\"@type\":\"Article\",\"@id\":\"https:\\\/\\\/schoenstatt.com\\\/de\\\/die-pilgernde-gottesmutter-macht-sich-auf-den-weg-nach-mosambik\\\/#article\",\"isPartOf\":{\"@id\":\"https:\\\/\\\/schoenstatt.com\\\/de\\\/die-pilgernde-gottesmutter-macht-sich-auf-den-weg-nach-mosambik\\\/\"},\"author\":{\"name\":\"Karen Bueno\",\"@id\":\"https:\\\/\\\/schoenstatt.com\\\/de\\\/#\\\/schema\\\/person\\\/5158877ad4acae98b34daaeef2a1ce6e\"},\"headline\":\"Die Pilgernde Gottesmutter macht sich auf den Weg nach Mosambik\",\"datePublished\":\"2024-02-25T09:07:30+00:00\",\"dateModified\":\"2025-05-15T17:22:02+00:00\",\"mainEntityOfPage\":{\"@id\":\"https:\\\/\\\/schoenstatt.com\\\/de\\\/die-pilgernde-gottesmutter-macht-sich-auf-den-weg-nach-mosambik\\\/\"},\"wordCount\":456,\"publisher\":{\"@id\":\"https:\\\/\\\/schoenstatt.com\\\/de\\\/#organization\"},\"image\":{\"@id\":\"https:\\\/\\\/schoenstatt.com\\\/de\\\/die-pilgernde-gottesmutter-macht-sich-auf-den-weg-nach-mosambik\\\/#primaryimage\"},\"thumbnailUrl\":\"https:\\\/\\\/schoenstatt.com\\\/wp-content\\\/uploads\\\/2024\\\/02\\\/mae-peregrina-virgen-mozambique-1.png\",\"articleSection\":[\"Gesellschaft\"],\"inLanguage\":\"de\"},{\"@type\":\"WebPage\",\"@id\":\"https:\\\/\\\/schoenstatt.com\\\/de\\\/die-pilgernde-gottesmutter-macht-sich-auf-den-weg-nach-mosambik\\\/\",\"url\":\"https:\\\/\\\/schoenstatt.com\\\/de\\\/die-pilgernde-gottesmutter-macht-sich-auf-den-weg-nach-mosambik\\\/\",\"name\":\"Die Pilgernde Gottesmutter macht sich auf den Weg nach Mosambik\",\"isPartOf\":{\"@id\":\"https:\\\/\\\/schoenstatt.com\\\/de\\\/#website\"},\"primaryImageOfPage\":{\"@id\":\"https:\\\/\\\/schoenstatt.com\\\/de\\\/die-pilgernde-gottesmutter-macht-sich-auf-den-weg-nach-mosambik\\\/#primaryimage\"},\"image\":{\"@id\":\"https:\\\/\\\/schoenstatt.com\\\/de\\\/die-pilgernde-gottesmutter-macht-sich-auf-den-weg-nach-mosambik\\\/#primaryimage\"},\"thumbnailUrl\":\"https:\\\/\\\/schoenstatt.com\\\/wp-content\\\/uploads\\\/2024\\\/02\\\/mae-peregrina-virgen-mozambique-1.png\",\"datePublished\":\"2024-02-25T09:07:30+00:00\",\"dateModified\":\"2025-05-15T17:22:02+00:00\",\"description\":\"Ein Priester aus Mosambik wird mit der Pilgernden Gottesmutter in sein Land gesandt, um Herzen zu verwandeln.\",\"breadcrumb\":{\"@id\":\"https:\\\/\\\/schoenstatt.com\\\/de\\\/die-pilgernde-gottesmutter-macht-sich-auf-den-weg-nach-mosambik\\\/#breadcrumb\"},\"inLanguage\":\"de\",\"potentialAction\":[{\"@type\":\"ReadAction\",\"target\":[\"https:\\\/\\\/schoenstatt.com\\\/de\\\/die-pilgernde-gottesmutter-macht-sich-auf-den-weg-nach-mosambik\\\/\"]}]},{\"@type\":\"ImageObject\",\"inLanguage\":\"de\",\"@id\":\"https:\\\/\\\/schoenstatt.com\\\/de\\\/die-pilgernde-gottesmutter-macht-sich-auf-den-weg-nach-mosambik\\\/#primaryimage\",\"url\":\"https:\\\/\\\/schoenstatt.com\\\/wp-content\\\/uploads\\\/2024\\\/02\\\/mae-peregrina-virgen-mozambique-1.png\",\"contentUrl\":\"https:\\\/\\\/schoenstatt.com\\\/wp-content\\\/uploads\\\/2024\\\/02\\\/mae-peregrina-virgen-mozambique-1.png\",\"width\":1800,\"height\":1068},{\"@type\":\"BreadcrumbList\",\"@id\":\"https:\\\/\\\/schoenstatt.com\\\/de\\\/die-pilgernde-gottesmutter-macht-sich-auf-den-weg-nach-mosambik\\\/#breadcrumb\",\"itemListElement\":[{\"@type\":\"ListItem\",\"position\":1,\"name\":\"Portada\",\"item\":\"https:\\\/\\\/schoenstatt.com\\\/de\\\/home\\\/\"},{\"@type\":\"ListItem\",\"position\":2,\"name\":\"Die Pilgernde Gottesmutter macht sich auf den Weg nach Mosambik\"}]},{\"@type\":\"WebSite\",\"@id\":\"https:\\\/\\\/schoenstatt.com\\\/de\\\/#website\",\"url\":\"https:\\\/\\\/schoenstatt.com\\\/de\\\/\",\"name\":\"Schoenstatt\",\"description\":\"Apostolic Movement\",\"publisher\":{\"@id\":\"https:\\\/\\\/schoenstatt.com\\\/de\\\/#organization\"},\"potentialAction\":[{\"@type\":\"SearchAction\",\"target\":{\"@type\":\"EntryPoint\",\"urlTemplate\":\"https:\\\/\\\/schoenstatt.com\\\/de\\\/?s={search_term_string}\"},\"query-input\":{\"@type\":\"PropertyValueSpecification\",\"valueRequired\":true,\"valueName\":\"search_term_string\"}}],\"inLanguage\":\"de\"},{\"@type\":\"Organization\",\"@id\":\"https:\\\/\\\/schoenstatt.com\\\/de\\\/#organization\",\"name\":\"Schoenstatt\",\"url\":\"https:\\\/\\\/schoenstatt.com\\\/de\\\/\",\"logo\":{\"@type\":\"ImageObject\",\"inLanguage\":\"de\",\"@id\":\"https:\\\/\\\/schoenstatt.com\\\/de\\\/#\\\/schema\\\/logo\\\/image\\\/\",\"url\":\"https:\\\/\\\/schoenstatt.com\\\/wp-content\\\/uploads\\\/2025\\\/04\\\/logo-schoenstatt-white-696x696-1.png\",\"contentUrl\":\"https:\\\/\\\/schoenstatt.com\\\/wp-content\\\/uploads\\\/2025\\\/04\\\/logo-schoenstatt-white-696x696-1.png\",\"width\":696,\"height\":694,\"caption\":\"Schoenstatt\"},\"image\":{\"@id\":\"https:\\\/\\\/schoenstatt.com\\\/de\\\/#\\\/schema\\\/logo\\\/image\\\/\"}},{\"@type\":\"Person\",\"@id\":\"https:\\\/\\\/schoenstatt.com\\\/de\\\/#\\\/schema\\\/person\\\/5158877ad4acae98b34daaeef2a1ce6e\",\"name\":\"Karen Bueno\",\"image\":{\"@type\":\"ImageObject\",\"inLanguage\":\"de\",\"@id\":\"https:\\\/\\\/secure.gravatar.com\\\/avatar\\\/f9f4b823873154269d2b2130f195f6d41037dd0d7fc5f3cacb5c846bae70d66b?s=96&d=mm&r=g\",\"url\":\"https:\\\/\\\/secure.gravatar.com\\\/avatar\\\/f9f4b823873154269d2b2130f195f6d41037dd0d7fc5f3cacb5c846bae70d66b?s=96&d=mm&r=g\",\"contentUrl\":\"https:\\\/\\\/secure.gravatar.com\\\/avatar\\\/f9f4b823873154269d2b2130f195f6d41037dd0d7fc5f3cacb5c846bae70d66b?s=96&d=mm&r=g\",\"caption\":\"Karen Bueno\"},\"url\":\"https:\\\/\\\/schoenstatt.com\\\/de\\\/author\\\/karen-bueno\\\/\"}]}<\/script>\n<!-- \/ Yoast SEO Premium plugin. -->","yoast_head_json":{"title":"Die Pilgernde Gottesmutter macht sich auf den Weg nach Mosambik","description":"Ein Priester aus Mosambik wird mit der Pilgernden Gottesmutter in sein Land gesandt, um Herzen zu verwandeln.","robots":{"index":"index","follow":"follow","max-snippet":"max-snippet:-1","max-image-preview":"max-image-preview:large","max-video-preview":"max-video-preview:-1"},"canonical":"https:\/\/schoenstatt.com\/de\/die-pilgernde-gottesmutter-macht-sich-auf-den-weg-nach-mosambik\/","og_locale":"de_DE","og_type":"article","og_title":"Die Pilgernde Gottesmutter macht sich auf den Weg nach Mosambik","og_description":"Ein Priester aus Mosambik wird mit der Pilgernden Gottesmutter in sein Land gesandt, um Herzen zu verwandeln.","og_url":"https:\/\/schoenstatt.com\/de\/die-pilgernde-gottesmutter-macht-sich-auf-den-weg-nach-mosambik\/","og_site_name":"Schoenstatt","article_published_time":"2024-02-25T09:07:30+00:00","article_modified_time":"2025-05-15T17:22:02+00:00","og_image":[{"width":1800,"height":1068,"url":"https:\/\/schoenstatt.com\/wp-content\/uploads\/2024\/02\/mae-peregrina-virgen-mozambique-1.png","type":"image\/png"}],"author":"Karen Bueno","twitter_card":"summary_large_image","twitter_misc":{"Verfasst von":"Karen Bueno","Gesch\u00e4tzte Lesezeit":"3\u00a0Minuten"},"schema":{"@context":"https:\/\/schema.org","@graph":[{"@type":"Article","@id":"https:\/\/schoenstatt.com\/de\/die-pilgernde-gottesmutter-macht-sich-auf-den-weg-nach-mosambik\/#article","isPartOf":{"@id":"https:\/\/schoenstatt.com\/de\/die-pilgernde-gottesmutter-macht-sich-auf-den-weg-nach-mosambik\/"},"author":{"name":"Karen Bueno","@id":"https:\/\/schoenstatt.com\/de\/#\/schema\/person\/5158877ad4acae98b34daaeef2a1ce6e"},"headline":"Die Pilgernde Gottesmutter macht sich auf den Weg nach Mosambik","datePublished":"2024-02-25T09:07:30+00:00","dateModified":"2025-05-15T17:22:02+00:00","mainEntityOfPage":{"@id":"https:\/\/schoenstatt.com\/de\/die-pilgernde-gottesmutter-macht-sich-auf-den-weg-nach-mosambik\/"},"wordCount":456,"publisher":{"@id":"https:\/\/schoenstatt.com\/de\/#organization"},"image":{"@id":"https:\/\/schoenstatt.com\/de\/die-pilgernde-gottesmutter-macht-sich-auf-den-weg-nach-mosambik\/#primaryimage"},"thumbnailUrl":"https:\/\/schoenstatt.com\/wp-content\/uploads\/2024\/02\/mae-peregrina-virgen-mozambique-1.png","articleSection":["Gesellschaft"],"inLanguage":"de"},{"@type":"WebPage","@id":"https:\/\/schoenstatt.com\/de\/die-pilgernde-gottesmutter-macht-sich-auf-den-weg-nach-mosambik\/","url":"https:\/\/schoenstatt.com\/de\/die-pilgernde-gottesmutter-macht-sich-auf-den-weg-nach-mosambik\/","name":"Die Pilgernde Gottesmutter macht sich auf den Weg nach Mosambik","isPartOf":{"@id":"https:\/\/schoenstatt.com\/de\/#website"},"primaryImageOfPage":{"@id":"https:\/\/schoenstatt.com\/de\/die-pilgernde-gottesmutter-macht-sich-auf-den-weg-nach-mosambik\/#primaryimage"},"image":{"@id":"https:\/\/schoenstatt.com\/de\/die-pilgernde-gottesmutter-macht-sich-auf-den-weg-nach-mosambik\/#primaryimage"},"thumbnailUrl":"https:\/\/schoenstatt.com\/wp-content\/uploads\/2024\/02\/mae-peregrina-virgen-mozambique-1.png","datePublished":"2024-02-25T09:07:30+00:00","dateModified":"2025-05-15T17:22:02+00:00","description":"Ein Priester aus Mosambik wird mit der Pilgernden Gottesmutter in sein Land gesandt, um Herzen zu verwandeln.","breadcrumb":{"@id":"https:\/\/schoenstatt.com\/de\/die-pilgernde-gottesmutter-macht-sich-auf-den-weg-nach-mosambik\/#breadcrumb"},"inLanguage":"de","potentialAction":[{"@type":"ReadAction","target":["https:\/\/schoenstatt.com\/de\/die-pilgernde-gottesmutter-macht-sich-auf-den-weg-nach-mosambik\/"]}]},{"@type":"ImageObject","inLanguage":"de","@id":"https:\/\/schoenstatt.com\/de\/die-pilgernde-gottesmutter-macht-sich-auf-den-weg-nach-mosambik\/#primaryimage","url":"https:\/\/schoenstatt.com\/wp-content\/uploads\/2024\/02\/mae-peregrina-virgen-mozambique-1.png","contentUrl":"https:\/\/schoenstatt.com\/wp-content\/uploads\/2024\/02\/mae-peregrina-virgen-mozambique-1.png","width":1800,"height":1068},{"@type":"BreadcrumbList","@id":"https:\/\/schoenstatt.com\/de\/die-pilgernde-gottesmutter-macht-sich-auf-den-weg-nach-mosambik\/#breadcrumb","itemListElement":[{"@type":"ListItem","position":1,"name":"Portada","item":"https:\/\/schoenstatt.com\/de\/home\/"},{"@type":"ListItem","position":2,"name":"Die Pilgernde Gottesmutter macht sich auf den Weg nach Mosambik"}]},{"@type":"WebSite","@id":"https:\/\/schoenstatt.com\/de\/#website","url":"https:\/\/schoenstatt.com\/de\/","name":"Schoenstatt","description":"Apostolic Movement","publisher":{"@id":"https:\/\/schoenstatt.com\/de\/#organization"},"potentialAction":[{"@type":"SearchAction","target":{"@type":"EntryPoint","urlTemplate":"https:\/\/schoenstatt.com\/de\/?s={search_term_string}"},"query-input":{"@type":"PropertyValueSpecification","valueRequired":true,"valueName":"search_term_string"}}],"inLanguage":"de"},{"@type":"Organization","@id":"https:\/\/schoenstatt.com\/de\/#organization","name":"Schoenstatt","url":"https:\/\/schoenstatt.com\/de\/","logo":{"@type":"ImageObject","inLanguage":"de","@id":"https:\/\/schoenstatt.com\/de\/#\/schema\/logo\/image\/","url":"https:\/\/schoenstatt.com\/wp-content\/uploads\/2025\/04\/logo-schoenstatt-white-696x696-1.png","contentUrl":"https:\/\/schoenstatt.com\/wp-content\/uploads\/2025\/04\/logo-schoenstatt-white-696x696-1.png","width":696,"height":694,"caption":"Schoenstatt"},"image":{"@id":"https:\/\/schoenstatt.com\/de\/#\/schema\/logo\/image\/"}},{"@type":"Person","@id":"https:\/\/schoenstatt.com\/de\/#\/schema\/person\/5158877ad4acae98b34daaeef2a1ce6e","name":"Karen Bueno","image":{"@type":"ImageObject","inLanguage":"de","@id":"https:\/\/secure.gravatar.com\/avatar\/f9f4b823873154269d2b2130f195f6d41037dd0d7fc5f3cacb5c846bae70d66b?s=96&d=mm&r=g","url":"https:\/\/secure.gravatar.com\/avatar\/f9f4b823873154269d2b2130f195f6d41037dd0d7fc5f3cacb5c846bae70d66b?s=96&d=mm&r=g","contentUrl":"https:\/\/secure.gravatar.com\/avatar\/f9f4b823873154269d2b2130f195f6d41037dd0d7fc5f3cacb5c846bae70d66b?s=96&d=mm&r=g","caption":"Karen Bueno"},"url":"https:\/\/schoenstatt.com\/de\/author\/karen-bueno\/"}]}},"_links":{"self":[{"href":"https:\/\/schoenstatt.com\/de\/wp-json\/wp\/v2\/posts\/34842","targetHints":{"allow":["GET"]}}],"collection":[{"href":"https:\/\/schoenstatt.com\/de\/wp-json\/wp\/v2\/posts"}],"about":[{"href":"https:\/\/schoenstatt.com\/de\/wp-json\/wp\/v2\/types\/post"}],"author":[{"embeddable":true,"href":"https:\/\/schoenstatt.com\/de\/wp-json\/wp\/v2\/users\/3"}],"replies":[{"embeddable":true,"href":"https:\/\/schoenstatt.com\/de\/wp-json\/wp\/v2\/comments?post=34842"}],"version-history":[{"count":1,"href":"https:\/\/schoenstatt.com\/de\/wp-json\/wp\/v2\/posts\/34842\/revisions"}],"predecessor-version":[{"id":46697,"href":"https:\/\/schoenstatt.com\/de\/wp-json\/wp\/v2\/posts\/34842\/revisions\/46697"}],"wp:featuredmedia":[{"embeddable":true,"href":"https:\/\/schoenstatt.com\/de\/wp-json\/wp\/v2\/media\/34794"}],"wp:attachment":[{"href":"https:\/\/schoenstatt.com\/de\/wp-json\/wp\/v2\/media?parent=34842"}],"wp:term":[{"taxonomy":"category","embeddable":true,"href":"https:\/\/schoenstatt.com\/de\/wp-json\/wp\/v2\/categories?post=34842"},{"taxonomy":"post_tag","embeddable":true,"href":"https:\/\/schoenstatt.com\/de\/wp-json\/wp\/v2\/tags?post=34842"}],"curies":[{"name":"wp","href":"https:\/\/api.w.org\/{rel}","templated":true}]}}