{"id":34802,"date":"2024-02-26T10:41:25","date_gmt":"2024-02-26T09:41:25","guid":{"rendered":"https:\/\/schoenstatt.com\/?p=34802"},"modified":"2025-05-15T20:36:30","modified_gmt":"2025-05-15T18:36:30","slug":"fastenzeit-challenge-accepted","status":"publish","type":"post","link":"https:\/\/schoenstatt.com\/de\/fastenzeit-challenge-accepted\/","title":{"rendered":"Fastenzeit \u2013 Challenge accepted!"},"content":{"rendered":"<p>Mitte J\u00e4nner habe ich eine Freundin in einem sehr netten Restaurant getroffen. Eigentlich wollten wir uns noch im Dezember treffen, eine Krankheit hatte das aber verhindert. So frage ich sie zu Beginn unseres Treffens: <em>\u201eWollen wir noch auf das neue Jahr ansto\u00dfen?\u201c<\/em> Sie meint: <em>\u201eIch hoffe du bist nicht b\u00f6se, Susi, aber ich habe mich in diesem Jahr f\u00fcr den <a href=\"https:\/\/de.wikipedia.org\/wiki\/Dry_January\" target=\"_blank\" rel=\"noopener\">Dry January<\/a> entschieden \u2013 richtig gut tut das. Und ich habe auch noch zwei Freundinnen angesteckt, die mitmachen.\u201c<\/em><\/p>\n<p>\u2013 Spannend, denke ich, und bin gar nicht b\u00f6se, weil ich w\u00e4hrend der Woche auch gerne auf Alkohol verzichte.<\/p>\n<p>Bei einem Sch\u00f6nstatt-Treffen sammeln wir \u201eZeichen der Zeit\u201c, wir beobachten: Was bewegt Menschen heute? Ein Teilnehmer erz\u00e4hlt: <em>\u201eIch mache nun schon das dritte Jahr bei <a href=\"https:\/\/global.exodus90.com\/de\/\" target=\"_blank\" rel=\"noopener\">Exodus 90<\/a> mit. Richtig befreiend, sich auf diese Challenge einzulassen und einen Schritt aus der Komfortzone zu machen.\u201c<\/em> Das 90-t\u00e4gige Programm verspricht tieferen Frieden und echte Einheit mit Gott, sowie Askese in Gemeinschaft.<\/p>\n<p>\u2013 Spannend, denke ich erneut.<\/p>\n<h2>Finden Sie einen Sinn in Ihrer Fastenzeit<\/h2>\n<p>Offensichtlich treffen diese Programme einen Nerv, sich in Challenges zu messen und sich in dieser schnelllebigen Zeit auf sich selbst zu fokussieren.<\/p>\n<p>Als Christen bekommen wir im Kirchenjahr besondere Zeiten geschenkt \u2013 Advent und Fastenzeit \u2013 um uns neu auf Gott auszurichten. Da kann ein bewusster Verzicht helfen, besonders dann, wenn er ein \u201eWof\u00fcr\u201c hat. Jede\/r hat Menschen im nahen Umfeld, die gerade zu k\u00e4mpfen haben \u2013 da kann ein Verzicht ein \u201estilles Geschenk\u201c f\u00fcr diese Person sein, oder \u2013 vielleicht sogar noch wertvoller \u2013 kann er m\u00f6glich machen, sich dieser Person bewusst zuzuwenden. So schafft etwa weniger Medienzeit den Raum, jemanden anzurufen und ins Gespr\u00e4ch zu kommen.<\/p>\n<p>Einmal im Jahr f\u00fcr einen l\u00e4ngeren Zeitraum auf Alkohol oder Zucker zu verzichten reinigt den K\u00f6rper von innen \u2013 wenn dieser Verzicht nicht nur asketisch, sondern ein \u201ef\u00fcr xy\u201c ist, steigt die Freude an dieser Challenge. Mir ist in den letzten Jahren die Beichte sehr wertvoll geworden \u2013 das ist wie eine warme Seelendusche, die das wegw\u00e4scht, was nicht so gut gelungen ist und wo der liebe Gott auch das annimmt, wo noch Fragen offen sind \u2013 das reinigt die Seele von innen und \u00f6ffnet den Raum, den inneren Sehns\u00fcchten neu auf die Spur zu kommen.<\/p>\n<h2>Der Rat Pater Kentenichs<\/h2>\n<p>Die Fastenzeit ist erst wenige Tage alt \u2013 also noch Zeit genug sich zu fragen: Wo l\u00e4dt mich Gott in diesem Jahr ein, die T\u00fcr neu zu ihm aufzumachen? Es lohnt einen Moment innezuhalten und sich dieser Frage zu stellen.<\/p>\n<p><a href=\"https:\/\/schoenstatt.com\/de\/about\/gruender\/\">Pater Kentenich<\/a> gibt uns da einen guten Rat, n\u00e4mlich, sich nur mit sich selbst zu vergleichen, um zu einem \u201ebesseren Ich\u201c zu finden: Wo m\u00f6chte ich wachsen? Und was kann ich konkret als \u00dcbung daf\u00fcr tun in den n\u00e4chsten Wochen? Wenn ich da etwas finde, das mir Freude macht \u2013 auch wenn es etwas kostet \u2013 darf ich mir selbst und dem lieben Gott sagen: Challenge accepted!<\/p>\n<p>Quelle: <a href=\"https:\/\/www.basis-online.net\/\" target=\"_blank\" rel=\"noopener\">basis-online.net<\/a><\/p>\n","protected":false},"excerpt":{"rendered":"<p>Welche Herausforderungen motivieren Sie? Sie k\u00f6nnen die Fastenzeit mit Ihrem Wunsch, ein besserer Mensch zu werden, verbinden.<\/p>\n","protected":false},"author":3,"featured_media":34803,"comment_status":"closed","ping_status":"closed","sticky":false,"template":"","format":"standard","meta":{"footnotes":""},"categories":[914],"tags":[],"class_list":["post-34802","post","type-post","status-publish","format-standard","has-post-thumbnail","hentry","category-spiritualitat-de"],"yoast_head":"<!-- This site is optimized with the Yoast SEO Premium plugin v27.4 (Yoast SEO v27.4) - https:\/\/yoast.com\/product\/yoast-seo-premium-wordpress\/ -->\n<title>Fastenzeit \u2013 Challenge accepted! - Schoenstatt<\/title>\n<meta name=\"description\" content=\"Welche Herausforderungen motivieren Sie? Sie k\u00f6nnen die Fastenzeit mit Ihrem Wunsch, ein besserer Mensch zu werden, verbinden.\" \/>\n<meta name=\"robots\" content=\"index, follow, max-snippet:-1, max-image-preview:large, max-video-preview:-1\" \/>\n<link rel=\"canonical\" href=\"https:\/\/schoenstatt.com\/de\/fastenzeit-challenge-accepted\/\" \/>\n<meta property=\"og:locale\" content=\"de_DE\" \/>\n<meta property=\"og:type\" content=\"article\" \/>\n<meta property=\"og:title\" content=\"Fastenzeit \u2013 Challenge accepted!\" \/>\n<meta property=\"og:description\" content=\"Welche Herausforderungen motivieren Sie? Sie k\u00f6nnen die Fastenzeit mit Ihrem Wunsch, ein besserer Mensch zu werden, verbinden.\" \/>\n<meta property=\"og:url\" content=\"https:\/\/schoenstatt.com\/de\/fastenzeit-challenge-accepted\/\" \/>\n<meta property=\"og:site_name\" content=\"Schoenstatt\" \/>\n<meta property=\"article:published_time\" content=\"2024-02-26T09:41:25+00:00\" \/>\n<meta property=\"article:modified_time\" content=\"2025-05-15T18:36:30+00:00\" \/>\n<meta property=\"og:image\" content=\"https:\/\/schoenstatt.com\/wp-content\/uploads\/2024\/02\/allstar-tenis-sapato-jose-castillo-unsplash-1.jpg\" \/>\n\t<meta property=\"og:image:width\" content=\"2048\" \/>\n\t<meta property=\"og:image:height\" content=\"1371\" \/>\n\t<meta property=\"og:image:type\" content=\"image\/jpeg\" \/>\n<meta name=\"author\" content=\"Karen Bueno\" \/>\n<meta name=\"twitter:card\" content=\"summary_large_image\" \/>\n<meta name=\"twitter:label1\" content=\"Verfasst von\" \/>\n\t<meta name=\"twitter:data1\" content=\"Karen Bueno\" \/>\n\t<meta name=\"twitter:label2\" content=\"Gesch\u00e4tzte Lesezeit\" \/>\n\t<meta name=\"twitter:data2\" content=\"3\u00a0Minuten\" \/>\n<script type=\"application\/ld+json\" class=\"yoast-schema-graph\">{\"@context\":\"https:\\\/\\\/schema.org\",\"@graph\":[{\"@type\":\"Article\",\"@id\":\"https:\\\/\\\/schoenstatt.com\\\/de\\\/fastenzeit-challenge-accepted\\\/#article\",\"isPartOf\":{\"@id\":\"https:\\\/\\\/schoenstatt.com\\\/de\\\/fastenzeit-challenge-accepted\\\/\"},\"author\":{\"name\":\"Karen Bueno\",\"@id\":\"https:\\\/\\\/schoenstatt.com\\\/de\\\/#\\\/schema\\\/person\\\/5158877ad4acae98b34daaeef2a1ce6e\"},\"headline\":\"Fastenzeit \u2013 Challenge accepted!\",\"datePublished\":\"2024-02-26T09:41:25+00:00\",\"dateModified\":\"2025-05-15T18:36:30+00:00\",\"mainEntityOfPage\":{\"@id\":\"https:\\\/\\\/schoenstatt.com\\\/de\\\/fastenzeit-challenge-accepted\\\/\"},\"wordCount\":500,\"publisher\":{\"@id\":\"https:\\\/\\\/schoenstatt.com\\\/de\\\/#organization\"},\"image\":{\"@id\":\"https:\\\/\\\/schoenstatt.com\\\/de\\\/fastenzeit-challenge-accepted\\\/#primaryimage\"},\"thumbnailUrl\":\"https:\\\/\\\/schoenstatt.com\\\/wp-content\\\/uploads\\\/2024\\\/02\\\/allstar-tenis-sapato-jose-castillo-unsplash-1.jpg\",\"articleSection\":[\"Spiritualit\u00e4t\"],\"inLanguage\":\"de\"},{\"@type\":\"WebPage\",\"@id\":\"https:\\\/\\\/schoenstatt.com\\\/de\\\/fastenzeit-challenge-accepted\\\/\",\"url\":\"https:\\\/\\\/schoenstatt.com\\\/de\\\/fastenzeit-challenge-accepted\\\/\",\"name\":\"Fastenzeit \u2013 Challenge accepted! - Schoenstatt\",\"isPartOf\":{\"@id\":\"https:\\\/\\\/schoenstatt.com\\\/de\\\/#website\"},\"primaryImageOfPage\":{\"@id\":\"https:\\\/\\\/schoenstatt.com\\\/de\\\/fastenzeit-challenge-accepted\\\/#primaryimage\"},\"image\":{\"@id\":\"https:\\\/\\\/schoenstatt.com\\\/de\\\/fastenzeit-challenge-accepted\\\/#primaryimage\"},\"thumbnailUrl\":\"https:\\\/\\\/schoenstatt.com\\\/wp-content\\\/uploads\\\/2024\\\/02\\\/allstar-tenis-sapato-jose-castillo-unsplash-1.jpg\",\"datePublished\":\"2024-02-26T09:41:25+00:00\",\"dateModified\":\"2025-05-15T18:36:30+00:00\",\"description\":\"Welche Herausforderungen motivieren Sie? Sie k\u00f6nnen die Fastenzeit mit Ihrem Wunsch, ein besserer Mensch zu werden, verbinden.\",\"breadcrumb\":{\"@id\":\"https:\\\/\\\/schoenstatt.com\\\/de\\\/fastenzeit-challenge-accepted\\\/#breadcrumb\"},\"inLanguage\":\"de\",\"potentialAction\":[{\"@type\":\"ReadAction\",\"target\":[\"https:\\\/\\\/schoenstatt.com\\\/de\\\/fastenzeit-challenge-accepted\\\/\"]}]},{\"@type\":\"ImageObject\",\"inLanguage\":\"de\",\"@id\":\"https:\\\/\\\/schoenstatt.com\\\/de\\\/fastenzeit-challenge-accepted\\\/#primaryimage\",\"url\":\"https:\\\/\\\/schoenstatt.com\\\/wp-content\\\/uploads\\\/2024\\\/02\\\/allstar-tenis-sapato-jose-castillo-unsplash-1.jpg\",\"contentUrl\":\"https:\\\/\\\/schoenstatt.com\\\/wp-content\\\/uploads\\\/2024\\\/02\\\/allstar-tenis-sapato-jose-castillo-unsplash-1.jpg\",\"width\":2048,\"height\":1371},{\"@type\":\"BreadcrumbList\",\"@id\":\"https:\\\/\\\/schoenstatt.com\\\/de\\\/fastenzeit-challenge-accepted\\\/#breadcrumb\",\"itemListElement\":[{\"@type\":\"ListItem\",\"position\":1,\"name\":\"Portada\",\"item\":\"https:\\\/\\\/schoenstatt.com\\\/de\\\/home\\\/\"},{\"@type\":\"ListItem\",\"position\":2,\"name\":\"Fastenzeit \u2013 Challenge accepted!\"}]},{\"@type\":\"WebSite\",\"@id\":\"https:\\\/\\\/schoenstatt.com\\\/de\\\/#website\",\"url\":\"https:\\\/\\\/schoenstatt.com\\\/de\\\/\",\"name\":\"Schoenstatt\",\"description\":\"Apostolic Movement\",\"publisher\":{\"@id\":\"https:\\\/\\\/schoenstatt.com\\\/de\\\/#organization\"},\"potentialAction\":[{\"@type\":\"SearchAction\",\"target\":{\"@type\":\"EntryPoint\",\"urlTemplate\":\"https:\\\/\\\/schoenstatt.com\\\/de\\\/?s={search_term_string}\"},\"query-input\":{\"@type\":\"PropertyValueSpecification\",\"valueRequired\":true,\"valueName\":\"search_term_string\"}}],\"inLanguage\":\"de\"},{\"@type\":\"Organization\",\"@id\":\"https:\\\/\\\/schoenstatt.com\\\/de\\\/#organization\",\"name\":\"Schoenstatt\",\"url\":\"https:\\\/\\\/schoenstatt.com\\\/de\\\/\",\"logo\":{\"@type\":\"ImageObject\",\"inLanguage\":\"de\",\"@id\":\"https:\\\/\\\/schoenstatt.com\\\/de\\\/#\\\/schema\\\/logo\\\/image\\\/\",\"url\":\"https:\\\/\\\/schoenstatt.com\\\/wp-content\\\/uploads\\\/2025\\\/04\\\/logo-schoenstatt-white-696x696-1.png\",\"contentUrl\":\"https:\\\/\\\/schoenstatt.com\\\/wp-content\\\/uploads\\\/2025\\\/04\\\/logo-schoenstatt-white-696x696-1.png\",\"width\":696,\"height\":694,\"caption\":\"Schoenstatt\"},\"image\":{\"@id\":\"https:\\\/\\\/schoenstatt.com\\\/de\\\/#\\\/schema\\\/logo\\\/image\\\/\"}},{\"@type\":\"Person\",\"@id\":\"https:\\\/\\\/schoenstatt.com\\\/de\\\/#\\\/schema\\\/person\\\/5158877ad4acae98b34daaeef2a1ce6e\",\"name\":\"Karen Bueno\",\"image\":{\"@type\":\"ImageObject\",\"inLanguage\":\"de\",\"@id\":\"https:\\\/\\\/secure.gravatar.com\\\/avatar\\\/f9f4b823873154269d2b2130f195f6d41037dd0d7fc5f3cacb5c846bae70d66b?s=96&d=mm&r=g\",\"url\":\"https:\\\/\\\/secure.gravatar.com\\\/avatar\\\/f9f4b823873154269d2b2130f195f6d41037dd0d7fc5f3cacb5c846bae70d66b?s=96&d=mm&r=g\",\"contentUrl\":\"https:\\\/\\\/secure.gravatar.com\\\/avatar\\\/f9f4b823873154269d2b2130f195f6d41037dd0d7fc5f3cacb5c846bae70d66b?s=96&d=mm&r=g\",\"caption\":\"Karen Bueno\"},\"url\":\"https:\\\/\\\/schoenstatt.com\\\/de\\\/author\\\/karen-bueno\\\/\"}]}<\/script>\n<!-- \/ Yoast SEO Premium plugin. -->","yoast_head_json":{"title":"Fastenzeit \u2013 Challenge accepted! - Schoenstatt","description":"Welche Herausforderungen motivieren Sie? Sie k\u00f6nnen die Fastenzeit mit Ihrem Wunsch, ein besserer Mensch zu werden, verbinden.","robots":{"index":"index","follow":"follow","max-snippet":"max-snippet:-1","max-image-preview":"max-image-preview:large","max-video-preview":"max-video-preview:-1"},"canonical":"https:\/\/schoenstatt.com\/de\/fastenzeit-challenge-accepted\/","og_locale":"de_DE","og_type":"article","og_title":"Fastenzeit \u2013 Challenge accepted!","og_description":"Welche Herausforderungen motivieren Sie? Sie k\u00f6nnen die Fastenzeit mit Ihrem Wunsch, ein besserer Mensch zu werden, verbinden.","og_url":"https:\/\/schoenstatt.com\/de\/fastenzeit-challenge-accepted\/","og_site_name":"Schoenstatt","article_published_time":"2024-02-26T09:41:25+00:00","article_modified_time":"2025-05-15T18:36:30+00:00","og_image":[{"width":2048,"height":1371,"url":"https:\/\/schoenstatt.com\/wp-content\/uploads\/2024\/02\/allstar-tenis-sapato-jose-castillo-unsplash-1.jpg","type":"image\/jpeg"}],"author":"Karen Bueno","twitter_card":"summary_large_image","twitter_misc":{"Verfasst von":"Karen Bueno","Gesch\u00e4tzte Lesezeit":"3\u00a0Minuten"},"schema":{"@context":"https:\/\/schema.org","@graph":[{"@type":"Article","@id":"https:\/\/schoenstatt.com\/de\/fastenzeit-challenge-accepted\/#article","isPartOf":{"@id":"https:\/\/schoenstatt.com\/de\/fastenzeit-challenge-accepted\/"},"author":{"name":"Karen Bueno","@id":"https:\/\/schoenstatt.com\/de\/#\/schema\/person\/5158877ad4acae98b34daaeef2a1ce6e"},"headline":"Fastenzeit \u2013 Challenge accepted!","datePublished":"2024-02-26T09:41:25+00:00","dateModified":"2025-05-15T18:36:30+00:00","mainEntityOfPage":{"@id":"https:\/\/schoenstatt.com\/de\/fastenzeit-challenge-accepted\/"},"wordCount":500,"publisher":{"@id":"https:\/\/schoenstatt.com\/de\/#organization"},"image":{"@id":"https:\/\/schoenstatt.com\/de\/fastenzeit-challenge-accepted\/#primaryimage"},"thumbnailUrl":"https:\/\/schoenstatt.com\/wp-content\/uploads\/2024\/02\/allstar-tenis-sapato-jose-castillo-unsplash-1.jpg","articleSection":["Spiritualit\u00e4t"],"inLanguage":"de"},{"@type":"WebPage","@id":"https:\/\/schoenstatt.com\/de\/fastenzeit-challenge-accepted\/","url":"https:\/\/schoenstatt.com\/de\/fastenzeit-challenge-accepted\/","name":"Fastenzeit \u2013 Challenge accepted! - Schoenstatt","isPartOf":{"@id":"https:\/\/schoenstatt.com\/de\/#website"},"primaryImageOfPage":{"@id":"https:\/\/schoenstatt.com\/de\/fastenzeit-challenge-accepted\/#primaryimage"},"image":{"@id":"https:\/\/schoenstatt.com\/de\/fastenzeit-challenge-accepted\/#primaryimage"},"thumbnailUrl":"https:\/\/schoenstatt.com\/wp-content\/uploads\/2024\/02\/allstar-tenis-sapato-jose-castillo-unsplash-1.jpg","datePublished":"2024-02-26T09:41:25+00:00","dateModified":"2025-05-15T18:36:30+00:00","description":"Welche Herausforderungen motivieren Sie? Sie k\u00f6nnen die Fastenzeit mit Ihrem Wunsch, ein besserer Mensch zu werden, verbinden.","breadcrumb":{"@id":"https:\/\/schoenstatt.com\/de\/fastenzeit-challenge-accepted\/#breadcrumb"},"inLanguage":"de","potentialAction":[{"@type":"ReadAction","target":["https:\/\/schoenstatt.com\/de\/fastenzeit-challenge-accepted\/"]}]},{"@type":"ImageObject","inLanguage":"de","@id":"https:\/\/schoenstatt.com\/de\/fastenzeit-challenge-accepted\/#primaryimage","url":"https:\/\/schoenstatt.com\/wp-content\/uploads\/2024\/02\/allstar-tenis-sapato-jose-castillo-unsplash-1.jpg","contentUrl":"https:\/\/schoenstatt.com\/wp-content\/uploads\/2024\/02\/allstar-tenis-sapato-jose-castillo-unsplash-1.jpg","width":2048,"height":1371},{"@type":"BreadcrumbList","@id":"https:\/\/schoenstatt.com\/de\/fastenzeit-challenge-accepted\/#breadcrumb","itemListElement":[{"@type":"ListItem","position":1,"name":"Portada","item":"https:\/\/schoenstatt.com\/de\/home\/"},{"@type":"ListItem","position":2,"name":"Fastenzeit \u2013 Challenge accepted!"}]},{"@type":"WebSite","@id":"https:\/\/schoenstatt.com\/de\/#website","url":"https:\/\/schoenstatt.com\/de\/","name":"Schoenstatt","description":"Apostolic Movement","publisher":{"@id":"https:\/\/schoenstatt.com\/de\/#organization"},"potentialAction":[{"@type":"SearchAction","target":{"@type":"EntryPoint","urlTemplate":"https:\/\/schoenstatt.com\/de\/?s={search_term_string}"},"query-input":{"@type":"PropertyValueSpecification","valueRequired":true,"valueName":"search_term_string"}}],"inLanguage":"de"},{"@type":"Organization","@id":"https:\/\/schoenstatt.com\/de\/#organization","name":"Schoenstatt","url":"https:\/\/schoenstatt.com\/de\/","logo":{"@type":"ImageObject","inLanguage":"de","@id":"https:\/\/schoenstatt.com\/de\/#\/schema\/logo\/image\/","url":"https:\/\/schoenstatt.com\/wp-content\/uploads\/2025\/04\/logo-schoenstatt-white-696x696-1.png","contentUrl":"https:\/\/schoenstatt.com\/wp-content\/uploads\/2025\/04\/logo-schoenstatt-white-696x696-1.png","width":696,"height":694,"caption":"Schoenstatt"},"image":{"@id":"https:\/\/schoenstatt.com\/de\/#\/schema\/logo\/image\/"}},{"@type":"Person","@id":"https:\/\/schoenstatt.com\/de\/#\/schema\/person\/5158877ad4acae98b34daaeef2a1ce6e","name":"Karen Bueno","image":{"@type":"ImageObject","inLanguage":"de","@id":"https:\/\/secure.gravatar.com\/avatar\/f9f4b823873154269d2b2130f195f6d41037dd0d7fc5f3cacb5c846bae70d66b?s=96&d=mm&r=g","url":"https:\/\/secure.gravatar.com\/avatar\/f9f4b823873154269d2b2130f195f6d41037dd0d7fc5f3cacb5c846bae70d66b?s=96&d=mm&r=g","contentUrl":"https:\/\/secure.gravatar.com\/avatar\/f9f4b823873154269d2b2130f195f6d41037dd0d7fc5f3cacb5c846bae70d66b?s=96&d=mm&r=g","caption":"Karen Bueno"},"url":"https:\/\/schoenstatt.com\/de\/author\/karen-bueno\/"}]}},"_links":{"self":[{"href":"https:\/\/schoenstatt.com\/de\/wp-json\/wp\/v2\/posts\/34802","targetHints":{"allow":["GET"]}}],"collection":[{"href":"https:\/\/schoenstatt.com\/de\/wp-json\/wp\/v2\/posts"}],"about":[{"href":"https:\/\/schoenstatt.com\/de\/wp-json\/wp\/v2\/types\/post"}],"author":[{"embeddable":true,"href":"https:\/\/schoenstatt.com\/de\/wp-json\/wp\/v2\/users\/3"}],"replies":[{"embeddable":true,"href":"https:\/\/schoenstatt.com\/de\/wp-json\/wp\/v2\/comments?post=34802"}],"version-history":[{"count":1,"href":"https:\/\/schoenstatt.com\/de\/wp-json\/wp\/v2\/posts\/34802\/revisions"}],"predecessor-version":[{"id":46702,"href":"https:\/\/schoenstatt.com\/de\/wp-json\/wp\/v2\/posts\/34802\/revisions\/46702"}],"wp:featuredmedia":[{"embeddable":true,"href":"https:\/\/schoenstatt.com\/de\/wp-json\/wp\/v2\/media\/34803"}],"wp:attachment":[{"href":"https:\/\/schoenstatt.com\/de\/wp-json\/wp\/v2\/media?parent=34802"}],"wp:term":[{"taxonomy":"category","embeddable":true,"href":"https:\/\/schoenstatt.com\/de\/wp-json\/wp\/v2\/categories?post=34802"},{"taxonomy":"post_tag","embeddable":true,"href":"https:\/\/schoenstatt.com\/de\/wp-json\/wp\/v2\/tags?post=34802"}],"curies":[{"name":"wp","href":"https:\/\/api.w.org\/{rel}","templated":true}]}}