{"id":34783,"date":"2024-02-24T01:14:49","date_gmt":"2024-02-24T00:14:49","guid":{"rendered":"https:\/\/schoenstatt.com\/spiritualitat\/the-schoenstatt-priests-league-is-born-in-italy\/"},"modified":"2025-05-15T20:18:03","modified_gmt":"2025-05-15T18:18:03","slug":"die-schoenstatt-priester-liga-entsteht-in-italien","status":"publish","type":"post","link":"https:\/\/schoenstatt.com\/de\/die-schoenstatt-priester-liga-entsteht-in-italien\/","title":{"rendered":"Die Sch\u00f6nstatt-Priester-Liga entsteht in Italien"},"content":{"rendered":"<p><a href=\"https:\/\/www.roma-belmonte.info\/de\/\" target=\"_blank\" rel=\"noopener\">Belmonte<\/a>, 12. und 13. Februar 2024 &#8211; Im wundersch\u00f6nen, internationalen Sch\u00f6nstattzentrum Roma-Belmonte fand ein Treffen zur Vertiefung der Sch\u00f6nstatt-Spiritualit\u00e4t und zum Kennenlernen der Gemeinschaft der <a href=\"https:\/\/schoenstatt.com\/de\/familie\/gemeinschaften-in-der-schoenstattbewegung\/priester\/\">Sch\u00f6nstatt-Priesterliga<\/a> statt.<\/p>\n<p>An der Besprechung nahmen folgende Personen teil: S.E. Mons. Ignazio Sanna und Dr. Marcelo Cervi vom Sch\u00f6nstatt-Institut Di\u00f6zesanpriester; Pater Facundo Bernabei und Pater Beltran Gomez vom Institut der Sch\u00f6nstatt-Patres; Pfr. Sim\u00e9on Rwasa, ein Burundier, der in der Di\u00f6zese San Miniato in der Toskana arbeitet; Pfr. Ilario Palessonga, kongolesischer Fidei-Donum-Priester in der Di\u00f6zese Volterra in der Toskana; Pfr. Giuseppe Gradino aus Torretta, Erzdi\u00f6zese Monreale in Sizilien und Pfr. Valentino Menegatti, Erzdi\u00f6zese Ferrara-Comacchio.<\/p>\n<h2>Priester in die Sch\u00f6nstattfamilie aufgenommen<\/h2>\n<p>Aufgrund von pastoralen und universit\u00e4ren Verpflichtungen konnten viele Priester nicht an dem Treffen teilnehmen, das am Montag, dem 12. Februar, mit einer Begr\u00fc\u00dfung und Ansprache von S.E. Ignazio Sanna und Pfr. Valentino begann. Danach war die Vorstellung der Teilnehmer, die ihre Erfahrungen und Erwartungen benannten.<\/p>\n<p>Pater Facundo Bernabei stellte die Sch\u00f6nstattbewegung vor und erl\u00e4uterte ihre Geschichte und Struktur. Um 18 Uhr wurde eine heilige Messe mit integrierter Vesper gefeiert, der Erzbischof em. Sanna im Heiligtum vorstand.<\/p>\n<p>Nach dem Abendessen hielt Erzbischof Sanna einen Vortrag \u00fcber \u201eSch\u00f6nstatt: ein Vorschlag zur Spiritualit\u00e4t f\u00fcr Di\u00f6zesanpriester\u201c.<\/p>\n<p><img fetchpriority=\"high\" decoding=\"async\" class=\"aligncenter wp-image-32315 \" src=\"https:\/\/schoenstatt.com\/wp-content\/uploads\/2023\/09\/matri-ecclesiae-belmonte-2.jpg\" alt=\"\" width=\"876\" height=\"620\" \/><\/p>\n<h2>Die Priester-Liga entsteht<\/h2>\n<p>Am n\u00e4chsten Tag, dem 13. Februar, pilgerten die Teilnehmer am Vormittag zum Heiligtum \u201eCor Ecclesiae\u201c, wo sie von den Sch\u00f6nst\u00e4tter Marienschwestern empfangen wurden. Sr. M. Julie Brcar erkl\u00e4rte die Geschichte und den Auftrag des Heiligtums.<\/p>\n<p>Pater Beltran Gomez leitete die heilige Messe und schlie\u00dflich moderierte Dr. Cervi die Diskussion \u00fcber die M\u00f6glichkeit, eine Sch\u00f6nstatt-Liga von Di\u00f6zesanpriestern zu gr\u00fcnden.<\/p>\n<p>Das Treffen war ein Zeichen der geistlichen Bereicherung und des Austauschs unter den Priestern, und am Ende beschlossen die Teilnehmer, die Priesterliga der Sch\u00f6nstatt-Di\u00f6zesanpriester in Italien zu gr\u00fcnden.<\/p>\n<p>Die Entscheidung ist eine gro\u00dfe Freude f\u00fcr die gesamte Sch\u00f6nstattfamilie, die in diesem neuen Priesterkreis eine offene T\u00fcr sieht, um die Sch\u00f6nstattsendung immer tiefer in das Herz der Kirche zu tragen.<\/p>\n<p><img decoding=\"async\" class=\"aligncenter wp-image-34773 size-full\" src=\"https:\/\/schoenstatt.com\/wp-content\/uploads\/2024\/02\/padres-priest-2.jpg\" alt=\"\" width=\"1285\" height=\"964\" \/><\/p>\n","protected":false},"excerpt":{"rendered":"<p>Das Treffen von Di\u00f6zesanpriestern, die sich f\u00fcr die Sch\u00f6nstattbewegung interessieren, f\u00fchrte zur Gr\u00fcndung der Sch\u00f6nstatt-Priesterliga in Italien. Es ist ein Geschenk f\u00fcr die Priesterschaft in Italien.<\/p>\n","protected":false},"author":3,"featured_media":34769,"comment_status":"closed","ping_status":"closed","sticky":false,"template":"","format":"standard","meta":{"footnotes":""},"categories":[678,907],"tags":[],"class_list":["post-34783","post","type-post","status-publish","format-standard","has-post-thumbnail","hentry","category-lander-de","category-schoenstatt-gemeinschaften-de"],"yoast_head":"<!-- This site is optimized with the Yoast SEO Premium plugin v27.4 (Yoast SEO v27.5) - https:\/\/yoast.com\/product\/yoast-seo-premium-wordpress\/ -->\n<title>Die Sch\u00f6nstatt-Priester-Liga entsteht in Italien<\/title>\n<meta name=\"description\" content=\"Das Treffen der Priester f\u00fchrte zur Gr\u00fcndung der Sch\u00f6nstatt-Priesterliga in Italien. Es ist ein Geschenk f\u00fcr die Sch\u00f6nstattbewegung Italiens.\" \/>\n<meta name=\"robots\" content=\"index, follow, max-snippet:-1, max-image-preview:large, max-video-preview:-1\" \/>\n<link rel=\"canonical\" href=\"https:\/\/schoenstatt.com\/de\/die-schoenstatt-priester-liga-entsteht-in-italien\/\" \/>\n<meta property=\"og:locale\" content=\"de_DE\" \/>\n<meta property=\"og:type\" content=\"article\" \/>\n<meta property=\"og:title\" content=\"Die Sch\u00f6nstatt-Priester-Liga entsteht in Italien\" \/>\n<meta property=\"og:description\" content=\"Das Treffen der Priester f\u00fchrte zur Gr\u00fcndung der Sch\u00f6nstatt-Priesterliga in Italien. Es ist ein Geschenk f\u00fcr die Sch\u00f6nstattbewegung Italiens.\" \/>\n<meta property=\"og:url\" content=\"https:\/\/schoenstatt.com\/de\/die-schoenstatt-priester-liga-entsteht-in-italien\/\" \/>\n<meta property=\"og:site_name\" content=\"Schoenstatt\" \/>\n<meta property=\"article:published_time\" content=\"2024-02-24T00:14:49+00:00\" \/>\n<meta property=\"article:modified_time\" content=\"2025-05-15T18:18:03+00:00\" \/>\n<meta property=\"og:image\" content=\"https:\/\/schoenstatt.com\/wp-content\/uploads\/2024\/02\/padres-priest-1.jpg\" \/>\n\t<meta property=\"og:image:width\" content=\"1285\" \/>\n\t<meta property=\"og:image:height\" content=\"798\" \/>\n\t<meta property=\"og:image:type\" content=\"image\/jpeg\" \/>\n<meta name=\"author\" content=\"Karen Bueno\" \/>\n<meta name=\"twitter:card\" content=\"summary_large_image\" \/>\n<meta name=\"twitter:label1\" content=\"Verfasst von\" \/>\n\t<meta name=\"twitter:data1\" content=\"Karen Bueno\" \/>\n\t<meta name=\"twitter:label2\" content=\"Gesch\u00e4tzte Lesezeit\" \/>\n\t<meta name=\"twitter:data2\" content=\"2\u00a0Minuten\" \/>\n<script type=\"application\/ld+json\" class=\"yoast-schema-graph\">{\"@context\":\"https:\\\/\\\/schema.org\",\"@graph\":[{\"@type\":\"Article\",\"@id\":\"https:\\\/\\\/schoenstatt.com\\\/de\\\/die-schoenstatt-priester-liga-entsteht-in-italien\\\/#article\",\"isPartOf\":{\"@id\":\"https:\\\/\\\/schoenstatt.com\\\/de\\\/die-schoenstatt-priester-liga-entsteht-in-italien\\\/\"},\"author\":{\"name\":\"Karen Bueno\",\"@id\":\"https:\\\/\\\/schoenstatt.com\\\/de\\\/#\\\/schema\\\/person\\\/5158877ad4acae98b34daaeef2a1ce6e\"},\"headline\":\"Die Sch\u00f6nstatt-Priester-Liga entsteht in Italien\",\"datePublished\":\"2024-02-24T00:14:49+00:00\",\"dateModified\":\"2025-05-15T18:18:03+00:00\",\"mainEntityOfPage\":{\"@id\":\"https:\\\/\\\/schoenstatt.com\\\/de\\\/die-schoenstatt-priester-liga-entsteht-in-italien\\\/\"},\"wordCount\":356,\"publisher\":{\"@id\":\"https:\\\/\\\/schoenstatt.com\\\/de\\\/#organization\"},\"image\":{\"@id\":\"https:\\\/\\\/schoenstatt.com\\\/de\\\/die-schoenstatt-priester-liga-entsteht-in-italien\\\/#primaryimage\"},\"thumbnailUrl\":\"https:\\\/\\\/schoenstatt.com\\\/wp-content\\\/uploads\\\/2024\\\/02\\\/padres-priest-1.jpg\",\"articleSection\":[\"L\u00e4nder\",\"Schoenstatt Gemeinschaften\"],\"inLanguage\":\"de\"},{\"@type\":\"WebPage\",\"@id\":\"https:\\\/\\\/schoenstatt.com\\\/de\\\/die-schoenstatt-priester-liga-entsteht-in-italien\\\/\",\"url\":\"https:\\\/\\\/schoenstatt.com\\\/de\\\/die-schoenstatt-priester-liga-entsteht-in-italien\\\/\",\"name\":\"Die Sch\u00f6nstatt-Priester-Liga entsteht in Italien\",\"isPartOf\":{\"@id\":\"https:\\\/\\\/schoenstatt.com\\\/de\\\/#website\"},\"primaryImageOfPage\":{\"@id\":\"https:\\\/\\\/schoenstatt.com\\\/de\\\/die-schoenstatt-priester-liga-entsteht-in-italien\\\/#primaryimage\"},\"image\":{\"@id\":\"https:\\\/\\\/schoenstatt.com\\\/de\\\/die-schoenstatt-priester-liga-entsteht-in-italien\\\/#primaryimage\"},\"thumbnailUrl\":\"https:\\\/\\\/schoenstatt.com\\\/wp-content\\\/uploads\\\/2024\\\/02\\\/padres-priest-1.jpg\",\"datePublished\":\"2024-02-24T00:14:49+00:00\",\"dateModified\":\"2025-05-15T18:18:03+00:00\",\"description\":\"Das Treffen der Priester f\u00fchrte zur Gr\u00fcndung der Sch\u00f6nstatt-Priesterliga in Italien. Es ist ein Geschenk f\u00fcr die Sch\u00f6nstattbewegung Italiens.\",\"breadcrumb\":{\"@id\":\"https:\\\/\\\/schoenstatt.com\\\/de\\\/die-schoenstatt-priester-liga-entsteht-in-italien\\\/#breadcrumb\"},\"inLanguage\":\"de\",\"potentialAction\":[{\"@type\":\"ReadAction\",\"target\":[\"https:\\\/\\\/schoenstatt.com\\\/de\\\/die-schoenstatt-priester-liga-entsteht-in-italien\\\/\"]}]},{\"@type\":\"ImageObject\",\"inLanguage\":\"de\",\"@id\":\"https:\\\/\\\/schoenstatt.com\\\/de\\\/die-schoenstatt-priester-liga-entsteht-in-italien\\\/#primaryimage\",\"url\":\"https:\\\/\\\/schoenstatt.com\\\/wp-content\\\/uploads\\\/2024\\\/02\\\/padres-priest-1.jpg\",\"contentUrl\":\"https:\\\/\\\/schoenstatt.com\\\/wp-content\\\/uploads\\\/2024\\\/02\\\/padres-priest-1.jpg\",\"width\":1285,\"height\":798},{\"@type\":\"BreadcrumbList\",\"@id\":\"https:\\\/\\\/schoenstatt.com\\\/de\\\/die-schoenstatt-priester-liga-entsteht-in-italien\\\/#breadcrumb\",\"itemListElement\":[{\"@type\":\"ListItem\",\"position\":1,\"name\":\"Portada\",\"item\":\"https:\\\/\\\/schoenstatt.com\\\/de\\\/home\\\/\"},{\"@type\":\"ListItem\",\"position\":2,\"name\":\"Die Sch\u00f6nstatt-Priester-Liga entsteht in Italien\"}]},{\"@type\":\"WebSite\",\"@id\":\"https:\\\/\\\/schoenstatt.com\\\/de\\\/#website\",\"url\":\"https:\\\/\\\/schoenstatt.com\\\/de\\\/\",\"name\":\"Schoenstatt\",\"description\":\"Apostolic Movement\",\"publisher\":{\"@id\":\"https:\\\/\\\/schoenstatt.com\\\/de\\\/#organization\"},\"potentialAction\":[{\"@type\":\"SearchAction\",\"target\":{\"@type\":\"EntryPoint\",\"urlTemplate\":\"https:\\\/\\\/schoenstatt.com\\\/de\\\/?s={search_term_string}\"},\"query-input\":{\"@type\":\"PropertyValueSpecification\",\"valueRequired\":true,\"valueName\":\"search_term_string\"}}],\"inLanguage\":\"de\"},{\"@type\":\"Organization\",\"@id\":\"https:\\\/\\\/schoenstatt.com\\\/de\\\/#organization\",\"name\":\"Schoenstatt\",\"url\":\"https:\\\/\\\/schoenstatt.com\\\/de\\\/\",\"logo\":{\"@type\":\"ImageObject\",\"inLanguage\":\"de\",\"@id\":\"https:\\\/\\\/schoenstatt.com\\\/de\\\/#\\\/schema\\\/logo\\\/image\\\/\",\"url\":\"https:\\\/\\\/schoenstatt.com\\\/wp-content\\\/uploads\\\/2025\\\/04\\\/logo-schoenstatt-white-696x696-1.png\",\"contentUrl\":\"https:\\\/\\\/schoenstatt.com\\\/wp-content\\\/uploads\\\/2025\\\/04\\\/logo-schoenstatt-white-696x696-1.png\",\"width\":696,\"height\":694,\"caption\":\"Schoenstatt\"},\"image\":{\"@id\":\"https:\\\/\\\/schoenstatt.com\\\/de\\\/#\\\/schema\\\/logo\\\/image\\\/\"}},{\"@type\":\"Person\",\"@id\":\"https:\\\/\\\/schoenstatt.com\\\/de\\\/#\\\/schema\\\/person\\\/5158877ad4acae98b34daaeef2a1ce6e\",\"name\":\"Karen Bueno\",\"image\":{\"@type\":\"ImageObject\",\"inLanguage\":\"de\",\"@id\":\"https:\\\/\\\/secure.gravatar.com\\\/avatar\\\/f9f4b823873154269d2b2130f195f6d41037dd0d7fc5f3cacb5c846bae70d66b?s=96&d=mm&r=g\",\"url\":\"https:\\\/\\\/secure.gravatar.com\\\/avatar\\\/f9f4b823873154269d2b2130f195f6d41037dd0d7fc5f3cacb5c846bae70d66b?s=96&d=mm&r=g\",\"contentUrl\":\"https:\\\/\\\/secure.gravatar.com\\\/avatar\\\/f9f4b823873154269d2b2130f195f6d41037dd0d7fc5f3cacb5c846bae70d66b?s=96&d=mm&r=g\",\"caption\":\"Karen Bueno\"},\"url\":\"https:\\\/\\\/schoenstatt.com\\\/de\\\/author\\\/karen-bueno\\\/\"}]}<\/script>\n<!-- \/ Yoast SEO Premium plugin. -->","yoast_head_json":{"title":"Die Sch\u00f6nstatt-Priester-Liga entsteht in Italien","description":"Das Treffen der Priester f\u00fchrte zur Gr\u00fcndung der Sch\u00f6nstatt-Priesterliga in Italien. Es ist ein Geschenk f\u00fcr die Sch\u00f6nstattbewegung Italiens.","robots":{"index":"index","follow":"follow","max-snippet":"max-snippet:-1","max-image-preview":"max-image-preview:large","max-video-preview":"max-video-preview:-1"},"canonical":"https:\/\/schoenstatt.com\/de\/die-schoenstatt-priester-liga-entsteht-in-italien\/","og_locale":"de_DE","og_type":"article","og_title":"Die Sch\u00f6nstatt-Priester-Liga entsteht in Italien","og_description":"Das Treffen der Priester f\u00fchrte zur Gr\u00fcndung der Sch\u00f6nstatt-Priesterliga in Italien. Es ist ein Geschenk f\u00fcr die Sch\u00f6nstattbewegung Italiens.","og_url":"https:\/\/schoenstatt.com\/de\/die-schoenstatt-priester-liga-entsteht-in-italien\/","og_site_name":"Schoenstatt","article_published_time":"2024-02-24T00:14:49+00:00","article_modified_time":"2025-05-15T18:18:03+00:00","og_image":[{"width":1285,"height":798,"url":"https:\/\/schoenstatt.com\/wp-content\/uploads\/2024\/02\/padres-priest-1.jpg","type":"image\/jpeg"}],"author":"Karen Bueno","twitter_card":"summary_large_image","twitter_misc":{"Verfasst von":"Karen Bueno","Gesch\u00e4tzte Lesezeit":"2\u00a0Minuten"},"schema":{"@context":"https:\/\/schema.org","@graph":[{"@type":"Article","@id":"https:\/\/schoenstatt.com\/de\/die-schoenstatt-priester-liga-entsteht-in-italien\/#article","isPartOf":{"@id":"https:\/\/schoenstatt.com\/de\/die-schoenstatt-priester-liga-entsteht-in-italien\/"},"author":{"name":"Karen Bueno","@id":"https:\/\/schoenstatt.com\/de\/#\/schema\/person\/5158877ad4acae98b34daaeef2a1ce6e"},"headline":"Die Sch\u00f6nstatt-Priester-Liga entsteht in Italien","datePublished":"2024-02-24T00:14:49+00:00","dateModified":"2025-05-15T18:18:03+00:00","mainEntityOfPage":{"@id":"https:\/\/schoenstatt.com\/de\/die-schoenstatt-priester-liga-entsteht-in-italien\/"},"wordCount":356,"publisher":{"@id":"https:\/\/schoenstatt.com\/de\/#organization"},"image":{"@id":"https:\/\/schoenstatt.com\/de\/die-schoenstatt-priester-liga-entsteht-in-italien\/#primaryimage"},"thumbnailUrl":"https:\/\/schoenstatt.com\/wp-content\/uploads\/2024\/02\/padres-priest-1.jpg","articleSection":["L\u00e4nder","Schoenstatt Gemeinschaften"],"inLanguage":"de"},{"@type":"WebPage","@id":"https:\/\/schoenstatt.com\/de\/die-schoenstatt-priester-liga-entsteht-in-italien\/","url":"https:\/\/schoenstatt.com\/de\/die-schoenstatt-priester-liga-entsteht-in-italien\/","name":"Die Sch\u00f6nstatt-Priester-Liga entsteht in Italien","isPartOf":{"@id":"https:\/\/schoenstatt.com\/de\/#website"},"primaryImageOfPage":{"@id":"https:\/\/schoenstatt.com\/de\/die-schoenstatt-priester-liga-entsteht-in-italien\/#primaryimage"},"image":{"@id":"https:\/\/schoenstatt.com\/de\/die-schoenstatt-priester-liga-entsteht-in-italien\/#primaryimage"},"thumbnailUrl":"https:\/\/schoenstatt.com\/wp-content\/uploads\/2024\/02\/padres-priest-1.jpg","datePublished":"2024-02-24T00:14:49+00:00","dateModified":"2025-05-15T18:18:03+00:00","description":"Das Treffen der Priester f\u00fchrte zur Gr\u00fcndung der Sch\u00f6nstatt-Priesterliga in Italien. Es ist ein Geschenk f\u00fcr die Sch\u00f6nstattbewegung Italiens.","breadcrumb":{"@id":"https:\/\/schoenstatt.com\/de\/die-schoenstatt-priester-liga-entsteht-in-italien\/#breadcrumb"},"inLanguage":"de","potentialAction":[{"@type":"ReadAction","target":["https:\/\/schoenstatt.com\/de\/die-schoenstatt-priester-liga-entsteht-in-italien\/"]}]},{"@type":"ImageObject","inLanguage":"de","@id":"https:\/\/schoenstatt.com\/de\/die-schoenstatt-priester-liga-entsteht-in-italien\/#primaryimage","url":"https:\/\/schoenstatt.com\/wp-content\/uploads\/2024\/02\/padres-priest-1.jpg","contentUrl":"https:\/\/schoenstatt.com\/wp-content\/uploads\/2024\/02\/padres-priest-1.jpg","width":1285,"height":798},{"@type":"BreadcrumbList","@id":"https:\/\/schoenstatt.com\/de\/die-schoenstatt-priester-liga-entsteht-in-italien\/#breadcrumb","itemListElement":[{"@type":"ListItem","position":1,"name":"Portada","item":"https:\/\/schoenstatt.com\/de\/home\/"},{"@type":"ListItem","position":2,"name":"Die Sch\u00f6nstatt-Priester-Liga entsteht in Italien"}]},{"@type":"WebSite","@id":"https:\/\/schoenstatt.com\/de\/#website","url":"https:\/\/schoenstatt.com\/de\/","name":"Schoenstatt","description":"Apostolic Movement","publisher":{"@id":"https:\/\/schoenstatt.com\/de\/#organization"},"potentialAction":[{"@type":"SearchAction","target":{"@type":"EntryPoint","urlTemplate":"https:\/\/schoenstatt.com\/de\/?s={search_term_string}"},"query-input":{"@type":"PropertyValueSpecification","valueRequired":true,"valueName":"search_term_string"}}],"inLanguage":"de"},{"@type":"Organization","@id":"https:\/\/schoenstatt.com\/de\/#organization","name":"Schoenstatt","url":"https:\/\/schoenstatt.com\/de\/","logo":{"@type":"ImageObject","inLanguage":"de","@id":"https:\/\/schoenstatt.com\/de\/#\/schema\/logo\/image\/","url":"https:\/\/schoenstatt.com\/wp-content\/uploads\/2025\/04\/logo-schoenstatt-white-696x696-1.png","contentUrl":"https:\/\/schoenstatt.com\/wp-content\/uploads\/2025\/04\/logo-schoenstatt-white-696x696-1.png","width":696,"height":694,"caption":"Schoenstatt"},"image":{"@id":"https:\/\/schoenstatt.com\/de\/#\/schema\/logo\/image\/"}},{"@type":"Person","@id":"https:\/\/schoenstatt.com\/de\/#\/schema\/person\/5158877ad4acae98b34daaeef2a1ce6e","name":"Karen Bueno","image":{"@type":"ImageObject","inLanguage":"de","@id":"https:\/\/secure.gravatar.com\/avatar\/f9f4b823873154269d2b2130f195f6d41037dd0d7fc5f3cacb5c846bae70d66b?s=96&d=mm&r=g","url":"https:\/\/secure.gravatar.com\/avatar\/f9f4b823873154269d2b2130f195f6d41037dd0d7fc5f3cacb5c846bae70d66b?s=96&d=mm&r=g","contentUrl":"https:\/\/secure.gravatar.com\/avatar\/f9f4b823873154269d2b2130f195f6d41037dd0d7fc5f3cacb5c846bae70d66b?s=96&d=mm&r=g","caption":"Karen Bueno"},"url":"https:\/\/schoenstatt.com\/de\/author\/karen-bueno\/"}]}},"_links":{"self":[{"href":"https:\/\/schoenstatt.com\/de\/wp-json\/wp\/v2\/posts\/34783","targetHints":{"allow":["GET"]}}],"collection":[{"href":"https:\/\/schoenstatt.com\/de\/wp-json\/wp\/v2\/posts"}],"about":[{"href":"https:\/\/schoenstatt.com\/de\/wp-json\/wp\/v2\/types\/post"}],"author":[{"embeddable":true,"href":"https:\/\/schoenstatt.com\/de\/wp-json\/wp\/v2\/users\/3"}],"replies":[{"embeddable":true,"href":"https:\/\/schoenstatt.com\/de\/wp-json\/wp\/v2\/comments?post=34783"}],"version-history":[{"count":1,"href":"https:\/\/schoenstatt.com\/de\/wp-json\/wp\/v2\/posts\/34783\/revisions"}],"predecessor-version":[{"id":46693,"href":"https:\/\/schoenstatt.com\/de\/wp-json\/wp\/v2\/posts\/34783\/revisions\/46693"}],"wp:featuredmedia":[{"embeddable":true,"href":"https:\/\/schoenstatt.com\/de\/wp-json\/wp\/v2\/media\/34769"}],"wp:attachment":[{"href":"https:\/\/schoenstatt.com\/de\/wp-json\/wp\/v2\/media?parent=34783"}],"wp:term":[{"taxonomy":"category","embeddable":true,"href":"https:\/\/schoenstatt.com\/de\/wp-json\/wp\/v2\/categories?post=34783"},{"taxonomy":"post_tag","embeddable":true,"href":"https:\/\/schoenstatt.com\/de\/wp-json\/wp\/v2\/tags?post=34783"}],"curies":[{"name":"wp","href":"https:\/\/api.w.org\/{rel}","templated":true}]}}