{"id":34751,"date":"2024-02-16T10:01:18","date_gmt":"2024-02-16T09:01:18","guid":{"rendered":"https:\/\/schoenstatt.com\/spiritualitat\/lideres-de-schoenstatt-da-italia-se-reunem-para-abrir-o-ano\/"},"modified":"2025-05-15T22:38:19","modified_gmt":"2025-05-15T20:38:19","slug":"schoenstattleiter-aus-italien-treffen-sich-um-ihre-mission-zu-vertiefen","status":"publish","type":"post","link":"https:\/\/schoenstatt.com\/de\/schoenstattleiter-aus-italien-treffen-sich-um-ihre-mission-zu-vertiefen\/","title":{"rendered":"Sch\u00f6nstattleiter aus Italien treffen sich, um ihre Mission zu vertiefen"},"content":{"rendered":"<p>Am 3. und 4. Februar 2024 versammelten sich die Verantwortlichen aus verschiedenen italienischen Regionen, der Toskana, der Emilia-Romagna, Sizilien, Apulien und Latium, im Sch\u00f6nstatt-Heiligtum in Belmonte bei Rom. Sie verbrachten ein wundersch\u00f6nes Wochenende mit Exerzitien, Gebet und Gemeinschaft.<\/p>\n<p>Es wurden verschiedene Arbeitsgruppen gebildet, in denen sie \u00fcber die positiven und herausfordernden Aspekte der Sch\u00f6nstattbewegung in Italien nachdachten. Es entstanden neue Vors\u00e4tze f\u00fcr das laufende Jahr.<\/p>\n<h2>Im Geist der Instrumente und mit Blick auf die Vorsehung<\/h2>\n<p>Am Sonntagmorgen bereicherte Pater Facundo Bernabei, Landesleiter der Sch\u00f6nstatt-Bewegung in Italien, die Tagung mit einer Vertiefung des Themas \u201e<a href=\"https:\/\/schoenstatt.com\/de\/about\/spiritualitaet\/praktischer-glaube-an-die-goettliche-vorsehung\/\">Praktischer Glaube an die g\u00f6ttliche Vorsehung<\/a>\u201c. Dabei wurde die Bedeutung der beiden Gesetze hervorgehoben, die Pater Kentenich f\u00fcr die Betrachtung des Handelns Gottes in der Geschichte der Sch\u00f6nstattfamilie genannt hat: das \u201eGesetz der ge\u00f6ffneten T\u00fcr\u201c und das \u201eGesetz des sch\u00f6pferischen Ergebnisses\u201c.<\/p>\n<p><img fetchpriority=\"high\" decoding=\"async\" class=\"aligncenter wp-image-34717 \" src=\"https:\/\/schoenstatt.com\/wp-content\/uploads\/2024\/02\/Schoenstatt-Italia-P-Facundo-Barnabei.jpg\" alt=\"\" width=\"920\" height=\"690\" \/><\/p>\n<p>Man kann sagen, dass jeder Teilnehmer w\u00e4hrend der Exerzitien wie Samuel auf das Wort des Herrn h\u00f6rte: \u201eSprich, Herr, dein Diener h\u00f6rt!\u201c<\/p>\n<p>Im Bewusstsein der gro\u00dfen Herausforderungen, aber im Vertrauen auf die g\u00f6ttliche Vorsehung und gest\u00e4rkt durch ihre br\u00fcderlichen Bindungen verabschiedeten sich die Teilnehmer, um voller neuer Energie und Freude nach Hause zur\u00fcckzukehren.<\/p>\n<h2>Das gew\u00e4hlte Symbol: der Baum<\/h2>\n<p>Die junge Rossella Minici fasst zusammen:<\/p>\n<p>\u201eDer Tag der F\u00fchrungskr\u00e4fte im Februar verlief sehr positiv. Enthusiasmus und die Freude am Austausch \u00fcber neue Projekte und Vors\u00e4tze f\u00fcr das kommende Jubil\u00e4umsjahr waren die Stars des Treffens.<\/p>\n<p>Es gab mehrere Gruppenmomente, unterbrochen von Zeugnissen und dem Austausch von Vorschl\u00e4gen der Vertreter der einzelnen Gruppen. Es wurden einige klar umrissene Themen diskutiert: einige kritische Fragen, andere St\u00e4rken vergangener und\/oder aktueller Initiativen sowie Vorschl\u00e4ge f\u00fcr die weitere Arbeit.<\/p>\n<p>Die Ergebnisse dieser Gruppenanalysen waren differenziert, aber nicht voneinander abweichend. Zu den Punkten, die als Gr\u00fcnde f\u00fcr Stolz und Dankbarkeit hervorstechen, geh\u00f6ren zum Beispiel die Bildungsveranstaltungen, der Wunsch nach spirituellem\/ individuellem Wachstum, die verschiedenen Initiativen in den Pfarreien\/Gemeinschaften und die bemerkenswert positive Beziehung zu den Bisch\u00f6fen.<\/p>\n<p>Das Symbol f\u00fcr dieses Projekt, das von allen einstimmig beschlossen wurde, ist der Baum, der f\u00fcr Nahrung und den Wunsch nach Bildung steht. Wie ein Baum, der den V\u00f6geln Schutz und mit seinen Fr\u00fcchten Nahrung bietet, wollen wir R\u00e4ume f\u00fcr das Zusammenleben und Samen des geistlichen Lebens anbieten. Unsere marianische Verk\u00fcndigung basiert auf diesen Pr\u00e4missen und Absichten.\u201c<\/p>\n<p><img decoding=\"async\" class=\"aligncenter wp-image-34721 \" src=\"https:\/\/schoenstatt.com\/wp-content\/uploads\/2024\/02\/mae-virgen-peregrina-pilgrim-pilgerheiligtum.jpeg\" alt=\"\" width=\"500\" height=\"666\" \/><\/p>\n<p><strong>W\u00e4hrend des Treffens wurden einige neue Entwicklungen f\u00fcr das Jahr 2024-2025 angek\u00fcndigt:<\/strong><\/p>\n<p>&#8211; Der Beginn der Online-Sch\u00f6nstatt-Ausbildung in ganz Italien ab Februar 2024.<br \/>\n&#8211; Das Jubil\u00e4um der Pilgernden Gottesmutter in Italien im Jahr 2024.<br \/>\n&#8211; Die Internationale Kampagne der Pilgernden Gottesmutter wird ihr 75-j\u00e4hriges Bestehen am 10. September 2025 in Brasilien (als \u201eMissionare der Hoffnung\u201c) feiern.<br \/>\n&#8211; Die Kr\u00f6nung von \u201eMaria, Mutter der Kirche\u201c im Jahr 2025 im Heiligtum von Belmonte.<\/p>\n","protected":false},"excerpt":{"rendered":"<p>Die italienischen Sch\u00f6nstattleiter trafen sich im internationalen Heiligtum in Belmonte, Rom, um ihre Sendung als Gemeinschaft zu bewerten und in die Zukunft zu projizieren.<\/p>\n","protected":false},"author":3,"featured_media":34713,"comment_status":"closed","ping_status":"closed","sticky":false,"template":"","format":"standard","meta":{"footnotes":""},"categories":[678,660],"tags":[],"class_list":["post-34751","post","type-post","status-publish","format-standard","has-post-thumbnail","hentry","category-lander-de","category-veranstaltungen-de"],"yoast_head":"<!-- This site is optimized with the Yoast SEO Premium plugin v27.4 (Yoast SEO v27.4) - https:\/\/yoast.com\/product\/yoast-seo-premium-wordpress\/ -->\n<title>Sch\u00f6nstattleiter aus Italien treffen sich, um ihre Mission zu vertiefen<\/title>\n<meta name=\"description\" content=\"Die Verantwortlichen Sch\u00f6nstatts in Italien trafen sich in Rom: der Toskana, der Emilia-Romagna, Sizilien, Apulien und Latium\" \/>\n<meta name=\"robots\" content=\"index, follow, max-snippet:-1, max-image-preview:large, max-video-preview:-1\" \/>\n<link rel=\"canonical\" href=\"https:\/\/schoenstatt.com\/de\/schoenstattleiter-aus-italien-treffen-sich-um-ihre-mission-zu-vertiefen\/\" \/>\n<meta property=\"og:locale\" content=\"de_DE\" \/>\n<meta property=\"og:type\" content=\"article\" \/>\n<meta property=\"og:title\" content=\"Sch\u00f6nstattleiter aus Italien treffen sich, um ihre Mission zu vertiefen\" \/>\n<meta property=\"og:description\" content=\"Die Verantwortlichen Sch\u00f6nstatts in Italien trafen sich in Rom: der Toskana, der Emilia-Romagna, Sizilien, Apulien und Latium\" \/>\n<meta property=\"og:url\" content=\"https:\/\/schoenstatt.com\/de\/schoenstattleiter-aus-italien-treffen-sich-um-ihre-mission-zu-vertiefen\/\" \/>\n<meta property=\"og:site_name\" content=\"Schoenstatt\" \/>\n<meta property=\"article:published_time\" content=\"2024-02-16T09:01:18+00:00\" \/>\n<meta property=\"article:modified_time\" content=\"2025-05-15T20:38:19+00:00\" \/>\n<meta property=\"og:image\" content=\"https:\/\/schoenstatt.com\/wp-content\/uploads\/2024\/02\/Schoenstatt-Italia-1.jpeg\" \/>\n\t<meta property=\"og:image:width\" content=\"1448\" \/>\n\t<meta property=\"og:image:height\" content=\"1086\" \/>\n\t<meta property=\"og:image:type\" content=\"image\/jpeg\" \/>\n<meta name=\"author\" content=\"Karen Bueno\" \/>\n<meta name=\"twitter:card\" content=\"summary_large_image\" \/>\n<meta name=\"twitter:label1\" content=\"Verfasst von\" \/>\n\t<meta name=\"twitter:data1\" content=\"Karen Bueno\" \/>\n\t<meta name=\"twitter:label2\" content=\"Gesch\u00e4tzte Lesezeit\" \/>\n\t<meta name=\"twitter:data2\" content=\"3\u00a0Minuten\" \/>\n<script type=\"application\/ld+json\" class=\"yoast-schema-graph\">{\"@context\":\"https:\\\/\\\/schema.org\",\"@graph\":[{\"@type\":\"Article\",\"@id\":\"https:\\\/\\\/schoenstatt.com\\\/de\\\/schoenstattleiter-aus-italien-treffen-sich-um-ihre-mission-zu-vertiefen\\\/#article\",\"isPartOf\":{\"@id\":\"https:\\\/\\\/schoenstatt.com\\\/de\\\/schoenstattleiter-aus-italien-treffen-sich-um-ihre-mission-zu-vertiefen\\\/\"},\"author\":{\"name\":\"Karen Bueno\",\"@id\":\"https:\\\/\\\/schoenstatt.com\\\/de\\\/#\\\/schema\\\/person\\\/5158877ad4acae98b34daaeef2a1ce6e\"},\"headline\":\"Sch\u00f6nstattleiter aus Italien treffen sich, um ihre Mission zu vertiefen\",\"datePublished\":\"2024-02-16T09:01:18+00:00\",\"dateModified\":\"2025-05-15T20:38:19+00:00\",\"mainEntityOfPage\":{\"@id\":\"https:\\\/\\\/schoenstatt.com\\\/de\\\/schoenstattleiter-aus-italien-treffen-sich-um-ihre-mission-zu-vertiefen\\\/\"},\"wordCount\":494,\"publisher\":{\"@id\":\"https:\\\/\\\/schoenstatt.com\\\/de\\\/#organization\"},\"image\":{\"@id\":\"https:\\\/\\\/schoenstatt.com\\\/de\\\/schoenstattleiter-aus-italien-treffen-sich-um-ihre-mission-zu-vertiefen\\\/#primaryimage\"},\"thumbnailUrl\":\"https:\\\/\\\/schoenstatt.com\\\/wp-content\\\/uploads\\\/2024\\\/02\\\/Schoenstatt-Italia-1.jpeg\",\"articleSection\":[\"L\u00e4nder\",\"Veranstaltungen\"],\"inLanguage\":\"de\"},{\"@type\":\"WebPage\",\"@id\":\"https:\\\/\\\/schoenstatt.com\\\/de\\\/schoenstattleiter-aus-italien-treffen-sich-um-ihre-mission-zu-vertiefen\\\/\",\"url\":\"https:\\\/\\\/schoenstatt.com\\\/de\\\/schoenstattleiter-aus-italien-treffen-sich-um-ihre-mission-zu-vertiefen\\\/\",\"name\":\"Sch\u00f6nstattleiter aus Italien treffen sich, um ihre Mission zu vertiefen\",\"isPartOf\":{\"@id\":\"https:\\\/\\\/schoenstatt.com\\\/de\\\/#website\"},\"primaryImageOfPage\":{\"@id\":\"https:\\\/\\\/schoenstatt.com\\\/de\\\/schoenstattleiter-aus-italien-treffen-sich-um-ihre-mission-zu-vertiefen\\\/#primaryimage\"},\"image\":{\"@id\":\"https:\\\/\\\/schoenstatt.com\\\/de\\\/schoenstattleiter-aus-italien-treffen-sich-um-ihre-mission-zu-vertiefen\\\/#primaryimage\"},\"thumbnailUrl\":\"https:\\\/\\\/schoenstatt.com\\\/wp-content\\\/uploads\\\/2024\\\/02\\\/Schoenstatt-Italia-1.jpeg\",\"datePublished\":\"2024-02-16T09:01:18+00:00\",\"dateModified\":\"2025-05-15T20:38:19+00:00\",\"description\":\"Die Verantwortlichen Sch\u00f6nstatts in Italien trafen sich in Rom: der Toskana, der Emilia-Romagna, Sizilien, Apulien und Latium\",\"breadcrumb\":{\"@id\":\"https:\\\/\\\/schoenstatt.com\\\/de\\\/schoenstattleiter-aus-italien-treffen-sich-um-ihre-mission-zu-vertiefen\\\/#breadcrumb\"},\"inLanguage\":\"de\",\"potentialAction\":[{\"@type\":\"ReadAction\",\"target\":[\"https:\\\/\\\/schoenstatt.com\\\/de\\\/schoenstattleiter-aus-italien-treffen-sich-um-ihre-mission-zu-vertiefen\\\/\"]}]},{\"@type\":\"ImageObject\",\"inLanguage\":\"de\",\"@id\":\"https:\\\/\\\/schoenstatt.com\\\/de\\\/schoenstattleiter-aus-italien-treffen-sich-um-ihre-mission-zu-vertiefen\\\/#primaryimage\",\"url\":\"https:\\\/\\\/schoenstatt.com\\\/wp-content\\\/uploads\\\/2024\\\/02\\\/Schoenstatt-Italia-1.jpeg\",\"contentUrl\":\"https:\\\/\\\/schoenstatt.com\\\/wp-content\\\/uploads\\\/2024\\\/02\\\/Schoenstatt-Italia-1.jpeg\",\"width\":1448,\"height\":1086},{\"@type\":\"BreadcrumbList\",\"@id\":\"https:\\\/\\\/schoenstatt.com\\\/de\\\/schoenstattleiter-aus-italien-treffen-sich-um-ihre-mission-zu-vertiefen\\\/#breadcrumb\",\"itemListElement\":[{\"@type\":\"ListItem\",\"position\":1,\"name\":\"Portada\",\"item\":\"https:\\\/\\\/schoenstatt.com\\\/de\\\/home\\\/\"},{\"@type\":\"ListItem\",\"position\":2,\"name\":\"Sch\u00f6nstattleiter aus Italien treffen sich, um ihre Mission zu vertiefen\"}]},{\"@type\":\"WebSite\",\"@id\":\"https:\\\/\\\/schoenstatt.com\\\/de\\\/#website\",\"url\":\"https:\\\/\\\/schoenstatt.com\\\/de\\\/\",\"name\":\"Schoenstatt\",\"description\":\"Apostolic Movement\",\"publisher\":{\"@id\":\"https:\\\/\\\/schoenstatt.com\\\/de\\\/#organization\"},\"potentialAction\":[{\"@type\":\"SearchAction\",\"target\":{\"@type\":\"EntryPoint\",\"urlTemplate\":\"https:\\\/\\\/schoenstatt.com\\\/de\\\/?s={search_term_string}\"},\"query-input\":{\"@type\":\"PropertyValueSpecification\",\"valueRequired\":true,\"valueName\":\"search_term_string\"}}],\"inLanguage\":\"de\"},{\"@type\":\"Organization\",\"@id\":\"https:\\\/\\\/schoenstatt.com\\\/de\\\/#organization\",\"name\":\"Schoenstatt\",\"url\":\"https:\\\/\\\/schoenstatt.com\\\/de\\\/\",\"logo\":{\"@type\":\"ImageObject\",\"inLanguage\":\"de\",\"@id\":\"https:\\\/\\\/schoenstatt.com\\\/de\\\/#\\\/schema\\\/logo\\\/image\\\/\",\"url\":\"https:\\\/\\\/schoenstatt.com\\\/wp-content\\\/uploads\\\/2025\\\/04\\\/logo-schoenstatt-white-696x696-1.png\",\"contentUrl\":\"https:\\\/\\\/schoenstatt.com\\\/wp-content\\\/uploads\\\/2025\\\/04\\\/logo-schoenstatt-white-696x696-1.png\",\"width\":696,\"height\":694,\"caption\":\"Schoenstatt\"},\"image\":{\"@id\":\"https:\\\/\\\/schoenstatt.com\\\/de\\\/#\\\/schema\\\/logo\\\/image\\\/\"}},{\"@type\":\"Person\",\"@id\":\"https:\\\/\\\/schoenstatt.com\\\/de\\\/#\\\/schema\\\/person\\\/5158877ad4acae98b34daaeef2a1ce6e\",\"name\":\"Karen Bueno\",\"image\":{\"@type\":\"ImageObject\",\"inLanguage\":\"de\",\"@id\":\"https:\\\/\\\/secure.gravatar.com\\\/avatar\\\/f9f4b823873154269d2b2130f195f6d41037dd0d7fc5f3cacb5c846bae70d66b?s=96&d=mm&r=g\",\"url\":\"https:\\\/\\\/secure.gravatar.com\\\/avatar\\\/f9f4b823873154269d2b2130f195f6d41037dd0d7fc5f3cacb5c846bae70d66b?s=96&d=mm&r=g\",\"contentUrl\":\"https:\\\/\\\/secure.gravatar.com\\\/avatar\\\/f9f4b823873154269d2b2130f195f6d41037dd0d7fc5f3cacb5c846bae70d66b?s=96&d=mm&r=g\",\"caption\":\"Karen Bueno\"},\"url\":\"https:\\\/\\\/schoenstatt.com\\\/de\\\/author\\\/karen-bueno\\\/\"}]}<\/script>\n<!-- \/ Yoast SEO Premium plugin. -->","yoast_head_json":{"title":"Sch\u00f6nstattleiter aus Italien treffen sich, um ihre Mission zu vertiefen","description":"Die Verantwortlichen Sch\u00f6nstatts in Italien trafen sich in Rom: der Toskana, der Emilia-Romagna, Sizilien, Apulien und Latium","robots":{"index":"index","follow":"follow","max-snippet":"max-snippet:-1","max-image-preview":"max-image-preview:large","max-video-preview":"max-video-preview:-1"},"canonical":"https:\/\/schoenstatt.com\/de\/schoenstattleiter-aus-italien-treffen-sich-um-ihre-mission-zu-vertiefen\/","og_locale":"de_DE","og_type":"article","og_title":"Sch\u00f6nstattleiter aus Italien treffen sich, um ihre Mission zu vertiefen","og_description":"Die Verantwortlichen Sch\u00f6nstatts in Italien trafen sich in Rom: der Toskana, der Emilia-Romagna, Sizilien, Apulien und Latium","og_url":"https:\/\/schoenstatt.com\/de\/schoenstattleiter-aus-italien-treffen-sich-um-ihre-mission-zu-vertiefen\/","og_site_name":"Schoenstatt","article_published_time":"2024-02-16T09:01:18+00:00","article_modified_time":"2025-05-15T20:38:19+00:00","og_image":[{"width":1448,"height":1086,"url":"https:\/\/schoenstatt.com\/wp-content\/uploads\/2024\/02\/Schoenstatt-Italia-1.jpeg","type":"image\/jpeg"}],"author":"Karen Bueno","twitter_card":"summary_large_image","twitter_misc":{"Verfasst von":"Karen Bueno","Gesch\u00e4tzte Lesezeit":"3\u00a0Minuten"},"schema":{"@context":"https:\/\/schema.org","@graph":[{"@type":"Article","@id":"https:\/\/schoenstatt.com\/de\/schoenstattleiter-aus-italien-treffen-sich-um-ihre-mission-zu-vertiefen\/#article","isPartOf":{"@id":"https:\/\/schoenstatt.com\/de\/schoenstattleiter-aus-italien-treffen-sich-um-ihre-mission-zu-vertiefen\/"},"author":{"name":"Karen Bueno","@id":"https:\/\/schoenstatt.com\/de\/#\/schema\/person\/5158877ad4acae98b34daaeef2a1ce6e"},"headline":"Sch\u00f6nstattleiter aus Italien treffen sich, um ihre Mission zu vertiefen","datePublished":"2024-02-16T09:01:18+00:00","dateModified":"2025-05-15T20:38:19+00:00","mainEntityOfPage":{"@id":"https:\/\/schoenstatt.com\/de\/schoenstattleiter-aus-italien-treffen-sich-um-ihre-mission-zu-vertiefen\/"},"wordCount":494,"publisher":{"@id":"https:\/\/schoenstatt.com\/de\/#organization"},"image":{"@id":"https:\/\/schoenstatt.com\/de\/schoenstattleiter-aus-italien-treffen-sich-um-ihre-mission-zu-vertiefen\/#primaryimage"},"thumbnailUrl":"https:\/\/schoenstatt.com\/wp-content\/uploads\/2024\/02\/Schoenstatt-Italia-1.jpeg","articleSection":["L\u00e4nder","Veranstaltungen"],"inLanguage":"de"},{"@type":"WebPage","@id":"https:\/\/schoenstatt.com\/de\/schoenstattleiter-aus-italien-treffen-sich-um-ihre-mission-zu-vertiefen\/","url":"https:\/\/schoenstatt.com\/de\/schoenstattleiter-aus-italien-treffen-sich-um-ihre-mission-zu-vertiefen\/","name":"Sch\u00f6nstattleiter aus Italien treffen sich, um ihre Mission zu vertiefen","isPartOf":{"@id":"https:\/\/schoenstatt.com\/de\/#website"},"primaryImageOfPage":{"@id":"https:\/\/schoenstatt.com\/de\/schoenstattleiter-aus-italien-treffen-sich-um-ihre-mission-zu-vertiefen\/#primaryimage"},"image":{"@id":"https:\/\/schoenstatt.com\/de\/schoenstattleiter-aus-italien-treffen-sich-um-ihre-mission-zu-vertiefen\/#primaryimage"},"thumbnailUrl":"https:\/\/schoenstatt.com\/wp-content\/uploads\/2024\/02\/Schoenstatt-Italia-1.jpeg","datePublished":"2024-02-16T09:01:18+00:00","dateModified":"2025-05-15T20:38:19+00:00","description":"Die Verantwortlichen Sch\u00f6nstatts in Italien trafen sich in Rom: der Toskana, der Emilia-Romagna, Sizilien, Apulien und Latium","breadcrumb":{"@id":"https:\/\/schoenstatt.com\/de\/schoenstattleiter-aus-italien-treffen-sich-um-ihre-mission-zu-vertiefen\/#breadcrumb"},"inLanguage":"de","potentialAction":[{"@type":"ReadAction","target":["https:\/\/schoenstatt.com\/de\/schoenstattleiter-aus-italien-treffen-sich-um-ihre-mission-zu-vertiefen\/"]}]},{"@type":"ImageObject","inLanguage":"de","@id":"https:\/\/schoenstatt.com\/de\/schoenstattleiter-aus-italien-treffen-sich-um-ihre-mission-zu-vertiefen\/#primaryimage","url":"https:\/\/schoenstatt.com\/wp-content\/uploads\/2024\/02\/Schoenstatt-Italia-1.jpeg","contentUrl":"https:\/\/schoenstatt.com\/wp-content\/uploads\/2024\/02\/Schoenstatt-Italia-1.jpeg","width":1448,"height":1086},{"@type":"BreadcrumbList","@id":"https:\/\/schoenstatt.com\/de\/schoenstattleiter-aus-italien-treffen-sich-um-ihre-mission-zu-vertiefen\/#breadcrumb","itemListElement":[{"@type":"ListItem","position":1,"name":"Portada","item":"https:\/\/schoenstatt.com\/de\/home\/"},{"@type":"ListItem","position":2,"name":"Sch\u00f6nstattleiter aus Italien treffen sich, um ihre Mission zu vertiefen"}]},{"@type":"WebSite","@id":"https:\/\/schoenstatt.com\/de\/#website","url":"https:\/\/schoenstatt.com\/de\/","name":"Schoenstatt","description":"Apostolic Movement","publisher":{"@id":"https:\/\/schoenstatt.com\/de\/#organization"},"potentialAction":[{"@type":"SearchAction","target":{"@type":"EntryPoint","urlTemplate":"https:\/\/schoenstatt.com\/de\/?s={search_term_string}"},"query-input":{"@type":"PropertyValueSpecification","valueRequired":true,"valueName":"search_term_string"}}],"inLanguage":"de"},{"@type":"Organization","@id":"https:\/\/schoenstatt.com\/de\/#organization","name":"Schoenstatt","url":"https:\/\/schoenstatt.com\/de\/","logo":{"@type":"ImageObject","inLanguage":"de","@id":"https:\/\/schoenstatt.com\/de\/#\/schema\/logo\/image\/","url":"https:\/\/schoenstatt.com\/wp-content\/uploads\/2025\/04\/logo-schoenstatt-white-696x696-1.png","contentUrl":"https:\/\/schoenstatt.com\/wp-content\/uploads\/2025\/04\/logo-schoenstatt-white-696x696-1.png","width":696,"height":694,"caption":"Schoenstatt"},"image":{"@id":"https:\/\/schoenstatt.com\/de\/#\/schema\/logo\/image\/"}},{"@type":"Person","@id":"https:\/\/schoenstatt.com\/de\/#\/schema\/person\/5158877ad4acae98b34daaeef2a1ce6e","name":"Karen Bueno","image":{"@type":"ImageObject","inLanguage":"de","@id":"https:\/\/secure.gravatar.com\/avatar\/f9f4b823873154269d2b2130f195f6d41037dd0d7fc5f3cacb5c846bae70d66b?s=96&d=mm&r=g","url":"https:\/\/secure.gravatar.com\/avatar\/f9f4b823873154269d2b2130f195f6d41037dd0d7fc5f3cacb5c846bae70d66b?s=96&d=mm&r=g","contentUrl":"https:\/\/secure.gravatar.com\/avatar\/f9f4b823873154269d2b2130f195f6d41037dd0d7fc5f3cacb5c846bae70d66b?s=96&d=mm&r=g","caption":"Karen Bueno"},"url":"https:\/\/schoenstatt.com\/de\/author\/karen-bueno\/"}]}},"_links":{"self":[{"href":"https:\/\/schoenstatt.com\/de\/wp-json\/wp\/v2\/posts\/34751","targetHints":{"allow":["GET"]}}],"collection":[{"href":"https:\/\/schoenstatt.com\/de\/wp-json\/wp\/v2\/posts"}],"about":[{"href":"https:\/\/schoenstatt.com\/de\/wp-json\/wp\/v2\/types\/post"}],"author":[{"embeddable":true,"href":"https:\/\/schoenstatt.com\/de\/wp-json\/wp\/v2\/users\/3"}],"replies":[{"embeddable":true,"href":"https:\/\/schoenstatt.com\/de\/wp-json\/wp\/v2\/comments?post=34751"}],"version-history":[{"count":1,"href":"https:\/\/schoenstatt.com\/de\/wp-json\/wp\/v2\/posts\/34751\/revisions"}],"predecessor-version":[{"id":46675,"href":"https:\/\/schoenstatt.com\/de\/wp-json\/wp\/v2\/posts\/34751\/revisions\/46675"}],"wp:featuredmedia":[{"embeddable":true,"href":"https:\/\/schoenstatt.com\/de\/wp-json\/wp\/v2\/media\/34713"}],"wp:attachment":[{"href":"https:\/\/schoenstatt.com\/de\/wp-json\/wp\/v2\/media?parent=34751"}],"wp:term":[{"taxonomy":"category","embeddable":true,"href":"https:\/\/schoenstatt.com\/de\/wp-json\/wp\/v2\/categories?post=34751"},{"taxonomy":"post_tag","embeddable":true,"href":"https:\/\/schoenstatt.com\/de\/wp-json\/wp\/v2\/tags?post=34751"}],"curies":[{"name":"wp","href":"https:\/\/api.w.org\/{rel}","templated":true}]}}