{"id":34626,"date":"2024-02-05T10:27:04","date_gmt":"2024-02-05T09:27:04","guid":{"rendered":"https:\/\/schoenstatt.com\/spiritualitat\/estao-abertas-as-inscricoes-para-celebrar-o-jubileu-do-31-de-maio-no-chile\/"},"modified":"2025-05-15T22:38:20","modified_gmt":"2025-05-15T20:38:20","slug":"die-anmeldungen-fur-die-feier-des-jubilaums-31-mai-in-chile-sind-ab-sofort-moglich","status":"publish","type":"post","link":"https:\/\/schoenstatt.com\/de\/die-anmeldungen-fur-die-feier-des-jubilaums-31-mai-in-chile-sind-ab-sofort-moglich\/","title":{"rendered":"Die Anmeldungen f\u00fcr die Feier des Jubil\u00e4ums \u201e31. Mai\u201c in Chile sind ab sofort m\u00f6glich"},"content":{"rendered":"<p>Die Sch\u00f6nstattbewegung in Chile hat die Anmeldung f\u00fcr die Teilnahme am Jubil\u00e4umstreffen ge\u00f6ffnet, das in diesem Jahr im Heiligtum von Bellavista stattfinden wird. Die Veranstaltung findet statt, um den 75. Jahrestag des dritten historischen Meilensteins Sch\u00f6nstatts zu feiern, der am 31. Mai 1949 geschah. <a href=\"https:\/\/schoenstatt.com\/de\/75-jahr-jubilaum-des-31-mai-1949\/\">Weitere Informationen finden Sie hier<\/a>.<\/p>\n<p>Pilger aus der ganzen Welt sind eingeladen, an diesem Treffen im Coenaculum-Heiligtum in Bellavista teilzunehmen. Dieser Ort stellt einen wichtigen Schritt von Pater Josef Kentenich dar, um die Sendung Sch\u00f6nstatts auf die ganze Kirche auszuweiten.<\/p>\n<p><img fetchpriority=\"high\" decoding=\"async\" class=\"aligncenter wp-image-34409 \" src=\"https:\/\/schoenstatt.com\/wp-content\/uploads\/2024\/01\/Logo-31-de-mayo-1024x1024.png\" alt=\"\" width=\"575\" height=\"575\"><\/p>\n<h2>Zeitplan<\/h2>\n<p>Die Veranstaltung findet vom 31. Mai bis 2. Juni 2024 statt.<\/p>\n<p><strong>Freitag, 31. Mai<\/strong><br \/>\n<em>Wir gehen auf Pilgerfahrt<\/em><br \/>\n11:00 Uhr &#8211; Pilgerfahrt von Inmaculada San Crist\u00f3bal nach M. Montt (fakultativ)<br \/>\n13:00 Uhr &#8211; Pilgerfahrt von M. Montt nach Bellavista (fakultativ)<br \/>\n16:30 Uhr &#8211; Eucharistiefeier: \u201eDer Ort, auf dem du gehst, ist heiliger Boden\u201c<br \/>\n19:00 Uhr &#8211; Vesper und Weihe an Maria, K\u00f6nigin des Friedens<br \/>\n20:00 Uhr &#8211; Abendessen und Familientreffen.<\/p>\n<p><strong>Samstag, 1. Juni<\/strong><br \/>\n<em>Wir \u00f6ffnen unsere Herzen, um besser zu verstehen<\/em><br \/>\n9:15 Uhr &#8211; Einf\u00fchrung: \u201eLasst uns miteinander gehen\u201c<br \/>\n9:45 Uhr &#8211; Impuls: Das Charisma als pers\u00f6nliche Erfahrung.<br \/>\n12:45 Uhr &#8211; Mittagessen und Familientreffen<br \/>\n15:00 Uhr &#8211; Coenaculum-Workshop<br \/>\n17:00 Uhr &#8211; Eucharistie: Wir trinken aus demselben Geist<br \/>\n18:00 Uhr &#8211; Prozession und Einsetzung des Kreuzes der Einheit im Heiligtum<br \/>\n20:00 Uhr &#8211; Fest: Dankbares Erinnern, Salz und Hefe<\/p>\n<p><strong>Sonntag, 2. Juni<\/strong><br \/>\n<em>Wir erneuern das Liebesb\u00fcndnis, um seine Werkzeuge zu sein<\/em><br \/>\n9:00 Uhr &#8211; Begr\u00fc\u00dfung und Erinnerungen an den Vortag<br \/>\n9:30 Uhr &#8211; Impuls: Sch\u00f6nstatt, heute, hier<br \/>\n11:15 Uhr &#8211; Aussendungsgottesdienst: Ihr seid das Salz der Erde<br \/>\n12:30 Uhr &#8211; B\u00fcndniserneuerung, Prozession und Angelus<\/p>\n<h2>Anmeldung<\/h2>\n<p>Die Anmeldung ist offen, mit besonderem Wert f\u00fcr junge Leute. Auf der Website finden Sie auch Hinweise und Vorschl\u00e4ge f\u00fcr die Unterbringung: Die Pl\u00e4tze im Exerzitienhaus und die von Mitgliedern der Bewegung angebotenen Pl\u00e4tze sind begrenzt, bitte beachten Sie dies; es k\u00f6nnen auch alternative Unterbringungsm\u00f6glichkeiten in Hotels, Gasth\u00f6fen und anderen Orten gesucht werden.<\/p>\n<p>Um sich anzumelden, klicken Sie auf die Schaltfl\u00e4che:<\/p>\n<p><a class=\"fasc-button fasc-size-medium fasc-type-flat fasc-style-bold\" style=\"background-color: #092c6e; color: #ffffff;\" target=\"_blank\" href=\"https:\/\/jubileo31demayo.schoenstatt.cl\/actividades\/143124\" rel=\"noopener\">Anmeldung<\/a><\/p>\n<h3>Weitere Informationen<\/h3>\n<p>Auf der neuen Website finden Sie auch Materialien zur Vorbereitung des Jubil\u00e4ums und bald auch Informationen \u00fcber Konferenzen, Pilgerpakete und vieles mehr.<\/p>\n<p><strong>Die neue Website finden Sie unter: <a href=\"https:\/\/jubileo31demayo.schoenstatt.cl\/\" target=\"_blank\" rel=\"noopener\">jubileo31demayo.schoenstatt.cl<\/a><\/strong><\/p>\n","protected":false},"excerpt":{"rendered":"<p>Entdecken Sie die offizielle Website und das Programm zur Feier des 75-j\u00e4hrigen Jubil\u00e4ums des dritten historischen Meilensteins Sch\u00f6nstatts.<\/p>\n","protected":false},"author":3,"featured_media":34616,"comment_status":"closed","ping_status":"closed","sticky":false,"template":"","format":"standard","meta":{"footnotes":""},"categories":[678,660],"tags":[],"class_list":["post-34626","post","type-post","status-publish","format-standard","has-post-thumbnail","hentry","category-lander-de","category-veranstaltungen-de"],"yoast_head":"<!-- This site is optimized with the Yoast SEO Premium plugin v27.4 (Yoast SEO v27.5) - https:\/\/yoast.com\/product\/yoast-seo-premium-wordpress\/ -->\n<title>Die Anmeldungen f\u00fcr die Feier des Jubil\u00e4ums \u201e31. Mai\u201c in Chile sind ab sofort m\u00f6glich<\/title>\n<meta name=\"description\" content=\"Jubil\u00e4ums: Besuchen Sie die offizielle Website, wo Sie das Programm der 75-Jahr-Feier am 31. Mai finden k\u00f6nnen.\" \/>\n<meta name=\"robots\" content=\"index, follow, max-snippet:-1, max-image-preview:large, max-video-preview:-1\" \/>\n<link rel=\"canonical\" href=\"https:\/\/schoenstatt.com\/de\/die-anmeldungen-fur-die-feier-des-jubilaums-31-mai-in-chile-sind-ab-sofort-moglich\/\" \/>\n<meta property=\"og:locale\" content=\"de_DE\" \/>\n<meta property=\"og:type\" content=\"article\" \/>\n<meta property=\"og:title\" content=\"Die Anmeldungen f\u00fcr die Feier des Jubil\u00e4ums \u201e31. Mai\u201c in Chile sind ab sofort m\u00f6glich\" \/>\n<meta property=\"og:description\" content=\"Jubil\u00e4ums: Besuchen Sie die offizielle Website, wo Sie das Programm der 75-Jahr-Feier am 31. Mai finden k\u00f6nnen.\" \/>\n<meta property=\"og:url\" content=\"https:\/\/schoenstatt.com\/de\/die-anmeldungen-fur-die-feier-des-jubilaums-31-mai-in-chile-sind-ab-sofort-moglich\/\" \/>\n<meta property=\"og:site_name\" content=\"Schoenstatt\" \/>\n<meta property=\"article:published_time\" content=\"2024-02-05T09:27:04+00:00\" \/>\n<meta property=\"article:modified_time\" content=\"2025-05-15T20:38:20+00:00\" \/>\n<meta property=\"og:image\" content=\"https:\/\/schoenstatt.com\/wp-content\/uploads\/2024\/02\/santuario-bellavista-chile-1.jpg\" \/>\n\t<meta property=\"og:image:width\" content=\"1080\" \/>\n\t<meta property=\"og:image:height\" content=\"647\" \/>\n\t<meta property=\"og:image:type\" content=\"image\/jpeg\" \/>\n<meta name=\"author\" content=\"Karen Bueno\" \/>\n<meta name=\"twitter:card\" content=\"summary_large_image\" \/>\n<meta name=\"twitter:label1\" content=\"Verfasst von\" \/>\n\t<meta name=\"twitter:data1\" content=\"Karen Bueno\" \/>\n\t<meta name=\"twitter:label2\" content=\"Gesch\u00e4tzte Lesezeit\" \/>\n\t<meta name=\"twitter:data2\" content=\"2\u00a0Minuten\" \/>\n<script type=\"application\/ld+json\" class=\"yoast-schema-graph\">{\"@context\":\"https:\\\/\\\/schema.org\",\"@graph\":[{\"@type\":\"Article\",\"@id\":\"https:\\\/\\\/schoenstatt.com\\\/de\\\/die-anmeldungen-fur-die-feier-des-jubilaums-31-mai-in-chile-sind-ab-sofort-moglich\\\/#article\",\"isPartOf\":{\"@id\":\"https:\\\/\\\/schoenstatt.com\\\/de\\\/die-anmeldungen-fur-die-feier-des-jubilaums-31-mai-in-chile-sind-ab-sofort-moglich\\\/\"},\"author\":{\"name\":\"Karen Bueno\",\"@id\":\"https:\\\/\\\/schoenstatt.com\\\/de\\\/#\\\/schema\\\/person\\\/5158877ad4acae98b34daaeef2a1ce6e\"},\"headline\":\"Die Anmeldungen f\u00fcr die Feier des Jubil\u00e4ums \u201e31. Mai\u201c in Chile sind ab sofort m\u00f6glich\",\"datePublished\":\"2024-02-05T09:27:04+00:00\",\"dateModified\":\"2025-05-15T20:38:20+00:00\",\"mainEntityOfPage\":{\"@id\":\"https:\\\/\\\/schoenstatt.com\\\/de\\\/die-anmeldungen-fur-die-feier-des-jubilaums-31-mai-in-chile-sind-ab-sofort-moglich\\\/\"},\"wordCount\":381,\"publisher\":{\"@id\":\"https:\\\/\\\/schoenstatt.com\\\/de\\\/#organization\"},\"image\":{\"@id\":\"https:\\\/\\\/schoenstatt.com\\\/de\\\/die-anmeldungen-fur-die-feier-des-jubilaums-31-mai-in-chile-sind-ab-sofort-moglich\\\/#primaryimage\"},\"thumbnailUrl\":\"https:\\\/\\\/schoenstatt.com\\\/wp-content\\\/uploads\\\/2024\\\/02\\\/santuario-bellavista-chile-1.jpg\",\"articleSection\":[\"L\u00e4nder\",\"Veranstaltungen\"],\"inLanguage\":\"de\"},{\"@type\":\"WebPage\",\"@id\":\"https:\\\/\\\/schoenstatt.com\\\/de\\\/die-anmeldungen-fur-die-feier-des-jubilaums-31-mai-in-chile-sind-ab-sofort-moglich\\\/\",\"url\":\"https:\\\/\\\/schoenstatt.com\\\/de\\\/die-anmeldungen-fur-die-feier-des-jubilaums-31-mai-in-chile-sind-ab-sofort-moglich\\\/\",\"name\":\"Die Anmeldungen f\u00fcr die Feier des Jubil\u00e4ums \u201e31. Mai\u201c in Chile sind ab sofort m\u00f6glich\",\"isPartOf\":{\"@id\":\"https:\\\/\\\/schoenstatt.com\\\/de\\\/#website\"},\"primaryImageOfPage\":{\"@id\":\"https:\\\/\\\/schoenstatt.com\\\/de\\\/die-anmeldungen-fur-die-feier-des-jubilaums-31-mai-in-chile-sind-ab-sofort-moglich\\\/#primaryimage\"},\"image\":{\"@id\":\"https:\\\/\\\/schoenstatt.com\\\/de\\\/die-anmeldungen-fur-die-feier-des-jubilaums-31-mai-in-chile-sind-ab-sofort-moglich\\\/#primaryimage\"},\"thumbnailUrl\":\"https:\\\/\\\/schoenstatt.com\\\/wp-content\\\/uploads\\\/2024\\\/02\\\/santuario-bellavista-chile-1.jpg\",\"datePublished\":\"2024-02-05T09:27:04+00:00\",\"dateModified\":\"2025-05-15T20:38:20+00:00\",\"description\":\"Jubil\u00e4ums: Besuchen Sie die offizielle Website, wo Sie das Programm der 75-Jahr-Feier am 31. Mai finden k\u00f6nnen.\",\"breadcrumb\":{\"@id\":\"https:\\\/\\\/schoenstatt.com\\\/de\\\/die-anmeldungen-fur-die-feier-des-jubilaums-31-mai-in-chile-sind-ab-sofort-moglich\\\/#breadcrumb\"},\"inLanguage\":\"de\",\"potentialAction\":[{\"@type\":\"ReadAction\",\"target\":[\"https:\\\/\\\/schoenstatt.com\\\/de\\\/die-anmeldungen-fur-die-feier-des-jubilaums-31-mai-in-chile-sind-ab-sofort-moglich\\\/\"]}]},{\"@type\":\"ImageObject\",\"inLanguage\":\"de\",\"@id\":\"https:\\\/\\\/schoenstatt.com\\\/de\\\/die-anmeldungen-fur-die-feier-des-jubilaums-31-mai-in-chile-sind-ab-sofort-moglich\\\/#primaryimage\",\"url\":\"https:\\\/\\\/schoenstatt.com\\\/wp-content\\\/uploads\\\/2024\\\/02\\\/santuario-bellavista-chile-1.jpg\",\"contentUrl\":\"https:\\\/\\\/schoenstatt.com\\\/wp-content\\\/uploads\\\/2024\\\/02\\\/santuario-bellavista-chile-1.jpg\",\"width\":1080,\"height\":647},{\"@type\":\"BreadcrumbList\",\"@id\":\"https:\\\/\\\/schoenstatt.com\\\/de\\\/die-anmeldungen-fur-die-feier-des-jubilaums-31-mai-in-chile-sind-ab-sofort-moglich\\\/#breadcrumb\",\"itemListElement\":[{\"@type\":\"ListItem\",\"position\":1,\"name\":\"Portada\",\"item\":\"https:\\\/\\\/schoenstatt.com\\\/de\\\/home\\\/\"},{\"@type\":\"ListItem\",\"position\":2,\"name\":\"Die Anmeldungen f\u00fcr die Feier des Jubil\u00e4ums \u201e31. Mai\u201c in Chile sind ab sofort m\u00f6glich\"}]},{\"@type\":\"WebSite\",\"@id\":\"https:\\\/\\\/schoenstatt.com\\\/de\\\/#website\",\"url\":\"https:\\\/\\\/schoenstatt.com\\\/de\\\/\",\"name\":\"Schoenstatt\",\"description\":\"Apostolic Movement\",\"publisher\":{\"@id\":\"https:\\\/\\\/schoenstatt.com\\\/de\\\/#organization\"},\"potentialAction\":[{\"@type\":\"SearchAction\",\"target\":{\"@type\":\"EntryPoint\",\"urlTemplate\":\"https:\\\/\\\/schoenstatt.com\\\/de\\\/?s={search_term_string}\"},\"query-input\":{\"@type\":\"PropertyValueSpecification\",\"valueRequired\":true,\"valueName\":\"search_term_string\"}}],\"inLanguage\":\"de\"},{\"@type\":\"Organization\",\"@id\":\"https:\\\/\\\/schoenstatt.com\\\/de\\\/#organization\",\"name\":\"Schoenstatt\",\"url\":\"https:\\\/\\\/schoenstatt.com\\\/de\\\/\",\"logo\":{\"@type\":\"ImageObject\",\"inLanguage\":\"de\",\"@id\":\"https:\\\/\\\/schoenstatt.com\\\/de\\\/#\\\/schema\\\/logo\\\/image\\\/\",\"url\":\"https:\\\/\\\/schoenstatt.com\\\/wp-content\\\/uploads\\\/2025\\\/04\\\/logo-schoenstatt-white-696x696-1.png\",\"contentUrl\":\"https:\\\/\\\/schoenstatt.com\\\/wp-content\\\/uploads\\\/2025\\\/04\\\/logo-schoenstatt-white-696x696-1.png\",\"width\":696,\"height\":694,\"caption\":\"Schoenstatt\"},\"image\":{\"@id\":\"https:\\\/\\\/schoenstatt.com\\\/de\\\/#\\\/schema\\\/logo\\\/image\\\/\"}},{\"@type\":\"Person\",\"@id\":\"https:\\\/\\\/schoenstatt.com\\\/de\\\/#\\\/schema\\\/person\\\/5158877ad4acae98b34daaeef2a1ce6e\",\"name\":\"Karen Bueno\",\"image\":{\"@type\":\"ImageObject\",\"inLanguage\":\"de\",\"@id\":\"https:\\\/\\\/secure.gravatar.com\\\/avatar\\\/f9f4b823873154269d2b2130f195f6d41037dd0d7fc5f3cacb5c846bae70d66b?s=96&d=mm&r=g\",\"url\":\"https:\\\/\\\/secure.gravatar.com\\\/avatar\\\/f9f4b823873154269d2b2130f195f6d41037dd0d7fc5f3cacb5c846bae70d66b?s=96&d=mm&r=g\",\"contentUrl\":\"https:\\\/\\\/secure.gravatar.com\\\/avatar\\\/f9f4b823873154269d2b2130f195f6d41037dd0d7fc5f3cacb5c846bae70d66b?s=96&d=mm&r=g\",\"caption\":\"Karen Bueno\"},\"url\":\"https:\\\/\\\/schoenstatt.com\\\/de\\\/author\\\/karen-bueno\\\/\"}]}<\/script>\n<!-- \/ Yoast SEO Premium plugin. -->","yoast_head_json":{"title":"Die Anmeldungen f\u00fcr die Feier des Jubil\u00e4ums \u201e31. Mai\u201c in Chile sind ab sofort m\u00f6glich","description":"Jubil\u00e4ums: Besuchen Sie die offizielle Website, wo Sie das Programm der 75-Jahr-Feier am 31. Mai finden k\u00f6nnen.","robots":{"index":"index","follow":"follow","max-snippet":"max-snippet:-1","max-image-preview":"max-image-preview:large","max-video-preview":"max-video-preview:-1"},"canonical":"https:\/\/schoenstatt.com\/de\/die-anmeldungen-fur-die-feier-des-jubilaums-31-mai-in-chile-sind-ab-sofort-moglich\/","og_locale":"de_DE","og_type":"article","og_title":"Die Anmeldungen f\u00fcr die Feier des Jubil\u00e4ums \u201e31. Mai\u201c in Chile sind ab sofort m\u00f6glich","og_description":"Jubil\u00e4ums: Besuchen Sie die offizielle Website, wo Sie das Programm der 75-Jahr-Feier am 31. Mai finden k\u00f6nnen.","og_url":"https:\/\/schoenstatt.com\/de\/die-anmeldungen-fur-die-feier-des-jubilaums-31-mai-in-chile-sind-ab-sofort-moglich\/","og_site_name":"Schoenstatt","article_published_time":"2024-02-05T09:27:04+00:00","article_modified_time":"2025-05-15T20:38:20+00:00","og_image":[{"width":1080,"height":647,"url":"https:\/\/schoenstatt.com\/wp-content\/uploads\/2024\/02\/santuario-bellavista-chile-1.jpg","type":"image\/jpeg"}],"author":"Karen Bueno","twitter_card":"summary_large_image","twitter_misc":{"Verfasst von":"Karen Bueno","Gesch\u00e4tzte Lesezeit":"2\u00a0Minuten"},"schema":{"@context":"https:\/\/schema.org","@graph":[{"@type":"Article","@id":"https:\/\/schoenstatt.com\/de\/die-anmeldungen-fur-die-feier-des-jubilaums-31-mai-in-chile-sind-ab-sofort-moglich\/#article","isPartOf":{"@id":"https:\/\/schoenstatt.com\/de\/die-anmeldungen-fur-die-feier-des-jubilaums-31-mai-in-chile-sind-ab-sofort-moglich\/"},"author":{"name":"Karen Bueno","@id":"https:\/\/schoenstatt.com\/de\/#\/schema\/person\/5158877ad4acae98b34daaeef2a1ce6e"},"headline":"Die Anmeldungen f\u00fcr die Feier des Jubil\u00e4ums \u201e31. Mai\u201c in Chile sind ab sofort m\u00f6glich","datePublished":"2024-02-05T09:27:04+00:00","dateModified":"2025-05-15T20:38:20+00:00","mainEntityOfPage":{"@id":"https:\/\/schoenstatt.com\/de\/die-anmeldungen-fur-die-feier-des-jubilaums-31-mai-in-chile-sind-ab-sofort-moglich\/"},"wordCount":381,"publisher":{"@id":"https:\/\/schoenstatt.com\/de\/#organization"},"image":{"@id":"https:\/\/schoenstatt.com\/de\/die-anmeldungen-fur-die-feier-des-jubilaums-31-mai-in-chile-sind-ab-sofort-moglich\/#primaryimage"},"thumbnailUrl":"https:\/\/schoenstatt.com\/wp-content\/uploads\/2024\/02\/santuario-bellavista-chile-1.jpg","articleSection":["L\u00e4nder","Veranstaltungen"],"inLanguage":"de"},{"@type":"WebPage","@id":"https:\/\/schoenstatt.com\/de\/die-anmeldungen-fur-die-feier-des-jubilaums-31-mai-in-chile-sind-ab-sofort-moglich\/","url":"https:\/\/schoenstatt.com\/de\/die-anmeldungen-fur-die-feier-des-jubilaums-31-mai-in-chile-sind-ab-sofort-moglich\/","name":"Die Anmeldungen f\u00fcr die Feier des Jubil\u00e4ums \u201e31. Mai\u201c in Chile sind ab sofort m\u00f6glich","isPartOf":{"@id":"https:\/\/schoenstatt.com\/de\/#website"},"primaryImageOfPage":{"@id":"https:\/\/schoenstatt.com\/de\/die-anmeldungen-fur-die-feier-des-jubilaums-31-mai-in-chile-sind-ab-sofort-moglich\/#primaryimage"},"image":{"@id":"https:\/\/schoenstatt.com\/de\/die-anmeldungen-fur-die-feier-des-jubilaums-31-mai-in-chile-sind-ab-sofort-moglich\/#primaryimage"},"thumbnailUrl":"https:\/\/schoenstatt.com\/wp-content\/uploads\/2024\/02\/santuario-bellavista-chile-1.jpg","datePublished":"2024-02-05T09:27:04+00:00","dateModified":"2025-05-15T20:38:20+00:00","description":"Jubil\u00e4ums: Besuchen Sie die offizielle Website, wo Sie das Programm der 75-Jahr-Feier am 31. Mai finden k\u00f6nnen.","breadcrumb":{"@id":"https:\/\/schoenstatt.com\/de\/die-anmeldungen-fur-die-feier-des-jubilaums-31-mai-in-chile-sind-ab-sofort-moglich\/#breadcrumb"},"inLanguage":"de","potentialAction":[{"@type":"ReadAction","target":["https:\/\/schoenstatt.com\/de\/die-anmeldungen-fur-die-feier-des-jubilaums-31-mai-in-chile-sind-ab-sofort-moglich\/"]}]},{"@type":"ImageObject","inLanguage":"de","@id":"https:\/\/schoenstatt.com\/de\/die-anmeldungen-fur-die-feier-des-jubilaums-31-mai-in-chile-sind-ab-sofort-moglich\/#primaryimage","url":"https:\/\/schoenstatt.com\/wp-content\/uploads\/2024\/02\/santuario-bellavista-chile-1.jpg","contentUrl":"https:\/\/schoenstatt.com\/wp-content\/uploads\/2024\/02\/santuario-bellavista-chile-1.jpg","width":1080,"height":647},{"@type":"BreadcrumbList","@id":"https:\/\/schoenstatt.com\/de\/die-anmeldungen-fur-die-feier-des-jubilaums-31-mai-in-chile-sind-ab-sofort-moglich\/#breadcrumb","itemListElement":[{"@type":"ListItem","position":1,"name":"Portada","item":"https:\/\/schoenstatt.com\/de\/home\/"},{"@type":"ListItem","position":2,"name":"Die Anmeldungen f\u00fcr die Feier des Jubil\u00e4ums \u201e31. Mai\u201c in Chile sind ab sofort m\u00f6glich"}]},{"@type":"WebSite","@id":"https:\/\/schoenstatt.com\/de\/#website","url":"https:\/\/schoenstatt.com\/de\/","name":"Schoenstatt","description":"Apostolic Movement","publisher":{"@id":"https:\/\/schoenstatt.com\/de\/#organization"},"potentialAction":[{"@type":"SearchAction","target":{"@type":"EntryPoint","urlTemplate":"https:\/\/schoenstatt.com\/de\/?s={search_term_string}"},"query-input":{"@type":"PropertyValueSpecification","valueRequired":true,"valueName":"search_term_string"}}],"inLanguage":"de"},{"@type":"Organization","@id":"https:\/\/schoenstatt.com\/de\/#organization","name":"Schoenstatt","url":"https:\/\/schoenstatt.com\/de\/","logo":{"@type":"ImageObject","inLanguage":"de","@id":"https:\/\/schoenstatt.com\/de\/#\/schema\/logo\/image\/","url":"https:\/\/schoenstatt.com\/wp-content\/uploads\/2025\/04\/logo-schoenstatt-white-696x696-1.png","contentUrl":"https:\/\/schoenstatt.com\/wp-content\/uploads\/2025\/04\/logo-schoenstatt-white-696x696-1.png","width":696,"height":694,"caption":"Schoenstatt"},"image":{"@id":"https:\/\/schoenstatt.com\/de\/#\/schema\/logo\/image\/"}},{"@type":"Person","@id":"https:\/\/schoenstatt.com\/de\/#\/schema\/person\/5158877ad4acae98b34daaeef2a1ce6e","name":"Karen Bueno","image":{"@type":"ImageObject","inLanguage":"de","@id":"https:\/\/secure.gravatar.com\/avatar\/f9f4b823873154269d2b2130f195f6d41037dd0d7fc5f3cacb5c846bae70d66b?s=96&d=mm&r=g","url":"https:\/\/secure.gravatar.com\/avatar\/f9f4b823873154269d2b2130f195f6d41037dd0d7fc5f3cacb5c846bae70d66b?s=96&d=mm&r=g","contentUrl":"https:\/\/secure.gravatar.com\/avatar\/f9f4b823873154269d2b2130f195f6d41037dd0d7fc5f3cacb5c846bae70d66b?s=96&d=mm&r=g","caption":"Karen Bueno"},"url":"https:\/\/schoenstatt.com\/de\/author\/karen-bueno\/"}]}},"_links":{"self":[{"href":"https:\/\/schoenstatt.com\/de\/wp-json\/wp\/v2\/posts\/34626","targetHints":{"allow":["GET"]}}],"collection":[{"href":"https:\/\/schoenstatt.com\/de\/wp-json\/wp\/v2\/posts"}],"about":[{"href":"https:\/\/schoenstatt.com\/de\/wp-json\/wp\/v2\/types\/post"}],"author":[{"embeddable":true,"href":"https:\/\/schoenstatt.com\/de\/wp-json\/wp\/v2\/users\/3"}],"replies":[{"embeddable":true,"href":"https:\/\/schoenstatt.com\/de\/wp-json\/wp\/v2\/comments?post=34626"}],"version-history":[{"count":1,"href":"https:\/\/schoenstatt.com\/de\/wp-json\/wp\/v2\/posts\/34626\/revisions"}],"predecessor-version":[{"id":46655,"href":"https:\/\/schoenstatt.com\/de\/wp-json\/wp\/v2\/posts\/34626\/revisions\/46655"}],"wp:featuredmedia":[{"embeddable":true,"href":"https:\/\/schoenstatt.com\/de\/wp-json\/wp\/v2\/media\/34616"}],"wp:attachment":[{"href":"https:\/\/schoenstatt.com\/de\/wp-json\/wp\/v2\/media?parent=34626"}],"wp:term":[{"taxonomy":"category","embeddable":true,"href":"https:\/\/schoenstatt.com\/de\/wp-json\/wp\/v2\/categories?post=34626"},{"taxonomy":"post_tag","embeddable":true,"href":"https:\/\/schoenstatt.com\/de\/wp-json\/wp\/v2\/tags?post=34626"}],"curies":[{"name":"wp","href":"https:\/\/api.w.org\/{rel}","templated":true}]}}