{"id":34560,"date":"2024-02-02T06:19:22","date_gmt":"2024-02-02T05:19:22","guid":{"rendered":"https:\/\/schoenstatt.com\/?p=34560"},"modified":"2025-05-15T20:18:07","modified_gmt":"2025-05-15T18:18:07","slug":"der-alltag-eines-geweihten-mannes-zwischen-dem-naturlichen-und-dem-ubernaturlichen","status":"publish","type":"post","link":"https:\/\/schoenstatt.com\/de\/der-alltag-eines-geweihten-mannes-zwischen-dem-naturlichen-und-dem-ubernaturlichen\/","title":{"rendered":"Der Alltag eines geweihten Mannes &#8211; Zwischen dem Nat\u00fcrlichen und dem \u00dcbernat\u00fcrlichen"},"content":{"rendered":"<p>Um 5:30 Uhr klingelt der Wecker. Ich freue mich, wenn es mir gelingt, gleich die ersten Gedanken mit Gott zu verbinden. Damit stelle ich quasi auch eine Verbindung her, die meine Anliegen und die Menschen, die ich im Herzen mittrage, von der Allmacht Gottes ber\u00fchren lasse.<\/p>\n<h3>Zur Arbeit gehen<\/h3>\n<p>Meine aktuellen Sch\u00fcler sind 8 oder 9 Jahre alt. Sie haben Zukunftspl\u00e4ne, sie haben Talente, sie haben Schw\u00e4chen, sie haben Bed\u00fcrfnisse.<\/p>\n<p>Wir beginnen unseren Schultag in der Klasse mit einem Morgengebet. Wenn ich es einmal vergesse, dann erinnern meine Sch\u00fcler mich daran. Aktuell bin noch ich der Hauptbeter. Meine aktuelle Klasse hat diesmal viele gute S\u00e4nger. Deshalb singen wir das Morgengebet oft oder ich formuliere es frei und hoffe, dass auch meine Sch\u00fcler, mit denen ich seit vier Monaten zusammenarbeite, bald den Mut haben, vor der Klasse das Morgengebet zu \u00fcbernehmen.<\/p>\n<p>Die \u201eHarmonie von Natur und Gnade\u201c lebt von konkreten Erfahrungen.<\/p>\n<p><img fetchpriority=\"high\" decoding=\"async\" class=\"aligncenter wp-image-34548 \" src=\"https:\/\/schoenstatt.com\/wp-content\/uploads\/2024\/02\/kids-criancas-ninos-Hermanos-de-Maria-Hombre-Men-Mannes-Irmao.jpg\" alt=\"\" width=\"945\" height=\"630\" \/><\/p>\n<h2>Der Weg zur Berufung zum geweihten Leben<\/h2>\n<p>Meine Sehnsucht, mich der Gottesmutter und Gott ganz zu weihen, die speiste sich nat\u00fcrlich aus vielen \u201eW\u00e4sserchen\u201c. Es waren aber auch zwei \u201eCateratas de Iguazu\u201c dabei, quasi heftige pers\u00f6nlich erlebte Gnadeneinbr\u00fcche. Als ich 13 Jahre alt war, besch\u00e4ftigte mich ein Gedanke sehr stark. Ich zweifelte nicht an der Existenz Gottes, aber an seiner Vitalit\u00e4t. Die sch\u00f6nen Erfahrungen der Bibel waren beeindruckend, aber warum war Gott nicht auch heute so lebendig sp\u00fcrbar?<\/p>\n<p>Doch genau das ist er, wie er mir eindrucksvoll zeigte: vor allem bei meinen Pilgertouren. In 7 Jahren pilgerte ich ohne Geld und ohne vorheriger \u00dcbernachtungsorganisation oft allein bei mehrere Touren kreuz und quer durch Europa, die letzte mit der <a href=\"https:\/\/schoenstatt.com\/de\/familie\/gemeinschaften-in-der-schoenstattbewegung\/men\/\" target=\"_blank\" rel=\"noopener\">SMJ<\/a> S\u00fcdamerika von Mendoza \u00fcber die Anden nach Santiago de Chile; alle Pilgertouren zusammen hatten ca. 3200 km. Handys gab es damals noch nicht.<\/p>\n<p>Meine damaligen Erfahrungen lassen sich in Worten schlecht beschreiben. Sie f\u00fchrten mich zu der Sicherheit: Ja, Gott ist auch heute so lebendig erfahrbar wie in der B\u00fcndnisgeschichte Israels und den biblischen Geschichten. Die sp\u00fcrbare N\u00e4he zu Ihm beim Pilgern war so begl\u00fcckend, dass es f\u00fcr mich nur eine logische Folgerung daraus gab: Mein ganzes Leben sollte ein Pilgern werden, ein Freir\u00e4umen der Mitte f\u00fcr Gott.<\/p>\n<p><img decoding=\"async\" class=\"aligncenter wp-image-34552 \" src=\"https:\/\/schoenstatt.com\/wp-content\/uploads\/2024\/02\/Hermanos-de-Maria-Hombre-Men-Mannes-Irmao.jpg\" alt=\"\" width=\"973\" height=\"545\" \/><\/p>\n<p>Da ich eine starke Berufung als Grundschullehrer sp\u00fcrte und diese berufliche T\u00e4tigkeit meine Seelsorgearbeit sein sollte, in der ich f\u00fcr andere da sein wollte, um die Gnade Gottes mit ihnen in Verbindung zu bringen, f\u00fchrte mich mein Weg zum <a href=\"https:\/\/www.schoenstatt-marienbrueder.de\/de\/\" target=\"_blank\" rel=\"noopener\">Sch\u00f6nstatt-Institut Marienbr\u00fcder<\/a>.<\/p>\n<h3>Abschluss des Tages<\/h3>\n<p>Oftmals komme ich erst gegen 18:00 Uhr aus der Schule. Dann geht es direkt in die abendliche Eucharistiefeier und beim Heimfahren danach wird manchmal noch der Einkauf der Lebensmittel erledigt. Das Kochen richtet sich dann meist danach, was schnell und einfach zu machen ist.<\/p>\n<p>Grundschulkinder haben oft eine ganz eigene Sicht auf die Dinge. Fr\u00fcher oder sp\u00e4ter fragen meine Sch\u00fcler nach dem Ring, den ich seit meiner Ewigvertragsweihe am Finger trage. Ich antworte ihnen dann in der Regel, dass ich mit Gott \u201everheiratet\u201c bin. Die Reaktionen der Sch\u00fcler sind da sehr unterschiedlich, aber immer spontan geradeheraus.<\/p>\n<p><img decoding=\"async\" class=\"aligncenter wp-image-34556 \" src=\"https:\/\/schoenstatt.com\/wp-content\/uploads\/2024\/02\/harald-knes-irmaos-de-maria-Hermanos.jpg\" alt=\"\" width=\"998\" height=\"559\" \/><\/p>\n<p>Unsere Vorstellungen von Gott kommen immer wieder an Grenzen. Gott ist der ganz andere, der unserem Gottesbild nicht entspricht. Und gleichzeitig ist er wie der Vater im Himmel, der sich beim Pilgern ganz r\u00fchrend um mich, seinem zutiefst geliebtem Kind, k\u00fcmmert. Diese Gedanken m\u00fcnden ins Abendgebet, bei dem ich oft einfach nur vor meinem Hausheiligtum sitze, in Stille den Tag nachklingen lasse und meine Anliegen und das Erlebte in Gottes barmherzige H\u00e4nde lege.<\/p>\n","protected":false},"excerpt":{"rendered":"<p>Vom Aufwachen bis zum Schlafengehen folgt das Leben eines geweihten Mannes vielen \u201enormalen\u201c Aktivit\u00e4ten &#8211; Arbeit, Studium, Gebet&#8230; Aber was macht es anders? Herr Harald Knes zeigt, wie das Nat\u00fcrliche und das \u00dcbernat\u00fcrliche in seinem Alltag in Ber\u00fchrung kommt.<\/p>\n","protected":false},"author":3,"featured_media":34544,"comment_status":"closed","ping_status":"closed","sticky":false,"template":"","format":"standard","meta":{"footnotes":""},"categories":[907],"tags":[],"class_list":["post-34560","post","type-post","status-publish","format-standard","has-post-thumbnail","hentry","category-schoenstatt-gemeinschaften-de"],"yoast_head":"<!-- This site is optimized with the Yoast SEO Premium plugin v27.4 (Yoast SEO v27.5) - https:\/\/yoast.com\/product\/yoast-seo-premium-wordpress\/ -->\n<title>Der Alltag eines geweihten Mannes - Zwischen dem Nat\u00fcrlichen und dem \u00dcbernat\u00fcrlichen<\/title>\n<meta name=\"description\" content=\"Vom Aufwachen bis zum Schlafengehen folgt das Leben eines geweihten Mannes vielen \u201enormalen\u201c Aktivit\u00e4ten. Aber was macht es anders?\" \/>\n<meta name=\"robots\" content=\"index, follow, max-snippet:-1, max-image-preview:large, max-video-preview:-1\" \/>\n<link rel=\"canonical\" href=\"https:\/\/schoenstatt.com\/de\/der-alltag-eines-geweihten-mannes-zwischen-dem-naturlichen-und-dem-ubernaturlichen\/\" \/>\n<meta property=\"og:locale\" content=\"de_DE\" \/>\n<meta property=\"og:type\" content=\"article\" \/>\n<meta property=\"og:title\" content=\"Der Alltag eines geweihten Mannes - Zwischen dem Nat\u00fcrlichen und dem \u00dcbernat\u00fcrlichen\" \/>\n<meta property=\"og:description\" content=\"Vom Aufwachen bis zum Schlafengehen folgt das Leben eines geweihten Mannes vielen \u201enormalen\u201c Aktivit\u00e4ten. Aber was macht es anders?\" \/>\n<meta property=\"og:url\" content=\"https:\/\/schoenstatt.com\/de\/der-alltag-eines-geweihten-mannes-zwischen-dem-naturlichen-und-dem-ubernaturlichen\/\" \/>\n<meta property=\"og:site_name\" content=\"Schoenstatt\" \/>\n<meta property=\"article:published_time\" content=\"2024-02-02T05:19:22+00:00\" \/>\n<meta property=\"article:modified_time\" content=\"2025-05-15T18:18:07+00:00\" \/>\n<meta property=\"og:image\" content=\"https:\/\/schoenstatt.com\/wp-content\/uploads\/2024\/02\/lider-Hermanos-de-Maria-Hombre-Men-Mannes-Irmao-1.jpg\" \/>\n\t<meta property=\"og:image:width\" content=\"2048\" \/>\n\t<meta property=\"og:image:height\" content=\"1365\" \/>\n\t<meta property=\"og:image:type\" content=\"image\/jpeg\" \/>\n<meta name=\"author\" content=\"Karen Bueno\" \/>\n<meta name=\"twitter:card\" content=\"summary_large_image\" \/>\n<meta name=\"twitter:label1\" content=\"Verfasst von\" \/>\n\t<meta name=\"twitter:data1\" content=\"Karen Bueno\" \/>\n\t<meta name=\"twitter:label2\" content=\"Gesch\u00e4tzte Lesezeit\" \/>\n\t<meta name=\"twitter:data2\" content=\"4\u00a0Minuten\" \/>\n<script type=\"application\/ld+json\" class=\"yoast-schema-graph\">{\"@context\":\"https:\\\/\\\/schema.org\",\"@graph\":[{\"@type\":\"Article\",\"@id\":\"https:\\\/\\\/schoenstatt.com\\\/de\\\/der-alltag-eines-geweihten-mannes-zwischen-dem-naturlichen-und-dem-ubernaturlichen\\\/#article\",\"isPartOf\":{\"@id\":\"https:\\\/\\\/schoenstatt.com\\\/de\\\/der-alltag-eines-geweihten-mannes-zwischen-dem-naturlichen-und-dem-ubernaturlichen\\\/\"},\"author\":{\"name\":\"Karen Bueno\",\"@id\":\"https:\\\/\\\/schoenstatt.com\\\/de\\\/#\\\/schema\\\/person\\\/5158877ad4acae98b34daaeef2a1ce6e\"},\"headline\":\"Der Alltag eines geweihten Mannes &#8211; Zwischen dem Nat\u00fcrlichen und dem \u00dcbernat\u00fcrlichen\",\"datePublished\":\"2024-02-02T05:19:22+00:00\",\"dateModified\":\"2025-05-15T18:18:07+00:00\",\"mainEntityOfPage\":{\"@id\":\"https:\\\/\\\/schoenstatt.com\\\/de\\\/der-alltag-eines-geweihten-mannes-zwischen-dem-naturlichen-und-dem-ubernaturlichen\\\/\"},\"wordCount\":616,\"publisher\":{\"@id\":\"https:\\\/\\\/schoenstatt.com\\\/de\\\/#organization\"},\"image\":{\"@id\":\"https:\\\/\\\/schoenstatt.com\\\/de\\\/der-alltag-eines-geweihten-mannes-zwischen-dem-naturlichen-und-dem-ubernaturlichen\\\/#primaryimage\"},\"thumbnailUrl\":\"https:\\\/\\\/schoenstatt.com\\\/wp-content\\\/uploads\\\/2024\\\/02\\\/lider-Hermanos-de-Maria-Hombre-Men-Mannes-Irmao-1.jpg\",\"articleSection\":[\"Schoenstatt Gemeinschaften\"],\"inLanguage\":\"de\"},{\"@type\":\"WebPage\",\"@id\":\"https:\\\/\\\/schoenstatt.com\\\/de\\\/der-alltag-eines-geweihten-mannes-zwischen-dem-naturlichen-und-dem-ubernaturlichen\\\/\",\"url\":\"https:\\\/\\\/schoenstatt.com\\\/de\\\/der-alltag-eines-geweihten-mannes-zwischen-dem-naturlichen-und-dem-ubernaturlichen\\\/\",\"name\":\"Der Alltag eines geweihten Mannes - Zwischen dem Nat\u00fcrlichen und dem \u00dcbernat\u00fcrlichen\",\"isPartOf\":{\"@id\":\"https:\\\/\\\/schoenstatt.com\\\/de\\\/#website\"},\"primaryImageOfPage\":{\"@id\":\"https:\\\/\\\/schoenstatt.com\\\/de\\\/der-alltag-eines-geweihten-mannes-zwischen-dem-naturlichen-und-dem-ubernaturlichen\\\/#primaryimage\"},\"image\":{\"@id\":\"https:\\\/\\\/schoenstatt.com\\\/de\\\/der-alltag-eines-geweihten-mannes-zwischen-dem-naturlichen-und-dem-ubernaturlichen\\\/#primaryimage\"},\"thumbnailUrl\":\"https:\\\/\\\/schoenstatt.com\\\/wp-content\\\/uploads\\\/2024\\\/02\\\/lider-Hermanos-de-Maria-Hombre-Men-Mannes-Irmao-1.jpg\",\"datePublished\":\"2024-02-02T05:19:22+00:00\",\"dateModified\":\"2025-05-15T18:18:07+00:00\",\"description\":\"Vom Aufwachen bis zum Schlafengehen folgt das Leben eines geweihten Mannes vielen \u201enormalen\u201c Aktivit\u00e4ten. Aber was macht es anders?\",\"breadcrumb\":{\"@id\":\"https:\\\/\\\/schoenstatt.com\\\/de\\\/der-alltag-eines-geweihten-mannes-zwischen-dem-naturlichen-und-dem-ubernaturlichen\\\/#breadcrumb\"},\"inLanguage\":\"de\",\"potentialAction\":[{\"@type\":\"ReadAction\",\"target\":[\"https:\\\/\\\/schoenstatt.com\\\/de\\\/der-alltag-eines-geweihten-mannes-zwischen-dem-naturlichen-und-dem-ubernaturlichen\\\/\"]}]},{\"@type\":\"ImageObject\",\"inLanguage\":\"de\",\"@id\":\"https:\\\/\\\/schoenstatt.com\\\/de\\\/der-alltag-eines-geweihten-mannes-zwischen-dem-naturlichen-und-dem-ubernaturlichen\\\/#primaryimage\",\"url\":\"https:\\\/\\\/schoenstatt.com\\\/wp-content\\\/uploads\\\/2024\\\/02\\\/lider-Hermanos-de-Maria-Hombre-Men-Mannes-Irmao-1.jpg\",\"contentUrl\":\"https:\\\/\\\/schoenstatt.com\\\/wp-content\\\/uploads\\\/2024\\\/02\\\/lider-Hermanos-de-Maria-Hombre-Men-Mannes-Irmao-1.jpg\",\"width\":2048,\"height\":1365},{\"@type\":\"BreadcrumbList\",\"@id\":\"https:\\\/\\\/schoenstatt.com\\\/de\\\/der-alltag-eines-geweihten-mannes-zwischen-dem-naturlichen-und-dem-ubernaturlichen\\\/#breadcrumb\",\"itemListElement\":[{\"@type\":\"ListItem\",\"position\":1,\"name\":\"Portada\",\"item\":\"https:\\\/\\\/schoenstatt.com\\\/de\\\/home\\\/\"},{\"@type\":\"ListItem\",\"position\":2,\"name\":\"Der Alltag eines geweihten Mannes &#8211; Zwischen dem Nat\u00fcrlichen und dem \u00dcbernat\u00fcrlichen\"}]},{\"@type\":\"WebSite\",\"@id\":\"https:\\\/\\\/schoenstatt.com\\\/de\\\/#website\",\"url\":\"https:\\\/\\\/schoenstatt.com\\\/de\\\/\",\"name\":\"Schoenstatt\",\"description\":\"Apostolic Movement\",\"publisher\":{\"@id\":\"https:\\\/\\\/schoenstatt.com\\\/de\\\/#organization\"},\"potentialAction\":[{\"@type\":\"SearchAction\",\"target\":{\"@type\":\"EntryPoint\",\"urlTemplate\":\"https:\\\/\\\/schoenstatt.com\\\/de\\\/?s={search_term_string}\"},\"query-input\":{\"@type\":\"PropertyValueSpecification\",\"valueRequired\":true,\"valueName\":\"search_term_string\"}}],\"inLanguage\":\"de\"},{\"@type\":\"Organization\",\"@id\":\"https:\\\/\\\/schoenstatt.com\\\/de\\\/#organization\",\"name\":\"Schoenstatt\",\"url\":\"https:\\\/\\\/schoenstatt.com\\\/de\\\/\",\"logo\":{\"@type\":\"ImageObject\",\"inLanguage\":\"de\",\"@id\":\"https:\\\/\\\/schoenstatt.com\\\/de\\\/#\\\/schema\\\/logo\\\/image\\\/\",\"url\":\"https:\\\/\\\/schoenstatt.com\\\/wp-content\\\/uploads\\\/2025\\\/04\\\/logo-schoenstatt-white-696x696-1.png\",\"contentUrl\":\"https:\\\/\\\/schoenstatt.com\\\/wp-content\\\/uploads\\\/2025\\\/04\\\/logo-schoenstatt-white-696x696-1.png\",\"width\":696,\"height\":694,\"caption\":\"Schoenstatt\"},\"image\":{\"@id\":\"https:\\\/\\\/schoenstatt.com\\\/de\\\/#\\\/schema\\\/logo\\\/image\\\/\"}},{\"@type\":\"Person\",\"@id\":\"https:\\\/\\\/schoenstatt.com\\\/de\\\/#\\\/schema\\\/person\\\/5158877ad4acae98b34daaeef2a1ce6e\",\"name\":\"Karen Bueno\",\"image\":{\"@type\":\"ImageObject\",\"inLanguage\":\"de\",\"@id\":\"https:\\\/\\\/secure.gravatar.com\\\/avatar\\\/f9f4b823873154269d2b2130f195f6d41037dd0d7fc5f3cacb5c846bae70d66b?s=96&d=mm&r=g\",\"url\":\"https:\\\/\\\/secure.gravatar.com\\\/avatar\\\/f9f4b823873154269d2b2130f195f6d41037dd0d7fc5f3cacb5c846bae70d66b?s=96&d=mm&r=g\",\"contentUrl\":\"https:\\\/\\\/secure.gravatar.com\\\/avatar\\\/f9f4b823873154269d2b2130f195f6d41037dd0d7fc5f3cacb5c846bae70d66b?s=96&d=mm&r=g\",\"caption\":\"Karen Bueno\"},\"url\":\"https:\\\/\\\/schoenstatt.com\\\/de\\\/author\\\/karen-bueno\\\/\"}]}<\/script>\n<!-- \/ Yoast SEO Premium plugin. -->","yoast_head_json":{"title":"Der Alltag eines geweihten Mannes - Zwischen dem Nat\u00fcrlichen und dem \u00dcbernat\u00fcrlichen","description":"Vom Aufwachen bis zum Schlafengehen folgt das Leben eines geweihten Mannes vielen \u201enormalen\u201c Aktivit\u00e4ten. Aber was macht es anders?","robots":{"index":"index","follow":"follow","max-snippet":"max-snippet:-1","max-image-preview":"max-image-preview:large","max-video-preview":"max-video-preview:-1"},"canonical":"https:\/\/schoenstatt.com\/de\/der-alltag-eines-geweihten-mannes-zwischen-dem-naturlichen-und-dem-ubernaturlichen\/","og_locale":"de_DE","og_type":"article","og_title":"Der Alltag eines geweihten Mannes - Zwischen dem Nat\u00fcrlichen und dem \u00dcbernat\u00fcrlichen","og_description":"Vom Aufwachen bis zum Schlafengehen folgt das Leben eines geweihten Mannes vielen \u201enormalen\u201c Aktivit\u00e4ten. Aber was macht es anders?","og_url":"https:\/\/schoenstatt.com\/de\/der-alltag-eines-geweihten-mannes-zwischen-dem-naturlichen-und-dem-ubernaturlichen\/","og_site_name":"Schoenstatt","article_published_time":"2024-02-02T05:19:22+00:00","article_modified_time":"2025-05-15T18:18:07+00:00","og_image":[{"width":2048,"height":1365,"url":"https:\/\/schoenstatt.com\/wp-content\/uploads\/2024\/02\/lider-Hermanos-de-Maria-Hombre-Men-Mannes-Irmao-1.jpg","type":"image\/jpeg"}],"author":"Karen Bueno","twitter_card":"summary_large_image","twitter_misc":{"Verfasst von":"Karen Bueno","Gesch\u00e4tzte Lesezeit":"4\u00a0Minuten"},"schema":{"@context":"https:\/\/schema.org","@graph":[{"@type":"Article","@id":"https:\/\/schoenstatt.com\/de\/der-alltag-eines-geweihten-mannes-zwischen-dem-naturlichen-und-dem-ubernaturlichen\/#article","isPartOf":{"@id":"https:\/\/schoenstatt.com\/de\/der-alltag-eines-geweihten-mannes-zwischen-dem-naturlichen-und-dem-ubernaturlichen\/"},"author":{"name":"Karen Bueno","@id":"https:\/\/schoenstatt.com\/de\/#\/schema\/person\/5158877ad4acae98b34daaeef2a1ce6e"},"headline":"Der Alltag eines geweihten Mannes &#8211; Zwischen dem Nat\u00fcrlichen und dem \u00dcbernat\u00fcrlichen","datePublished":"2024-02-02T05:19:22+00:00","dateModified":"2025-05-15T18:18:07+00:00","mainEntityOfPage":{"@id":"https:\/\/schoenstatt.com\/de\/der-alltag-eines-geweihten-mannes-zwischen-dem-naturlichen-und-dem-ubernaturlichen\/"},"wordCount":616,"publisher":{"@id":"https:\/\/schoenstatt.com\/de\/#organization"},"image":{"@id":"https:\/\/schoenstatt.com\/de\/der-alltag-eines-geweihten-mannes-zwischen-dem-naturlichen-und-dem-ubernaturlichen\/#primaryimage"},"thumbnailUrl":"https:\/\/schoenstatt.com\/wp-content\/uploads\/2024\/02\/lider-Hermanos-de-Maria-Hombre-Men-Mannes-Irmao-1.jpg","articleSection":["Schoenstatt Gemeinschaften"],"inLanguage":"de"},{"@type":"WebPage","@id":"https:\/\/schoenstatt.com\/de\/der-alltag-eines-geweihten-mannes-zwischen-dem-naturlichen-und-dem-ubernaturlichen\/","url":"https:\/\/schoenstatt.com\/de\/der-alltag-eines-geweihten-mannes-zwischen-dem-naturlichen-und-dem-ubernaturlichen\/","name":"Der Alltag eines geweihten Mannes - Zwischen dem Nat\u00fcrlichen und dem \u00dcbernat\u00fcrlichen","isPartOf":{"@id":"https:\/\/schoenstatt.com\/de\/#website"},"primaryImageOfPage":{"@id":"https:\/\/schoenstatt.com\/de\/der-alltag-eines-geweihten-mannes-zwischen-dem-naturlichen-und-dem-ubernaturlichen\/#primaryimage"},"image":{"@id":"https:\/\/schoenstatt.com\/de\/der-alltag-eines-geweihten-mannes-zwischen-dem-naturlichen-und-dem-ubernaturlichen\/#primaryimage"},"thumbnailUrl":"https:\/\/schoenstatt.com\/wp-content\/uploads\/2024\/02\/lider-Hermanos-de-Maria-Hombre-Men-Mannes-Irmao-1.jpg","datePublished":"2024-02-02T05:19:22+00:00","dateModified":"2025-05-15T18:18:07+00:00","description":"Vom Aufwachen bis zum Schlafengehen folgt das Leben eines geweihten Mannes vielen \u201enormalen\u201c Aktivit\u00e4ten. Aber was macht es anders?","breadcrumb":{"@id":"https:\/\/schoenstatt.com\/de\/der-alltag-eines-geweihten-mannes-zwischen-dem-naturlichen-und-dem-ubernaturlichen\/#breadcrumb"},"inLanguage":"de","potentialAction":[{"@type":"ReadAction","target":["https:\/\/schoenstatt.com\/de\/der-alltag-eines-geweihten-mannes-zwischen-dem-naturlichen-und-dem-ubernaturlichen\/"]}]},{"@type":"ImageObject","inLanguage":"de","@id":"https:\/\/schoenstatt.com\/de\/der-alltag-eines-geweihten-mannes-zwischen-dem-naturlichen-und-dem-ubernaturlichen\/#primaryimage","url":"https:\/\/schoenstatt.com\/wp-content\/uploads\/2024\/02\/lider-Hermanos-de-Maria-Hombre-Men-Mannes-Irmao-1.jpg","contentUrl":"https:\/\/schoenstatt.com\/wp-content\/uploads\/2024\/02\/lider-Hermanos-de-Maria-Hombre-Men-Mannes-Irmao-1.jpg","width":2048,"height":1365},{"@type":"BreadcrumbList","@id":"https:\/\/schoenstatt.com\/de\/der-alltag-eines-geweihten-mannes-zwischen-dem-naturlichen-und-dem-ubernaturlichen\/#breadcrumb","itemListElement":[{"@type":"ListItem","position":1,"name":"Portada","item":"https:\/\/schoenstatt.com\/de\/home\/"},{"@type":"ListItem","position":2,"name":"Der Alltag eines geweihten Mannes &#8211; Zwischen dem Nat\u00fcrlichen und dem \u00dcbernat\u00fcrlichen"}]},{"@type":"WebSite","@id":"https:\/\/schoenstatt.com\/de\/#website","url":"https:\/\/schoenstatt.com\/de\/","name":"Schoenstatt","description":"Apostolic Movement","publisher":{"@id":"https:\/\/schoenstatt.com\/de\/#organization"},"potentialAction":[{"@type":"SearchAction","target":{"@type":"EntryPoint","urlTemplate":"https:\/\/schoenstatt.com\/de\/?s={search_term_string}"},"query-input":{"@type":"PropertyValueSpecification","valueRequired":true,"valueName":"search_term_string"}}],"inLanguage":"de"},{"@type":"Organization","@id":"https:\/\/schoenstatt.com\/de\/#organization","name":"Schoenstatt","url":"https:\/\/schoenstatt.com\/de\/","logo":{"@type":"ImageObject","inLanguage":"de","@id":"https:\/\/schoenstatt.com\/de\/#\/schema\/logo\/image\/","url":"https:\/\/schoenstatt.com\/wp-content\/uploads\/2025\/04\/logo-schoenstatt-white-696x696-1.png","contentUrl":"https:\/\/schoenstatt.com\/wp-content\/uploads\/2025\/04\/logo-schoenstatt-white-696x696-1.png","width":696,"height":694,"caption":"Schoenstatt"},"image":{"@id":"https:\/\/schoenstatt.com\/de\/#\/schema\/logo\/image\/"}},{"@type":"Person","@id":"https:\/\/schoenstatt.com\/de\/#\/schema\/person\/5158877ad4acae98b34daaeef2a1ce6e","name":"Karen Bueno","image":{"@type":"ImageObject","inLanguage":"de","@id":"https:\/\/secure.gravatar.com\/avatar\/f9f4b823873154269d2b2130f195f6d41037dd0d7fc5f3cacb5c846bae70d66b?s=96&d=mm&r=g","url":"https:\/\/secure.gravatar.com\/avatar\/f9f4b823873154269d2b2130f195f6d41037dd0d7fc5f3cacb5c846bae70d66b?s=96&d=mm&r=g","contentUrl":"https:\/\/secure.gravatar.com\/avatar\/f9f4b823873154269d2b2130f195f6d41037dd0d7fc5f3cacb5c846bae70d66b?s=96&d=mm&r=g","caption":"Karen Bueno"},"url":"https:\/\/schoenstatt.com\/de\/author\/karen-bueno\/"}]}},"_links":{"self":[{"href":"https:\/\/schoenstatt.com\/de\/wp-json\/wp\/v2\/posts\/34560","targetHints":{"allow":["GET"]}}],"collection":[{"href":"https:\/\/schoenstatt.com\/de\/wp-json\/wp\/v2\/posts"}],"about":[{"href":"https:\/\/schoenstatt.com\/de\/wp-json\/wp\/v2\/types\/post"}],"author":[{"embeddable":true,"href":"https:\/\/schoenstatt.com\/de\/wp-json\/wp\/v2\/users\/3"}],"replies":[{"embeddable":true,"href":"https:\/\/schoenstatt.com\/de\/wp-json\/wp\/v2\/comments?post=34560"}],"version-history":[{"count":1,"href":"https:\/\/schoenstatt.com\/de\/wp-json\/wp\/v2\/posts\/34560\/revisions"}],"predecessor-version":[{"id":46641,"href":"https:\/\/schoenstatt.com\/de\/wp-json\/wp\/v2\/posts\/34560\/revisions\/46641"}],"wp:featuredmedia":[{"embeddable":true,"href":"https:\/\/schoenstatt.com\/de\/wp-json\/wp\/v2\/media\/34544"}],"wp:attachment":[{"href":"https:\/\/schoenstatt.com\/de\/wp-json\/wp\/v2\/media?parent=34560"}],"wp:term":[{"taxonomy":"category","embeddable":true,"href":"https:\/\/schoenstatt.com\/de\/wp-json\/wp\/v2\/categories?post=34560"},{"taxonomy":"post_tag","embeddable":true,"href":"https:\/\/schoenstatt.com\/de\/wp-json\/wp\/v2\/tags?post=34560"}],"curies":[{"name":"wp","href":"https:\/\/api.w.org\/{rel}","templated":true}]}}