{"id":34334,"date":"2024-01-23T09:57:13","date_gmt":"2024-01-23T08:57:13","guid":{"rendered":"https:\/\/schoenstatt.com\/?p=34334"},"modified":"2025-05-15T20:18:46","modified_gmt":"2025-05-15T18:18:46","slug":"vor-90-jahren-kamen-die-ersten-schoenstatt-missionare-nach-afrika","status":"publish","type":"post","link":"https:\/\/schoenstatt.com\/de\/vor-90-jahren-kamen-die-ersten-schoenstatt-missionare-nach-afrika\/","title":{"rendered":"Vor 90 Jahren kamen die ersten Sch\u00f6nstatt-Missionare nach Afrika"},"content":{"rendered":"<p>Schwester M. Melitta R\u00fcmmele trat im August 1930 bei den Sch\u00f6nst\u00e4tter Marienschwestern ein. Bei ihrer Entscheidung \u00e4u\u00dferte sie gegen\u00fcber Pater Kentenich den Wunsch, einmal in Missionsl\u00e4ndern zu arbeiten. Er versicherte ihr, dass sie gehen d\u00fcrfe, wenn sich eine T\u00fcr f\u00fcr die Schwestern \u00f6ffnete, um in ein Missionsland zu gehen. In der Weihnachtszeit 1932 teilte Pater Kentenich ihr mit, dass Verhandlungen \u00fcber eine Missionsstation in Afrika liefen, und sie w\u00fcrde zu der ersten Gruppe geh\u00f6ren, die dorthin reisen w\u00fcrde, wenn es dazu k\u00e4me.<\/p>\n<h3>Den Willen Gottes entdecken<\/h3>\n<p>Im Jahr 1932, als die Nationalsozialisten in Deutschland an Macht gewannen und die politische Situation immer gef\u00e4hrlicher wurde, suchte Pater Kentenich nach Wegen, die Sendung Sch\u00f6nstatts zu sichern. Zur gleichen Zeit wurde er von Msgr. Vogel angesprochen, der Schwestern f\u00fcr den Dienst in S\u00fcdafrika suchte. Pater Kentenich hatte auch einen guten Draht zu Bischof Henneman in Kapstadt, der ebenfalls daran interessiert war, Schwestern in seiner Di\u00f6zese aufzunehmen. Im Vertrauen auf die g\u00f6ttliche Vorsehung sandte Pater Kentenich am 17. Dezember 1933 offiziell die erste Gruppe von sieben Schwestern nach Afrika aus.<\/p>\n<h2>Im Vertrauen auf das MHC \u2013 Mater habebit curam (Die Gottesmutter Maria wird sorgen)<\/h2>\n<p>Die Entscheidung Pater Kentenichs und die Bereitschaft der Schwestern erforderten gro\u00dfen Mut. Die Schwestern, die sich in ein unbekanntes Land wagten, waren jung und unerfahren. Sie waren \u00fcberzeugt, dass sie nie wieder in ihr Heimatland zur\u00fcckkehren w\u00fcrden. Die Gemeinschaft der Sch\u00f6nstatt-Schwestern war erst sieben Jahre zuvor gegr\u00fcndet worden und befand sich noch im Aufbau.<\/p>\n<p><img fetchpriority=\"high\" decoding=\"async\" class=\"aligncenter wp-image-34343 size-full\" src=\"https:\/\/schoenstatt.com\/wp-content\/uploads\/2024\/01\/Afrika-Africa-Irmas-Sisters-Hermanas-Schwestern-Schoenstatt-4.jpg\" alt=\"\" width=\"700\" height=\"679\" \/><\/p>\n<p>Pater Kentenich und die Schwestern vertrauten auf das Liebesb\u00fcndnis mit der Gottesmutter. Vor ihrer Abreise erinnerte er die Schwestern daran, dass das Vertrauenswort \u201eMater habebit curam\u201d (Die Gottesmutter wird sorgen) Wunder wirken kann. Die Schwestern druckten sogar die Buchstaben MHC auf ihre Holzkisten, um sie an diese Realit\u00e4t zu erinnern. Seine letzten Worte an die Schwestern vor ihrer Abreise von Sch\u00f6nstatt zum Hafen nach Rotterdam waren:<\/p>\n<blockquote><p>\u201eKind, vergiss deine Mutter nicht. Und dann wird es wahr werden: \u2018Servus Mariae nunquam peribit\u2019 \u2013 Ein Kind Mariens wird niemnals untergehen. \u2013 (21. Dezember 1933)<\/p><\/blockquote>\n<h3>Abreise aus Deutschland<\/h3>\n<p>Am 23. Dezember brach die erste Gruppe von Missionaren, die Schwestern M. Liboria, M. Melanie, M. Irmine, M. Roswitha, M. Melitta, M. Tarzisia und M. Rosalie, von Rotterdam aus mit einem Dampfschiff nach S\u00fcdafrika auf. Die abenteuerliche Reise dauerte fast vier Wochen.<\/p>\n<p>Mit gro\u00dfer Freude erreichten sie am 18. Januar 1934 den ersten Anlaufhafen in S\u00fcdafrika: Kapstadt. Sie durften das Schiff verlassen und machten sich noch am selben Abend auf die Suche nach einer katholischen Kirche. Sie besuchten verschiedene Kirchen, aber keine war katholisch. Am n\u00e4chsten Morgen fanden sie zusammen mit einer Gruppe von Dominikanerinnen, die aus England angereist waren, eine katholische Kirche und konnten an ihrer ersten Heiligen Messe in S\u00fcdafrika teilnehmen. Sp\u00e4ter am Morgen nutzten sie ihre wenigen Englischkenntnisse, um nach Bischof Henneman zu suchen. Nach einer freudigen Begegnung kehrten die Schwestern zum Dampfschiff zur\u00fcck, um sich auf die nachmitt\u00e4gliche Abfahrt nach East London vorzubereiten.<\/p>\n<p><img decoding=\"async\" class=\"aligncenter wp-image-34351 size-large\" src=\"https:\/\/schoenstatt.com\/wp-content\/uploads\/2024\/01\/Afrika-Africa-Irmas-Sisters-Hermanas-Schwestern-Schoenstatt-1024x672.jpg\" alt=\"\" width=\"840\" height=\"551\" \/><\/p>\n<h2>Ankunft in Afrika<\/h2>\n<p>Am 23. Januar erreichten sie East London und wurden von drei Pallottinerpatres begr\u00fc\u00dft, die sie nach Stutterheim fuhren. Sie verbrachten die Nacht im Kloster der Dominikanerinnen, wo das erste Foto unserer Schwestern in S\u00fcdafrika aufgenommen wurde. Mit gro\u00dfer Aufregung kamen die Schwestern schlie\u00dflich in Cathcart an, wo f\u00fcnf von ihnen die Arbeit in der Missionsschule, der Pfarrei und der Krankenstation in der Gegend aufnehmen w\u00fcrden.<\/p>\n<p>Am 23. Januar erreichten sie East London und wurden von drei Pallottinerpatres begr\u00fc\u00dft, die sie nach Stutterheim fuhren. Sie verbrachten die Nacht im Kloster der Dominikanerinnen, wo das erste Foto unserer Schwestern in S\u00fcdafrika aufgenommen wurde. Mit gro\u00dfer Aufregung kamen die Schwestern schlie\u00dflich in Cathcart an, wo f\u00fcnf von ihnen die Arbeit in der Missionsschule, der Pfarrei und der Krankenstation in der Gegend aufnehmen w\u00fcrden.<\/p>\n<figure id=\"attachment_34339\" aria-describedby=\"caption-attachment-34339\" style=\"width: 840px\" class=\"wp-caption aligncenter\"><img decoding=\"async\" class=\"wp-image-34339 size-large\" src=\"https:\/\/schoenstatt.com\/wp-content\/uploads\/2024\/01\/Afrika-Africa-Irmas-Sisters-Hermanas-Schwestern-Schoenstatt-3-1024x794.jpg\" alt=\"\" width=\"840\" height=\"651\" \/><figcaption id=\"caption-attachment-34339\" class=\"wp-caption-text\">Erste Foto in S\u00fcdafrika<\/figcaption><\/figure>\n<h2>Eine \u00dcberraschung: Die Mutter ist die erste, die in Afrika ankommt<\/h2>\n<p>Nach dem Einzug in ihr neues Haus verf\u00fcgten die Schwestern nur \u00fcber sehr wenige Mittel und mussten feststellen, dass viel Arbeit zu erledigen war. Aber sie entdeckten auch die erf\u00fcllende Freude, anderen Menschen zu helfen und sie zu Gott zu f\u00fchren.<\/p>\n<p>Eine gro\u00dfe Freude war f\u00fcr sie, dass sie bei ihrer Ankunft in Stutterheim ein gro\u00dfes MTA-Bild in der Kapelle des Patreshauses entdeckten.Die Gottesmutter war vor ihnen nach S\u00fcdafrika gereist! W\u00e4hrend ihrer Mission in Afrika erlebten sie immer wieder, dass die Gottesmutter f\u00fcr sie sorgte, so wie Pater Kentenich es ihnen vor ihrer Abreise gesagt hatte: \u201eDie Mutter wird sorgen \u2013 Mater habebit curam.\u201d<\/p>\n<p>Wir sind heute dankbar f\u00fcr die sieben Pionierschwestern, die mutig nach S\u00fcdafrika kamen, um die Mission Sch\u00f6nstatts in der Welt zu verbreiten. In Afrika arbeiten unsere Schwestern heute in S\u00fcdafrika, Burundi und Kenia, und unterst\u00fctzen die Sch\u00f6nstattbewegung in Simbabwe, Tansania und Nigeria. Von S\u00fcdafrika aus wurden unsere Schwestern nach Schottland, England und Irland sowie nach Texas ausgesandt, um den Aufbau Sch\u00f6nstatts in den englischsprachigen L\u00e4ndern zu unterst\u00fctzen. Viele der Herausforderungen heute unterscheiden sich von denen vor neunzig Jahren, aber wir vertrauen weiterhin auf das MHC und erfahren die st\u00e4ndige F\u00fcrsorge der Gottesmutter.<\/p>\n<p><strong><img loading=\"lazy\" decoding=\"async\" class=\"aligncenter wp-image-34335 size-large\" src=\"https:\/\/schoenstatt.com\/wp-content\/uploads\/2024\/01\/Afrika-Africa-Irmas-Sisters-Hermanas-Schwestern-Schoenstatt-2-1024x801.jpg\" alt=\"\" width=\"840\" height=\"657\" \/><\/strong><\/p>\n<p><strong>Quelle:<\/strong> Sch\u00f6nst\u00e4tter Marienschwestern &#8211; <a href=\"https:\/\/www.s-ms.org\/\" target=\"_blank\" rel=\"noopener\">s-ms.org<\/a><\/p>\n","protected":false},"excerpt":{"rendered":"<p>Vor 90 Jahren kam die erste Gruppe der Sch\u00f6nst\u00e4tter Marienschwestern in Afrika an. Die sieben Pionierinnen brachten unsere Spiritualit\u00e4t auf den Kontinent und \u00f6ffneten die T\u00fcren f\u00fcr Sch\u00f6nstatt auf afrikanischem Boden.<\/p>\n","protected":false},"author":3,"featured_media":34347,"comment_status":"closed","ping_status":"closed","sticky":false,"template":"","format":"standard","meta":{"footnotes":""},"categories":[907],"tags":[],"class_list":["post-34334","post","type-post","status-publish","format-standard","has-post-thumbnail","hentry","category-schoenstatt-gemeinschaften-de"],"yoast_head":"<!-- This site is optimized with the Yoast SEO Premium plugin v27.4 (Yoast SEO v27.4) - https:\/\/yoast.com\/product\/yoast-seo-premium-wordpress\/ -->\n<title>Vor 90 Jahren kamen die ersten Sch\u00f6nstatt-Missionare nach Afrika<\/title>\n<meta name=\"description\" content=\"Vor 90 Jahren kam die erste Gruppe der Sch\u00f6nst\u00e4tter Marienschwestern in Afrika an. Die Pioniere brachten unsere Spiritualit\u00e4t.\" \/>\n<meta name=\"robots\" content=\"index, follow, max-snippet:-1, max-image-preview:large, max-video-preview:-1\" \/>\n<link rel=\"canonical\" href=\"https:\/\/schoenstatt.com\/de\/vor-90-jahren-kamen-die-ersten-schoenstatt-missionare-nach-afrika\/\" \/>\n<meta property=\"og:locale\" content=\"de_DE\" \/>\n<meta property=\"og:type\" content=\"article\" \/>\n<meta property=\"og:title\" content=\"Vor 90 Jahren kamen die ersten Sch\u00f6nstatt-Missionare nach Afrika\" \/>\n<meta property=\"og:description\" content=\"Vor 90 Jahren kam die erste Gruppe der Sch\u00f6nst\u00e4tter Marienschwestern in Afrika an. Die Pioniere brachten unsere Spiritualit\u00e4t.\" \/>\n<meta property=\"og:url\" content=\"https:\/\/schoenstatt.com\/de\/vor-90-jahren-kamen-die-ersten-schoenstatt-missionare-nach-afrika\/\" \/>\n<meta property=\"og:site_name\" content=\"Schoenstatt\" \/>\n<meta property=\"article:published_time\" content=\"2024-01-23T08:57:13+00:00\" \/>\n<meta property=\"article:modified_time\" content=\"2025-05-15T18:18:46+00:00\" \/>\n<meta property=\"og:image\" content=\"https:\/\/schoenstatt.com\/wp-content\/uploads\/2024\/01\/Afrika-Africa-Irmas-Sisters-Hermanas-Schwestern-Schoenstatt-5-1.jpg\" \/>\n\t<meta property=\"og:image:width\" content=\"2048\" \/>\n\t<meta property=\"og:image:height\" content=\"1494\" \/>\n\t<meta property=\"og:image:type\" content=\"image\/jpeg\" \/>\n<meta name=\"author\" content=\"Karen Bueno\" \/>\n<meta name=\"twitter:card\" content=\"summary_large_image\" \/>\n<meta name=\"twitter:label1\" content=\"Verfasst von\" \/>\n\t<meta name=\"twitter:data1\" content=\"Karen Bueno\" \/>\n\t<meta name=\"twitter:label2\" content=\"Gesch\u00e4tzte Lesezeit\" \/>\n\t<meta name=\"twitter:data2\" content=\"5\u00a0Minuten\" \/>\n<script type=\"application\/ld+json\" class=\"yoast-schema-graph\">{\"@context\":\"https:\\\/\\\/schema.org\",\"@graph\":[{\"@type\":\"Article\",\"@id\":\"https:\\\/\\\/schoenstatt.com\\\/de\\\/vor-90-jahren-kamen-die-ersten-schoenstatt-missionare-nach-afrika\\\/#article\",\"isPartOf\":{\"@id\":\"https:\\\/\\\/schoenstatt.com\\\/de\\\/vor-90-jahren-kamen-die-ersten-schoenstatt-missionare-nach-afrika\\\/\"},\"author\":{\"name\":\"Karen Bueno\",\"@id\":\"https:\\\/\\\/schoenstatt.com\\\/de\\\/#\\\/schema\\\/person\\\/5158877ad4acae98b34daaeef2a1ce6e\"},\"headline\":\"Vor 90 Jahren kamen die ersten Sch\u00f6nstatt-Missionare nach Afrika\",\"datePublished\":\"2024-01-23T08:57:13+00:00\",\"dateModified\":\"2025-05-15T18:18:46+00:00\",\"mainEntityOfPage\":{\"@id\":\"https:\\\/\\\/schoenstatt.com\\\/de\\\/vor-90-jahren-kamen-die-ersten-schoenstatt-missionare-nach-afrika\\\/\"},\"wordCount\":908,\"publisher\":{\"@id\":\"https:\\\/\\\/schoenstatt.com\\\/de\\\/#organization\"},\"image\":{\"@id\":\"https:\\\/\\\/schoenstatt.com\\\/de\\\/vor-90-jahren-kamen-die-ersten-schoenstatt-missionare-nach-afrika\\\/#primaryimage\"},\"thumbnailUrl\":\"https:\\\/\\\/schoenstatt.com\\\/wp-content\\\/uploads\\\/2024\\\/01\\\/Afrika-Africa-Irmas-Sisters-Hermanas-Schwestern-Schoenstatt-5-1.jpg\",\"articleSection\":[\"Schoenstatt Gemeinschaften\"],\"inLanguage\":\"de\"},{\"@type\":\"WebPage\",\"@id\":\"https:\\\/\\\/schoenstatt.com\\\/de\\\/vor-90-jahren-kamen-die-ersten-schoenstatt-missionare-nach-afrika\\\/\",\"url\":\"https:\\\/\\\/schoenstatt.com\\\/de\\\/vor-90-jahren-kamen-die-ersten-schoenstatt-missionare-nach-afrika\\\/\",\"name\":\"Vor 90 Jahren kamen die ersten Sch\u00f6nstatt-Missionare nach Afrika\",\"isPartOf\":{\"@id\":\"https:\\\/\\\/schoenstatt.com\\\/de\\\/#website\"},\"primaryImageOfPage\":{\"@id\":\"https:\\\/\\\/schoenstatt.com\\\/de\\\/vor-90-jahren-kamen-die-ersten-schoenstatt-missionare-nach-afrika\\\/#primaryimage\"},\"image\":{\"@id\":\"https:\\\/\\\/schoenstatt.com\\\/de\\\/vor-90-jahren-kamen-die-ersten-schoenstatt-missionare-nach-afrika\\\/#primaryimage\"},\"thumbnailUrl\":\"https:\\\/\\\/schoenstatt.com\\\/wp-content\\\/uploads\\\/2024\\\/01\\\/Afrika-Africa-Irmas-Sisters-Hermanas-Schwestern-Schoenstatt-5-1.jpg\",\"datePublished\":\"2024-01-23T08:57:13+00:00\",\"dateModified\":\"2025-05-15T18:18:46+00:00\",\"description\":\"Vor 90 Jahren kam die erste Gruppe der Sch\u00f6nst\u00e4tter Marienschwestern in Afrika an. Die Pioniere brachten unsere Spiritualit\u00e4t.\",\"breadcrumb\":{\"@id\":\"https:\\\/\\\/schoenstatt.com\\\/de\\\/vor-90-jahren-kamen-die-ersten-schoenstatt-missionare-nach-afrika\\\/#breadcrumb\"},\"inLanguage\":\"de\",\"potentialAction\":[{\"@type\":\"ReadAction\",\"target\":[\"https:\\\/\\\/schoenstatt.com\\\/de\\\/vor-90-jahren-kamen-die-ersten-schoenstatt-missionare-nach-afrika\\\/\"]}]},{\"@type\":\"ImageObject\",\"inLanguage\":\"de\",\"@id\":\"https:\\\/\\\/schoenstatt.com\\\/de\\\/vor-90-jahren-kamen-die-ersten-schoenstatt-missionare-nach-afrika\\\/#primaryimage\",\"url\":\"https:\\\/\\\/schoenstatt.com\\\/wp-content\\\/uploads\\\/2024\\\/01\\\/Afrika-Africa-Irmas-Sisters-Hermanas-Schwestern-Schoenstatt-5-1.jpg\",\"contentUrl\":\"https:\\\/\\\/schoenstatt.com\\\/wp-content\\\/uploads\\\/2024\\\/01\\\/Afrika-Africa-Irmas-Sisters-Hermanas-Schwestern-Schoenstatt-5-1.jpg\",\"width\":2048,\"height\":1494},{\"@type\":\"BreadcrumbList\",\"@id\":\"https:\\\/\\\/schoenstatt.com\\\/de\\\/vor-90-jahren-kamen-die-ersten-schoenstatt-missionare-nach-afrika\\\/#breadcrumb\",\"itemListElement\":[{\"@type\":\"ListItem\",\"position\":1,\"name\":\"Portada\",\"item\":\"https:\\\/\\\/schoenstatt.com\\\/de\\\/home\\\/\"},{\"@type\":\"ListItem\",\"position\":2,\"name\":\"Vor 90 Jahren kamen die ersten Sch\u00f6nstatt-Missionare nach Afrika\"}]},{\"@type\":\"WebSite\",\"@id\":\"https:\\\/\\\/schoenstatt.com\\\/de\\\/#website\",\"url\":\"https:\\\/\\\/schoenstatt.com\\\/de\\\/\",\"name\":\"Schoenstatt\",\"description\":\"Apostolic Movement\",\"publisher\":{\"@id\":\"https:\\\/\\\/schoenstatt.com\\\/de\\\/#organization\"},\"potentialAction\":[{\"@type\":\"SearchAction\",\"target\":{\"@type\":\"EntryPoint\",\"urlTemplate\":\"https:\\\/\\\/schoenstatt.com\\\/de\\\/?s={search_term_string}\"},\"query-input\":{\"@type\":\"PropertyValueSpecification\",\"valueRequired\":true,\"valueName\":\"search_term_string\"}}],\"inLanguage\":\"de\"},{\"@type\":\"Organization\",\"@id\":\"https:\\\/\\\/schoenstatt.com\\\/de\\\/#organization\",\"name\":\"Schoenstatt\",\"url\":\"https:\\\/\\\/schoenstatt.com\\\/de\\\/\",\"logo\":{\"@type\":\"ImageObject\",\"inLanguage\":\"de\",\"@id\":\"https:\\\/\\\/schoenstatt.com\\\/de\\\/#\\\/schema\\\/logo\\\/image\\\/\",\"url\":\"https:\\\/\\\/schoenstatt.com\\\/wp-content\\\/uploads\\\/2025\\\/04\\\/logo-schoenstatt-white-696x696-1.png\",\"contentUrl\":\"https:\\\/\\\/schoenstatt.com\\\/wp-content\\\/uploads\\\/2025\\\/04\\\/logo-schoenstatt-white-696x696-1.png\",\"width\":696,\"height\":694,\"caption\":\"Schoenstatt\"},\"image\":{\"@id\":\"https:\\\/\\\/schoenstatt.com\\\/de\\\/#\\\/schema\\\/logo\\\/image\\\/\"}},{\"@type\":\"Person\",\"@id\":\"https:\\\/\\\/schoenstatt.com\\\/de\\\/#\\\/schema\\\/person\\\/5158877ad4acae98b34daaeef2a1ce6e\",\"name\":\"Karen Bueno\",\"image\":{\"@type\":\"ImageObject\",\"inLanguage\":\"de\",\"@id\":\"https:\\\/\\\/secure.gravatar.com\\\/avatar\\\/f9f4b823873154269d2b2130f195f6d41037dd0d7fc5f3cacb5c846bae70d66b?s=96&d=mm&r=g\",\"url\":\"https:\\\/\\\/secure.gravatar.com\\\/avatar\\\/f9f4b823873154269d2b2130f195f6d41037dd0d7fc5f3cacb5c846bae70d66b?s=96&d=mm&r=g\",\"contentUrl\":\"https:\\\/\\\/secure.gravatar.com\\\/avatar\\\/f9f4b823873154269d2b2130f195f6d41037dd0d7fc5f3cacb5c846bae70d66b?s=96&d=mm&r=g\",\"caption\":\"Karen Bueno\"},\"url\":\"https:\\\/\\\/schoenstatt.com\\\/de\\\/author\\\/karen-bueno\\\/\"}]}<\/script>\n<!-- \/ Yoast SEO Premium plugin. -->","yoast_head_json":{"title":"Vor 90 Jahren kamen die ersten Sch\u00f6nstatt-Missionare nach Afrika","description":"Vor 90 Jahren kam die erste Gruppe der Sch\u00f6nst\u00e4tter Marienschwestern in Afrika an. Die Pioniere brachten unsere Spiritualit\u00e4t.","robots":{"index":"index","follow":"follow","max-snippet":"max-snippet:-1","max-image-preview":"max-image-preview:large","max-video-preview":"max-video-preview:-1"},"canonical":"https:\/\/schoenstatt.com\/de\/vor-90-jahren-kamen-die-ersten-schoenstatt-missionare-nach-afrika\/","og_locale":"de_DE","og_type":"article","og_title":"Vor 90 Jahren kamen die ersten Sch\u00f6nstatt-Missionare nach Afrika","og_description":"Vor 90 Jahren kam die erste Gruppe der Sch\u00f6nst\u00e4tter Marienschwestern in Afrika an. Die Pioniere brachten unsere Spiritualit\u00e4t.","og_url":"https:\/\/schoenstatt.com\/de\/vor-90-jahren-kamen-die-ersten-schoenstatt-missionare-nach-afrika\/","og_site_name":"Schoenstatt","article_published_time":"2024-01-23T08:57:13+00:00","article_modified_time":"2025-05-15T18:18:46+00:00","og_image":[{"width":2048,"height":1494,"url":"https:\/\/schoenstatt.com\/wp-content\/uploads\/2024\/01\/Afrika-Africa-Irmas-Sisters-Hermanas-Schwestern-Schoenstatt-5-1.jpg","type":"image\/jpeg"}],"author":"Karen Bueno","twitter_card":"summary_large_image","twitter_misc":{"Verfasst von":"Karen Bueno","Gesch\u00e4tzte Lesezeit":"5\u00a0Minuten"},"schema":{"@context":"https:\/\/schema.org","@graph":[{"@type":"Article","@id":"https:\/\/schoenstatt.com\/de\/vor-90-jahren-kamen-die-ersten-schoenstatt-missionare-nach-afrika\/#article","isPartOf":{"@id":"https:\/\/schoenstatt.com\/de\/vor-90-jahren-kamen-die-ersten-schoenstatt-missionare-nach-afrika\/"},"author":{"name":"Karen Bueno","@id":"https:\/\/schoenstatt.com\/de\/#\/schema\/person\/5158877ad4acae98b34daaeef2a1ce6e"},"headline":"Vor 90 Jahren kamen die ersten Sch\u00f6nstatt-Missionare nach Afrika","datePublished":"2024-01-23T08:57:13+00:00","dateModified":"2025-05-15T18:18:46+00:00","mainEntityOfPage":{"@id":"https:\/\/schoenstatt.com\/de\/vor-90-jahren-kamen-die-ersten-schoenstatt-missionare-nach-afrika\/"},"wordCount":908,"publisher":{"@id":"https:\/\/schoenstatt.com\/de\/#organization"},"image":{"@id":"https:\/\/schoenstatt.com\/de\/vor-90-jahren-kamen-die-ersten-schoenstatt-missionare-nach-afrika\/#primaryimage"},"thumbnailUrl":"https:\/\/schoenstatt.com\/wp-content\/uploads\/2024\/01\/Afrika-Africa-Irmas-Sisters-Hermanas-Schwestern-Schoenstatt-5-1.jpg","articleSection":["Schoenstatt Gemeinschaften"],"inLanguage":"de"},{"@type":"WebPage","@id":"https:\/\/schoenstatt.com\/de\/vor-90-jahren-kamen-die-ersten-schoenstatt-missionare-nach-afrika\/","url":"https:\/\/schoenstatt.com\/de\/vor-90-jahren-kamen-die-ersten-schoenstatt-missionare-nach-afrika\/","name":"Vor 90 Jahren kamen die ersten Sch\u00f6nstatt-Missionare nach Afrika","isPartOf":{"@id":"https:\/\/schoenstatt.com\/de\/#website"},"primaryImageOfPage":{"@id":"https:\/\/schoenstatt.com\/de\/vor-90-jahren-kamen-die-ersten-schoenstatt-missionare-nach-afrika\/#primaryimage"},"image":{"@id":"https:\/\/schoenstatt.com\/de\/vor-90-jahren-kamen-die-ersten-schoenstatt-missionare-nach-afrika\/#primaryimage"},"thumbnailUrl":"https:\/\/schoenstatt.com\/wp-content\/uploads\/2024\/01\/Afrika-Africa-Irmas-Sisters-Hermanas-Schwestern-Schoenstatt-5-1.jpg","datePublished":"2024-01-23T08:57:13+00:00","dateModified":"2025-05-15T18:18:46+00:00","description":"Vor 90 Jahren kam die erste Gruppe der Sch\u00f6nst\u00e4tter Marienschwestern in Afrika an. Die Pioniere brachten unsere Spiritualit\u00e4t.","breadcrumb":{"@id":"https:\/\/schoenstatt.com\/de\/vor-90-jahren-kamen-die-ersten-schoenstatt-missionare-nach-afrika\/#breadcrumb"},"inLanguage":"de","potentialAction":[{"@type":"ReadAction","target":["https:\/\/schoenstatt.com\/de\/vor-90-jahren-kamen-die-ersten-schoenstatt-missionare-nach-afrika\/"]}]},{"@type":"ImageObject","inLanguage":"de","@id":"https:\/\/schoenstatt.com\/de\/vor-90-jahren-kamen-die-ersten-schoenstatt-missionare-nach-afrika\/#primaryimage","url":"https:\/\/schoenstatt.com\/wp-content\/uploads\/2024\/01\/Afrika-Africa-Irmas-Sisters-Hermanas-Schwestern-Schoenstatt-5-1.jpg","contentUrl":"https:\/\/schoenstatt.com\/wp-content\/uploads\/2024\/01\/Afrika-Africa-Irmas-Sisters-Hermanas-Schwestern-Schoenstatt-5-1.jpg","width":2048,"height":1494},{"@type":"BreadcrumbList","@id":"https:\/\/schoenstatt.com\/de\/vor-90-jahren-kamen-die-ersten-schoenstatt-missionare-nach-afrika\/#breadcrumb","itemListElement":[{"@type":"ListItem","position":1,"name":"Portada","item":"https:\/\/schoenstatt.com\/de\/home\/"},{"@type":"ListItem","position":2,"name":"Vor 90 Jahren kamen die ersten Sch\u00f6nstatt-Missionare nach Afrika"}]},{"@type":"WebSite","@id":"https:\/\/schoenstatt.com\/de\/#website","url":"https:\/\/schoenstatt.com\/de\/","name":"Schoenstatt","description":"Apostolic Movement","publisher":{"@id":"https:\/\/schoenstatt.com\/de\/#organization"},"potentialAction":[{"@type":"SearchAction","target":{"@type":"EntryPoint","urlTemplate":"https:\/\/schoenstatt.com\/de\/?s={search_term_string}"},"query-input":{"@type":"PropertyValueSpecification","valueRequired":true,"valueName":"search_term_string"}}],"inLanguage":"de"},{"@type":"Organization","@id":"https:\/\/schoenstatt.com\/de\/#organization","name":"Schoenstatt","url":"https:\/\/schoenstatt.com\/de\/","logo":{"@type":"ImageObject","inLanguage":"de","@id":"https:\/\/schoenstatt.com\/de\/#\/schema\/logo\/image\/","url":"https:\/\/schoenstatt.com\/wp-content\/uploads\/2025\/04\/logo-schoenstatt-white-696x696-1.png","contentUrl":"https:\/\/schoenstatt.com\/wp-content\/uploads\/2025\/04\/logo-schoenstatt-white-696x696-1.png","width":696,"height":694,"caption":"Schoenstatt"},"image":{"@id":"https:\/\/schoenstatt.com\/de\/#\/schema\/logo\/image\/"}},{"@type":"Person","@id":"https:\/\/schoenstatt.com\/de\/#\/schema\/person\/5158877ad4acae98b34daaeef2a1ce6e","name":"Karen Bueno","image":{"@type":"ImageObject","inLanguage":"de","@id":"https:\/\/secure.gravatar.com\/avatar\/f9f4b823873154269d2b2130f195f6d41037dd0d7fc5f3cacb5c846bae70d66b?s=96&d=mm&r=g","url":"https:\/\/secure.gravatar.com\/avatar\/f9f4b823873154269d2b2130f195f6d41037dd0d7fc5f3cacb5c846bae70d66b?s=96&d=mm&r=g","contentUrl":"https:\/\/secure.gravatar.com\/avatar\/f9f4b823873154269d2b2130f195f6d41037dd0d7fc5f3cacb5c846bae70d66b?s=96&d=mm&r=g","caption":"Karen Bueno"},"url":"https:\/\/schoenstatt.com\/de\/author\/karen-bueno\/"}]}},"_links":{"self":[{"href":"https:\/\/schoenstatt.com\/de\/wp-json\/wp\/v2\/posts\/34334","targetHints":{"allow":["GET"]}}],"collection":[{"href":"https:\/\/schoenstatt.com\/de\/wp-json\/wp\/v2\/posts"}],"about":[{"href":"https:\/\/schoenstatt.com\/de\/wp-json\/wp\/v2\/types\/post"}],"author":[{"embeddable":true,"href":"https:\/\/schoenstatt.com\/de\/wp-json\/wp\/v2\/users\/3"}],"replies":[{"embeddable":true,"href":"https:\/\/schoenstatt.com\/de\/wp-json\/wp\/v2\/comments?post=34334"}],"version-history":[{"count":1,"href":"https:\/\/schoenstatt.com\/de\/wp-json\/wp\/v2\/posts\/34334\/revisions"}],"predecessor-version":[{"id":46613,"href":"https:\/\/schoenstatt.com\/de\/wp-json\/wp\/v2\/posts\/34334\/revisions\/46613"}],"wp:featuredmedia":[{"embeddable":true,"href":"https:\/\/schoenstatt.com\/de\/wp-json\/wp\/v2\/media\/34347"}],"wp:attachment":[{"href":"https:\/\/schoenstatt.com\/de\/wp-json\/wp\/v2\/media?parent=34334"}],"wp:term":[{"taxonomy":"category","embeddable":true,"href":"https:\/\/schoenstatt.com\/de\/wp-json\/wp\/v2\/categories?post=34334"},{"taxonomy":"post_tag","embeddable":true,"href":"https:\/\/schoenstatt.com\/de\/wp-json\/wp\/v2\/tags?post=34334"}],"curies":[{"name":"wp","href":"https:\/\/api.w.org\/{rel}","templated":true}]}}