{"id":34279,"date":"2024-01-18T03:02:39","date_gmt":"2024-01-18T02:02:39","guid":{"rendered":"https:\/\/schoenstatt.com\/spiritualitat\/pe-kentenich-e-fritz-esser-paternidade-sacerdotal\/"},"modified":"2025-05-15T20:27:43","modified_gmt":"2025-05-15T18:27:43","slug":"kentenich-und-esser-priesterliche-vaterlichkeit","status":"publish","type":"post","link":"https:\/\/schoenstatt.com\/de\/kentenich-und-esser-priesterliche-vaterlichkeit\/","title":{"rendered":"Kentenich und Esser: Priesterliche V\u00e4terlichkeit"},"content":{"rendered":"<p>In seiner Apostolisches Schreiben <a href=\"https:\/\/www.vatican.va\/content\/francesco\/de\/apost_exhortations\/documents\/papa-francesco_esortazione-ap_20131124_evangelii-gaudium.html\" target=\"_blank\" rel=\"noopener\">Evangelii Gaudium<\/a> spricht Papst Franziskus vom Salb\u00f6l der Barmherzigkeit, das alle Menschen erfahren sollten \u201eals Zeichen des Reiches Gottes, das schon unter uns gegenw\u00e4rtig ist\u201c (EG 288). Ja, da gab und gibt es viele Wunden zu salben, die k\u00f6rperlichen und die seelischen, damals wie heute. Und das ist Aufgabe aller Christen, besonders aber Aufgabe der bei ihrer Weihe gesalbten Amtstr\u00e4ger.<\/p>\n<p>Und wenn ich Sie nun einlade, in die Gr\u00fcndungsgeschichte Sch\u00f6nstatts einzutauchen, da m\u00f6chte ich Ihnen ein jungen Mann der ersten Generation vorstellen, der kaum noch bekannt ist, <a href=\"https:\/\/schoenstatt.com\/de\/schoenstatt-helden\/sagt-ihnen-ich-bleibe-treu-bis-zum-tod\/\">Fritz Esser<\/a>. \u2013 Daf\u00fcr kennt jeder Besucher eines Kapellchens sein Werk, denn im Lichtrahmen um das Marienbild hat sich Fritz f\u00fcr immer verewigt: Servus mariae nunquam peribit = Ein Diener Mariens geht nie zugrunde. Damit hat er mit 18 Jahren seinem Leben eine passende \u00dcberschrift gegeben. Und das kam so\u2026<\/p>\n<h3>Ein enger Freund von Josef Engling<\/h3>\n<p>Am 23. September 1912 kommt Fritz Esser ins Studienheim nach Sch\u00f6nstatt, etwa 2 Monate vor seinem 12. Geburtstag. Am Tag darauf trifft sein sp\u00e4terer Klassenkamerad dort ein, Josef Engling. Dieser ist 2 Jahre und 10 \u00bd Monate \u00e4lter. Bei aller Unterschiedlichkeit werden sie sp\u00e4ter Freunde. Priester wollen sie werden.<\/p>\n<p>Josef ist schnell einer der besten Sch\u00fcler der Klasse, Fritz landet beim ersten Zeugnis bei 39 Sch\u00fclern auf Platz 36 und muss am Ende des Schuljahres sehr um seine Versetzung k\u00e4mpfen. \u201eIch bin zehnmal d\u00fcmmer, als ich aussehe\u201c, gesteht er sp\u00e4ter.<\/p>\n<p>Mit seinem edlen, gewinnenden und fr\u00f6hlichen Auftreten findet Fritz bald die Liebe und Wertsch\u00e4tzung aller. Man konnte ihm einfach nicht b\u00f6se sein. So w\u00e4chst er mit Josef Engling hinein in die Marianische Kongregation des Hauses, in das beginnende Sch\u00f6nstatt, und engagiert sich t\u00fcchtig.<\/p>\n<figure id=\"attachment_34271\" aria-describedby=\"caption-attachment-34271\" style=\"width: 840px\" class=\"wp-caption aligncenter\"><img fetchpriority=\"high\" decoding=\"async\" class=\"wp-image-34271 size-large\" src=\"https:\/\/schoenstatt.com\/wp-content\/uploads\/2024\/01\/1917-congregacion-mariana-schoenstatt-1024x696.jpg\" alt=\"\" width=\"840\" height=\"571\" \/><figcaption id=\"caption-attachment-34271\" class=\"wp-caption-text\">Foto der Gemeindemitglieder in Sch\u00f6nstatt im Jahr 1917. Fritz Esser steht in der hinteren Reihe. Er ist der dritte von rechts nach links<\/figcaption><\/figure>\n<h3>Fritz fand ein v\u00e4terliches Herz<\/h3>\n<p>Doch wie das so ist, ein sanguinisches Temperament hat auch seine Schattenseiten:<\/p>\n<p><em>\u201eHimmelhoch jauchzend, zum Tode betr\u00fcbt, gl\u00fccklich allein ist die Seele, die liebt!\u201c<\/em> Dieses Wort von Goethe l\u00e4sst die Wankelm\u00fctigkeit erahnen, die Fritz Esser befiel, wenn er Gegenwind bekam. Mit 17 Jahren bei den Soldaten wurde ihm das deutlich.<\/p>\n<p>Doch so weit sind wir noch nicht. &#8211; Da war noch Pater Josef Kentenich. Im Oktober 1912 \u00fcbernahm er das Amt des Spirituals mit knapp 27 Jahren. Als geistlicher Begleiter wohnte er mit den Jungen unter einem Dach, zuerst im neuen Studienheim auf dem H\u00fcgel und im Krieg ab 1914 im Tal. Er war buchst\u00e4blich \u201enahe dran\u201c.<\/p>\n<p>Vielleicht hat Pater Kentenich in diesem Jungen etwas von seiner eigenen Biographie wieder erkannt. Denn Fritz war vaterlos gro\u00df geworden. Sein Papa starb vor seinem 1. Geburtstag an Tuberkulose. Auch die kr\u00e4nkliche Natur mag die V\u00e4terlichkeit in Herrn Pater geweckt haben. \u2013 So wird berichtet, einmal habe der Spiritual den kranken Fritz im Bett \u201egef\u00fcttert\u201c.<\/p>\n<p>Eine Zusammenstellung der Briefe Pater Kentenichs an Fritz Esser l\u00e4sst erahnen, wie in der Seele von Fritz sich ganz tief eingrub: \u201eIm B\u00fcndnis mit der Mta bin ich geborgen, und bei Pater Kentenich kann ich es immer wieder leibhaftig sp\u00fcren.\u201c<\/p>\n<h2>Er wurde der \u201eSekret\u00e4r\u201c von Pater Kentenich<\/h2>\n<p>Schauen wir in das Jahr 1918, da ist Fritz Esser 17 und Pater Kentenich 32 Jahre alt.<\/p>\n<p>Nach Ostern erlebte Fritz eine \u00dcberraschung: Wegen der baldigen Einberufung zum Milit\u00e4r hatte der Jahrgang 1900 keine Schule mehr und sollte zu Hause bleiben! Aber seine Mutter hatte das Elternhaus auf dem Dorf verkaufen m\u00fcssen und wohnte jetzt alleine zur Miete in der n\u00e4chsten Stadt, wohin also mit Fritz? \u2013 Da findet Pater Kentenich doch noch einen Strohsack in Sch\u00f6nstatt und ernennt den Fritz zu seinem Sekret\u00e4r, seinem Schreiber. \u2013 Wenn das kein Salb\u00f6l der Barmherzigkeit ist?<\/p>\n<h3>Kriegskorrespondenz<\/h3>\n<figure id=\"attachment_34275\" aria-describedby=\"caption-attachment-34275\" style=\"width: 840px\" class=\"wp-caption aligncenter\"><img decoding=\"async\" class=\"wp-image-34275 size-large\" src=\"https:\/\/schoenstatt.com\/wp-content\/uploads\/2024\/01\/1918_Fritz-Esser-Schoenstatt-guerra-1024x652.jpg\" alt=\"\" width=\"840\" height=\"535\" \/><figcaption id=\"caption-attachment-34275\" class=\"wp-caption-text\">Esser ist der erste von links, stehend. Foto von Soldaten w\u00e4hrend des Krieges<\/figcaption><\/figure>\n<p>Ende Juni muss Fritz nach Mainz zu den Soldaten, zur 117er Infanterie-Reserve. Aus diesen kaum 5 Monaten sind 4 Briefe Herrn Paters an Fritz erhalten.<\/p>\n<blockquote><p>&#8211; 4. Juli 1918: Was sagst Du denn zum Einblicke, den Du gewinnst in das Denken und F\u00fchlen unseres Volkes? Gelt, wir Priester haben eine schwierige Aufgabe. Halte Dich \u00fcberzeugt, dass Deine himmlische Mutter Dich durch die Schicksale des Krieges zu einem brauchbaren Werkzeuge erziehen will\u2026<\/p>\n<p>&#8211; 22. August 1918: Deine Krankheit ist eine g\u00fctige F\u00fcgung. So kannst Du mehr f\u00fcr Deine Gruppe arbeiten und Dich besser auf Dich selbst besinnen\u2026<\/p>\n<p>&#8211; 11. September 1918: Es freut mich, dass Du in rechter Weise Deine Zeit ausnutztest\u2026 Besondere Freude wird es Dir machen, dass in den Exerzitien unser Kapellchen im Mittelpunkt war, f\u00fcr dessen Ausschm\u00fcckung Du Dich stets bem\u00fcht hast\u2026<\/p>\n<p>&#8211; 28. Oktober 1918: Schade, dass wir uns k\u00fcrzlich nicht alleine sprechen konnten. Es w\u00e4re mir lieber gewesen als all die anderen Unterhaltungen. Musst nun sehen, dass Du allein wieder auf den alten Weg zur\u00fcckkommst. Du bist unzufrieden mit Dir. Das ist der beste N\u00e4hrboden, um das Verlangen nach Erreichung der alten Ideale wieder aufleben zu lassen\u2026<\/p><\/blockquote>\n<p>Wieviel Solidarit\u00e4t und Ermutigung steckt in diesen Zeilen \u201ewir Priester\u201c. Dann die Aufr\u00fcttelung. Ich nenne das: Salb\u00f6l der Wertsch\u00e4tzung.<\/p>\n<p><img decoding=\"async\" class=\"aligncenter wp-image-34248 \" src=\"https:\/\/schoenstatt.com\/wp-content\/uploads\/2024\/01\/Fritz-Esser-Schoenstatt-1-700x1024.jpg\" alt=\"\" width=\"569\" height=\"832\" \/><\/p>\n<h2>Pater Kentenichs Rat hat ihm immer geholfen<\/h2>\n<p>Der Krieg geht zu Ende, nach den Weihnachtsferien beginnt 1919 neues Leben.<\/p>\n<p>Da wird Fritz Esser todsterbenskrank, die Lunge ist angegriffen. Zeitweise verliert er das Bewusstsein. Bei einem seiner lichten Augenblicke besucht ihn sein Seelenf\u00fchrer. \u201eHochw\u00fcrden, werde ich sterben, oder soll ich um Gesundheit beten?\u201c Er soll um Gesundheit beten. \u2013 Fritz tut\u2018s, nach einigen Tagen ist die Krankheit \u00fcberwunden.<\/p>\n<p>Aber oh weh, das Abitur im Sommer, wie soll Fritz das nur schaffen? Er steckt in einer echten Lebenskrise. Verzweifelt geht er zu Pater Kentenich. Soll er nicht die Schule abbrechen, den Priesterberuf an den Nagel h\u00e4ngen und sich den Pallottinerbr\u00fcdern anschlie\u00dfen? Herr Pater macht ihm immer wieder neuen Mut und verweist ihn auf das Liebesb\u00fcndnis. Sein Vertrauen soll heroisch werden, daraus w\u00e4chst eine kindliche Zuversicht, und diese bringt dem Fritz die innere Balance.<\/p>\n<p>Vielleicht hat Pater Kentenich zu ihm gesagt: \u201eTu was f\u00fcr die Gottesmutter, und sie k\u00fcmmert sich um dich!\u201c \u2013 Denn Fritz will nun aus tiefem Vertrauen heraus der Gottesmutter ein Denkmal setzen und plant einen h\u00f6lzernen Lichtrahmen um ihr Gnadenbild! Bald findet er auch die vier lateinischen Worte. Mit seinen geschickten H\u00e4nden s\u00e4gt er viele Einzelteile zurecht und leimt die Gesamtkonstruktion zusammen. Die Pallottinerbr\u00fcder organisieren die Elektrik, und das Werk gelingt: Servus mariae nunquam peribit.<\/p>\n<p><img loading=\"lazy\" decoding=\"async\" class=\"aligncenter wp-image-34210 \" src=\"https:\/\/schoenstatt.com\/wp-content\/uploads\/2024\/01\/fritz-esser-schoenstatt-2-730x1024.jpg\" alt=\"\" width=\"540\" height=\"757\" \/><\/p>\n<h3>Da war er gesalbt mit dem Salb\u00f6l der Heiligkeit<\/h3>\n<p>So wird f\u00fcr Fritz Esser die Vorbereitung auf das Abitur in der geistlichen Begleitung durch Pater Kentenich zu einem nat\u00fcrlichen und \u00fcbernat\u00fcrlichen H\u00f6hepunkt seines Lebens. \u201eIch wei\u00df, dass ich nichts kann, darum setzte ich umso gr\u00f6\u00dferes Vertrauen auf meine himmlische Mutter und den lieben Gott.\u201c<\/p>\n<p>Am 25. Juli 1919 war m\u00fcndliche Pr\u00fcfung. \u201eNun kann ich getrost die B\u00fccher beiseite legen; denn das Examen habe ich bestanden\u2026 War ich doch von jeher der Schlechteste in meiner Klasse\u2026\u201c<\/p>\n<p>Ohne es zu ahnen, lebte Fritz dieses halbe Jahr heroisch vertrauend ganz nahe bei Gott und der Gottesmutter. \u2013 In den folgenden Jahren ist Fritz dann immer wieder mal \u201eganz unten\u201c und kommt auch wieder etwas hoch, beim Sterben ist er wieder ganz oben.<\/p>\n<p>Noch 3 \u00bd Lebensjahre sind Fritz Esser geschenkt. Er tritt ein in das Noviziat der Pallottiner in Limburg. Aber bald muss er es abbrechen, seine Lunge will nicht heilen. Am 4.1.1921 f\u00fchrt ihn der Weg nach Sandbach bei Neustadt\/Odenwald und zuletzt ins Hildegardis-Krankenhaus, Mainz. R\u00fcckschauend betrachtet er immer wieder sehnsuchtsvoll die tolle Zeit seiner Abiturvorbereitung. Da war er gesalbt mit dem Salb\u00f6l der Heiligkeit.<\/p>\n<p><strong>Quellen:<\/strong><br \/>\nJosef Klein: Fritz Esser, Reihe Gelebtes Sch\u00f6nstatt Nr. 4, Sch\u00f6nstatt 1954<br \/>\nVater-Sorge in Briefen, Novene mit Fritz Esser, Rodgau-Weiskirchen 1995<\/p>\n","protected":false},"excerpt":{"rendered":"<p>Hier eine Betrachtung von Pfarrer Balthasar Blumers \u00fcber die innere N\u00e4he Pater Kentenichs bei \u00e4u\u00dferer Distanz, aufgezeigt an seinem Verh\u00e4ltnis zu Fritz Esser.<\/p>\n","protected":false},"author":3,"featured_media":22094,"comment_status":"closed","ping_status":"closed","sticky":false,"template":"","format":"standard","meta":{"footnotes":""},"categories":[878,886],"tags":[],"class_list":["post-34279","post","type-post","status-publish","format-standard","has-post-thumbnail","hentry","category-p-josef-kentenich-de","category-schoenstatt-helden-de"],"yoast_head":"<!-- This site is optimized with the Yoast SEO Premium plugin v27.4 (Yoast SEO v27.4) - https:\/\/yoast.com\/product\/yoast-seo-premium-wordpress\/ -->\n<title>Kentenich und Esser: Priesterliche V\u00e4terlichkeit - Schoenstatt<\/title>\n<meta name=\"description\" content=\"Die innere N\u00e4he Pater Josef Kentenichs bei \u00e4u\u00dferer Distanz, aufgezeigt an seinem Verh\u00e4ltnis zu Fritz Esser.\" \/>\n<meta name=\"robots\" content=\"index, follow, max-snippet:-1, max-image-preview:large, max-video-preview:-1\" \/>\n<link rel=\"canonical\" href=\"https:\/\/schoenstatt.com\/de\/kentenich-und-esser-priesterliche-vaterlichkeit\/\" \/>\n<meta property=\"og:locale\" content=\"de_DE\" \/>\n<meta property=\"og:type\" content=\"article\" \/>\n<meta property=\"og:title\" content=\"Kentenich und Esser: Priesterliche V\u00e4terlichkeit\" \/>\n<meta property=\"og:description\" content=\"Die innere N\u00e4he Pater Josef Kentenichs bei \u00e4u\u00dferer Distanz, aufgezeigt an seinem Verh\u00e4ltnis zu Fritz Esser.\" \/>\n<meta property=\"og:url\" content=\"https:\/\/schoenstatt.com\/de\/kentenich-und-esser-priesterliche-vaterlichkeit\/\" \/>\n<meta property=\"og:site_name\" content=\"Schoenstatt\" \/>\n<meta property=\"article:published_time\" content=\"2024-01-18T02:02:39+00:00\" \/>\n<meta property=\"article:modified_time\" content=\"2025-05-15T18:27:43+00:00\" \/>\n<meta property=\"og:image\" content=\"https:\/\/schoenstatt.com\/wp-content\/uploads\/2021\/12\/SAM-Founder-Kentenich-World-Trips-1024x683-1-1.jpeg\" \/>\n\t<meta property=\"og:image:width\" content=\"1024\" \/>\n\t<meta property=\"og:image:height\" content=\"683\" \/>\n\t<meta property=\"og:image:type\" content=\"image\/jpeg\" \/>\n<meta name=\"author\" content=\"Karen Bueno\" \/>\n<meta name=\"twitter:card\" content=\"summary_large_image\" \/>\n<meta name=\"twitter:label1\" content=\"Verfasst von\" \/>\n\t<meta name=\"twitter:data1\" content=\"Karen Bueno\" \/>\n\t<meta name=\"twitter:label2\" content=\"Gesch\u00e4tzte Lesezeit\" \/>\n\t<meta name=\"twitter:data2\" content=\"7\u00a0Minuten\" \/>\n<script type=\"application\/ld+json\" class=\"yoast-schema-graph\">{\"@context\":\"https:\\\/\\\/schema.org\",\"@graph\":[{\"@type\":\"Article\",\"@id\":\"https:\\\/\\\/schoenstatt.com\\\/de\\\/kentenich-und-esser-priesterliche-vaterlichkeit\\\/#article\",\"isPartOf\":{\"@id\":\"https:\\\/\\\/schoenstatt.com\\\/de\\\/kentenich-und-esser-priesterliche-vaterlichkeit\\\/\"},\"author\":{\"name\":\"Karen Bueno\",\"@id\":\"https:\\\/\\\/schoenstatt.com\\\/de\\\/#\\\/schema\\\/person\\\/5158877ad4acae98b34daaeef2a1ce6e\"},\"headline\":\"Kentenich und Esser: Priesterliche V\u00e4terlichkeit\",\"datePublished\":\"2024-01-18T02:02:39+00:00\",\"dateModified\":\"2025-05-15T18:27:43+00:00\",\"mainEntityOfPage\":{\"@id\":\"https:\\\/\\\/schoenstatt.com\\\/de\\\/kentenich-und-esser-priesterliche-vaterlichkeit\\\/\"},\"wordCount\":1326,\"publisher\":{\"@id\":\"https:\\\/\\\/schoenstatt.com\\\/de\\\/#organization\"},\"image\":{\"@id\":\"https:\\\/\\\/schoenstatt.com\\\/de\\\/kentenich-und-esser-priesterliche-vaterlichkeit\\\/#primaryimage\"},\"thumbnailUrl\":\"https:\\\/\\\/schoenstatt.com\\\/wp-content\\\/uploads\\\/2021\\\/12\\\/SAM-Founder-Kentenich-World-Trips-1024x683-1-1.jpeg\",\"articleSection\":[\"P. Josef Kentenich\",\"Schoenstatt Helden\"],\"inLanguage\":\"de\"},{\"@type\":\"WebPage\",\"@id\":\"https:\\\/\\\/schoenstatt.com\\\/de\\\/kentenich-und-esser-priesterliche-vaterlichkeit\\\/\",\"url\":\"https:\\\/\\\/schoenstatt.com\\\/de\\\/kentenich-und-esser-priesterliche-vaterlichkeit\\\/\",\"name\":\"Kentenich und Esser: Priesterliche V\u00e4terlichkeit - Schoenstatt\",\"isPartOf\":{\"@id\":\"https:\\\/\\\/schoenstatt.com\\\/de\\\/#website\"},\"primaryImageOfPage\":{\"@id\":\"https:\\\/\\\/schoenstatt.com\\\/de\\\/kentenich-und-esser-priesterliche-vaterlichkeit\\\/#primaryimage\"},\"image\":{\"@id\":\"https:\\\/\\\/schoenstatt.com\\\/de\\\/kentenich-und-esser-priesterliche-vaterlichkeit\\\/#primaryimage\"},\"thumbnailUrl\":\"https:\\\/\\\/schoenstatt.com\\\/wp-content\\\/uploads\\\/2021\\\/12\\\/SAM-Founder-Kentenich-World-Trips-1024x683-1-1.jpeg\",\"datePublished\":\"2024-01-18T02:02:39+00:00\",\"dateModified\":\"2025-05-15T18:27:43+00:00\",\"description\":\"Die innere N\u00e4he Pater Josef Kentenichs bei \u00e4u\u00dferer Distanz, aufgezeigt an seinem Verh\u00e4ltnis zu Fritz Esser.\",\"breadcrumb\":{\"@id\":\"https:\\\/\\\/schoenstatt.com\\\/de\\\/kentenich-und-esser-priesterliche-vaterlichkeit\\\/#breadcrumb\"},\"inLanguage\":\"de\",\"potentialAction\":[{\"@type\":\"ReadAction\",\"target\":[\"https:\\\/\\\/schoenstatt.com\\\/de\\\/kentenich-und-esser-priesterliche-vaterlichkeit\\\/\"]}]},{\"@type\":\"ImageObject\",\"inLanguage\":\"de\",\"@id\":\"https:\\\/\\\/schoenstatt.com\\\/de\\\/kentenich-und-esser-priesterliche-vaterlichkeit\\\/#primaryimage\",\"url\":\"https:\\\/\\\/schoenstatt.com\\\/wp-content\\\/uploads\\\/2021\\\/12\\\/SAM-Founder-Kentenich-World-Trips-1024x683-1-1.jpeg\",\"contentUrl\":\"https:\\\/\\\/schoenstatt.com\\\/wp-content\\\/uploads\\\/2021\\\/12\\\/SAM-Founder-Kentenich-World-Trips-1024x683-1-1.jpeg\",\"width\":1024,\"height\":683,\"caption\":\"Santuario del Padre\"},{\"@type\":\"BreadcrumbList\",\"@id\":\"https:\\\/\\\/schoenstatt.com\\\/de\\\/kentenich-und-esser-priesterliche-vaterlichkeit\\\/#breadcrumb\",\"itemListElement\":[{\"@type\":\"ListItem\",\"position\":1,\"name\":\"Portada\",\"item\":\"https:\\\/\\\/schoenstatt.com\\\/de\\\/home\\\/\"},{\"@type\":\"ListItem\",\"position\":2,\"name\":\"Kentenich und Esser: Priesterliche V\u00e4terlichkeit\"}]},{\"@type\":\"WebSite\",\"@id\":\"https:\\\/\\\/schoenstatt.com\\\/de\\\/#website\",\"url\":\"https:\\\/\\\/schoenstatt.com\\\/de\\\/\",\"name\":\"Schoenstatt\",\"description\":\"Apostolic Movement\",\"publisher\":{\"@id\":\"https:\\\/\\\/schoenstatt.com\\\/de\\\/#organization\"},\"potentialAction\":[{\"@type\":\"SearchAction\",\"target\":{\"@type\":\"EntryPoint\",\"urlTemplate\":\"https:\\\/\\\/schoenstatt.com\\\/de\\\/?s={search_term_string}\"},\"query-input\":{\"@type\":\"PropertyValueSpecification\",\"valueRequired\":true,\"valueName\":\"search_term_string\"}}],\"inLanguage\":\"de\"},{\"@type\":\"Organization\",\"@id\":\"https:\\\/\\\/schoenstatt.com\\\/de\\\/#organization\",\"name\":\"Schoenstatt\",\"url\":\"https:\\\/\\\/schoenstatt.com\\\/de\\\/\",\"logo\":{\"@type\":\"ImageObject\",\"inLanguage\":\"de\",\"@id\":\"https:\\\/\\\/schoenstatt.com\\\/de\\\/#\\\/schema\\\/logo\\\/image\\\/\",\"url\":\"https:\\\/\\\/schoenstatt.com\\\/wp-content\\\/uploads\\\/2025\\\/04\\\/logo-schoenstatt-white-696x696-1.png\",\"contentUrl\":\"https:\\\/\\\/schoenstatt.com\\\/wp-content\\\/uploads\\\/2025\\\/04\\\/logo-schoenstatt-white-696x696-1.png\",\"width\":696,\"height\":694,\"caption\":\"Schoenstatt\"},\"image\":{\"@id\":\"https:\\\/\\\/schoenstatt.com\\\/de\\\/#\\\/schema\\\/logo\\\/image\\\/\"}},{\"@type\":\"Person\",\"@id\":\"https:\\\/\\\/schoenstatt.com\\\/de\\\/#\\\/schema\\\/person\\\/5158877ad4acae98b34daaeef2a1ce6e\",\"name\":\"Karen Bueno\",\"image\":{\"@type\":\"ImageObject\",\"inLanguage\":\"de\",\"@id\":\"https:\\\/\\\/secure.gravatar.com\\\/avatar\\\/f9f4b823873154269d2b2130f195f6d41037dd0d7fc5f3cacb5c846bae70d66b?s=96&d=mm&r=g\",\"url\":\"https:\\\/\\\/secure.gravatar.com\\\/avatar\\\/f9f4b823873154269d2b2130f195f6d41037dd0d7fc5f3cacb5c846bae70d66b?s=96&d=mm&r=g\",\"contentUrl\":\"https:\\\/\\\/secure.gravatar.com\\\/avatar\\\/f9f4b823873154269d2b2130f195f6d41037dd0d7fc5f3cacb5c846bae70d66b?s=96&d=mm&r=g\",\"caption\":\"Karen Bueno\"},\"url\":\"https:\\\/\\\/schoenstatt.com\\\/de\\\/author\\\/karen-bueno\\\/\"}]}<\/script>\n<!-- \/ Yoast SEO Premium plugin. -->","yoast_head_json":{"title":"Kentenich und Esser: Priesterliche V\u00e4terlichkeit - Schoenstatt","description":"Die innere N\u00e4he Pater Josef Kentenichs bei \u00e4u\u00dferer Distanz, aufgezeigt an seinem Verh\u00e4ltnis zu Fritz Esser.","robots":{"index":"index","follow":"follow","max-snippet":"max-snippet:-1","max-image-preview":"max-image-preview:large","max-video-preview":"max-video-preview:-1"},"canonical":"https:\/\/schoenstatt.com\/de\/kentenich-und-esser-priesterliche-vaterlichkeit\/","og_locale":"de_DE","og_type":"article","og_title":"Kentenich und Esser: Priesterliche V\u00e4terlichkeit","og_description":"Die innere N\u00e4he Pater Josef Kentenichs bei \u00e4u\u00dferer Distanz, aufgezeigt an seinem Verh\u00e4ltnis zu Fritz Esser.","og_url":"https:\/\/schoenstatt.com\/de\/kentenich-und-esser-priesterliche-vaterlichkeit\/","og_site_name":"Schoenstatt","article_published_time":"2024-01-18T02:02:39+00:00","article_modified_time":"2025-05-15T18:27:43+00:00","og_image":[{"width":1024,"height":683,"url":"https:\/\/schoenstatt.com\/wp-content\/uploads\/2021\/12\/SAM-Founder-Kentenich-World-Trips-1024x683-1-1.jpeg","type":"image\/jpeg"}],"author":"Karen Bueno","twitter_card":"summary_large_image","twitter_misc":{"Verfasst von":"Karen Bueno","Gesch\u00e4tzte Lesezeit":"7\u00a0Minuten"},"schema":{"@context":"https:\/\/schema.org","@graph":[{"@type":"Article","@id":"https:\/\/schoenstatt.com\/de\/kentenich-und-esser-priesterliche-vaterlichkeit\/#article","isPartOf":{"@id":"https:\/\/schoenstatt.com\/de\/kentenich-und-esser-priesterliche-vaterlichkeit\/"},"author":{"name":"Karen Bueno","@id":"https:\/\/schoenstatt.com\/de\/#\/schema\/person\/5158877ad4acae98b34daaeef2a1ce6e"},"headline":"Kentenich und Esser: Priesterliche V\u00e4terlichkeit","datePublished":"2024-01-18T02:02:39+00:00","dateModified":"2025-05-15T18:27:43+00:00","mainEntityOfPage":{"@id":"https:\/\/schoenstatt.com\/de\/kentenich-und-esser-priesterliche-vaterlichkeit\/"},"wordCount":1326,"publisher":{"@id":"https:\/\/schoenstatt.com\/de\/#organization"},"image":{"@id":"https:\/\/schoenstatt.com\/de\/kentenich-und-esser-priesterliche-vaterlichkeit\/#primaryimage"},"thumbnailUrl":"https:\/\/schoenstatt.com\/wp-content\/uploads\/2021\/12\/SAM-Founder-Kentenich-World-Trips-1024x683-1-1.jpeg","articleSection":["P. Josef Kentenich","Schoenstatt Helden"],"inLanguage":"de"},{"@type":"WebPage","@id":"https:\/\/schoenstatt.com\/de\/kentenich-und-esser-priesterliche-vaterlichkeit\/","url":"https:\/\/schoenstatt.com\/de\/kentenich-und-esser-priesterliche-vaterlichkeit\/","name":"Kentenich und Esser: Priesterliche V\u00e4terlichkeit - Schoenstatt","isPartOf":{"@id":"https:\/\/schoenstatt.com\/de\/#website"},"primaryImageOfPage":{"@id":"https:\/\/schoenstatt.com\/de\/kentenich-und-esser-priesterliche-vaterlichkeit\/#primaryimage"},"image":{"@id":"https:\/\/schoenstatt.com\/de\/kentenich-und-esser-priesterliche-vaterlichkeit\/#primaryimage"},"thumbnailUrl":"https:\/\/schoenstatt.com\/wp-content\/uploads\/2021\/12\/SAM-Founder-Kentenich-World-Trips-1024x683-1-1.jpeg","datePublished":"2024-01-18T02:02:39+00:00","dateModified":"2025-05-15T18:27:43+00:00","description":"Die innere N\u00e4he Pater Josef Kentenichs bei \u00e4u\u00dferer Distanz, aufgezeigt an seinem Verh\u00e4ltnis zu Fritz Esser.","breadcrumb":{"@id":"https:\/\/schoenstatt.com\/de\/kentenich-und-esser-priesterliche-vaterlichkeit\/#breadcrumb"},"inLanguage":"de","potentialAction":[{"@type":"ReadAction","target":["https:\/\/schoenstatt.com\/de\/kentenich-und-esser-priesterliche-vaterlichkeit\/"]}]},{"@type":"ImageObject","inLanguage":"de","@id":"https:\/\/schoenstatt.com\/de\/kentenich-und-esser-priesterliche-vaterlichkeit\/#primaryimage","url":"https:\/\/schoenstatt.com\/wp-content\/uploads\/2021\/12\/SAM-Founder-Kentenich-World-Trips-1024x683-1-1.jpeg","contentUrl":"https:\/\/schoenstatt.com\/wp-content\/uploads\/2021\/12\/SAM-Founder-Kentenich-World-Trips-1024x683-1-1.jpeg","width":1024,"height":683,"caption":"Santuario del Padre"},{"@type":"BreadcrumbList","@id":"https:\/\/schoenstatt.com\/de\/kentenich-und-esser-priesterliche-vaterlichkeit\/#breadcrumb","itemListElement":[{"@type":"ListItem","position":1,"name":"Portada","item":"https:\/\/schoenstatt.com\/de\/home\/"},{"@type":"ListItem","position":2,"name":"Kentenich und Esser: Priesterliche V\u00e4terlichkeit"}]},{"@type":"WebSite","@id":"https:\/\/schoenstatt.com\/de\/#website","url":"https:\/\/schoenstatt.com\/de\/","name":"Schoenstatt","description":"Apostolic Movement","publisher":{"@id":"https:\/\/schoenstatt.com\/de\/#organization"},"potentialAction":[{"@type":"SearchAction","target":{"@type":"EntryPoint","urlTemplate":"https:\/\/schoenstatt.com\/de\/?s={search_term_string}"},"query-input":{"@type":"PropertyValueSpecification","valueRequired":true,"valueName":"search_term_string"}}],"inLanguage":"de"},{"@type":"Organization","@id":"https:\/\/schoenstatt.com\/de\/#organization","name":"Schoenstatt","url":"https:\/\/schoenstatt.com\/de\/","logo":{"@type":"ImageObject","inLanguage":"de","@id":"https:\/\/schoenstatt.com\/de\/#\/schema\/logo\/image\/","url":"https:\/\/schoenstatt.com\/wp-content\/uploads\/2025\/04\/logo-schoenstatt-white-696x696-1.png","contentUrl":"https:\/\/schoenstatt.com\/wp-content\/uploads\/2025\/04\/logo-schoenstatt-white-696x696-1.png","width":696,"height":694,"caption":"Schoenstatt"},"image":{"@id":"https:\/\/schoenstatt.com\/de\/#\/schema\/logo\/image\/"}},{"@type":"Person","@id":"https:\/\/schoenstatt.com\/de\/#\/schema\/person\/5158877ad4acae98b34daaeef2a1ce6e","name":"Karen Bueno","image":{"@type":"ImageObject","inLanguage":"de","@id":"https:\/\/secure.gravatar.com\/avatar\/f9f4b823873154269d2b2130f195f6d41037dd0d7fc5f3cacb5c846bae70d66b?s=96&d=mm&r=g","url":"https:\/\/secure.gravatar.com\/avatar\/f9f4b823873154269d2b2130f195f6d41037dd0d7fc5f3cacb5c846bae70d66b?s=96&d=mm&r=g","contentUrl":"https:\/\/secure.gravatar.com\/avatar\/f9f4b823873154269d2b2130f195f6d41037dd0d7fc5f3cacb5c846bae70d66b?s=96&d=mm&r=g","caption":"Karen Bueno"},"url":"https:\/\/schoenstatt.com\/de\/author\/karen-bueno\/"}]}},"_links":{"self":[{"href":"https:\/\/schoenstatt.com\/de\/wp-json\/wp\/v2\/posts\/34279","targetHints":{"allow":["GET"]}}],"collection":[{"href":"https:\/\/schoenstatt.com\/de\/wp-json\/wp\/v2\/posts"}],"about":[{"href":"https:\/\/schoenstatt.com\/de\/wp-json\/wp\/v2\/types\/post"}],"author":[{"embeddable":true,"href":"https:\/\/schoenstatt.com\/de\/wp-json\/wp\/v2\/users\/3"}],"replies":[{"embeddable":true,"href":"https:\/\/schoenstatt.com\/de\/wp-json\/wp\/v2\/comments?post=34279"}],"version-history":[{"count":1,"href":"https:\/\/schoenstatt.com\/de\/wp-json\/wp\/v2\/posts\/34279\/revisions"}],"predecessor-version":[{"id":46594,"href":"https:\/\/schoenstatt.com\/de\/wp-json\/wp\/v2\/posts\/34279\/revisions\/46594"}],"wp:featuredmedia":[{"embeddable":true,"href":"https:\/\/schoenstatt.com\/de\/wp-json\/wp\/v2\/media\/22094"}],"wp:attachment":[{"href":"https:\/\/schoenstatt.com\/de\/wp-json\/wp\/v2\/media?parent=34279"}],"wp:term":[{"taxonomy":"category","embeddable":true,"href":"https:\/\/schoenstatt.com\/de\/wp-json\/wp\/v2\/categories?post=34279"},{"taxonomy":"post_tag","embeddable":true,"href":"https:\/\/schoenstatt.com\/de\/wp-json\/wp\/v2\/tags?post=34279"}],"curies":[{"name":"wp","href":"https:\/\/api.w.org\/{rel}","templated":true}]}}