{"id":34241,"date":"2024-01-18T01:55:52","date_gmt":"2024-01-18T00:55:52","guid":{"rendered":"https:\/\/schoenstatt.com\/spiritualitat\/virada-de-ano-diferente-estudantes-da-romenia-peregrinam-a-schoenstatt\/"},"modified":"2025-05-15T22:33:24","modified_gmt":"2025-05-15T20:33:24","slug":"silvester-einmal-anders-studentenwallfahrt-aus-rumanien-nach-schoenstatt","status":"publish","type":"post","link":"https:\/\/schoenstatt.com\/de\/silvester-einmal-anders-studentenwallfahrt-aus-rumanien-nach-schoenstatt\/","title":{"rendered":"Silvester einmal anders! Studentenwallfahrt aus Rum\u00e4nien nach Sch\u00f6nstatt"},"content":{"rendered":"<p>Die Jubilate-Gruppe wurde begleitet von zwei Marienschwestern aus Timisoara, Sr. Erika-M\u00e1ria Bukovics und Sr. M. Andreea Deac sowie dem Di\u00f6zesanpriester, Pfarrer Piry Radulov, der f\u00fcr die Studentenseelsorge der Di\u00f6zese mitverantwortlich ist.<\/p>\n<p>Von den ereignisreichen Tagen berichten die Studenten selber wie folgt:<\/p>\n<p>Vom 27. Dezember 2023 bis zum 3. Januar 2024 verbrachten wir Jugendliche aus den Jugendgruppen des Di\u00f6zesanjugendzentrums von Timisoara, gemeinsam \u201eSilvester mal anders\u201d in Sch\u00f6nstatt, Deutschland. Wir hatten die Gelegenheit, die Spiritualit\u00e4t der Apostolischen Bewegung von Sch\u00f6nstatt kennenzulernen und den Jahreswechsel mit anderen jungen Menschen aus anderen L\u00e4ndern vor dem Allerheiligsten zu verbringen.<\/p>\n<p>Durch diese Wallfahrt konnten die Jugendlichen mehr \u00fcber den Gr\u00fcnder der Bewegung, Pater Josef Kentenich, erfahren. Einer der jungen Leute erz\u00e4hlt: \u201eAls wir das Zimmer von Pater Josef Kentenich betraten, waren wir fasziniert von der Einfachheit der damaligen Zeit, alles war unber\u00fchrt, wie er es verlassen hatte, sein Schreibtisch mit Bl\u00e4ttern und Stiften, Regale voller B\u00fccher, Bilder von ihm und wichtigen Menschen in seinem Leben. F\u00fcr einige Augenblicke konnten wir uns fast vorstellen, wie er an einem gew\u00f6hnlichen Tag an diesem Schreibtisch sa\u00df, schrieb oder las und das Fundament schuf, auf dem heute die gesamte Apostolische Sch\u00f6nstatt-Bewegung steht. In diesem Moment verstanden wir die Tiefe des Ortes, aber auch die Identit\u00e4t der Bewegung, die jedes Mal, wenn sie durch die H\u00e4rten der Zeit auf die Probe gestellt wurde, st\u00e4rker wurde und bereit war, bei uns und mit uns zu sein.\u201d<\/p>\n<h2>Das Urheiligtum<\/h2>\n<p>Eine junge Frau fasst ihre Eindr\u00fccke im Urheiligtum so zusammen: \u201eEs war beeindruckend zu sehen, dass auf jedem Berg, jedem H\u00fcgel und in der N\u00e4he jedes Hauses der vielen und unterschiedlichen Gemeinschaften eine exakte Nachbildung der urspr\u00fcnglichen Kapelle zu finden ist. Allerdings hatte jede ein eigenes Symbol, um die jeweilige Gemeinschaft zu repr\u00e4sentieren. F\u00fcr mich war es, als h\u00e4tte ich das Urheiligtum nie verlassen, und ich sp\u00fcrte, wie die Gottesmutter sanft auf uns herabblickte. Wir hatten die Gelegenheit, die letzte Stunde des Jahres 2023 und die ersten Minuten des Jahres 2024 vor dem Allerheiligsten Sakrament im Urheiligtum zu verbringen. Obwohl das Feuerwerk drau\u00dfen zu h\u00f6ren war, herrschte im Heiligtum Stille, sodass jeder sein pers\u00f6nliches Gespr\u00e4ch mit Jesus f\u00fchren konnte. Irgendwann gesellten sich auch andere Jugendliche aus anderen L\u00e4ndern zu uns, und ich war sehr froh, diesen Jahreswechsel einmal auf andere Weise zu erleben.\u201d<\/p>\n<h2>Das Liebesb\u00fcndnis<\/h2>\n<p>Auch das <a href=\"https:\/\/schoenstatt.com\/de\/about\/spiritualitaet\/das-liebesbuendnis\/\">Liebesb\u00fcndnis<\/a>, zentraler Bestandteil von Sch\u00f6nstatt, beeindruckte die jungen Menschen. Sie beschreiben es so: \u201eDas Liebesb\u00fcndnis ist nichts anderes als eine Form der Hingabe an die Gottesmutter. Anl\u00e4sslich dieser Pilgerfahrt schlossen vier Jugendliche dieses Liebesb\u00fcndnis. Wir waren beeindruckt, weil man merkte, dass sie bereit waren, das zu leben, was sie dort sagten.\u201d<\/p>\n<h3>Besuch bei den Marienschwestern auf Berg Sch\u00f6nstatt<\/h3>\n<p>Den Besuch bei den <a href=\"https:\/\/www.s-ms.org\/\" target=\"_blank\" rel=\"noopener\">Marienschwestern<\/a> auf Berg Sch\u00f6nstatt haben die Jugendlichen wie folgt erfahren: \u201eDie Schwesterngemeinschaft auf Berg Sch\u00f6nstatt ist gro\u00df und sehr offen, und alle Schwestern, die wir trafen, l\u00e4chelten die anwesenden Jugendlichen liebevoll an. Ein junger Mann von uns war von der Atmosph\u00e4re sehr beeindruckt: \u201eWo war ich? Ich kann mit der Hand auf dem Herzen sagen, dass es eine Reise in die Welt der Heiligen war, ich f\u00fchlte mich wie im Himmel, ich wusste oder dachte nicht daran, was f\u00fcr ein Tag oder welche Uhrzeit es war. Die Schwestern empfingen uns mit viel Liebe und Interesse und erkl\u00e4rten uns, wie sie leben und wie sie sich bem\u00fchen, Gott zu lieben. Gott hat Pl\u00e4ne mit jedem von uns, ich bin \u00fcberzeugt, dass auch ich in diesem Plan war, dass wir diese Spiritualit\u00e4t kennenlernen durften. Ich danke auch der Gottesmutter f\u00fcr ihre F\u00fcrsprache und Hilfe in allem!\u201d<\/p>\n<h3>Besuch bei den Sch\u00f6nstatt Patres<\/h3>\n<p><img fetchpriority=\"high\" decoding=\"async\" class=\"aligncenter wp-image-34237 size-large\" src=\"https:\/\/schoenstatt.com\/wp-content\/uploads\/2024\/01\/jugend-Timisoara-Silvestertagung-2024-in-Schoenstatt-2-1024x768.jpg\" alt=\"\" width=\"840\" height=\"630\" \/><\/p>\n<p>Auch die Sch\u00f6nstatt-Patres beeindruckten. Ein junger Mann \u00e4u\u00dferte sich folgenderma\u00dfen \u00fcber sie: \u201eBei dieser Wallfahrt konnte ich auch die Sch\u00f6nstatt-Patres durch Pater Jose Luis Correa Lira kennenlernen, was bei mir einen bemerkenswerten Eindruck hinterlassen hat, was Ausbildung, P\u00e4dagogik und Beitrag zum kirchlichen Leben bedeutet. Die heilige Messe, die Predigten und die Offenheit der Priester der Gemeinschaft haben in mir die Geduld geweckt, die ich brauchte, um gewisse Schwierigkeiten zu \u00fcberwinden. Mich hat es beeindruckt, wie sie einen Beton-Handabdruck der Hand Pater Kentenichs aufbewahren, wo die Patres bei bestimmten Anl\u00e4ssen ihrer Gemeinschaft ihre Hand auf diesen Abdruck legen als Identifizierung mit Pater Kentenich als Vater und Gr\u00fcnder der Bewegung und ihres Institutes. Der Besuch bei den Patres hat mir gezeigt, dass die Liebe Gottes grenzenlos ist. Er w\u00e4hlt unseren Weg und hilft uns, zur rechten Zeit ihn anzugehen und nicht davon abzuweichen.\u201c<\/p>\n<h3>Besuch auf Berg Nazareth bei den Familien<\/h3>\n<p>Die Sch\u00f6nstattbewegung ist sehr vielf\u00e4ltig, und so war auch die Sch\u00f6nstatt-Familiengemeinschaft ein wichtiger Teil der Erfahrung der jungen Pilger: \u201eAuf Berg Nazareth hat die Sch\u00f6nstatt-Familiengemeinschaft eine Kapelle. Beeindruckend an diesem Heiligtum ist die Statue der Heiligen Familie, denn von vorne sieht es nicht ungew\u00f6hnlich aus, Jesus in der Mitte der beiden Eltern, aber wenn wir die Statue umdrehen, sehen wir Josef und Maria, die sich an den H\u00e4nden halten, etwas, das wir noch nie gesehen haben. Links vom Altar h\u00e4ngt ein Netz voller Bilder von Familien, die diese Kapelle besucht haben und die wollen, dass ihre Seelen immer in Sch\u00f6nstatt bleiben, auch wenn es Familien aus verschiedenen Ecken der Welt sind. Eine Sache, die mich beeindruckt hat, war der Moment, als wir einen Stein suchen mussten, um unseren Familiennamen darauf zu schreiben, der Moment, als mein Bruder und ich auf einen kleinen Stein unseren Familiennamen und das Datum schrieben, an dem wir den Stein am Eingang der Kapelle aufstellten, in diesem Moment, obwohl meine Mutter und mein Vater nicht bei uns waren, f\u00fchlten wir, dass wir diesen Stein gemeinsam aufgestellt haben.\u201d<\/p>\n<h3>Bei der Gemeinschaft der Marienbr\u00fcder<\/h3>\n<p>Als Pater Josef Kentenich diese apostolische Bewegung gr\u00fcndete, wollte er, dass sich alle, die der Bewegung angeh\u00f6ren w\u00fcrden, frei f\u00fchlen, ihre eigenen guten Entscheidungen zu treffen und einen passenden Lebensstand f\u00fcr sich auszw\u00e4hlen. W\u00e4hrend dieser Tage lernten die Jugendlichen auch die Gemeinschaft der Marienbr\u00fcder kennen: \u201eBei all diesen Erfahrungen, die wir in Sch\u00f6nstatt gemacht haben, darf der Besuch bei Herrn Amrein, Marienbruder auf Berg Tabor, nicht fehlen. Mit gro\u00dfer Offenheit und Freude erz\u00e4hlte er, was er bei der Arbeit und in der Gemeinschaft der Marienbr\u00fcder gelernt hat. Er \u00f6ffnete unsere Herzen und half uns zu erkennen, wie wichtig es ist, jeden Augenblick mit der gleichen Begeisterung zu leben, egal ob es sich um einen Montagmorgen oder einen Freitagabend handelt. Er hat uns durch sein engagiertes Erz\u00e4hlen gezeigt, dass auch wir, wie die unterschiedlichen Farben \u2013 Herr Amrein hatte den Malerberuf erlernt \u2013 jeder von uns ein anderer Farbtupfer darstellt, der aber ganz wichtig ist f\u00fcr unsere Welt. Er ermutigte uns, authentisch zu sein, unserem Gewissen zu folgen und betonte die Bedeutung unserer Beziehung zur Gottesmutter Maria.\u201d<\/p>\n<h3>Anbetungskirche<\/h3>\n<p>Sch\u00f6nstatt erstreckt sich \u00fcber ein gro\u00dfes Gebiet und wird von der sch\u00f6nen Anbetungskirche gekr\u00f6nt. Einer der jungen Leute berichtet: \u201eAn einem Abend hatten wir die Gelegenheit, gemeinsam am Grab Pater Kentenichs zu verweilen, ihn um Hilfe in unseren N\u00f6ten zu bitten und unsere Dankbarkeit f\u00fcr die Momente der Gnade auszudr\u00fccken, die wir an diesem Wallfahrtsort erfahren haben. Gott sei Dank f\u00fcr das Geschenk Sch\u00f6nstatt von Pater Josef Kentenich an unsere Zeit!\u201d<\/p>\n<h3>Meine Erfahrung war voll von Lernprozesse und innerer Freude<\/h3>\n<p>Ein junger Di\u00f6zesanpriester der Di\u00f6zese Timisoara, der die Gruppe begleitete, nannte Sch\u00f6nstatt den \u201eBerg Athos von Deutschland\u201d. Er sagte auch: \u201eDie Spiritualit\u00e4t Sch\u00f6nstatts bietet viele M\u00f6glichkeiten zur pers\u00f6nlichen Entwicklung und Freiheit! Meine Erfahrung in dieser Gemeinschaft war eine Erfahrung voller Lernprozesse und innerer Freude, in der Werte eine zentrale Rolle spielen. Inmitten dieses spirituellen Umfelds habe ich viel Frieden empfunden! Die Atmosph\u00e4re der Andacht, die Spiele, die Spazierg\u00e4nge und das Gebet umgaben mich mit einer positiven Energie und trugen dazu bei, dass ich eine engere Beziehung zu meinem N\u00e4chsten, aber auch zu Gott entwickeln konnte. Ich werde die Gottesmutter bitten, uns zu helfen, eine Kapelle in Rum\u00e4nien &#8211; Timisoara &#8211; zu bauen!\u201d<\/p>\n<p>Die jungen Menschen sind nach ihrem Besuch in Sch\u00f6nstatt \u00fcberzeugt: In der Sch\u00f6nstattbewegung ist Platz f\u00fcr alle, es ist eine Bewegung, die Werte lehrt, die Gott und der Gottesmutter sicher Freude bereiten. Es ist eine Spiritualit\u00e4t, durch die wir leicht lernen k\u00f6nnen, wie wir Gott in unserem t\u00e4glichen Leben in gro\u00dfer Freiheit dienen k\u00f6nnen.<\/p>\n<p><em>*\u201eJubilate\u201d Studentengruppe der Di\u00f6zese Timisoara<\/em><\/p>\n","protected":false},"excerpt":{"rendered":"<p>\u201eMit dir, Maria, auf dem Weg unseres Lebens.\u201d Unter diesem Motto fand die erste offizielle Wallfahrt von Studenten der Di\u00f6zese Timisoara (Rum\u00e4nien) nach Sch\u00f6nstatt statt.<\/p>\n","protected":false},"author":3,"featured_media":34233,"comment_status":"closed","ping_status":"closed","sticky":false,"template":"","format":"standard","meta":{"footnotes":""},"categories":[922,907,899],"tags":[],"class_list":["post-34241","post","type-post","status-publish","format-standard","has-post-thumbnail","hentry","category-jugend-de","category-schoenstatt-gemeinschaften-de","category-urheiligtum-de"],"yoast_head":"<!-- This site is optimized with the Yoast SEO Premium plugin v27.4 (Yoast SEO v27.5) - https:\/\/yoast.com\/product\/yoast-seo-premium-wordpress\/ -->\n<title>Silvester einmal anders! Studentenwallfahrt aus Rum\u00e4nien nach Sch\u00f6nstatt<\/title>\n<meta name=\"description\" content=\"In der Silvesternacht fand die erste offizielle Pilgerfahrt von Studenten aus der Di\u00f6zese Timisoara (Rum\u00e4nien) nach Sch\u00f6nstatt statt.\" \/>\n<meta name=\"robots\" content=\"index, follow, max-snippet:-1, max-image-preview:large, max-video-preview:-1\" \/>\n<link rel=\"canonical\" href=\"https:\/\/schoenstatt.com\/de\/silvester-einmal-anders-studentenwallfahrt-aus-rumanien-nach-schoenstatt\/\" \/>\n<meta property=\"og:locale\" content=\"de_DE\" \/>\n<meta property=\"og:type\" content=\"article\" \/>\n<meta property=\"og:title\" content=\"Silvester einmal anders! Studentenwallfahrt aus Rum\u00e4nien nach Sch\u00f6nstatt\" \/>\n<meta property=\"og:description\" content=\"In der Silvesternacht fand die erste offizielle Pilgerfahrt von Studenten aus der Di\u00f6zese Timisoara (Rum\u00e4nien) nach Sch\u00f6nstatt statt.\" \/>\n<meta property=\"og:url\" content=\"https:\/\/schoenstatt.com\/de\/silvester-einmal-anders-studentenwallfahrt-aus-rumanien-nach-schoenstatt\/\" \/>\n<meta property=\"og:site_name\" content=\"Schoenstatt\" \/>\n<meta property=\"article:published_time\" content=\"2024-01-18T00:55:52+00:00\" \/>\n<meta property=\"article:modified_time\" content=\"2025-05-15T20:33:24+00:00\" \/>\n<meta property=\"og:image\" content=\"https:\/\/schoenstatt.com\/wp-content\/uploads\/2024\/01\/jugend-Timisoara-Silvestertagung-2024-in-Schoenstatt-1.jpg\" \/>\n\t<meta property=\"og:image:width\" content=\"2048\" \/>\n\t<meta property=\"og:image:height\" content=\"1536\" \/>\n\t<meta property=\"og:image:type\" content=\"image\/jpeg\" \/>\n<meta name=\"author\" content=\"Karen Bueno\" \/>\n<meta name=\"twitter:card\" content=\"summary_large_image\" \/>\n<meta name=\"twitter:label1\" content=\"Verfasst von\" \/>\n\t<meta name=\"twitter:data1\" content=\"Karen Bueno\" \/>\n\t<meta name=\"twitter:label2\" content=\"Gesch\u00e4tzte Lesezeit\" \/>\n\t<meta name=\"twitter:data2\" content=\"7\u00a0Minuten\" \/>\n<script type=\"application\/ld+json\" class=\"yoast-schema-graph\">{\"@context\":\"https:\\\/\\\/schema.org\",\"@graph\":[{\"@type\":\"Article\",\"@id\":\"https:\\\/\\\/schoenstatt.com\\\/de\\\/silvester-einmal-anders-studentenwallfahrt-aus-rumanien-nach-schoenstatt\\\/#article\",\"isPartOf\":{\"@id\":\"https:\\\/\\\/schoenstatt.com\\\/de\\\/silvester-einmal-anders-studentenwallfahrt-aus-rumanien-nach-schoenstatt\\\/\"},\"author\":{\"name\":\"Karen Bueno\",\"@id\":\"https:\\\/\\\/schoenstatt.com\\\/de\\\/#\\\/schema\\\/person\\\/5158877ad4acae98b34daaeef2a1ce6e\"},\"headline\":\"Silvester einmal anders! Studentenwallfahrt aus Rum\u00e4nien nach Sch\u00f6nstatt\",\"datePublished\":\"2024-01-18T00:55:52+00:00\",\"dateModified\":\"2025-05-15T20:33:24+00:00\",\"mainEntityOfPage\":{\"@id\":\"https:\\\/\\\/schoenstatt.com\\\/de\\\/silvester-einmal-anders-studentenwallfahrt-aus-rumanien-nach-schoenstatt\\\/\"},\"wordCount\":1473,\"publisher\":{\"@id\":\"https:\\\/\\\/schoenstatt.com\\\/de\\\/#organization\"},\"image\":{\"@id\":\"https:\\\/\\\/schoenstatt.com\\\/de\\\/silvester-einmal-anders-studentenwallfahrt-aus-rumanien-nach-schoenstatt\\\/#primaryimage\"},\"thumbnailUrl\":\"https:\\\/\\\/schoenstatt.com\\\/wp-content\\\/uploads\\\/2024\\\/01\\\/jugend-Timisoara-Silvestertagung-2024-in-Schoenstatt-1.jpg\",\"articleSection\":[\"Jugend\",\"Schoenstatt Gemeinschaften\",\"Urheiligtum\"],\"inLanguage\":\"de\"},{\"@type\":\"WebPage\",\"@id\":\"https:\\\/\\\/schoenstatt.com\\\/de\\\/silvester-einmal-anders-studentenwallfahrt-aus-rumanien-nach-schoenstatt\\\/\",\"url\":\"https:\\\/\\\/schoenstatt.com\\\/de\\\/silvester-einmal-anders-studentenwallfahrt-aus-rumanien-nach-schoenstatt\\\/\",\"name\":\"Silvester einmal anders! Studentenwallfahrt aus Rum\u00e4nien nach Sch\u00f6nstatt\",\"isPartOf\":{\"@id\":\"https:\\\/\\\/schoenstatt.com\\\/de\\\/#website\"},\"primaryImageOfPage\":{\"@id\":\"https:\\\/\\\/schoenstatt.com\\\/de\\\/silvester-einmal-anders-studentenwallfahrt-aus-rumanien-nach-schoenstatt\\\/#primaryimage\"},\"image\":{\"@id\":\"https:\\\/\\\/schoenstatt.com\\\/de\\\/silvester-einmal-anders-studentenwallfahrt-aus-rumanien-nach-schoenstatt\\\/#primaryimage\"},\"thumbnailUrl\":\"https:\\\/\\\/schoenstatt.com\\\/wp-content\\\/uploads\\\/2024\\\/01\\\/jugend-Timisoara-Silvestertagung-2024-in-Schoenstatt-1.jpg\",\"datePublished\":\"2024-01-18T00:55:52+00:00\",\"dateModified\":\"2025-05-15T20:33:24+00:00\",\"description\":\"In der Silvesternacht fand die erste offizielle Pilgerfahrt von Studenten aus der Di\u00f6zese Timisoara (Rum\u00e4nien) nach Sch\u00f6nstatt statt.\",\"breadcrumb\":{\"@id\":\"https:\\\/\\\/schoenstatt.com\\\/de\\\/silvester-einmal-anders-studentenwallfahrt-aus-rumanien-nach-schoenstatt\\\/#breadcrumb\"},\"inLanguage\":\"de\",\"potentialAction\":[{\"@type\":\"ReadAction\",\"target\":[\"https:\\\/\\\/schoenstatt.com\\\/de\\\/silvester-einmal-anders-studentenwallfahrt-aus-rumanien-nach-schoenstatt\\\/\"]}]},{\"@type\":\"ImageObject\",\"inLanguage\":\"de\",\"@id\":\"https:\\\/\\\/schoenstatt.com\\\/de\\\/silvester-einmal-anders-studentenwallfahrt-aus-rumanien-nach-schoenstatt\\\/#primaryimage\",\"url\":\"https:\\\/\\\/schoenstatt.com\\\/wp-content\\\/uploads\\\/2024\\\/01\\\/jugend-Timisoara-Silvestertagung-2024-in-Schoenstatt-1.jpg\",\"contentUrl\":\"https:\\\/\\\/schoenstatt.com\\\/wp-content\\\/uploads\\\/2024\\\/01\\\/jugend-Timisoara-Silvestertagung-2024-in-Schoenstatt-1.jpg\",\"width\":2048,\"height\":1536},{\"@type\":\"BreadcrumbList\",\"@id\":\"https:\\\/\\\/schoenstatt.com\\\/de\\\/silvester-einmal-anders-studentenwallfahrt-aus-rumanien-nach-schoenstatt\\\/#breadcrumb\",\"itemListElement\":[{\"@type\":\"ListItem\",\"position\":1,\"name\":\"Portada\",\"item\":\"https:\\\/\\\/schoenstatt.com\\\/de\\\/home\\\/\"},{\"@type\":\"ListItem\",\"position\":2,\"name\":\"Silvester einmal anders! Studentenwallfahrt aus Rum\u00e4nien nach Sch\u00f6nstatt\"}]},{\"@type\":\"WebSite\",\"@id\":\"https:\\\/\\\/schoenstatt.com\\\/de\\\/#website\",\"url\":\"https:\\\/\\\/schoenstatt.com\\\/de\\\/\",\"name\":\"Schoenstatt\",\"description\":\"Apostolic Movement\",\"publisher\":{\"@id\":\"https:\\\/\\\/schoenstatt.com\\\/de\\\/#organization\"},\"potentialAction\":[{\"@type\":\"SearchAction\",\"target\":{\"@type\":\"EntryPoint\",\"urlTemplate\":\"https:\\\/\\\/schoenstatt.com\\\/de\\\/?s={search_term_string}\"},\"query-input\":{\"@type\":\"PropertyValueSpecification\",\"valueRequired\":true,\"valueName\":\"search_term_string\"}}],\"inLanguage\":\"de\"},{\"@type\":\"Organization\",\"@id\":\"https:\\\/\\\/schoenstatt.com\\\/de\\\/#organization\",\"name\":\"Schoenstatt\",\"url\":\"https:\\\/\\\/schoenstatt.com\\\/de\\\/\",\"logo\":{\"@type\":\"ImageObject\",\"inLanguage\":\"de\",\"@id\":\"https:\\\/\\\/schoenstatt.com\\\/de\\\/#\\\/schema\\\/logo\\\/image\\\/\",\"url\":\"https:\\\/\\\/schoenstatt.com\\\/wp-content\\\/uploads\\\/2025\\\/04\\\/logo-schoenstatt-white-696x696-1.png\",\"contentUrl\":\"https:\\\/\\\/schoenstatt.com\\\/wp-content\\\/uploads\\\/2025\\\/04\\\/logo-schoenstatt-white-696x696-1.png\",\"width\":696,\"height\":694,\"caption\":\"Schoenstatt\"},\"image\":{\"@id\":\"https:\\\/\\\/schoenstatt.com\\\/de\\\/#\\\/schema\\\/logo\\\/image\\\/\"}},{\"@type\":\"Person\",\"@id\":\"https:\\\/\\\/schoenstatt.com\\\/de\\\/#\\\/schema\\\/person\\\/5158877ad4acae98b34daaeef2a1ce6e\",\"name\":\"Karen Bueno\",\"image\":{\"@type\":\"ImageObject\",\"inLanguage\":\"de\",\"@id\":\"https:\\\/\\\/secure.gravatar.com\\\/avatar\\\/f9f4b823873154269d2b2130f195f6d41037dd0d7fc5f3cacb5c846bae70d66b?s=96&d=mm&r=g\",\"url\":\"https:\\\/\\\/secure.gravatar.com\\\/avatar\\\/f9f4b823873154269d2b2130f195f6d41037dd0d7fc5f3cacb5c846bae70d66b?s=96&d=mm&r=g\",\"contentUrl\":\"https:\\\/\\\/secure.gravatar.com\\\/avatar\\\/f9f4b823873154269d2b2130f195f6d41037dd0d7fc5f3cacb5c846bae70d66b?s=96&d=mm&r=g\",\"caption\":\"Karen Bueno\"},\"url\":\"https:\\\/\\\/schoenstatt.com\\\/de\\\/author\\\/karen-bueno\\\/\"}]}<\/script>\n<!-- \/ Yoast SEO Premium plugin. -->","yoast_head_json":{"title":"Silvester einmal anders! Studentenwallfahrt aus Rum\u00e4nien nach Sch\u00f6nstatt","description":"In der Silvesternacht fand die erste offizielle Pilgerfahrt von Studenten aus der Di\u00f6zese Timisoara (Rum\u00e4nien) nach Sch\u00f6nstatt statt.","robots":{"index":"index","follow":"follow","max-snippet":"max-snippet:-1","max-image-preview":"max-image-preview:large","max-video-preview":"max-video-preview:-1"},"canonical":"https:\/\/schoenstatt.com\/de\/silvester-einmal-anders-studentenwallfahrt-aus-rumanien-nach-schoenstatt\/","og_locale":"de_DE","og_type":"article","og_title":"Silvester einmal anders! Studentenwallfahrt aus Rum\u00e4nien nach Sch\u00f6nstatt","og_description":"In der Silvesternacht fand die erste offizielle Pilgerfahrt von Studenten aus der Di\u00f6zese Timisoara (Rum\u00e4nien) nach Sch\u00f6nstatt statt.","og_url":"https:\/\/schoenstatt.com\/de\/silvester-einmal-anders-studentenwallfahrt-aus-rumanien-nach-schoenstatt\/","og_site_name":"Schoenstatt","article_published_time":"2024-01-18T00:55:52+00:00","article_modified_time":"2025-05-15T20:33:24+00:00","og_image":[{"width":2048,"height":1536,"url":"https:\/\/schoenstatt.com\/wp-content\/uploads\/2024\/01\/jugend-Timisoara-Silvestertagung-2024-in-Schoenstatt-1.jpg","type":"image\/jpeg"}],"author":"Karen Bueno","twitter_card":"summary_large_image","twitter_misc":{"Verfasst von":"Karen Bueno","Gesch\u00e4tzte Lesezeit":"7\u00a0Minuten"},"schema":{"@context":"https:\/\/schema.org","@graph":[{"@type":"Article","@id":"https:\/\/schoenstatt.com\/de\/silvester-einmal-anders-studentenwallfahrt-aus-rumanien-nach-schoenstatt\/#article","isPartOf":{"@id":"https:\/\/schoenstatt.com\/de\/silvester-einmal-anders-studentenwallfahrt-aus-rumanien-nach-schoenstatt\/"},"author":{"name":"Karen Bueno","@id":"https:\/\/schoenstatt.com\/de\/#\/schema\/person\/5158877ad4acae98b34daaeef2a1ce6e"},"headline":"Silvester einmal anders! Studentenwallfahrt aus Rum\u00e4nien nach Sch\u00f6nstatt","datePublished":"2024-01-18T00:55:52+00:00","dateModified":"2025-05-15T20:33:24+00:00","mainEntityOfPage":{"@id":"https:\/\/schoenstatt.com\/de\/silvester-einmal-anders-studentenwallfahrt-aus-rumanien-nach-schoenstatt\/"},"wordCount":1473,"publisher":{"@id":"https:\/\/schoenstatt.com\/de\/#organization"},"image":{"@id":"https:\/\/schoenstatt.com\/de\/silvester-einmal-anders-studentenwallfahrt-aus-rumanien-nach-schoenstatt\/#primaryimage"},"thumbnailUrl":"https:\/\/schoenstatt.com\/wp-content\/uploads\/2024\/01\/jugend-Timisoara-Silvestertagung-2024-in-Schoenstatt-1.jpg","articleSection":["Jugend","Schoenstatt Gemeinschaften","Urheiligtum"],"inLanguage":"de"},{"@type":"WebPage","@id":"https:\/\/schoenstatt.com\/de\/silvester-einmal-anders-studentenwallfahrt-aus-rumanien-nach-schoenstatt\/","url":"https:\/\/schoenstatt.com\/de\/silvester-einmal-anders-studentenwallfahrt-aus-rumanien-nach-schoenstatt\/","name":"Silvester einmal anders! Studentenwallfahrt aus Rum\u00e4nien nach Sch\u00f6nstatt","isPartOf":{"@id":"https:\/\/schoenstatt.com\/de\/#website"},"primaryImageOfPage":{"@id":"https:\/\/schoenstatt.com\/de\/silvester-einmal-anders-studentenwallfahrt-aus-rumanien-nach-schoenstatt\/#primaryimage"},"image":{"@id":"https:\/\/schoenstatt.com\/de\/silvester-einmal-anders-studentenwallfahrt-aus-rumanien-nach-schoenstatt\/#primaryimage"},"thumbnailUrl":"https:\/\/schoenstatt.com\/wp-content\/uploads\/2024\/01\/jugend-Timisoara-Silvestertagung-2024-in-Schoenstatt-1.jpg","datePublished":"2024-01-18T00:55:52+00:00","dateModified":"2025-05-15T20:33:24+00:00","description":"In der Silvesternacht fand die erste offizielle Pilgerfahrt von Studenten aus der Di\u00f6zese Timisoara (Rum\u00e4nien) nach Sch\u00f6nstatt statt.","breadcrumb":{"@id":"https:\/\/schoenstatt.com\/de\/silvester-einmal-anders-studentenwallfahrt-aus-rumanien-nach-schoenstatt\/#breadcrumb"},"inLanguage":"de","potentialAction":[{"@type":"ReadAction","target":["https:\/\/schoenstatt.com\/de\/silvester-einmal-anders-studentenwallfahrt-aus-rumanien-nach-schoenstatt\/"]}]},{"@type":"ImageObject","inLanguage":"de","@id":"https:\/\/schoenstatt.com\/de\/silvester-einmal-anders-studentenwallfahrt-aus-rumanien-nach-schoenstatt\/#primaryimage","url":"https:\/\/schoenstatt.com\/wp-content\/uploads\/2024\/01\/jugend-Timisoara-Silvestertagung-2024-in-Schoenstatt-1.jpg","contentUrl":"https:\/\/schoenstatt.com\/wp-content\/uploads\/2024\/01\/jugend-Timisoara-Silvestertagung-2024-in-Schoenstatt-1.jpg","width":2048,"height":1536},{"@type":"BreadcrumbList","@id":"https:\/\/schoenstatt.com\/de\/silvester-einmal-anders-studentenwallfahrt-aus-rumanien-nach-schoenstatt\/#breadcrumb","itemListElement":[{"@type":"ListItem","position":1,"name":"Portada","item":"https:\/\/schoenstatt.com\/de\/home\/"},{"@type":"ListItem","position":2,"name":"Silvester einmal anders! Studentenwallfahrt aus Rum\u00e4nien nach Sch\u00f6nstatt"}]},{"@type":"WebSite","@id":"https:\/\/schoenstatt.com\/de\/#website","url":"https:\/\/schoenstatt.com\/de\/","name":"Schoenstatt","description":"Apostolic Movement","publisher":{"@id":"https:\/\/schoenstatt.com\/de\/#organization"},"potentialAction":[{"@type":"SearchAction","target":{"@type":"EntryPoint","urlTemplate":"https:\/\/schoenstatt.com\/de\/?s={search_term_string}"},"query-input":{"@type":"PropertyValueSpecification","valueRequired":true,"valueName":"search_term_string"}}],"inLanguage":"de"},{"@type":"Organization","@id":"https:\/\/schoenstatt.com\/de\/#organization","name":"Schoenstatt","url":"https:\/\/schoenstatt.com\/de\/","logo":{"@type":"ImageObject","inLanguage":"de","@id":"https:\/\/schoenstatt.com\/de\/#\/schema\/logo\/image\/","url":"https:\/\/schoenstatt.com\/wp-content\/uploads\/2025\/04\/logo-schoenstatt-white-696x696-1.png","contentUrl":"https:\/\/schoenstatt.com\/wp-content\/uploads\/2025\/04\/logo-schoenstatt-white-696x696-1.png","width":696,"height":694,"caption":"Schoenstatt"},"image":{"@id":"https:\/\/schoenstatt.com\/de\/#\/schema\/logo\/image\/"}},{"@type":"Person","@id":"https:\/\/schoenstatt.com\/de\/#\/schema\/person\/5158877ad4acae98b34daaeef2a1ce6e","name":"Karen Bueno","image":{"@type":"ImageObject","inLanguage":"de","@id":"https:\/\/secure.gravatar.com\/avatar\/f9f4b823873154269d2b2130f195f6d41037dd0d7fc5f3cacb5c846bae70d66b?s=96&d=mm&r=g","url":"https:\/\/secure.gravatar.com\/avatar\/f9f4b823873154269d2b2130f195f6d41037dd0d7fc5f3cacb5c846bae70d66b?s=96&d=mm&r=g","contentUrl":"https:\/\/secure.gravatar.com\/avatar\/f9f4b823873154269d2b2130f195f6d41037dd0d7fc5f3cacb5c846bae70d66b?s=96&d=mm&r=g","caption":"Karen Bueno"},"url":"https:\/\/schoenstatt.com\/de\/author\/karen-bueno\/"}]}},"_links":{"self":[{"href":"https:\/\/schoenstatt.com\/de\/wp-json\/wp\/v2\/posts\/34241","targetHints":{"allow":["GET"]}}],"collection":[{"href":"https:\/\/schoenstatt.com\/de\/wp-json\/wp\/v2\/posts"}],"about":[{"href":"https:\/\/schoenstatt.com\/de\/wp-json\/wp\/v2\/types\/post"}],"author":[{"embeddable":true,"href":"https:\/\/schoenstatt.com\/de\/wp-json\/wp\/v2\/users\/3"}],"replies":[{"embeddable":true,"href":"https:\/\/schoenstatt.com\/de\/wp-json\/wp\/v2\/comments?post=34241"}],"version-history":[{"count":1,"href":"https:\/\/schoenstatt.com\/de\/wp-json\/wp\/v2\/posts\/34241\/revisions"}],"predecessor-version":[{"id":46586,"href":"https:\/\/schoenstatt.com\/de\/wp-json\/wp\/v2\/posts\/34241\/revisions\/46586"}],"wp:featuredmedia":[{"embeddable":true,"href":"https:\/\/schoenstatt.com\/de\/wp-json\/wp\/v2\/media\/34233"}],"wp:attachment":[{"href":"https:\/\/schoenstatt.com\/de\/wp-json\/wp\/v2\/media?parent=34241"}],"wp:term":[{"taxonomy":"category","embeddable":true,"href":"https:\/\/schoenstatt.com\/de\/wp-json\/wp\/v2\/categories?post=34241"},{"taxonomy":"post_tag","embeddable":true,"href":"https:\/\/schoenstatt.com\/de\/wp-json\/wp\/v2\/tags?post=34241"}],"curies":[{"name":"wp","href":"https:\/\/api.w.org\/{rel}","templated":true}]}}