{"id":34146,"date":"2023-12-22T17:22:25","date_gmt":"2023-12-22T16:22:25","guid":{"rendered":"https:\/\/schoenstatt.com\/spiritualitat\/a-christmas-dinner-in-the-streets-for-the-people-of-the-streets\/"},"modified":"2025-05-15T19:50:03","modified_gmt":"2025-05-15T17:50:03","slug":"ein-weihnachtsessen-auf-der-strasse-fur-die-menschen-auf-der-strasse","status":"publish","type":"post","link":"https:\/\/schoenstatt.com\/de\/ein-weihnachtsessen-auf-der-strasse-fur-die-menschen-auf-der-strasse\/","title":{"rendered":"Ein Weihnachtsessen&#8230; auf der Stra\u00dfe, f\u00fcr die Menschen auf der Stra\u00dfe"},"content":{"rendered":"<p>In diesem Jahr hat die <a href=\"https:\/\/schoenstatt.com\/de\/about\/was-ist-schoenstatt\/\">Sch\u00f6nstattfamilie<\/a> von Olinda im brasilianischen Bundesstaat Pernambuco zum zweiten Mal ein Weihnachtsessen f\u00fcr Obdachlose organisiert. Die Initiative geht auf die Mitglieder des Projekts \u201eMutter-K\u00f6nigin der Barmherzigkeit\u201c zur\u00fcck, das von Mitgliedern der Sch\u00f6nstattbewegung geleitet wird.<\/p>\n<p>Pater Vitor Hugo Possetti, Rektor des <a href=\"https:\/\/maerainhaolindaerecife.com.br\/\" target=\"_blank\" rel=\"noopener\">Sch\u00f6nstatt-Heiligtums in Olinda<\/a>, hob hervor, dass bei dem Abendessen mehr als 300 Mahlzeiten angeboten wurden, die in Buffetform zubereitet und serviert wurden, mit Tischen, St\u00fchlen und Tischdecken. Es gab auch Momente des Gebets, der Musik, des Theaters und der Besinnung, um das Herz auf Weihnachten vorzubereiten. Das Ganze fand am 13. Dezember auf der Pra\u00e7a do Carmo (Carmo-Platz) in Olinda statt.<\/p>\n<h2>Neben dem Essen ist die Hauptsache die Liebe<\/h2>\n<p>Alles wird mit gro\u00dfer Sorgfalt gemacht, denn die G\u00e4ste des Abends sind f\u00fcr uns etwas ganz Besonderes. Es sind unsere obdachlosen Br\u00fcder und Schwestern und die bed\u00fcrftigen Familien in der Umgebung, die jeden Tag auf den Pl\u00e4tzen nach Essen suchen. Es sind Menschen, die wir kennen und mit denen das Projekt jede Woche die Besuche der Mutter-K\u00f6nigin der Barmherzigkeit teilt. Dieser br\u00fcderliche Abend steht nicht nur im Zeichen des Essens, sondern auch der Liebe, des Respekts vor der W\u00fcrde und der freundliche Umgang mit den Menschen. Es ist ein Abend, um Weihnachten unter Br\u00fcdern und Schwestern zu feiern.<\/p>\n<figure id=\"attachment_34132\" aria-describedby=\"caption-attachment-34132\" style=\"width: 840px\" class=\"wp-caption aligncenter\"><img fetchpriority=\"high\" decoding=\"async\" class=\"wp-image-34132 size-large\" src=\"https:\/\/schoenstatt.com\/wp-content\/uploads\/2023\/12\/Jantar-para-povo-de-rua-Olinda-Brasil-dez-2023-3-1024x829.jpg\" alt=\"\" width=\"840\" height=\"680\" \/><figcaption id=\"caption-attachment-34132\" class=\"wp-caption-text\">Fotos: Taciana Ferreira \/ Jacqueline Pereira<\/figcaption><\/figure>\n<p>Ana Cristina Vasconcelos weist darauf hin, dass die Initiative des Abendessens darin besteht, einen Moment der Verbr\u00fcderung mit denjenigen zu schaffen, die jeden Mittwoch die vom Projekt verteilten Mahlzeiten erhalten, da viele an Heiligabend kein \u00e4hnliches Abendessen haben.<\/p>\n<h3>Sie warten auf diese Nacht und n\u00e4hern sich Gott<\/h3>\n<p>Valdecira Regina da Silva, ehemalige Pr\u00e4sidentin der Stra\u00dfenbev\u00f6lkerung von Olinda, sagt, dass sie einige Jahre lang f\u00fcr die Organisation der Spenden zust\u00e4ndig war, damit alle, die das Essen erhalten, gleich behandelt werden. F\u00fcr sie, die von Anfang an an dem Projekt beteiligt war, ist dieses Abendessen sehr wichtig, da die Menschen oft nicht einmal genug zu essen haben.<\/p>\n<p>Sie sagt auch, dass es das Ziel des \u201eMutter-K\u00f6nigin der Barmherzigkeit-Projekts ist\u201c, neben den Mahlzeiten auch Nahrung f\u00fcr den Geist anzubieten. Die besonderen G\u00e4ste freuen sich auf diesen Abend, stillen ihren Hunger, danken Gott und f\u00fchlen sich sehr gl\u00fccklich.<\/p>\n<p><img decoding=\"async\" class=\"aligncenter wp-image-34136 size-large\" src=\"https:\/\/schoenstatt.com\/wp-content\/uploads\/2023\/12\/Jantar-para-povo-de-rua-Olinda-Brasil-dez-2023-4-768x1024.jpg\" alt=\"\" width=\"768\" height=\"1024\" \/><\/p>\n<h3>Denjenigen helfen, die es am n\u00f6tigsten haben, also uns<\/h3>\n<p>Jaciara Mara Soares, eine der G\u00e4ste des Abends, sagte: \u201eDas Abendessen war wunderbar! Es hilft den Bed\u00fcrftigsten, also uns, den Menschen auf der Stra\u00dfe. Ich liebe die Mitarbeiter. Sie sind wie meine Familie. Ich bin seit einem Jahr dabei, und die Pr\u00e4sentation hat mir sehr gut gefallen. Es war sehr sch\u00f6n und hat uns allen gut gefallen.\u201c<\/p>\n<p>Die junge Perola Vit\u00f3ria Soares, 13, Tochter von Jaciara, sagt ebenfalls: \u201eIch liebe das Personal von Mutter-K\u00f6nigin. Das Abendessen war wunderbar! Ich habe gescherzt, dass mir die Pr\u00e4sentation der Mutter besser gefallen hat als das Essen. Uns hat es sehr gut gefallen, weil sie Obdachlosen helfen und auch Menschen, die ein Zuhause haben, aber in Not sind. Das Essen war mehr als gut, es war perfekt. Wir wissen, dass es mit viel Liebe und Zuneigung zubereitet wurde.\u201c<\/p>\n<h3>Sie haben keine Nachnamen, werden aber von der Gottesmutter geliebt und haben viele Freunde<\/h3>\n<p>Herr C\u00e9sar, der seinen vollen Namen nicht kennt, war beim Abendessen und sagte, dass er jedes Jahr daran teilnimmt. F\u00fcr ihn ist es wie das Wort Gottes, und die Momente des Gebets vor dem Bild der Gottesmutter eine gro\u00dfe Hilfe. Larry, der seinen Nachnamen auch nicht kennt, sagte: \u201eDas Essen war gut! Es ist toll, wenn die Gottesmutter kommt. Ich habe schon viele Freunde in der Gruppe, und ich bin froh, wenn sie kommen, denn es ist sehr schwierig und gef\u00e4hrlich auf der Stra\u00dfe.\u201c<\/p>\n<p><img decoding=\"async\" class=\"aligncenter wp-image-34140 size-large\" src=\"https:\/\/schoenstatt.com\/wp-content\/uploads\/2023\/12\/Jantar-para-povo-de-rua-Olinda-Brasil-dez-2023-2-1024x768.jpg\" alt=\"\" width=\"840\" height=\"630\" \/><\/p>\n<h2>Vom Heiligtum auf die Stra\u00dfe<\/h2>\n<p>Das Weihnachtsessen begann w\u00e4hrend der Pandemie. Einige Ehepaare aus der Familienliga verteilten Mahlzeiten an Menschen, die in der Umgebung des Viertels Casa Caiada lebten. Daraus entstand der Vorschlag, das Weihnachtsessen zum Sch\u00f6nstatt-Heiligtum, dem Tabor der Neuevangelisierung, zu bringen. In dieser Zeit wurde auch das Projekt \u201eMutter-K\u00f6nigin der Barmherzigkeit\u201c ins Leben gerufen.<\/p>\n<p>Nach Angaben von Pater Vitor Possetti begann das Projekt in der Fastenzeit 2020. Es setzt sich aus Mitgliedern der verschiedensten Gliederungen, Gemeinschaften und Gruppen zusammen, die die Sch\u00f6nstattfamilie bilden. Die missionarischen Aktivit\u00e4ten wurden w\u00e4hrend der Zeit der Isolation von Covid-19 und im folgenden Jahr 2021 entwickelt.<\/p>\n<p>Aufgrund der Pandemie war es nicht m\u00f6glich, das erste Abendessen im Jahr 2021 abzuhalten, aber es wurden Mahlzeiten an die angemeldeten Personen verteilt. Im Jahr 2022 griff das Projekt \u201eMutter-K\u00f6nigin der Barmherzigkeit\u201c die Idee auf und stellte sich den Herausforderungen. Sie entwickelten eine Speisekarte, baten um Lebensmittelspenden, organisierten alles selbst und das erste Abendessen fand in Pra\u00e7a do Carmo statt.<\/p>\n<h3>Die Gesellschaft ver\u00e4ndern<\/h3>\n<p>Das ganze Jahr \u00fcber hilft das Projekt Mutter-K\u00f6nigin der Barmherzigkeit vielen Menschen, Zugang zu Grundnahrungsmitteln zu erhalten. Es ist dem Projekt nicht m\u00f6glich, die Probleme all dieser obdachlosen Br\u00fcder und Schwestern zu l\u00f6sen. Aber eines ist m\u00f6glich: alles zu tun, um der Mutter und K\u00f6nigin von Sch\u00f6nstatt in der Sendung zu helfen, die Gott ihr im Heiligtum anvertraut hat: mitzuwirken an der Ver\u00e4nderung der Gesellschaft, damit eine neue Welt entstehen kann.<\/p>\n<p style=\"text-align: center;\"><a href=\"https:\/\/photos.app.goo.gl\/7VeazAstb2wRKzSY8\" target=\"_blank\" rel=\"noopener\"><strong>Mehr Fotos &#8211; hier klicken<\/strong><\/a><\/p>\n","protected":false},"excerpt":{"rendered":"<p>Ein Buffet mit besonderen Gerichten, Pr\u00e4sentationen und Liedern kennzeichnete das Abendessen f\u00fcr die bed\u00fcrftige Bev\u00f6lkerung der Stadt Olinda, Brasilien. Die Sch\u00f6nstattfamilie organisierte \u00fcber das Projekt \u201eMutter-K\u00f6nigin der Barmherzigkeit\u201c einen besonderen Abend f\u00fcr ihre Br\u00fcder und Schwestern, die auf der Stra\u00dfe leben. Die G\u00e4ste waren fasziniert von dem besonderen Reichtum der Begegnung.<\/p>\n","protected":false},"author":3,"featured_media":34128,"comment_status":"closed","ping_status":"closed","sticky":false,"template":"","format":"standard","meta":{"footnotes":""},"categories":[910,678],"tags":[],"class_list":["post-34146","post","type-post","status-publish","format-standard","has-post-thumbnail","hentry","category-gesellschaft-de","category-lander-de"],"yoast_head":"<!-- This site is optimized with the Yoast SEO Premium plugin v27.4 (Yoast SEO v27.5) - https:\/\/yoast.com\/product\/yoast-seo-premium-wordpress\/ -->\n<title>Ein Weihnachtsessen... auf der Stra\u00dfe, f\u00fcr die Menschen auf der Stra\u00dfe<\/title>\n<meta name=\"description\" content=\"Dieses Jahr organisierte die Sch\u00f6nstattfamilie von Olinda die zweite Auflage des Weihnachtsessens f\u00fcr Menschen, die auf der Stra\u00dfe leben.\" \/>\n<meta name=\"robots\" content=\"index, follow, max-snippet:-1, max-image-preview:large, max-video-preview:-1\" \/>\n<link rel=\"canonical\" href=\"https:\/\/schoenstatt.com\/de\/ein-weihnachtsessen-auf-der-strasse-fur-die-menschen-auf-der-strasse\/\" \/>\n<meta property=\"og:locale\" content=\"de_DE\" \/>\n<meta property=\"og:type\" content=\"article\" \/>\n<meta property=\"og:title\" content=\"Ein Weihnachtsessen... auf der Stra\u00dfe, f\u00fcr die Menschen auf der Stra\u00dfe\" \/>\n<meta property=\"og:description\" content=\"Dieses Jahr organisierte die Sch\u00f6nstattfamilie von Olinda die zweite Auflage des Weihnachtsessens f\u00fcr Menschen, die auf der Stra\u00dfe leben.\" \/>\n<meta property=\"og:url\" content=\"https:\/\/schoenstatt.com\/de\/ein-weihnachtsessen-auf-der-strasse-fur-die-menschen-auf-der-strasse\/\" \/>\n<meta property=\"og:site_name\" content=\"Schoenstatt\" \/>\n<meta property=\"article:published_time\" content=\"2023-12-22T16:22:25+00:00\" \/>\n<meta property=\"article:modified_time\" content=\"2025-05-15T17:50:03+00:00\" \/>\n<meta property=\"og:image\" content=\"https:\/\/schoenstatt.com\/wp-content\/uploads\/2023\/12\/Jantar-para-povo-de-rua-Olinda-Brasil-dez-2023-1.jpg\" \/>\n\t<meta property=\"og:image:width\" content=\"2048\" \/>\n\t<meta property=\"og:image:height\" content=\"1536\" \/>\n\t<meta property=\"og:image:type\" content=\"image\/jpeg\" \/>\n<meta name=\"author\" content=\"Karen Bueno\" \/>\n<meta name=\"twitter:card\" content=\"summary_large_image\" \/>\n<meta name=\"twitter:label1\" content=\"Verfasst von\" \/>\n\t<meta name=\"twitter:data1\" content=\"Karen Bueno\" \/>\n\t<meta name=\"twitter:label2\" content=\"Gesch\u00e4tzte Lesezeit\" \/>\n\t<meta name=\"twitter:data2\" content=\"5\u00a0Minuten\" \/>\n<script type=\"application\/ld+json\" class=\"yoast-schema-graph\">{\"@context\":\"https:\\\/\\\/schema.org\",\"@graph\":[{\"@type\":\"Article\",\"@id\":\"https:\\\/\\\/schoenstatt.com\\\/de\\\/ein-weihnachtsessen-auf-der-strasse-fur-die-menschen-auf-der-strasse\\\/#article\",\"isPartOf\":{\"@id\":\"https:\\\/\\\/schoenstatt.com\\\/de\\\/ein-weihnachtsessen-auf-der-strasse-fur-die-menschen-auf-der-strasse\\\/\"},\"author\":{\"name\":\"Karen Bueno\",\"@id\":\"https:\\\/\\\/schoenstatt.com\\\/de\\\/#\\\/schema\\\/person\\\/5158877ad4acae98b34daaeef2a1ce6e\"},\"headline\":\"Ein Weihnachtsessen&#8230; auf der Stra\u00dfe, f\u00fcr die Menschen auf der Stra\u00dfe\",\"datePublished\":\"2023-12-22T16:22:25+00:00\",\"dateModified\":\"2025-05-15T17:50:03+00:00\",\"mainEntityOfPage\":{\"@id\":\"https:\\\/\\\/schoenstatt.com\\\/de\\\/ein-weihnachtsessen-auf-der-strasse-fur-die-menschen-auf-der-strasse\\\/\"},\"wordCount\":921,\"publisher\":{\"@id\":\"https:\\\/\\\/schoenstatt.com\\\/de\\\/#organization\"},\"image\":{\"@id\":\"https:\\\/\\\/schoenstatt.com\\\/de\\\/ein-weihnachtsessen-auf-der-strasse-fur-die-menschen-auf-der-strasse\\\/#primaryimage\"},\"thumbnailUrl\":\"https:\\\/\\\/schoenstatt.com\\\/wp-content\\\/uploads\\\/2023\\\/12\\\/Jantar-para-povo-de-rua-Olinda-Brasil-dez-2023-1.jpg\",\"articleSection\":[\"Gesellschaft\",\"L\u00e4nder\"],\"inLanguage\":\"de\"},{\"@type\":\"WebPage\",\"@id\":\"https:\\\/\\\/schoenstatt.com\\\/de\\\/ein-weihnachtsessen-auf-der-strasse-fur-die-menschen-auf-der-strasse\\\/\",\"url\":\"https:\\\/\\\/schoenstatt.com\\\/de\\\/ein-weihnachtsessen-auf-der-strasse-fur-die-menschen-auf-der-strasse\\\/\",\"name\":\"Ein Weihnachtsessen... auf der Stra\u00dfe, f\u00fcr die Menschen auf der Stra\u00dfe\",\"isPartOf\":{\"@id\":\"https:\\\/\\\/schoenstatt.com\\\/de\\\/#website\"},\"primaryImageOfPage\":{\"@id\":\"https:\\\/\\\/schoenstatt.com\\\/de\\\/ein-weihnachtsessen-auf-der-strasse-fur-die-menschen-auf-der-strasse\\\/#primaryimage\"},\"image\":{\"@id\":\"https:\\\/\\\/schoenstatt.com\\\/de\\\/ein-weihnachtsessen-auf-der-strasse-fur-die-menschen-auf-der-strasse\\\/#primaryimage\"},\"thumbnailUrl\":\"https:\\\/\\\/schoenstatt.com\\\/wp-content\\\/uploads\\\/2023\\\/12\\\/Jantar-para-povo-de-rua-Olinda-Brasil-dez-2023-1.jpg\",\"datePublished\":\"2023-12-22T16:22:25+00:00\",\"dateModified\":\"2025-05-15T17:50:03+00:00\",\"description\":\"Dieses Jahr organisierte die Sch\u00f6nstattfamilie von Olinda die zweite Auflage des Weihnachtsessens f\u00fcr Menschen, die auf der Stra\u00dfe leben.\",\"breadcrumb\":{\"@id\":\"https:\\\/\\\/schoenstatt.com\\\/de\\\/ein-weihnachtsessen-auf-der-strasse-fur-die-menschen-auf-der-strasse\\\/#breadcrumb\"},\"inLanguage\":\"de\",\"potentialAction\":[{\"@type\":\"ReadAction\",\"target\":[\"https:\\\/\\\/schoenstatt.com\\\/de\\\/ein-weihnachtsessen-auf-der-strasse-fur-die-menschen-auf-der-strasse\\\/\"]}]},{\"@type\":\"ImageObject\",\"inLanguage\":\"de\",\"@id\":\"https:\\\/\\\/schoenstatt.com\\\/de\\\/ein-weihnachtsessen-auf-der-strasse-fur-die-menschen-auf-der-strasse\\\/#primaryimage\",\"url\":\"https:\\\/\\\/schoenstatt.com\\\/wp-content\\\/uploads\\\/2023\\\/12\\\/Jantar-para-povo-de-rua-Olinda-Brasil-dez-2023-1.jpg\",\"contentUrl\":\"https:\\\/\\\/schoenstatt.com\\\/wp-content\\\/uploads\\\/2023\\\/12\\\/Jantar-para-povo-de-rua-Olinda-Brasil-dez-2023-1.jpg\",\"width\":2048,\"height\":1536},{\"@type\":\"BreadcrumbList\",\"@id\":\"https:\\\/\\\/schoenstatt.com\\\/de\\\/ein-weihnachtsessen-auf-der-strasse-fur-die-menschen-auf-der-strasse\\\/#breadcrumb\",\"itemListElement\":[{\"@type\":\"ListItem\",\"position\":1,\"name\":\"Portada\",\"item\":\"https:\\\/\\\/schoenstatt.com\\\/de\\\/home\\\/\"},{\"@type\":\"ListItem\",\"position\":2,\"name\":\"Ein Weihnachtsessen&#8230; auf der Stra\u00dfe, f\u00fcr die Menschen auf der Stra\u00dfe\"}]},{\"@type\":\"WebSite\",\"@id\":\"https:\\\/\\\/schoenstatt.com\\\/de\\\/#website\",\"url\":\"https:\\\/\\\/schoenstatt.com\\\/de\\\/\",\"name\":\"Schoenstatt\",\"description\":\"Apostolic Movement\",\"publisher\":{\"@id\":\"https:\\\/\\\/schoenstatt.com\\\/de\\\/#organization\"},\"potentialAction\":[{\"@type\":\"SearchAction\",\"target\":{\"@type\":\"EntryPoint\",\"urlTemplate\":\"https:\\\/\\\/schoenstatt.com\\\/de\\\/?s={search_term_string}\"},\"query-input\":{\"@type\":\"PropertyValueSpecification\",\"valueRequired\":true,\"valueName\":\"search_term_string\"}}],\"inLanguage\":\"de\"},{\"@type\":\"Organization\",\"@id\":\"https:\\\/\\\/schoenstatt.com\\\/de\\\/#organization\",\"name\":\"Schoenstatt\",\"url\":\"https:\\\/\\\/schoenstatt.com\\\/de\\\/\",\"logo\":{\"@type\":\"ImageObject\",\"inLanguage\":\"de\",\"@id\":\"https:\\\/\\\/schoenstatt.com\\\/de\\\/#\\\/schema\\\/logo\\\/image\\\/\",\"url\":\"https:\\\/\\\/schoenstatt.com\\\/wp-content\\\/uploads\\\/2025\\\/04\\\/logo-schoenstatt-white-696x696-1.png\",\"contentUrl\":\"https:\\\/\\\/schoenstatt.com\\\/wp-content\\\/uploads\\\/2025\\\/04\\\/logo-schoenstatt-white-696x696-1.png\",\"width\":696,\"height\":694,\"caption\":\"Schoenstatt\"},\"image\":{\"@id\":\"https:\\\/\\\/schoenstatt.com\\\/de\\\/#\\\/schema\\\/logo\\\/image\\\/\"}},{\"@type\":\"Person\",\"@id\":\"https:\\\/\\\/schoenstatt.com\\\/de\\\/#\\\/schema\\\/person\\\/5158877ad4acae98b34daaeef2a1ce6e\",\"name\":\"Karen Bueno\",\"image\":{\"@type\":\"ImageObject\",\"inLanguage\":\"de\",\"@id\":\"https:\\\/\\\/secure.gravatar.com\\\/avatar\\\/f9f4b823873154269d2b2130f195f6d41037dd0d7fc5f3cacb5c846bae70d66b?s=96&d=mm&r=g\",\"url\":\"https:\\\/\\\/secure.gravatar.com\\\/avatar\\\/f9f4b823873154269d2b2130f195f6d41037dd0d7fc5f3cacb5c846bae70d66b?s=96&d=mm&r=g\",\"contentUrl\":\"https:\\\/\\\/secure.gravatar.com\\\/avatar\\\/f9f4b823873154269d2b2130f195f6d41037dd0d7fc5f3cacb5c846bae70d66b?s=96&d=mm&r=g\",\"caption\":\"Karen Bueno\"},\"url\":\"https:\\\/\\\/schoenstatt.com\\\/de\\\/author\\\/karen-bueno\\\/\"}]}<\/script>\n<!-- \/ Yoast SEO Premium plugin. -->","yoast_head_json":{"title":"Ein Weihnachtsessen... auf der Stra\u00dfe, f\u00fcr die Menschen auf der Stra\u00dfe","description":"Dieses Jahr organisierte die Sch\u00f6nstattfamilie von Olinda die zweite Auflage des Weihnachtsessens f\u00fcr Menschen, die auf der Stra\u00dfe leben.","robots":{"index":"index","follow":"follow","max-snippet":"max-snippet:-1","max-image-preview":"max-image-preview:large","max-video-preview":"max-video-preview:-1"},"canonical":"https:\/\/schoenstatt.com\/de\/ein-weihnachtsessen-auf-der-strasse-fur-die-menschen-auf-der-strasse\/","og_locale":"de_DE","og_type":"article","og_title":"Ein Weihnachtsessen... auf der Stra\u00dfe, f\u00fcr die Menschen auf der Stra\u00dfe","og_description":"Dieses Jahr organisierte die Sch\u00f6nstattfamilie von Olinda die zweite Auflage des Weihnachtsessens f\u00fcr Menschen, die auf der Stra\u00dfe leben.","og_url":"https:\/\/schoenstatt.com\/de\/ein-weihnachtsessen-auf-der-strasse-fur-die-menschen-auf-der-strasse\/","og_site_name":"Schoenstatt","article_published_time":"2023-12-22T16:22:25+00:00","article_modified_time":"2025-05-15T17:50:03+00:00","og_image":[{"width":2048,"height":1536,"url":"https:\/\/schoenstatt.com\/wp-content\/uploads\/2023\/12\/Jantar-para-povo-de-rua-Olinda-Brasil-dez-2023-1.jpg","type":"image\/jpeg"}],"author":"Karen Bueno","twitter_card":"summary_large_image","twitter_misc":{"Verfasst von":"Karen Bueno","Gesch\u00e4tzte Lesezeit":"5\u00a0Minuten"},"schema":{"@context":"https:\/\/schema.org","@graph":[{"@type":"Article","@id":"https:\/\/schoenstatt.com\/de\/ein-weihnachtsessen-auf-der-strasse-fur-die-menschen-auf-der-strasse\/#article","isPartOf":{"@id":"https:\/\/schoenstatt.com\/de\/ein-weihnachtsessen-auf-der-strasse-fur-die-menschen-auf-der-strasse\/"},"author":{"name":"Karen Bueno","@id":"https:\/\/schoenstatt.com\/de\/#\/schema\/person\/5158877ad4acae98b34daaeef2a1ce6e"},"headline":"Ein Weihnachtsessen&#8230; auf der Stra\u00dfe, f\u00fcr die Menschen auf der Stra\u00dfe","datePublished":"2023-12-22T16:22:25+00:00","dateModified":"2025-05-15T17:50:03+00:00","mainEntityOfPage":{"@id":"https:\/\/schoenstatt.com\/de\/ein-weihnachtsessen-auf-der-strasse-fur-die-menschen-auf-der-strasse\/"},"wordCount":921,"publisher":{"@id":"https:\/\/schoenstatt.com\/de\/#organization"},"image":{"@id":"https:\/\/schoenstatt.com\/de\/ein-weihnachtsessen-auf-der-strasse-fur-die-menschen-auf-der-strasse\/#primaryimage"},"thumbnailUrl":"https:\/\/schoenstatt.com\/wp-content\/uploads\/2023\/12\/Jantar-para-povo-de-rua-Olinda-Brasil-dez-2023-1.jpg","articleSection":["Gesellschaft","L\u00e4nder"],"inLanguage":"de"},{"@type":"WebPage","@id":"https:\/\/schoenstatt.com\/de\/ein-weihnachtsessen-auf-der-strasse-fur-die-menschen-auf-der-strasse\/","url":"https:\/\/schoenstatt.com\/de\/ein-weihnachtsessen-auf-der-strasse-fur-die-menschen-auf-der-strasse\/","name":"Ein Weihnachtsessen... auf der Stra\u00dfe, f\u00fcr die Menschen auf der Stra\u00dfe","isPartOf":{"@id":"https:\/\/schoenstatt.com\/de\/#website"},"primaryImageOfPage":{"@id":"https:\/\/schoenstatt.com\/de\/ein-weihnachtsessen-auf-der-strasse-fur-die-menschen-auf-der-strasse\/#primaryimage"},"image":{"@id":"https:\/\/schoenstatt.com\/de\/ein-weihnachtsessen-auf-der-strasse-fur-die-menschen-auf-der-strasse\/#primaryimage"},"thumbnailUrl":"https:\/\/schoenstatt.com\/wp-content\/uploads\/2023\/12\/Jantar-para-povo-de-rua-Olinda-Brasil-dez-2023-1.jpg","datePublished":"2023-12-22T16:22:25+00:00","dateModified":"2025-05-15T17:50:03+00:00","description":"Dieses Jahr organisierte die Sch\u00f6nstattfamilie von Olinda die zweite Auflage des Weihnachtsessens f\u00fcr Menschen, die auf der Stra\u00dfe leben.","breadcrumb":{"@id":"https:\/\/schoenstatt.com\/de\/ein-weihnachtsessen-auf-der-strasse-fur-die-menschen-auf-der-strasse\/#breadcrumb"},"inLanguage":"de","potentialAction":[{"@type":"ReadAction","target":["https:\/\/schoenstatt.com\/de\/ein-weihnachtsessen-auf-der-strasse-fur-die-menschen-auf-der-strasse\/"]}]},{"@type":"ImageObject","inLanguage":"de","@id":"https:\/\/schoenstatt.com\/de\/ein-weihnachtsessen-auf-der-strasse-fur-die-menschen-auf-der-strasse\/#primaryimage","url":"https:\/\/schoenstatt.com\/wp-content\/uploads\/2023\/12\/Jantar-para-povo-de-rua-Olinda-Brasil-dez-2023-1.jpg","contentUrl":"https:\/\/schoenstatt.com\/wp-content\/uploads\/2023\/12\/Jantar-para-povo-de-rua-Olinda-Brasil-dez-2023-1.jpg","width":2048,"height":1536},{"@type":"BreadcrumbList","@id":"https:\/\/schoenstatt.com\/de\/ein-weihnachtsessen-auf-der-strasse-fur-die-menschen-auf-der-strasse\/#breadcrumb","itemListElement":[{"@type":"ListItem","position":1,"name":"Portada","item":"https:\/\/schoenstatt.com\/de\/home\/"},{"@type":"ListItem","position":2,"name":"Ein Weihnachtsessen&#8230; auf der Stra\u00dfe, f\u00fcr die Menschen auf der Stra\u00dfe"}]},{"@type":"WebSite","@id":"https:\/\/schoenstatt.com\/de\/#website","url":"https:\/\/schoenstatt.com\/de\/","name":"Schoenstatt","description":"Apostolic Movement","publisher":{"@id":"https:\/\/schoenstatt.com\/de\/#organization"},"potentialAction":[{"@type":"SearchAction","target":{"@type":"EntryPoint","urlTemplate":"https:\/\/schoenstatt.com\/de\/?s={search_term_string}"},"query-input":{"@type":"PropertyValueSpecification","valueRequired":true,"valueName":"search_term_string"}}],"inLanguage":"de"},{"@type":"Organization","@id":"https:\/\/schoenstatt.com\/de\/#organization","name":"Schoenstatt","url":"https:\/\/schoenstatt.com\/de\/","logo":{"@type":"ImageObject","inLanguage":"de","@id":"https:\/\/schoenstatt.com\/de\/#\/schema\/logo\/image\/","url":"https:\/\/schoenstatt.com\/wp-content\/uploads\/2025\/04\/logo-schoenstatt-white-696x696-1.png","contentUrl":"https:\/\/schoenstatt.com\/wp-content\/uploads\/2025\/04\/logo-schoenstatt-white-696x696-1.png","width":696,"height":694,"caption":"Schoenstatt"},"image":{"@id":"https:\/\/schoenstatt.com\/de\/#\/schema\/logo\/image\/"}},{"@type":"Person","@id":"https:\/\/schoenstatt.com\/de\/#\/schema\/person\/5158877ad4acae98b34daaeef2a1ce6e","name":"Karen Bueno","image":{"@type":"ImageObject","inLanguage":"de","@id":"https:\/\/secure.gravatar.com\/avatar\/f9f4b823873154269d2b2130f195f6d41037dd0d7fc5f3cacb5c846bae70d66b?s=96&d=mm&r=g","url":"https:\/\/secure.gravatar.com\/avatar\/f9f4b823873154269d2b2130f195f6d41037dd0d7fc5f3cacb5c846bae70d66b?s=96&d=mm&r=g","contentUrl":"https:\/\/secure.gravatar.com\/avatar\/f9f4b823873154269d2b2130f195f6d41037dd0d7fc5f3cacb5c846bae70d66b?s=96&d=mm&r=g","caption":"Karen Bueno"},"url":"https:\/\/schoenstatt.com\/de\/author\/karen-bueno\/"}]}},"_links":{"self":[{"href":"https:\/\/schoenstatt.com\/de\/wp-json\/wp\/v2\/posts\/34146","targetHints":{"allow":["GET"]}}],"collection":[{"href":"https:\/\/schoenstatt.com\/de\/wp-json\/wp\/v2\/posts"}],"about":[{"href":"https:\/\/schoenstatt.com\/de\/wp-json\/wp\/v2\/types\/post"}],"author":[{"embeddable":true,"href":"https:\/\/schoenstatt.com\/de\/wp-json\/wp\/v2\/users\/3"}],"replies":[{"embeddable":true,"href":"https:\/\/schoenstatt.com\/de\/wp-json\/wp\/v2\/comments?post=34146"}],"version-history":[{"count":1,"href":"https:\/\/schoenstatt.com\/de\/wp-json\/wp\/v2\/posts\/34146\/revisions"}],"predecessor-version":[{"id":46567,"href":"https:\/\/schoenstatt.com\/de\/wp-json\/wp\/v2\/posts\/34146\/revisions\/46567"}],"wp:featuredmedia":[{"embeddable":true,"href":"https:\/\/schoenstatt.com\/de\/wp-json\/wp\/v2\/media\/34128"}],"wp:attachment":[{"href":"https:\/\/schoenstatt.com\/de\/wp-json\/wp\/v2\/media?parent=34146"}],"wp:term":[{"taxonomy":"category","embeddable":true,"href":"https:\/\/schoenstatt.com\/de\/wp-json\/wp\/v2\/categories?post=34146"},{"taxonomy":"post_tag","embeddable":true,"href":"https:\/\/schoenstatt.com\/de\/wp-json\/wp\/v2\/tags?post=34146"}],"curies":[{"name":"wp","href":"https:\/\/api.w.org\/{rel}","templated":true}]}}