{"id":34031,"date":"2023-12-11T12:46:34","date_gmt":"2023-12-11T11:46:34","guid":{"rendered":"https:\/\/schoenstatt.com\/spiritualitat\/encontro-arquidiocesano-de-jovens-mais-que-um-evento-uma-experiencia-transformadora\/"},"modified":"2025-05-15T19:50:06","modified_gmt":"2025-05-15T17:50:06","slug":"das-jugendtreffen-der-erzdiozese-mehr-als-eine-veranstaltung-eine-erfahrung-die-verandert","status":"publish","type":"post","link":"https:\/\/schoenstatt.com\/de\/das-jugendtreffen-der-erzdiozese-mehr-als-eine-veranstaltung-eine-erfahrung-die-verandert\/","title":{"rendered":"Das Jugendtreffen der Erzdi\u00f6zese: Mehr als eine Veranstaltung, eine Erfahrung, die ver\u00e4ndert"},"content":{"rendered":"<p>Am ersten Adventssonntag, dem 3. Dezember, versammelten sich etwa <strong>dreitausend Jugendliche<\/strong> aus Guayaquil, um eine einzigartige Erfahrung zu machen: das Erzdi\u00f6zesane Jugendtreffen. Diese von der Erzdi\u00f6zese Guayaquil organisierte Veranstaltung versprach einen Tag voller Glauben, Hoffnung und Freude. Sch\u00f6nstatt war eingeladen, zusammen mit der Bewegung des Neokatechumenalen Weges einer der Hauptorganisatoren zu sein.<\/p>\n<h3>Wer wird uns von der Liebe Christi trennen?<\/h3>\n<p>Dieses Motto wurde f\u00fcr das gro\u00dfe Treffen gew\u00e4hlt, da die Kirche in <a href=\"https:\/\/www.schoenstatt.ec\/\" target=\"_blank\" rel=\"noopener\">Ecuador<\/a> dieses Jahr zum <strong>Jahr des Heiligsten Herzens Jesu<\/strong> erkl\u00e4rt hat, zum Gedenken an den 150. Jahrestag der Weihe des Landes, der im M\u00e4rz 2024 gefeiert wird. Ecuador war das erste Land der Welt, das sich dem Heiligsten Herzen Jesu geweiht hat.<\/p>\n<p>Zu Ehren dieses gro\u00dfen Aktes, der vor so vielen Jahren stattfand, wollen wir die jungen Menschen sein, die diese Dankbarkeit und Hingabe an das Heiligste Herz Jesu erneut anf\u00fchren. Unser Land ist geweiht, wir haben ein besonderes Recht auf sein Herz. Wir sind das Eigentum Gottes. Wir wurden geweiht. Wer mit ihm verbunden ist, erf\u00e4hrt diesen Himmel. Wenn wir mit ihm verbunden sind, ihm geweiht sind, kann uns niemand trennen!<\/p>\n<h2>Ein Treffen voller Leben<\/h2>\n<p>Das Treffen war mit verschiedenen Aktivit\u00e4ten gef\u00fcllt: Dynamik, Musikgruppen, Beichten, Anbetung, St\u00e4nde der verschiedenen Bewegungen der Erzdi\u00f6zese, Zeugnisse von Jugendlichen, die am WJT teilgenommen haben, und der Abschluss war die heilige Messe am Sonntag. All dies trug dazu bei, eine freudige, helle und hoffnungsvolle Atmosph\u00e4re zu schaffen, die uns daran erinnerte, dass es inmitten der Dunkelheit immer ein Licht gibt.<\/p>\n<p><img fetchpriority=\"high\" decoding=\"async\" class=\"aligncenter wp-image-33980 size-large\" src=\"https:\/\/schoenstatt.com\/wp-content\/uploads\/2023\/12\/Encuentro-Juvenil-Arquidiocesano-Guayaquil-2-1024x768.png\" alt=\"\" width=\"840\" height=\"630\" \/><\/p>\n<p>Es gab auch ein Gespr\u00e4ch mit unserem Erzbischof, <strong>Monsignore Luis Gerardo Cabrera<\/strong>, in dem Fragen \u00fcber Jugendliche, Frauen und die Mission der Kirche angesprochen wurden; es war eine sehr frohe Begegnung, die es den Jugendlichen erlaubte, sich einfach und frei zu \u00e4u\u00dfern. Monsignore versicherte, dass er sich an jedes Wort erinnern wird, das bei diesem Treffen ge\u00e4u\u00dfert wurde.<\/p>\n<h2>Sch\u00f6nstatt im Dienst der Kirche<\/h2>\n<p>Ein Team der Sch\u00f6nstattjugend, das apostolisch t\u00e4tig ist und ihre Betreuer, waren sehr engagiert bei der Organisation des Treffens gewesen. Sie arbeiteten mehr als drei Monate lang mit w\u00f6chentlichen Treffen zusammen mit Delegierten der Erzdi\u00f6zese und der Bewegung des Neokatechumenalen Weges, k\u00fcmmerten sich um jedes Detail und planten es, damit die Erfahrung unvergesslich wurde.<\/p>\n<p>Mitglieder der Familienliga und der Sch\u00f6nstattbewegung Frauen und M\u00fctter arbeiteten ebenfalls offen an dem Treffen mit und \u00fcbernahmen die Animation, die Anbetung, das Gespr\u00e4ch und die heilige Messe.<\/p>\n<p><img decoding=\"async\" class=\"aligncenter wp-image-33984 size-large\" src=\"https:\/\/schoenstatt.com\/wp-content\/uploads\/2023\/12\/Encuentro-Juvenil-Arquidiocesano-Guayaquil-1-1024x769.png\" alt=\"\" width=\"840\" height=\"631\" \/><\/p>\n<p>Unsere Jugendlichen waren nicht nur Teil des gro\u00dfartigen Teams von Freiwilligen, sondern nahmen auch aktiv an dem Treffen teil. Wir geben einige Zeugnisse \u00fcber ihre Erfahrungen weiter:<\/p>\n<blockquote><p><em>\u201eDie Teilnahme an dem Gespr\u00e4ch mit Monsignore Luis Cabrera war eine bereichernde Erfahrung. W\u00e4hrend des Austauschs konnten wir sehen, wie sehr er sich f\u00fcr die junge Kirche einsetzt und daf\u00fcr, diese R\u00e4ume, in denen sich die Jugendlichen der Erzdi\u00f6zese treffen und ausdr\u00fccken k\u00f6nnen, weiter zu f\u00f6rdern. Ich m\u00f6chte seine Aufmerksamkeit f\u00fcr jeden Beitrag hervorheben, und vor allem seine Antworten, die immer klar, aufrichtig und voller Emotionen waren. Ich bin der Meinung, dass die Jugendlichen in ihm einen Verb\u00fcndeten haben, um ihren Glauben weiter zu kultivieren und auf Mission zu gehen und die Liebe und Barmherzigkeit Jesu weiterzutragen\u201c<\/em> &#8211; Roberto Urquizo (Sch\u00f6nstatt-Mannesjugend, Freiwilliger und Teilnehmer am Gespr\u00e4ch).<\/p>\n<p><em>\u201eEs gab einen gro\u00dfen Unterschied zwischen einem Freiwilligen und einem Teilnehmer des Tages. Als Freiwilliger habe ich mich um das Wohlergehen der anderen gek\u00fcmmert, wir haben daf\u00fcr gesorgt, dass alles nach Plan l\u00e4uft, und wir waren immer bereit, nach L\u00f6sungen zu suchen. Die Organisation dieser gro\u00dfartigen Aktivit\u00e4t erfordert engagierte Menschen, und das spiegelt sich in jedem der Freiwilligen wider. Ich habe es geliebt, Freiwilliger zu sein, und ich w\u00fcrde mich wieder freiwillig melden, um anderen zu helfen!\u201c<\/em> &#8211; Mar\u00eda Jos\u00e9 Campuzano (Sch\u00f6nstattMJF, Freiwillige).<\/p>\n<p><em>\u201eDie Freude in den Gesichtern der Menschen, denen ich diente, war das gr\u00f6\u00dfte Geschenk, das mir dieses Treffen machen konnte. Unserem N\u00e4chsten zu helfen, erf\u00fcllt unsere Herzen und Seelen auf eine tiefe Weise, und keine andere Handlung, die wir tun, kann sich mit dem Gef\u00fchl vergleichen, unserer Gemeinschaft zu dienen. In all diesen Jahren in Sch\u00f6nstatt hat mich die Gottesmutter gelehrt, wie sch\u00f6n es ist, wenn man die M\u00f6glichkeit hat, anderen zu dienen, und man tut es auf au\u00dfergew\u00f6hnliche Weise, indem man immer das Beste von sich selbst gibt. Wenn du mich fragst, w\u00fcrde ich sagen, ja, ja, ich w\u00fcrde wiederkommen, um tausendmal mehr zu helfen und mich immer in den Dienst derer zu stellen, die mich brauchen\u201c<\/em> &#8211; Mar\u00eda Paz Romero (Sch\u00f6nstattMJF, Teilnehmerin).<\/p><\/blockquote>\n<p><img decoding=\"async\" class=\"aligncenter wp-image-33988 size-large\" src=\"https:\/\/schoenstatt.com\/wp-content\/uploads\/2023\/12\/Encuentro-Juvenil-Arquidiocesano-Guayaquil-3-1024x576.png\" alt=\"\" width=\"840\" height=\"473\" \/><\/p>\n<p>So ging das elfte Jugendtreffen der Erzdi\u00f6zese zu Ende und hinterlie\u00df im Herzen eines jeden jungen Menschen ein Samenkorn des Glaubens und des Engagements. Als Bewegung f\u00fchlen wir uns erf\u00fcllt und gl\u00fccklich, unserer Kirche zu dienen und unser Charisma mit Liebe und gro\u00dfz\u00fcgiger Hingabe zu teilen.<\/p>\n<p>Es war mehr als nur ein Treffen, es war eine Erfahrung der Verwandlung, die hoffentlich weiterhin Tag f\u00fcr Tag im Leben von Tausenden von jungen Menschen Fr\u00fcchte tragen wird, die dem Ruf Gottes folgen und sich entscheiden, ihren Glauben authentisch und in Freiheit zu leben, in der Gewissheit, dass nichts und niemand uns von der Liebe Christi trennen kann.<\/p>\n","protected":false},"excerpt":{"rendered":"<p>Die Sch\u00f6nstattfamilie von Guayaquil, Ecuador, hat an der Organisation des Jugendtreffens der Erzdi\u00f6zese mitgewirkt, an dem mehr als 3.000 Menschen teilnahmen. Unsere Familie m\u00f6chte einen Beitrag leisten und ein Zeichen im Leben der Kirche hinterlassen. Sehen Sie, wie die Veranstaltung verlief und welche Zeugnisse die Teilnehmer gaben.<\/p>\n","protected":false},"author":3,"featured_media":33976,"comment_status":"closed","ping_status":"closed","sticky":false,"template":"","format":"standard","meta":{"footnotes":""},"categories":[922,678],"tags":[],"class_list":["post-34031","post","type-post","status-publish","format-standard","has-post-thumbnail","hentry","category-jugend-de","category-lander-de"],"yoast_head":"<!-- This site is optimized with the Yoast SEO Premium plugin v27.4 (Yoast SEO v27.5) - https:\/\/yoast.com\/product\/yoast-seo-premium-wordpress\/ -->\n<title>Das Jugendtreffen der Erzdi\u00f6zese: Mehr als eine Veranstaltung, eine Erfahrung, die ver\u00e4ndert<\/title>\n<meta name=\"description\" content=\"Die Sch\u00f6nstattfamilie von Guayaquil hat an der Organisation des Jugendtreffens mitgewirkt, an dem mehr als 3.000 Personen teilnahmen.\" \/>\n<meta name=\"robots\" content=\"index, follow, max-snippet:-1, max-image-preview:large, max-video-preview:-1\" \/>\n<link rel=\"canonical\" href=\"https:\/\/schoenstatt.com\/de\/das-jugendtreffen-der-erzdiozese-mehr-als-eine-veranstaltung-eine-erfahrung-die-verandert\/\" \/>\n<meta property=\"og:locale\" content=\"de_DE\" \/>\n<meta property=\"og:type\" content=\"article\" \/>\n<meta property=\"og:title\" content=\"Das Jugendtreffen der Erzdi\u00f6zese: Mehr als eine Veranstaltung, eine Erfahrung, die ver\u00e4ndert\" \/>\n<meta property=\"og:description\" content=\"Die Sch\u00f6nstattfamilie von Guayaquil hat an der Organisation des Jugendtreffens mitgewirkt, an dem mehr als 3.000 Personen teilnahmen.\" \/>\n<meta property=\"og:url\" content=\"https:\/\/schoenstatt.com\/de\/das-jugendtreffen-der-erzdiozese-mehr-als-eine-veranstaltung-eine-erfahrung-die-verandert\/\" \/>\n<meta property=\"og:site_name\" content=\"Schoenstatt\" \/>\n<meta property=\"article:published_time\" content=\"2023-12-11T11:46:34+00:00\" \/>\n<meta property=\"article:modified_time\" content=\"2025-05-15T17:50:06+00:00\" \/>\n<meta property=\"og:image\" content=\"https:\/\/schoenstatt.com\/wp-content\/uploads\/2023\/12\/Encuentro-Juvenil-Arquidiocesano-Guayaquil-4-1.png\" \/>\n\t<meta property=\"og:image:width\" content=\"1600\" \/>\n\t<meta property=\"og:image:height\" content=\"900\" \/>\n\t<meta property=\"og:image:type\" content=\"image\/png\" \/>\n<meta name=\"author\" content=\"Karen Bueno\" \/>\n<meta name=\"twitter:card\" content=\"summary_large_image\" \/>\n<meta name=\"twitter:label1\" content=\"Verfasst von\" \/>\n\t<meta name=\"twitter:data1\" content=\"Karen Bueno\" \/>\n\t<meta name=\"twitter:label2\" content=\"Gesch\u00e4tzte Lesezeit\" \/>\n\t<meta name=\"twitter:data2\" content=\"5\u00a0Minuten\" \/>\n<script type=\"application\/ld+json\" class=\"yoast-schema-graph\">{\"@context\":\"https:\\\/\\\/schema.org\",\"@graph\":[{\"@type\":\"Article\",\"@id\":\"https:\\\/\\\/schoenstatt.com\\\/de\\\/das-jugendtreffen-der-erzdiozese-mehr-als-eine-veranstaltung-eine-erfahrung-die-verandert\\\/#article\",\"isPartOf\":{\"@id\":\"https:\\\/\\\/schoenstatt.com\\\/de\\\/das-jugendtreffen-der-erzdiozese-mehr-als-eine-veranstaltung-eine-erfahrung-die-verandert\\\/\"},\"author\":{\"name\":\"Karen Bueno\",\"@id\":\"https:\\\/\\\/schoenstatt.com\\\/de\\\/#\\\/schema\\\/person\\\/5158877ad4acae98b34daaeef2a1ce6e\"},\"headline\":\"Das Jugendtreffen der Erzdi\u00f6zese: Mehr als eine Veranstaltung, eine Erfahrung, die ver\u00e4ndert\",\"datePublished\":\"2023-12-11T11:46:34+00:00\",\"dateModified\":\"2025-05-15T17:50:06+00:00\",\"mainEntityOfPage\":{\"@id\":\"https:\\\/\\\/schoenstatt.com\\\/de\\\/das-jugendtreffen-der-erzdiozese-mehr-als-eine-veranstaltung-eine-erfahrung-die-verandert\\\/\"},\"wordCount\":924,\"publisher\":{\"@id\":\"https:\\\/\\\/schoenstatt.com\\\/de\\\/#organization\"},\"image\":{\"@id\":\"https:\\\/\\\/schoenstatt.com\\\/de\\\/das-jugendtreffen-der-erzdiozese-mehr-als-eine-veranstaltung-eine-erfahrung-die-verandert\\\/#primaryimage\"},\"thumbnailUrl\":\"https:\\\/\\\/schoenstatt.com\\\/wp-content\\\/uploads\\\/2023\\\/12\\\/Encuentro-Juvenil-Arquidiocesano-Guayaquil-4-1.png\",\"articleSection\":[\"Jugend\",\"L\u00e4nder\"],\"inLanguage\":\"de\"},{\"@type\":\"WebPage\",\"@id\":\"https:\\\/\\\/schoenstatt.com\\\/de\\\/das-jugendtreffen-der-erzdiozese-mehr-als-eine-veranstaltung-eine-erfahrung-die-verandert\\\/\",\"url\":\"https:\\\/\\\/schoenstatt.com\\\/de\\\/das-jugendtreffen-der-erzdiozese-mehr-als-eine-veranstaltung-eine-erfahrung-die-verandert\\\/\",\"name\":\"Das Jugendtreffen der Erzdi\u00f6zese: Mehr als eine Veranstaltung, eine Erfahrung, die ver\u00e4ndert\",\"isPartOf\":{\"@id\":\"https:\\\/\\\/schoenstatt.com\\\/de\\\/#website\"},\"primaryImageOfPage\":{\"@id\":\"https:\\\/\\\/schoenstatt.com\\\/de\\\/das-jugendtreffen-der-erzdiozese-mehr-als-eine-veranstaltung-eine-erfahrung-die-verandert\\\/#primaryimage\"},\"image\":{\"@id\":\"https:\\\/\\\/schoenstatt.com\\\/de\\\/das-jugendtreffen-der-erzdiozese-mehr-als-eine-veranstaltung-eine-erfahrung-die-verandert\\\/#primaryimage\"},\"thumbnailUrl\":\"https:\\\/\\\/schoenstatt.com\\\/wp-content\\\/uploads\\\/2023\\\/12\\\/Encuentro-Juvenil-Arquidiocesano-Guayaquil-4-1.png\",\"datePublished\":\"2023-12-11T11:46:34+00:00\",\"dateModified\":\"2025-05-15T17:50:06+00:00\",\"description\":\"Die Sch\u00f6nstattfamilie von Guayaquil hat an der Organisation des Jugendtreffens mitgewirkt, an dem mehr als 3.000 Personen teilnahmen.\",\"breadcrumb\":{\"@id\":\"https:\\\/\\\/schoenstatt.com\\\/de\\\/das-jugendtreffen-der-erzdiozese-mehr-als-eine-veranstaltung-eine-erfahrung-die-verandert\\\/#breadcrumb\"},\"inLanguage\":\"de\",\"potentialAction\":[{\"@type\":\"ReadAction\",\"target\":[\"https:\\\/\\\/schoenstatt.com\\\/de\\\/das-jugendtreffen-der-erzdiozese-mehr-als-eine-veranstaltung-eine-erfahrung-die-verandert\\\/\"]}]},{\"@type\":\"ImageObject\",\"inLanguage\":\"de\",\"@id\":\"https:\\\/\\\/schoenstatt.com\\\/de\\\/das-jugendtreffen-der-erzdiozese-mehr-als-eine-veranstaltung-eine-erfahrung-die-verandert\\\/#primaryimage\",\"url\":\"https:\\\/\\\/schoenstatt.com\\\/wp-content\\\/uploads\\\/2023\\\/12\\\/Encuentro-Juvenil-Arquidiocesano-Guayaquil-4-1.png\",\"contentUrl\":\"https:\\\/\\\/schoenstatt.com\\\/wp-content\\\/uploads\\\/2023\\\/12\\\/Encuentro-Juvenil-Arquidiocesano-Guayaquil-4-1.png\",\"width\":1600,\"height\":900},{\"@type\":\"BreadcrumbList\",\"@id\":\"https:\\\/\\\/schoenstatt.com\\\/de\\\/das-jugendtreffen-der-erzdiozese-mehr-als-eine-veranstaltung-eine-erfahrung-die-verandert\\\/#breadcrumb\",\"itemListElement\":[{\"@type\":\"ListItem\",\"position\":1,\"name\":\"Portada\",\"item\":\"https:\\\/\\\/schoenstatt.com\\\/de\\\/home\\\/\"},{\"@type\":\"ListItem\",\"position\":2,\"name\":\"Das Jugendtreffen der Erzdi\u00f6zese: Mehr als eine Veranstaltung, eine Erfahrung, die ver\u00e4ndert\"}]},{\"@type\":\"WebSite\",\"@id\":\"https:\\\/\\\/schoenstatt.com\\\/de\\\/#website\",\"url\":\"https:\\\/\\\/schoenstatt.com\\\/de\\\/\",\"name\":\"Schoenstatt\",\"description\":\"Apostolic Movement\",\"publisher\":{\"@id\":\"https:\\\/\\\/schoenstatt.com\\\/de\\\/#organization\"},\"potentialAction\":[{\"@type\":\"SearchAction\",\"target\":{\"@type\":\"EntryPoint\",\"urlTemplate\":\"https:\\\/\\\/schoenstatt.com\\\/de\\\/?s={search_term_string}\"},\"query-input\":{\"@type\":\"PropertyValueSpecification\",\"valueRequired\":true,\"valueName\":\"search_term_string\"}}],\"inLanguage\":\"de\"},{\"@type\":\"Organization\",\"@id\":\"https:\\\/\\\/schoenstatt.com\\\/de\\\/#organization\",\"name\":\"Schoenstatt\",\"url\":\"https:\\\/\\\/schoenstatt.com\\\/de\\\/\",\"logo\":{\"@type\":\"ImageObject\",\"inLanguage\":\"de\",\"@id\":\"https:\\\/\\\/schoenstatt.com\\\/de\\\/#\\\/schema\\\/logo\\\/image\\\/\",\"url\":\"https:\\\/\\\/schoenstatt.com\\\/wp-content\\\/uploads\\\/2025\\\/04\\\/logo-schoenstatt-white-696x696-1.png\",\"contentUrl\":\"https:\\\/\\\/schoenstatt.com\\\/wp-content\\\/uploads\\\/2025\\\/04\\\/logo-schoenstatt-white-696x696-1.png\",\"width\":696,\"height\":694,\"caption\":\"Schoenstatt\"},\"image\":{\"@id\":\"https:\\\/\\\/schoenstatt.com\\\/de\\\/#\\\/schema\\\/logo\\\/image\\\/\"}},{\"@type\":\"Person\",\"@id\":\"https:\\\/\\\/schoenstatt.com\\\/de\\\/#\\\/schema\\\/person\\\/5158877ad4acae98b34daaeef2a1ce6e\",\"name\":\"Karen Bueno\",\"image\":{\"@type\":\"ImageObject\",\"inLanguage\":\"de\",\"@id\":\"https:\\\/\\\/secure.gravatar.com\\\/avatar\\\/f9f4b823873154269d2b2130f195f6d41037dd0d7fc5f3cacb5c846bae70d66b?s=96&d=mm&r=g\",\"url\":\"https:\\\/\\\/secure.gravatar.com\\\/avatar\\\/f9f4b823873154269d2b2130f195f6d41037dd0d7fc5f3cacb5c846bae70d66b?s=96&d=mm&r=g\",\"contentUrl\":\"https:\\\/\\\/secure.gravatar.com\\\/avatar\\\/f9f4b823873154269d2b2130f195f6d41037dd0d7fc5f3cacb5c846bae70d66b?s=96&d=mm&r=g\",\"caption\":\"Karen Bueno\"},\"url\":\"https:\\\/\\\/schoenstatt.com\\\/de\\\/author\\\/karen-bueno\\\/\"}]}<\/script>\n<!-- \/ Yoast SEO Premium plugin. -->","yoast_head_json":{"title":"Das Jugendtreffen der Erzdi\u00f6zese: Mehr als eine Veranstaltung, eine Erfahrung, die ver\u00e4ndert","description":"Die Sch\u00f6nstattfamilie von Guayaquil hat an der Organisation des Jugendtreffens mitgewirkt, an dem mehr als 3.000 Personen teilnahmen.","robots":{"index":"index","follow":"follow","max-snippet":"max-snippet:-1","max-image-preview":"max-image-preview:large","max-video-preview":"max-video-preview:-1"},"canonical":"https:\/\/schoenstatt.com\/de\/das-jugendtreffen-der-erzdiozese-mehr-als-eine-veranstaltung-eine-erfahrung-die-verandert\/","og_locale":"de_DE","og_type":"article","og_title":"Das Jugendtreffen der Erzdi\u00f6zese: Mehr als eine Veranstaltung, eine Erfahrung, die ver\u00e4ndert","og_description":"Die Sch\u00f6nstattfamilie von Guayaquil hat an der Organisation des Jugendtreffens mitgewirkt, an dem mehr als 3.000 Personen teilnahmen.","og_url":"https:\/\/schoenstatt.com\/de\/das-jugendtreffen-der-erzdiozese-mehr-als-eine-veranstaltung-eine-erfahrung-die-verandert\/","og_site_name":"Schoenstatt","article_published_time":"2023-12-11T11:46:34+00:00","article_modified_time":"2025-05-15T17:50:06+00:00","og_image":[{"width":1600,"height":900,"url":"https:\/\/schoenstatt.com\/wp-content\/uploads\/2023\/12\/Encuentro-Juvenil-Arquidiocesano-Guayaquil-4-1.png","type":"image\/png"}],"author":"Karen Bueno","twitter_card":"summary_large_image","twitter_misc":{"Verfasst von":"Karen Bueno","Gesch\u00e4tzte Lesezeit":"5\u00a0Minuten"},"schema":{"@context":"https:\/\/schema.org","@graph":[{"@type":"Article","@id":"https:\/\/schoenstatt.com\/de\/das-jugendtreffen-der-erzdiozese-mehr-als-eine-veranstaltung-eine-erfahrung-die-verandert\/#article","isPartOf":{"@id":"https:\/\/schoenstatt.com\/de\/das-jugendtreffen-der-erzdiozese-mehr-als-eine-veranstaltung-eine-erfahrung-die-verandert\/"},"author":{"name":"Karen Bueno","@id":"https:\/\/schoenstatt.com\/de\/#\/schema\/person\/5158877ad4acae98b34daaeef2a1ce6e"},"headline":"Das Jugendtreffen der Erzdi\u00f6zese: Mehr als eine Veranstaltung, eine Erfahrung, die ver\u00e4ndert","datePublished":"2023-12-11T11:46:34+00:00","dateModified":"2025-05-15T17:50:06+00:00","mainEntityOfPage":{"@id":"https:\/\/schoenstatt.com\/de\/das-jugendtreffen-der-erzdiozese-mehr-als-eine-veranstaltung-eine-erfahrung-die-verandert\/"},"wordCount":924,"publisher":{"@id":"https:\/\/schoenstatt.com\/de\/#organization"},"image":{"@id":"https:\/\/schoenstatt.com\/de\/das-jugendtreffen-der-erzdiozese-mehr-als-eine-veranstaltung-eine-erfahrung-die-verandert\/#primaryimage"},"thumbnailUrl":"https:\/\/schoenstatt.com\/wp-content\/uploads\/2023\/12\/Encuentro-Juvenil-Arquidiocesano-Guayaquil-4-1.png","articleSection":["Jugend","L\u00e4nder"],"inLanguage":"de"},{"@type":"WebPage","@id":"https:\/\/schoenstatt.com\/de\/das-jugendtreffen-der-erzdiozese-mehr-als-eine-veranstaltung-eine-erfahrung-die-verandert\/","url":"https:\/\/schoenstatt.com\/de\/das-jugendtreffen-der-erzdiozese-mehr-als-eine-veranstaltung-eine-erfahrung-die-verandert\/","name":"Das Jugendtreffen der Erzdi\u00f6zese: Mehr als eine Veranstaltung, eine Erfahrung, die ver\u00e4ndert","isPartOf":{"@id":"https:\/\/schoenstatt.com\/de\/#website"},"primaryImageOfPage":{"@id":"https:\/\/schoenstatt.com\/de\/das-jugendtreffen-der-erzdiozese-mehr-als-eine-veranstaltung-eine-erfahrung-die-verandert\/#primaryimage"},"image":{"@id":"https:\/\/schoenstatt.com\/de\/das-jugendtreffen-der-erzdiozese-mehr-als-eine-veranstaltung-eine-erfahrung-die-verandert\/#primaryimage"},"thumbnailUrl":"https:\/\/schoenstatt.com\/wp-content\/uploads\/2023\/12\/Encuentro-Juvenil-Arquidiocesano-Guayaquil-4-1.png","datePublished":"2023-12-11T11:46:34+00:00","dateModified":"2025-05-15T17:50:06+00:00","description":"Die Sch\u00f6nstattfamilie von Guayaquil hat an der Organisation des Jugendtreffens mitgewirkt, an dem mehr als 3.000 Personen teilnahmen.","breadcrumb":{"@id":"https:\/\/schoenstatt.com\/de\/das-jugendtreffen-der-erzdiozese-mehr-als-eine-veranstaltung-eine-erfahrung-die-verandert\/#breadcrumb"},"inLanguage":"de","potentialAction":[{"@type":"ReadAction","target":["https:\/\/schoenstatt.com\/de\/das-jugendtreffen-der-erzdiozese-mehr-als-eine-veranstaltung-eine-erfahrung-die-verandert\/"]}]},{"@type":"ImageObject","inLanguage":"de","@id":"https:\/\/schoenstatt.com\/de\/das-jugendtreffen-der-erzdiozese-mehr-als-eine-veranstaltung-eine-erfahrung-die-verandert\/#primaryimage","url":"https:\/\/schoenstatt.com\/wp-content\/uploads\/2023\/12\/Encuentro-Juvenil-Arquidiocesano-Guayaquil-4-1.png","contentUrl":"https:\/\/schoenstatt.com\/wp-content\/uploads\/2023\/12\/Encuentro-Juvenil-Arquidiocesano-Guayaquil-4-1.png","width":1600,"height":900},{"@type":"BreadcrumbList","@id":"https:\/\/schoenstatt.com\/de\/das-jugendtreffen-der-erzdiozese-mehr-als-eine-veranstaltung-eine-erfahrung-die-verandert\/#breadcrumb","itemListElement":[{"@type":"ListItem","position":1,"name":"Portada","item":"https:\/\/schoenstatt.com\/de\/home\/"},{"@type":"ListItem","position":2,"name":"Das Jugendtreffen der Erzdi\u00f6zese: Mehr als eine Veranstaltung, eine Erfahrung, die ver\u00e4ndert"}]},{"@type":"WebSite","@id":"https:\/\/schoenstatt.com\/de\/#website","url":"https:\/\/schoenstatt.com\/de\/","name":"Schoenstatt","description":"Apostolic Movement","publisher":{"@id":"https:\/\/schoenstatt.com\/de\/#organization"},"potentialAction":[{"@type":"SearchAction","target":{"@type":"EntryPoint","urlTemplate":"https:\/\/schoenstatt.com\/de\/?s={search_term_string}"},"query-input":{"@type":"PropertyValueSpecification","valueRequired":true,"valueName":"search_term_string"}}],"inLanguage":"de"},{"@type":"Organization","@id":"https:\/\/schoenstatt.com\/de\/#organization","name":"Schoenstatt","url":"https:\/\/schoenstatt.com\/de\/","logo":{"@type":"ImageObject","inLanguage":"de","@id":"https:\/\/schoenstatt.com\/de\/#\/schema\/logo\/image\/","url":"https:\/\/schoenstatt.com\/wp-content\/uploads\/2025\/04\/logo-schoenstatt-white-696x696-1.png","contentUrl":"https:\/\/schoenstatt.com\/wp-content\/uploads\/2025\/04\/logo-schoenstatt-white-696x696-1.png","width":696,"height":694,"caption":"Schoenstatt"},"image":{"@id":"https:\/\/schoenstatt.com\/de\/#\/schema\/logo\/image\/"}},{"@type":"Person","@id":"https:\/\/schoenstatt.com\/de\/#\/schema\/person\/5158877ad4acae98b34daaeef2a1ce6e","name":"Karen Bueno","image":{"@type":"ImageObject","inLanguage":"de","@id":"https:\/\/secure.gravatar.com\/avatar\/f9f4b823873154269d2b2130f195f6d41037dd0d7fc5f3cacb5c846bae70d66b?s=96&d=mm&r=g","url":"https:\/\/secure.gravatar.com\/avatar\/f9f4b823873154269d2b2130f195f6d41037dd0d7fc5f3cacb5c846bae70d66b?s=96&d=mm&r=g","contentUrl":"https:\/\/secure.gravatar.com\/avatar\/f9f4b823873154269d2b2130f195f6d41037dd0d7fc5f3cacb5c846bae70d66b?s=96&d=mm&r=g","caption":"Karen Bueno"},"url":"https:\/\/schoenstatt.com\/de\/author\/karen-bueno\/"}]}},"_links":{"self":[{"href":"https:\/\/schoenstatt.com\/de\/wp-json\/wp\/v2\/posts\/34031","targetHints":{"allow":["GET"]}}],"collection":[{"href":"https:\/\/schoenstatt.com\/de\/wp-json\/wp\/v2\/posts"}],"about":[{"href":"https:\/\/schoenstatt.com\/de\/wp-json\/wp\/v2\/types\/post"}],"author":[{"embeddable":true,"href":"https:\/\/schoenstatt.com\/de\/wp-json\/wp\/v2\/users\/3"}],"replies":[{"embeddable":true,"href":"https:\/\/schoenstatt.com\/de\/wp-json\/wp\/v2\/comments?post=34031"}],"version-history":[{"count":1,"href":"https:\/\/schoenstatt.com\/de\/wp-json\/wp\/v2\/posts\/34031\/revisions"}],"predecessor-version":[{"id":46540,"href":"https:\/\/schoenstatt.com\/de\/wp-json\/wp\/v2\/posts\/34031\/revisions\/46540"}],"wp:featuredmedia":[{"embeddable":true,"href":"https:\/\/schoenstatt.com\/de\/wp-json\/wp\/v2\/media\/33976"}],"wp:attachment":[{"href":"https:\/\/schoenstatt.com\/de\/wp-json\/wp\/v2\/media?parent=34031"}],"wp:term":[{"taxonomy":"category","embeddable":true,"href":"https:\/\/schoenstatt.com\/de\/wp-json\/wp\/v2\/categories?post=34031"},{"taxonomy":"post_tag","embeddable":true,"href":"https:\/\/schoenstatt.com\/de\/wp-json\/wp\/v2\/tags?post=34031"}],"curies":[{"name":"wp","href":"https:\/\/api.w.org\/{rel}","templated":true}]}}