{"id":33968,"date":"2023-12-08T06:00:47","date_gmt":"2023-12-08T05:00:47","guid":{"rendered":"https:\/\/schoenstatt.com\/?p=33968"},"modified":"2025-05-15T19:50:07","modified_gmt":"2025-05-15T17:50:07","slug":"schoenstatt-quito-erlebte-das-treffen-der-regionalen-verantwortlichen","status":"publish","type":"post","link":"https:\/\/schoenstatt.com\/de\/schoenstatt-quito-erlebte-das-treffen-der-regionalen-verantwortlichen\/","title":{"rendered":"Sch\u00f6nstatt Quito erlebte das Treffen der regionalen Verantwortlichen"},"content":{"rendered":"<p>Am Samstag, dem 18. November, fand in der Basilika Voto Nacional im historischen Zentrum von Quito die Regionalkonferenz f\u00fcr F\u00fchrungskr\u00e4fte Sch\u00f6nstatts statt.<\/p>\n<p>Es war ein Treffen, bei dem sehr bedeutende Momente erlebt wurden. Das zentrale Thema war die Weihe <a href=\"https:\/\/www.schoenstatt.ec\/\">Ecuadors<\/a> an das Heiligste Herz Jesu, ein Akt von gro\u00dfer Bedeutung, der einen Meilenstein in der ecuadorianischen Gesellschaft darstellt. Am 25. M\u00e4rz 2024 wird Ecuador den 150. Jahrestag dieser Weihe feiern, mit der es auch das erste Land der Welt war, das diese Weihe erhielt.<\/p>\n<h2>Quito: Gastgeber des Internationalen Eucharistischen Kongresses im September 2024<\/h2>\n<p>Angesichts dieses wichtigen Ereignisses hat Papst Franziskus Ecuador als Gastgeberland f\u00fcr den n\u00e4chsten Internationalen Eucharistischen Kongress ausgew\u00e4hlt, der vom 8. bis 15. September 2024 in Quito stattfinden wird. Sein Ziel ist es, unseren Herrn Jesus Christus in seinem eucharistischen Dienst, dem Zentrum des Lebens der Kirche und ihrer Sendung, die Wunden der Welt zu heilen, besser kennen, lieben und ihm dienen zu lernen.<\/p>\n<p>Aus diesem Grund wurde f\u00fcr die 53. IEC das Motto \u201eBr\u00fcderlichkeit zur Heilung der Welt\u201c gew\u00e4hlt. Der Heilige Vater hofft, dass die Erfahrungen dieses Kongresses die Fruchtbarkeit der Eucharistie f\u00fcr die Evangelisierung und die Erneuerung des Glaubens auf dem amerikanischen Kontinent zeigen werden. Diese beiden Schl\u00fcsselelemente bildeten den Rahmen des Tages.<\/p>\n<h3><img fetchpriority=\"high\" decoding=\"async\" class=\"aligncenter wp-image-33956 size-large\" src=\"https:\/\/schoenstatt.com\/wp-content\/uploads\/2023\/12\/schoenstatt-quito-ecuador-4-768x1024.jpg\" alt=\"\" width=\"768\" height=\"1024\" \/><\/h3>\n<h3>Anbetung und Mission<\/h3>\n<p>Um unsere vor Aufregung pulsierenden Herzen zu beruhigen, legten wir uns als erstes demjenigen zu F\u00fc\u00dfen, von dem wir alle Gnaden und Segnungen erhalten haben. Wir gingen zum Allerheiligsten Sakrament und schenkten ihm eine Zeit des Gebets und der Anbetung, eine innige Begegnung mit Jesus im Allerheiligsten, die wir mit gro\u00dfer Hingabe erlebten.<\/p>\n<p>Um den Tag fortzusetzen und mehr \u00fcber den historischen Moment in Ecuador vor 150 Jahren zu erfahren, der den damaligen Pr\u00e4sidenten Gabriel Garc\u00eda Moreno zu der Entscheidung veranlasste, unser Land dem Heiligsten Herzen Jesu zu weihen, wurde der renommierte katholische Historiker und langj\u00e4hrige Universit\u00e4tsprofessor Dr. Carlos Freile eingeladen, der sein umfangreiches Wissen zu diesem Thema mit uns teilte und uns dazu brachte, uns zu fragen, was unsere Rolle als geweihte Katholiken heute ist.<\/p>\n<h3>Familie des Vaters, geweiht auf der Patene<\/h3>\n<p>Anschlie\u00dfend sprach Pater Felipe R\u00edos, Landesleiter der Sch\u00f6nstattbewegung in Ecuador, \u00fcber die Gegenwart und die Herausforderungen des nationalen Ideals \u201eFamilie des Vaters, geweiht auf der Patene\u201c. Er sprach dar\u00fcber, wie Sch\u00f6nstatt in Ecuador in eine heilige Geschichte eingebettet ist und ankommt, um sich von ihr zu bereichern, aber auch, um sie zu bereichern; geweiht zu sein bedeutet, sich einer Sendung zu weihen, und dass unser Charisma das ist, was wir unserer Kirche geben wollen, damit wir gemeinsam Sauerteig in der Masse sein k\u00f6nnen, der das Samenkorn der Einheit, der Hoffnung und des Heils ist.<\/p>\n<p><img decoding=\"async\" class=\"aligncenter wp-image-33952 \" src=\"https:\/\/schoenstatt.com\/wp-content\/uploads\/2023\/12\/schoenstatt-quito-ecuador-2-833x1024.jpg\" alt=\"\" width=\"775\" height=\"953\" \/><\/p>\n<p>Von gro\u00dfer Bedeutung war auch die Tatsache, dass die Tagung am 18. November, dem <a href=\"https:\/\/schoenstatt.com\/de\/about\/spiritualitaet\/das-liebesbuendnis\/\">B\u00fcndnistag<\/a>, stattfand. Pater Dar\u00edo Balbont\u00edn, Pater Felipe und Pater Pablo Gajardo feierten in der Herz-Jesu-Kapelle die heilige Messe. Danach gingen wir zum Altar, wo die Dreimal Wunderbare Mutter und K\u00f6nigin von Sch\u00f6nstatt thront, wo wir unser Liebesb\u00fcndnis erneuerten und den Schlusssegen erhielten. Unsere Marienschwestern, Schwester M. Montserrat Darquea und Schwester M. Lorena Sarria, waren ebenfalls anwesend.<\/p>\n<p>Es war zweifellos ein intensiver Tag, der uns mit gro\u00dfen Herausforderungen und der festen Verpflichtung zur\u00fcckgelassen hat, unter unserem Ideal vereint zu bleiben und in der Kirche aktiv an der Verwirklichung des Kongresses mitzuarbeiten und aktive Werkzeuge beim Schmieden eines neuen Landes und einer neuen Welt zu sein, in denen Br\u00fcderlichkeit und Liebe vorherrschen, um die Wunden der Welt zu heilen.<\/p>\n<p><img decoding=\"async\" class=\"aligncenter wp-image-33960 size-large\" src=\"https:\/\/schoenstatt.com\/wp-content\/uploads\/2023\/12\/schoenstatt-quito-ecuador-3-800x1024.jpg\" alt=\"\" width=\"800\" height=\"1024\" \/><\/p>\n","protected":false},"excerpt":{"rendered":"<p>Die Hauptstadt Ecuadors, Quito, wird auf Wunsch von Papst Franziskus im September 2024 Gastgeber des n\u00e4chsten Internationalen Eucharistischen Kongresses sein. Die Sch\u00f6nstattfamilie erlebt diesen Moment mit Erwartung und Ergriffenheit. Das spiegelt sich auch in der Konferenz der Regionalleiter wider, die vor kurzem an einem Tag der Ausbildung stattfand.<\/p>\n","protected":false},"author":3,"featured_media":33948,"comment_status":"closed","ping_status":"closed","sticky":false,"template":"","format":"standard","meta":{"footnotes":""},"categories":[678],"tags":[],"class_list":["post-33968","post","type-post","status-publish","format-standard","has-post-thumbnail","hentry","category-lander-de"],"yoast_head":"<!-- This site is optimized with the Yoast SEO Premium plugin v27.4 (Yoast SEO v27.4) - https:\/\/yoast.com\/product\/yoast-seo-premium-wordpress\/ -->\n<title>Sch\u00f6nstatt Quito erlebte das Treffen der regionalen Verantwortlichen<\/title>\n<meta name=\"description\" content=\"Der Tag der Regionalleiter von Sch\u00f6nstatt Quito 2023 fand in der Basilika des Nationalen Gel\u00fcbdes statt, voller Erwartung und Ergriffenheit.\" \/>\n<meta name=\"robots\" content=\"index, follow, max-snippet:-1, max-image-preview:large, max-video-preview:-1\" \/>\n<link rel=\"canonical\" href=\"https:\/\/schoenstatt.com\/de\/schoenstatt-quito-erlebte-das-treffen-der-regionalen-verantwortlichen\/\" \/>\n<meta property=\"og:locale\" content=\"de_DE\" \/>\n<meta property=\"og:type\" content=\"article\" \/>\n<meta property=\"og:title\" content=\"Sch\u00f6nstatt Quito erlebte das Treffen der regionalen Verantwortlichen\" \/>\n<meta property=\"og:description\" content=\"Der Tag der Regionalleiter von Sch\u00f6nstatt Quito 2023 fand in der Basilika des Nationalen Gel\u00fcbdes statt, voller Erwartung und Ergriffenheit.\" \/>\n<meta property=\"og:url\" content=\"https:\/\/schoenstatt.com\/de\/schoenstatt-quito-erlebte-das-treffen-der-regionalen-verantwortlichen\/\" \/>\n<meta property=\"og:site_name\" content=\"Schoenstatt\" \/>\n<meta property=\"article:published_time\" content=\"2023-12-08T05:00:47+00:00\" \/>\n<meta property=\"article:modified_time\" content=\"2025-05-15T17:50:07+00:00\" \/>\n<meta property=\"og:image\" content=\"https:\/\/schoenstatt.com\/wp-content\/uploads\/2023\/12\/schoenstatt-quito-ecuador-1.jpg\" \/>\n\t<meta property=\"og:image:width\" content=\"1600\" \/>\n\t<meta property=\"og:image:height\" content=\"876\" \/>\n\t<meta property=\"og:image:type\" content=\"image\/jpeg\" \/>\n<meta name=\"author\" content=\"Karen Bueno\" \/>\n<meta name=\"twitter:card\" content=\"summary_large_image\" \/>\n<meta name=\"twitter:label1\" content=\"Verfasst von\" \/>\n\t<meta name=\"twitter:data1\" content=\"Karen Bueno\" \/>\n\t<meta name=\"twitter:label2\" content=\"Gesch\u00e4tzte Lesezeit\" \/>\n\t<meta name=\"twitter:data2\" content=\"4\u00a0Minuten\" \/>\n<script type=\"application\/ld+json\" class=\"yoast-schema-graph\">{\"@context\":\"https:\\\/\\\/schema.org\",\"@graph\":[{\"@type\":\"Article\",\"@id\":\"https:\\\/\\\/schoenstatt.com\\\/de\\\/schoenstatt-quito-erlebte-das-treffen-der-regionalen-verantwortlichen\\\/#article\",\"isPartOf\":{\"@id\":\"https:\\\/\\\/schoenstatt.com\\\/de\\\/schoenstatt-quito-erlebte-das-treffen-der-regionalen-verantwortlichen\\\/\"},\"author\":{\"name\":\"Karen Bueno\",\"@id\":\"https:\\\/\\\/schoenstatt.com\\\/de\\\/#\\\/schema\\\/person\\\/5158877ad4acae98b34daaeef2a1ce6e\"},\"headline\":\"Sch\u00f6nstatt Quito erlebte das Treffen der regionalen Verantwortlichen\",\"datePublished\":\"2023-12-08T05:00:47+00:00\",\"dateModified\":\"2025-05-15T17:50:07+00:00\",\"mainEntityOfPage\":{\"@id\":\"https:\\\/\\\/schoenstatt.com\\\/de\\\/schoenstatt-quito-erlebte-das-treffen-der-regionalen-verantwortlichen\\\/\"},\"wordCount\":602,\"publisher\":{\"@id\":\"https:\\\/\\\/schoenstatt.com\\\/de\\\/#organization\"},\"image\":{\"@id\":\"https:\\\/\\\/schoenstatt.com\\\/de\\\/schoenstatt-quito-erlebte-das-treffen-der-regionalen-verantwortlichen\\\/#primaryimage\"},\"thumbnailUrl\":\"https:\\\/\\\/schoenstatt.com\\\/wp-content\\\/uploads\\\/2023\\\/12\\\/schoenstatt-quito-ecuador-1.jpg\",\"articleSection\":[\"L\u00e4nder\"],\"inLanguage\":\"de\"},{\"@type\":\"WebPage\",\"@id\":\"https:\\\/\\\/schoenstatt.com\\\/de\\\/schoenstatt-quito-erlebte-das-treffen-der-regionalen-verantwortlichen\\\/\",\"url\":\"https:\\\/\\\/schoenstatt.com\\\/de\\\/schoenstatt-quito-erlebte-das-treffen-der-regionalen-verantwortlichen\\\/\",\"name\":\"Sch\u00f6nstatt Quito erlebte das Treffen der regionalen Verantwortlichen\",\"isPartOf\":{\"@id\":\"https:\\\/\\\/schoenstatt.com\\\/de\\\/#website\"},\"primaryImageOfPage\":{\"@id\":\"https:\\\/\\\/schoenstatt.com\\\/de\\\/schoenstatt-quito-erlebte-das-treffen-der-regionalen-verantwortlichen\\\/#primaryimage\"},\"image\":{\"@id\":\"https:\\\/\\\/schoenstatt.com\\\/de\\\/schoenstatt-quito-erlebte-das-treffen-der-regionalen-verantwortlichen\\\/#primaryimage\"},\"thumbnailUrl\":\"https:\\\/\\\/schoenstatt.com\\\/wp-content\\\/uploads\\\/2023\\\/12\\\/schoenstatt-quito-ecuador-1.jpg\",\"datePublished\":\"2023-12-08T05:00:47+00:00\",\"dateModified\":\"2025-05-15T17:50:07+00:00\",\"description\":\"Der Tag der Regionalleiter von Sch\u00f6nstatt Quito 2023 fand in der Basilika des Nationalen Gel\u00fcbdes statt, voller Erwartung und Ergriffenheit.\",\"breadcrumb\":{\"@id\":\"https:\\\/\\\/schoenstatt.com\\\/de\\\/schoenstatt-quito-erlebte-das-treffen-der-regionalen-verantwortlichen\\\/#breadcrumb\"},\"inLanguage\":\"de\",\"potentialAction\":[{\"@type\":\"ReadAction\",\"target\":[\"https:\\\/\\\/schoenstatt.com\\\/de\\\/schoenstatt-quito-erlebte-das-treffen-der-regionalen-verantwortlichen\\\/\"]}]},{\"@type\":\"ImageObject\",\"inLanguage\":\"de\",\"@id\":\"https:\\\/\\\/schoenstatt.com\\\/de\\\/schoenstatt-quito-erlebte-das-treffen-der-regionalen-verantwortlichen\\\/#primaryimage\",\"url\":\"https:\\\/\\\/schoenstatt.com\\\/wp-content\\\/uploads\\\/2023\\\/12\\\/schoenstatt-quito-ecuador-1.jpg\",\"contentUrl\":\"https:\\\/\\\/schoenstatt.com\\\/wp-content\\\/uploads\\\/2023\\\/12\\\/schoenstatt-quito-ecuador-1.jpg\",\"width\":1600,\"height\":876},{\"@type\":\"BreadcrumbList\",\"@id\":\"https:\\\/\\\/schoenstatt.com\\\/de\\\/schoenstatt-quito-erlebte-das-treffen-der-regionalen-verantwortlichen\\\/#breadcrumb\",\"itemListElement\":[{\"@type\":\"ListItem\",\"position\":1,\"name\":\"Portada\",\"item\":\"https:\\\/\\\/schoenstatt.com\\\/de\\\/home\\\/\"},{\"@type\":\"ListItem\",\"position\":2,\"name\":\"Sch\u00f6nstatt Quito erlebte das Treffen der regionalen Verantwortlichen\"}]},{\"@type\":\"WebSite\",\"@id\":\"https:\\\/\\\/schoenstatt.com\\\/de\\\/#website\",\"url\":\"https:\\\/\\\/schoenstatt.com\\\/de\\\/\",\"name\":\"Schoenstatt\",\"description\":\"Apostolic Movement\",\"publisher\":{\"@id\":\"https:\\\/\\\/schoenstatt.com\\\/de\\\/#organization\"},\"potentialAction\":[{\"@type\":\"SearchAction\",\"target\":{\"@type\":\"EntryPoint\",\"urlTemplate\":\"https:\\\/\\\/schoenstatt.com\\\/de\\\/?s={search_term_string}\"},\"query-input\":{\"@type\":\"PropertyValueSpecification\",\"valueRequired\":true,\"valueName\":\"search_term_string\"}}],\"inLanguage\":\"de\"},{\"@type\":\"Organization\",\"@id\":\"https:\\\/\\\/schoenstatt.com\\\/de\\\/#organization\",\"name\":\"Schoenstatt\",\"url\":\"https:\\\/\\\/schoenstatt.com\\\/de\\\/\",\"logo\":{\"@type\":\"ImageObject\",\"inLanguage\":\"de\",\"@id\":\"https:\\\/\\\/schoenstatt.com\\\/de\\\/#\\\/schema\\\/logo\\\/image\\\/\",\"url\":\"https:\\\/\\\/schoenstatt.com\\\/wp-content\\\/uploads\\\/2025\\\/04\\\/logo-schoenstatt-white-696x696-1.png\",\"contentUrl\":\"https:\\\/\\\/schoenstatt.com\\\/wp-content\\\/uploads\\\/2025\\\/04\\\/logo-schoenstatt-white-696x696-1.png\",\"width\":696,\"height\":694,\"caption\":\"Schoenstatt\"},\"image\":{\"@id\":\"https:\\\/\\\/schoenstatt.com\\\/de\\\/#\\\/schema\\\/logo\\\/image\\\/\"}},{\"@type\":\"Person\",\"@id\":\"https:\\\/\\\/schoenstatt.com\\\/de\\\/#\\\/schema\\\/person\\\/5158877ad4acae98b34daaeef2a1ce6e\",\"name\":\"Karen Bueno\",\"image\":{\"@type\":\"ImageObject\",\"inLanguage\":\"de\",\"@id\":\"https:\\\/\\\/secure.gravatar.com\\\/avatar\\\/f9f4b823873154269d2b2130f195f6d41037dd0d7fc5f3cacb5c846bae70d66b?s=96&d=mm&r=g\",\"url\":\"https:\\\/\\\/secure.gravatar.com\\\/avatar\\\/f9f4b823873154269d2b2130f195f6d41037dd0d7fc5f3cacb5c846bae70d66b?s=96&d=mm&r=g\",\"contentUrl\":\"https:\\\/\\\/secure.gravatar.com\\\/avatar\\\/f9f4b823873154269d2b2130f195f6d41037dd0d7fc5f3cacb5c846bae70d66b?s=96&d=mm&r=g\",\"caption\":\"Karen Bueno\"},\"url\":\"https:\\\/\\\/schoenstatt.com\\\/de\\\/author\\\/karen-bueno\\\/\"}]}<\/script>\n<!-- \/ Yoast SEO Premium plugin. -->","yoast_head_json":{"title":"Sch\u00f6nstatt Quito erlebte das Treffen der regionalen Verantwortlichen","description":"Der Tag der Regionalleiter von Sch\u00f6nstatt Quito 2023 fand in der Basilika des Nationalen Gel\u00fcbdes statt, voller Erwartung und Ergriffenheit.","robots":{"index":"index","follow":"follow","max-snippet":"max-snippet:-1","max-image-preview":"max-image-preview:large","max-video-preview":"max-video-preview:-1"},"canonical":"https:\/\/schoenstatt.com\/de\/schoenstatt-quito-erlebte-das-treffen-der-regionalen-verantwortlichen\/","og_locale":"de_DE","og_type":"article","og_title":"Sch\u00f6nstatt Quito erlebte das Treffen der regionalen Verantwortlichen","og_description":"Der Tag der Regionalleiter von Sch\u00f6nstatt Quito 2023 fand in der Basilika des Nationalen Gel\u00fcbdes statt, voller Erwartung und Ergriffenheit.","og_url":"https:\/\/schoenstatt.com\/de\/schoenstatt-quito-erlebte-das-treffen-der-regionalen-verantwortlichen\/","og_site_name":"Schoenstatt","article_published_time":"2023-12-08T05:00:47+00:00","article_modified_time":"2025-05-15T17:50:07+00:00","og_image":[{"width":1600,"height":876,"url":"https:\/\/schoenstatt.com\/wp-content\/uploads\/2023\/12\/schoenstatt-quito-ecuador-1.jpg","type":"image\/jpeg"}],"author":"Karen Bueno","twitter_card":"summary_large_image","twitter_misc":{"Verfasst von":"Karen Bueno","Gesch\u00e4tzte Lesezeit":"4\u00a0Minuten"},"schema":{"@context":"https:\/\/schema.org","@graph":[{"@type":"Article","@id":"https:\/\/schoenstatt.com\/de\/schoenstatt-quito-erlebte-das-treffen-der-regionalen-verantwortlichen\/#article","isPartOf":{"@id":"https:\/\/schoenstatt.com\/de\/schoenstatt-quito-erlebte-das-treffen-der-regionalen-verantwortlichen\/"},"author":{"name":"Karen Bueno","@id":"https:\/\/schoenstatt.com\/de\/#\/schema\/person\/5158877ad4acae98b34daaeef2a1ce6e"},"headline":"Sch\u00f6nstatt Quito erlebte das Treffen der regionalen Verantwortlichen","datePublished":"2023-12-08T05:00:47+00:00","dateModified":"2025-05-15T17:50:07+00:00","mainEntityOfPage":{"@id":"https:\/\/schoenstatt.com\/de\/schoenstatt-quito-erlebte-das-treffen-der-regionalen-verantwortlichen\/"},"wordCount":602,"publisher":{"@id":"https:\/\/schoenstatt.com\/de\/#organization"},"image":{"@id":"https:\/\/schoenstatt.com\/de\/schoenstatt-quito-erlebte-das-treffen-der-regionalen-verantwortlichen\/#primaryimage"},"thumbnailUrl":"https:\/\/schoenstatt.com\/wp-content\/uploads\/2023\/12\/schoenstatt-quito-ecuador-1.jpg","articleSection":["L\u00e4nder"],"inLanguage":"de"},{"@type":"WebPage","@id":"https:\/\/schoenstatt.com\/de\/schoenstatt-quito-erlebte-das-treffen-der-regionalen-verantwortlichen\/","url":"https:\/\/schoenstatt.com\/de\/schoenstatt-quito-erlebte-das-treffen-der-regionalen-verantwortlichen\/","name":"Sch\u00f6nstatt Quito erlebte das Treffen der regionalen Verantwortlichen","isPartOf":{"@id":"https:\/\/schoenstatt.com\/de\/#website"},"primaryImageOfPage":{"@id":"https:\/\/schoenstatt.com\/de\/schoenstatt-quito-erlebte-das-treffen-der-regionalen-verantwortlichen\/#primaryimage"},"image":{"@id":"https:\/\/schoenstatt.com\/de\/schoenstatt-quito-erlebte-das-treffen-der-regionalen-verantwortlichen\/#primaryimage"},"thumbnailUrl":"https:\/\/schoenstatt.com\/wp-content\/uploads\/2023\/12\/schoenstatt-quito-ecuador-1.jpg","datePublished":"2023-12-08T05:00:47+00:00","dateModified":"2025-05-15T17:50:07+00:00","description":"Der Tag der Regionalleiter von Sch\u00f6nstatt Quito 2023 fand in der Basilika des Nationalen Gel\u00fcbdes statt, voller Erwartung und Ergriffenheit.","breadcrumb":{"@id":"https:\/\/schoenstatt.com\/de\/schoenstatt-quito-erlebte-das-treffen-der-regionalen-verantwortlichen\/#breadcrumb"},"inLanguage":"de","potentialAction":[{"@type":"ReadAction","target":["https:\/\/schoenstatt.com\/de\/schoenstatt-quito-erlebte-das-treffen-der-regionalen-verantwortlichen\/"]}]},{"@type":"ImageObject","inLanguage":"de","@id":"https:\/\/schoenstatt.com\/de\/schoenstatt-quito-erlebte-das-treffen-der-regionalen-verantwortlichen\/#primaryimage","url":"https:\/\/schoenstatt.com\/wp-content\/uploads\/2023\/12\/schoenstatt-quito-ecuador-1.jpg","contentUrl":"https:\/\/schoenstatt.com\/wp-content\/uploads\/2023\/12\/schoenstatt-quito-ecuador-1.jpg","width":1600,"height":876},{"@type":"BreadcrumbList","@id":"https:\/\/schoenstatt.com\/de\/schoenstatt-quito-erlebte-das-treffen-der-regionalen-verantwortlichen\/#breadcrumb","itemListElement":[{"@type":"ListItem","position":1,"name":"Portada","item":"https:\/\/schoenstatt.com\/de\/home\/"},{"@type":"ListItem","position":2,"name":"Sch\u00f6nstatt Quito erlebte das Treffen der regionalen Verantwortlichen"}]},{"@type":"WebSite","@id":"https:\/\/schoenstatt.com\/de\/#website","url":"https:\/\/schoenstatt.com\/de\/","name":"Schoenstatt","description":"Apostolic Movement","publisher":{"@id":"https:\/\/schoenstatt.com\/de\/#organization"},"potentialAction":[{"@type":"SearchAction","target":{"@type":"EntryPoint","urlTemplate":"https:\/\/schoenstatt.com\/de\/?s={search_term_string}"},"query-input":{"@type":"PropertyValueSpecification","valueRequired":true,"valueName":"search_term_string"}}],"inLanguage":"de"},{"@type":"Organization","@id":"https:\/\/schoenstatt.com\/de\/#organization","name":"Schoenstatt","url":"https:\/\/schoenstatt.com\/de\/","logo":{"@type":"ImageObject","inLanguage":"de","@id":"https:\/\/schoenstatt.com\/de\/#\/schema\/logo\/image\/","url":"https:\/\/schoenstatt.com\/wp-content\/uploads\/2025\/04\/logo-schoenstatt-white-696x696-1.png","contentUrl":"https:\/\/schoenstatt.com\/wp-content\/uploads\/2025\/04\/logo-schoenstatt-white-696x696-1.png","width":696,"height":694,"caption":"Schoenstatt"},"image":{"@id":"https:\/\/schoenstatt.com\/de\/#\/schema\/logo\/image\/"}},{"@type":"Person","@id":"https:\/\/schoenstatt.com\/de\/#\/schema\/person\/5158877ad4acae98b34daaeef2a1ce6e","name":"Karen Bueno","image":{"@type":"ImageObject","inLanguage":"de","@id":"https:\/\/secure.gravatar.com\/avatar\/f9f4b823873154269d2b2130f195f6d41037dd0d7fc5f3cacb5c846bae70d66b?s=96&d=mm&r=g","url":"https:\/\/secure.gravatar.com\/avatar\/f9f4b823873154269d2b2130f195f6d41037dd0d7fc5f3cacb5c846bae70d66b?s=96&d=mm&r=g","contentUrl":"https:\/\/secure.gravatar.com\/avatar\/f9f4b823873154269d2b2130f195f6d41037dd0d7fc5f3cacb5c846bae70d66b?s=96&d=mm&r=g","caption":"Karen Bueno"},"url":"https:\/\/schoenstatt.com\/de\/author\/karen-bueno\/"}]}},"_links":{"self":[{"href":"https:\/\/schoenstatt.com\/de\/wp-json\/wp\/v2\/posts\/33968","targetHints":{"allow":["GET"]}}],"collection":[{"href":"https:\/\/schoenstatt.com\/de\/wp-json\/wp\/v2\/posts"}],"about":[{"href":"https:\/\/schoenstatt.com\/de\/wp-json\/wp\/v2\/types\/post"}],"author":[{"embeddable":true,"href":"https:\/\/schoenstatt.com\/de\/wp-json\/wp\/v2\/users\/3"}],"replies":[{"embeddable":true,"href":"https:\/\/schoenstatt.com\/de\/wp-json\/wp\/v2\/comments?post=33968"}],"version-history":[{"count":1,"href":"https:\/\/schoenstatt.com\/de\/wp-json\/wp\/v2\/posts\/33968\/revisions"}],"predecessor-version":[{"id":46536,"href":"https:\/\/schoenstatt.com\/de\/wp-json\/wp\/v2\/posts\/33968\/revisions\/46536"}],"wp:featuredmedia":[{"embeddable":true,"href":"https:\/\/schoenstatt.com\/de\/wp-json\/wp\/v2\/media\/33948"}],"wp:attachment":[{"href":"https:\/\/schoenstatt.com\/de\/wp-json\/wp\/v2\/media?parent=33968"}],"wp:term":[{"taxonomy":"category","embeddable":true,"href":"https:\/\/schoenstatt.com\/de\/wp-json\/wp\/v2\/categories?post=33968"},{"taxonomy":"post_tag","embeddable":true,"href":"https:\/\/schoenstatt.com\/de\/wp-json\/wp\/v2\/tags?post=33968"}],"curies":[{"name":"wp","href":"https:\/\/api.w.org\/{rel}","templated":true}]}}