{"id":33901,"date":"2023-12-05T12:55:11","date_gmt":"2023-12-05T11:55:11","guid":{"rendered":"https:\/\/schoenstatt.com\/spiritualitat\/enriching-voyage-central-america-offers-a-course-for-the-formation-of-formators\/"},"modified":"2025-05-15T22:38:21","modified_gmt":"2025-05-15T20:38:21","slug":"bereichernde-reise-mittelamerika-bietet-kurs-zur-ausbildung-von-ausbildern-an","status":"publish","type":"post","link":"https:\/\/schoenstatt.com\/de\/bereichernde-reise-mittelamerika-bietet-kurs-zur-ausbildung-von-ausbildern-an\/","title":{"rendered":"Bereichernde Reise: Mittelamerika bietet Kurs zur Ausbildung von Ausbildern an"},"content":{"rendered":"<p>Wie Joseph Joubert sagte:<em> \u201eLehren ist doppeltes Lernen\u201c<\/em>, und wir k\u00f6nnen hinzuf\u00fcgen, dass das, was gelernt und geteilt wird, tausendfach gelernt wird. Der Austausch von Techniken, Konzepten, Methoden, Ideen und Erfahrungen, der im Kurs <strong>\u201eSch\u00f6nstatt 2023 &#8211; Ausbildung von Ausbildern\u201c<\/strong> f\u00fcr Mittelamerika stattfand, hat eine transformierende Wirkung auf die Teilnehmer erzeugt.<\/p>\n<p>Sch\u00f6nstatt ist eine Bewegung<em> \u201evon Erziehern und Ausbildern\u201c,<\/em> wie <a href=\"https:\/\/schoenstatt.com\/de\/about\/gruender\/\">Pater Josef Kentenich<\/a> sagte. Inspiriert von seinem Gr\u00fcnder, hat der Kurs unter der Leitung von Erika Cede\u00f1o Cobe\u00f1a, Expertin f\u00fcr Bildungstechnologie und Leiterin der internationalen Abteilung des Tecnol\u00f3gico de Monterrey, Grenzen \u00fcberschritten. Das Programm richtete sich an Ausbilder von Menschen aus Costa Rica, Nicaragua, Guatemala und El Salvador.<em> \u201eWir sind stolz auf dieses Projekt, das \u00fcber die Grenzen hinweg voranschreitet. Danke, dass Sie uns begleitet haben, dass Sie uns die M\u00f6glichkeit gegeben haben, an die Ausbildung von Ausbildern zu glauben\u201c,<\/em> sagte Erika Cede\u00f1o. Ihre Energie, ihr Enthusiasmus und ihre Dankbarkeit gegen\u00fcber den Teilnehmern und Kollegen spiegeln das Engagement und die Leidenschaft wider, die den Kurs gepr\u00e4gt haben.<\/p>\n<h2>Ich werde meine Branche modernisieren k\u00f6nnen<\/h2>\n<p>Der innovative Charakter des Programms, das andragogische Lerngrundlagen umfasst und den Einsatz von Bildungstechnologien lehrt, vermittelt Kompetenzen f\u00fcr die Erwachsenenbildung in diesem Jahrhundert. <em>\u201eEs war eine herausfordernde, bereichernde und produktive Erfahrung. Ich wende das Gelernte bereits in meiner Arbeit an und werde es auch in die Praxis umsetzen, um die M\u00fctterbewegung zu modernisieren\u201c<\/em>, sagte Elisa Velasquez, eine der Teilnehmerinnen.<\/p>\n<p>Der Kurs war in vier Module gegliedert, die sich jeweils auf den Bildungsprozess konzentrierten. Von den Grundlagen des Lernens \u00fcber die Gestaltung von Kursen bis hin zur Integration digitaler Technologien und zum Verst\u00e4ndnis des allgemeinen Unterrichts boten die Kursleiter eine ganzheitliche Sicht auf die moderne Bildung. Felipe Font, ein costaricanischer P\u00e4dagoge und Laienberater, erkl\u00e4rte: <em>\u201eDieser Kurs hat uns die Werkzeuge an die Hand gegeben, um uns an die neuen Generationen anzupassen, denn 60 % der Familien bestehen aus jungen Paaren. Es gibt vieles, was wir in Workshops und Sitzungen einbauen k\u00f6nnen, sowohl auf der Sch\u00f6nstatt- als auch auf der Arbeitsebene.\u201c<\/em><\/p>\n<h3>Abschlusszeremonie<\/h3>\n<p><img fetchpriority=\"high\" decoding=\"async\" class=\"aligncenter wp-image-33883 size-large\" src=\"https:\/\/schoenstatt.com\/wp-content\/uploads\/2023\/12\/Formacion-de-Formadores-Schoenstatt-1024x483.jpg\" alt=\"\" width=\"840\" height=\"396\" \/><\/p>\n<p>Die didaktische Technik und das herausfordernde Lernen, kombiniert mit synchronen und asynchronen Sitzungen, erm\u00f6glichten eine selbstgesteuerte und gemeinschaftliche Bildungserfahrung. Das sagten Fernando und Linda Arzube aus Sch\u00f6nstatt Ecuador. <em>\u201eEs war eine gro\u00dfe Freude, als Pater Felipe R\u00edos den Kurs auf dem Post-CIOF (Internationaler Kongress der Sch\u00f6nstatt-Familienbewegung, Paraguay 2023) vorstellte. Es ist eine Freude und ein Stolz, der schon von Ecuador zu den Bundesbr\u00fcdern in Mittelamerika \u00fcbergesprungen ist. Wir sind geeignete Werkzeuge in den H\u00e4nden Marias und Jesu, um sie zu teilen und weiterzugeben. Und so k\u00f6nnen wir die Gnade der apostolischen Aussendung, die Maria uns im Heiligtum schenkt, in die Tat umsetzen\u201c<\/em>, so das Ehepaar.<\/p>\n<p>Der Kurs gipfelte in einer Reihe von Herausforderungen, einem Abschlussprojekt und einer Abschlussfeier am 30. November, bei der auch Pater Felipe Rios, Leiter der Bewegung in Ecuador und Kontinentalkoordinator in Amerika, anwesend war. Er betonte bewegt, wie wichtig es ist, sich die technologischen Hilfsmittel zunutze zu machen: <em>\u201eIm Moment sind wir mit Zoom aus verschiedenen L\u00e4ndern verbunden. Zweifellos wird uns das andragogische Lernen helfen, mit Ausdauer und Begeisterung die Ausbildung von Ausbildern fortzusetzen.\u201c<\/em><\/p>\n<h3>Ein Blick in die Zukunft<\/h3>\n<p>Das wahre Herz des Kurses war eine Kombination aus der Vielfalt der Teilnehmer, dem Charisma und dem Wissen der Kursleiter. Danke an Gottvater und Maria, dass wir ein Werkzeug ihrer Liebe sein durften, und an Pater Kentenich, dass er der P\u00e4dagoge ist, der inspiriert. <em>\u201eDie Herrlichkeit von allem geh\u00f6rt Gott, dem Vater\u201c<\/em>, sagte Erika.<em> \u201eOhne euch w\u00e4re es nicht m\u00f6glich, jemand muss dieses Projekt wollen. Es w\u00e4re unm\u00f6glich ohne die Erfahrung meiner erstaunlichen Kollegen und Freunde: Adriana Espinoza, Gisela Loya und Deyra Charles\u201c,<\/em> so Erika weiter.<\/p>\n<p><em>\u201eDie Erfahrung des Kurses endet nicht mit dem Abschluss; es ist eine st\u00e4ndige Verpflichtung, das erworbene Wissen anzuwenden und weiterzugeben\u201c<\/em>, f\u00fcgte Adriana Espinoza hinzu, die ihre Rede mit dem motivierenden Zitat von Marcel Proust beendete:<em> \u201eAuch wenn sich nichts \u00e4ndert, wenn ich mich \u00e4ndere, \u00e4ndert sich alles.\u201c<\/em><\/p>\n<p>Zweifellos war dieser Kurs nicht nur ein Erfolg f\u00fcr die mehr als 30 Teilnehmer, sondern auch f\u00fcr die gesamte zentralamerikanische Region, die davon profitieren wird. Die erreichten Spitzenleistungen, die gest\u00e4rkten Bindungen und die Verbindungen zwischen den Teilnehmern aus den verschiedenen L\u00e4ndern sind ein Zeugnis f\u00fcr das Bildungsprojekt. Die Freude und Dankbarkeit all derer, die das Projekt angeregt und daran teilgenommen haben, spiegeln die Worte unseres Gr\u00fcnders wider: <em>\u201eErziehen hei\u00dft, selbstlos der Einzigartigkeit und Originalit\u00e4t eines anderen zu dienen&#8230;. Diese Grundhaltung muss in Taten umgesetzt werden&#8230;\u201c<\/em><\/p>\n<h3>Seitenleiste:<\/h3>\n<p>Wenn Sie weitere Informationen w\u00fcnschen oder bei den n\u00e4chsten Ausgaben dieses Kurses dabei sein m\u00f6chten<\/p>\n<p><a href=\"https:\/\/view.genial.ly\/622cb4b19d7c3100182e9ef9\/guide-formacion-de-formadores-schoenstatt-2023\" target=\"_blank\" rel=\"noopener\">https:\/\/bit.ly\/formadoresschoenstatt<\/a><\/p>\n<p>schformaciondeformadores@gmail.com<\/p>\n","protected":false},"excerpt":{"rendered":"<p>Die Sch\u00f6nstattbewegung in Mittelamerika hat den Kurs \u201eAusbildung von Ausbildern &#8211; Sch\u00f6nstatt 2023\u201c abgeschlossen. Es nahmen Ausbilder aus verschiedenen Gliederungen und Gemeinschaften der Bewegung teil, die aus verschiedenen L\u00e4ndern kamen: Costa Rica, Nicaragua, Guatemala und El Salvador.<\/p>\n","protected":false},"author":3,"featured_media":33889,"comment_status":"closed","ping_status":"closed","sticky":false,"template":"","format":"standard","meta":{"footnotes":""},"categories":[910,660],"tags":[],"class_list":["post-33901","post","type-post","status-publish","format-standard","has-post-thumbnail","hentry","category-gesellschaft-de","category-veranstaltungen-de"],"yoast_head":"<!-- This site is optimized with the Yoast SEO Premium plugin v27.4 (Yoast SEO v27.4) - https:\/\/yoast.com\/product\/yoast-seo-premium-wordpress\/ -->\n<title>Bereichernde Reise: Mittelamerika bietet Kurs zur Ausbildung von Ausbildern an<\/title>\n<meta name=\"description\" content=\"Die Sch\u00f6nstattbewegung in Mittelamerika hat den Kurs \u201eAusbildung von Ausbildern Sch\u00f6nstatt 2023\u201c abgeschlossen, eine bereichernde Reise.\" \/>\n<meta name=\"robots\" content=\"index, follow, max-snippet:-1, max-image-preview:large, max-video-preview:-1\" \/>\n<link rel=\"canonical\" href=\"https:\/\/schoenstatt.com\/de\/bereichernde-reise-mittelamerika-bietet-kurs-zur-ausbildung-von-ausbildern-an\/\" \/>\n<meta property=\"og:locale\" content=\"de_DE\" \/>\n<meta property=\"og:type\" content=\"article\" \/>\n<meta property=\"og:title\" content=\"Bereichernde Reise: Mittelamerika bietet Kurs zur Ausbildung von Ausbildern an\" \/>\n<meta property=\"og:description\" content=\"Die Sch\u00f6nstattbewegung in Mittelamerika hat den Kurs \u201eAusbildung von Ausbildern Sch\u00f6nstatt 2023\u201c abgeschlossen, eine bereichernde Reise.\" \/>\n<meta property=\"og:url\" content=\"https:\/\/schoenstatt.com\/de\/bereichernde-reise-mittelamerika-bietet-kurs-zur-ausbildung-von-ausbildern-an\/\" \/>\n<meta property=\"og:site_name\" content=\"Schoenstatt\" \/>\n<meta property=\"article:published_time\" content=\"2023-12-05T11:55:11+00:00\" \/>\n<meta property=\"article:modified_time\" content=\"2025-05-15T20:38:21+00:00\" \/>\n<meta property=\"og:image\" content=\"https:\/\/schoenstatt.com\/wp-content\/uploads\/2023\/12\/Formacion-de-Formadores-Schoenstatt-2-1.jpg\" \/>\n\t<meta property=\"og:image:width\" content=\"987\" \/>\n\t<meta property=\"og:image:height\" content=\"572\" \/>\n\t<meta property=\"og:image:type\" content=\"image\/jpeg\" \/>\n<meta name=\"author\" content=\"Karen Bueno\" \/>\n<meta name=\"twitter:card\" content=\"summary_large_image\" \/>\n<meta name=\"twitter:label1\" content=\"Verfasst von\" \/>\n\t<meta name=\"twitter:data1\" content=\"Karen Bueno\" \/>\n\t<meta name=\"twitter:label2\" content=\"Gesch\u00e4tzte Lesezeit\" \/>\n\t<meta name=\"twitter:data2\" content=\"4\u00a0Minuten\" \/>\n<script type=\"application\/ld+json\" class=\"yoast-schema-graph\">{\"@context\":\"https:\\\/\\\/schema.org\",\"@graph\":[{\"@type\":\"Article\",\"@id\":\"https:\\\/\\\/schoenstatt.com\\\/de\\\/bereichernde-reise-mittelamerika-bietet-kurs-zur-ausbildung-von-ausbildern-an\\\/#article\",\"isPartOf\":{\"@id\":\"https:\\\/\\\/schoenstatt.com\\\/de\\\/bereichernde-reise-mittelamerika-bietet-kurs-zur-ausbildung-von-ausbildern-an\\\/\"},\"author\":{\"name\":\"Karen Bueno\",\"@id\":\"https:\\\/\\\/schoenstatt.com\\\/de\\\/#\\\/schema\\\/person\\\/5158877ad4acae98b34daaeef2a1ce6e\"},\"headline\":\"Bereichernde Reise: Mittelamerika bietet Kurs zur Ausbildung von Ausbildern an\",\"datePublished\":\"2023-12-05T11:55:11+00:00\",\"dateModified\":\"2025-05-15T20:38:21+00:00\",\"mainEntityOfPage\":{\"@id\":\"https:\\\/\\\/schoenstatt.com\\\/de\\\/bereichernde-reise-mittelamerika-bietet-kurs-zur-ausbildung-von-ausbildern-an\\\/\"},\"wordCount\":811,\"publisher\":{\"@id\":\"https:\\\/\\\/schoenstatt.com\\\/de\\\/#organization\"},\"image\":{\"@id\":\"https:\\\/\\\/schoenstatt.com\\\/de\\\/bereichernde-reise-mittelamerika-bietet-kurs-zur-ausbildung-von-ausbildern-an\\\/#primaryimage\"},\"thumbnailUrl\":\"https:\\\/\\\/schoenstatt.com\\\/wp-content\\\/uploads\\\/2023\\\/12\\\/Formacion-de-Formadores-Schoenstatt-2-1.jpg\",\"articleSection\":[\"Gesellschaft\",\"Veranstaltungen\"],\"inLanguage\":\"de\"},{\"@type\":\"WebPage\",\"@id\":\"https:\\\/\\\/schoenstatt.com\\\/de\\\/bereichernde-reise-mittelamerika-bietet-kurs-zur-ausbildung-von-ausbildern-an\\\/\",\"url\":\"https:\\\/\\\/schoenstatt.com\\\/de\\\/bereichernde-reise-mittelamerika-bietet-kurs-zur-ausbildung-von-ausbildern-an\\\/\",\"name\":\"Bereichernde Reise: Mittelamerika bietet Kurs zur Ausbildung von Ausbildern an\",\"isPartOf\":{\"@id\":\"https:\\\/\\\/schoenstatt.com\\\/de\\\/#website\"},\"primaryImageOfPage\":{\"@id\":\"https:\\\/\\\/schoenstatt.com\\\/de\\\/bereichernde-reise-mittelamerika-bietet-kurs-zur-ausbildung-von-ausbildern-an\\\/#primaryimage\"},\"image\":{\"@id\":\"https:\\\/\\\/schoenstatt.com\\\/de\\\/bereichernde-reise-mittelamerika-bietet-kurs-zur-ausbildung-von-ausbildern-an\\\/#primaryimage\"},\"thumbnailUrl\":\"https:\\\/\\\/schoenstatt.com\\\/wp-content\\\/uploads\\\/2023\\\/12\\\/Formacion-de-Formadores-Schoenstatt-2-1.jpg\",\"datePublished\":\"2023-12-05T11:55:11+00:00\",\"dateModified\":\"2025-05-15T20:38:21+00:00\",\"description\":\"Die Sch\u00f6nstattbewegung in Mittelamerika hat den Kurs \u201eAusbildung von Ausbildern Sch\u00f6nstatt 2023\u201c abgeschlossen, eine bereichernde Reise.\",\"breadcrumb\":{\"@id\":\"https:\\\/\\\/schoenstatt.com\\\/de\\\/bereichernde-reise-mittelamerika-bietet-kurs-zur-ausbildung-von-ausbildern-an\\\/#breadcrumb\"},\"inLanguage\":\"de\",\"potentialAction\":[{\"@type\":\"ReadAction\",\"target\":[\"https:\\\/\\\/schoenstatt.com\\\/de\\\/bereichernde-reise-mittelamerika-bietet-kurs-zur-ausbildung-von-ausbildern-an\\\/\"]}]},{\"@type\":\"ImageObject\",\"inLanguage\":\"de\",\"@id\":\"https:\\\/\\\/schoenstatt.com\\\/de\\\/bereichernde-reise-mittelamerika-bietet-kurs-zur-ausbildung-von-ausbildern-an\\\/#primaryimage\",\"url\":\"https:\\\/\\\/schoenstatt.com\\\/wp-content\\\/uploads\\\/2023\\\/12\\\/Formacion-de-Formadores-Schoenstatt-2-1.jpg\",\"contentUrl\":\"https:\\\/\\\/schoenstatt.com\\\/wp-content\\\/uploads\\\/2023\\\/12\\\/Formacion-de-Formadores-Schoenstatt-2-1.jpg\",\"width\":987,\"height\":572},{\"@type\":\"BreadcrumbList\",\"@id\":\"https:\\\/\\\/schoenstatt.com\\\/de\\\/bereichernde-reise-mittelamerika-bietet-kurs-zur-ausbildung-von-ausbildern-an\\\/#breadcrumb\",\"itemListElement\":[{\"@type\":\"ListItem\",\"position\":1,\"name\":\"Portada\",\"item\":\"https:\\\/\\\/schoenstatt.com\\\/de\\\/home\\\/\"},{\"@type\":\"ListItem\",\"position\":2,\"name\":\"Bereichernde Reise: Mittelamerika bietet Kurs zur Ausbildung von Ausbildern an\"}]},{\"@type\":\"WebSite\",\"@id\":\"https:\\\/\\\/schoenstatt.com\\\/de\\\/#website\",\"url\":\"https:\\\/\\\/schoenstatt.com\\\/de\\\/\",\"name\":\"Schoenstatt\",\"description\":\"Apostolic Movement\",\"publisher\":{\"@id\":\"https:\\\/\\\/schoenstatt.com\\\/de\\\/#organization\"},\"potentialAction\":[{\"@type\":\"SearchAction\",\"target\":{\"@type\":\"EntryPoint\",\"urlTemplate\":\"https:\\\/\\\/schoenstatt.com\\\/de\\\/?s={search_term_string}\"},\"query-input\":{\"@type\":\"PropertyValueSpecification\",\"valueRequired\":true,\"valueName\":\"search_term_string\"}}],\"inLanguage\":\"de\"},{\"@type\":\"Organization\",\"@id\":\"https:\\\/\\\/schoenstatt.com\\\/de\\\/#organization\",\"name\":\"Schoenstatt\",\"url\":\"https:\\\/\\\/schoenstatt.com\\\/de\\\/\",\"logo\":{\"@type\":\"ImageObject\",\"inLanguage\":\"de\",\"@id\":\"https:\\\/\\\/schoenstatt.com\\\/de\\\/#\\\/schema\\\/logo\\\/image\\\/\",\"url\":\"https:\\\/\\\/schoenstatt.com\\\/wp-content\\\/uploads\\\/2025\\\/04\\\/logo-schoenstatt-white-696x696-1.png\",\"contentUrl\":\"https:\\\/\\\/schoenstatt.com\\\/wp-content\\\/uploads\\\/2025\\\/04\\\/logo-schoenstatt-white-696x696-1.png\",\"width\":696,\"height\":694,\"caption\":\"Schoenstatt\"},\"image\":{\"@id\":\"https:\\\/\\\/schoenstatt.com\\\/de\\\/#\\\/schema\\\/logo\\\/image\\\/\"}},{\"@type\":\"Person\",\"@id\":\"https:\\\/\\\/schoenstatt.com\\\/de\\\/#\\\/schema\\\/person\\\/5158877ad4acae98b34daaeef2a1ce6e\",\"name\":\"Karen Bueno\",\"image\":{\"@type\":\"ImageObject\",\"inLanguage\":\"de\",\"@id\":\"https:\\\/\\\/secure.gravatar.com\\\/avatar\\\/f9f4b823873154269d2b2130f195f6d41037dd0d7fc5f3cacb5c846bae70d66b?s=96&d=mm&r=g\",\"url\":\"https:\\\/\\\/secure.gravatar.com\\\/avatar\\\/f9f4b823873154269d2b2130f195f6d41037dd0d7fc5f3cacb5c846bae70d66b?s=96&d=mm&r=g\",\"contentUrl\":\"https:\\\/\\\/secure.gravatar.com\\\/avatar\\\/f9f4b823873154269d2b2130f195f6d41037dd0d7fc5f3cacb5c846bae70d66b?s=96&d=mm&r=g\",\"caption\":\"Karen Bueno\"},\"url\":\"https:\\\/\\\/schoenstatt.com\\\/de\\\/author\\\/karen-bueno\\\/\"}]}<\/script>\n<!-- \/ Yoast SEO Premium plugin. -->","yoast_head_json":{"title":"Bereichernde Reise: Mittelamerika bietet Kurs zur Ausbildung von Ausbildern an","description":"Die Sch\u00f6nstattbewegung in Mittelamerika hat den Kurs \u201eAusbildung von Ausbildern Sch\u00f6nstatt 2023\u201c abgeschlossen, eine bereichernde Reise.","robots":{"index":"index","follow":"follow","max-snippet":"max-snippet:-1","max-image-preview":"max-image-preview:large","max-video-preview":"max-video-preview:-1"},"canonical":"https:\/\/schoenstatt.com\/de\/bereichernde-reise-mittelamerika-bietet-kurs-zur-ausbildung-von-ausbildern-an\/","og_locale":"de_DE","og_type":"article","og_title":"Bereichernde Reise: Mittelamerika bietet Kurs zur Ausbildung von Ausbildern an","og_description":"Die Sch\u00f6nstattbewegung in Mittelamerika hat den Kurs \u201eAusbildung von Ausbildern Sch\u00f6nstatt 2023\u201c abgeschlossen, eine bereichernde Reise.","og_url":"https:\/\/schoenstatt.com\/de\/bereichernde-reise-mittelamerika-bietet-kurs-zur-ausbildung-von-ausbildern-an\/","og_site_name":"Schoenstatt","article_published_time":"2023-12-05T11:55:11+00:00","article_modified_time":"2025-05-15T20:38:21+00:00","og_image":[{"width":987,"height":572,"url":"https:\/\/schoenstatt.com\/wp-content\/uploads\/2023\/12\/Formacion-de-Formadores-Schoenstatt-2-1.jpg","type":"image\/jpeg"}],"author":"Karen Bueno","twitter_card":"summary_large_image","twitter_misc":{"Verfasst von":"Karen Bueno","Gesch\u00e4tzte Lesezeit":"4\u00a0Minuten"},"schema":{"@context":"https:\/\/schema.org","@graph":[{"@type":"Article","@id":"https:\/\/schoenstatt.com\/de\/bereichernde-reise-mittelamerika-bietet-kurs-zur-ausbildung-von-ausbildern-an\/#article","isPartOf":{"@id":"https:\/\/schoenstatt.com\/de\/bereichernde-reise-mittelamerika-bietet-kurs-zur-ausbildung-von-ausbildern-an\/"},"author":{"name":"Karen Bueno","@id":"https:\/\/schoenstatt.com\/de\/#\/schema\/person\/5158877ad4acae98b34daaeef2a1ce6e"},"headline":"Bereichernde Reise: Mittelamerika bietet Kurs zur Ausbildung von Ausbildern an","datePublished":"2023-12-05T11:55:11+00:00","dateModified":"2025-05-15T20:38:21+00:00","mainEntityOfPage":{"@id":"https:\/\/schoenstatt.com\/de\/bereichernde-reise-mittelamerika-bietet-kurs-zur-ausbildung-von-ausbildern-an\/"},"wordCount":811,"publisher":{"@id":"https:\/\/schoenstatt.com\/de\/#organization"},"image":{"@id":"https:\/\/schoenstatt.com\/de\/bereichernde-reise-mittelamerika-bietet-kurs-zur-ausbildung-von-ausbildern-an\/#primaryimage"},"thumbnailUrl":"https:\/\/schoenstatt.com\/wp-content\/uploads\/2023\/12\/Formacion-de-Formadores-Schoenstatt-2-1.jpg","articleSection":["Gesellschaft","Veranstaltungen"],"inLanguage":"de"},{"@type":"WebPage","@id":"https:\/\/schoenstatt.com\/de\/bereichernde-reise-mittelamerika-bietet-kurs-zur-ausbildung-von-ausbildern-an\/","url":"https:\/\/schoenstatt.com\/de\/bereichernde-reise-mittelamerika-bietet-kurs-zur-ausbildung-von-ausbildern-an\/","name":"Bereichernde Reise: Mittelamerika bietet Kurs zur Ausbildung von Ausbildern an","isPartOf":{"@id":"https:\/\/schoenstatt.com\/de\/#website"},"primaryImageOfPage":{"@id":"https:\/\/schoenstatt.com\/de\/bereichernde-reise-mittelamerika-bietet-kurs-zur-ausbildung-von-ausbildern-an\/#primaryimage"},"image":{"@id":"https:\/\/schoenstatt.com\/de\/bereichernde-reise-mittelamerika-bietet-kurs-zur-ausbildung-von-ausbildern-an\/#primaryimage"},"thumbnailUrl":"https:\/\/schoenstatt.com\/wp-content\/uploads\/2023\/12\/Formacion-de-Formadores-Schoenstatt-2-1.jpg","datePublished":"2023-12-05T11:55:11+00:00","dateModified":"2025-05-15T20:38:21+00:00","description":"Die Sch\u00f6nstattbewegung in Mittelamerika hat den Kurs \u201eAusbildung von Ausbildern Sch\u00f6nstatt 2023\u201c abgeschlossen, eine bereichernde Reise.","breadcrumb":{"@id":"https:\/\/schoenstatt.com\/de\/bereichernde-reise-mittelamerika-bietet-kurs-zur-ausbildung-von-ausbildern-an\/#breadcrumb"},"inLanguage":"de","potentialAction":[{"@type":"ReadAction","target":["https:\/\/schoenstatt.com\/de\/bereichernde-reise-mittelamerika-bietet-kurs-zur-ausbildung-von-ausbildern-an\/"]}]},{"@type":"ImageObject","inLanguage":"de","@id":"https:\/\/schoenstatt.com\/de\/bereichernde-reise-mittelamerika-bietet-kurs-zur-ausbildung-von-ausbildern-an\/#primaryimage","url":"https:\/\/schoenstatt.com\/wp-content\/uploads\/2023\/12\/Formacion-de-Formadores-Schoenstatt-2-1.jpg","contentUrl":"https:\/\/schoenstatt.com\/wp-content\/uploads\/2023\/12\/Formacion-de-Formadores-Schoenstatt-2-1.jpg","width":987,"height":572},{"@type":"BreadcrumbList","@id":"https:\/\/schoenstatt.com\/de\/bereichernde-reise-mittelamerika-bietet-kurs-zur-ausbildung-von-ausbildern-an\/#breadcrumb","itemListElement":[{"@type":"ListItem","position":1,"name":"Portada","item":"https:\/\/schoenstatt.com\/de\/home\/"},{"@type":"ListItem","position":2,"name":"Bereichernde Reise: Mittelamerika bietet Kurs zur Ausbildung von Ausbildern an"}]},{"@type":"WebSite","@id":"https:\/\/schoenstatt.com\/de\/#website","url":"https:\/\/schoenstatt.com\/de\/","name":"Schoenstatt","description":"Apostolic Movement","publisher":{"@id":"https:\/\/schoenstatt.com\/de\/#organization"},"potentialAction":[{"@type":"SearchAction","target":{"@type":"EntryPoint","urlTemplate":"https:\/\/schoenstatt.com\/de\/?s={search_term_string}"},"query-input":{"@type":"PropertyValueSpecification","valueRequired":true,"valueName":"search_term_string"}}],"inLanguage":"de"},{"@type":"Organization","@id":"https:\/\/schoenstatt.com\/de\/#organization","name":"Schoenstatt","url":"https:\/\/schoenstatt.com\/de\/","logo":{"@type":"ImageObject","inLanguage":"de","@id":"https:\/\/schoenstatt.com\/de\/#\/schema\/logo\/image\/","url":"https:\/\/schoenstatt.com\/wp-content\/uploads\/2025\/04\/logo-schoenstatt-white-696x696-1.png","contentUrl":"https:\/\/schoenstatt.com\/wp-content\/uploads\/2025\/04\/logo-schoenstatt-white-696x696-1.png","width":696,"height":694,"caption":"Schoenstatt"},"image":{"@id":"https:\/\/schoenstatt.com\/de\/#\/schema\/logo\/image\/"}},{"@type":"Person","@id":"https:\/\/schoenstatt.com\/de\/#\/schema\/person\/5158877ad4acae98b34daaeef2a1ce6e","name":"Karen Bueno","image":{"@type":"ImageObject","inLanguage":"de","@id":"https:\/\/secure.gravatar.com\/avatar\/f9f4b823873154269d2b2130f195f6d41037dd0d7fc5f3cacb5c846bae70d66b?s=96&d=mm&r=g","url":"https:\/\/secure.gravatar.com\/avatar\/f9f4b823873154269d2b2130f195f6d41037dd0d7fc5f3cacb5c846bae70d66b?s=96&d=mm&r=g","contentUrl":"https:\/\/secure.gravatar.com\/avatar\/f9f4b823873154269d2b2130f195f6d41037dd0d7fc5f3cacb5c846bae70d66b?s=96&d=mm&r=g","caption":"Karen Bueno"},"url":"https:\/\/schoenstatt.com\/de\/author\/karen-bueno\/"}]}},"_links":{"self":[{"href":"https:\/\/schoenstatt.com\/de\/wp-json\/wp\/v2\/posts\/33901","targetHints":{"allow":["GET"]}}],"collection":[{"href":"https:\/\/schoenstatt.com\/de\/wp-json\/wp\/v2\/posts"}],"about":[{"href":"https:\/\/schoenstatt.com\/de\/wp-json\/wp\/v2\/types\/post"}],"author":[{"embeddable":true,"href":"https:\/\/schoenstatt.com\/de\/wp-json\/wp\/v2\/users\/3"}],"replies":[{"embeddable":true,"href":"https:\/\/schoenstatt.com\/de\/wp-json\/wp\/v2\/comments?post=33901"}],"version-history":[{"count":1,"href":"https:\/\/schoenstatt.com\/de\/wp-json\/wp\/v2\/posts\/33901\/revisions"}],"predecessor-version":[{"id":46524,"href":"https:\/\/schoenstatt.com\/de\/wp-json\/wp\/v2\/posts\/33901\/revisions\/46524"}],"wp:featuredmedia":[{"embeddable":true,"href":"https:\/\/schoenstatt.com\/de\/wp-json\/wp\/v2\/media\/33889"}],"wp:attachment":[{"href":"https:\/\/schoenstatt.com\/de\/wp-json\/wp\/v2\/media?parent=33901"}],"wp:term":[{"taxonomy":"category","embeddable":true,"href":"https:\/\/schoenstatt.com\/de\/wp-json\/wp\/v2\/categories?post=33901"},{"taxonomy":"post_tag","embeddable":true,"href":"https:\/\/schoenstatt.com\/de\/wp-json\/wp\/v2\/tags?post=33901"}],"curies":[{"name":"wp","href":"https:\/\/api.w.org\/{rel}","templated":true}]}}