{"id":33832,"date":"2023-12-02T06:30:09","date_gmt":"2023-12-02T05:30:09","guid":{"rendered":"https:\/\/schoenstatt.com\/?p=33832"},"modified":"2025-05-15T19:50:09","modified_gmt":"2025-05-15T17:50:09","slug":"850-jugendliche-aus-sechs-schulen-schliessen-in-guayaquil-ihr-liebesbuendnis","status":"publish","type":"post","link":"https:\/\/schoenstatt.com\/de\/850-jugendliche-aus-sechs-schulen-schliessen-in-guayaquil-ihr-liebesbuendnis\/","title":{"rendered":"850 Jugendliche aus sechs Schulen schlie\u00dfen in Guayaquil ihr Liebesb\u00fcndnis"},"content":{"rendered":"<p>850 Jugendliche aus sechs Schulen schlossen k\u00fcrzlich im <a href=\"https:\/\/www.schoenstatt.ec\/\" target=\"_blank\" rel=\"noopener\">Sch\u00f6nstatt-Heiligtum in Guayaquil, Ecuador<\/a>, ihr <a href=\"https:\/\/schoenstatt.com\/de\/about\/spiritualitaet\/das-liebesbuendnis\/\">Liebesb\u00fcndnis<\/a>. Eine Gruppe der Familienbewegung der Sch\u00f6nstattbewegung hat das Apostolat der geistlichen Betreuung von Jugendlichen aus sechs Schulen \u00fcbernommen. In jeder dieser Schulen ist ein Sch\u00f6nstatt-Ehepaar f\u00fcr die Ausbildung der Jugendlichen zust\u00e4ndig. Die Sch\u00fcler in diesen Schulen kommen oft aus armen Verh\u00e4ltnissen und sind daher gr\u00f6\u00dferen Schwierigkeiten ausgesetzt, darunter auch Drogen. Der geistliche Beistand, den die Jugendlichen erhalten, ist auf die innere Freiheit und das organische Wachstum in der W\u00fcrde eines jeden Menschen ausgerichtet.<\/p>\n<p>Dies ist der tiefe Ausdruck des Liebesb\u00fcndnisses mit Maria im Sch\u00f6nstatt-Heiligtum: Wir schenken ihr unser Herz und unser Leben, und die Gottesmutter verpflichtet sich, uns das ihre zu schenken und uns zu helfen, unsere Pers\u00f6nlichkeit zu formen, indem sie uns n\u00e4her zu Jesus bringt.<\/p>\n<p><img fetchpriority=\"high\" decoding=\"async\" class=\"aligncenter wp-image-33814 size-large\" src=\"https:\/\/schoenstatt.com\/wp-content\/uploads\/2023\/12\/juventud-youth-jugend-1024x662.jpg\" alt=\"\" width=\"840\" height=\"543\" \/><\/p>\n<p>Normalerweise sind es 600 Jugendliche aus diesen sechs Schulen, die ihr j\u00e4hrliches Liebesb\u00fcndnis mit Maria im Sch\u00f6nstatt-Heiligtum in Guayaquil schlie\u00dfen. In diesem November waren es 850, da etwa 250 hinzukamen, die es wegen der Pandemie nicht rechtzeitig tun konnten. Viele von ihnen hatten, zus\u00e4tzlich zur Ausbildung w\u00e4hrend des Jahres in denselben Schulen, zwei Tage Ausbildung rund um das Heiligtum, als Vertiefung der Vorbereitung auf das Liebesb\u00fcndnis.<\/p>\n<p>Wir geben hier die Worte wieder, die Joaquin Martinez Amador, ein Mitglied der Sch\u00f6nstatt-Familienbewegung, der Leiter der Heilig-Geist-Schule, der sein Leben der Erziehung von Jugendlichen gewidmet hat, an diese jungen Leute gerichtet hat:<\/p>\n<h2>Leben f\u00fcr das ewige Leben<\/h2>\n<p>Heute habt ihr, Jungen und M\u00e4dchen aus Schulen in Guayaquil, einen Moment Zeit gehabt, \u00fcber euer Leben nachzudenken.<br \/>\nEtwas, das ihr vorher nicht getan habt.<br \/>\nIch m\u00f6chte einige \u00dcberlegungen dazu anstellen.<\/p>\n<p>Ich bin in die Jahre gekommen, aber ich erinnere mich gut daran, als ich in eurem Alter war, an die Tr\u00e4ume und die \u00c4ngste, die Ungewissheit und die Hoffnungen.<br \/>\nWie werde ich in der Schule abschneiden?<br \/>\nWelchen Beruf werde ich w\u00e4hlen? Die Erwachsenen um mich herum beharren auf diesem oder jenem, aber ich bin mir nicht sicher.<br \/>\nWerde ich mit meinem Schulfreund oder meiner Schulfreundin zusammenbleiben oder sollte ich \u00fcber eine zuk\u00fcnftige Beziehung nachdenken?<br \/>\nWerde ich einen Job finden?<br \/>\nWird meine Idee, ein kleines Unternehmen zu gr\u00fcnden, aufgehen?<br \/>\nWerde ich heiraten und Kinder bekommen?<br \/>\nWerde ich in diesem Land bleiben, mit meiner Familie, oder werde ich auswandern?<br \/>\nWerde ich gut leben oder unter Druck stehen, gesund oder krank sein?<br \/>\nWie wird es mir ergehen?<br \/>\nWenn es mir gut gehen soll, wie soll ich in diesem Leben leben?<\/p>\n<p><img decoding=\"async\" class=\"aligncenter wp-image-33822 \" src=\"https:\/\/schoenstatt.com\/wp-content\/uploads\/2023\/12\/guayaquil-2023.jpg\" alt=\"\" width=\"1028\" height=\"399\" \/><\/p>\n<p>Wenn man jung ist und auf die Alten schaut, scheint das Leben lang zu sein, aber das ist es nicht.<br \/>\nEs vergeht wie ein Blitzschlag.<br \/>\nUnd pl\u00f6tzlich ist alles, was uns vorher wichtig erschien, nicht mehr wichtig.<br \/>\nWir erkennen, dass dies Dinge sind, die hier bleiben werden, wenn ich nicht mehr bin.<br \/>\nIch werde mich der Realit\u00e4t des wahren Lebens stellen.<br \/>\nEwiges Leben.<br \/>\nDenn das Leben auf der Erde ist nur ein kurzer Schritt in Richtung Ewigkeit.<br \/>\nIst es nicht sinnvoller, f\u00fcr diese Ewigkeit zu arbeiten als f\u00fcr die wenigen Jahre, die ich auf der Erde verbringen werde?<br \/>\nIch muss f\u00fcr die Ewigkeit auf der Erde leben.<\/p>\n<p>Wenn ich beim J\u00fcngsten Gericht vor Gott stehe, wie werde ich dann die Frage beantworten: Hast du f\u00fcr mich oder f\u00fcr dich gearbeitet?<br \/>\nWarst du ein N\u00e4chster f\u00fcr die Menschen um dich herum, oder hast du dich nur um dich selbst gek\u00fcmmert, um die Erf\u00fcllung deiner Ziele, um die Befriedigung deiner Ambitionen und Launen, ohne an die anderen zu denken?<br \/>\nWas soll ich antworten?<\/p>\n<p>Wenn wir heute die Muttergottes bitten, uns auf dem Weg des Lebens zu unterst\u00fctzen, m\u00fcssen wir uns fragen: Wozu bin ich hier?<br \/>\nJesus macht es im Evangelium deutlich.<br \/>\nH\u00f6re ich auf seine Lehren oder geht es mir nur darum, andere zu beeindrucken?<br \/>\nLebe ich ein christliches Leben und denke, dass ich in weniger Zeit, als ich denke, vor ihm stehen werde?<br \/>\nOder bleibe ich im Gefl\u00fcster, im schlechten Witz, im Scherz, in der Mode, in der Bequemlichkeit, im guten Aussehen vor den anderen und nicht vor dem allm\u00e4chtigen und ewigen Gott?<\/p>\n<p>Bitten wir die Gottesmutter um das, was wirklich wichtig ist, damit sie uns den Weg zum ewigen Leben erleuchten m\u00f6ge.<\/p>\n","protected":false},"excerpt":{"rendered":"<p>Sch\u00f6nstatt-Ehepaare bieten Jugendlichen aus sechs Schulen in Guayaquil eine Ausbildung an. Der geistliche Beistand, den die Jugendlichen erhalten, zielt auf innere Freiheit und organisches Wachstum in der W\u00fcrde eines jeden Menschen. Die Ausbildung erreicht ihren H\u00f6hepunkt, wenn sie im Sch\u00f6nstatt-Heiligtum ihr Liebesb\u00fcndnis mit Maria schlie\u00dfen.<\/p>\n","protected":false},"author":3,"featured_media":33826,"comment_status":"closed","ping_status":"closed","sticky":false,"template":"","format":"standard","meta":{"footnotes":""},"categories":[678],"tags":[],"class_list":["post-33832","post","type-post","status-publish","format-standard","has-post-thumbnail","hentry","category-lander-de"],"yoast_head":"<!-- This site is optimized with the Yoast SEO Premium plugin v27.4 (Yoast SEO v27.4) - https:\/\/yoast.com\/product\/yoast-seo-premium-wordpress\/ -->\n<title>850 Jugendliche aus sechs Schulen schlie\u00dfen in Guayaquil ihr Liebesb\u00fcndnis<\/title>\n<meta name=\"description\" content=\"850 Jugendliche aus sechs Schulen schlossen im Sch\u00f6nstatt-Heiligtum in Guayaquil ihr Liebesb\u00fcndnis mit Maria.\" \/>\n<meta name=\"robots\" content=\"index, follow, max-snippet:-1, max-image-preview:large, max-video-preview:-1\" \/>\n<link rel=\"canonical\" href=\"https:\/\/schoenstatt.com\/de\/850-jugendliche-aus-sechs-schulen-schliessen-in-guayaquil-ihr-liebesbuendnis\/\" \/>\n<meta property=\"og:locale\" content=\"de_DE\" \/>\n<meta property=\"og:type\" content=\"article\" \/>\n<meta property=\"og:title\" content=\"850 Jugendliche aus sechs Schulen schlie\u00dfen in Guayaquil ihr Liebesb\u00fcndnis\" \/>\n<meta property=\"og:description\" content=\"850 Jugendliche aus sechs Schulen schlossen im Sch\u00f6nstatt-Heiligtum in Guayaquil ihr Liebesb\u00fcndnis mit Maria.\" \/>\n<meta property=\"og:url\" content=\"https:\/\/schoenstatt.com\/de\/850-jugendliche-aus-sechs-schulen-schliessen-in-guayaquil-ihr-liebesbuendnis\/\" \/>\n<meta property=\"og:site_name\" content=\"Schoenstatt\" \/>\n<meta property=\"article:published_time\" content=\"2023-12-02T05:30:09+00:00\" \/>\n<meta property=\"article:modified_time\" content=\"2025-05-15T17:50:09+00:00\" \/>\n<meta property=\"og:image\" content=\"https:\/\/schoenstatt.com\/wp-content\/uploads\/2023\/12\/guayaquil-ecuador-2-1.jpg\" \/>\n\t<meta property=\"og:image:width\" content=\"1200\" \/>\n\t<meta property=\"og:image:height\" content=\"826\" \/>\n\t<meta property=\"og:image:type\" content=\"image\/jpeg\" \/>\n<meta name=\"author\" content=\"Karen Bueno\" \/>\n<meta name=\"twitter:card\" content=\"summary_large_image\" \/>\n<meta name=\"twitter:label1\" content=\"Verfasst von\" \/>\n\t<meta name=\"twitter:data1\" content=\"Karen Bueno\" \/>\n\t<meta name=\"twitter:label2\" content=\"Gesch\u00e4tzte Lesezeit\" \/>\n\t<meta name=\"twitter:data2\" content=\"4\u00a0Minuten\" \/>\n<script type=\"application\/ld+json\" class=\"yoast-schema-graph\">{\"@context\":\"https:\\\/\\\/schema.org\",\"@graph\":[{\"@type\":\"Article\",\"@id\":\"https:\\\/\\\/schoenstatt.com\\\/de\\\/850-jugendliche-aus-sechs-schulen-schliessen-in-guayaquil-ihr-liebesbuendnis\\\/#article\",\"isPartOf\":{\"@id\":\"https:\\\/\\\/schoenstatt.com\\\/de\\\/850-jugendliche-aus-sechs-schulen-schliessen-in-guayaquil-ihr-liebesbuendnis\\\/\"},\"author\":{\"name\":\"Karen Bueno\",\"@id\":\"https:\\\/\\\/schoenstatt.com\\\/de\\\/#\\\/schema\\\/person\\\/5158877ad4acae98b34daaeef2a1ce6e\"},\"headline\":\"850 Jugendliche aus sechs Schulen schlie\u00dfen in Guayaquil ihr Liebesb\u00fcndnis\",\"datePublished\":\"2023-12-02T05:30:09+00:00\",\"dateModified\":\"2025-05-15T17:50:09+00:00\",\"mainEntityOfPage\":{\"@id\":\"https:\\\/\\\/schoenstatt.com\\\/de\\\/850-jugendliche-aus-sechs-schulen-schliessen-in-guayaquil-ihr-liebesbuendnis\\\/\"},\"wordCount\":740,\"publisher\":{\"@id\":\"https:\\\/\\\/schoenstatt.com\\\/de\\\/#organization\"},\"image\":{\"@id\":\"https:\\\/\\\/schoenstatt.com\\\/de\\\/850-jugendliche-aus-sechs-schulen-schliessen-in-guayaquil-ihr-liebesbuendnis\\\/#primaryimage\"},\"thumbnailUrl\":\"https:\\\/\\\/schoenstatt.com\\\/wp-content\\\/uploads\\\/2023\\\/12\\\/guayaquil-ecuador-2-1.jpg\",\"articleSection\":[\"L\u00e4nder\"],\"inLanguage\":\"de\"},{\"@type\":\"WebPage\",\"@id\":\"https:\\\/\\\/schoenstatt.com\\\/de\\\/850-jugendliche-aus-sechs-schulen-schliessen-in-guayaquil-ihr-liebesbuendnis\\\/\",\"url\":\"https:\\\/\\\/schoenstatt.com\\\/de\\\/850-jugendliche-aus-sechs-schulen-schliessen-in-guayaquil-ihr-liebesbuendnis\\\/\",\"name\":\"850 Jugendliche aus sechs Schulen schlie\u00dfen in Guayaquil ihr Liebesb\u00fcndnis\",\"isPartOf\":{\"@id\":\"https:\\\/\\\/schoenstatt.com\\\/de\\\/#website\"},\"primaryImageOfPage\":{\"@id\":\"https:\\\/\\\/schoenstatt.com\\\/de\\\/850-jugendliche-aus-sechs-schulen-schliessen-in-guayaquil-ihr-liebesbuendnis\\\/#primaryimage\"},\"image\":{\"@id\":\"https:\\\/\\\/schoenstatt.com\\\/de\\\/850-jugendliche-aus-sechs-schulen-schliessen-in-guayaquil-ihr-liebesbuendnis\\\/#primaryimage\"},\"thumbnailUrl\":\"https:\\\/\\\/schoenstatt.com\\\/wp-content\\\/uploads\\\/2023\\\/12\\\/guayaquil-ecuador-2-1.jpg\",\"datePublished\":\"2023-12-02T05:30:09+00:00\",\"dateModified\":\"2025-05-15T17:50:09+00:00\",\"description\":\"850 Jugendliche aus sechs Schulen schlossen im Sch\u00f6nstatt-Heiligtum in Guayaquil ihr Liebesb\u00fcndnis mit Maria.\",\"breadcrumb\":{\"@id\":\"https:\\\/\\\/schoenstatt.com\\\/de\\\/850-jugendliche-aus-sechs-schulen-schliessen-in-guayaquil-ihr-liebesbuendnis\\\/#breadcrumb\"},\"inLanguage\":\"de\",\"potentialAction\":[{\"@type\":\"ReadAction\",\"target\":[\"https:\\\/\\\/schoenstatt.com\\\/de\\\/850-jugendliche-aus-sechs-schulen-schliessen-in-guayaquil-ihr-liebesbuendnis\\\/\"]}]},{\"@type\":\"ImageObject\",\"inLanguage\":\"de\",\"@id\":\"https:\\\/\\\/schoenstatt.com\\\/de\\\/850-jugendliche-aus-sechs-schulen-schliessen-in-guayaquil-ihr-liebesbuendnis\\\/#primaryimage\",\"url\":\"https:\\\/\\\/schoenstatt.com\\\/wp-content\\\/uploads\\\/2023\\\/12\\\/guayaquil-ecuador-2-1.jpg\",\"contentUrl\":\"https:\\\/\\\/schoenstatt.com\\\/wp-content\\\/uploads\\\/2023\\\/12\\\/guayaquil-ecuador-2-1.jpg\",\"width\":1200,\"height\":826},{\"@type\":\"BreadcrumbList\",\"@id\":\"https:\\\/\\\/schoenstatt.com\\\/de\\\/850-jugendliche-aus-sechs-schulen-schliessen-in-guayaquil-ihr-liebesbuendnis\\\/#breadcrumb\",\"itemListElement\":[{\"@type\":\"ListItem\",\"position\":1,\"name\":\"Portada\",\"item\":\"https:\\\/\\\/schoenstatt.com\\\/de\\\/home\\\/\"},{\"@type\":\"ListItem\",\"position\":2,\"name\":\"850 Jugendliche aus sechs Schulen schlie\u00dfen in Guayaquil ihr Liebesb\u00fcndnis\"}]},{\"@type\":\"WebSite\",\"@id\":\"https:\\\/\\\/schoenstatt.com\\\/de\\\/#website\",\"url\":\"https:\\\/\\\/schoenstatt.com\\\/de\\\/\",\"name\":\"Schoenstatt\",\"description\":\"Apostolic Movement\",\"publisher\":{\"@id\":\"https:\\\/\\\/schoenstatt.com\\\/de\\\/#organization\"},\"potentialAction\":[{\"@type\":\"SearchAction\",\"target\":{\"@type\":\"EntryPoint\",\"urlTemplate\":\"https:\\\/\\\/schoenstatt.com\\\/de\\\/?s={search_term_string}\"},\"query-input\":{\"@type\":\"PropertyValueSpecification\",\"valueRequired\":true,\"valueName\":\"search_term_string\"}}],\"inLanguage\":\"de\"},{\"@type\":\"Organization\",\"@id\":\"https:\\\/\\\/schoenstatt.com\\\/de\\\/#organization\",\"name\":\"Schoenstatt\",\"url\":\"https:\\\/\\\/schoenstatt.com\\\/de\\\/\",\"logo\":{\"@type\":\"ImageObject\",\"inLanguage\":\"de\",\"@id\":\"https:\\\/\\\/schoenstatt.com\\\/de\\\/#\\\/schema\\\/logo\\\/image\\\/\",\"url\":\"https:\\\/\\\/schoenstatt.com\\\/wp-content\\\/uploads\\\/2025\\\/04\\\/logo-schoenstatt-white-696x696-1.png\",\"contentUrl\":\"https:\\\/\\\/schoenstatt.com\\\/wp-content\\\/uploads\\\/2025\\\/04\\\/logo-schoenstatt-white-696x696-1.png\",\"width\":696,\"height\":694,\"caption\":\"Schoenstatt\"},\"image\":{\"@id\":\"https:\\\/\\\/schoenstatt.com\\\/de\\\/#\\\/schema\\\/logo\\\/image\\\/\"}},{\"@type\":\"Person\",\"@id\":\"https:\\\/\\\/schoenstatt.com\\\/de\\\/#\\\/schema\\\/person\\\/5158877ad4acae98b34daaeef2a1ce6e\",\"name\":\"Karen Bueno\",\"image\":{\"@type\":\"ImageObject\",\"inLanguage\":\"de\",\"@id\":\"https:\\\/\\\/secure.gravatar.com\\\/avatar\\\/f9f4b823873154269d2b2130f195f6d41037dd0d7fc5f3cacb5c846bae70d66b?s=96&d=mm&r=g\",\"url\":\"https:\\\/\\\/secure.gravatar.com\\\/avatar\\\/f9f4b823873154269d2b2130f195f6d41037dd0d7fc5f3cacb5c846bae70d66b?s=96&d=mm&r=g\",\"contentUrl\":\"https:\\\/\\\/secure.gravatar.com\\\/avatar\\\/f9f4b823873154269d2b2130f195f6d41037dd0d7fc5f3cacb5c846bae70d66b?s=96&d=mm&r=g\",\"caption\":\"Karen Bueno\"},\"url\":\"https:\\\/\\\/schoenstatt.com\\\/de\\\/author\\\/karen-bueno\\\/\"}]}<\/script>\n<!-- \/ Yoast SEO Premium plugin. -->","yoast_head_json":{"title":"850 Jugendliche aus sechs Schulen schlie\u00dfen in Guayaquil ihr Liebesb\u00fcndnis","description":"850 Jugendliche aus sechs Schulen schlossen im Sch\u00f6nstatt-Heiligtum in Guayaquil ihr Liebesb\u00fcndnis mit Maria.","robots":{"index":"index","follow":"follow","max-snippet":"max-snippet:-1","max-image-preview":"max-image-preview:large","max-video-preview":"max-video-preview:-1"},"canonical":"https:\/\/schoenstatt.com\/de\/850-jugendliche-aus-sechs-schulen-schliessen-in-guayaquil-ihr-liebesbuendnis\/","og_locale":"de_DE","og_type":"article","og_title":"850 Jugendliche aus sechs Schulen schlie\u00dfen in Guayaquil ihr Liebesb\u00fcndnis","og_description":"850 Jugendliche aus sechs Schulen schlossen im Sch\u00f6nstatt-Heiligtum in Guayaquil ihr Liebesb\u00fcndnis mit Maria.","og_url":"https:\/\/schoenstatt.com\/de\/850-jugendliche-aus-sechs-schulen-schliessen-in-guayaquil-ihr-liebesbuendnis\/","og_site_name":"Schoenstatt","article_published_time":"2023-12-02T05:30:09+00:00","article_modified_time":"2025-05-15T17:50:09+00:00","og_image":[{"width":1200,"height":826,"url":"https:\/\/schoenstatt.com\/wp-content\/uploads\/2023\/12\/guayaquil-ecuador-2-1.jpg","type":"image\/jpeg"}],"author":"Karen Bueno","twitter_card":"summary_large_image","twitter_misc":{"Verfasst von":"Karen Bueno","Gesch\u00e4tzte Lesezeit":"4\u00a0Minuten"},"schema":{"@context":"https:\/\/schema.org","@graph":[{"@type":"Article","@id":"https:\/\/schoenstatt.com\/de\/850-jugendliche-aus-sechs-schulen-schliessen-in-guayaquil-ihr-liebesbuendnis\/#article","isPartOf":{"@id":"https:\/\/schoenstatt.com\/de\/850-jugendliche-aus-sechs-schulen-schliessen-in-guayaquil-ihr-liebesbuendnis\/"},"author":{"name":"Karen Bueno","@id":"https:\/\/schoenstatt.com\/de\/#\/schema\/person\/5158877ad4acae98b34daaeef2a1ce6e"},"headline":"850 Jugendliche aus sechs Schulen schlie\u00dfen in Guayaquil ihr Liebesb\u00fcndnis","datePublished":"2023-12-02T05:30:09+00:00","dateModified":"2025-05-15T17:50:09+00:00","mainEntityOfPage":{"@id":"https:\/\/schoenstatt.com\/de\/850-jugendliche-aus-sechs-schulen-schliessen-in-guayaquil-ihr-liebesbuendnis\/"},"wordCount":740,"publisher":{"@id":"https:\/\/schoenstatt.com\/de\/#organization"},"image":{"@id":"https:\/\/schoenstatt.com\/de\/850-jugendliche-aus-sechs-schulen-schliessen-in-guayaquil-ihr-liebesbuendnis\/#primaryimage"},"thumbnailUrl":"https:\/\/schoenstatt.com\/wp-content\/uploads\/2023\/12\/guayaquil-ecuador-2-1.jpg","articleSection":["L\u00e4nder"],"inLanguage":"de"},{"@type":"WebPage","@id":"https:\/\/schoenstatt.com\/de\/850-jugendliche-aus-sechs-schulen-schliessen-in-guayaquil-ihr-liebesbuendnis\/","url":"https:\/\/schoenstatt.com\/de\/850-jugendliche-aus-sechs-schulen-schliessen-in-guayaquil-ihr-liebesbuendnis\/","name":"850 Jugendliche aus sechs Schulen schlie\u00dfen in Guayaquil ihr Liebesb\u00fcndnis","isPartOf":{"@id":"https:\/\/schoenstatt.com\/de\/#website"},"primaryImageOfPage":{"@id":"https:\/\/schoenstatt.com\/de\/850-jugendliche-aus-sechs-schulen-schliessen-in-guayaquil-ihr-liebesbuendnis\/#primaryimage"},"image":{"@id":"https:\/\/schoenstatt.com\/de\/850-jugendliche-aus-sechs-schulen-schliessen-in-guayaquil-ihr-liebesbuendnis\/#primaryimage"},"thumbnailUrl":"https:\/\/schoenstatt.com\/wp-content\/uploads\/2023\/12\/guayaquil-ecuador-2-1.jpg","datePublished":"2023-12-02T05:30:09+00:00","dateModified":"2025-05-15T17:50:09+00:00","description":"850 Jugendliche aus sechs Schulen schlossen im Sch\u00f6nstatt-Heiligtum in Guayaquil ihr Liebesb\u00fcndnis mit Maria.","breadcrumb":{"@id":"https:\/\/schoenstatt.com\/de\/850-jugendliche-aus-sechs-schulen-schliessen-in-guayaquil-ihr-liebesbuendnis\/#breadcrumb"},"inLanguage":"de","potentialAction":[{"@type":"ReadAction","target":["https:\/\/schoenstatt.com\/de\/850-jugendliche-aus-sechs-schulen-schliessen-in-guayaquil-ihr-liebesbuendnis\/"]}]},{"@type":"ImageObject","inLanguage":"de","@id":"https:\/\/schoenstatt.com\/de\/850-jugendliche-aus-sechs-schulen-schliessen-in-guayaquil-ihr-liebesbuendnis\/#primaryimage","url":"https:\/\/schoenstatt.com\/wp-content\/uploads\/2023\/12\/guayaquil-ecuador-2-1.jpg","contentUrl":"https:\/\/schoenstatt.com\/wp-content\/uploads\/2023\/12\/guayaquil-ecuador-2-1.jpg","width":1200,"height":826},{"@type":"BreadcrumbList","@id":"https:\/\/schoenstatt.com\/de\/850-jugendliche-aus-sechs-schulen-schliessen-in-guayaquil-ihr-liebesbuendnis\/#breadcrumb","itemListElement":[{"@type":"ListItem","position":1,"name":"Portada","item":"https:\/\/schoenstatt.com\/de\/home\/"},{"@type":"ListItem","position":2,"name":"850 Jugendliche aus sechs Schulen schlie\u00dfen in Guayaquil ihr Liebesb\u00fcndnis"}]},{"@type":"WebSite","@id":"https:\/\/schoenstatt.com\/de\/#website","url":"https:\/\/schoenstatt.com\/de\/","name":"Schoenstatt","description":"Apostolic Movement","publisher":{"@id":"https:\/\/schoenstatt.com\/de\/#organization"},"potentialAction":[{"@type":"SearchAction","target":{"@type":"EntryPoint","urlTemplate":"https:\/\/schoenstatt.com\/de\/?s={search_term_string}"},"query-input":{"@type":"PropertyValueSpecification","valueRequired":true,"valueName":"search_term_string"}}],"inLanguage":"de"},{"@type":"Organization","@id":"https:\/\/schoenstatt.com\/de\/#organization","name":"Schoenstatt","url":"https:\/\/schoenstatt.com\/de\/","logo":{"@type":"ImageObject","inLanguage":"de","@id":"https:\/\/schoenstatt.com\/de\/#\/schema\/logo\/image\/","url":"https:\/\/schoenstatt.com\/wp-content\/uploads\/2025\/04\/logo-schoenstatt-white-696x696-1.png","contentUrl":"https:\/\/schoenstatt.com\/wp-content\/uploads\/2025\/04\/logo-schoenstatt-white-696x696-1.png","width":696,"height":694,"caption":"Schoenstatt"},"image":{"@id":"https:\/\/schoenstatt.com\/de\/#\/schema\/logo\/image\/"}},{"@type":"Person","@id":"https:\/\/schoenstatt.com\/de\/#\/schema\/person\/5158877ad4acae98b34daaeef2a1ce6e","name":"Karen Bueno","image":{"@type":"ImageObject","inLanguage":"de","@id":"https:\/\/secure.gravatar.com\/avatar\/f9f4b823873154269d2b2130f195f6d41037dd0d7fc5f3cacb5c846bae70d66b?s=96&d=mm&r=g","url":"https:\/\/secure.gravatar.com\/avatar\/f9f4b823873154269d2b2130f195f6d41037dd0d7fc5f3cacb5c846bae70d66b?s=96&d=mm&r=g","contentUrl":"https:\/\/secure.gravatar.com\/avatar\/f9f4b823873154269d2b2130f195f6d41037dd0d7fc5f3cacb5c846bae70d66b?s=96&d=mm&r=g","caption":"Karen Bueno"},"url":"https:\/\/schoenstatt.com\/de\/author\/karen-bueno\/"}]}},"_links":{"self":[{"href":"https:\/\/schoenstatt.com\/de\/wp-json\/wp\/v2\/posts\/33832","targetHints":{"allow":["GET"]}}],"collection":[{"href":"https:\/\/schoenstatt.com\/de\/wp-json\/wp\/v2\/posts"}],"about":[{"href":"https:\/\/schoenstatt.com\/de\/wp-json\/wp\/v2\/types\/post"}],"author":[{"embeddable":true,"href":"https:\/\/schoenstatt.com\/de\/wp-json\/wp\/v2\/users\/3"}],"replies":[{"embeddable":true,"href":"https:\/\/schoenstatt.com\/de\/wp-json\/wp\/v2\/comments?post=33832"}],"version-history":[{"count":1,"href":"https:\/\/schoenstatt.com\/de\/wp-json\/wp\/v2\/posts\/33832\/revisions"}],"predecessor-version":[{"id":46511,"href":"https:\/\/schoenstatt.com\/de\/wp-json\/wp\/v2\/posts\/33832\/revisions\/46511"}],"wp:featuredmedia":[{"embeddable":true,"href":"https:\/\/schoenstatt.com\/de\/wp-json\/wp\/v2\/media\/33826"}],"wp:attachment":[{"href":"https:\/\/schoenstatt.com\/de\/wp-json\/wp\/v2\/media?parent=33832"}],"wp:term":[{"taxonomy":"category","embeddable":true,"href":"https:\/\/schoenstatt.com\/de\/wp-json\/wp\/v2\/categories?post=33832"},{"taxonomy":"post_tag","embeddable":true,"href":"https:\/\/schoenstatt.com\/de\/wp-json\/wp\/v2\/tags?post=33832"}],"curies":[{"name":"wp","href":"https:\/\/api.w.org\/{rel}","templated":true}]}}