{"id":33678,"date":"2023-11-18T06:30:54","date_gmt":"2023-11-18T05:30:54","guid":{"rendered":"https:\/\/schoenstatt.com\/?p=33678"},"modified":"2025-05-15T20:36:37","modified_gmt":"2025-05-15T18:36:37","slug":"an-diesem-bundnistag-feiern-wir-das-60-jahrige-bestehen-des-hausheiligtums","status":"publish","type":"post","link":"https:\/\/schoenstatt.com\/de\/an-diesem-bundnistag-feiern-wir-das-60-jahrige-bestehen-des-hausheiligtums\/","title":{"rendered":"An diesem B\u00fcndnistag feiern wir das 60-j\u00e4hrige Bestehen des Hausheiligtums"},"content":{"rendered":"<p>Am 18. November 2023 feiern wir den 60. Jahrestag der Gr\u00fcndung der Hausheiligt\u00fcmer. F\u00fcr unseren Vater und Gr\u00fcnder, Josef Kentenich, war dies eine Reise entlang des Weges, den die g\u00f6ttliche Vorsehung ihm durch seine Kinder zeigte. Das Leben pulsierte, war reich an Verbindungen und brachte uns das gro\u00dfe Geschenk des Hausheiligtums nahe, das auf den Versprechen und Forderungen des <a href=\"https:\/\/schoenstatt.com\/de\/about\/spiritualitaet\/das-liebesbuendnis\/\">Liebesb\u00fcndnisses<\/a> beruht.<\/p>\n<p>Wir k\u00f6nnen sagen, dass wir auf diesem Lebensweg gewachsen sind, aber es gibt noch viel, viel mehr zu tun. Wir m\u00fcssen die Realit\u00e4t der Hausheiligt\u00fcmer voll leben und f\u00fcr deren weitere Verbreitung in Sch\u00f6nstatt, Kirche und Welt sorgen.<\/p>\n<h3>Wenn die Dinge kompliziert werden&#8230;<\/h3>\n<p>Als Kinder Sch\u00f6nstatts sind wir aufgerufen, das Leben aus der Perspektive des praktischen Vorsehungsglaubens zu betrachten. Das ist genau das, was unser Vater und Gr\u00fcnder getan hat, um den Schritt zur Gr\u00fcndung der Hausheiligt\u00fcmer zu tun. In der Gr\u00fcndungsurkunde des Hausheiligtums sagt er: <em>\u201eDa es in erster Linie um die Kinder ging, und Kinder dazu neigen, schnell Interesse zu zeigen, aber auch schnell zu anderen Dingen zu wechseln, sodass es heute dies, morgen jenes, am n\u00e4chsten Tag etwas anderes ist, hatte ich Angst, dass es nicht lange dauern w\u00fcrde, bis sie etwas Neues wollten. Wie so oft im Leben dauert eine Inspiration ein paar Tage, vielleicht ein paar Wochen, und verschwindet dann so schnell, wie sie gekommen ist. Aber dieses Mal war es nicht so. Ich wei\u00df nicht, wie lange ist es schon her, dass wir das erste \u201aLebendige Heiligtum\u2018 eingeweiht haben? Das ist eine ziemlich lange Zeit, vor allem, wenn man bedenkt, dass es sich um kleine Kinder und Teenager handelt. Und dann all der Segen, den es gebracht hat! Besonders originell ist, dass dies etwas war, was die Eltern und Kinder gemeinsam gemacht haben.\u201c<\/em><\/p>\n<p>Die Familien von damals wurden Teil des Lebensstroms der Lebendigen Heiligt\u00fcmer. So wurde unser Vater ermutigt, den Schritt zur Gr\u00fcndung der Hausheiligt\u00fcmer zu tun. Dann vervielf\u00e4ltigte sich die Werkstatt im Tal &#8211; das Urheiligtum &#8211; und kam in jedes unserer H\u00e4user, mit den gleichen Forderungen und Versprechen.<\/p>\n<p><img fetchpriority=\"high\" decoding=\"async\" class=\"aligncenter wp-image-33654 \" src=\"https:\/\/schoenstatt.com\/wp-content\/uploads\/2023\/11\/Santuario-Lar-Home-Shrine-Hausheiligtum.png\" alt=\"\" width=\"1007\" height=\"755\" \/><\/p>\n<p>In der Gr\u00fcndungsurkunde der Hausheiligt\u00fcmer zeigt unser Vater, dass die Welt aus den Fugen ger\u00e4t und der christliche Einfluss schwindet. Die pluralistische Gesellschaft hat sich herausgebildet, es gibt keine katholische Atmosph\u00e4re mehr in der Umwelt. Die Evolution hat uns zunehmend zu einem Diasporachristentum gef\u00fchrt. In diesem Kontext, der sich im Laufe der Jahre noch vergr\u00f6\u00dfert hat, kam die Pandemie COVID 19. Niemand hat sie erwartet oder sich vorgestellt. Eine unbekannte, hoch ansteckende, schwere, schmerzhafte und t\u00f6dliche Krankheit. Die Gesundheitssysteme brachen zusammen. Die Gesellschaft wurde von Angst und Schrecken heimgesucht. Die Welt kam im Jahr 2020 v\u00f6llig zum Stillstand. Und unsere Heiligt\u00fcmer waren keine Ausnahme.<\/p>\n<h2>Und was war die Antwort?<\/h2>\n<p>Und was war die Antwort? Wir haben diese religi\u00f6se Atmosph\u00e4re in unseren Hausheiligt\u00fcmern intensiv gelebt. In ihnen empfingen wir die Gnaden, die die Mutter uns schenkt. Unsere Beitr\u00e4ge zum <a href=\"https:\/\/schoenstatt.com\/de\/about\/spiritualitaet\/gnadenkapital\/\">Gnadenkapital<\/a> wurden immer bewusster und intensiver. Wie unser Vater prophezeite, blieben wir <em>\u201ewirklich zu Hause und bauten dort eine kleine Welt auf, wir nahmen mit innerer Freude die ganze Atmosph\u00e4re von Heimat und Land wahr, die sie mit sich bringt\u201c.<\/em><\/p>\n<p>So haben wir eine sehr gro\u00dfe Krise der Menschheit gemeistert. Und mit dem Mittel der sozialen Netzwerke kamen all diese schwimmenden Inseln zusammen und hielten unsere Sch\u00f6nstattfamilie und ihren Geist sehr lebendig. Das Netzwerk der Hausheiligt\u00fcmer wurde aktiviert, wie es niemand erwartet hatte, und wurde besonders lebendig. Von dort aus wurde Maria immer wieder mit Nachdruck als die K\u00f6nigin und Mutter anerkannt und gekr\u00f6nt, die sich vollkommen um ihre Kinder k\u00fcmmern w\u00fcrde.<\/p>\n<p><img decoding=\"async\" class=\"aligncenter wp-image-33670 \" src=\"https:\/\/schoenstatt.com\/wp-content\/uploads\/2023\/11\/Santuario-Lar-Home-Shrine-Hausheiligtum-2.png\" alt=\"\" width=\"929\" height=\"697\" \/><\/p>\n<h2>Der Vermehrung der Hausheiligt\u00fcmer sind keine Grenzen gesetzt<\/h2>\n<p>Im Jahr 1929 prophezeite unser Vater und Gr\u00fcnder, dass im Schatten des Heiligtums die Geschicke der Kirche mitentschieden werden. Und \u00fcber den Kontext hinaus, in dem dies gesagt wurde, ist es dahingehend erweitert worden, dass unsere Hausheiligt\u00fcmer auch eine Lebensgarantie f\u00fcr die Kirche der Zukunft sind, die wahrscheinlich wieder die Kirche der Katakomben sein wird. Das ist es, was unser Vater vorwegnimmt, wenn er sagt, dass <em>\u201edie Gottesmutter eine neue Welt schaffen will. Und wie will sie das von unseren Hausheiligt\u00fcmern aus tun? Indem sie sich in jeder Familie niederl\u00e4sst und ihre gro\u00dfe erzieherische Aufgabe \u00fcbernimmt, fortsetzt und ausf\u00fchrt\u201c.<\/em><\/p>\n<p>Nun hat die Vermehrung der Hausheiligt\u00fcmer keine Grenzen mehr. Die schwimmenden Inseln werden sich weiter ausbreiten, um auch der Kirche zu dienen und sie zu erneuern. Es h\u00e4ngt nur von den Familien ab, die unsere MTA in ihre H\u00e4user aufnehmen und die Anforderungen, die damit verbunden sind, annehmen, indem sie das Liebesb\u00fcndnis mit ihr aus tiefer \u00dcberzeugung leben.<\/p>\n<p><img decoding=\"async\" class=\"aligncenter wp-image-33666 \" src=\"https:\/\/schoenstatt.com\/wp-content\/uploads\/2023\/11\/Santuario-Lar-Home-Shrine-Hausheiligtum-family-1.png\" alt=\"\" width=\"928\" height=\"696\" \/><\/p>\n<p>Wir sind Zeugen und wir haben es am eigenen Leib erfahren. <em><strong>\u201eWas f\u00fcr das Urheiligtum und die Filialheiligt\u00fcmer gilt, gilt auch f\u00fcr die Hausheiligt\u00fcmer.\u201c<\/strong><\/em><\/p>\n<p>Wir laden Sie ein, dar\u00fcber nachzudenken, wie wir unsere Hausheiligt\u00fcmer in jeder unserer Familien erlebt haben, was es f\u00fcr jeden Einzelnen bedeutet hat, und die mit unserer MTA eingegangene Verpflichtung zu erneuern, indem wir sie bitten, sich in ihnen niederzulassen und das Liebesb\u00fcndnis, das jeder von uns mit ihr geschlossen hat, intensiv zu leben.<\/p>\n<p>Patricia und Jos\u00e9 K\u00f6stner,<br \/>\nGeneralobere der Institut der Sch\u00f6nstatt-Familien<\/p>\n","protected":false},"excerpt":{"rendered":"<p>\u201eWas f\u00fcr das Urheiligtum und die Filialheiligt\u00fcmer gilt, gilt auch f\u00fcr die Hausheiligt\u00fcmer.\u201c Heute ist ein Tag der Dankbarkeit, denn wir erinnern uns an das 60-j\u00e4hrige Bestehen des Hausheiligtums. Seitdem haben sich die Gnaden Sch\u00f6nstatts in der ganzen Welt verbreitet und das Leben unz\u00e4hliger Familien ver\u00e4ndert.<\/p>\n","protected":false},"author":3,"featured_media":33662,"comment_status":"closed","ping_status":"closed","sticky":false,"template":"","format":"standard","meta":{"footnotes":""},"categories":[914],"tags":[],"class_list":["post-33678","post","type-post","status-publish","format-standard","has-post-thumbnail","hentry","category-spiritualitat-de"],"yoast_head":"<!-- This site is optimized with the Yoast SEO Premium plugin v27.4 (Yoast SEO v27.4) - https:\/\/yoast.com\/product\/yoast-seo-premium-wordpress\/ -->\n<title>An diesem B\u00fcndnistag feiern wir das 60-j\u00e4hrige Bestehen des Hausheiligtums<\/title>\n<meta name=\"description\" content=\"Heute, 18. November, ist ein Tag der Dankbarkeit, an dem wir uns an das 60-j\u00e4hrige Bestehen des Hausheiligtums erinnern.\" \/>\n<meta name=\"robots\" content=\"index, follow, max-snippet:-1, max-image-preview:large, max-video-preview:-1\" \/>\n<link rel=\"canonical\" href=\"https:\/\/schoenstatt.com\/de\/an-diesem-bundnistag-feiern-wir-das-60-jahrige-bestehen-des-hausheiligtums\/\" \/>\n<meta property=\"og:locale\" content=\"de_DE\" \/>\n<meta property=\"og:type\" content=\"article\" \/>\n<meta property=\"og:title\" content=\"An diesem B\u00fcndnistag feiern wir das 60-j\u00e4hrige Bestehen des Hausheiligtums\" \/>\n<meta property=\"og:description\" content=\"Heute, 18. November, ist ein Tag der Dankbarkeit, an dem wir uns an das 60-j\u00e4hrige Bestehen des Hausheiligtums erinnern.\" \/>\n<meta property=\"og:url\" content=\"https:\/\/schoenstatt.com\/de\/an-diesem-bundnistag-feiern-wir-das-60-jahrige-bestehen-des-hausheiligtums\/\" \/>\n<meta property=\"og:site_name\" content=\"Schoenstatt\" \/>\n<meta property=\"article:published_time\" content=\"2023-11-18T05:30:54+00:00\" \/>\n<meta property=\"article:modified_time\" content=\"2025-05-15T18:36:37+00:00\" \/>\n<meta property=\"og:image\" content=\"https:\/\/schoenstatt.com\/wp-content\/uploads\/2023\/11\/Santuario-Lar-Home-Shrine-Hausheiligtum-3-1.jpg\" \/>\n\t<meta property=\"og:image:width\" content=\"2048\" \/>\n\t<meta property=\"og:image:height\" content=\"1282\" \/>\n\t<meta property=\"og:image:type\" content=\"image\/jpeg\" \/>\n<meta name=\"author\" content=\"Karen Bueno\" \/>\n<meta name=\"twitter:card\" content=\"summary_large_image\" \/>\n<meta name=\"twitter:label1\" content=\"Verfasst von\" \/>\n\t<meta name=\"twitter:data1\" content=\"Karen Bueno\" \/>\n\t<meta name=\"twitter:label2\" content=\"Gesch\u00e4tzte Lesezeit\" \/>\n\t<meta name=\"twitter:data2\" content=\"5\u00a0Minuten\" \/>\n<script type=\"application\/ld+json\" class=\"yoast-schema-graph\">{\"@context\":\"https:\\\/\\\/schema.org\",\"@graph\":[{\"@type\":\"Article\",\"@id\":\"https:\\\/\\\/schoenstatt.com\\\/de\\\/an-diesem-bundnistag-feiern-wir-das-60-jahrige-bestehen-des-hausheiligtums\\\/#article\",\"isPartOf\":{\"@id\":\"https:\\\/\\\/schoenstatt.com\\\/de\\\/an-diesem-bundnistag-feiern-wir-das-60-jahrige-bestehen-des-hausheiligtums\\\/\"},\"author\":{\"name\":\"Karen Bueno\",\"@id\":\"https:\\\/\\\/schoenstatt.com\\\/de\\\/#\\\/schema\\\/person\\\/5158877ad4acae98b34daaeef2a1ce6e\"},\"headline\":\"An diesem B\u00fcndnistag feiern wir das 60-j\u00e4hrige Bestehen des Hausheiligtums\",\"datePublished\":\"2023-11-18T05:30:54+00:00\",\"dateModified\":\"2025-05-15T18:36:37+00:00\",\"mainEntityOfPage\":{\"@id\":\"https:\\\/\\\/schoenstatt.com\\\/de\\\/an-diesem-bundnistag-feiern-wir-das-60-jahrige-bestehen-des-hausheiligtums\\\/\"},\"wordCount\":913,\"publisher\":{\"@id\":\"https:\\\/\\\/schoenstatt.com\\\/de\\\/#organization\"},\"image\":{\"@id\":\"https:\\\/\\\/schoenstatt.com\\\/de\\\/an-diesem-bundnistag-feiern-wir-das-60-jahrige-bestehen-des-hausheiligtums\\\/#primaryimage\"},\"thumbnailUrl\":\"https:\\\/\\\/schoenstatt.com\\\/wp-content\\\/uploads\\\/2023\\\/11\\\/Santuario-Lar-Home-Shrine-Hausheiligtum-3-1.jpg\",\"articleSection\":[\"Spiritualit\u00e4t\"],\"inLanguage\":\"de\"},{\"@type\":\"WebPage\",\"@id\":\"https:\\\/\\\/schoenstatt.com\\\/de\\\/an-diesem-bundnistag-feiern-wir-das-60-jahrige-bestehen-des-hausheiligtums\\\/\",\"url\":\"https:\\\/\\\/schoenstatt.com\\\/de\\\/an-diesem-bundnistag-feiern-wir-das-60-jahrige-bestehen-des-hausheiligtums\\\/\",\"name\":\"An diesem B\u00fcndnistag feiern wir das 60-j\u00e4hrige Bestehen des Hausheiligtums\",\"isPartOf\":{\"@id\":\"https:\\\/\\\/schoenstatt.com\\\/de\\\/#website\"},\"primaryImageOfPage\":{\"@id\":\"https:\\\/\\\/schoenstatt.com\\\/de\\\/an-diesem-bundnistag-feiern-wir-das-60-jahrige-bestehen-des-hausheiligtums\\\/#primaryimage\"},\"image\":{\"@id\":\"https:\\\/\\\/schoenstatt.com\\\/de\\\/an-diesem-bundnistag-feiern-wir-das-60-jahrige-bestehen-des-hausheiligtums\\\/#primaryimage\"},\"thumbnailUrl\":\"https:\\\/\\\/schoenstatt.com\\\/wp-content\\\/uploads\\\/2023\\\/11\\\/Santuario-Lar-Home-Shrine-Hausheiligtum-3-1.jpg\",\"datePublished\":\"2023-11-18T05:30:54+00:00\",\"dateModified\":\"2025-05-15T18:36:37+00:00\",\"description\":\"Heute, 18. November, ist ein Tag der Dankbarkeit, an dem wir uns an das 60-j\u00e4hrige Bestehen des Hausheiligtums erinnern.\",\"breadcrumb\":{\"@id\":\"https:\\\/\\\/schoenstatt.com\\\/de\\\/an-diesem-bundnistag-feiern-wir-das-60-jahrige-bestehen-des-hausheiligtums\\\/#breadcrumb\"},\"inLanguage\":\"de\",\"potentialAction\":[{\"@type\":\"ReadAction\",\"target\":[\"https:\\\/\\\/schoenstatt.com\\\/de\\\/an-diesem-bundnistag-feiern-wir-das-60-jahrige-bestehen-des-hausheiligtums\\\/\"]}]},{\"@type\":\"ImageObject\",\"inLanguage\":\"de\",\"@id\":\"https:\\\/\\\/schoenstatt.com\\\/de\\\/an-diesem-bundnistag-feiern-wir-das-60-jahrige-bestehen-des-hausheiligtums\\\/#primaryimage\",\"url\":\"https:\\\/\\\/schoenstatt.com\\\/wp-content\\\/uploads\\\/2023\\\/11\\\/Santuario-Lar-Home-Shrine-Hausheiligtum-3-1.jpg\",\"contentUrl\":\"https:\\\/\\\/schoenstatt.com\\\/wp-content\\\/uploads\\\/2023\\\/11\\\/Santuario-Lar-Home-Shrine-Hausheiligtum-3-1.jpg\",\"width\":2048,\"height\":1282},{\"@type\":\"BreadcrumbList\",\"@id\":\"https:\\\/\\\/schoenstatt.com\\\/de\\\/an-diesem-bundnistag-feiern-wir-das-60-jahrige-bestehen-des-hausheiligtums\\\/#breadcrumb\",\"itemListElement\":[{\"@type\":\"ListItem\",\"position\":1,\"name\":\"Portada\",\"item\":\"https:\\\/\\\/schoenstatt.com\\\/de\\\/home\\\/\"},{\"@type\":\"ListItem\",\"position\":2,\"name\":\"An diesem B\u00fcndnistag feiern wir das 60-j\u00e4hrige Bestehen des Hausheiligtums\"}]},{\"@type\":\"WebSite\",\"@id\":\"https:\\\/\\\/schoenstatt.com\\\/de\\\/#website\",\"url\":\"https:\\\/\\\/schoenstatt.com\\\/de\\\/\",\"name\":\"Schoenstatt\",\"description\":\"Apostolic Movement\",\"publisher\":{\"@id\":\"https:\\\/\\\/schoenstatt.com\\\/de\\\/#organization\"},\"potentialAction\":[{\"@type\":\"SearchAction\",\"target\":{\"@type\":\"EntryPoint\",\"urlTemplate\":\"https:\\\/\\\/schoenstatt.com\\\/de\\\/?s={search_term_string}\"},\"query-input\":{\"@type\":\"PropertyValueSpecification\",\"valueRequired\":true,\"valueName\":\"search_term_string\"}}],\"inLanguage\":\"de\"},{\"@type\":\"Organization\",\"@id\":\"https:\\\/\\\/schoenstatt.com\\\/de\\\/#organization\",\"name\":\"Schoenstatt\",\"url\":\"https:\\\/\\\/schoenstatt.com\\\/de\\\/\",\"logo\":{\"@type\":\"ImageObject\",\"inLanguage\":\"de\",\"@id\":\"https:\\\/\\\/schoenstatt.com\\\/de\\\/#\\\/schema\\\/logo\\\/image\\\/\",\"url\":\"https:\\\/\\\/schoenstatt.com\\\/wp-content\\\/uploads\\\/2025\\\/04\\\/logo-schoenstatt-white-696x696-1.png\",\"contentUrl\":\"https:\\\/\\\/schoenstatt.com\\\/wp-content\\\/uploads\\\/2025\\\/04\\\/logo-schoenstatt-white-696x696-1.png\",\"width\":696,\"height\":694,\"caption\":\"Schoenstatt\"},\"image\":{\"@id\":\"https:\\\/\\\/schoenstatt.com\\\/de\\\/#\\\/schema\\\/logo\\\/image\\\/\"}},{\"@type\":\"Person\",\"@id\":\"https:\\\/\\\/schoenstatt.com\\\/de\\\/#\\\/schema\\\/person\\\/5158877ad4acae98b34daaeef2a1ce6e\",\"name\":\"Karen Bueno\",\"image\":{\"@type\":\"ImageObject\",\"inLanguage\":\"de\",\"@id\":\"https:\\\/\\\/secure.gravatar.com\\\/avatar\\\/f9f4b823873154269d2b2130f195f6d41037dd0d7fc5f3cacb5c846bae70d66b?s=96&d=mm&r=g\",\"url\":\"https:\\\/\\\/secure.gravatar.com\\\/avatar\\\/f9f4b823873154269d2b2130f195f6d41037dd0d7fc5f3cacb5c846bae70d66b?s=96&d=mm&r=g\",\"contentUrl\":\"https:\\\/\\\/secure.gravatar.com\\\/avatar\\\/f9f4b823873154269d2b2130f195f6d41037dd0d7fc5f3cacb5c846bae70d66b?s=96&d=mm&r=g\",\"caption\":\"Karen Bueno\"},\"url\":\"https:\\\/\\\/schoenstatt.com\\\/de\\\/author\\\/karen-bueno\\\/\"}]}<\/script>\n<!-- \/ Yoast SEO Premium plugin. -->","yoast_head_json":{"title":"An diesem B\u00fcndnistag feiern wir das 60-j\u00e4hrige Bestehen des Hausheiligtums","description":"Heute, 18. November, ist ein Tag der Dankbarkeit, an dem wir uns an das 60-j\u00e4hrige Bestehen des Hausheiligtums erinnern.","robots":{"index":"index","follow":"follow","max-snippet":"max-snippet:-1","max-image-preview":"max-image-preview:large","max-video-preview":"max-video-preview:-1"},"canonical":"https:\/\/schoenstatt.com\/de\/an-diesem-bundnistag-feiern-wir-das-60-jahrige-bestehen-des-hausheiligtums\/","og_locale":"de_DE","og_type":"article","og_title":"An diesem B\u00fcndnistag feiern wir das 60-j\u00e4hrige Bestehen des Hausheiligtums","og_description":"Heute, 18. November, ist ein Tag der Dankbarkeit, an dem wir uns an das 60-j\u00e4hrige Bestehen des Hausheiligtums erinnern.","og_url":"https:\/\/schoenstatt.com\/de\/an-diesem-bundnistag-feiern-wir-das-60-jahrige-bestehen-des-hausheiligtums\/","og_site_name":"Schoenstatt","article_published_time":"2023-11-18T05:30:54+00:00","article_modified_time":"2025-05-15T18:36:37+00:00","og_image":[{"width":2048,"height":1282,"url":"https:\/\/schoenstatt.com\/wp-content\/uploads\/2023\/11\/Santuario-Lar-Home-Shrine-Hausheiligtum-3-1.jpg","type":"image\/jpeg"}],"author":"Karen Bueno","twitter_card":"summary_large_image","twitter_misc":{"Verfasst von":"Karen Bueno","Gesch\u00e4tzte Lesezeit":"5\u00a0Minuten"},"schema":{"@context":"https:\/\/schema.org","@graph":[{"@type":"Article","@id":"https:\/\/schoenstatt.com\/de\/an-diesem-bundnistag-feiern-wir-das-60-jahrige-bestehen-des-hausheiligtums\/#article","isPartOf":{"@id":"https:\/\/schoenstatt.com\/de\/an-diesem-bundnistag-feiern-wir-das-60-jahrige-bestehen-des-hausheiligtums\/"},"author":{"name":"Karen Bueno","@id":"https:\/\/schoenstatt.com\/de\/#\/schema\/person\/5158877ad4acae98b34daaeef2a1ce6e"},"headline":"An diesem B\u00fcndnistag feiern wir das 60-j\u00e4hrige Bestehen des Hausheiligtums","datePublished":"2023-11-18T05:30:54+00:00","dateModified":"2025-05-15T18:36:37+00:00","mainEntityOfPage":{"@id":"https:\/\/schoenstatt.com\/de\/an-diesem-bundnistag-feiern-wir-das-60-jahrige-bestehen-des-hausheiligtums\/"},"wordCount":913,"publisher":{"@id":"https:\/\/schoenstatt.com\/de\/#organization"},"image":{"@id":"https:\/\/schoenstatt.com\/de\/an-diesem-bundnistag-feiern-wir-das-60-jahrige-bestehen-des-hausheiligtums\/#primaryimage"},"thumbnailUrl":"https:\/\/schoenstatt.com\/wp-content\/uploads\/2023\/11\/Santuario-Lar-Home-Shrine-Hausheiligtum-3-1.jpg","articleSection":["Spiritualit\u00e4t"],"inLanguage":"de"},{"@type":"WebPage","@id":"https:\/\/schoenstatt.com\/de\/an-diesem-bundnistag-feiern-wir-das-60-jahrige-bestehen-des-hausheiligtums\/","url":"https:\/\/schoenstatt.com\/de\/an-diesem-bundnistag-feiern-wir-das-60-jahrige-bestehen-des-hausheiligtums\/","name":"An diesem B\u00fcndnistag feiern wir das 60-j\u00e4hrige Bestehen des Hausheiligtums","isPartOf":{"@id":"https:\/\/schoenstatt.com\/de\/#website"},"primaryImageOfPage":{"@id":"https:\/\/schoenstatt.com\/de\/an-diesem-bundnistag-feiern-wir-das-60-jahrige-bestehen-des-hausheiligtums\/#primaryimage"},"image":{"@id":"https:\/\/schoenstatt.com\/de\/an-diesem-bundnistag-feiern-wir-das-60-jahrige-bestehen-des-hausheiligtums\/#primaryimage"},"thumbnailUrl":"https:\/\/schoenstatt.com\/wp-content\/uploads\/2023\/11\/Santuario-Lar-Home-Shrine-Hausheiligtum-3-1.jpg","datePublished":"2023-11-18T05:30:54+00:00","dateModified":"2025-05-15T18:36:37+00:00","description":"Heute, 18. November, ist ein Tag der Dankbarkeit, an dem wir uns an das 60-j\u00e4hrige Bestehen des Hausheiligtums erinnern.","breadcrumb":{"@id":"https:\/\/schoenstatt.com\/de\/an-diesem-bundnistag-feiern-wir-das-60-jahrige-bestehen-des-hausheiligtums\/#breadcrumb"},"inLanguage":"de","potentialAction":[{"@type":"ReadAction","target":["https:\/\/schoenstatt.com\/de\/an-diesem-bundnistag-feiern-wir-das-60-jahrige-bestehen-des-hausheiligtums\/"]}]},{"@type":"ImageObject","inLanguage":"de","@id":"https:\/\/schoenstatt.com\/de\/an-diesem-bundnistag-feiern-wir-das-60-jahrige-bestehen-des-hausheiligtums\/#primaryimage","url":"https:\/\/schoenstatt.com\/wp-content\/uploads\/2023\/11\/Santuario-Lar-Home-Shrine-Hausheiligtum-3-1.jpg","contentUrl":"https:\/\/schoenstatt.com\/wp-content\/uploads\/2023\/11\/Santuario-Lar-Home-Shrine-Hausheiligtum-3-1.jpg","width":2048,"height":1282},{"@type":"BreadcrumbList","@id":"https:\/\/schoenstatt.com\/de\/an-diesem-bundnistag-feiern-wir-das-60-jahrige-bestehen-des-hausheiligtums\/#breadcrumb","itemListElement":[{"@type":"ListItem","position":1,"name":"Portada","item":"https:\/\/schoenstatt.com\/de\/home\/"},{"@type":"ListItem","position":2,"name":"An diesem B\u00fcndnistag feiern wir das 60-j\u00e4hrige Bestehen des Hausheiligtums"}]},{"@type":"WebSite","@id":"https:\/\/schoenstatt.com\/de\/#website","url":"https:\/\/schoenstatt.com\/de\/","name":"Schoenstatt","description":"Apostolic Movement","publisher":{"@id":"https:\/\/schoenstatt.com\/de\/#organization"},"potentialAction":[{"@type":"SearchAction","target":{"@type":"EntryPoint","urlTemplate":"https:\/\/schoenstatt.com\/de\/?s={search_term_string}"},"query-input":{"@type":"PropertyValueSpecification","valueRequired":true,"valueName":"search_term_string"}}],"inLanguage":"de"},{"@type":"Organization","@id":"https:\/\/schoenstatt.com\/de\/#organization","name":"Schoenstatt","url":"https:\/\/schoenstatt.com\/de\/","logo":{"@type":"ImageObject","inLanguage":"de","@id":"https:\/\/schoenstatt.com\/de\/#\/schema\/logo\/image\/","url":"https:\/\/schoenstatt.com\/wp-content\/uploads\/2025\/04\/logo-schoenstatt-white-696x696-1.png","contentUrl":"https:\/\/schoenstatt.com\/wp-content\/uploads\/2025\/04\/logo-schoenstatt-white-696x696-1.png","width":696,"height":694,"caption":"Schoenstatt"},"image":{"@id":"https:\/\/schoenstatt.com\/de\/#\/schema\/logo\/image\/"}},{"@type":"Person","@id":"https:\/\/schoenstatt.com\/de\/#\/schema\/person\/5158877ad4acae98b34daaeef2a1ce6e","name":"Karen Bueno","image":{"@type":"ImageObject","inLanguage":"de","@id":"https:\/\/secure.gravatar.com\/avatar\/f9f4b823873154269d2b2130f195f6d41037dd0d7fc5f3cacb5c846bae70d66b?s=96&d=mm&r=g","url":"https:\/\/secure.gravatar.com\/avatar\/f9f4b823873154269d2b2130f195f6d41037dd0d7fc5f3cacb5c846bae70d66b?s=96&d=mm&r=g","contentUrl":"https:\/\/secure.gravatar.com\/avatar\/f9f4b823873154269d2b2130f195f6d41037dd0d7fc5f3cacb5c846bae70d66b?s=96&d=mm&r=g","caption":"Karen Bueno"},"url":"https:\/\/schoenstatt.com\/de\/author\/karen-bueno\/"}]}},"_links":{"self":[{"href":"https:\/\/schoenstatt.com\/de\/wp-json\/wp\/v2\/posts\/33678","targetHints":{"allow":["GET"]}}],"collection":[{"href":"https:\/\/schoenstatt.com\/de\/wp-json\/wp\/v2\/posts"}],"about":[{"href":"https:\/\/schoenstatt.com\/de\/wp-json\/wp\/v2\/types\/post"}],"author":[{"embeddable":true,"href":"https:\/\/schoenstatt.com\/de\/wp-json\/wp\/v2\/users\/3"}],"replies":[{"embeddable":true,"href":"https:\/\/schoenstatt.com\/de\/wp-json\/wp\/v2\/comments?post=33678"}],"version-history":[{"count":1,"href":"https:\/\/schoenstatt.com\/de\/wp-json\/wp\/v2\/posts\/33678\/revisions"}],"predecessor-version":[{"id":46478,"href":"https:\/\/schoenstatt.com\/de\/wp-json\/wp\/v2\/posts\/33678\/revisions\/46478"}],"wp:featuredmedia":[{"embeddable":true,"href":"https:\/\/schoenstatt.com\/de\/wp-json\/wp\/v2\/media\/33662"}],"wp:attachment":[{"href":"https:\/\/schoenstatt.com\/de\/wp-json\/wp\/v2\/media?parent=33678"}],"wp:term":[{"taxonomy":"category","embeddable":true,"href":"https:\/\/schoenstatt.com\/de\/wp-json\/wp\/v2\/categories?post=33678"},{"taxonomy":"post_tag","embeddable":true,"href":"https:\/\/schoenstatt.com\/de\/wp-json\/wp\/v2\/tags?post=33678"}],"curies":[{"name":"wp","href":"https:\/\/api.w.org\/{rel}","templated":true}]}}