{"id":33606,"date":"2023-11-16T06:34:19","date_gmt":"2023-11-16T05:34:19","guid":{"rendered":"https:\/\/schoenstatt.com\/?p=33606"},"modified":"2025-05-15T20:00:50","modified_gmt":"2025-05-15T18:00:50","slug":"ein-besuch-in-gymnich-einem-ort-der-verwandlung-gehen-wir-zusammen","status":"publish","type":"post","link":"https:\/\/schoenstatt.com\/de\/ein-besuch-in-gymnich-einem-ort-der-verwandlung-gehen-wir-zusammen\/","title":{"rendered":"Ein Besuch in Gymnich, einem Ort der Verwandlung &#8211; Gehen wir zusammen?"},"content":{"rendered":"<p>Am 16. November 1885 fand in <a href=\"https:\/\/maps.app.goo.gl\/X3N96JiCPd5yqKTM6\" target=\"_blank\" rel=\"noopener\">Gymnich<\/a> ein ganz gew\u00f6hnliches Ereignis statt: die Geburt eines Kindes: <a href=\"https:\/\/schoenstatt.com\/de\/about\/gruender\/\">Josef Kentenich<\/a>.<\/p>\n<p>In Gymnich! Ein kleines St\u00e4dtchen mit damals 1901 Einwohnern, in dem vor allem sehr arme Leute lebten: Handwerker oder Bauern, ein Ort, den jeder kannte. Aber ist diese Information wirklich wichtig, wenn wir \u00fcber das Leben von Pater Kentenich sprechen?<\/p>\n<p style=\"text-align: center;\"><iframe style=\"border: 0;\" src=\"https:\/\/www.google.com\/maps\/embed?pb=!1m18!1m12!1m3!1d10078.607892627148!2d6.7436767!3d50.837610049999995!2m3!1f0!2f0!3f0!3m2!1i1024!2i768!4f13.1!3m3!1m2!1s0x47bf3e1324267d79%3A0xa2760fee1ebe780!2sGymnich%2C%2050374%20Erftstadt%2C%20Germany!5e0!3m2!1sen!2sbr!4v1699973589810!5m2!1sen!2sbr\" width=\"600\" height=\"450\" allowfullscreen=\"allowfullscreen\"><\/iframe><\/p>\n<p>Der Geburtsort eines Menschen ist viel mehr als ein pers\u00f6nliches Detail in seinem Personalausweis. Die Kirche hat zum Beispiel in mehreren F\u00e4llen den Brauch, die Namen von Heiligen mit ihren Geburtsorten zu verbinden: Franziskus von ASSIS; Teresa von \u00c1VILA, Ignatius von LOYOLA.<\/p>\n<p>Franziskus, Teresa und Ignatius wurden von diesen besonderen Orten gepr\u00e4gt, und diese wiederum verdanken ihre Bedeutung und ihren \u201eRuhm\u201c diesen Heiligen. Wir d\u00fcrfen Jesus und Maria von NAZARETH nicht vergessen. \u201eDer Ort der Inkarnation unseres Glaubens verlangt diesen Ort in Raum und Zeit\u201c (Pater Angel Strada &#8211; zum 120. Geburtstag von Pater Kentenich).<\/p>\n<h2>Das Gro\u00dfelternhaus: ein Ort der Gastfreundschaft<\/h2>\n<p><img fetchpriority=\"high\" decoding=\"async\" class=\"aligncenter wp-image-33566 size-full\" src=\"https:\/\/schoenstatt.com\/wp-content\/uploads\/2023\/11\/casa-de-los-abuellos-kentenich.png\" alt=\"\" width=\"700\" height=\"455\" \/><\/p>\n<p>Am Geburtstag Pater Kentenichs sind wir eingeladen, seinem Geburtshaus in Gymnich einen \u201egeistigen\u201c Besuch abzustatten. Wir wissen, dass Josef als Kind im Haus seiner Gro\u00dfeltern wohnte, auf einem kleinen Grundst\u00fcck, das die beiden kurz nach ihrer Heirat erworben hatten. Hier lebte Josef bis zu seinem achten Lebensjahr, umgeben von der Freundlichkeit und Religiosit\u00e4t seiner Gro\u00dfeltern, von \u201eAbenteuern\u201c mit seiner Cousine Henrietta und vor allem von der Z\u00e4rtlichkeit seiner Mutter Katharina, einer flei\u00dfigen, hilfsbereiten, sparsamen, bescheidenen und tief religi\u00f6sen Frau, die ihre Familie sehr liebte. \u201eMeine Mutter war eine sehr edle und heilige Frau\u201c, sagte Pater Kentenich in einem Gespr\u00e4ch.<\/p>\n<p>In diesem Umfeld lernte Josef schon fr\u00fch lesen und f\u00fchlte sich so angenommen und geliebt, dass sich seine charakterliche Veranlagung, seine Willenskraft, seine innere Suche nach Freiheit und seine Wahrheitsliebe frei und urspr\u00fcnglich entwickeln konnten.<\/p>\n<h3>Der Dachboden und seine pers\u00f6nliche Botschaft an jeden von uns<\/h3>\n<p><img decoding=\"async\" class=\"aligncenter wp-image-33570 size-full\" src=\"https:\/\/schoenstatt.com\/wp-content\/uploads\/2023\/11\/quarto-gymnich.jpg\" alt=\"\" width=\"700\" height=\"466\" \/><\/p>\n<p>Es ist sehr beeindruckend, das Haus zu sehen, in dem der kleine Josef Kentenich lebte. Aber noch beeindruckender ist es, den Ort zu sehen, an dem er geboren wurde: auf dem Dachboden, einem kleinen Raum, der zum Schlafzimmer f\u00fcr die junge Mutter wurde, die auf ihren Sohn wartete. Dort stellte sich die Mutter ihrer eigenen Angst und ihrem Kummer, was sie dazu brachte, ihr Kind, das noch im Mutterleib war, zum ersten Mal der F\u00fcrsorge der Gottesmutter zu weihen.<\/p>\n<p>Ein Bett und ein kleiner Korb, der zur Wiege umfunktioniert wurde (auch wenn es sich dabei nicht um die Originale jener Zeit handelt, sondern um Rekonstruktionen), lassen uns die Armut und Einfachheit erahnen, in der diese Familie lebte.<\/p>\n<p>Die Kindheit und Jugend Pater Kentenichs war gepr\u00e4gt von gro\u00dfen famili\u00e4ren Schwierigkeiten: Schmerz, Trennung und Einsamkeit, die sein Leben zweifellos pr\u00e4gten. Er hat jedoch nicht zugelassen, dass diese Schwierigkeiten sein Leben bestimmen. Seine tiefe marianische Erfahrung, in der er Maria als \u201eGleichgewicht des Universums\u201c und seines eigenen Lebens, als Mutter und Erzieherin erlebte, formte ihn und \u00f6ffnete sein Herz f\u00fcr einen unersch\u00fctterlichen Glauben an die Vorsehung Gottes, was ihn nicht nur zu einem gro\u00dfen Gr\u00fcnder, sondern auch zu einem Vater und Erzieher vieler Seelen machte.<\/p>\n<p><strong>Wenn wir diesen Ort besuchen, sind wir daher eingeladen, \u00fcber unsere eigene Herkunft und unser eigenes Leben nachzudenken.<\/strong> Auch wir tragen in unserer Geschichte den Ort unserer Geburt und das \u201eUmfeld\u201c, in dem wir leben. Eltern, Geschwister, Gro\u00dfeltern, Verwandte, Nachbarn! Wir k\u00f6nnen sagen: \u201eunsere verborgenen Jahre\u201c!<\/p>\n<p>Pater Kentenich l\u00e4dt uns heute in besonderer Weise ein, unser Leben durch die \u201eBrille der g\u00f6ttlichen Vorsehung\u201c zu betrachten. Halten wir einen Moment inne und denken wir nach: Famili\u00e4re Situationen, famili\u00e4re \u201eBelastungen\u201c, verletzte Gef\u00fchle&#8230; welche Spuren haben sie in meinem Leben hinterlassen? Wie lebe ich mit diesen \u201eSpuren\u201c? Kann ich in diesen \u201eSpuren\u201c &#8211; oder vielleicht Wunden &#8211; die Liebe und den Plan Gottes f\u00fcr mein Leben entdecken? Und was machen wir mit all dem? Wir k\u00f6nnen nicht \u00e4ndern, was wir nicht akzeptieren oder was uns in unserem Leben verletzt, aber wir k\u00f6nnen lernen, Gott in dem zu finden, was uns verletzt und Spuren hinterl\u00e4sst. Das ist keine \u201eZauberl\u00f6sung\u201c, und das sollte es auch nicht sein! Aber es ist ein Weg, der uns hilft, eine viel pers\u00f6nlichere und intimere Beziehung mit dem \u201eGott des Lebens\u201c zu haben.<\/p>\n<h3>Der Garten des Hauses: ein Zeichen f\u00fcr den Kampf ums Leben<\/h3>\n<p><img decoding=\"async\" class=\"aligncenter wp-image-33574 size-full\" src=\"https:\/\/schoenstatt.com\/wp-content\/uploads\/2023\/11\/jardim-gymnich.png\" alt=\"\" width=\"700\" height=\"553\" \/><\/p>\n<p>In dem kleinen Garten hinter dem Haus steht ein Bildstock, der 2007 eingeweiht wurde: ein Reliefbild der Dreimal Wunderbaren Mutter, K\u00f6nigin und Siegerin von Sch\u00f6nstatt und ein Symbol am Fu\u00df einer Steins\u00e4ule. Dieses Symbol stellt eine aufnehmende Hand dar, auf der ein neugeborenes Kind ruht. Es will die Hand des Vatergottes ausdr\u00fccken, der das Leben Pater Kentenichs lenkte und leitete, die Hand seiner Mutter Katharina, die dieses Kind unter schwierigen Umst\u00e4nden annahm und aufnahm. Sie steht aber auch f\u00fcr unsere Hand, die aufgerufen ist, jedes Leben, auch das eigene, anzunehmen und zu bejahen, besonders dann, wenn es Schutz und Hilfe zur Entwicklung braucht.<\/p>\n<h3>Mutterkirche, wo die Tr\u00e4ume beginnen<\/h3>\n<p><img loading=\"lazy\" decoding=\"async\" class=\"aligncenter wp-image-33578 \" src=\"https:\/\/schoenstatt.com\/wp-content\/uploads\/2023\/11\/gymnich.jpg\" alt=\"\" width=\"940\" height=\"529\" \/><\/p>\n<p>Zur Umgebung des kleinen Josef geh\u00f6rte die Pfarrkirche St. Kunibert. Hier versammelte sich die Familie zur Eucharistiefeier und zum pers\u00f6nlichen Gebet. Hier wurde er auch am 19. November getauft, und das Taufbecken, das wir heute in der Kirche finden, ist dasselbe wie das, in dem er getauft wurde. Die urspr\u00fcngliche Leiter und die Kanzel, auf der der kleine Josef, fast sechs Jahre alt, drei Stufen \u00fcber seine Spielkameraden kletterte und allen Ernstes sagte: <em>\u201eWenn ich gro\u00df bin, werde ich Priester und dann werde ich so sprechen: \u201aErgebene Zuh\u00f6rer&#8230;. Amen!\u2018 Was dazwischen liegt, wei\u00df ich noch nicht. Das muss ich erst lernen.\u201c<\/em> Sicherlich konnte damals niemand ahnen, dass sein Kindheitstraum von einer Berufung einmal in Erf\u00fcllung gehen w\u00fcrde und dass Josef, wie Pater Josef Kentenich, schon in jungen Jahren seine Predigten mit den Worten \u201eAnd\u00e4chtige H\u00f6rer\u201c einleiten w\u00fcrde.<\/p>\n<h2>Auf der Suche nach den Urspr\u00fcngen<\/h2>\n<p><img loading=\"lazy\" decoding=\"async\" class=\"aligncenter wp-image-33582 size-full\" src=\"https:\/\/schoenstatt.com\/wp-content\/uploads\/2023\/11\/cavalgada-gymnich.png\" alt=\"\" width=\"700\" height=\"350\" \/><\/p>\n<p>Josef war zweifellos von der Tradition des Gymnicher Reiterzuges beeindruckt. Diese allj\u00e4hrlich am Fest Christi Himmelfahrt stattfindende Reiterprozession steht im Zusammenhang mit dem F\u00fcnften Kreuzzug zu Beginn des 13. Jahrhunderts, als der Ritter Arnold I. von Gymnich den besonderen Schutz Gottes vor t\u00f6dlichen Gefahren erfuhr und aus Dankbarkeit versprach, jedes Jahr eine Reiterprozession abzuhalten. Diese Tradition wurde auch in den kritischen Jahren der Kriege beibehalten und nur w\u00e4hrend des Drei\u00dfigj\u00e4hrigen Krieges und im Pestjahr 1666 unterbrochen.<\/p>\n<p>Und der Besuch kann weitergehen&#8230;. Es gibt viel zu sehen und nachzudenken in dem kleinen Gymnich&#8230;. Ein Besuch, der vor allem durch die Lekt\u00fcre des Buches \u201eDie verborgenen Jahre\u201c vertieft werden kann! [1]<\/p>\n<p>Pater Kentenich war ein Mensch, der eine tiefe Sehnsucht nach Freiheit in seinem Herzen hatte. Eine Freiheit, die viel gr\u00f6\u00dfer ist als das Fehlen \u00e4u\u00dferer Fesseln oder Gitter: eine Freiheit, die nach innen schaut, die den freien Menschen in sich sucht: die Freiheit der Kinder Gottes. Bei diesem \u201eBesuch in Gymnich\u201c fragt er jeden von uns: Willst auch du frei sein? Suchen Sie die Gegenwart Gottes in Ihrer pers\u00f6nlichen Geschichte. In jedem Ereignis. Und gib nicht eher Ruhe, bis du Gottes pers\u00f6nliche Liebe in den Ereignissen entdeckt hast, im Guten wie im Schlechten, im Gl\u00fccklichen wie im Traurigen und sogar in der S\u00fcnde.<\/p>\n<p>Dieser Besuch lohnt sich &#8211; und er kann Ihr Leben ver\u00e4ndern!<\/p>\n<p>[1] Buch: Die verborgenen Jahre &#8211; Pater Josef Kentenich: Kindheit und Jugend (1885-1910). Dorothea M. Schlickmann.<\/p>\n<p>Quelle: Schoenstatt Brasilien &#8211; <a href=\"https:\/\/schoenstatt.org.br\/\" target=\"_blank\" rel=\"noopener\">schoenstatt.org.br<\/a><\/p>\n","protected":false},"excerpt":{"rendered":"<p>Jeder von uns ist von dem Ort gepr\u00e4gt, an dem er geboren wurde und aufgewachsen ist. Die Familie, die Nachbarn, das Viertel&#8230; jedes Element, das die Tage unserer Kindheit ausmacht, tr\u00e4gt dazu bei, uns zu formen. Am Geburtstag von Pater Josef Kentenich werfen wir einen Blick auf die Orte, die die Geburt und das Leben des Sch\u00f6nstattgr\u00fcnders gepr\u00e4gt haben. Zugleich m\u00f6chten wir Sie einladen, \u00fcber seine Herkunft nachzudenken und der Liebe Gottes in Ihrer pers\u00f6nlichen Geschichte zu begegnen.<\/p>\n","protected":false},"author":3,"featured_media":33598,"comment_status":"closed","ping_status":"closed","sticky":false,"template":"","format":"standard","meta":{"footnotes":""},"categories":[878],"tags":[],"class_list":["post-33606","post","type-post","status-publish","format-standard","has-post-thumbnail","hentry","category-p-josef-kentenich-de"],"yoast_head":"<!-- This site is optimized with the Yoast SEO Premium plugin v27.4 (Yoast SEO v27.4) - https:\/\/yoast.com\/product\/yoast-seo-premium-wordpress\/ -->\n<title>Ein Besuch in Gymnich, einem Ort der Verwandlung - Gehen wir zusammen?<\/title>\n<meta name=\"description\" content=\"Kennenlernen der Orte, die die Geburt und Kindheit des Sch\u00f6nstattgr\u00fcnders, Pater Josef Kentenich, in Gymnich gepr\u00e4gt haben.\" \/>\n<meta name=\"robots\" content=\"index, follow, max-snippet:-1, max-image-preview:large, max-video-preview:-1\" \/>\n<link rel=\"canonical\" href=\"https:\/\/schoenstatt.com\/de\/ein-besuch-in-gymnich-einem-ort-der-verwandlung-gehen-wir-zusammen\/\" \/>\n<meta property=\"og:locale\" content=\"de_DE\" \/>\n<meta property=\"og:type\" content=\"article\" \/>\n<meta property=\"og:title\" content=\"Ein Besuch in Gymnich, einem Ort der Verwandlung - Gehen wir zusammen?\" \/>\n<meta property=\"og:description\" content=\"Kennenlernen der Orte, die die Geburt und Kindheit des Sch\u00f6nstattgr\u00fcnders, Pater Josef Kentenich, in Gymnich gepr\u00e4gt haben.\" \/>\n<meta property=\"og:url\" content=\"https:\/\/schoenstatt.com\/de\/ein-besuch-in-gymnich-einem-ort-der-verwandlung-gehen-wir-zusammen\/\" \/>\n<meta property=\"og:site_name\" content=\"Schoenstatt\" \/>\n<meta property=\"article:published_time\" content=\"2023-11-16T05:34:19+00:00\" \/>\n<meta property=\"article:modified_time\" content=\"2025-05-15T18:00:50+00:00\" \/>\n<meta property=\"og:image\" content=\"https:\/\/schoenstatt.com\/wp-content\/uploads\/2023\/11\/Gymnich_kirche_3-1.jpg\" \/>\n\t<meta property=\"og:image:width\" content=\"2048\" \/>\n\t<meta property=\"og:image:height\" content=\"1156\" \/>\n\t<meta property=\"og:image:type\" content=\"image\/jpeg\" \/>\n<meta name=\"author\" content=\"Karen Bueno\" \/>\n<meta name=\"twitter:card\" content=\"summary_large_image\" \/>\n<meta name=\"twitter:label1\" content=\"Verfasst von\" \/>\n\t<meta name=\"twitter:data1\" content=\"Karen Bueno\" \/>\n\t<meta name=\"twitter:label2\" content=\"Gesch\u00e4tzte Lesezeit\" \/>\n\t<meta name=\"twitter:data2\" content=\"7\u00a0Minuten\" \/>\n<script type=\"application\/ld+json\" class=\"yoast-schema-graph\">{\"@context\":\"https:\\\/\\\/schema.org\",\"@graph\":[{\"@type\":\"Article\",\"@id\":\"https:\\\/\\\/schoenstatt.com\\\/de\\\/ein-besuch-in-gymnich-einem-ort-der-verwandlung-gehen-wir-zusammen\\\/#article\",\"isPartOf\":{\"@id\":\"https:\\\/\\\/schoenstatt.com\\\/de\\\/ein-besuch-in-gymnich-einem-ort-der-verwandlung-gehen-wir-zusammen\\\/\"},\"author\":{\"name\":\"Karen Bueno\",\"@id\":\"https:\\\/\\\/schoenstatt.com\\\/de\\\/#\\\/schema\\\/person\\\/5158877ad4acae98b34daaeef2a1ce6e\"},\"headline\":\"Ein Besuch in Gymnich, einem Ort der Verwandlung &#8211; Gehen wir zusammen?\",\"datePublished\":\"2023-11-16T05:34:19+00:00\",\"dateModified\":\"2025-05-15T18:00:50+00:00\",\"mainEntityOfPage\":{\"@id\":\"https:\\\/\\\/schoenstatt.com\\\/de\\\/ein-besuch-in-gymnich-einem-ort-der-verwandlung-gehen-wir-zusammen\\\/\"},\"wordCount\":1272,\"publisher\":{\"@id\":\"https:\\\/\\\/schoenstatt.com\\\/de\\\/#organization\"},\"image\":{\"@id\":\"https:\\\/\\\/schoenstatt.com\\\/de\\\/ein-besuch-in-gymnich-einem-ort-der-verwandlung-gehen-wir-zusammen\\\/#primaryimage\"},\"thumbnailUrl\":\"https:\\\/\\\/schoenstatt.com\\\/wp-content\\\/uploads\\\/2023\\\/11\\\/Gymnich_kirche_3-1.jpg\",\"articleSection\":[\"P. Josef Kentenich\"],\"inLanguage\":\"de\"},{\"@type\":\"WebPage\",\"@id\":\"https:\\\/\\\/schoenstatt.com\\\/de\\\/ein-besuch-in-gymnich-einem-ort-der-verwandlung-gehen-wir-zusammen\\\/\",\"url\":\"https:\\\/\\\/schoenstatt.com\\\/de\\\/ein-besuch-in-gymnich-einem-ort-der-verwandlung-gehen-wir-zusammen\\\/\",\"name\":\"Ein Besuch in Gymnich, einem Ort der Verwandlung - Gehen wir zusammen?\",\"isPartOf\":{\"@id\":\"https:\\\/\\\/schoenstatt.com\\\/de\\\/#website\"},\"primaryImageOfPage\":{\"@id\":\"https:\\\/\\\/schoenstatt.com\\\/de\\\/ein-besuch-in-gymnich-einem-ort-der-verwandlung-gehen-wir-zusammen\\\/#primaryimage\"},\"image\":{\"@id\":\"https:\\\/\\\/schoenstatt.com\\\/de\\\/ein-besuch-in-gymnich-einem-ort-der-verwandlung-gehen-wir-zusammen\\\/#primaryimage\"},\"thumbnailUrl\":\"https:\\\/\\\/schoenstatt.com\\\/wp-content\\\/uploads\\\/2023\\\/11\\\/Gymnich_kirche_3-1.jpg\",\"datePublished\":\"2023-11-16T05:34:19+00:00\",\"dateModified\":\"2025-05-15T18:00:50+00:00\",\"description\":\"Kennenlernen der Orte, die die Geburt und Kindheit des Sch\u00f6nstattgr\u00fcnders, Pater Josef Kentenich, in Gymnich gepr\u00e4gt haben.\",\"breadcrumb\":{\"@id\":\"https:\\\/\\\/schoenstatt.com\\\/de\\\/ein-besuch-in-gymnich-einem-ort-der-verwandlung-gehen-wir-zusammen\\\/#breadcrumb\"},\"inLanguage\":\"de\",\"potentialAction\":[{\"@type\":\"ReadAction\",\"target\":[\"https:\\\/\\\/schoenstatt.com\\\/de\\\/ein-besuch-in-gymnich-einem-ort-der-verwandlung-gehen-wir-zusammen\\\/\"]}]},{\"@type\":\"ImageObject\",\"inLanguage\":\"de\",\"@id\":\"https:\\\/\\\/schoenstatt.com\\\/de\\\/ein-besuch-in-gymnich-einem-ort-der-verwandlung-gehen-wir-zusammen\\\/#primaryimage\",\"url\":\"https:\\\/\\\/schoenstatt.com\\\/wp-content\\\/uploads\\\/2023\\\/11\\\/Gymnich_kirche_3-1.jpg\",\"contentUrl\":\"https:\\\/\\\/schoenstatt.com\\\/wp-content\\\/uploads\\\/2023\\\/11\\\/Gymnich_kirche_3-1.jpg\",\"width\":2048,\"height\":1156},{\"@type\":\"BreadcrumbList\",\"@id\":\"https:\\\/\\\/schoenstatt.com\\\/de\\\/ein-besuch-in-gymnich-einem-ort-der-verwandlung-gehen-wir-zusammen\\\/#breadcrumb\",\"itemListElement\":[{\"@type\":\"ListItem\",\"position\":1,\"name\":\"Portada\",\"item\":\"https:\\\/\\\/schoenstatt.com\\\/de\\\/home\\\/\"},{\"@type\":\"ListItem\",\"position\":2,\"name\":\"Ein Besuch in Gymnich, einem Ort der Verwandlung &#8211; Gehen wir zusammen?\"}]},{\"@type\":\"WebSite\",\"@id\":\"https:\\\/\\\/schoenstatt.com\\\/de\\\/#website\",\"url\":\"https:\\\/\\\/schoenstatt.com\\\/de\\\/\",\"name\":\"Schoenstatt\",\"description\":\"Apostolic Movement\",\"publisher\":{\"@id\":\"https:\\\/\\\/schoenstatt.com\\\/de\\\/#organization\"},\"potentialAction\":[{\"@type\":\"SearchAction\",\"target\":{\"@type\":\"EntryPoint\",\"urlTemplate\":\"https:\\\/\\\/schoenstatt.com\\\/de\\\/?s={search_term_string}\"},\"query-input\":{\"@type\":\"PropertyValueSpecification\",\"valueRequired\":true,\"valueName\":\"search_term_string\"}}],\"inLanguage\":\"de\"},{\"@type\":\"Organization\",\"@id\":\"https:\\\/\\\/schoenstatt.com\\\/de\\\/#organization\",\"name\":\"Schoenstatt\",\"url\":\"https:\\\/\\\/schoenstatt.com\\\/de\\\/\",\"logo\":{\"@type\":\"ImageObject\",\"inLanguage\":\"de\",\"@id\":\"https:\\\/\\\/schoenstatt.com\\\/de\\\/#\\\/schema\\\/logo\\\/image\\\/\",\"url\":\"https:\\\/\\\/schoenstatt.com\\\/wp-content\\\/uploads\\\/2025\\\/04\\\/logo-schoenstatt-white-696x696-1.png\",\"contentUrl\":\"https:\\\/\\\/schoenstatt.com\\\/wp-content\\\/uploads\\\/2025\\\/04\\\/logo-schoenstatt-white-696x696-1.png\",\"width\":696,\"height\":694,\"caption\":\"Schoenstatt\"},\"image\":{\"@id\":\"https:\\\/\\\/schoenstatt.com\\\/de\\\/#\\\/schema\\\/logo\\\/image\\\/\"}},{\"@type\":\"Person\",\"@id\":\"https:\\\/\\\/schoenstatt.com\\\/de\\\/#\\\/schema\\\/person\\\/5158877ad4acae98b34daaeef2a1ce6e\",\"name\":\"Karen Bueno\",\"image\":{\"@type\":\"ImageObject\",\"inLanguage\":\"de\",\"@id\":\"https:\\\/\\\/secure.gravatar.com\\\/avatar\\\/f9f4b823873154269d2b2130f195f6d41037dd0d7fc5f3cacb5c846bae70d66b?s=96&d=mm&r=g\",\"url\":\"https:\\\/\\\/secure.gravatar.com\\\/avatar\\\/f9f4b823873154269d2b2130f195f6d41037dd0d7fc5f3cacb5c846bae70d66b?s=96&d=mm&r=g\",\"contentUrl\":\"https:\\\/\\\/secure.gravatar.com\\\/avatar\\\/f9f4b823873154269d2b2130f195f6d41037dd0d7fc5f3cacb5c846bae70d66b?s=96&d=mm&r=g\",\"caption\":\"Karen Bueno\"},\"url\":\"https:\\\/\\\/schoenstatt.com\\\/de\\\/author\\\/karen-bueno\\\/\"}]}<\/script>\n<!-- \/ Yoast SEO Premium plugin. -->","yoast_head_json":{"title":"Ein Besuch in Gymnich, einem Ort der Verwandlung - Gehen wir zusammen?","description":"Kennenlernen der Orte, die die Geburt und Kindheit des Sch\u00f6nstattgr\u00fcnders, Pater Josef Kentenich, in Gymnich gepr\u00e4gt haben.","robots":{"index":"index","follow":"follow","max-snippet":"max-snippet:-1","max-image-preview":"max-image-preview:large","max-video-preview":"max-video-preview:-1"},"canonical":"https:\/\/schoenstatt.com\/de\/ein-besuch-in-gymnich-einem-ort-der-verwandlung-gehen-wir-zusammen\/","og_locale":"de_DE","og_type":"article","og_title":"Ein Besuch in Gymnich, einem Ort der Verwandlung - Gehen wir zusammen?","og_description":"Kennenlernen der Orte, die die Geburt und Kindheit des Sch\u00f6nstattgr\u00fcnders, Pater Josef Kentenich, in Gymnich gepr\u00e4gt haben.","og_url":"https:\/\/schoenstatt.com\/de\/ein-besuch-in-gymnich-einem-ort-der-verwandlung-gehen-wir-zusammen\/","og_site_name":"Schoenstatt","article_published_time":"2023-11-16T05:34:19+00:00","article_modified_time":"2025-05-15T18:00:50+00:00","og_image":[{"width":2048,"height":1156,"url":"https:\/\/schoenstatt.com\/wp-content\/uploads\/2023\/11\/Gymnich_kirche_3-1.jpg","type":"image\/jpeg"}],"author":"Karen Bueno","twitter_card":"summary_large_image","twitter_misc":{"Verfasst von":"Karen Bueno","Gesch\u00e4tzte Lesezeit":"7\u00a0Minuten"},"schema":{"@context":"https:\/\/schema.org","@graph":[{"@type":"Article","@id":"https:\/\/schoenstatt.com\/de\/ein-besuch-in-gymnich-einem-ort-der-verwandlung-gehen-wir-zusammen\/#article","isPartOf":{"@id":"https:\/\/schoenstatt.com\/de\/ein-besuch-in-gymnich-einem-ort-der-verwandlung-gehen-wir-zusammen\/"},"author":{"name":"Karen Bueno","@id":"https:\/\/schoenstatt.com\/de\/#\/schema\/person\/5158877ad4acae98b34daaeef2a1ce6e"},"headline":"Ein Besuch in Gymnich, einem Ort der Verwandlung &#8211; Gehen wir zusammen?","datePublished":"2023-11-16T05:34:19+00:00","dateModified":"2025-05-15T18:00:50+00:00","mainEntityOfPage":{"@id":"https:\/\/schoenstatt.com\/de\/ein-besuch-in-gymnich-einem-ort-der-verwandlung-gehen-wir-zusammen\/"},"wordCount":1272,"publisher":{"@id":"https:\/\/schoenstatt.com\/de\/#organization"},"image":{"@id":"https:\/\/schoenstatt.com\/de\/ein-besuch-in-gymnich-einem-ort-der-verwandlung-gehen-wir-zusammen\/#primaryimage"},"thumbnailUrl":"https:\/\/schoenstatt.com\/wp-content\/uploads\/2023\/11\/Gymnich_kirche_3-1.jpg","articleSection":["P. Josef Kentenich"],"inLanguage":"de"},{"@type":"WebPage","@id":"https:\/\/schoenstatt.com\/de\/ein-besuch-in-gymnich-einem-ort-der-verwandlung-gehen-wir-zusammen\/","url":"https:\/\/schoenstatt.com\/de\/ein-besuch-in-gymnich-einem-ort-der-verwandlung-gehen-wir-zusammen\/","name":"Ein Besuch in Gymnich, einem Ort der Verwandlung - Gehen wir zusammen?","isPartOf":{"@id":"https:\/\/schoenstatt.com\/de\/#website"},"primaryImageOfPage":{"@id":"https:\/\/schoenstatt.com\/de\/ein-besuch-in-gymnich-einem-ort-der-verwandlung-gehen-wir-zusammen\/#primaryimage"},"image":{"@id":"https:\/\/schoenstatt.com\/de\/ein-besuch-in-gymnich-einem-ort-der-verwandlung-gehen-wir-zusammen\/#primaryimage"},"thumbnailUrl":"https:\/\/schoenstatt.com\/wp-content\/uploads\/2023\/11\/Gymnich_kirche_3-1.jpg","datePublished":"2023-11-16T05:34:19+00:00","dateModified":"2025-05-15T18:00:50+00:00","description":"Kennenlernen der Orte, die die Geburt und Kindheit des Sch\u00f6nstattgr\u00fcnders, Pater Josef Kentenich, in Gymnich gepr\u00e4gt haben.","breadcrumb":{"@id":"https:\/\/schoenstatt.com\/de\/ein-besuch-in-gymnich-einem-ort-der-verwandlung-gehen-wir-zusammen\/#breadcrumb"},"inLanguage":"de","potentialAction":[{"@type":"ReadAction","target":["https:\/\/schoenstatt.com\/de\/ein-besuch-in-gymnich-einem-ort-der-verwandlung-gehen-wir-zusammen\/"]}]},{"@type":"ImageObject","inLanguage":"de","@id":"https:\/\/schoenstatt.com\/de\/ein-besuch-in-gymnich-einem-ort-der-verwandlung-gehen-wir-zusammen\/#primaryimage","url":"https:\/\/schoenstatt.com\/wp-content\/uploads\/2023\/11\/Gymnich_kirche_3-1.jpg","contentUrl":"https:\/\/schoenstatt.com\/wp-content\/uploads\/2023\/11\/Gymnich_kirche_3-1.jpg","width":2048,"height":1156},{"@type":"BreadcrumbList","@id":"https:\/\/schoenstatt.com\/de\/ein-besuch-in-gymnich-einem-ort-der-verwandlung-gehen-wir-zusammen\/#breadcrumb","itemListElement":[{"@type":"ListItem","position":1,"name":"Portada","item":"https:\/\/schoenstatt.com\/de\/home\/"},{"@type":"ListItem","position":2,"name":"Ein Besuch in Gymnich, einem Ort der Verwandlung &#8211; Gehen wir zusammen?"}]},{"@type":"WebSite","@id":"https:\/\/schoenstatt.com\/de\/#website","url":"https:\/\/schoenstatt.com\/de\/","name":"Schoenstatt","description":"Apostolic Movement","publisher":{"@id":"https:\/\/schoenstatt.com\/de\/#organization"},"potentialAction":[{"@type":"SearchAction","target":{"@type":"EntryPoint","urlTemplate":"https:\/\/schoenstatt.com\/de\/?s={search_term_string}"},"query-input":{"@type":"PropertyValueSpecification","valueRequired":true,"valueName":"search_term_string"}}],"inLanguage":"de"},{"@type":"Organization","@id":"https:\/\/schoenstatt.com\/de\/#organization","name":"Schoenstatt","url":"https:\/\/schoenstatt.com\/de\/","logo":{"@type":"ImageObject","inLanguage":"de","@id":"https:\/\/schoenstatt.com\/de\/#\/schema\/logo\/image\/","url":"https:\/\/schoenstatt.com\/wp-content\/uploads\/2025\/04\/logo-schoenstatt-white-696x696-1.png","contentUrl":"https:\/\/schoenstatt.com\/wp-content\/uploads\/2025\/04\/logo-schoenstatt-white-696x696-1.png","width":696,"height":694,"caption":"Schoenstatt"},"image":{"@id":"https:\/\/schoenstatt.com\/de\/#\/schema\/logo\/image\/"}},{"@type":"Person","@id":"https:\/\/schoenstatt.com\/de\/#\/schema\/person\/5158877ad4acae98b34daaeef2a1ce6e","name":"Karen Bueno","image":{"@type":"ImageObject","inLanguage":"de","@id":"https:\/\/secure.gravatar.com\/avatar\/f9f4b823873154269d2b2130f195f6d41037dd0d7fc5f3cacb5c846bae70d66b?s=96&d=mm&r=g","url":"https:\/\/secure.gravatar.com\/avatar\/f9f4b823873154269d2b2130f195f6d41037dd0d7fc5f3cacb5c846bae70d66b?s=96&d=mm&r=g","contentUrl":"https:\/\/secure.gravatar.com\/avatar\/f9f4b823873154269d2b2130f195f6d41037dd0d7fc5f3cacb5c846bae70d66b?s=96&d=mm&r=g","caption":"Karen Bueno"},"url":"https:\/\/schoenstatt.com\/de\/author\/karen-bueno\/"}]}},"_links":{"self":[{"href":"https:\/\/schoenstatt.com\/de\/wp-json\/wp\/v2\/posts\/33606","targetHints":{"allow":["GET"]}}],"collection":[{"href":"https:\/\/schoenstatt.com\/de\/wp-json\/wp\/v2\/posts"}],"about":[{"href":"https:\/\/schoenstatt.com\/de\/wp-json\/wp\/v2\/types\/post"}],"author":[{"embeddable":true,"href":"https:\/\/schoenstatt.com\/de\/wp-json\/wp\/v2\/users\/3"}],"replies":[{"embeddable":true,"href":"https:\/\/schoenstatt.com\/de\/wp-json\/wp\/v2\/comments?post=33606"}],"version-history":[{"count":1,"href":"https:\/\/schoenstatt.com\/de\/wp-json\/wp\/v2\/posts\/33606\/revisions"}],"predecessor-version":[{"id":46466,"href":"https:\/\/schoenstatt.com\/de\/wp-json\/wp\/v2\/posts\/33606\/revisions\/46466"}],"wp:featuredmedia":[{"embeddable":true,"href":"https:\/\/schoenstatt.com\/de\/wp-json\/wp\/v2\/media\/33598"}],"wp:attachment":[{"href":"https:\/\/schoenstatt.com\/de\/wp-json\/wp\/v2\/media?parent=33606"}],"wp:term":[{"taxonomy":"category","embeddable":true,"href":"https:\/\/schoenstatt.com\/de\/wp-json\/wp\/v2\/categories?post=33606"},{"taxonomy":"post_tag","embeddable":true,"href":"https:\/\/schoenstatt.com\/de\/wp-json\/wp\/v2\/tags?post=33606"}],"curies":[{"name":"wp","href":"https:\/\/api.w.org\/{rel}","templated":true}]}}