{"id":33361,"date":"2023-11-02T06:23:35","date_gmt":"2023-11-02T05:23:35","guid":{"rendered":"https:\/\/schoenstatt.com\/?p=33361"},"modified":"2025-05-15T20:36:38","modified_gmt":"2025-05-15T18:36:38","slug":"haben-sie-jemals-uber-ihren-tod-nachgedacht","status":"publish","type":"post","link":"https:\/\/schoenstatt.com\/de\/haben-sie-jemals-uber-ihren-tod-nachgedacht\/","title":{"rendered":"Haben Sie jemals \u00fcber Ihren Tod nachgedacht?"},"content":{"rendered":"<p>Leid und Freud\u2018 liegen im Leben manchmal nahe beieinander. Wir haben das erlebt, als unsere \u00e4lteste Tochter heiratete. Wenige Tage zuvor war meine (Klaus) Mutter gestorben; sie hatte sich sehr auf dieses Fest gefreut. Bei der Hochzeitsfeier wurden die G\u00e4ste aus nah und fern namentlich benannt. Zum Abschluss der Vorstellung verwies das Hochzeitspaar auf zwei gro\u00dfformatige Fotos: Eines zeigte den Gro\u00dfvater unseres Schwiegersohnes, der einige Monate zuvor gestorben war, das andere meine Mutter. Die beiden sagten, \u201edass die Oma und der Opa vom Himmel aus mitfeiern\u201c w\u00fcrden. Wir laden Sie als Christen ein, mit unseren lieben Verstorbenen verbunden zu bleiben.<\/p>\n<p>Gegen Ende jeden Jahres werden wir mit der Tatsache konfrontiert, dass der Tod zum Leben geh\u00f6rt. Am 1. November feiern die Katholiken Allerheiligen. Einen Tag sp\u00e4ter, an Allerseelen, besuchen viele die Gr\u00e4ber ihrer verstorbenen Verwandten. Ende des Monats begehen die evangelischen Kirchen den Totensonntag. Der letzte Sonntag im Kirchenjahr wird auch als Ewigkeitssonntag bezeichnet, denn wir hoffen auf die Wiederkunft des Herrn und das ewige Leben.<\/p>\n<h2>In der Welt zuhause und im Himmel daheim zu sein<\/h2>\n<p>Wenn wir uns mit dem Tod von Verwandten oder Freunden konfrontiert sehen, l\u00f6st das ein mulmiges Gef\u00fchl aus, weil Gedanken an den eigenen Tod aktiviert werden. Das Wissen um die Sterblichkeit bezeichnen einige US-amerikanische Psychologen als den \u201eWurm in unserem Herzen\u201c. Mit zunehmendem Alter macht der uns das Leben zunehmend madig. Manche Menschen hoffen, vor ihrem Partner zu sterben, denn sie k\u00f6nnen zum einen den Trauer-Schmerz nicht gut ertragen, zum anderen f\u00e4llt es ihnen schwer, alleine zu leben.<\/p>\n<p>Die Christen der ersten Jahrhunderte glaubten, dass sie im Himmel lediglich den lieben Gott sehen w\u00fcrden. Die ewige Gl\u00fcckseligkeit w\u00fcrde allein aus der \u201eAnschauung Gottes\u201c bestehen. Die Verstorbenen w\u00fcrden vor Gott stehen und diesen ohne Ende \u201eschauen und lieben, lieben und loben\u201c. Das lehrte Augustinus (* 354, \u2020 430 n. Chr.). Im Laufe seines Lebens entwickelte der Kirchenvater zus\u00e4tzlich die Lehre vom Wiedersehen im Himmel.<\/p>\n<p>Als der Ehemann der adeligen R\u00f6merin Italica im Jahr 408 n. Chr. starb, schrieb Augustinus ihr einen Brief. Er tr\u00f6stete die Witwe mit den Worten:<em> \u201eUnsere Lieben, die dieses Leben verlassen haben, sind uns nicht verloren; wir haben sie nur vorausgeschickt. Aufgrund der festen Verhei\u00dfung Gottes d\u00fcrfen auch wir hoffen, einst in jenes Leben einzutreten, in welchem wir sie um so mehr lieben werden, je besser wir sie kennen, und wo wir sie lieben werden ohne Furcht vor dem Scheiden.\u201c<\/em><\/p>\n<p>Wir m\u00f6chten Euch einladen, dieses Lebensgef\u00fchl zu entwickeln: In der Welt zuhause und im Himmel daheim zu sein. Der Apostel Paulus schreibt: <em>\u201eUnsere Heimat aber ist der Himmel. Von dorther erwarten wir auch Jesus Christus, den Herrn, als Retter, der unseren armseligen Leib verwandeln wird in die Gestalt seines verherrlichten Leibes&#8230;\u201c<\/em> (Phil 2, 20).<\/p>\n<p><em>\u201eWir haben als Christen die Pflicht, zu sorgen, dass die Erde ein St\u00fcck Himmel wird\u201c,<\/em> Josef Kentenich.<\/p>\n<h3>In der Familie: Schwierige, aber notwendige Gespr\u00e4che<\/h3>\n<ul>\n<li>Sprecht, dar\u00fcber, wie und wo ihr beerdigt werden wollt.<\/li>\n<li>Welchen Spruch in der Traueranzeige w\u00fcnschst Du Dir?<\/li>\n<li>Sollen die Trauerg\u00e4ste in schwarz oder bunt kommen?<\/li>\n<li>Welche Lieder sollen im Trauergottesdienst gesungen werden?<\/li>\n<li>Wo m\u00f6chten Sie begraben werden?<\/li>\n<li>Soll es eine Erd- oder Feuerbestattung sein?<\/li>\n<li>Und: Wie sieht das Leben nach dem Tod f\u00fcr Euch aus?<br \/>\nTauscht Euch dar\u00fcber aus.<\/li>\n<\/ul>\n<h3>F\u00fcr unser Leben mit Gott<\/h3>\n<p><strong>Wir beten gemeinsam:<\/strong> <em>Heiliger Geist, Du verl\u00e4sst unsere Seele nicht. Auch nicht, wenn unser irdisches Leben zu Ende geht. Die Gemeinschaft mit Dir bleibt bestehen. Es ist tr\u00f6stlich zu glauben, dass wir in Deiner Liebe bleiben. Segne uns und alle Verwandten und Freunde, mit denen wir uns verbunden f\u00fchlen. Und schenke unseren lieben Verstorbenen das ewige Leben bei Dir. Amen.<\/em><\/p>\n<ul>\n<li><a href=\"https:\/\/www.schoenstatt.de\/de\/uploads\/2023-news\/ehenewsletter\/20231018EheNewsletter_130WEB_MitVerstorbenenVerbundenLeben.pdf\" target=\"_blank\" rel=\"noopener\">Wir Zwei PDF<\/a><\/li>\n<\/ul>\n","protected":false},"excerpt":{"rendered":"<p>Der deutsche Newsletter \u201eWir zwei\u201c, der sich an Paare richtet, bietet eine Reflexion \u00fcber die Zeit des Todes. Der Text richtet sich an alle Familien. Einige \u00dcberlegungen zum Tod sind kompliziert, aber notwendig und wichtig.<\/p>\n","protected":false},"author":3,"featured_media":33355,"comment_status":"closed","ping_status":"closed","sticky":false,"template":"","format":"standard","meta":{"footnotes":""},"categories":[914],"tags":[],"class_list":["post-33361","post","type-post","status-publish","format-standard","has-post-thumbnail","hentry","category-spiritualitat-de"],"yoast_head":"<!-- This site is optimized with the Yoast SEO Premium plugin v27.4 (Yoast SEO v27.4) - https:\/\/yoast.com\/product\/yoast-seo-premium-wordpress\/ -->\n<title>Haben Sie jemals \u00fcber Ihren Tod nachgedacht? - Schoenstatt<\/title>\n<meta name=\"description\" content=\"Einige \u00dcberlegungen zum Tod sind kompliziert, aber notwendig und wichtig. Hier sind einige Fragen zu diesem Thema.\" \/>\n<meta name=\"robots\" content=\"index, follow, max-snippet:-1, max-image-preview:large, max-video-preview:-1\" \/>\n<link rel=\"canonical\" href=\"https:\/\/schoenstatt.com\/de\/haben-sie-jemals-uber-ihren-tod-nachgedacht\/\" \/>\n<meta property=\"og:locale\" content=\"de_DE\" \/>\n<meta property=\"og:type\" content=\"article\" \/>\n<meta property=\"og:title\" content=\"Haben Sie jemals \u00fcber Ihren Tod nachgedacht?\" \/>\n<meta property=\"og:description\" content=\"Einige \u00dcberlegungen zum Tod sind kompliziert, aber notwendig und wichtig. Hier sind einige Fragen zu diesem Thema.\" \/>\n<meta property=\"og:url\" content=\"https:\/\/schoenstatt.com\/de\/haben-sie-jemals-uber-ihren-tod-nachgedacht\/\" \/>\n<meta property=\"og:site_name\" content=\"Schoenstatt\" \/>\n<meta property=\"article:published_time\" content=\"2023-11-02T05:23:35+00:00\" \/>\n<meta property=\"article:modified_time\" content=\"2025-05-15T18:36:38+00:00\" \/>\n<meta property=\"og:image\" content=\"https:\/\/schoenstatt.com\/wp-content\/uploads\/2023\/11\/cemitery-die-1.jpg\" \/>\n\t<meta property=\"og:image:width\" content=\"2048\" \/>\n\t<meta property=\"og:image:height\" content=\"1365\" \/>\n\t<meta property=\"og:image:type\" content=\"image\/jpeg\" \/>\n<meta name=\"author\" content=\"Karen Bueno\" \/>\n<meta name=\"twitter:card\" content=\"summary_large_image\" \/>\n<meta name=\"twitter:label1\" content=\"Verfasst von\" \/>\n\t<meta name=\"twitter:data1\" content=\"Karen Bueno\" \/>\n\t<meta name=\"twitter:label2\" content=\"Gesch\u00e4tzte Lesezeit\" \/>\n\t<meta name=\"twitter:data2\" content=\"3\u00a0Minuten\" \/>\n<script type=\"application\/ld+json\" class=\"yoast-schema-graph\">{\"@context\":\"https:\\\/\\\/schema.org\",\"@graph\":[{\"@type\":\"Article\",\"@id\":\"https:\\\/\\\/schoenstatt.com\\\/de\\\/haben-sie-jemals-uber-ihren-tod-nachgedacht\\\/#article\",\"isPartOf\":{\"@id\":\"https:\\\/\\\/schoenstatt.com\\\/de\\\/haben-sie-jemals-uber-ihren-tod-nachgedacht\\\/\"},\"author\":{\"name\":\"Karen Bueno\",\"@id\":\"https:\\\/\\\/schoenstatt.com\\\/de\\\/#\\\/schema\\\/person\\\/5158877ad4acae98b34daaeef2a1ce6e\"},\"headline\":\"Haben Sie jemals \u00fcber Ihren Tod nachgedacht?\",\"datePublished\":\"2023-11-02T05:23:35+00:00\",\"dateModified\":\"2025-05-15T18:36:38+00:00\",\"mainEntityOfPage\":{\"@id\":\"https:\\\/\\\/schoenstatt.com\\\/de\\\/haben-sie-jemals-uber-ihren-tod-nachgedacht\\\/\"},\"wordCount\":637,\"publisher\":{\"@id\":\"https:\\\/\\\/schoenstatt.com\\\/de\\\/#organization\"},\"image\":{\"@id\":\"https:\\\/\\\/schoenstatt.com\\\/de\\\/haben-sie-jemals-uber-ihren-tod-nachgedacht\\\/#primaryimage\"},\"thumbnailUrl\":\"https:\\\/\\\/schoenstatt.com\\\/wp-content\\\/uploads\\\/2023\\\/11\\\/cemitery-die-1.jpg\",\"articleSection\":[\"Spiritualit\u00e4t\"],\"inLanguage\":\"de\"},{\"@type\":\"WebPage\",\"@id\":\"https:\\\/\\\/schoenstatt.com\\\/de\\\/haben-sie-jemals-uber-ihren-tod-nachgedacht\\\/\",\"url\":\"https:\\\/\\\/schoenstatt.com\\\/de\\\/haben-sie-jemals-uber-ihren-tod-nachgedacht\\\/\",\"name\":\"Haben Sie jemals \u00fcber Ihren Tod nachgedacht? - Schoenstatt\",\"isPartOf\":{\"@id\":\"https:\\\/\\\/schoenstatt.com\\\/de\\\/#website\"},\"primaryImageOfPage\":{\"@id\":\"https:\\\/\\\/schoenstatt.com\\\/de\\\/haben-sie-jemals-uber-ihren-tod-nachgedacht\\\/#primaryimage\"},\"image\":{\"@id\":\"https:\\\/\\\/schoenstatt.com\\\/de\\\/haben-sie-jemals-uber-ihren-tod-nachgedacht\\\/#primaryimage\"},\"thumbnailUrl\":\"https:\\\/\\\/schoenstatt.com\\\/wp-content\\\/uploads\\\/2023\\\/11\\\/cemitery-die-1.jpg\",\"datePublished\":\"2023-11-02T05:23:35+00:00\",\"dateModified\":\"2025-05-15T18:36:38+00:00\",\"description\":\"Einige \u00dcberlegungen zum Tod sind kompliziert, aber notwendig und wichtig. Hier sind einige Fragen zu diesem Thema.\",\"breadcrumb\":{\"@id\":\"https:\\\/\\\/schoenstatt.com\\\/de\\\/haben-sie-jemals-uber-ihren-tod-nachgedacht\\\/#breadcrumb\"},\"inLanguage\":\"de\",\"potentialAction\":[{\"@type\":\"ReadAction\",\"target\":[\"https:\\\/\\\/schoenstatt.com\\\/de\\\/haben-sie-jemals-uber-ihren-tod-nachgedacht\\\/\"]}]},{\"@type\":\"ImageObject\",\"inLanguage\":\"de\",\"@id\":\"https:\\\/\\\/schoenstatt.com\\\/de\\\/haben-sie-jemals-uber-ihren-tod-nachgedacht\\\/#primaryimage\",\"url\":\"https:\\\/\\\/schoenstatt.com\\\/wp-content\\\/uploads\\\/2023\\\/11\\\/cemitery-die-1.jpg\",\"contentUrl\":\"https:\\\/\\\/schoenstatt.com\\\/wp-content\\\/uploads\\\/2023\\\/11\\\/cemitery-die-1.jpg\",\"width\":2048,\"height\":1365},{\"@type\":\"BreadcrumbList\",\"@id\":\"https:\\\/\\\/schoenstatt.com\\\/de\\\/haben-sie-jemals-uber-ihren-tod-nachgedacht\\\/#breadcrumb\",\"itemListElement\":[{\"@type\":\"ListItem\",\"position\":1,\"name\":\"Portada\",\"item\":\"https:\\\/\\\/schoenstatt.com\\\/de\\\/home\\\/\"},{\"@type\":\"ListItem\",\"position\":2,\"name\":\"Haben Sie jemals \u00fcber Ihren Tod nachgedacht?\"}]},{\"@type\":\"WebSite\",\"@id\":\"https:\\\/\\\/schoenstatt.com\\\/de\\\/#website\",\"url\":\"https:\\\/\\\/schoenstatt.com\\\/de\\\/\",\"name\":\"Schoenstatt\",\"description\":\"Apostolic Movement\",\"publisher\":{\"@id\":\"https:\\\/\\\/schoenstatt.com\\\/de\\\/#organization\"},\"potentialAction\":[{\"@type\":\"SearchAction\",\"target\":{\"@type\":\"EntryPoint\",\"urlTemplate\":\"https:\\\/\\\/schoenstatt.com\\\/de\\\/?s={search_term_string}\"},\"query-input\":{\"@type\":\"PropertyValueSpecification\",\"valueRequired\":true,\"valueName\":\"search_term_string\"}}],\"inLanguage\":\"de\"},{\"@type\":\"Organization\",\"@id\":\"https:\\\/\\\/schoenstatt.com\\\/de\\\/#organization\",\"name\":\"Schoenstatt\",\"url\":\"https:\\\/\\\/schoenstatt.com\\\/de\\\/\",\"logo\":{\"@type\":\"ImageObject\",\"inLanguage\":\"de\",\"@id\":\"https:\\\/\\\/schoenstatt.com\\\/de\\\/#\\\/schema\\\/logo\\\/image\\\/\",\"url\":\"https:\\\/\\\/schoenstatt.com\\\/wp-content\\\/uploads\\\/2025\\\/04\\\/logo-schoenstatt-white-696x696-1.png\",\"contentUrl\":\"https:\\\/\\\/schoenstatt.com\\\/wp-content\\\/uploads\\\/2025\\\/04\\\/logo-schoenstatt-white-696x696-1.png\",\"width\":696,\"height\":694,\"caption\":\"Schoenstatt\"},\"image\":{\"@id\":\"https:\\\/\\\/schoenstatt.com\\\/de\\\/#\\\/schema\\\/logo\\\/image\\\/\"}},{\"@type\":\"Person\",\"@id\":\"https:\\\/\\\/schoenstatt.com\\\/de\\\/#\\\/schema\\\/person\\\/5158877ad4acae98b34daaeef2a1ce6e\",\"name\":\"Karen Bueno\",\"image\":{\"@type\":\"ImageObject\",\"inLanguage\":\"de\",\"@id\":\"https:\\\/\\\/secure.gravatar.com\\\/avatar\\\/f9f4b823873154269d2b2130f195f6d41037dd0d7fc5f3cacb5c846bae70d66b?s=96&d=mm&r=g\",\"url\":\"https:\\\/\\\/secure.gravatar.com\\\/avatar\\\/f9f4b823873154269d2b2130f195f6d41037dd0d7fc5f3cacb5c846bae70d66b?s=96&d=mm&r=g\",\"contentUrl\":\"https:\\\/\\\/secure.gravatar.com\\\/avatar\\\/f9f4b823873154269d2b2130f195f6d41037dd0d7fc5f3cacb5c846bae70d66b?s=96&d=mm&r=g\",\"caption\":\"Karen Bueno\"},\"url\":\"https:\\\/\\\/schoenstatt.com\\\/de\\\/author\\\/karen-bueno\\\/\"}]}<\/script>\n<!-- \/ Yoast SEO Premium plugin. -->","yoast_head_json":{"title":"Haben Sie jemals \u00fcber Ihren Tod nachgedacht? - Schoenstatt","description":"Einige \u00dcberlegungen zum Tod sind kompliziert, aber notwendig und wichtig. Hier sind einige Fragen zu diesem Thema.","robots":{"index":"index","follow":"follow","max-snippet":"max-snippet:-1","max-image-preview":"max-image-preview:large","max-video-preview":"max-video-preview:-1"},"canonical":"https:\/\/schoenstatt.com\/de\/haben-sie-jemals-uber-ihren-tod-nachgedacht\/","og_locale":"de_DE","og_type":"article","og_title":"Haben Sie jemals \u00fcber Ihren Tod nachgedacht?","og_description":"Einige \u00dcberlegungen zum Tod sind kompliziert, aber notwendig und wichtig. Hier sind einige Fragen zu diesem Thema.","og_url":"https:\/\/schoenstatt.com\/de\/haben-sie-jemals-uber-ihren-tod-nachgedacht\/","og_site_name":"Schoenstatt","article_published_time":"2023-11-02T05:23:35+00:00","article_modified_time":"2025-05-15T18:36:38+00:00","og_image":[{"url":"https:\/\/schoenstatt.com\/wp-content\/uploads\/2023\/11\/cemitery-die-1.jpg","width":2048,"height":1365,"type":"image\/jpeg"}],"author":"Karen Bueno","twitter_card":"summary_large_image","twitter_misc":{"Verfasst von":"Karen Bueno","Gesch\u00e4tzte Lesezeit":"3\u00a0Minuten"},"schema":{"@context":"https:\/\/schema.org","@graph":[{"@type":"Article","@id":"https:\/\/schoenstatt.com\/de\/haben-sie-jemals-uber-ihren-tod-nachgedacht\/#article","isPartOf":{"@id":"https:\/\/schoenstatt.com\/de\/haben-sie-jemals-uber-ihren-tod-nachgedacht\/"},"author":{"name":"Karen Bueno","@id":"https:\/\/schoenstatt.com\/de\/#\/schema\/person\/5158877ad4acae98b34daaeef2a1ce6e"},"headline":"Haben Sie jemals \u00fcber Ihren Tod nachgedacht?","datePublished":"2023-11-02T05:23:35+00:00","dateModified":"2025-05-15T18:36:38+00:00","mainEntityOfPage":{"@id":"https:\/\/schoenstatt.com\/de\/haben-sie-jemals-uber-ihren-tod-nachgedacht\/"},"wordCount":637,"publisher":{"@id":"https:\/\/schoenstatt.com\/de\/#organization"},"image":{"@id":"https:\/\/schoenstatt.com\/de\/haben-sie-jemals-uber-ihren-tod-nachgedacht\/#primaryimage"},"thumbnailUrl":"https:\/\/schoenstatt.com\/wp-content\/uploads\/2023\/11\/cemitery-die-1.jpg","articleSection":["Spiritualit\u00e4t"],"inLanguage":"de"},{"@type":"WebPage","@id":"https:\/\/schoenstatt.com\/de\/haben-sie-jemals-uber-ihren-tod-nachgedacht\/","url":"https:\/\/schoenstatt.com\/de\/haben-sie-jemals-uber-ihren-tod-nachgedacht\/","name":"Haben Sie jemals \u00fcber Ihren Tod nachgedacht? - Schoenstatt","isPartOf":{"@id":"https:\/\/schoenstatt.com\/de\/#website"},"primaryImageOfPage":{"@id":"https:\/\/schoenstatt.com\/de\/haben-sie-jemals-uber-ihren-tod-nachgedacht\/#primaryimage"},"image":{"@id":"https:\/\/schoenstatt.com\/de\/haben-sie-jemals-uber-ihren-tod-nachgedacht\/#primaryimage"},"thumbnailUrl":"https:\/\/schoenstatt.com\/wp-content\/uploads\/2023\/11\/cemitery-die-1.jpg","datePublished":"2023-11-02T05:23:35+00:00","dateModified":"2025-05-15T18:36:38+00:00","description":"Einige \u00dcberlegungen zum Tod sind kompliziert, aber notwendig und wichtig. Hier sind einige Fragen zu diesem Thema.","breadcrumb":{"@id":"https:\/\/schoenstatt.com\/de\/haben-sie-jemals-uber-ihren-tod-nachgedacht\/#breadcrumb"},"inLanguage":"de","potentialAction":[{"@type":"ReadAction","target":["https:\/\/schoenstatt.com\/de\/haben-sie-jemals-uber-ihren-tod-nachgedacht\/"]}]},{"@type":"ImageObject","inLanguage":"de","@id":"https:\/\/schoenstatt.com\/de\/haben-sie-jemals-uber-ihren-tod-nachgedacht\/#primaryimage","url":"https:\/\/schoenstatt.com\/wp-content\/uploads\/2023\/11\/cemitery-die-1.jpg","contentUrl":"https:\/\/schoenstatt.com\/wp-content\/uploads\/2023\/11\/cemitery-die-1.jpg","width":2048,"height":1365},{"@type":"BreadcrumbList","@id":"https:\/\/schoenstatt.com\/de\/haben-sie-jemals-uber-ihren-tod-nachgedacht\/#breadcrumb","itemListElement":[{"@type":"ListItem","position":1,"name":"Portada","item":"https:\/\/schoenstatt.com\/de\/home\/"},{"@type":"ListItem","position":2,"name":"Haben Sie jemals \u00fcber Ihren Tod nachgedacht?"}]},{"@type":"WebSite","@id":"https:\/\/schoenstatt.com\/de\/#website","url":"https:\/\/schoenstatt.com\/de\/","name":"Schoenstatt","description":"Apostolic Movement","publisher":{"@id":"https:\/\/schoenstatt.com\/de\/#organization"},"potentialAction":[{"@type":"SearchAction","target":{"@type":"EntryPoint","urlTemplate":"https:\/\/schoenstatt.com\/de\/?s={search_term_string}"},"query-input":{"@type":"PropertyValueSpecification","valueRequired":true,"valueName":"search_term_string"}}],"inLanguage":"de"},{"@type":"Organization","@id":"https:\/\/schoenstatt.com\/de\/#organization","name":"Schoenstatt","url":"https:\/\/schoenstatt.com\/de\/","logo":{"@type":"ImageObject","inLanguage":"de","@id":"https:\/\/schoenstatt.com\/de\/#\/schema\/logo\/image\/","url":"https:\/\/schoenstatt.com\/wp-content\/uploads\/2025\/04\/logo-schoenstatt-white-696x696-1.png","contentUrl":"https:\/\/schoenstatt.com\/wp-content\/uploads\/2025\/04\/logo-schoenstatt-white-696x696-1.png","width":696,"height":694,"caption":"Schoenstatt"},"image":{"@id":"https:\/\/schoenstatt.com\/de\/#\/schema\/logo\/image\/"}},{"@type":"Person","@id":"https:\/\/schoenstatt.com\/de\/#\/schema\/person\/5158877ad4acae98b34daaeef2a1ce6e","name":"Karen Bueno","image":{"@type":"ImageObject","inLanguage":"de","@id":"https:\/\/secure.gravatar.com\/avatar\/f9f4b823873154269d2b2130f195f6d41037dd0d7fc5f3cacb5c846bae70d66b?s=96&d=mm&r=g","url":"https:\/\/secure.gravatar.com\/avatar\/f9f4b823873154269d2b2130f195f6d41037dd0d7fc5f3cacb5c846bae70d66b?s=96&d=mm&r=g","contentUrl":"https:\/\/secure.gravatar.com\/avatar\/f9f4b823873154269d2b2130f195f6d41037dd0d7fc5f3cacb5c846bae70d66b?s=96&d=mm&r=g","caption":"Karen Bueno"},"url":"https:\/\/schoenstatt.com\/de\/author\/karen-bueno\/"}]}},"_links":{"self":[{"href":"https:\/\/schoenstatt.com\/de\/wp-json\/wp\/v2\/posts\/33361","targetHints":{"allow":["GET"]}}],"collection":[{"href":"https:\/\/schoenstatt.com\/de\/wp-json\/wp\/v2\/posts"}],"about":[{"href":"https:\/\/schoenstatt.com\/de\/wp-json\/wp\/v2\/types\/post"}],"author":[{"embeddable":true,"href":"https:\/\/schoenstatt.com\/de\/wp-json\/wp\/v2\/users\/3"}],"replies":[{"embeddable":true,"href":"https:\/\/schoenstatt.com\/de\/wp-json\/wp\/v2\/comments?post=33361"}],"version-history":[{"count":1,"href":"https:\/\/schoenstatt.com\/de\/wp-json\/wp\/v2\/posts\/33361\/revisions"}],"predecessor-version":[{"id":46423,"href":"https:\/\/schoenstatt.com\/de\/wp-json\/wp\/v2\/posts\/33361\/revisions\/46423"}],"wp:featuredmedia":[{"embeddable":true,"href":"https:\/\/schoenstatt.com\/de\/wp-json\/wp\/v2\/media\/33355"}],"wp:attachment":[{"href":"https:\/\/schoenstatt.com\/de\/wp-json\/wp\/v2\/media?parent=33361"}],"wp:term":[{"taxonomy":"category","embeddable":true,"href":"https:\/\/schoenstatt.com\/de\/wp-json\/wp\/v2\/categories?post=33361"},{"taxonomy":"post_tag","embeddable":true,"href":"https:\/\/schoenstatt.com\/de\/wp-json\/wp\/v2\/tags?post=33361"}],"curies":[{"name":"wp","href":"https:\/\/api.w.org\/{rel}","templated":true}]}}