{"id":33320,"date":"2023-10-26T15:44:35","date_gmt":"2023-10-26T13:44:35","guid":{"rendered":"https:\/\/schoenstatt.com\/spiritualitat\/noviciate-of-the-schoenstatt-fathers-reception-of-sion-tunic\/"},"modified":"2025-05-15T20:18:52","modified_gmt":"2025-05-15T18:18:52","slug":"fest-in-afrika-11-novizen-aus-vier-landern-erhalten-die-sions-tunika","status":"publish","type":"post","link":"https:\/\/schoenstatt.com\/de\/fest-in-afrika-11-novizen-aus-vier-landern-erhalten-die-sions-tunika\/","title":{"rendered":"Fest in Afrika: 11 Novizen aus vier L\u00e4ndern erhalten die Sions-Tunika"},"content":{"rendered":"<p>Samstag, der 14. Oktober war ein unvergesslicher Tag f\u00fcr 11 Novizen der <a href=\"https:\/\/schoenstatt.com\/de\/familie\/gemeinschaften-in-der-schoenstattbewegung\/priester\/\">Sch\u00f6nstatt-Patres<\/a>, die die Sions-Tunika erhielten, das charakteristische Gewand der genannten Gemeinschaft, das bei besonderen Anl\u00e4ssen getragen wird. Dieses Ereignis markierte ihren offiziellen Eintritt in das Noviziat des <a href=\"http:\/\/www.schoenstatt-fathers.org\/schoenstatt-fathers\/en\/\" target=\"_blank\" rel=\"noopener\">Instituts der Sch\u00f6nstatt-Patres<\/a>. Diese Phase umfasst einen Zeitraum von zwei Jahren der Priesterausbildung. Die liturgische Feier begann um 10.00 Uhr burundischer Zeit.<\/p>\n<h3>Priesterliche Menschen, echte Menschen<\/h3>\n<p>Die heilige Messe begann mit dem Gesang der Prozession, mit dem Chor an der Spitze und den Messdienern dahinter. Dann folgten die 11 Novizen aus vier L\u00e4ndern: zwei aus Burundi, einer aus Tansania, einer aus der Demokratischen Republik Kongo und sieben aus Nigeria, in spezieller Kleidung f\u00fcr diesen Tag, und am Ende mehr als zehn Priester.<\/p>\n<p><img fetchpriority=\"high\" decoding=\"async\" class=\"aligncenter wp-image-33242 \" src=\"https:\/\/schoenstatt.com\/wp-content\/uploads\/2023\/10\/novices-Schoenstatt-Fathers-Burundi-2023-c.png\" alt=\"\" width=\"1048\" height=\"698\" \/><\/p>\n<p>Neben den Sch\u00f6nstatt-Patres, die auf <a href=\"https:\/\/www.peres-schoenstatt.org\/\" target=\"_blank\" rel=\"noopener\">Berg Zion Gikungu<\/a> leben, waren auch sie anwesend: Pater Joy Puthussery, Mitglied der Generalleitung der Sch\u00f6nstatt-Patres, verantwortlich f\u00fcr die internationale Ausbildung seiner Gemeinschaft; der Generalvikar der Di\u00f6zese Tabora in Tansania, der urspr\u00fcnglich aus der Gemeinde Isingiro in der Di\u00f6zese Kayanga stammt, Pater Rwechungura Faustine Frugensi; Pater Gilbert Ndayishimiye vom Di\u00f6zesaninstitut der Sch\u00f6nstatt-Priester, der k\u00fcrzlich zum regionalen Vizerektor f\u00fcr die Region Nazareth (Burundi) ernannt wurde.<\/p>\n<p>Die Zeremonie fand in der eucharistischen Kapelle in der gro\u00dfen Dreifaltigkeitskirche statt. Diese hat ein Fassungsverm\u00f6gen von 8.000 Gl\u00e4ubigen. Pater Herm\u00e9n\u00e9gilde Coyitungiye, Delegierter der Sch\u00f6nstatt-Patres in Burundi und den umliegenden L\u00e4ndern: Kongo, Ruanda, Tansania, Kenia und Uganda, stand der Messfeier vor und Pater Joy hielt die Predigt, in der er die Novizen einlud, Christus zu ihrer Priorit\u00e4t zu machen.<\/p>\n<p>Die Eucharistiefeier endete mit einer Prozession zum Heiligtum des Friedens und der Vers\u00f6hnung, wo sich die Novizen der Dreimal Wunderbaren Mutter weihten und f\u00fcr einen gesegneten Ausbildungsprozess beteten. Danach gab es ein gemeinsames Essen im Garten des Noviziats.<\/p>\n<h2><img decoding=\"async\" class=\"aligncenter wp-image-33246 \" src=\"https:\/\/schoenstatt.com\/wp-content\/uploads\/2023\/10\/novices-Schoenstatt-Fathers-Burundi-2023-b.png\" alt=\"\" width=\"1052\" height=\"701\" \/><\/h2>\n<h2>Novizen geben ihr Zeugnis ab<\/h2>\n<p>Einer der Novizen dr\u00fcckte aus, dass \u201ef\u00fcr uns ein Traum wahr geworden ist. Dieses besondere Gef\u00fchl, Teil einer besonderen und gr\u00f6\u00dferen Berufung zu sein. Das Anlegen des Sionsgewandes ist, wie unser Novizenmeister immer sagte, ein gro\u00dfes Geschenk f\u00fcr uns Novizen. Es ist eine Art, uns willkommen zu hei\u00dfen, und es ist der offizielle Beginn des Noviziats und dieser gro\u00dfen Reise nach Emmaus, um Christus zu begegnen. Die Zeremonie der \u00dcbergabe war sehr bedeutungsvoll und begann mit den Exerzitien unseres Novizenmeisters, in denen er uns im Detail erkl\u00e4rte, was das Sionsgewand ist und was es f\u00fcr uns als Novizen und f\u00fcr die Gemeinschaft der Sch\u00f6nstatt-Patres bedeutet. Wir hatten auch ein Online-Gespr\u00e4ch mit Pater Alfred Kistler \u00fcber die Geschichte und den Hintergrund von Sion\u201c, erkl\u00e4rte er.<\/p>\n<p>Ein anderer Novize erz\u00e4hlte, dass \u201ewir an diesem Tag gut vorbereitet und mit l\u00e4chelnden Gesichtern aus der Sakristei kamen. Die Freude in unseren Gesichtern spiegelte das Gl\u00fcck wider, nach vielen Jahren des Auskostens endlich das Sionsgewand zu erhalten. W\u00e4hrend der heiligen Messe betonte Pater Joy, dass Christus unsere Priorit\u00e4t ist und dass wir dies auch weiterhin sein m\u00fcssen. Dann war es an der Zeit f\u00fcr die Riten des Empfangs und den Widerhall, mit dem wir mit Nachdruck sagten &#8218;Oui, je suis pr\u00eat&#8216;, dass wir bereit sind f\u00fcr diese Mission und f\u00fcr die Reise, unsere Bereitschaft, Teil dieser Mission zu sein. Nachdem wir den Talar von Sion erhalten hatten, begr\u00fc\u00dften uns unsere Familien und gratulierten uns. Es war ein sehr nostalgischer Tag f\u00fcr uns\u201c, betonte der Novize.<\/p>\n<p><img decoding=\"async\" class=\"aligncenter wp-image-33250 \" src=\"https:\/\/schoenstatt.com\/wp-content\/uploads\/2023\/10\/novices-Schoenstatt-Fathers-Burundi-2023-d.png\" alt=\"\" width=\"1048\" height=\"698\" \/><\/p>\n<h2>Wer sind die elf neuen Novizen der Sch\u00f6nstatt-Patres in Afrika<\/h2>\n<p>Die Novizen, die am 14. Oktober die Tunika von Sion erhielten, sind:<\/p>\n<p><strong>Aus Burundi:<\/strong> Hakizimana Eloge und Ngabonziza Odilon;<\/p>\n<p><strong>Aus der D.R. Kongo:<\/strong> Muhindo Byeragi Timoth\u00e9e;<\/p>\n<p><strong>Aus Nigeria:<\/strong> Ogbonnaya Kennedy Chigozie, Ugwuoke Malachi Ejike, Orji Raphael Emmanuel Chukwunonyereanyi, Nnawuihe Jude Chigozie, Akume Wisdom Amejuma, Ahanotu Kennedy Chibundum, Ayogu Emmanuel Obinna;<\/p>\n<p><strong>Aus Tansania:<\/strong> Begumisa Anord Thomas.<\/p>\n","protected":false},"excerpt":{"rendered":"<p>In Burundi erhielten 11 junge M\u00e4nner die Sions-Tunika und traten in das Noviziat des S\u00e4kularinstituts der Sch\u00f6nstatt-Patres ein. Es war ein Moment gro\u00dfer Ergriffenheit und Freude f\u00fcr den afrikanischen Kontinent und das internationale Sch\u00f6nstatt.<\/p>\n","protected":false},"author":3,"featured_media":33238,"comment_status":"closed","ping_status":"closed","sticky":false,"template":"","format":"standard","meta":{"footnotes":""},"categories":[907],"tags":[],"class_list":["post-33320","post","type-post","status-publish","format-standard","has-post-thumbnail","hentry","category-schoenstatt-gemeinschaften-de"],"yoast_head":"<!-- This site is optimized with the Yoast SEO Premium plugin v27.4 (Yoast SEO v27.5) - https:\/\/yoast.com\/product\/yoast-seo-premium-wordpress\/ -->\n<title>Fest in Afrika: 11 Novizen aus vier L\u00e4ndern erhalten die Sions-Tunika<\/title>\n<meta name=\"description\" content=\"In Burundi erhielten 11 junge M\u00e4nner die Sions-Tunika und traten in das Noviziat der Sch\u00f6nstatt-Patres ein.\" \/>\n<meta name=\"robots\" content=\"index, follow, max-snippet:-1, max-image-preview:large, max-video-preview:-1\" \/>\n<link rel=\"canonical\" href=\"https:\/\/schoenstatt.com\/de\/fest-in-afrika-11-novizen-aus-vier-landern-erhalten-die-sions-tunika\/\" \/>\n<meta property=\"og:locale\" content=\"de_DE\" \/>\n<meta property=\"og:type\" content=\"article\" \/>\n<meta property=\"og:title\" content=\"Fest in Afrika: 11 Novizen aus vier L\u00e4ndern erhalten die Sions-Tunika\" \/>\n<meta property=\"og:description\" content=\"In Burundi erhielten 11 junge M\u00e4nner die Sions-Tunika und traten in das Noviziat der Sch\u00f6nstatt-Patres ein.\" \/>\n<meta property=\"og:url\" content=\"https:\/\/schoenstatt.com\/de\/fest-in-afrika-11-novizen-aus-vier-landern-erhalten-die-sions-tunika\/\" \/>\n<meta property=\"og:site_name\" content=\"Schoenstatt\" \/>\n<meta property=\"article:published_time\" content=\"2023-10-26T13:44:35+00:00\" \/>\n<meta property=\"article:modified_time\" content=\"2025-05-15T18:18:52+00:00\" \/>\n<meta property=\"og:image\" content=\"https:\/\/schoenstatt.com\/wp-content\/uploads\/2023\/10\/novices-Schoenstatt-Fathers-Burundi-2023-1.png\" \/>\n\t<meta property=\"og:image:width\" content=\"1186\" \/>\n\t<meta property=\"og:image:height\" content=\"791\" \/>\n\t<meta property=\"og:image:type\" content=\"image\/png\" \/>\n<meta name=\"author\" content=\"Karen Bueno\" \/>\n<meta name=\"twitter:card\" content=\"summary_large_image\" \/>\n<meta name=\"twitter:label1\" content=\"Verfasst von\" \/>\n\t<meta name=\"twitter:data1\" content=\"Karen Bueno\" \/>\n\t<meta name=\"twitter:label2\" content=\"Gesch\u00e4tzte Lesezeit\" \/>\n\t<meta name=\"twitter:data2\" content=\"4\u00a0Minuten\" \/>\n<script type=\"application\/ld+json\" class=\"yoast-schema-graph\">{\"@context\":\"https:\\\/\\\/schema.org\",\"@graph\":[{\"@type\":\"Article\",\"@id\":\"https:\\\/\\\/schoenstatt.com\\\/de\\\/fest-in-afrika-11-novizen-aus-vier-landern-erhalten-die-sions-tunika\\\/#article\",\"isPartOf\":{\"@id\":\"https:\\\/\\\/schoenstatt.com\\\/de\\\/fest-in-afrika-11-novizen-aus-vier-landern-erhalten-die-sions-tunika\\\/\"},\"author\":{\"name\":\"Karen Bueno\",\"@id\":\"https:\\\/\\\/schoenstatt.com\\\/de\\\/#\\\/schema\\\/person\\\/5158877ad4acae98b34daaeef2a1ce6e\"},\"headline\":\"Fest in Afrika: 11 Novizen aus vier L\u00e4ndern erhalten die Sions-Tunika\",\"datePublished\":\"2023-10-26T13:44:35+00:00\",\"dateModified\":\"2025-05-15T18:18:52+00:00\",\"mainEntityOfPage\":{\"@id\":\"https:\\\/\\\/schoenstatt.com\\\/de\\\/fest-in-afrika-11-novizen-aus-vier-landern-erhalten-die-sions-tunika\\\/\"},\"wordCount\":667,\"publisher\":{\"@id\":\"https:\\\/\\\/schoenstatt.com\\\/de\\\/#organization\"},\"image\":{\"@id\":\"https:\\\/\\\/schoenstatt.com\\\/de\\\/fest-in-afrika-11-novizen-aus-vier-landern-erhalten-die-sions-tunika\\\/#primaryimage\"},\"thumbnailUrl\":\"https:\\\/\\\/schoenstatt.com\\\/wp-content\\\/uploads\\\/2023\\\/10\\\/novices-Schoenstatt-Fathers-Burundi-2023-1.png\",\"articleSection\":[\"Schoenstatt Gemeinschaften\"],\"inLanguage\":\"de\"},{\"@type\":\"WebPage\",\"@id\":\"https:\\\/\\\/schoenstatt.com\\\/de\\\/fest-in-afrika-11-novizen-aus-vier-landern-erhalten-die-sions-tunika\\\/\",\"url\":\"https:\\\/\\\/schoenstatt.com\\\/de\\\/fest-in-afrika-11-novizen-aus-vier-landern-erhalten-die-sions-tunika\\\/\",\"name\":\"Fest in Afrika: 11 Novizen aus vier L\u00e4ndern erhalten die Sions-Tunika\",\"isPartOf\":{\"@id\":\"https:\\\/\\\/schoenstatt.com\\\/de\\\/#website\"},\"primaryImageOfPage\":{\"@id\":\"https:\\\/\\\/schoenstatt.com\\\/de\\\/fest-in-afrika-11-novizen-aus-vier-landern-erhalten-die-sions-tunika\\\/#primaryimage\"},\"image\":{\"@id\":\"https:\\\/\\\/schoenstatt.com\\\/de\\\/fest-in-afrika-11-novizen-aus-vier-landern-erhalten-die-sions-tunika\\\/#primaryimage\"},\"thumbnailUrl\":\"https:\\\/\\\/schoenstatt.com\\\/wp-content\\\/uploads\\\/2023\\\/10\\\/novices-Schoenstatt-Fathers-Burundi-2023-1.png\",\"datePublished\":\"2023-10-26T13:44:35+00:00\",\"dateModified\":\"2025-05-15T18:18:52+00:00\",\"description\":\"In Burundi erhielten 11 junge M\u00e4nner die Sions-Tunika und traten in das Noviziat der Sch\u00f6nstatt-Patres ein.\",\"breadcrumb\":{\"@id\":\"https:\\\/\\\/schoenstatt.com\\\/de\\\/fest-in-afrika-11-novizen-aus-vier-landern-erhalten-die-sions-tunika\\\/#breadcrumb\"},\"inLanguage\":\"de\",\"potentialAction\":[{\"@type\":\"ReadAction\",\"target\":[\"https:\\\/\\\/schoenstatt.com\\\/de\\\/fest-in-afrika-11-novizen-aus-vier-landern-erhalten-die-sions-tunika\\\/\"]}]},{\"@type\":\"ImageObject\",\"inLanguage\":\"de\",\"@id\":\"https:\\\/\\\/schoenstatt.com\\\/de\\\/fest-in-afrika-11-novizen-aus-vier-landern-erhalten-die-sions-tunika\\\/#primaryimage\",\"url\":\"https:\\\/\\\/schoenstatt.com\\\/wp-content\\\/uploads\\\/2023\\\/10\\\/novices-Schoenstatt-Fathers-Burundi-2023-1.png\",\"contentUrl\":\"https:\\\/\\\/schoenstatt.com\\\/wp-content\\\/uploads\\\/2023\\\/10\\\/novices-Schoenstatt-Fathers-Burundi-2023-1.png\",\"width\":1186,\"height\":791},{\"@type\":\"BreadcrumbList\",\"@id\":\"https:\\\/\\\/schoenstatt.com\\\/de\\\/fest-in-afrika-11-novizen-aus-vier-landern-erhalten-die-sions-tunika\\\/#breadcrumb\",\"itemListElement\":[{\"@type\":\"ListItem\",\"position\":1,\"name\":\"Portada\",\"item\":\"https:\\\/\\\/schoenstatt.com\\\/de\\\/home\\\/\"},{\"@type\":\"ListItem\",\"position\":2,\"name\":\"Fest in Afrika: 11 Novizen aus vier L\u00e4ndern erhalten die Sions-Tunika\"}]},{\"@type\":\"WebSite\",\"@id\":\"https:\\\/\\\/schoenstatt.com\\\/de\\\/#website\",\"url\":\"https:\\\/\\\/schoenstatt.com\\\/de\\\/\",\"name\":\"Schoenstatt\",\"description\":\"Apostolic Movement\",\"publisher\":{\"@id\":\"https:\\\/\\\/schoenstatt.com\\\/de\\\/#organization\"},\"potentialAction\":[{\"@type\":\"SearchAction\",\"target\":{\"@type\":\"EntryPoint\",\"urlTemplate\":\"https:\\\/\\\/schoenstatt.com\\\/de\\\/?s={search_term_string}\"},\"query-input\":{\"@type\":\"PropertyValueSpecification\",\"valueRequired\":true,\"valueName\":\"search_term_string\"}}],\"inLanguage\":\"de\"},{\"@type\":\"Organization\",\"@id\":\"https:\\\/\\\/schoenstatt.com\\\/de\\\/#organization\",\"name\":\"Schoenstatt\",\"url\":\"https:\\\/\\\/schoenstatt.com\\\/de\\\/\",\"logo\":{\"@type\":\"ImageObject\",\"inLanguage\":\"de\",\"@id\":\"https:\\\/\\\/schoenstatt.com\\\/de\\\/#\\\/schema\\\/logo\\\/image\\\/\",\"url\":\"https:\\\/\\\/schoenstatt.com\\\/wp-content\\\/uploads\\\/2025\\\/04\\\/logo-schoenstatt-white-696x696-1.png\",\"contentUrl\":\"https:\\\/\\\/schoenstatt.com\\\/wp-content\\\/uploads\\\/2025\\\/04\\\/logo-schoenstatt-white-696x696-1.png\",\"width\":696,\"height\":694,\"caption\":\"Schoenstatt\"},\"image\":{\"@id\":\"https:\\\/\\\/schoenstatt.com\\\/de\\\/#\\\/schema\\\/logo\\\/image\\\/\"}},{\"@type\":\"Person\",\"@id\":\"https:\\\/\\\/schoenstatt.com\\\/de\\\/#\\\/schema\\\/person\\\/5158877ad4acae98b34daaeef2a1ce6e\",\"name\":\"Karen Bueno\",\"image\":{\"@type\":\"ImageObject\",\"inLanguage\":\"de\",\"@id\":\"https:\\\/\\\/secure.gravatar.com\\\/avatar\\\/f9f4b823873154269d2b2130f195f6d41037dd0d7fc5f3cacb5c846bae70d66b?s=96&d=mm&r=g\",\"url\":\"https:\\\/\\\/secure.gravatar.com\\\/avatar\\\/f9f4b823873154269d2b2130f195f6d41037dd0d7fc5f3cacb5c846bae70d66b?s=96&d=mm&r=g\",\"contentUrl\":\"https:\\\/\\\/secure.gravatar.com\\\/avatar\\\/f9f4b823873154269d2b2130f195f6d41037dd0d7fc5f3cacb5c846bae70d66b?s=96&d=mm&r=g\",\"caption\":\"Karen Bueno\"},\"url\":\"https:\\\/\\\/schoenstatt.com\\\/de\\\/author\\\/karen-bueno\\\/\"}]}<\/script>\n<!-- \/ Yoast SEO Premium plugin. -->","yoast_head_json":{"title":"Fest in Afrika: 11 Novizen aus vier L\u00e4ndern erhalten die Sions-Tunika","description":"In Burundi erhielten 11 junge M\u00e4nner die Sions-Tunika und traten in das Noviziat der Sch\u00f6nstatt-Patres ein.","robots":{"index":"index","follow":"follow","max-snippet":"max-snippet:-1","max-image-preview":"max-image-preview:large","max-video-preview":"max-video-preview:-1"},"canonical":"https:\/\/schoenstatt.com\/de\/fest-in-afrika-11-novizen-aus-vier-landern-erhalten-die-sions-tunika\/","og_locale":"de_DE","og_type":"article","og_title":"Fest in Afrika: 11 Novizen aus vier L\u00e4ndern erhalten die Sions-Tunika","og_description":"In Burundi erhielten 11 junge M\u00e4nner die Sions-Tunika und traten in das Noviziat der Sch\u00f6nstatt-Patres ein.","og_url":"https:\/\/schoenstatt.com\/de\/fest-in-afrika-11-novizen-aus-vier-landern-erhalten-die-sions-tunika\/","og_site_name":"Schoenstatt","article_published_time":"2023-10-26T13:44:35+00:00","article_modified_time":"2025-05-15T18:18:52+00:00","og_image":[{"width":1186,"height":791,"url":"https:\/\/schoenstatt.com\/wp-content\/uploads\/2023\/10\/novices-Schoenstatt-Fathers-Burundi-2023-1.png","type":"image\/png"}],"author":"Karen Bueno","twitter_card":"summary_large_image","twitter_misc":{"Verfasst von":"Karen Bueno","Gesch\u00e4tzte Lesezeit":"4\u00a0Minuten"},"schema":{"@context":"https:\/\/schema.org","@graph":[{"@type":"Article","@id":"https:\/\/schoenstatt.com\/de\/fest-in-afrika-11-novizen-aus-vier-landern-erhalten-die-sions-tunika\/#article","isPartOf":{"@id":"https:\/\/schoenstatt.com\/de\/fest-in-afrika-11-novizen-aus-vier-landern-erhalten-die-sions-tunika\/"},"author":{"name":"Karen Bueno","@id":"https:\/\/schoenstatt.com\/de\/#\/schema\/person\/5158877ad4acae98b34daaeef2a1ce6e"},"headline":"Fest in Afrika: 11 Novizen aus vier L\u00e4ndern erhalten die Sions-Tunika","datePublished":"2023-10-26T13:44:35+00:00","dateModified":"2025-05-15T18:18:52+00:00","mainEntityOfPage":{"@id":"https:\/\/schoenstatt.com\/de\/fest-in-afrika-11-novizen-aus-vier-landern-erhalten-die-sions-tunika\/"},"wordCount":667,"publisher":{"@id":"https:\/\/schoenstatt.com\/de\/#organization"},"image":{"@id":"https:\/\/schoenstatt.com\/de\/fest-in-afrika-11-novizen-aus-vier-landern-erhalten-die-sions-tunika\/#primaryimage"},"thumbnailUrl":"https:\/\/schoenstatt.com\/wp-content\/uploads\/2023\/10\/novices-Schoenstatt-Fathers-Burundi-2023-1.png","articleSection":["Schoenstatt Gemeinschaften"],"inLanguage":"de"},{"@type":"WebPage","@id":"https:\/\/schoenstatt.com\/de\/fest-in-afrika-11-novizen-aus-vier-landern-erhalten-die-sions-tunika\/","url":"https:\/\/schoenstatt.com\/de\/fest-in-afrika-11-novizen-aus-vier-landern-erhalten-die-sions-tunika\/","name":"Fest in Afrika: 11 Novizen aus vier L\u00e4ndern erhalten die Sions-Tunika","isPartOf":{"@id":"https:\/\/schoenstatt.com\/de\/#website"},"primaryImageOfPage":{"@id":"https:\/\/schoenstatt.com\/de\/fest-in-afrika-11-novizen-aus-vier-landern-erhalten-die-sions-tunika\/#primaryimage"},"image":{"@id":"https:\/\/schoenstatt.com\/de\/fest-in-afrika-11-novizen-aus-vier-landern-erhalten-die-sions-tunika\/#primaryimage"},"thumbnailUrl":"https:\/\/schoenstatt.com\/wp-content\/uploads\/2023\/10\/novices-Schoenstatt-Fathers-Burundi-2023-1.png","datePublished":"2023-10-26T13:44:35+00:00","dateModified":"2025-05-15T18:18:52+00:00","description":"In Burundi erhielten 11 junge M\u00e4nner die Sions-Tunika und traten in das Noviziat der Sch\u00f6nstatt-Patres ein.","breadcrumb":{"@id":"https:\/\/schoenstatt.com\/de\/fest-in-afrika-11-novizen-aus-vier-landern-erhalten-die-sions-tunika\/#breadcrumb"},"inLanguage":"de","potentialAction":[{"@type":"ReadAction","target":["https:\/\/schoenstatt.com\/de\/fest-in-afrika-11-novizen-aus-vier-landern-erhalten-die-sions-tunika\/"]}]},{"@type":"ImageObject","inLanguage":"de","@id":"https:\/\/schoenstatt.com\/de\/fest-in-afrika-11-novizen-aus-vier-landern-erhalten-die-sions-tunika\/#primaryimage","url":"https:\/\/schoenstatt.com\/wp-content\/uploads\/2023\/10\/novices-Schoenstatt-Fathers-Burundi-2023-1.png","contentUrl":"https:\/\/schoenstatt.com\/wp-content\/uploads\/2023\/10\/novices-Schoenstatt-Fathers-Burundi-2023-1.png","width":1186,"height":791},{"@type":"BreadcrumbList","@id":"https:\/\/schoenstatt.com\/de\/fest-in-afrika-11-novizen-aus-vier-landern-erhalten-die-sions-tunika\/#breadcrumb","itemListElement":[{"@type":"ListItem","position":1,"name":"Portada","item":"https:\/\/schoenstatt.com\/de\/home\/"},{"@type":"ListItem","position":2,"name":"Fest in Afrika: 11 Novizen aus vier L\u00e4ndern erhalten die Sions-Tunika"}]},{"@type":"WebSite","@id":"https:\/\/schoenstatt.com\/de\/#website","url":"https:\/\/schoenstatt.com\/de\/","name":"Schoenstatt","description":"Apostolic Movement","publisher":{"@id":"https:\/\/schoenstatt.com\/de\/#organization"},"potentialAction":[{"@type":"SearchAction","target":{"@type":"EntryPoint","urlTemplate":"https:\/\/schoenstatt.com\/de\/?s={search_term_string}"},"query-input":{"@type":"PropertyValueSpecification","valueRequired":true,"valueName":"search_term_string"}}],"inLanguage":"de"},{"@type":"Organization","@id":"https:\/\/schoenstatt.com\/de\/#organization","name":"Schoenstatt","url":"https:\/\/schoenstatt.com\/de\/","logo":{"@type":"ImageObject","inLanguage":"de","@id":"https:\/\/schoenstatt.com\/de\/#\/schema\/logo\/image\/","url":"https:\/\/schoenstatt.com\/wp-content\/uploads\/2025\/04\/logo-schoenstatt-white-696x696-1.png","contentUrl":"https:\/\/schoenstatt.com\/wp-content\/uploads\/2025\/04\/logo-schoenstatt-white-696x696-1.png","width":696,"height":694,"caption":"Schoenstatt"},"image":{"@id":"https:\/\/schoenstatt.com\/de\/#\/schema\/logo\/image\/"}},{"@type":"Person","@id":"https:\/\/schoenstatt.com\/de\/#\/schema\/person\/5158877ad4acae98b34daaeef2a1ce6e","name":"Karen Bueno","image":{"@type":"ImageObject","inLanguage":"de","@id":"https:\/\/secure.gravatar.com\/avatar\/f9f4b823873154269d2b2130f195f6d41037dd0d7fc5f3cacb5c846bae70d66b?s=96&d=mm&r=g","url":"https:\/\/secure.gravatar.com\/avatar\/f9f4b823873154269d2b2130f195f6d41037dd0d7fc5f3cacb5c846bae70d66b?s=96&d=mm&r=g","contentUrl":"https:\/\/secure.gravatar.com\/avatar\/f9f4b823873154269d2b2130f195f6d41037dd0d7fc5f3cacb5c846bae70d66b?s=96&d=mm&r=g","caption":"Karen Bueno"},"url":"https:\/\/schoenstatt.com\/de\/author\/karen-bueno\/"}]}},"_links":{"self":[{"href":"https:\/\/schoenstatt.com\/de\/wp-json\/wp\/v2\/posts\/33320","targetHints":{"allow":["GET"]}}],"collection":[{"href":"https:\/\/schoenstatt.com\/de\/wp-json\/wp\/v2\/posts"}],"about":[{"href":"https:\/\/schoenstatt.com\/de\/wp-json\/wp\/v2\/types\/post"}],"author":[{"embeddable":true,"href":"https:\/\/schoenstatt.com\/de\/wp-json\/wp\/v2\/users\/3"}],"replies":[{"embeddable":true,"href":"https:\/\/schoenstatt.com\/de\/wp-json\/wp\/v2\/comments?post=33320"}],"version-history":[{"count":1,"href":"https:\/\/schoenstatt.com\/de\/wp-json\/wp\/v2\/posts\/33320\/revisions"}],"predecessor-version":[{"id":46401,"href":"https:\/\/schoenstatt.com\/de\/wp-json\/wp\/v2\/posts\/33320\/revisions\/46401"}],"wp:featuredmedia":[{"embeddable":true,"href":"https:\/\/schoenstatt.com\/de\/wp-json\/wp\/v2\/media\/33238"}],"wp:attachment":[{"href":"https:\/\/schoenstatt.com\/de\/wp-json\/wp\/v2\/media?parent=33320"}],"wp:term":[{"taxonomy":"category","embeddable":true,"href":"https:\/\/schoenstatt.com\/de\/wp-json\/wp\/v2\/categories?post=33320"},{"taxonomy":"post_tag","embeddable":true,"href":"https:\/\/schoenstatt.com\/de\/wp-json\/wp\/v2\/tags?post=33320"}],"curies":[{"name":"wp","href":"https:\/\/api.w.org\/{rel}","templated":true}]}}