{"id":33292,"date":"2023-10-27T13:17:46","date_gmt":"2023-10-27T11:17:46","guid":{"rendered":"https:\/\/schoenstatt.com\/spiritualitat\/schoenstatt-fathers-inaugurate-their-first-school-in-nigeria\/"},"modified":"2025-05-15T19:50:52","modified_gmt":"2025-05-15T17:50:52","slug":"schoenstatt-patres-weihen-ihre-erste-schule-in-nigeria-ein","status":"publish","type":"post","link":"https:\/\/schoenstatt.com\/de\/schoenstatt-patres-weihen-ihre-erste-schule-in-nigeria-ein\/","title":{"rendered":"Sch\u00f6nstatt-Patres weihen ihre erste Schule in Nigeria ein"},"content":{"rendered":"<p>Ich freue mich, kurz \u00fcber ein historisches Ereignis im Leben der Sch\u00f6nstattbewegung in Nigeria zu schreiben, das wir letzte Woche erlebt haben. Es war am 20. Oktober, einem sonnigen Freitag, als wir uns in unserem neuen Schulgeb\u00e4ude versammelten, um das Sancta Maria College (SMC) offiziell zu er\u00f6ffnen. Das College liegt im nigerianischen Bundesstaat Lagos, etwa zwei Kilometer von der <a href=\"https:\/\/maps.app.goo.gl\/VzrLXxD1Dvtu131C6\" target=\"_blank\" rel=\"noopener\">Pfarrkirche Regina Caeli<\/a> in Bogije, Ibeju Lekki, Lagos, entfernt und wird von den <a href=\"https:\/\/schoenstatt.com\/de\/familie\/gemeinschaften-in-der-schoenstattbewegung\/priester\/\">Sch\u00f6nstatt-Patres<\/a> betrieben.<\/p>\n<figure id=\"attachment_33276\" aria-describedby=\"caption-attachment-33276\" style=\"width: 1029px\" class=\"wp-caption aligncenter\"><img fetchpriority=\"high\" decoding=\"async\" class=\"wp-image-33276\" src=\"https:\/\/schoenstatt.com\/wp-content\/uploads\/2023\/10\/school-schoenstatt-nigeria-fathers.png\" alt=\"\" width=\"1029\" height=\"517\" \/><figcaption id=\"caption-attachment-33276\" class=\"wp-caption-text\">Pater Alexandre Awi und Pater Pablo Pol mit Sch\u00fclern der Schule<\/figcaption><\/figure>\n<p>Die Einweihungsfeier begann mit der Feier der heiligen Messe, der P. Alexandre Awi Mello, Generaloberer der Sch\u00f6nstatt-Patres vorstand, zusammen mit P. Pablo Pol (neuer Provinzial der Generalprovinz der Patres), P. Kingsley Okereke (Delegierter der nigerianischen Delegation) und anderen Sch\u00f6nstatt-Patres und mit unseren Sch\u00fclern, ihren Eltern und unseren Mitarbeitern. Auch viele Gemeindemitglieder und Nachbarn waren gekommen, um mit uns zu feiern, alle elegant gekleidet in ihrer Festtagskleidung.<\/p>\n<p>Zu den weiteren Aktivit\u00e4ten, die die Einweihung kennzeichneten, geh\u00f6rten eine kulturelle Tanzvorf\u00fchrung, ein Willkommenslied unserer Sch\u00fcler und ein Tanzwettbewerb ihrer Eltern.<\/p>\n<h2>Der Wunsch, einen neuen Menschen zu formen<\/h2>\n<p>Bevor die Einweihung stattfand, hatte der Schulbetrieb am 11. September an der CSM mit 15 Sch\u00fclern des ersten Jahrgangs der Sekundarschule (JSS I) begonnen. Normalerweise gibt es in der Sekundarschule sechs Stufen (sechs Jahre). Wir haben uns jedoch daf\u00fcr entschieden, nur mit der ersten Stufe zu beginnen, damit das Wachstum organisch verl\u00e4uft und die Stufen in sechs Jahren vollst\u00e4ndig sind. Bis jetzt sind unsere Sch\u00fcler, ihre Eltern und Lehrer mit unserem p\u00e4dagogischen Stil zufrieden.<\/p>\n<figure id=\"attachment_33280\" aria-describedby=\"caption-attachment-33280\" style=\"width: 983px\" class=\"wp-caption aligncenter\"><img decoding=\"async\" class=\"wp-image-33280\" src=\"https:\/\/schoenstatt.com\/wp-content\/uploads\/2023\/10\/school-schoenstatt-nigeria-fathers-2.png\" alt=\"\" width=\"983\" height=\"574\" \/><figcaption id=\"caption-attachment-33280\" class=\"wp-caption-text\">T\u00e4nze und Pr\u00e4sentationen pr\u00e4gten den Er\u00f6ffnungstag<\/figcaption><\/figure>\n<p>Die St. Mary&#8217;s School ist die erste und bisher einzige Schule, die wir Sch\u00f6nstatt-Patres in Nigeria betreiben. Die CSM verspricht, eine ganzheitliche Ausbildung anzubieten, die im Sinne von Pater Josef Kentenich auf eine kreative Verbindung von Kopf, Herz und H\u00e4nden setzt. Wir wollen eine neue katalytische Generation f\u00fcr ein neues Nigeria bilden. Die CSM bietet uns Sch\u00f6nstatt-Patres in Nigeria eine M\u00f6glichkeit, die stabilere Verbindungen zu unseren Sch\u00fclern, ihren Eltern und ihren Lehrern garantiert und aufrechterh\u00e4lt und so ein gutes apostolisches Feld f\u00fcr uns schafft.<\/p>\n<p>Obwohl das CSM, wie das biblische Senfkorn, einfach und unbedeutend begann, hoffen wir, dass viele politische Entscheidungstr\u00e4ger in Nigeria in einigen Jahrzehnten mit Freude und Dankbarkeit von ihm als ihrer Alma Mater sprechen werden.<\/p>\n<p><img decoding=\"async\" class=\"aligncenter wp-image-33284 \" src=\"https:\/\/schoenstatt.com\/wp-content\/uploads\/2023\/10\/New-School-in-Nigeria-Schoenstatt-Fathers-10.jpeg\" alt=\"\" width=\"1038\" height=\"467\" \/><\/p>\n","protected":false},"excerpt":{"rendered":"<p>The Superior General, Fr. Alexandre Awi Mello, presided over the inauguration Mass of the first school run by the Schoenstatt Fathers in Nigeria. Sancta Maria College has a small beginning, but it was born with the desire to transform society.<\/p>\n","protected":false},"author":3,"featured_media":33272,"comment_status":"closed","ping_status":"closed","sticky":false,"template":"","format":"standard","meta":{"footnotes":""},"categories":[678],"tags":[],"class_list":["post-33292","post","type-post","status-publish","format-standard","has-post-thumbnail","hentry","category-lander-de"],"yoast_head":"<!-- This site is optimized with the Yoast SEO Premium plugin v27.4 (Yoast SEO v27.4) - https:\/\/yoast.com\/product\/yoast-seo-premium-wordpress\/ -->\n<title>Sch\u00f6nstatt-Patres weihen ihre erste Schule in Nigeria ein<\/title>\n<meta name=\"description\" content=\"Der Wunsch, einen neuen Menschen zu formen: Das Sancta Maria College ist die erste Schule der Sch\u00f6nstatt-Patres in Nigeria.\" \/>\n<meta name=\"robots\" content=\"index, follow, max-snippet:-1, max-image-preview:large, max-video-preview:-1\" \/>\n<link rel=\"canonical\" href=\"https:\/\/schoenstatt.com\/de\/schoenstatt-patres-weihen-ihre-erste-schule-in-nigeria-ein\/\" \/>\n<meta property=\"og:locale\" content=\"de_DE\" \/>\n<meta property=\"og:type\" content=\"article\" \/>\n<meta property=\"og:title\" content=\"Sch\u00f6nstatt-Patres weihen ihre erste Schule in Nigeria ein\" \/>\n<meta property=\"og:description\" content=\"Der Wunsch, einen neuen Menschen zu formen: Das Sancta Maria College ist die erste Schule der Sch\u00f6nstatt-Patres in Nigeria.\" \/>\n<meta property=\"og:url\" content=\"https:\/\/schoenstatt.com\/de\/schoenstatt-patres-weihen-ihre-erste-schule-in-nigeria-ein\/\" \/>\n<meta property=\"og:site_name\" content=\"Schoenstatt\" \/>\n<meta property=\"article:published_time\" content=\"2023-10-27T11:17:46+00:00\" \/>\n<meta property=\"article:modified_time\" content=\"2025-05-15T17:50:52+00:00\" \/>\n<meta property=\"og:image\" content=\"https:\/\/schoenstatt.com\/wp-content\/uploads\/2023\/10\/New-School-in-Nigeria-Schoenstatt-Fathers-7-1.jpeg\" \/>\n\t<meta property=\"og:image:width\" content=\"2048\" \/>\n\t<meta property=\"og:image:height\" content=\"1536\" \/>\n\t<meta property=\"og:image:type\" content=\"image\/jpeg\" \/>\n<meta name=\"author\" content=\"Karen Bueno\" \/>\n<meta name=\"twitter:card\" content=\"summary_large_image\" \/>\n<meta name=\"twitter:label1\" content=\"Verfasst von\" \/>\n\t<meta name=\"twitter:data1\" content=\"Karen Bueno\" \/>\n\t<meta name=\"twitter:label2\" content=\"Gesch\u00e4tzte Lesezeit\" \/>\n\t<meta name=\"twitter:data2\" content=\"3\u00a0Minuten\" \/>\n<script type=\"application\/ld+json\" class=\"yoast-schema-graph\">{\"@context\":\"https:\\\/\\\/schema.org\",\"@graph\":[{\"@type\":\"Article\",\"@id\":\"https:\\\/\\\/schoenstatt.com\\\/de\\\/schoenstatt-patres-weihen-ihre-erste-schule-in-nigeria-ein\\\/#article\",\"isPartOf\":{\"@id\":\"https:\\\/\\\/schoenstatt.com\\\/de\\\/schoenstatt-patres-weihen-ihre-erste-schule-in-nigeria-ein\\\/\"},\"author\":{\"name\":\"Karen Bueno\",\"@id\":\"https:\\\/\\\/schoenstatt.com\\\/de\\\/#\\\/schema\\\/person\\\/5158877ad4acae98b34daaeef2a1ce6e\"},\"headline\":\"Sch\u00f6nstatt-Patres weihen ihre erste Schule in Nigeria ein\",\"datePublished\":\"2023-10-27T11:17:46+00:00\",\"dateModified\":\"2025-05-15T17:50:52+00:00\",\"mainEntityOfPage\":{\"@id\":\"https:\\\/\\\/schoenstatt.com\\\/de\\\/schoenstatt-patres-weihen-ihre-erste-schule-in-nigeria-ein\\\/\"},\"wordCount\":429,\"publisher\":{\"@id\":\"https:\\\/\\\/schoenstatt.com\\\/de\\\/#organization\"},\"image\":{\"@id\":\"https:\\\/\\\/schoenstatt.com\\\/de\\\/schoenstatt-patres-weihen-ihre-erste-schule-in-nigeria-ein\\\/#primaryimage\"},\"thumbnailUrl\":\"https:\\\/\\\/schoenstatt.com\\\/wp-content\\\/uploads\\\/2023\\\/10\\\/New-School-in-Nigeria-Schoenstatt-Fathers-7-1.jpeg\",\"articleSection\":[\"L\u00e4nder\"],\"inLanguage\":\"de\"},{\"@type\":\"WebPage\",\"@id\":\"https:\\\/\\\/schoenstatt.com\\\/de\\\/schoenstatt-patres-weihen-ihre-erste-schule-in-nigeria-ein\\\/\",\"url\":\"https:\\\/\\\/schoenstatt.com\\\/de\\\/schoenstatt-patres-weihen-ihre-erste-schule-in-nigeria-ein\\\/\",\"name\":\"Sch\u00f6nstatt-Patres weihen ihre erste Schule in Nigeria ein\",\"isPartOf\":{\"@id\":\"https:\\\/\\\/schoenstatt.com\\\/de\\\/#website\"},\"primaryImageOfPage\":{\"@id\":\"https:\\\/\\\/schoenstatt.com\\\/de\\\/schoenstatt-patres-weihen-ihre-erste-schule-in-nigeria-ein\\\/#primaryimage\"},\"image\":{\"@id\":\"https:\\\/\\\/schoenstatt.com\\\/de\\\/schoenstatt-patres-weihen-ihre-erste-schule-in-nigeria-ein\\\/#primaryimage\"},\"thumbnailUrl\":\"https:\\\/\\\/schoenstatt.com\\\/wp-content\\\/uploads\\\/2023\\\/10\\\/New-School-in-Nigeria-Schoenstatt-Fathers-7-1.jpeg\",\"datePublished\":\"2023-10-27T11:17:46+00:00\",\"dateModified\":\"2025-05-15T17:50:52+00:00\",\"description\":\"Der Wunsch, einen neuen Menschen zu formen: Das Sancta Maria College ist die erste Schule der Sch\u00f6nstatt-Patres in Nigeria.\",\"breadcrumb\":{\"@id\":\"https:\\\/\\\/schoenstatt.com\\\/de\\\/schoenstatt-patres-weihen-ihre-erste-schule-in-nigeria-ein\\\/#breadcrumb\"},\"inLanguage\":\"de\",\"potentialAction\":[{\"@type\":\"ReadAction\",\"target\":[\"https:\\\/\\\/schoenstatt.com\\\/de\\\/schoenstatt-patres-weihen-ihre-erste-schule-in-nigeria-ein\\\/\"]}]},{\"@type\":\"ImageObject\",\"inLanguage\":\"de\",\"@id\":\"https:\\\/\\\/schoenstatt.com\\\/de\\\/schoenstatt-patres-weihen-ihre-erste-schule-in-nigeria-ein\\\/#primaryimage\",\"url\":\"https:\\\/\\\/schoenstatt.com\\\/wp-content\\\/uploads\\\/2023\\\/10\\\/New-School-in-Nigeria-Schoenstatt-Fathers-7-1.jpeg\",\"contentUrl\":\"https:\\\/\\\/schoenstatt.com\\\/wp-content\\\/uploads\\\/2023\\\/10\\\/New-School-in-Nigeria-Schoenstatt-Fathers-7-1.jpeg\",\"width\":2048,\"height\":1536},{\"@type\":\"BreadcrumbList\",\"@id\":\"https:\\\/\\\/schoenstatt.com\\\/de\\\/schoenstatt-patres-weihen-ihre-erste-schule-in-nigeria-ein\\\/#breadcrumb\",\"itemListElement\":[{\"@type\":\"ListItem\",\"position\":1,\"name\":\"Portada\",\"item\":\"https:\\\/\\\/schoenstatt.com\\\/de\\\/home\\\/\"},{\"@type\":\"ListItem\",\"position\":2,\"name\":\"Sch\u00f6nstatt-Patres weihen ihre erste Schule in Nigeria ein\"}]},{\"@type\":\"WebSite\",\"@id\":\"https:\\\/\\\/schoenstatt.com\\\/de\\\/#website\",\"url\":\"https:\\\/\\\/schoenstatt.com\\\/de\\\/\",\"name\":\"Schoenstatt\",\"description\":\"Apostolic Movement\",\"publisher\":{\"@id\":\"https:\\\/\\\/schoenstatt.com\\\/de\\\/#organization\"},\"potentialAction\":[{\"@type\":\"SearchAction\",\"target\":{\"@type\":\"EntryPoint\",\"urlTemplate\":\"https:\\\/\\\/schoenstatt.com\\\/de\\\/?s={search_term_string}\"},\"query-input\":{\"@type\":\"PropertyValueSpecification\",\"valueRequired\":true,\"valueName\":\"search_term_string\"}}],\"inLanguage\":\"de\"},{\"@type\":\"Organization\",\"@id\":\"https:\\\/\\\/schoenstatt.com\\\/de\\\/#organization\",\"name\":\"Schoenstatt\",\"url\":\"https:\\\/\\\/schoenstatt.com\\\/de\\\/\",\"logo\":{\"@type\":\"ImageObject\",\"inLanguage\":\"de\",\"@id\":\"https:\\\/\\\/schoenstatt.com\\\/de\\\/#\\\/schema\\\/logo\\\/image\\\/\",\"url\":\"https:\\\/\\\/schoenstatt.com\\\/wp-content\\\/uploads\\\/2025\\\/04\\\/logo-schoenstatt-white-696x696-1.png\",\"contentUrl\":\"https:\\\/\\\/schoenstatt.com\\\/wp-content\\\/uploads\\\/2025\\\/04\\\/logo-schoenstatt-white-696x696-1.png\",\"width\":696,\"height\":694,\"caption\":\"Schoenstatt\"},\"image\":{\"@id\":\"https:\\\/\\\/schoenstatt.com\\\/de\\\/#\\\/schema\\\/logo\\\/image\\\/\"}},{\"@type\":\"Person\",\"@id\":\"https:\\\/\\\/schoenstatt.com\\\/de\\\/#\\\/schema\\\/person\\\/5158877ad4acae98b34daaeef2a1ce6e\",\"name\":\"Karen Bueno\",\"image\":{\"@type\":\"ImageObject\",\"inLanguage\":\"de\",\"@id\":\"https:\\\/\\\/secure.gravatar.com\\\/avatar\\\/f9f4b823873154269d2b2130f195f6d41037dd0d7fc5f3cacb5c846bae70d66b?s=96&d=mm&r=g\",\"url\":\"https:\\\/\\\/secure.gravatar.com\\\/avatar\\\/f9f4b823873154269d2b2130f195f6d41037dd0d7fc5f3cacb5c846bae70d66b?s=96&d=mm&r=g\",\"contentUrl\":\"https:\\\/\\\/secure.gravatar.com\\\/avatar\\\/f9f4b823873154269d2b2130f195f6d41037dd0d7fc5f3cacb5c846bae70d66b?s=96&d=mm&r=g\",\"caption\":\"Karen Bueno\"},\"url\":\"https:\\\/\\\/schoenstatt.com\\\/de\\\/author\\\/karen-bueno\\\/\"}]}<\/script>\n<!-- \/ Yoast SEO Premium plugin. -->","yoast_head_json":{"title":"Sch\u00f6nstatt-Patres weihen ihre erste Schule in Nigeria ein","description":"Der Wunsch, einen neuen Menschen zu formen: Das Sancta Maria College ist die erste Schule der Sch\u00f6nstatt-Patres in Nigeria.","robots":{"index":"index","follow":"follow","max-snippet":"max-snippet:-1","max-image-preview":"max-image-preview:large","max-video-preview":"max-video-preview:-1"},"canonical":"https:\/\/schoenstatt.com\/de\/schoenstatt-patres-weihen-ihre-erste-schule-in-nigeria-ein\/","og_locale":"de_DE","og_type":"article","og_title":"Sch\u00f6nstatt-Patres weihen ihre erste Schule in Nigeria ein","og_description":"Der Wunsch, einen neuen Menschen zu formen: Das Sancta Maria College ist die erste Schule der Sch\u00f6nstatt-Patres in Nigeria.","og_url":"https:\/\/schoenstatt.com\/de\/schoenstatt-patres-weihen-ihre-erste-schule-in-nigeria-ein\/","og_site_name":"Schoenstatt","article_published_time":"2023-10-27T11:17:46+00:00","article_modified_time":"2025-05-15T17:50:52+00:00","og_image":[{"width":2048,"height":1536,"url":"https:\/\/schoenstatt.com\/wp-content\/uploads\/2023\/10\/New-School-in-Nigeria-Schoenstatt-Fathers-7-1.jpeg","type":"image\/jpeg"}],"author":"Karen Bueno","twitter_card":"summary_large_image","twitter_misc":{"Verfasst von":"Karen Bueno","Gesch\u00e4tzte Lesezeit":"3\u00a0Minuten"},"schema":{"@context":"https:\/\/schema.org","@graph":[{"@type":"Article","@id":"https:\/\/schoenstatt.com\/de\/schoenstatt-patres-weihen-ihre-erste-schule-in-nigeria-ein\/#article","isPartOf":{"@id":"https:\/\/schoenstatt.com\/de\/schoenstatt-patres-weihen-ihre-erste-schule-in-nigeria-ein\/"},"author":{"name":"Karen Bueno","@id":"https:\/\/schoenstatt.com\/de\/#\/schema\/person\/5158877ad4acae98b34daaeef2a1ce6e"},"headline":"Sch\u00f6nstatt-Patres weihen ihre erste Schule in Nigeria ein","datePublished":"2023-10-27T11:17:46+00:00","dateModified":"2025-05-15T17:50:52+00:00","mainEntityOfPage":{"@id":"https:\/\/schoenstatt.com\/de\/schoenstatt-patres-weihen-ihre-erste-schule-in-nigeria-ein\/"},"wordCount":429,"publisher":{"@id":"https:\/\/schoenstatt.com\/de\/#organization"},"image":{"@id":"https:\/\/schoenstatt.com\/de\/schoenstatt-patres-weihen-ihre-erste-schule-in-nigeria-ein\/#primaryimage"},"thumbnailUrl":"https:\/\/schoenstatt.com\/wp-content\/uploads\/2023\/10\/New-School-in-Nigeria-Schoenstatt-Fathers-7-1.jpeg","articleSection":["L\u00e4nder"],"inLanguage":"de"},{"@type":"WebPage","@id":"https:\/\/schoenstatt.com\/de\/schoenstatt-patres-weihen-ihre-erste-schule-in-nigeria-ein\/","url":"https:\/\/schoenstatt.com\/de\/schoenstatt-patres-weihen-ihre-erste-schule-in-nigeria-ein\/","name":"Sch\u00f6nstatt-Patres weihen ihre erste Schule in Nigeria ein","isPartOf":{"@id":"https:\/\/schoenstatt.com\/de\/#website"},"primaryImageOfPage":{"@id":"https:\/\/schoenstatt.com\/de\/schoenstatt-patres-weihen-ihre-erste-schule-in-nigeria-ein\/#primaryimage"},"image":{"@id":"https:\/\/schoenstatt.com\/de\/schoenstatt-patres-weihen-ihre-erste-schule-in-nigeria-ein\/#primaryimage"},"thumbnailUrl":"https:\/\/schoenstatt.com\/wp-content\/uploads\/2023\/10\/New-School-in-Nigeria-Schoenstatt-Fathers-7-1.jpeg","datePublished":"2023-10-27T11:17:46+00:00","dateModified":"2025-05-15T17:50:52+00:00","description":"Der Wunsch, einen neuen Menschen zu formen: Das Sancta Maria College ist die erste Schule der Sch\u00f6nstatt-Patres in Nigeria.","breadcrumb":{"@id":"https:\/\/schoenstatt.com\/de\/schoenstatt-patres-weihen-ihre-erste-schule-in-nigeria-ein\/#breadcrumb"},"inLanguage":"de","potentialAction":[{"@type":"ReadAction","target":["https:\/\/schoenstatt.com\/de\/schoenstatt-patres-weihen-ihre-erste-schule-in-nigeria-ein\/"]}]},{"@type":"ImageObject","inLanguage":"de","@id":"https:\/\/schoenstatt.com\/de\/schoenstatt-patres-weihen-ihre-erste-schule-in-nigeria-ein\/#primaryimage","url":"https:\/\/schoenstatt.com\/wp-content\/uploads\/2023\/10\/New-School-in-Nigeria-Schoenstatt-Fathers-7-1.jpeg","contentUrl":"https:\/\/schoenstatt.com\/wp-content\/uploads\/2023\/10\/New-School-in-Nigeria-Schoenstatt-Fathers-7-1.jpeg","width":2048,"height":1536},{"@type":"BreadcrumbList","@id":"https:\/\/schoenstatt.com\/de\/schoenstatt-patres-weihen-ihre-erste-schule-in-nigeria-ein\/#breadcrumb","itemListElement":[{"@type":"ListItem","position":1,"name":"Portada","item":"https:\/\/schoenstatt.com\/de\/home\/"},{"@type":"ListItem","position":2,"name":"Sch\u00f6nstatt-Patres weihen ihre erste Schule in Nigeria ein"}]},{"@type":"WebSite","@id":"https:\/\/schoenstatt.com\/de\/#website","url":"https:\/\/schoenstatt.com\/de\/","name":"Schoenstatt","description":"Apostolic Movement","publisher":{"@id":"https:\/\/schoenstatt.com\/de\/#organization"},"potentialAction":[{"@type":"SearchAction","target":{"@type":"EntryPoint","urlTemplate":"https:\/\/schoenstatt.com\/de\/?s={search_term_string}"},"query-input":{"@type":"PropertyValueSpecification","valueRequired":true,"valueName":"search_term_string"}}],"inLanguage":"de"},{"@type":"Organization","@id":"https:\/\/schoenstatt.com\/de\/#organization","name":"Schoenstatt","url":"https:\/\/schoenstatt.com\/de\/","logo":{"@type":"ImageObject","inLanguage":"de","@id":"https:\/\/schoenstatt.com\/de\/#\/schema\/logo\/image\/","url":"https:\/\/schoenstatt.com\/wp-content\/uploads\/2025\/04\/logo-schoenstatt-white-696x696-1.png","contentUrl":"https:\/\/schoenstatt.com\/wp-content\/uploads\/2025\/04\/logo-schoenstatt-white-696x696-1.png","width":696,"height":694,"caption":"Schoenstatt"},"image":{"@id":"https:\/\/schoenstatt.com\/de\/#\/schema\/logo\/image\/"}},{"@type":"Person","@id":"https:\/\/schoenstatt.com\/de\/#\/schema\/person\/5158877ad4acae98b34daaeef2a1ce6e","name":"Karen Bueno","image":{"@type":"ImageObject","inLanguage":"de","@id":"https:\/\/secure.gravatar.com\/avatar\/f9f4b823873154269d2b2130f195f6d41037dd0d7fc5f3cacb5c846bae70d66b?s=96&d=mm&r=g","url":"https:\/\/secure.gravatar.com\/avatar\/f9f4b823873154269d2b2130f195f6d41037dd0d7fc5f3cacb5c846bae70d66b?s=96&d=mm&r=g","contentUrl":"https:\/\/secure.gravatar.com\/avatar\/f9f4b823873154269d2b2130f195f6d41037dd0d7fc5f3cacb5c846bae70d66b?s=96&d=mm&r=g","caption":"Karen Bueno"},"url":"https:\/\/schoenstatt.com\/de\/author\/karen-bueno\/"}]}},"_links":{"self":[{"href":"https:\/\/schoenstatt.com\/de\/wp-json\/wp\/v2\/posts\/33292","targetHints":{"allow":["GET"]}}],"collection":[{"href":"https:\/\/schoenstatt.com\/de\/wp-json\/wp\/v2\/posts"}],"about":[{"href":"https:\/\/schoenstatt.com\/de\/wp-json\/wp\/v2\/types\/post"}],"author":[{"embeddable":true,"href":"https:\/\/schoenstatt.com\/de\/wp-json\/wp\/v2\/users\/3"}],"replies":[{"embeddable":true,"href":"https:\/\/schoenstatt.com\/de\/wp-json\/wp\/v2\/comments?post=33292"}],"version-history":[{"count":1,"href":"https:\/\/schoenstatt.com\/de\/wp-json\/wp\/v2\/posts\/33292\/revisions"}],"predecessor-version":[{"id":46409,"href":"https:\/\/schoenstatt.com\/de\/wp-json\/wp\/v2\/posts\/33292\/revisions\/46409"}],"wp:featuredmedia":[{"embeddable":true,"href":"https:\/\/schoenstatt.com\/de\/wp-json\/wp\/v2\/media\/33272"}],"wp:attachment":[{"href":"https:\/\/schoenstatt.com\/de\/wp-json\/wp\/v2\/media?parent=33292"}],"wp:term":[{"taxonomy":"category","embeddable":true,"href":"https:\/\/schoenstatt.com\/de\/wp-json\/wp\/v2\/categories?post=33292"},{"taxonomy":"post_tag","embeddable":true,"href":"https:\/\/schoenstatt.com\/de\/wp-json\/wp\/v2\/tags?post=33292"}],"curies":[{"name":"wp","href":"https:\/\/api.w.org\/{rel}","templated":true}]}}