{"id":33269,"date":"2023-10-27T06:00:11","date_gmt":"2023-10-27T04:00:11","guid":{"rendered":"https:\/\/schoenstatt.com\/?p=33269"},"modified":"2025-05-15T19:50:53","modified_gmt":"2025-05-15T17:50:53","slug":"pilgerheiligtumsfest-in-vietnam","status":"publish","type":"post","link":"https:\/\/schoenstatt.com\/de\/pilgerheiligtumsfest-in-vietnam\/","title":{"rendered":"Pilgerheiligtumsfest in Vietnam"},"content":{"rendered":"<p>Am 18. September 2023 fand im Dekanat Ph\u01b0\u01a1ng L\u00e2m das gro\u00dfe Pilgerheiligtumsfest in Vietnam statt.<\/p>\n<p>Vor f\u00fcnf Jahren bekam ich von Bischof Joseph (inzwischen emeritiert) die Erlaubnis, in seiner Di\u00f6zese f\u00fcr die <a href=\"https:\/\/schoenstatt.com\/de\/mission\/schoenstatt-leben\/\">Pilgernde Gottesmutter<\/a> arbeiten zu d\u00fcrfen. Seither hat sich viel getan. Ich war \u2013 besonders in der Covid-Zeit \u2013 nicht immer anwesend, doch die Gottesmutter eilte selbst \u00fcber das \u201eGebirge\u201c in meiner Heimat Vietnam. Zum jetzigen Stand sind das 1530 Familien in sechs Pfarreien in einem Dekanat.<\/p>\n<h3>Patronatsfest Maria Heimsuchung<\/h3>\n<p>Bei uns ist es \u00fcblich, dass die verschiedenen Gruppierungen sich f\u00fcr ein Patronatsfest entscheiden. Die ersten Begleitpersonen beschlossen ziemlich bald, dass es der 31. Mai, Maria Heimsuchung, sein soll. Seit 2017 werden zu diesem Tag alle Pilgerkreisteilnehmer eingeladen.<\/p>\n<p>In diesem Jahr konnten wir diesen Termin nicht wahrnehmen und so wurde es ziemlich kurzfristig der Montag, 18. September 2023. Zu diesem Tag sagte uns Bischof Joseph eine Woche vorher zu, dass er der hl. Messe vorstehen wird. Schnell wurden die Einladungen gedruckt und verteilt, Taschen f\u00fcr die 138 Pilgerkreise gen\u00e4ht und alle anderen Vorbereitungen getroffen.<\/p>\n<p>In den Gemeinden gingen an den Tagen vor dem Fest Einstimmungen zum Festtag voraus. Die Projektteilnehmer machten sich Gedanken zur Umsetzung der Hl. Schrift in ihrem Alltag. Konkret ging es um die Hochzeit zu Kana:<\/p>\n<ul>\n<li>Welche Geschenke, welchen Dank bringe ich der Gottesmutter aus dem vergangenen Jahr zum Festtag mit?<\/li>\n<li>Welche Liebesanspr\u00fcche m\u00f6chte ich stellen?<\/li>\n<li>Welches Wasser muss Christus in Wein verwandeln?<\/li>\n<\/ul>\n<h2>Wundertag des 18. September 2023<\/h2>\n<p>Eigentlich ist es unm\u00f6glich, in der Regenzeit nachmittags einen Termin f\u00fcr so ein gro\u00dfes Fest zu vereinbaren, doch die Gottesmutter wirkte das Wunder: W\u00e4hrend unserer Feier mit anschlie\u00dfendem Abendessen im Freien blieb es trocken \u2013 im Gegensatz zu den Tagen davor und danach. Jeden Tag erlebten wir Starkregen. Bis heute sprechen die Leute beeindruckt vom Wundertag des 18. September 2023.<\/p>\n<p><img fetchpriority=\"high\" decoding=\"async\" class=\"aligncenter wp-image-33263 \" src=\"https:\/\/schoenstatt.com\/wp-content\/uploads\/2023\/10\/virgen-peregrina-Pilgerheiligtum-vietnam-2.jpg\" alt=\"\" width=\"1016\" height=\"725\" \/><\/p>\n<p>\u00dcber 1.000 Menschen waren gekommen. In einer landes\u00fcblichen Prozession zogen die Begleitpersonen mit den Pilgerheiligt\u00fcmern in die Kirche ein. Bischof Joseph predigte sehr ansprechend zum Evangelium, der Begegnung Marias mit Elisabeth. Am Schluss der hl. Messe erneuerten die Begleitpersonen ihr Versprechen, die Verantwortung f\u00fcr den Pilgerkreis erneut f\u00fcr ein Jahr zu \u00fcbernehmen. Und der Bischof \u00e4u\u00dferte den Wunsch, dass sich das Pilgerheiligtum doch in der ganzen Di\u00f6zese, ja, in ganz Vietnam ausbreiten m\u00f6ge. Dazu m\u00f6ge die Gottesmutter begeisterte Apostel erw\u00e4hlen. Beim anschlie\u00dfenden Abendessen im Pfarrhof, f\u00fcr das sich 530 Personen angemeldet hatten, brach sich die Freude richtig Bahn.<\/p>\n<blockquote><p>Es geschehen wirklich Wunder!<\/p>\n<p>Ich bitte die Gottesmutter immer wieder neu, dass sie sich als die gro\u00dfe Missionarin erweist.<\/p><\/blockquote>\n<p>Quelle: Sch\u00f6nst\u00e4tter Marienschwestern &#8211; <a href=\"https:\/\/www.s-ms.org\/\" target=\"_blank\" rel=\"noopener\">s-ms.org<\/a><\/p>\n","protected":false},"excerpt":{"rendered":"<p>Das Pilgerheiligtum verbindet die ganze Welt: Am 18. September 2023 fand im Dekanat Ph\u01b0\u01a1ng L\u00e2m das gro\u00dfe Pilgerheiligtumsfest in Vietnam statt \u2013 ein einziger Wundertag.<\/p>\n","protected":false},"author":3,"featured_media":33259,"comment_status":"closed","ping_status":"closed","sticky":false,"template":"","format":"standard","meta":{"footnotes":""},"categories":[678],"tags":[],"class_list":["post-33269","post","type-post","status-publish","format-standard","has-post-thumbnail","hentry","category-lander-de"],"yoast_head":"<!-- This site is optimized with the Yoast SEO Premium plugin v27.4 (Yoast SEO v27.4) - https:\/\/yoast.com\/product\/yoast-seo-premium-wordpress\/ -->\n<title>Pilgerheiligtumsfest in Vietnam - Schoenstatt<\/title>\n<meta name=\"description\" content=\"Es geschehen wirklich Wunder! Das Pilgerheiligtum verbindet die ganze Welt: Das gro\u00dfe Pilgerheiligtumsfest in Ph\u01b0\u01a1ng L\u00e2m, Vietnam.\" \/>\n<meta name=\"robots\" content=\"index, follow, max-snippet:-1, max-image-preview:large, max-video-preview:-1\" \/>\n<link rel=\"canonical\" href=\"https:\/\/schoenstatt.com\/de\/pilgerheiligtumsfest-in-vietnam\/\" \/>\n<meta property=\"og:locale\" content=\"de_DE\" \/>\n<meta property=\"og:type\" content=\"article\" \/>\n<meta property=\"og:title\" content=\"Pilgerheiligtumsfest in Vietnam\" \/>\n<meta property=\"og:description\" content=\"Es geschehen wirklich Wunder! Das Pilgerheiligtum verbindet die ganze Welt: Das gro\u00dfe Pilgerheiligtumsfest in Ph\u01b0\u01a1ng L\u00e2m, Vietnam.\" \/>\n<meta property=\"og:url\" content=\"https:\/\/schoenstatt.com\/de\/pilgerheiligtumsfest-in-vietnam\/\" \/>\n<meta property=\"og:site_name\" content=\"Schoenstatt\" \/>\n<meta property=\"article:published_time\" content=\"2023-10-27T04:00:11+00:00\" \/>\n<meta property=\"article:modified_time\" content=\"2025-05-15T17:50:53+00:00\" \/>\n<meta property=\"og:image\" content=\"https:\/\/schoenstatt.com\/wp-content\/uploads\/2023\/10\/virgen-peregrina-Pilgerheiligtum-vietnam-1.jpg\" \/>\n\t<meta property=\"og:image:width\" content=\"2048\" \/>\n\t<meta property=\"og:image:height\" content=\"1461\" \/>\n\t<meta property=\"og:image:type\" content=\"image\/jpeg\" \/>\n<meta name=\"author\" content=\"Karen Bueno\" \/>\n<meta name=\"twitter:card\" content=\"summary_large_image\" \/>\n<meta name=\"twitter:label1\" content=\"Verfasst von\" \/>\n\t<meta name=\"twitter:data1\" content=\"Karen Bueno\" \/>\n\t<meta name=\"twitter:label2\" content=\"Gesch\u00e4tzte Lesezeit\" \/>\n\t<meta name=\"twitter:data2\" content=\"3\u00a0Minuten\" \/>\n<script type=\"application\/ld+json\" class=\"yoast-schema-graph\">{\"@context\":\"https:\\\/\\\/schema.org\",\"@graph\":[{\"@type\":\"Article\",\"@id\":\"https:\\\/\\\/schoenstatt.com\\\/de\\\/pilgerheiligtumsfest-in-vietnam\\\/#article\",\"isPartOf\":{\"@id\":\"https:\\\/\\\/schoenstatt.com\\\/de\\\/pilgerheiligtumsfest-in-vietnam\\\/\"},\"author\":{\"name\":\"Karen Bueno\",\"@id\":\"https:\\\/\\\/schoenstatt.com\\\/de\\\/#\\\/schema\\\/person\\\/5158877ad4acae98b34daaeef2a1ce6e\"},\"headline\":\"Pilgerheiligtumsfest in Vietnam\",\"datePublished\":\"2023-10-27T04:00:11+00:00\",\"dateModified\":\"2025-05-15T17:50:53+00:00\",\"mainEntityOfPage\":{\"@id\":\"https:\\\/\\\/schoenstatt.com\\\/de\\\/pilgerheiligtumsfest-in-vietnam\\\/\"},\"wordCount\":442,\"publisher\":{\"@id\":\"https:\\\/\\\/schoenstatt.com\\\/de\\\/#organization\"},\"image\":{\"@id\":\"https:\\\/\\\/schoenstatt.com\\\/de\\\/pilgerheiligtumsfest-in-vietnam\\\/#primaryimage\"},\"thumbnailUrl\":\"https:\\\/\\\/schoenstatt.com\\\/wp-content\\\/uploads\\\/2023\\\/10\\\/virgen-peregrina-Pilgerheiligtum-vietnam-1.jpg\",\"articleSection\":[\"L\u00e4nder\"],\"inLanguage\":\"de\"},{\"@type\":\"WebPage\",\"@id\":\"https:\\\/\\\/schoenstatt.com\\\/de\\\/pilgerheiligtumsfest-in-vietnam\\\/\",\"url\":\"https:\\\/\\\/schoenstatt.com\\\/de\\\/pilgerheiligtumsfest-in-vietnam\\\/\",\"name\":\"Pilgerheiligtumsfest in Vietnam - Schoenstatt\",\"isPartOf\":{\"@id\":\"https:\\\/\\\/schoenstatt.com\\\/de\\\/#website\"},\"primaryImageOfPage\":{\"@id\":\"https:\\\/\\\/schoenstatt.com\\\/de\\\/pilgerheiligtumsfest-in-vietnam\\\/#primaryimage\"},\"image\":{\"@id\":\"https:\\\/\\\/schoenstatt.com\\\/de\\\/pilgerheiligtumsfest-in-vietnam\\\/#primaryimage\"},\"thumbnailUrl\":\"https:\\\/\\\/schoenstatt.com\\\/wp-content\\\/uploads\\\/2023\\\/10\\\/virgen-peregrina-Pilgerheiligtum-vietnam-1.jpg\",\"datePublished\":\"2023-10-27T04:00:11+00:00\",\"dateModified\":\"2025-05-15T17:50:53+00:00\",\"description\":\"Es geschehen wirklich Wunder! Das Pilgerheiligtum verbindet die ganze Welt: Das gro\u00dfe Pilgerheiligtumsfest in Ph\u01b0\u01a1ng L\u00e2m, Vietnam.\",\"breadcrumb\":{\"@id\":\"https:\\\/\\\/schoenstatt.com\\\/de\\\/pilgerheiligtumsfest-in-vietnam\\\/#breadcrumb\"},\"inLanguage\":\"de\",\"potentialAction\":[{\"@type\":\"ReadAction\",\"target\":[\"https:\\\/\\\/schoenstatt.com\\\/de\\\/pilgerheiligtumsfest-in-vietnam\\\/\"]}]},{\"@type\":\"ImageObject\",\"inLanguage\":\"de\",\"@id\":\"https:\\\/\\\/schoenstatt.com\\\/de\\\/pilgerheiligtumsfest-in-vietnam\\\/#primaryimage\",\"url\":\"https:\\\/\\\/schoenstatt.com\\\/wp-content\\\/uploads\\\/2023\\\/10\\\/virgen-peregrina-Pilgerheiligtum-vietnam-1.jpg\",\"contentUrl\":\"https:\\\/\\\/schoenstatt.com\\\/wp-content\\\/uploads\\\/2023\\\/10\\\/virgen-peregrina-Pilgerheiligtum-vietnam-1.jpg\",\"width\":2048,\"height\":1461},{\"@type\":\"BreadcrumbList\",\"@id\":\"https:\\\/\\\/schoenstatt.com\\\/de\\\/pilgerheiligtumsfest-in-vietnam\\\/#breadcrumb\",\"itemListElement\":[{\"@type\":\"ListItem\",\"position\":1,\"name\":\"Portada\",\"item\":\"https:\\\/\\\/schoenstatt.com\\\/de\\\/home\\\/\"},{\"@type\":\"ListItem\",\"position\":2,\"name\":\"Pilgerheiligtumsfest in Vietnam\"}]},{\"@type\":\"WebSite\",\"@id\":\"https:\\\/\\\/schoenstatt.com\\\/de\\\/#website\",\"url\":\"https:\\\/\\\/schoenstatt.com\\\/de\\\/\",\"name\":\"Schoenstatt\",\"description\":\"Apostolic Movement\",\"publisher\":{\"@id\":\"https:\\\/\\\/schoenstatt.com\\\/de\\\/#organization\"},\"potentialAction\":[{\"@type\":\"SearchAction\",\"target\":{\"@type\":\"EntryPoint\",\"urlTemplate\":\"https:\\\/\\\/schoenstatt.com\\\/de\\\/?s={search_term_string}\"},\"query-input\":{\"@type\":\"PropertyValueSpecification\",\"valueRequired\":true,\"valueName\":\"search_term_string\"}}],\"inLanguage\":\"de\"},{\"@type\":\"Organization\",\"@id\":\"https:\\\/\\\/schoenstatt.com\\\/de\\\/#organization\",\"name\":\"Schoenstatt\",\"url\":\"https:\\\/\\\/schoenstatt.com\\\/de\\\/\",\"logo\":{\"@type\":\"ImageObject\",\"inLanguage\":\"de\",\"@id\":\"https:\\\/\\\/schoenstatt.com\\\/de\\\/#\\\/schema\\\/logo\\\/image\\\/\",\"url\":\"https:\\\/\\\/schoenstatt.com\\\/wp-content\\\/uploads\\\/2025\\\/04\\\/logo-schoenstatt-white-696x696-1.png\",\"contentUrl\":\"https:\\\/\\\/schoenstatt.com\\\/wp-content\\\/uploads\\\/2025\\\/04\\\/logo-schoenstatt-white-696x696-1.png\",\"width\":696,\"height\":694,\"caption\":\"Schoenstatt\"},\"image\":{\"@id\":\"https:\\\/\\\/schoenstatt.com\\\/de\\\/#\\\/schema\\\/logo\\\/image\\\/\"}},{\"@type\":\"Person\",\"@id\":\"https:\\\/\\\/schoenstatt.com\\\/de\\\/#\\\/schema\\\/person\\\/5158877ad4acae98b34daaeef2a1ce6e\",\"name\":\"Karen Bueno\",\"image\":{\"@type\":\"ImageObject\",\"inLanguage\":\"de\",\"@id\":\"https:\\\/\\\/secure.gravatar.com\\\/avatar\\\/f9f4b823873154269d2b2130f195f6d41037dd0d7fc5f3cacb5c846bae70d66b?s=96&d=mm&r=g\",\"url\":\"https:\\\/\\\/secure.gravatar.com\\\/avatar\\\/f9f4b823873154269d2b2130f195f6d41037dd0d7fc5f3cacb5c846bae70d66b?s=96&d=mm&r=g\",\"contentUrl\":\"https:\\\/\\\/secure.gravatar.com\\\/avatar\\\/f9f4b823873154269d2b2130f195f6d41037dd0d7fc5f3cacb5c846bae70d66b?s=96&d=mm&r=g\",\"caption\":\"Karen Bueno\"},\"url\":\"https:\\\/\\\/schoenstatt.com\\\/de\\\/author\\\/karen-bueno\\\/\"}]}<\/script>\n<!-- \/ Yoast SEO Premium plugin. -->","yoast_head_json":{"title":"Pilgerheiligtumsfest in Vietnam - Schoenstatt","description":"Es geschehen wirklich Wunder! Das Pilgerheiligtum verbindet die ganze Welt: Das gro\u00dfe Pilgerheiligtumsfest in Ph\u01b0\u01a1ng L\u00e2m, Vietnam.","robots":{"index":"index","follow":"follow","max-snippet":"max-snippet:-1","max-image-preview":"max-image-preview:large","max-video-preview":"max-video-preview:-1"},"canonical":"https:\/\/schoenstatt.com\/de\/pilgerheiligtumsfest-in-vietnam\/","og_locale":"de_DE","og_type":"article","og_title":"Pilgerheiligtumsfest in Vietnam","og_description":"Es geschehen wirklich Wunder! Das Pilgerheiligtum verbindet die ganze Welt: Das gro\u00dfe Pilgerheiligtumsfest in Ph\u01b0\u01a1ng L\u00e2m, Vietnam.","og_url":"https:\/\/schoenstatt.com\/de\/pilgerheiligtumsfest-in-vietnam\/","og_site_name":"Schoenstatt","article_published_time":"2023-10-27T04:00:11+00:00","article_modified_time":"2025-05-15T17:50:53+00:00","og_image":[{"width":2048,"height":1461,"url":"https:\/\/schoenstatt.com\/wp-content\/uploads\/2023\/10\/virgen-peregrina-Pilgerheiligtum-vietnam-1.jpg","type":"image\/jpeg"}],"author":"Karen Bueno","twitter_card":"summary_large_image","twitter_misc":{"Verfasst von":"Karen Bueno","Gesch\u00e4tzte Lesezeit":"3\u00a0Minuten"},"schema":{"@context":"https:\/\/schema.org","@graph":[{"@type":"Article","@id":"https:\/\/schoenstatt.com\/de\/pilgerheiligtumsfest-in-vietnam\/#article","isPartOf":{"@id":"https:\/\/schoenstatt.com\/de\/pilgerheiligtumsfest-in-vietnam\/"},"author":{"name":"Karen Bueno","@id":"https:\/\/schoenstatt.com\/de\/#\/schema\/person\/5158877ad4acae98b34daaeef2a1ce6e"},"headline":"Pilgerheiligtumsfest in Vietnam","datePublished":"2023-10-27T04:00:11+00:00","dateModified":"2025-05-15T17:50:53+00:00","mainEntityOfPage":{"@id":"https:\/\/schoenstatt.com\/de\/pilgerheiligtumsfest-in-vietnam\/"},"wordCount":442,"publisher":{"@id":"https:\/\/schoenstatt.com\/de\/#organization"},"image":{"@id":"https:\/\/schoenstatt.com\/de\/pilgerheiligtumsfest-in-vietnam\/#primaryimage"},"thumbnailUrl":"https:\/\/schoenstatt.com\/wp-content\/uploads\/2023\/10\/virgen-peregrina-Pilgerheiligtum-vietnam-1.jpg","articleSection":["L\u00e4nder"],"inLanguage":"de"},{"@type":"WebPage","@id":"https:\/\/schoenstatt.com\/de\/pilgerheiligtumsfest-in-vietnam\/","url":"https:\/\/schoenstatt.com\/de\/pilgerheiligtumsfest-in-vietnam\/","name":"Pilgerheiligtumsfest in Vietnam - Schoenstatt","isPartOf":{"@id":"https:\/\/schoenstatt.com\/de\/#website"},"primaryImageOfPage":{"@id":"https:\/\/schoenstatt.com\/de\/pilgerheiligtumsfest-in-vietnam\/#primaryimage"},"image":{"@id":"https:\/\/schoenstatt.com\/de\/pilgerheiligtumsfest-in-vietnam\/#primaryimage"},"thumbnailUrl":"https:\/\/schoenstatt.com\/wp-content\/uploads\/2023\/10\/virgen-peregrina-Pilgerheiligtum-vietnam-1.jpg","datePublished":"2023-10-27T04:00:11+00:00","dateModified":"2025-05-15T17:50:53+00:00","description":"Es geschehen wirklich Wunder! Das Pilgerheiligtum verbindet die ganze Welt: Das gro\u00dfe Pilgerheiligtumsfest in Ph\u01b0\u01a1ng L\u00e2m, Vietnam.","breadcrumb":{"@id":"https:\/\/schoenstatt.com\/de\/pilgerheiligtumsfest-in-vietnam\/#breadcrumb"},"inLanguage":"de","potentialAction":[{"@type":"ReadAction","target":["https:\/\/schoenstatt.com\/de\/pilgerheiligtumsfest-in-vietnam\/"]}]},{"@type":"ImageObject","inLanguage":"de","@id":"https:\/\/schoenstatt.com\/de\/pilgerheiligtumsfest-in-vietnam\/#primaryimage","url":"https:\/\/schoenstatt.com\/wp-content\/uploads\/2023\/10\/virgen-peregrina-Pilgerheiligtum-vietnam-1.jpg","contentUrl":"https:\/\/schoenstatt.com\/wp-content\/uploads\/2023\/10\/virgen-peregrina-Pilgerheiligtum-vietnam-1.jpg","width":2048,"height":1461},{"@type":"BreadcrumbList","@id":"https:\/\/schoenstatt.com\/de\/pilgerheiligtumsfest-in-vietnam\/#breadcrumb","itemListElement":[{"@type":"ListItem","position":1,"name":"Portada","item":"https:\/\/schoenstatt.com\/de\/home\/"},{"@type":"ListItem","position":2,"name":"Pilgerheiligtumsfest in Vietnam"}]},{"@type":"WebSite","@id":"https:\/\/schoenstatt.com\/de\/#website","url":"https:\/\/schoenstatt.com\/de\/","name":"Schoenstatt","description":"Apostolic Movement","publisher":{"@id":"https:\/\/schoenstatt.com\/de\/#organization"},"potentialAction":[{"@type":"SearchAction","target":{"@type":"EntryPoint","urlTemplate":"https:\/\/schoenstatt.com\/de\/?s={search_term_string}"},"query-input":{"@type":"PropertyValueSpecification","valueRequired":true,"valueName":"search_term_string"}}],"inLanguage":"de"},{"@type":"Organization","@id":"https:\/\/schoenstatt.com\/de\/#organization","name":"Schoenstatt","url":"https:\/\/schoenstatt.com\/de\/","logo":{"@type":"ImageObject","inLanguage":"de","@id":"https:\/\/schoenstatt.com\/de\/#\/schema\/logo\/image\/","url":"https:\/\/schoenstatt.com\/wp-content\/uploads\/2025\/04\/logo-schoenstatt-white-696x696-1.png","contentUrl":"https:\/\/schoenstatt.com\/wp-content\/uploads\/2025\/04\/logo-schoenstatt-white-696x696-1.png","width":696,"height":694,"caption":"Schoenstatt"},"image":{"@id":"https:\/\/schoenstatt.com\/de\/#\/schema\/logo\/image\/"}},{"@type":"Person","@id":"https:\/\/schoenstatt.com\/de\/#\/schema\/person\/5158877ad4acae98b34daaeef2a1ce6e","name":"Karen Bueno","image":{"@type":"ImageObject","inLanguage":"de","@id":"https:\/\/secure.gravatar.com\/avatar\/f9f4b823873154269d2b2130f195f6d41037dd0d7fc5f3cacb5c846bae70d66b?s=96&d=mm&r=g","url":"https:\/\/secure.gravatar.com\/avatar\/f9f4b823873154269d2b2130f195f6d41037dd0d7fc5f3cacb5c846bae70d66b?s=96&d=mm&r=g","contentUrl":"https:\/\/secure.gravatar.com\/avatar\/f9f4b823873154269d2b2130f195f6d41037dd0d7fc5f3cacb5c846bae70d66b?s=96&d=mm&r=g","caption":"Karen Bueno"},"url":"https:\/\/schoenstatt.com\/de\/author\/karen-bueno\/"}]}},"_links":{"self":[{"href":"https:\/\/schoenstatt.com\/de\/wp-json\/wp\/v2\/posts\/33269","targetHints":{"allow":["GET"]}}],"collection":[{"href":"https:\/\/schoenstatt.com\/de\/wp-json\/wp\/v2\/posts"}],"about":[{"href":"https:\/\/schoenstatt.com\/de\/wp-json\/wp\/v2\/types\/post"}],"author":[{"embeddable":true,"href":"https:\/\/schoenstatt.com\/de\/wp-json\/wp\/v2\/users\/3"}],"replies":[{"embeddable":true,"href":"https:\/\/schoenstatt.com\/de\/wp-json\/wp\/v2\/comments?post=33269"}],"version-history":[{"count":1,"href":"https:\/\/schoenstatt.com\/de\/wp-json\/wp\/v2\/posts\/33269\/revisions"}],"predecessor-version":[{"id":46404,"href":"https:\/\/schoenstatt.com\/de\/wp-json\/wp\/v2\/posts\/33269\/revisions\/46404"}],"wp:featuredmedia":[{"embeddable":true,"href":"https:\/\/schoenstatt.com\/de\/wp-json\/wp\/v2\/media\/33259"}],"wp:attachment":[{"href":"https:\/\/schoenstatt.com\/de\/wp-json\/wp\/v2\/media?parent=33269"}],"wp:term":[{"taxonomy":"category","embeddable":true,"href":"https:\/\/schoenstatt.com\/de\/wp-json\/wp\/v2\/categories?post=33269"},{"taxonomy":"post_tag","embeddable":true,"href":"https:\/\/schoenstatt.com\/de\/wp-json\/wp\/v2\/tags?post=33269"}],"curies":[{"name":"wp","href":"https:\/\/api.w.org\/{rel}","templated":true}]}}