{"id":33199,"date":"2023-10-25T19:15:47","date_gmt":"2023-10-25T17:15:47","guid":{"rendered":"https:\/\/schoenstatt.com\/?p=33199"},"modified":"2025-05-15T19:50:54","modified_gmt":"2025-05-15T17:50:54","slug":"zuversicht-in-den-rissen-schaffst-du-raum","status":"publish","type":"post","link":"https:\/\/schoenstatt.com\/de\/zuversicht-in-den-rissen-schaffst-du-raum\/","title":{"rendered":"Zuversicht \u2013 in den Rissen schaffst du Raum"},"content":{"rendered":"<p>Dazu ist einerseits die Begegnung an sich und der Austausch unter den knapp dreihundert Teilnehmenden ein wichtiger Faktor, andererseits ist es auch der Input durch unterschiedliche Referenten, die sich mit dem neuen Jahresmotto der Bewegung: \u201eZuversicht \u2013 in den Rissen schaffst du Raum\u201c auseinandersetzten.<\/p>\n<h3>Risse \u00f6ffnen den Blick zum Heiligen<\/h3>\n<p>Nach einem \u201eTreffpunkt Urheiligtum\u201c mit Abendsegen und Begegnung am Freitagabend beginnt das Oktobertreffen mit einer Eucharistiefeier in der Dreifaltigkeitskirche auf Berg Sch\u00f6nstatt.<\/p>\n<p>Pater Lothar Herter macht in seiner Predigt das aktuelle Weltgeschehen, vor allem die j\u00fcngsten Ereignisse in Israel und Pal\u00e4stina, in ihrer ganzen erschreckenden Tragweite pr\u00e4sent. Gleichzeitig zeichnet er ein Bild von Gott, der solidarisch und mitbetroffen vom tiefen Leid, sein Erbarmen und seine Liebe anbietet: Dass der Vorhang des Tempels entzweiriss, als Jesus am Kreuz starb, habe den Blick zum Heiligtum ge\u00f6ffnet. Das Heiligtum sei dadurch \u00fcberall gewesen, Gott k\u00f6nne \u00fcberall gefunden werden. Er suche \u2013 und damit stellte Pater Herter den Bezug zum Jahresmotto her \u2013 in den Rissen, die er erlebe, eine doppelte Zuversicht.<\/p>\n<figure id=\"attachment_33224\" aria-describedby=\"caption-attachment-33224\" style=\"width: 1020px\" class=\"wp-caption aligncenter\"><img fetchpriority=\"high\" decoding=\"async\" class=\"wp-image-33224\" src=\"https:\/\/schoenstatt.com\/wp-content\/uploads\/2023\/10\/Schoenstatt_Oktobertreffen_FotoKlausKroeper-4.jpg\" alt=\"\" width=\"1020\" height=\"510\" \/><figcaption id=\"caption-attachment-33224\" class=\"wp-caption-text\">Knapp 300 Teilnehmende sind in der Aula der Anbetungskirche zum Oktobertreffen 2023 versammelt (Foto: Klaus Kr\u00f6per)<\/figcaption><\/figure>\n<h2>Beim Hineingehen in die Risse wird etwas dazugeschenkt<\/h2>\n<p>Die Moderatorin des Tages, Stephanie Pascual Jova, Lehrerin am Gymnasium f\u00fcr Deutsch und kath. Religion in Konstanz, \u00fcbergibt nach einer Programm\u00fcbersicht das Wort an Pater Ludwig G\u00fcthlein. Im Sinne eines thematischen Einstiegs berichtet der Leiter der Sch\u00f6nstatt-Bewegung Deutschland vom Anliegen der Delegiertentagung, auf der das Jahresmotto gefunden wurde, dass mit dem Wort Zuversicht die Risse nicht \u00fcberdeckt werden sollen. Vielmehr soll das Vertrauen zum Ausdruck kommen, dass beim Hineingehen in die Risse etwas dazugeschenkt wird.<\/p>\n<h2>In den Rissen \u2026 Strukturlinien einer neuen Zeit<\/h2>\n<figure id=\"attachment_33212\" aria-describedby=\"caption-attachment-33212\" style=\"width: 1008px\" class=\"wp-caption aligncenter\"><img decoding=\"async\" class=\"wp-image-33212\" src=\"https:\/\/schoenstatt.com\/wp-content\/uploads\/2023\/10\/Schoenstatt_Oktobertreffen_FotoKlausKroeper3.jpg\" alt=\"\" width=\"1008\" height=\"504\" \/><figcaption id=\"caption-attachment-33212\" class=\"wp-caption-text\">Prof. Dr. Joachim S\u00f6der, Professor f\u00fcr Philosophie an der Katholischen Hochschule NRW, Abt. Aachen (Foto: Klaus Kr\u00f6per)<\/figcaption><\/figure>\n<p>Thematisch ist der Vormittag zun\u00e4chst den \u201eRissen\u201c gewidmet. Prof. Dr. Joachim S\u00f6der, Professor f\u00fcr Philosophie an der Katholischen Hochschule NRW, Abt. Aachen, hat die Aufgabe \u00fcbernommen, mit seinem Vortrag <a href=\"https:\/\/www.schoenstatt.de\/de\/news\/6278\/112\/In-den-Rissen-Strukturlinien-einer-neuen-Zeit.htm\" target=\"_blank\" rel=\"noopener\">\u201eIn den Rissen \u2026 Strukturlinien einer neuen Zeit\u201c<\/a> die Teilnehmenden mit aktuellen Entwicklungen und m\u00f6glichen Einordnungen zu konfrontieren.<\/p>\n<p>Er benennt als die drei tiefen Risse, die drei Bruchkanten, die die aktuelle Zeit charakterisieren die \u201eVermassung versus Selbstoptimierung\u201c, den vor allem den kirchlichen Bereich betreffenden Trend \u201eBelonging without believing\u201c versus \u201eBelieving without belonging\u201c und den Riss \u201ePost-Christlich versus Post-S\u00e4kular.\u201c Dass sich gerade in der Kluft zwischen den jeweiligen Risskanten ein Raum f\u00fcr Neues \u00f6ffne, sei das eigentlich Spannende in dieser Situation.<\/p>\n<h3>In den Rissen\u2026 Biographie und Sendung Pater Josef Kentenichs<\/h3>\n<figure id=\"attachment_33208\" aria-describedby=\"caption-attachment-33208\" style=\"width: 990px\" class=\"wp-caption aligncenter\"><img decoding=\"async\" class=\"wp-image-33208\" src=\"https:\/\/schoenstatt.com\/wp-content\/uploads\/2023\/10\/Schoenstatt_Oktobertreffen_FotoKlausKroeper-5.jpg\" alt=\"\" width=\"990\" height=\"495\" \/><figcaption id=\"caption-attachment-33208\" class=\"wp-caption-text\">Schwester Francine-Marie Cooper, Sch\u00f6nst\u00e4tter Marienschwester (Foto: Klaus Kr\u00f6per)<\/figcaption><\/figure>\n<p>Biographie und Sendung Pater Kentenichs ist <a href=\"https:\/\/www.schoenstatt.de\/de\/news\/6279\/112\/In-den-Rissen-Biographie-und-Sendung-Pater-Josef-Kentenichs.htm\" target=\"_blank\" rel=\"noopener\">Thema des Beitrages<\/a> von Schwester Francine-Marie Cooper, Sch\u00f6nst\u00e4tter Marienschwester, Produzentin des Doku-Dramas \u201eEiner muss vorangehen\u201c. Schwester Francine-Marie beschreibt eindrucksvoll in ihrem Film, der inzwischen in neun Sprachen \u00fcbersetzt wurde, wie aus den Rissen im Leben Pater Kentenichs immer etwas Neues entstanden ist. Kentenich habe Auseinandersetzungen und Brucherfahrungen in seinem Leben benutzt, um zu lernen und nach L\u00f6sungen zu suchen.<\/p>\n<h3>Schl\u00fcssel zur spirituellen Erneuerung: organisches Wachsen zwischen Freiheit und Bindung<\/h3>\n<figure id=\"attachment_33204\" aria-describedby=\"caption-attachment-33204\" style=\"width: 1016px\" class=\"wp-caption aligncenter\"><img loading=\"lazy\" decoding=\"async\" class=\"wp-image-33204\" src=\"https:\/\/schoenstatt.com\/wp-content\/uploads\/2023\/10\/Schoenstatt_Oktobertreffen_FotoKlausKroeper-7.jpg\" alt=\"\" width=\"1016\" height=\"508\" \/><figcaption id=\"caption-attachment-33204\" class=\"wp-caption-text\">Prof. Dr. Rita P\u00e9csi, Professorin an der Katholischen Hochschule Apor Vilmos in V\u00e1c bei Budapest, Ungarn (Foto: Klaus Kr\u00f6per)<\/figcaption><\/figure>\n<p>Der Nachmittag stellt die R\u00e4ume, die sich aus Rissen ergeben k\u00f6nnen ins Zentrum. Zum Auftakt gibt es einen weiteren Input von Prof. Dr. Rita P\u00e9csi, Professorin an der Katholischen Hochschule Apor Vilmos in V\u00e1c bei Budapest, Ungarn. Sie zeigt unter dem Thema <a href=\"https:\/\/www.schoenstatt.de\/de\/news\/6280\/112\/Fliege-mein-Schiff-es-gibt-kein-Wasser.htm\" target=\"_blank\" rel=\"noopener\">\u201eSchl\u00fcssel zur spirituellen Erneuerung: organisches Wachsen zwischen Freiheit und Bindung\u201c<\/a> Ansatzpunkte und Antworten auf, die in der p\u00e4dagogischen Spiritualit\u00e4t Sch\u00f6nstatts gewachsen sind.<\/p>\n<p>Mit dem biblischen Vergleich: neuer Wein braucht neue Schl\u00e4uche, charakterisiert sie die alten Schl\u00e4uche als die auf allen Ebenen im Moment stattfindende mechanistische Denk- und Lebensweise. Die neuen Schl\u00e4uche stellten die organische Sicht- und Wirkweise dar. Diese habe den ganzen Menschen im Blick, umfange ihn in seiner Ganzheit.<\/p>\n<h3>Austauschgruppen mit den Referenten<\/h3>\n<p>Danach sind alle Teilnehmenden in Austauschgruppen in Gespr\u00e4chen mit den Referenten aufgefordert, sich mit den Rissen und den sich daraus ergebenden M\u00f6glichkeiten vertiefend zu besch\u00e4ftigen. Zus\u00e4tzlich gibt es auf dem Hintergrund der aktuell laufenden Weltsynode eine Austauschgruppe zur \u201eImpulse f\u00fcr eine Kirche von morgen\u201c.<\/p>\n<figure id=\"attachment_33216\" aria-describedby=\"caption-attachment-33216\" style=\"width: 1022px\" class=\"wp-caption aligncenter\"><img loading=\"lazy\" decoding=\"async\" class=\"wp-image-33216\" src=\"https:\/\/schoenstatt.com\/wp-content\/uploads\/2023\/10\/Schoenstatt_Oktobertreffen_FotoKlausKroeper-8.jpg\" alt=\"\" width=\"1022\" height=\"511\" \/><figcaption id=\"caption-attachment-33216\" class=\"wp-caption-text\">&#8222;Impulse f\u00fcr eine Kirche von morgen&#8220; &#8211; Moderation: Stephanie Pascual Jova, Schwester M. Anrika Dold, Rebekka Bischof und Maria Pelz (v.l.) (Foto: Klaus Kr\u00f6per)<\/figcaption><\/figure>\n<p>Drei Referentinnen berichten dort aus drei ganz unterschiedlichen Erfahrungsfeldern, in denen sie hoffnungsvolle Neuans\u00e4tze f\u00fcr Kirche erlebt haben:<\/p>\n<p><strong>&#8211; Maria Pelz<\/strong>, die beim \u201eEurop\u00e4ischen Kontinentaltreffen zur Vorbereitung der Weltsynode\u201c in Prag dabei sein konnte, weist auf die synodalen Strukturelemente der Sch\u00f6nstatt-Bewegung hin und l\u00e4dt ein, an der Haltung Pater Kentenichs abzulesen, wie man sich an der Lehre der Kirche freuen und treu zu ihr stehen und gleichzeitig, wo n\u00f6tig, konstruktive Kritik einbringen kann.<\/p>\n<p><strong>&#8211; Schwester M. Anrika Dold<\/strong> berichtet von ihren Erfahrungen bei der \u201eDennoch Konferenz\u201c in Hamburg, die sich an Aufbruchskr\u00e4fte aus den verschiedensten Kirchen richtete und von der viel Inspiration, Austausch, Bildung und Training an einem Wochenende ausging.<\/p>\n<p><strong>&#8211; Rebekka Bischof<\/strong>, Gr\u00fcndungsmitglied des deutschlandweiten Netzwerkes \u201eJugend f\u00fcr Kirche\u201c, stellt die Leitlinien dieser Initiative vor. \u201eWir geben Zeugnis davon, dass junge Menschen heute Jesus in gro\u00dfer spiritueller Vielfalt nachfolgen \u2013 in Liebe und Treue zu Christus und seiner Kirche\u201c.<\/p>\n<p>Das Publikum ist eingeladen, von eigenen Zuversichts-Erlebnissen in der derzeitigen kirchlichen Situation zu berichten. Deutlich wird in allen Beitr\u00e4gen, dass Beziehung, Verbundenheit und Freude am Glauben f\u00fcr die Kirche der Zukunft von zentraler Bedeutung sind.<\/p>\n<h3>Zuversicht: Zeugnisse aus dem Leben \u2013 Wege gestalten<\/h3>\n<p>Nach den Austauschgruppen liegt der Fokus auf Zuversicht. F\u00fcnf Zeugnisse aus verschiedensten Berufs- und Lebensfeldern geben dem neuen Jahresmotto eine beeindruckende Tiefe. \u201eDas geschieht nur\u201c, so Moderatorin Stephanie Pascual Jova, \u201ewenn Menschen bereit sind, ihr Herz ein St\u00fcck weit zu \u00f6ffnen.\u201c<\/p>\n<h2>\u201eZuversicht &#8211; risk it!\u201c<\/h2>\n<figure id=\"attachment_33220\" aria-describedby=\"caption-attachment-33220\" style=\"width: 1026px\" class=\"wp-caption aligncenter\"><img loading=\"lazy\" decoding=\"async\" class=\"wp-image-33220\" src=\"https:\/\/schoenstatt.com\/wp-content\/uploads\/2023\/10\/Schoenstatt_Oktobertreffen_FotoKlausKroeper-10.jpg\" alt=\"\" width=\"1026\" height=\"513\" \/><figcaption id=\"caption-attachment-33220\" class=\"wp-caption-text\">Moderatorin Stephanie Pascual Jova und Pater Ludwig G\u00fcthlein ISch, Leiter der Sch\u00f6nstatt-Bewegung Deutschland (Foto: Klaus Kr\u00f6per)<\/figcaption><\/figure>\n<p>Mit den drei Stichworten \u201eRisse\u201c, \u201eMiteinander Raum\u201c und \u201eG\u00f6ttliche Zuversicht\u201c fasst Pater Ludwig G\u00fcthlein das Oktobertreffen 2023 zusammen. Risse schaue man nicht gern an. Aber der Versuch, den Riss nicht wahrhaben zu wollen, verhindere den Kontakt zur Realit\u00e4t. Bei aller Freude \u00fcber Ideales sei der Riss, das Realit\u00e4tsm\u00e4chtige wichtig, um die Gr\u00f6\u00dfe der Realit\u00e4t wahrzunehmen.<\/p>\n<p>Er sei dankbar \u2013 so der Bewegungsleiter \u2013 \u201ewenn wir auf die Risse auch in unserem Bewegungs-Alltag schauen, weil wir merken, dass Vermeiden Wachstum verhindert. Das Hinschauen in einer guten, ehrf\u00fcrchtigen Weise f\u00fchrt zum Wachstum.\u201c Der Raum, der es m\u00f6glich mache, dass Risse auch Wachstum bedeuten, sei der \u201eMiteinander-Raum\u201c.<\/p>\n<p>Der intensive Tag m\u00fcndet am Abend in ein gemeinsames Abendgebet, das in der Pilgerkirche beginnt und am Urheiligtum mit der B\u00fcndniserneuerung endet. Beim sich anschlie\u00dfenden Lagerfeuer am Pilgerhaus gibt es Gelegenheit zur Begegnung und zum weiteren Austausch.<\/p>\n<p>Quelle: schoenstatt.de<\/p>\n","protected":false},"excerpt":{"rendered":"<p>Am heutigen Samstag (21. Oktober 2021) hat die Sch\u00f6nstatt-Bewegung Deutschland zu ihrem j\u00e4hrlich stattfindenden Oktober-Treffen eingeladen. Der Tag dient dazu, Mitglieder der Bewegung aus den unterschiedlichen Gemeinschaften und Projekten sowie Freunde und Interessierte gemeinsam auf die Mitte Oktober beginnende neue Jahresarbeit einzustimmen. <\/p>\n","protected":false},"author":3,"featured_media":33200,"comment_status":"closed","ping_status":"closed","sticky":false,"template":"","format":"standard","meta":{"footnotes":""},"categories":[678],"tags":[],"class_list":["post-33199","post","type-post","status-publish","format-standard","has-post-thumbnail","hentry","category-lander-de"],"yoast_head":"<!-- This site is optimized with the Yoast SEO Premium plugin v27.4 (Yoast SEO v27.4) - https:\/\/yoast.com\/product\/yoast-seo-premium-wordpress\/ -->\n<title>Zuversicht \u2013 in den Rissen schaffst du Raum - Schoenstatt<\/title>\n<meta name=\"description\" content=\"Oktober-Treffen der Sch\u00f6nstatt-Bewegung in Deutschland bringt 300 Personen zusammen: Zuversicht \u2013 in den Rissen schaffst du Raum\" \/>\n<meta name=\"robots\" content=\"index, follow, max-snippet:-1, max-image-preview:large, max-video-preview:-1\" \/>\n<link rel=\"canonical\" href=\"https:\/\/schoenstatt.com\/de\/zuversicht-in-den-rissen-schaffst-du-raum\/\" \/>\n<meta property=\"og:locale\" content=\"de_DE\" \/>\n<meta property=\"og:type\" content=\"article\" \/>\n<meta property=\"og:title\" content=\"Zuversicht \u2013 in den Rissen schaffst du Raum\" \/>\n<meta property=\"og:description\" content=\"Oktober-Treffen der Sch\u00f6nstatt-Bewegung in Deutschland bringt 300 Personen zusammen: Zuversicht \u2013 in den Rissen schaffst du Raum\" \/>\n<meta property=\"og:url\" content=\"https:\/\/schoenstatt.com\/de\/zuversicht-in-den-rissen-schaffst-du-raum\/\" \/>\n<meta property=\"og:site_name\" content=\"Schoenstatt\" \/>\n<meta property=\"article:published_time\" content=\"2023-10-25T17:15:47+00:00\" \/>\n<meta property=\"article:modified_time\" content=\"2025-05-15T17:50:54+00:00\" \/>\n<meta property=\"og:image\" content=\"https:\/\/schoenstatt.com\/wp-content\/uploads\/2023\/10\/Schoenstatt_Oktobertreffen_FotoKlausKroeper-6-1.jpg\" \/>\n\t<meta property=\"og:image:width\" content=\"1400\" \/>\n\t<meta property=\"og:image:height\" content=\"700\" \/>\n\t<meta property=\"og:image:type\" content=\"image\/jpeg\" \/>\n<meta name=\"author\" content=\"Karen Bueno\" \/>\n<meta name=\"twitter:card\" content=\"summary_large_image\" \/>\n<meta name=\"twitter:label1\" content=\"Verfasst von\" \/>\n\t<meta name=\"twitter:data1\" content=\"Karen Bueno\" \/>\n\t<meta name=\"twitter:label2\" content=\"Gesch\u00e4tzte Lesezeit\" \/>\n\t<meta name=\"twitter:data2\" content=\"7\u00a0Minuten\" \/>\n<script type=\"application\/ld+json\" class=\"yoast-schema-graph\">{\"@context\":\"https:\\\/\\\/schema.org\",\"@graph\":[{\"@type\":\"Article\",\"@id\":\"https:\\\/\\\/schoenstatt.com\\\/de\\\/zuversicht-in-den-rissen-schaffst-du-raum\\\/#article\",\"isPartOf\":{\"@id\":\"https:\\\/\\\/schoenstatt.com\\\/de\\\/zuversicht-in-den-rissen-schaffst-du-raum\\\/\"},\"author\":{\"name\":\"Karen Bueno\",\"@id\":\"https:\\\/\\\/schoenstatt.com\\\/de\\\/#\\\/schema\\\/person\\\/5158877ad4acae98b34daaeef2a1ce6e\"},\"headline\":\"Zuversicht \u2013 in den Rissen schaffst du Raum\",\"datePublished\":\"2023-10-25T17:15:47+00:00\",\"dateModified\":\"2025-05-15T17:50:54+00:00\",\"mainEntityOfPage\":{\"@id\":\"https:\\\/\\\/schoenstatt.com\\\/de\\\/zuversicht-in-den-rissen-schaffst-du-raum\\\/\"},\"wordCount\":1210,\"publisher\":{\"@id\":\"https:\\\/\\\/schoenstatt.com\\\/de\\\/#organization\"},\"image\":{\"@id\":\"https:\\\/\\\/schoenstatt.com\\\/de\\\/zuversicht-in-den-rissen-schaffst-du-raum\\\/#primaryimage\"},\"thumbnailUrl\":\"https:\\\/\\\/schoenstatt.com\\\/wp-content\\\/uploads\\\/2023\\\/10\\\/Schoenstatt_Oktobertreffen_FotoKlausKroeper-6-1.jpg\",\"articleSection\":[\"L\u00e4nder\"],\"inLanguage\":\"de\"},{\"@type\":\"WebPage\",\"@id\":\"https:\\\/\\\/schoenstatt.com\\\/de\\\/zuversicht-in-den-rissen-schaffst-du-raum\\\/\",\"url\":\"https:\\\/\\\/schoenstatt.com\\\/de\\\/zuversicht-in-den-rissen-schaffst-du-raum\\\/\",\"name\":\"Zuversicht \u2013 in den Rissen schaffst du Raum - Schoenstatt\",\"isPartOf\":{\"@id\":\"https:\\\/\\\/schoenstatt.com\\\/de\\\/#website\"},\"primaryImageOfPage\":{\"@id\":\"https:\\\/\\\/schoenstatt.com\\\/de\\\/zuversicht-in-den-rissen-schaffst-du-raum\\\/#primaryimage\"},\"image\":{\"@id\":\"https:\\\/\\\/schoenstatt.com\\\/de\\\/zuversicht-in-den-rissen-schaffst-du-raum\\\/#primaryimage\"},\"thumbnailUrl\":\"https:\\\/\\\/schoenstatt.com\\\/wp-content\\\/uploads\\\/2023\\\/10\\\/Schoenstatt_Oktobertreffen_FotoKlausKroeper-6-1.jpg\",\"datePublished\":\"2023-10-25T17:15:47+00:00\",\"dateModified\":\"2025-05-15T17:50:54+00:00\",\"description\":\"Oktober-Treffen der Sch\u00f6nstatt-Bewegung in Deutschland bringt 300 Personen zusammen: Zuversicht \u2013 in den Rissen schaffst du Raum\",\"breadcrumb\":{\"@id\":\"https:\\\/\\\/schoenstatt.com\\\/de\\\/zuversicht-in-den-rissen-schaffst-du-raum\\\/#breadcrumb\"},\"inLanguage\":\"de\",\"potentialAction\":[{\"@type\":\"ReadAction\",\"target\":[\"https:\\\/\\\/schoenstatt.com\\\/de\\\/zuversicht-in-den-rissen-schaffst-du-raum\\\/\"]}]},{\"@type\":\"ImageObject\",\"inLanguage\":\"de\",\"@id\":\"https:\\\/\\\/schoenstatt.com\\\/de\\\/zuversicht-in-den-rissen-schaffst-du-raum\\\/#primaryimage\",\"url\":\"https:\\\/\\\/schoenstatt.com\\\/wp-content\\\/uploads\\\/2023\\\/10\\\/Schoenstatt_Oktobertreffen_FotoKlausKroeper-6-1.jpg\",\"contentUrl\":\"https:\\\/\\\/schoenstatt.com\\\/wp-content\\\/uploads\\\/2023\\\/10\\\/Schoenstatt_Oktobertreffen_FotoKlausKroeper-6-1.jpg\",\"width\":1400,\"height\":700},{\"@type\":\"BreadcrumbList\",\"@id\":\"https:\\\/\\\/schoenstatt.com\\\/de\\\/zuversicht-in-den-rissen-schaffst-du-raum\\\/#breadcrumb\",\"itemListElement\":[{\"@type\":\"ListItem\",\"position\":1,\"name\":\"Portada\",\"item\":\"https:\\\/\\\/schoenstatt.com\\\/de\\\/home\\\/\"},{\"@type\":\"ListItem\",\"position\":2,\"name\":\"Zuversicht \u2013 in den Rissen schaffst du Raum\"}]},{\"@type\":\"WebSite\",\"@id\":\"https:\\\/\\\/schoenstatt.com\\\/de\\\/#website\",\"url\":\"https:\\\/\\\/schoenstatt.com\\\/de\\\/\",\"name\":\"Schoenstatt\",\"description\":\"Apostolic Movement\",\"publisher\":{\"@id\":\"https:\\\/\\\/schoenstatt.com\\\/de\\\/#organization\"},\"potentialAction\":[{\"@type\":\"SearchAction\",\"target\":{\"@type\":\"EntryPoint\",\"urlTemplate\":\"https:\\\/\\\/schoenstatt.com\\\/de\\\/?s={search_term_string}\"},\"query-input\":{\"@type\":\"PropertyValueSpecification\",\"valueRequired\":true,\"valueName\":\"search_term_string\"}}],\"inLanguage\":\"de\"},{\"@type\":\"Organization\",\"@id\":\"https:\\\/\\\/schoenstatt.com\\\/de\\\/#organization\",\"name\":\"Schoenstatt\",\"url\":\"https:\\\/\\\/schoenstatt.com\\\/de\\\/\",\"logo\":{\"@type\":\"ImageObject\",\"inLanguage\":\"de\",\"@id\":\"https:\\\/\\\/schoenstatt.com\\\/de\\\/#\\\/schema\\\/logo\\\/image\\\/\",\"url\":\"https:\\\/\\\/schoenstatt.com\\\/wp-content\\\/uploads\\\/2025\\\/04\\\/logo-schoenstatt-white-696x696-1.png\",\"contentUrl\":\"https:\\\/\\\/schoenstatt.com\\\/wp-content\\\/uploads\\\/2025\\\/04\\\/logo-schoenstatt-white-696x696-1.png\",\"width\":696,\"height\":694,\"caption\":\"Schoenstatt\"},\"image\":{\"@id\":\"https:\\\/\\\/schoenstatt.com\\\/de\\\/#\\\/schema\\\/logo\\\/image\\\/\"}},{\"@type\":\"Person\",\"@id\":\"https:\\\/\\\/schoenstatt.com\\\/de\\\/#\\\/schema\\\/person\\\/5158877ad4acae98b34daaeef2a1ce6e\",\"name\":\"Karen Bueno\",\"image\":{\"@type\":\"ImageObject\",\"inLanguage\":\"de\",\"@id\":\"https:\\\/\\\/secure.gravatar.com\\\/avatar\\\/f9f4b823873154269d2b2130f195f6d41037dd0d7fc5f3cacb5c846bae70d66b?s=96&d=mm&r=g\",\"url\":\"https:\\\/\\\/secure.gravatar.com\\\/avatar\\\/f9f4b823873154269d2b2130f195f6d41037dd0d7fc5f3cacb5c846bae70d66b?s=96&d=mm&r=g\",\"contentUrl\":\"https:\\\/\\\/secure.gravatar.com\\\/avatar\\\/f9f4b823873154269d2b2130f195f6d41037dd0d7fc5f3cacb5c846bae70d66b?s=96&d=mm&r=g\",\"caption\":\"Karen Bueno\"},\"url\":\"https:\\\/\\\/schoenstatt.com\\\/de\\\/author\\\/karen-bueno\\\/\"}]}<\/script>\n<!-- \/ Yoast SEO Premium plugin. -->","yoast_head_json":{"title":"Zuversicht \u2013 in den Rissen schaffst du Raum - Schoenstatt","description":"Oktober-Treffen der Sch\u00f6nstatt-Bewegung in Deutschland bringt 300 Personen zusammen: Zuversicht \u2013 in den Rissen schaffst du Raum","robots":{"index":"index","follow":"follow","max-snippet":"max-snippet:-1","max-image-preview":"max-image-preview:large","max-video-preview":"max-video-preview:-1"},"canonical":"https:\/\/schoenstatt.com\/de\/zuversicht-in-den-rissen-schaffst-du-raum\/","og_locale":"de_DE","og_type":"article","og_title":"Zuversicht \u2013 in den Rissen schaffst du Raum","og_description":"Oktober-Treffen der Sch\u00f6nstatt-Bewegung in Deutschland bringt 300 Personen zusammen: Zuversicht \u2013 in den Rissen schaffst du Raum","og_url":"https:\/\/schoenstatt.com\/de\/zuversicht-in-den-rissen-schaffst-du-raum\/","og_site_name":"Schoenstatt","article_published_time":"2023-10-25T17:15:47+00:00","article_modified_time":"2025-05-15T17:50:54+00:00","og_image":[{"width":1400,"height":700,"url":"https:\/\/schoenstatt.com\/wp-content\/uploads\/2023\/10\/Schoenstatt_Oktobertreffen_FotoKlausKroeper-6-1.jpg","type":"image\/jpeg"}],"author":"Karen Bueno","twitter_card":"summary_large_image","twitter_misc":{"Verfasst von":"Karen Bueno","Gesch\u00e4tzte Lesezeit":"7\u00a0Minuten"},"schema":{"@context":"https:\/\/schema.org","@graph":[{"@type":"Article","@id":"https:\/\/schoenstatt.com\/de\/zuversicht-in-den-rissen-schaffst-du-raum\/#article","isPartOf":{"@id":"https:\/\/schoenstatt.com\/de\/zuversicht-in-den-rissen-schaffst-du-raum\/"},"author":{"name":"Karen Bueno","@id":"https:\/\/schoenstatt.com\/de\/#\/schema\/person\/5158877ad4acae98b34daaeef2a1ce6e"},"headline":"Zuversicht \u2013 in den Rissen schaffst du Raum","datePublished":"2023-10-25T17:15:47+00:00","dateModified":"2025-05-15T17:50:54+00:00","mainEntityOfPage":{"@id":"https:\/\/schoenstatt.com\/de\/zuversicht-in-den-rissen-schaffst-du-raum\/"},"wordCount":1210,"publisher":{"@id":"https:\/\/schoenstatt.com\/de\/#organization"},"image":{"@id":"https:\/\/schoenstatt.com\/de\/zuversicht-in-den-rissen-schaffst-du-raum\/#primaryimage"},"thumbnailUrl":"https:\/\/schoenstatt.com\/wp-content\/uploads\/2023\/10\/Schoenstatt_Oktobertreffen_FotoKlausKroeper-6-1.jpg","articleSection":["L\u00e4nder"],"inLanguage":"de"},{"@type":"WebPage","@id":"https:\/\/schoenstatt.com\/de\/zuversicht-in-den-rissen-schaffst-du-raum\/","url":"https:\/\/schoenstatt.com\/de\/zuversicht-in-den-rissen-schaffst-du-raum\/","name":"Zuversicht \u2013 in den Rissen schaffst du Raum - Schoenstatt","isPartOf":{"@id":"https:\/\/schoenstatt.com\/de\/#website"},"primaryImageOfPage":{"@id":"https:\/\/schoenstatt.com\/de\/zuversicht-in-den-rissen-schaffst-du-raum\/#primaryimage"},"image":{"@id":"https:\/\/schoenstatt.com\/de\/zuversicht-in-den-rissen-schaffst-du-raum\/#primaryimage"},"thumbnailUrl":"https:\/\/schoenstatt.com\/wp-content\/uploads\/2023\/10\/Schoenstatt_Oktobertreffen_FotoKlausKroeper-6-1.jpg","datePublished":"2023-10-25T17:15:47+00:00","dateModified":"2025-05-15T17:50:54+00:00","description":"Oktober-Treffen der Sch\u00f6nstatt-Bewegung in Deutschland bringt 300 Personen zusammen: Zuversicht \u2013 in den Rissen schaffst du Raum","breadcrumb":{"@id":"https:\/\/schoenstatt.com\/de\/zuversicht-in-den-rissen-schaffst-du-raum\/#breadcrumb"},"inLanguage":"de","potentialAction":[{"@type":"ReadAction","target":["https:\/\/schoenstatt.com\/de\/zuversicht-in-den-rissen-schaffst-du-raum\/"]}]},{"@type":"ImageObject","inLanguage":"de","@id":"https:\/\/schoenstatt.com\/de\/zuversicht-in-den-rissen-schaffst-du-raum\/#primaryimage","url":"https:\/\/schoenstatt.com\/wp-content\/uploads\/2023\/10\/Schoenstatt_Oktobertreffen_FotoKlausKroeper-6-1.jpg","contentUrl":"https:\/\/schoenstatt.com\/wp-content\/uploads\/2023\/10\/Schoenstatt_Oktobertreffen_FotoKlausKroeper-6-1.jpg","width":1400,"height":700},{"@type":"BreadcrumbList","@id":"https:\/\/schoenstatt.com\/de\/zuversicht-in-den-rissen-schaffst-du-raum\/#breadcrumb","itemListElement":[{"@type":"ListItem","position":1,"name":"Portada","item":"https:\/\/schoenstatt.com\/de\/home\/"},{"@type":"ListItem","position":2,"name":"Zuversicht \u2013 in den Rissen schaffst du Raum"}]},{"@type":"WebSite","@id":"https:\/\/schoenstatt.com\/de\/#website","url":"https:\/\/schoenstatt.com\/de\/","name":"Schoenstatt","description":"Apostolic Movement","publisher":{"@id":"https:\/\/schoenstatt.com\/de\/#organization"},"potentialAction":[{"@type":"SearchAction","target":{"@type":"EntryPoint","urlTemplate":"https:\/\/schoenstatt.com\/de\/?s={search_term_string}"},"query-input":{"@type":"PropertyValueSpecification","valueRequired":true,"valueName":"search_term_string"}}],"inLanguage":"de"},{"@type":"Organization","@id":"https:\/\/schoenstatt.com\/de\/#organization","name":"Schoenstatt","url":"https:\/\/schoenstatt.com\/de\/","logo":{"@type":"ImageObject","inLanguage":"de","@id":"https:\/\/schoenstatt.com\/de\/#\/schema\/logo\/image\/","url":"https:\/\/schoenstatt.com\/wp-content\/uploads\/2025\/04\/logo-schoenstatt-white-696x696-1.png","contentUrl":"https:\/\/schoenstatt.com\/wp-content\/uploads\/2025\/04\/logo-schoenstatt-white-696x696-1.png","width":696,"height":694,"caption":"Schoenstatt"},"image":{"@id":"https:\/\/schoenstatt.com\/de\/#\/schema\/logo\/image\/"}},{"@type":"Person","@id":"https:\/\/schoenstatt.com\/de\/#\/schema\/person\/5158877ad4acae98b34daaeef2a1ce6e","name":"Karen Bueno","image":{"@type":"ImageObject","inLanguage":"de","@id":"https:\/\/secure.gravatar.com\/avatar\/f9f4b823873154269d2b2130f195f6d41037dd0d7fc5f3cacb5c846bae70d66b?s=96&d=mm&r=g","url":"https:\/\/secure.gravatar.com\/avatar\/f9f4b823873154269d2b2130f195f6d41037dd0d7fc5f3cacb5c846bae70d66b?s=96&d=mm&r=g","contentUrl":"https:\/\/secure.gravatar.com\/avatar\/f9f4b823873154269d2b2130f195f6d41037dd0d7fc5f3cacb5c846bae70d66b?s=96&d=mm&r=g","caption":"Karen Bueno"},"url":"https:\/\/schoenstatt.com\/de\/author\/karen-bueno\/"}]}},"_links":{"self":[{"href":"https:\/\/schoenstatt.com\/de\/wp-json\/wp\/v2\/posts\/33199","targetHints":{"allow":["GET"]}}],"collection":[{"href":"https:\/\/schoenstatt.com\/de\/wp-json\/wp\/v2\/posts"}],"about":[{"href":"https:\/\/schoenstatt.com\/de\/wp-json\/wp\/v2\/types\/post"}],"author":[{"embeddable":true,"href":"https:\/\/schoenstatt.com\/de\/wp-json\/wp\/v2\/users\/3"}],"replies":[{"embeddable":true,"href":"https:\/\/schoenstatt.com\/de\/wp-json\/wp\/v2\/comments?post=33199"}],"version-history":[{"count":1,"href":"https:\/\/schoenstatt.com\/de\/wp-json\/wp\/v2\/posts\/33199\/revisions"}],"predecessor-version":[{"id":46398,"href":"https:\/\/schoenstatt.com\/de\/wp-json\/wp\/v2\/posts\/33199\/revisions\/46398"}],"wp:featuredmedia":[{"embeddable":true,"href":"https:\/\/schoenstatt.com\/de\/wp-json\/wp\/v2\/media\/33200"}],"wp:attachment":[{"href":"https:\/\/schoenstatt.com\/de\/wp-json\/wp\/v2\/media?parent=33199"}],"wp:term":[{"taxonomy":"category","embeddable":true,"href":"https:\/\/schoenstatt.com\/de\/wp-json\/wp\/v2\/categories?post=33199"},{"taxonomy":"post_tag","embeddable":true,"href":"https:\/\/schoenstatt.com\/de\/wp-json\/wp\/v2\/tags?post=33199"}],"curies":[{"name":"wp","href":"https:\/\/api.w.org\/{rel}","templated":true}]}}