{"id":33098,"date":"2023-10-19T19:28:08","date_gmt":"2023-10-19T17:28:08","guid":{"rendered":"https:\/\/schoenstatt.com\/?p=33098"},"modified":"2025-05-15T22:33:26","modified_gmt":"2025-05-15T20:33:26","slug":"schoenstatt-bewegung-feiert-109-gruendungstag","status":"publish","type":"post","link":"https:\/\/schoenstatt.com\/de\/schoenstatt-bewegung-feiert-109-gruendungstag\/","title":{"rendered":"Sch\u00f6nstatt-Bewegung feiert 109. Gr\u00fcndungstag"},"content":{"rendered":"<p>Weihbischof Robert Brahm, Trier, der am Morgen einen festlichen Gottesdienst in der Pilgerkirche feierte, begr\u00fc\u00dfte die Pilgerinnen und Pilger, die sich in politisch unruhigen Zeiten und vieler Katastrophen in der Welt zur Wallfahrt aufgemacht haben: \u201eSie haben sich gezielt auf den Weg nach Sch\u00f6nstatt gemacht. Es ist ein Friedensweg\u201c, so der Weihbischof. \u201eWir k\u00f6nnen die Anliegen der Welt und unsere pers\u00f6nlichen Anliegen hier vor Gott bringen.\u201c Zur Feier des \u201eSch\u00f6nstatt-Tages\u201c konnten neben vielen Einzelpilgern u.a. auch aus Indien, Afrika, Lateinamerika und Luxemburg Gruppen aus den Di\u00f6zesen Fulda, Rottenburg-Stuttgart und Limburg begr\u00fc\u00dft werden.<\/p>\n<h3>Fluchtwege \u2013 Pilgerwege \u2013 Friedenswege<\/h3>\n<p>Weihbischof Robert Brahm, der gemeinsam mit Bischof Bernard Marie Fansaka Biniama aus der Demokratischen Republik Kongo und weiteren Priestern aus verschiedenen Sch\u00f6nstatt-Gemeinschaften die Festmesse zelebrierte, charakterisierte in seiner Predigt die aktuelle Zeit als davon gepr\u00e4gt, dass viele Menschen auf dem Weg seien: \u201eauf Fluchtwegen mit viel Not und Entbehrung.\u201c<\/p>\n<p><img fetchpriority=\"high\" decoding=\"async\" class=\"aligncenter wp-image-33100 \" src=\"https:\/\/schoenstatt.com\/wp-content\/uploads\/2023\/10\/padres.jpg\" alt=\"\" width=\"941\" height=\"627\" \/><\/p>\n<p>Die Welt sei in Bewegung wie noch nie. Der Weg der Pilger heute nach Sch\u00f6nstatt, der ein \u201eFriedensweg\u201c sei, werde in der Welt\u00f6ffentlichkeit wohl wenig beachtet. Doch sei es wichtig in diesen Tagen als Pilgerinnen und Pilger unterwegs zu sein und als glaubende und betende Gemeinschaft nicht nur die pers\u00f6nlichen Sorgen, sondern besonders auch die Katastrophenmeldungen aus dem Heiligen Land vor Gott zu bringen.<\/p>\n<h2>Das Liebesb\u00fcndnis habe seine tiefe Wurzel im Vertrauen<\/h2>\n<p>Sch\u00f6nstatt habe am 18. Oktober 1914 mit einer kleinen Gruppe Jugendlicher und mit dem Liebesb\u00fcndnis begonnen. Weder f\u00fcr Juden noch f\u00fcr Christen sei der Gedanke des Bundes, des B\u00fcndnisses fremd. Schon der Prophet Hosea habe formuliert: \u201eIch verlobe dich mir auf ewig, um den Brautpreis von Gerechtigkeit und Recht, von Liebe und Erbarmen, ich verlobe dich mir um den Brautpreis der Treue: Dann wirst du den Herrn erkennen.\u201c (Hosea 2,21f) Dieses Sich gegenseitig Anvertrauen passiere jedoch immer \u201eim Stillen, unbemerkt vom allt\u00e4glichen Getriebe, vorsichtig und mit gro\u00dfer Achtsamkeit\u201c.<\/p>\n<p><img decoding=\"async\" class=\"aligncenter wp-image-33104 \" src=\"https:\/\/schoenstatt.com\/wp-content\/uploads\/2023\/10\/santuario-original-2.jpg\" alt=\"\" width=\"961\" height=\"640\" \/><\/p>\n<p>Viele Menschen h\u00e4tten sich \u00fcber die Jahrhunderte Maria anvertraut. Wenn Menschen mit Maria auf dem Weg seien, dann sei das auch die Suche nach einem m\u00fctterlichen, verst\u00e4ndnisvollen Gott, der Erbarmen habe. \u201eDer Gott Mariens ist ein einf\u00fchlsamer Gott, kein Big Brother, sondern einer, der von uns wei\u00df. Diesem Gott d\u00fcrfen wir uns anvertrauen.\u201c Die Allianz mit Maria, das <a href=\"https:\/\/schoenstatt.com\/de\/about\/spiritualitaet\/das-liebesbuendnis\/\">Liebesb\u00fcndnis<\/a>, habe seine tiefe Wurzel im Vertrauen, dass der gute Vatergott \u201eachtsam und einf\u00fchlsam\u201c sei.<\/p>\n<h3>Dank f\u00fcr vielf\u00e4ltiges Leben ums Urheiligtum<\/h3>\n<p>Nach einem vielf\u00e4ltigen Alternativprogramm f\u00fcr die anwesenden Pilger in der Mittagszeit, u.a. mit Informationen zum Liebesb\u00fcndnis und zu Sch\u00f6nstatt, mit Rosenkranzgebet, Beichtgelegenheit und Einzelsegnungen, begann ebenfalls in der Pilgerkirche die B\u00fcndnisstunde. Sie stand zun\u00e4chst im Zeichen der Erinnerung an den <a href=\"https:\/\/www.lisboa2023.org\/pt\" target=\"_blank\" rel=\"noopener\">Weltjugendtag<\/a> in Lissabon, der unter dem Thema \u201eMaria stand auf und machte sich eilig auf den Weg\u201c im Sommer diesen Jahres stattfand. Verbunden damit wurde an die Gr\u00fcndungsgeschichte Sch\u00f6nstatts in Portugal im Jahr 1960 gedacht.<\/p>\n<p>Nach einer gemeinsamen Prozession zur Gnadenkapelle fand die B\u00fcndnisstunde ihren H\u00f6hepunkt in der Erneuerung des Liebesb\u00fcndnisses. In dieser Feier wurde auch besonders daf\u00fcr gedankt, dass die Herz-Jesu-Provinz der Pallottiner bei ihrem Treffen in Friedberg am 22. Mai 2013, also vor 10 Jahren, entschieden hatte, der Sch\u00f6nstatt-Bewegung zu ihrem Hundertjahr-Jubil\u00e4um 2014 die Wallfahrtskapelle in Vallendar-Sch\u00f6nstatt sowie den angrenzenden Pilgerplatz zu schenken. In der Feier kam der Dank zum Ausdruck f\u00fcr das vielf\u00e4ltige Leben, das sich seither um das Urheiligtum entfaltet hat und f\u00fcr alle Gnaden und Gaben, die hier von der Gottesmutter t\u00e4glich geschenkt werden.<\/p>\n<p><iframe title=\"YouTube video player\" src=\"https:\/\/www.youtube.com\/embed\/EQhjT4aTTmQ?si=4C5FJ5ITkax8BRCH\" width=\"560\" height=\"315\" frameborder=\"0\" allowfullscreen=\"allowfullscreen\"><\/iframe><\/p>\n","protected":false},"excerpt":{"rendered":"<p>Unter dem Thema: \u201eDein Geschenk f\u00fcr die Menschen\u201c wurde am 18. Oktober 2023 der 109. Gr\u00fcndungstag der internationalen Sch\u00f6nstatt-Bewegung gefeiert. <\/p>\n","protected":false},"author":3,"featured_media":33108,"comment_status":"closed","ping_status":"closed","sticky":false,"template":"","format":"standard","meta":{"footnotes":""},"categories":[899],"tags":[],"class_list":["post-33098","post","type-post","status-publish","format-standard","has-post-thumbnail","hentry","category-urheiligtum-de"],"yoast_head":"<!-- This site is optimized with the Yoast SEO Premium plugin v27.4 (Yoast SEO v27.4) - https:\/\/yoast.com\/product\/yoast-seo-premium-wordpress\/ -->\n<title>Sch\u00f6nstatt-Bewegung feiert 109. Gr\u00fcndungstag - Schoenstatt<\/title>\n<meta name=\"description\" content=\"Dankbarkeit - Als glaubende und betende Gemeinschaft unterwegs \u2013 Sch\u00f6nstatt-Bewegung feiert 109. Gr\u00fcndungstag.\" \/>\n<meta name=\"robots\" content=\"index, follow, max-snippet:-1, max-image-preview:large, max-video-preview:-1\" \/>\n<link rel=\"canonical\" href=\"https:\/\/schoenstatt.com\/de\/schoenstatt-bewegung-feiert-109-gruendungstag\/\" \/>\n<meta property=\"og:locale\" content=\"de_DE\" \/>\n<meta property=\"og:type\" content=\"article\" \/>\n<meta property=\"og:title\" content=\"Sch\u00f6nstatt-Bewegung feiert 109. Gr\u00fcndungstag\" \/>\n<meta property=\"og:description\" content=\"Dankbarkeit - Als glaubende und betende Gemeinschaft unterwegs \u2013 Sch\u00f6nstatt-Bewegung feiert 109. Gr\u00fcndungstag.\" \/>\n<meta property=\"og:url\" content=\"https:\/\/schoenstatt.com\/de\/schoenstatt-bewegung-feiert-109-gruendungstag\/\" \/>\n<meta property=\"og:site_name\" content=\"Schoenstatt\" \/>\n<meta property=\"article:published_time\" content=\"2023-10-19T17:28:08+00:00\" \/>\n<meta property=\"article:modified_time\" content=\"2025-05-15T20:33:26+00:00\" \/>\n<meta property=\"og:image\" content=\"https:\/\/schoenstatt.com\/wp-content\/uploads\/2023\/10\/santuario-original-1.jpg\" \/>\n\t<meta property=\"og:image:width\" content=\"2048\" \/>\n\t<meta property=\"og:image:height\" content=\"1365\" \/>\n\t<meta property=\"og:image:type\" content=\"image\/jpeg\" \/>\n<meta name=\"author\" content=\"Karen Bueno\" \/>\n<meta name=\"twitter:card\" content=\"summary_large_image\" \/>\n<meta name=\"twitter:label1\" content=\"Verfasst von\" \/>\n\t<meta name=\"twitter:data1\" content=\"Karen Bueno\" \/>\n\t<meta name=\"twitter:label2\" content=\"Gesch\u00e4tzte Lesezeit\" \/>\n\t<meta name=\"twitter:data2\" content=\"3\u00a0Minuten\" \/>\n<script type=\"application\/ld+json\" class=\"yoast-schema-graph\">{\"@context\":\"https:\\\/\\\/schema.org\",\"@graph\":[{\"@type\":\"Article\",\"@id\":\"https:\\\/\\\/schoenstatt.com\\\/de\\\/schoenstatt-bewegung-feiert-109-gruendungstag\\\/#article\",\"isPartOf\":{\"@id\":\"https:\\\/\\\/schoenstatt.com\\\/de\\\/schoenstatt-bewegung-feiert-109-gruendungstag\\\/\"},\"author\":{\"name\":\"Karen Bueno\",\"@id\":\"https:\\\/\\\/schoenstatt.com\\\/de\\\/#\\\/schema\\\/person\\\/5158877ad4acae98b34daaeef2a1ce6e\"},\"headline\":\"Sch\u00f6nstatt-Bewegung feiert 109. Gr\u00fcndungstag\",\"datePublished\":\"2023-10-19T17:28:08+00:00\",\"dateModified\":\"2025-05-15T20:33:26+00:00\",\"mainEntityOfPage\":{\"@id\":\"https:\\\/\\\/schoenstatt.com\\\/de\\\/schoenstatt-bewegung-feiert-109-gruendungstag\\\/\"},\"wordCount\":600,\"publisher\":{\"@id\":\"https:\\\/\\\/schoenstatt.com\\\/de\\\/#organization\"},\"image\":{\"@id\":\"https:\\\/\\\/schoenstatt.com\\\/de\\\/schoenstatt-bewegung-feiert-109-gruendungstag\\\/#primaryimage\"},\"thumbnailUrl\":\"https:\\\/\\\/schoenstatt.com\\\/wp-content\\\/uploads\\\/2023\\\/10\\\/santuario-original-1.jpg\",\"articleSection\":[\"Urheiligtum\"],\"inLanguage\":\"de\"},{\"@type\":\"WebPage\",\"@id\":\"https:\\\/\\\/schoenstatt.com\\\/de\\\/schoenstatt-bewegung-feiert-109-gruendungstag\\\/\",\"url\":\"https:\\\/\\\/schoenstatt.com\\\/de\\\/schoenstatt-bewegung-feiert-109-gruendungstag\\\/\",\"name\":\"Sch\u00f6nstatt-Bewegung feiert 109. Gr\u00fcndungstag - Schoenstatt\",\"isPartOf\":{\"@id\":\"https:\\\/\\\/schoenstatt.com\\\/de\\\/#website\"},\"primaryImageOfPage\":{\"@id\":\"https:\\\/\\\/schoenstatt.com\\\/de\\\/schoenstatt-bewegung-feiert-109-gruendungstag\\\/#primaryimage\"},\"image\":{\"@id\":\"https:\\\/\\\/schoenstatt.com\\\/de\\\/schoenstatt-bewegung-feiert-109-gruendungstag\\\/#primaryimage\"},\"thumbnailUrl\":\"https:\\\/\\\/schoenstatt.com\\\/wp-content\\\/uploads\\\/2023\\\/10\\\/santuario-original-1.jpg\",\"datePublished\":\"2023-10-19T17:28:08+00:00\",\"dateModified\":\"2025-05-15T20:33:26+00:00\",\"description\":\"Dankbarkeit - Als glaubende und betende Gemeinschaft unterwegs \u2013 Sch\u00f6nstatt-Bewegung feiert 109. Gr\u00fcndungstag.\",\"breadcrumb\":{\"@id\":\"https:\\\/\\\/schoenstatt.com\\\/de\\\/schoenstatt-bewegung-feiert-109-gruendungstag\\\/#breadcrumb\"},\"inLanguage\":\"de\",\"potentialAction\":[{\"@type\":\"ReadAction\",\"target\":[\"https:\\\/\\\/schoenstatt.com\\\/de\\\/schoenstatt-bewegung-feiert-109-gruendungstag\\\/\"]}]},{\"@type\":\"ImageObject\",\"inLanguage\":\"de\",\"@id\":\"https:\\\/\\\/schoenstatt.com\\\/de\\\/schoenstatt-bewegung-feiert-109-gruendungstag\\\/#primaryimage\",\"url\":\"https:\\\/\\\/schoenstatt.com\\\/wp-content\\\/uploads\\\/2023\\\/10\\\/santuario-original-1.jpg\",\"contentUrl\":\"https:\\\/\\\/schoenstatt.com\\\/wp-content\\\/uploads\\\/2023\\\/10\\\/santuario-original-1.jpg\",\"width\":2048,\"height\":1365},{\"@type\":\"BreadcrumbList\",\"@id\":\"https:\\\/\\\/schoenstatt.com\\\/de\\\/schoenstatt-bewegung-feiert-109-gruendungstag\\\/#breadcrumb\",\"itemListElement\":[{\"@type\":\"ListItem\",\"position\":1,\"name\":\"Portada\",\"item\":\"https:\\\/\\\/schoenstatt.com\\\/de\\\/home\\\/\"},{\"@type\":\"ListItem\",\"position\":2,\"name\":\"Sch\u00f6nstatt-Bewegung feiert 109. Gr\u00fcndungstag\"}]},{\"@type\":\"WebSite\",\"@id\":\"https:\\\/\\\/schoenstatt.com\\\/de\\\/#website\",\"url\":\"https:\\\/\\\/schoenstatt.com\\\/de\\\/\",\"name\":\"Schoenstatt\",\"description\":\"Apostolic Movement\",\"publisher\":{\"@id\":\"https:\\\/\\\/schoenstatt.com\\\/de\\\/#organization\"},\"potentialAction\":[{\"@type\":\"SearchAction\",\"target\":{\"@type\":\"EntryPoint\",\"urlTemplate\":\"https:\\\/\\\/schoenstatt.com\\\/de\\\/?s={search_term_string}\"},\"query-input\":{\"@type\":\"PropertyValueSpecification\",\"valueRequired\":true,\"valueName\":\"search_term_string\"}}],\"inLanguage\":\"de\"},{\"@type\":\"Organization\",\"@id\":\"https:\\\/\\\/schoenstatt.com\\\/de\\\/#organization\",\"name\":\"Schoenstatt\",\"url\":\"https:\\\/\\\/schoenstatt.com\\\/de\\\/\",\"logo\":{\"@type\":\"ImageObject\",\"inLanguage\":\"de\",\"@id\":\"https:\\\/\\\/schoenstatt.com\\\/de\\\/#\\\/schema\\\/logo\\\/image\\\/\",\"url\":\"https:\\\/\\\/schoenstatt.com\\\/wp-content\\\/uploads\\\/2025\\\/04\\\/logo-schoenstatt-white-696x696-1.png\",\"contentUrl\":\"https:\\\/\\\/schoenstatt.com\\\/wp-content\\\/uploads\\\/2025\\\/04\\\/logo-schoenstatt-white-696x696-1.png\",\"width\":696,\"height\":694,\"caption\":\"Schoenstatt\"},\"image\":{\"@id\":\"https:\\\/\\\/schoenstatt.com\\\/de\\\/#\\\/schema\\\/logo\\\/image\\\/\"}},{\"@type\":\"Person\",\"@id\":\"https:\\\/\\\/schoenstatt.com\\\/de\\\/#\\\/schema\\\/person\\\/5158877ad4acae98b34daaeef2a1ce6e\",\"name\":\"Karen Bueno\",\"image\":{\"@type\":\"ImageObject\",\"inLanguage\":\"de\",\"@id\":\"https:\\\/\\\/secure.gravatar.com\\\/avatar\\\/f9f4b823873154269d2b2130f195f6d41037dd0d7fc5f3cacb5c846bae70d66b?s=96&d=mm&r=g\",\"url\":\"https:\\\/\\\/secure.gravatar.com\\\/avatar\\\/f9f4b823873154269d2b2130f195f6d41037dd0d7fc5f3cacb5c846bae70d66b?s=96&d=mm&r=g\",\"contentUrl\":\"https:\\\/\\\/secure.gravatar.com\\\/avatar\\\/f9f4b823873154269d2b2130f195f6d41037dd0d7fc5f3cacb5c846bae70d66b?s=96&d=mm&r=g\",\"caption\":\"Karen Bueno\"},\"url\":\"https:\\\/\\\/schoenstatt.com\\\/de\\\/author\\\/karen-bueno\\\/\"}]}<\/script>\n<!-- \/ Yoast SEO Premium plugin. -->","yoast_head_json":{"title":"Sch\u00f6nstatt-Bewegung feiert 109. Gr\u00fcndungstag - Schoenstatt","description":"Dankbarkeit - Als glaubende und betende Gemeinschaft unterwegs \u2013 Sch\u00f6nstatt-Bewegung feiert 109. Gr\u00fcndungstag.","robots":{"index":"index","follow":"follow","max-snippet":"max-snippet:-1","max-image-preview":"max-image-preview:large","max-video-preview":"max-video-preview:-1"},"canonical":"https:\/\/schoenstatt.com\/de\/schoenstatt-bewegung-feiert-109-gruendungstag\/","og_locale":"de_DE","og_type":"article","og_title":"Sch\u00f6nstatt-Bewegung feiert 109. Gr\u00fcndungstag","og_description":"Dankbarkeit - Als glaubende und betende Gemeinschaft unterwegs \u2013 Sch\u00f6nstatt-Bewegung feiert 109. Gr\u00fcndungstag.","og_url":"https:\/\/schoenstatt.com\/de\/schoenstatt-bewegung-feiert-109-gruendungstag\/","og_site_name":"Schoenstatt","article_published_time":"2023-10-19T17:28:08+00:00","article_modified_time":"2025-05-15T20:33:26+00:00","og_image":[{"width":2048,"height":1365,"url":"https:\/\/schoenstatt.com\/wp-content\/uploads\/2023\/10\/santuario-original-1.jpg","type":"image\/jpeg"}],"author":"Karen Bueno","twitter_card":"summary_large_image","twitter_misc":{"Verfasst von":"Karen Bueno","Gesch\u00e4tzte Lesezeit":"3\u00a0Minuten"},"schema":{"@context":"https:\/\/schema.org","@graph":[{"@type":"Article","@id":"https:\/\/schoenstatt.com\/de\/schoenstatt-bewegung-feiert-109-gruendungstag\/#article","isPartOf":{"@id":"https:\/\/schoenstatt.com\/de\/schoenstatt-bewegung-feiert-109-gruendungstag\/"},"author":{"name":"Karen Bueno","@id":"https:\/\/schoenstatt.com\/de\/#\/schema\/person\/5158877ad4acae98b34daaeef2a1ce6e"},"headline":"Sch\u00f6nstatt-Bewegung feiert 109. Gr\u00fcndungstag","datePublished":"2023-10-19T17:28:08+00:00","dateModified":"2025-05-15T20:33:26+00:00","mainEntityOfPage":{"@id":"https:\/\/schoenstatt.com\/de\/schoenstatt-bewegung-feiert-109-gruendungstag\/"},"wordCount":600,"publisher":{"@id":"https:\/\/schoenstatt.com\/de\/#organization"},"image":{"@id":"https:\/\/schoenstatt.com\/de\/schoenstatt-bewegung-feiert-109-gruendungstag\/#primaryimage"},"thumbnailUrl":"https:\/\/schoenstatt.com\/wp-content\/uploads\/2023\/10\/santuario-original-1.jpg","articleSection":["Urheiligtum"],"inLanguage":"de"},{"@type":"WebPage","@id":"https:\/\/schoenstatt.com\/de\/schoenstatt-bewegung-feiert-109-gruendungstag\/","url":"https:\/\/schoenstatt.com\/de\/schoenstatt-bewegung-feiert-109-gruendungstag\/","name":"Sch\u00f6nstatt-Bewegung feiert 109. Gr\u00fcndungstag - Schoenstatt","isPartOf":{"@id":"https:\/\/schoenstatt.com\/de\/#website"},"primaryImageOfPage":{"@id":"https:\/\/schoenstatt.com\/de\/schoenstatt-bewegung-feiert-109-gruendungstag\/#primaryimage"},"image":{"@id":"https:\/\/schoenstatt.com\/de\/schoenstatt-bewegung-feiert-109-gruendungstag\/#primaryimage"},"thumbnailUrl":"https:\/\/schoenstatt.com\/wp-content\/uploads\/2023\/10\/santuario-original-1.jpg","datePublished":"2023-10-19T17:28:08+00:00","dateModified":"2025-05-15T20:33:26+00:00","description":"Dankbarkeit - Als glaubende und betende Gemeinschaft unterwegs \u2013 Sch\u00f6nstatt-Bewegung feiert 109. Gr\u00fcndungstag.","breadcrumb":{"@id":"https:\/\/schoenstatt.com\/de\/schoenstatt-bewegung-feiert-109-gruendungstag\/#breadcrumb"},"inLanguage":"de","potentialAction":[{"@type":"ReadAction","target":["https:\/\/schoenstatt.com\/de\/schoenstatt-bewegung-feiert-109-gruendungstag\/"]}]},{"@type":"ImageObject","inLanguage":"de","@id":"https:\/\/schoenstatt.com\/de\/schoenstatt-bewegung-feiert-109-gruendungstag\/#primaryimage","url":"https:\/\/schoenstatt.com\/wp-content\/uploads\/2023\/10\/santuario-original-1.jpg","contentUrl":"https:\/\/schoenstatt.com\/wp-content\/uploads\/2023\/10\/santuario-original-1.jpg","width":2048,"height":1365},{"@type":"BreadcrumbList","@id":"https:\/\/schoenstatt.com\/de\/schoenstatt-bewegung-feiert-109-gruendungstag\/#breadcrumb","itemListElement":[{"@type":"ListItem","position":1,"name":"Portada","item":"https:\/\/schoenstatt.com\/de\/home\/"},{"@type":"ListItem","position":2,"name":"Sch\u00f6nstatt-Bewegung feiert 109. Gr\u00fcndungstag"}]},{"@type":"WebSite","@id":"https:\/\/schoenstatt.com\/de\/#website","url":"https:\/\/schoenstatt.com\/de\/","name":"Schoenstatt","description":"Apostolic Movement","publisher":{"@id":"https:\/\/schoenstatt.com\/de\/#organization"},"potentialAction":[{"@type":"SearchAction","target":{"@type":"EntryPoint","urlTemplate":"https:\/\/schoenstatt.com\/de\/?s={search_term_string}"},"query-input":{"@type":"PropertyValueSpecification","valueRequired":true,"valueName":"search_term_string"}}],"inLanguage":"de"},{"@type":"Organization","@id":"https:\/\/schoenstatt.com\/de\/#organization","name":"Schoenstatt","url":"https:\/\/schoenstatt.com\/de\/","logo":{"@type":"ImageObject","inLanguage":"de","@id":"https:\/\/schoenstatt.com\/de\/#\/schema\/logo\/image\/","url":"https:\/\/schoenstatt.com\/wp-content\/uploads\/2025\/04\/logo-schoenstatt-white-696x696-1.png","contentUrl":"https:\/\/schoenstatt.com\/wp-content\/uploads\/2025\/04\/logo-schoenstatt-white-696x696-1.png","width":696,"height":694,"caption":"Schoenstatt"},"image":{"@id":"https:\/\/schoenstatt.com\/de\/#\/schema\/logo\/image\/"}},{"@type":"Person","@id":"https:\/\/schoenstatt.com\/de\/#\/schema\/person\/5158877ad4acae98b34daaeef2a1ce6e","name":"Karen Bueno","image":{"@type":"ImageObject","inLanguage":"de","@id":"https:\/\/secure.gravatar.com\/avatar\/f9f4b823873154269d2b2130f195f6d41037dd0d7fc5f3cacb5c846bae70d66b?s=96&d=mm&r=g","url":"https:\/\/secure.gravatar.com\/avatar\/f9f4b823873154269d2b2130f195f6d41037dd0d7fc5f3cacb5c846bae70d66b?s=96&d=mm&r=g","contentUrl":"https:\/\/secure.gravatar.com\/avatar\/f9f4b823873154269d2b2130f195f6d41037dd0d7fc5f3cacb5c846bae70d66b?s=96&d=mm&r=g","caption":"Karen Bueno"},"url":"https:\/\/schoenstatt.com\/de\/author\/karen-bueno\/"}]}},"_links":{"self":[{"href":"https:\/\/schoenstatt.com\/de\/wp-json\/wp\/v2\/posts\/33098","targetHints":{"allow":["GET"]}}],"collection":[{"href":"https:\/\/schoenstatt.com\/de\/wp-json\/wp\/v2\/posts"}],"about":[{"href":"https:\/\/schoenstatt.com\/de\/wp-json\/wp\/v2\/types\/post"}],"author":[{"embeddable":true,"href":"https:\/\/schoenstatt.com\/de\/wp-json\/wp\/v2\/users\/3"}],"replies":[{"embeddable":true,"href":"https:\/\/schoenstatt.com\/de\/wp-json\/wp\/v2\/comments?post=33098"}],"version-history":[{"count":1,"href":"https:\/\/schoenstatt.com\/de\/wp-json\/wp\/v2\/posts\/33098\/revisions"}],"predecessor-version":[{"id":46381,"href":"https:\/\/schoenstatt.com\/de\/wp-json\/wp\/v2\/posts\/33098\/revisions\/46381"}],"wp:featuredmedia":[{"embeddable":true,"href":"https:\/\/schoenstatt.com\/de\/wp-json\/wp\/v2\/media\/33108"}],"wp:attachment":[{"href":"https:\/\/schoenstatt.com\/de\/wp-json\/wp\/v2\/media?parent=33098"}],"wp:term":[{"taxonomy":"category","embeddable":true,"href":"https:\/\/schoenstatt.com\/de\/wp-json\/wp\/v2\/categories?post=33098"},{"taxonomy":"post_tag","embeddable":true,"href":"https:\/\/schoenstatt.com\/de\/wp-json\/wp\/v2\/tags?post=33098"}],"curies":[{"name":"wp","href":"https:\/\/api.w.org\/{rel}","templated":true}]}}