{"id":33019,"date":"2023-10-16T06:14:56","date_gmt":"2023-10-16T04:14:56","guid":{"rendered":"https:\/\/schoenstatt.com\/?p=33019"},"modified":"2025-05-15T22:38:26","modified_gmt":"2025-05-15T20:38:26","slug":"novene-18-oktober-tag-8","status":"publish","type":"post","link":"https:\/\/schoenstatt.com\/de\/novene-18-oktober-tag-8\/","title":{"rendered":"NOVENE &#8211; 18. Oktober &#8211; Tag 8"},"content":{"rendered":"<p>Nehmen Sie an der Novene anl\u00e4sslich des <a href=\"https:\/\/schoenstatt.com\/de\/about\/spiritualitaet\/das-liebesbuendnis\/\">B\u00fcndnistages<\/a> im Urheiligtum teil. Die Novene findet vom 9. bis zum 17. Oktober statt, immer um 19.50 Uhr (Deutschland Zeit).<\/p>\n<p>Am achten Tag betrachten wir die Figuren zweier bedeutender M\u00e4nner: den heiligen Petrus und den heiligen Paulus. Es sind unscheinbare Holzfiguren, aber sie symbolisieren den missionarischen Geist. Im Heiligtum erzieht und sendet Maria ihre Kinder als J\u00fcnger aus.<\/p>\n<h2>Beten Sie von zu Hause aus<\/h2>\n<p>Die Novene wird jeden Tag live \u00fcber die Webcam des Urheiligtums \u00fcbertragen. Sie wird w\u00e4hrend des Abendsegens gebetet, immer um 19.50 Uhr (Deutschland Zeit).<\/p>\n<p>Wenn Sie keine Verbindung zu den \u00dcbertragungen herstellen k\u00f6nnen, ist das kein Problem. Wir laden Sie ein, die Novene als Familie oder mit Ihrer Bewegungsgruppe zu beten.<\/p>\n<p>Um teilzunehmen, laden Sie den Inhalt herunter:<\/p>\n<p><a class=\"fasc-button fasc-size-medium fasc-type-flat fasc-style-bold\" style=\"background-color: #10217d; color: #ffffff;\" target=\"_blank\" href=\"https:\/\/schoenstatt.com\/wp-content\/uploads\/2023\/10\/DE-Dia-8.pdf\" rel=\"noopener\">Novene auf Deutsch<\/a><\/p>\n<p>Um die \u00dcbertragungen zu sehen &#8211; Zugang zur <a href=\"https:\/\/urheiligtum.de\/PT\/10-Servico\/99-Webcam.php\" target=\"_blank\" rel=\"noopener\"><strong>Webcam: hier klicken<\/strong><\/a><\/p>\n","protected":false},"excerpt":{"rendered":"<p>Die Novene zum B\u00fcndnistag geht weiter. Heute, am 16. Oktober ist der achte Tag. Laden Sie das Material herunter und beten Sie von zu Hause aus. <\/p>\n","protected":false},"author":3,"featured_media":33003,"comment_status":"closed","ping_status":"closed","sticky":false,"template":"","format":"standard","meta":{"footnotes":""},"categories":[899,660],"tags":[],"class_list":["post-33019","post","type-post","status-publish","format-standard","has-post-thumbnail","hentry","category-urheiligtum-de","category-veranstaltungen-de"],"yoast_head":"<!-- This site is optimized with the Yoast SEO Premium plugin v27.4 (Yoast SEO v27.4) - https:\/\/yoast.com\/product\/yoast-seo-premium-wordpress\/ -->\n<title>NOVENE - 18. Oktober - Tag 8 - Schoenstatt<\/title>\n<meta name=\"description\" content=\"Die Novene zum B\u00fcndnistag geht weiter. Heute, am 16. Oktober ist der achte Tag. Laden Sie das Material herunter und beten Sie von zu Hause aus.\" \/>\n<meta name=\"robots\" content=\"index, follow, max-snippet:-1, max-image-preview:large, max-video-preview:-1\" \/>\n<link rel=\"canonical\" href=\"https:\/\/schoenstatt.com\/de\/novene-18-oktober-tag-8\/\" \/>\n<meta property=\"og:locale\" content=\"de_DE\" \/>\n<meta property=\"og:type\" content=\"article\" \/>\n<meta property=\"og:title\" content=\"NOVENE - 18. Oktober - Tag 8\" \/>\n<meta property=\"og:description\" content=\"Die Novene zum B\u00fcndnistag geht weiter. Heute, am 16. Oktober ist der achte Tag. Laden Sie das Material herunter und beten Sie von zu Hause aus.\" \/>\n<meta property=\"og:url\" content=\"https:\/\/schoenstatt.com\/de\/novene-18-oktober-tag-8\/\" \/>\n<meta property=\"og:site_name\" content=\"Schoenstatt\" \/>\n<meta property=\"article:published_time\" content=\"2023-10-16T04:14:56+00:00\" \/>\n<meta property=\"article:modified_time\" content=\"2025-05-15T20:38:26+00:00\" \/>\n<meta property=\"og:image\" content=\"https:\/\/schoenstatt.com\/wp-content\/uploads\/2023\/10\/pedro-e-pablo-1.jpg\" \/>\n\t<meta property=\"og:image:width\" content=\"1358\" \/>\n\t<meta property=\"og:image:height\" content=\"1047\" \/>\n\t<meta property=\"og:image:type\" content=\"image\/jpeg\" \/>\n<meta name=\"author\" content=\"Karen Bueno\" \/>\n<meta name=\"twitter:card\" content=\"summary_large_image\" \/>\n<meta name=\"twitter:label1\" content=\"Verfasst von\" \/>\n\t<meta name=\"twitter:data1\" content=\"Karen Bueno\" \/>\n\t<meta name=\"twitter:label2\" content=\"Gesch\u00e4tzte Lesezeit\" \/>\n\t<meta name=\"twitter:data2\" content=\"1\u00a0Minute\" \/>\n<script type=\"application\/ld+json\" class=\"yoast-schema-graph\">{\"@context\":\"https:\\\/\\\/schema.org\",\"@graph\":[{\"@type\":\"Article\",\"@id\":\"https:\\\/\\\/schoenstatt.com\\\/de\\\/novene-18-oktober-tag-8\\\/#article\",\"isPartOf\":{\"@id\":\"https:\\\/\\\/schoenstatt.com\\\/de\\\/novene-18-oktober-tag-8\\\/\"},\"author\":{\"name\":\"Karen Bueno\",\"@id\":\"https:\\\/\\\/schoenstatt.com\\\/de\\\/#\\\/schema\\\/person\\\/5158877ad4acae98b34daaeef2a1ce6e\"},\"headline\":\"NOVENE &#8211; 18. Oktober &#8211; Tag 8\",\"datePublished\":\"2023-10-16T04:14:56+00:00\",\"dateModified\":\"2025-05-15T20:38:26+00:00\",\"mainEntityOfPage\":{\"@id\":\"https:\\\/\\\/schoenstatt.com\\\/de\\\/novene-18-oktober-tag-8\\\/\"},\"wordCount\":150,\"publisher\":{\"@id\":\"https:\\\/\\\/schoenstatt.com\\\/de\\\/#organization\"},\"image\":{\"@id\":\"https:\\\/\\\/schoenstatt.com\\\/de\\\/novene-18-oktober-tag-8\\\/#primaryimage\"},\"thumbnailUrl\":\"https:\\\/\\\/schoenstatt.com\\\/wp-content\\\/uploads\\\/2023\\\/10\\\/pedro-e-pablo-1.jpg\",\"articleSection\":[\"Urheiligtum\",\"Veranstaltungen\"],\"inLanguage\":\"de\"},{\"@type\":\"WebPage\",\"@id\":\"https:\\\/\\\/schoenstatt.com\\\/de\\\/novene-18-oktober-tag-8\\\/\",\"url\":\"https:\\\/\\\/schoenstatt.com\\\/de\\\/novene-18-oktober-tag-8\\\/\",\"name\":\"NOVENE - 18. Oktober - Tag 8 - Schoenstatt\",\"isPartOf\":{\"@id\":\"https:\\\/\\\/schoenstatt.com\\\/de\\\/#website\"},\"primaryImageOfPage\":{\"@id\":\"https:\\\/\\\/schoenstatt.com\\\/de\\\/novene-18-oktober-tag-8\\\/#primaryimage\"},\"image\":{\"@id\":\"https:\\\/\\\/schoenstatt.com\\\/de\\\/novene-18-oktober-tag-8\\\/#primaryimage\"},\"thumbnailUrl\":\"https:\\\/\\\/schoenstatt.com\\\/wp-content\\\/uploads\\\/2023\\\/10\\\/pedro-e-pablo-1.jpg\",\"datePublished\":\"2023-10-16T04:14:56+00:00\",\"dateModified\":\"2025-05-15T20:38:26+00:00\",\"description\":\"Die Novene zum B\u00fcndnistag geht weiter. Heute, am 16. Oktober ist der achte Tag. Laden Sie das Material herunter und beten Sie von zu Hause aus.\",\"breadcrumb\":{\"@id\":\"https:\\\/\\\/schoenstatt.com\\\/de\\\/novene-18-oktober-tag-8\\\/#breadcrumb\"},\"inLanguage\":\"de\",\"potentialAction\":[{\"@type\":\"ReadAction\",\"target\":[\"https:\\\/\\\/schoenstatt.com\\\/de\\\/novene-18-oktober-tag-8\\\/\"]}]},{\"@type\":\"ImageObject\",\"inLanguage\":\"de\",\"@id\":\"https:\\\/\\\/schoenstatt.com\\\/de\\\/novene-18-oktober-tag-8\\\/#primaryimage\",\"url\":\"https:\\\/\\\/schoenstatt.com\\\/wp-content\\\/uploads\\\/2023\\\/10\\\/pedro-e-pablo-1.jpg\",\"contentUrl\":\"https:\\\/\\\/schoenstatt.com\\\/wp-content\\\/uploads\\\/2023\\\/10\\\/pedro-e-pablo-1.jpg\",\"width\":1358,\"height\":1047},{\"@type\":\"BreadcrumbList\",\"@id\":\"https:\\\/\\\/schoenstatt.com\\\/de\\\/novene-18-oktober-tag-8\\\/#breadcrumb\",\"itemListElement\":[{\"@type\":\"ListItem\",\"position\":1,\"name\":\"Portada\",\"item\":\"https:\\\/\\\/schoenstatt.com\\\/de\\\/home\\\/\"},{\"@type\":\"ListItem\",\"position\":2,\"name\":\"NOVENE &#8211; 18. Oktober &#8211; Tag 8\"}]},{\"@type\":\"WebSite\",\"@id\":\"https:\\\/\\\/schoenstatt.com\\\/de\\\/#website\",\"url\":\"https:\\\/\\\/schoenstatt.com\\\/de\\\/\",\"name\":\"Schoenstatt\",\"description\":\"Apostolic Movement\",\"publisher\":{\"@id\":\"https:\\\/\\\/schoenstatt.com\\\/de\\\/#organization\"},\"potentialAction\":[{\"@type\":\"SearchAction\",\"target\":{\"@type\":\"EntryPoint\",\"urlTemplate\":\"https:\\\/\\\/schoenstatt.com\\\/de\\\/?s={search_term_string}\"},\"query-input\":{\"@type\":\"PropertyValueSpecification\",\"valueRequired\":true,\"valueName\":\"search_term_string\"}}],\"inLanguage\":\"de\"},{\"@type\":\"Organization\",\"@id\":\"https:\\\/\\\/schoenstatt.com\\\/de\\\/#organization\",\"name\":\"Schoenstatt\",\"url\":\"https:\\\/\\\/schoenstatt.com\\\/de\\\/\",\"logo\":{\"@type\":\"ImageObject\",\"inLanguage\":\"de\",\"@id\":\"https:\\\/\\\/schoenstatt.com\\\/de\\\/#\\\/schema\\\/logo\\\/image\\\/\",\"url\":\"https:\\\/\\\/schoenstatt.com\\\/wp-content\\\/uploads\\\/2025\\\/04\\\/logo-schoenstatt-white-696x696-1.png\",\"contentUrl\":\"https:\\\/\\\/schoenstatt.com\\\/wp-content\\\/uploads\\\/2025\\\/04\\\/logo-schoenstatt-white-696x696-1.png\",\"width\":696,\"height\":694,\"caption\":\"Schoenstatt\"},\"image\":{\"@id\":\"https:\\\/\\\/schoenstatt.com\\\/de\\\/#\\\/schema\\\/logo\\\/image\\\/\"}},{\"@type\":\"Person\",\"@id\":\"https:\\\/\\\/schoenstatt.com\\\/de\\\/#\\\/schema\\\/person\\\/5158877ad4acae98b34daaeef2a1ce6e\",\"name\":\"Karen Bueno\",\"image\":{\"@type\":\"ImageObject\",\"inLanguage\":\"de\",\"@id\":\"https:\\\/\\\/secure.gravatar.com\\\/avatar\\\/f9f4b823873154269d2b2130f195f6d41037dd0d7fc5f3cacb5c846bae70d66b?s=96&d=mm&r=g\",\"url\":\"https:\\\/\\\/secure.gravatar.com\\\/avatar\\\/f9f4b823873154269d2b2130f195f6d41037dd0d7fc5f3cacb5c846bae70d66b?s=96&d=mm&r=g\",\"contentUrl\":\"https:\\\/\\\/secure.gravatar.com\\\/avatar\\\/f9f4b823873154269d2b2130f195f6d41037dd0d7fc5f3cacb5c846bae70d66b?s=96&d=mm&r=g\",\"caption\":\"Karen Bueno\"},\"url\":\"https:\\\/\\\/schoenstatt.com\\\/de\\\/author\\\/karen-bueno\\\/\"}]}<\/script>\n<!-- \/ Yoast SEO Premium plugin. -->","yoast_head_json":{"title":"NOVENE - 18. Oktober - Tag 8 - Schoenstatt","description":"Die Novene zum B\u00fcndnistag geht weiter. Heute, am 16. Oktober ist der achte Tag. Laden Sie das Material herunter und beten Sie von zu Hause aus.","robots":{"index":"index","follow":"follow","max-snippet":"max-snippet:-1","max-image-preview":"max-image-preview:large","max-video-preview":"max-video-preview:-1"},"canonical":"https:\/\/schoenstatt.com\/de\/novene-18-oktober-tag-8\/","og_locale":"de_DE","og_type":"article","og_title":"NOVENE - 18. Oktober - Tag 8","og_description":"Die Novene zum B\u00fcndnistag geht weiter. Heute, am 16. Oktober ist der achte Tag. Laden Sie das Material herunter und beten Sie von zu Hause aus.","og_url":"https:\/\/schoenstatt.com\/de\/novene-18-oktober-tag-8\/","og_site_name":"Schoenstatt","article_published_time":"2023-10-16T04:14:56+00:00","article_modified_time":"2025-05-15T20:38:26+00:00","og_image":[{"width":1358,"height":1047,"url":"https:\/\/schoenstatt.com\/wp-content\/uploads\/2023\/10\/pedro-e-pablo-1.jpg","type":"image\/jpeg"}],"author":"Karen Bueno","twitter_card":"summary_large_image","twitter_misc":{"Verfasst von":"Karen Bueno","Gesch\u00e4tzte Lesezeit":"1\u00a0Minute"},"schema":{"@context":"https:\/\/schema.org","@graph":[{"@type":"Article","@id":"https:\/\/schoenstatt.com\/de\/novene-18-oktober-tag-8\/#article","isPartOf":{"@id":"https:\/\/schoenstatt.com\/de\/novene-18-oktober-tag-8\/"},"author":{"name":"Karen Bueno","@id":"https:\/\/schoenstatt.com\/de\/#\/schema\/person\/5158877ad4acae98b34daaeef2a1ce6e"},"headline":"NOVENE &#8211; 18. Oktober &#8211; Tag 8","datePublished":"2023-10-16T04:14:56+00:00","dateModified":"2025-05-15T20:38:26+00:00","mainEntityOfPage":{"@id":"https:\/\/schoenstatt.com\/de\/novene-18-oktober-tag-8\/"},"wordCount":150,"publisher":{"@id":"https:\/\/schoenstatt.com\/de\/#organization"},"image":{"@id":"https:\/\/schoenstatt.com\/de\/novene-18-oktober-tag-8\/#primaryimage"},"thumbnailUrl":"https:\/\/schoenstatt.com\/wp-content\/uploads\/2023\/10\/pedro-e-pablo-1.jpg","articleSection":["Urheiligtum","Veranstaltungen"],"inLanguage":"de"},{"@type":"WebPage","@id":"https:\/\/schoenstatt.com\/de\/novene-18-oktober-tag-8\/","url":"https:\/\/schoenstatt.com\/de\/novene-18-oktober-tag-8\/","name":"NOVENE - 18. Oktober - Tag 8 - Schoenstatt","isPartOf":{"@id":"https:\/\/schoenstatt.com\/de\/#website"},"primaryImageOfPage":{"@id":"https:\/\/schoenstatt.com\/de\/novene-18-oktober-tag-8\/#primaryimage"},"image":{"@id":"https:\/\/schoenstatt.com\/de\/novene-18-oktober-tag-8\/#primaryimage"},"thumbnailUrl":"https:\/\/schoenstatt.com\/wp-content\/uploads\/2023\/10\/pedro-e-pablo-1.jpg","datePublished":"2023-10-16T04:14:56+00:00","dateModified":"2025-05-15T20:38:26+00:00","description":"Die Novene zum B\u00fcndnistag geht weiter. Heute, am 16. Oktober ist der achte Tag. Laden Sie das Material herunter und beten Sie von zu Hause aus.","breadcrumb":{"@id":"https:\/\/schoenstatt.com\/de\/novene-18-oktober-tag-8\/#breadcrumb"},"inLanguage":"de","potentialAction":[{"@type":"ReadAction","target":["https:\/\/schoenstatt.com\/de\/novene-18-oktober-tag-8\/"]}]},{"@type":"ImageObject","inLanguage":"de","@id":"https:\/\/schoenstatt.com\/de\/novene-18-oktober-tag-8\/#primaryimage","url":"https:\/\/schoenstatt.com\/wp-content\/uploads\/2023\/10\/pedro-e-pablo-1.jpg","contentUrl":"https:\/\/schoenstatt.com\/wp-content\/uploads\/2023\/10\/pedro-e-pablo-1.jpg","width":1358,"height":1047},{"@type":"BreadcrumbList","@id":"https:\/\/schoenstatt.com\/de\/novene-18-oktober-tag-8\/#breadcrumb","itemListElement":[{"@type":"ListItem","position":1,"name":"Portada","item":"https:\/\/schoenstatt.com\/de\/home\/"},{"@type":"ListItem","position":2,"name":"NOVENE &#8211; 18. Oktober &#8211; Tag 8"}]},{"@type":"WebSite","@id":"https:\/\/schoenstatt.com\/de\/#website","url":"https:\/\/schoenstatt.com\/de\/","name":"Schoenstatt","description":"Apostolic Movement","publisher":{"@id":"https:\/\/schoenstatt.com\/de\/#organization"},"potentialAction":[{"@type":"SearchAction","target":{"@type":"EntryPoint","urlTemplate":"https:\/\/schoenstatt.com\/de\/?s={search_term_string}"},"query-input":{"@type":"PropertyValueSpecification","valueRequired":true,"valueName":"search_term_string"}}],"inLanguage":"de"},{"@type":"Organization","@id":"https:\/\/schoenstatt.com\/de\/#organization","name":"Schoenstatt","url":"https:\/\/schoenstatt.com\/de\/","logo":{"@type":"ImageObject","inLanguage":"de","@id":"https:\/\/schoenstatt.com\/de\/#\/schema\/logo\/image\/","url":"https:\/\/schoenstatt.com\/wp-content\/uploads\/2025\/04\/logo-schoenstatt-white-696x696-1.png","contentUrl":"https:\/\/schoenstatt.com\/wp-content\/uploads\/2025\/04\/logo-schoenstatt-white-696x696-1.png","width":696,"height":694,"caption":"Schoenstatt"},"image":{"@id":"https:\/\/schoenstatt.com\/de\/#\/schema\/logo\/image\/"}},{"@type":"Person","@id":"https:\/\/schoenstatt.com\/de\/#\/schema\/person\/5158877ad4acae98b34daaeef2a1ce6e","name":"Karen Bueno","image":{"@type":"ImageObject","inLanguage":"de","@id":"https:\/\/secure.gravatar.com\/avatar\/f9f4b823873154269d2b2130f195f6d41037dd0d7fc5f3cacb5c846bae70d66b?s=96&d=mm&r=g","url":"https:\/\/secure.gravatar.com\/avatar\/f9f4b823873154269d2b2130f195f6d41037dd0d7fc5f3cacb5c846bae70d66b?s=96&d=mm&r=g","contentUrl":"https:\/\/secure.gravatar.com\/avatar\/f9f4b823873154269d2b2130f195f6d41037dd0d7fc5f3cacb5c846bae70d66b?s=96&d=mm&r=g","caption":"Karen Bueno"},"url":"https:\/\/schoenstatt.com\/de\/author\/karen-bueno\/"}]}},"_links":{"self":[{"href":"https:\/\/schoenstatt.com\/de\/wp-json\/wp\/v2\/posts\/33019","targetHints":{"allow":["GET"]}}],"collection":[{"href":"https:\/\/schoenstatt.com\/de\/wp-json\/wp\/v2\/posts"}],"about":[{"href":"https:\/\/schoenstatt.com\/de\/wp-json\/wp\/v2\/types\/post"}],"author":[{"embeddable":true,"href":"https:\/\/schoenstatt.com\/de\/wp-json\/wp\/v2\/users\/3"}],"replies":[{"embeddable":true,"href":"https:\/\/schoenstatt.com\/de\/wp-json\/wp\/v2\/comments?post=33019"}],"version-history":[{"count":1,"href":"https:\/\/schoenstatt.com\/de\/wp-json\/wp\/v2\/posts\/33019\/revisions"}],"predecessor-version":[{"id":46360,"href":"https:\/\/schoenstatt.com\/de\/wp-json\/wp\/v2\/posts\/33019\/revisions\/46360"}],"wp:featuredmedia":[{"embeddable":true,"href":"https:\/\/schoenstatt.com\/de\/wp-json\/wp\/v2\/media\/33003"}],"wp:attachment":[{"href":"https:\/\/schoenstatt.com\/de\/wp-json\/wp\/v2\/media?parent=33019"}],"wp:term":[{"taxonomy":"category","embeddable":true,"href":"https:\/\/schoenstatt.com\/de\/wp-json\/wp\/v2\/categories?post=33019"},{"taxonomy":"post_tag","embeddable":true,"href":"https:\/\/schoenstatt.com\/de\/wp-json\/wp\/v2\/tags?post=33019"}],"curies":[{"name":"wp","href":"https:\/\/api.w.org\/{rel}","templated":true}]}}