{"id":32673,"date":"2023-09-30T06:13:26","date_gmt":"2023-09-30T04:13:26","guid":{"rendered":"https:\/\/schoenstatt.com\/?p=32673"},"modified":"2025-05-15T19:33:31","modified_gmt":"2025-05-15T17:33:31","slug":"papst-bittet-im-oktober-um-gebet-fur-weltsynode","status":"publish","type":"post","link":"https:\/\/schoenstatt.com\/de\/papst-bittet-im-oktober-um-gebet-fur-weltsynode\/","title":{"rendered":"Papst bittet im Oktober um Gebet f\u00fcr Weltsynode"},"content":{"rendered":"<p><em>\u201eDie Mission ist die Herzmitte der Kirche. Und sogar noch mehr&#8220;, <\/em><a href=\"https:\/\/thepopevideo.org\/?lang=de\" target=\"_blank\" rel=\"noopener\">so der Papst<\/a>:<em> \u201eWenn sich eine Kirche in einer Synode befindet, wird diese synodale Dynamik allein von der missionarischen Berufung getragen.&#8220; Mission sei \u201edie Antwort auf den Auftrag Jesu, das Evangelium zu verk\u00fcnden.\u201c<\/em><\/p>\n<p>Er wolle auch daran erinnern, dass bei der Weltsynode nicht etwas zu Ende gehe, sondern vielmehr der kirchliche Weg fortgesetzt werde, so Franziskus weiter. <em>\u201eEs ist ein Weg, den wir wie die Emmausj\u00fcnger gehen, indem wir auf den Herrn h\u00f6ren, der in unsere Mitte kommt. Er ist der Herr der \u00dcberraschung.\u201c<\/em><\/p>\n<p>Durch Gebet und Unterscheidung helfe uns der Heilige Geist, das \u201eApostolat des H\u00f6rens\u201c auszu\u00fcben, das hei\u00dft, mit den Ohren Gottes zu h\u00f6ren, um mit dem Wort Gottes zu reden, fuhr der Papst fort.<\/p>\n<p><iframe title=\"OKTOBER: F\u00dcR DIE WELTSYNODE\" width=\"800\" height=\"450\" src=\"https:\/\/www.youtube.com\/embed\/n2ALSpeXjj4?feature=oembed\" frameborder=\"0\" allow=\"accelerometer; autoplay; clipboard-write; encrypted-media; gyroscope; picture-in-picture; web-share\" referrerpolicy=\"strict-origin-when-cross-origin\" allowfullscreen><\/iframe><\/p>\n<h3>H\u00f6ren und Dialog<\/h3>\n<p>\u201eAuf diese Weise kommen wir dem Herzen Christi n\u00e4her, dem unsere Mission entspringt und von dem die Stimme ausgeht, die uns zu ihm f\u00fchrt. Eine Stimme, die uns das Herz der Mission offenbart, die darin besteht, auf alle zuzugehen, alle zu suchen, alle aufzunehmen, alle einzubeziehen und niemanden auszuschlie\u00dfen.\u201c<\/p>\n<p>Abschlie\u00dfend lud Papst Franziskus zur Unterst\u00fctzung der Kirche im Gebet ein: \u201eBeten wir f\u00fcr die Kirche, dass sie auf allen Ebenen einen Lebensstil f\u00fchre, der von H\u00f6ren und Dialog gepr\u00e4gt ist, und sich vom Heiligen Geist bis an die Peripherien der Welt f\u00fchren l\u00e4sst.\u201c<\/p>\n<h2>Sch\u00f6nstatt bei der Synode<\/h2>\n<p>Am 4. Oktober beginnt die 16. ordentliche Generalversammlung der Bischofssynode. Drei Sch\u00f6nst\u00e4tter werden direkt teilnehmen: zwei Bisch\u00f6fe und ein Laie &#8211; <a href=\"https:\/\/schoenstatt.com\/de\/kirche\/drei-schoenstaetter-zur-synode-berufen-lasst-uns-fuer-sie-beten\/\"><strong>siehe hier.<\/strong><\/a><\/p>\n<p>Lasst uns mit dem Papst f\u00fcr die ganze Kirche beten, besonders f\u00fcr unsere Br\u00fcder im Liebesb\u00fcndnis. M\u00f6ge der Heilige Geist die Diskussionen leiten und der gro\u00dfe Protagonist dieser Zeit des Dialogs und der Reflexion sein.<\/p>\n<p>&nbsp;<\/p>\n","protected":false},"excerpt":{"rendered":"<p>Papst Franziskus bittet die Gl\u00e4ubigen im Monat Oktober insbesondere f\u00fcr die Weltsynode zu beten. In dem Video zum monatlichen Gebetsanliegen geht das Kirchenoberhaupt auf die Bedeutung der Mission ein.<\/p>\n","protected":false},"author":3,"featured_media":32663,"comment_status":"closed","ping_status":"closed","sticky":false,"template":"","format":"standard","meta":{"footnotes":""},"categories":[851],"tags":[],"class_list":["post-32673","post","type-post","status-publish","format-standard","has-post-thumbnail","hentry","category-kirche-de"],"yoast_head":"<!-- This site is optimized with the Yoast SEO Premium plugin v27.4 (Yoast SEO v27.5) - https:\/\/yoast.com\/product\/yoast-seo-premium-wordpress\/ -->\n<title>Papst bittet im Oktober um Gebet f\u00fcr Weltsynode<\/title>\n<meta name=\"description\" content=\"Pope Francis releases his prayer intention for the month of October and invites everyone to embrace listening and dialogue through the Synod.\" \/>\n<meta name=\"robots\" content=\"index, follow, max-snippet:-1, max-image-preview:large, max-video-preview:-1\" \/>\n<link rel=\"canonical\" href=\"https:\/\/schoenstatt.com\/de\/papst-bittet-im-oktober-um-gebet-fur-weltsynode\/\" \/>\n<meta property=\"og:locale\" content=\"de_DE\" \/>\n<meta property=\"og:type\" content=\"article\" \/>\n<meta property=\"og:title\" content=\"Papst bittet im Oktober um Gebet f\u00fcr Weltsynode\" \/>\n<meta property=\"og:description\" content=\"Pope Francis releases his prayer intention for the month of October and invites everyone to embrace listening and dialogue through the Synod.\" \/>\n<meta property=\"og:url\" content=\"https:\/\/schoenstatt.com\/de\/papst-bittet-im-oktober-um-gebet-fur-weltsynode\/\" \/>\n<meta property=\"og:site_name\" content=\"Schoenstatt\" \/>\n<meta property=\"article:published_time\" content=\"2023-09-30T04:13:26+00:00\" \/>\n<meta property=\"article:modified_time\" content=\"2025-05-15T17:33:31+00:00\" \/>\n<meta property=\"og:image\" content=\"https:\/\/schoenstatt.com\/wp-content\/uploads\/2023\/09\/vatican-vaticano-roma-1.jpg\" \/>\n\t<meta property=\"og:image:width\" content=\"768\" \/>\n\t<meta property=\"og:image:height\" content=\"522\" \/>\n\t<meta property=\"og:image:type\" content=\"image\/jpeg\" \/>\n<meta name=\"author\" content=\"Karen Bueno\" \/>\n<meta name=\"twitter:card\" content=\"summary_large_image\" \/>\n<meta name=\"twitter:label1\" content=\"Verfasst von\" \/>\n\t<meta name=\"twitter:data1\" content=\"Karen Bueno\" \/>\n\t<meta name=\"twitter:label2\" content=\"Gesch\u00e4tzte Lesezeit\" \/>\n\t<meta name=\"twitter:data2\" content=\"2\u00a0Minuten\" \/>\n<script type=\"application\/ld+json\" class=\"yoast-schema-graph\">{\"@context\":\"https:\\\/\\\/schema.org\",\"@graph\":[{\"@type\":\"Article\",\"@id\":\"https:\\\/\\\/schoenstatt.com\\\/de\\\/papst-bittet-im-oktober-um-gebet-fur-weltsynode\\\/#article\",\"isPartOf\":{\"@id\":\"https:\\\/\\\/schoenstatt.com\\\/de\\\/papst-bittet-im-oktober-um-gebet-fur-weltsynode\\\/\"},\"author\":{\"name\":\"Karen Bueno\",\"@id\":\"https:\\\/\\\/schoenstatt.com\\\/de\\\/#\\\/schema\\\/person\\\/5158877ad4acae98b34daaeef2a1ce6e\"},\"headline\":\"Papst bittet im Oktober um Gebet f\u00fcr Weltsynode\",\"datePublished\":\"2023-09-30T04:13:26+00:00\",\"dateModified\":\"2025-05-15T17:33:31+00:00\",\"mainEntityOfPage\":{\"@id\":\"https:\\\/\\\/schoenstatt.com\\\/de\\\/papst-bittet-im-oktober-um-gebet-fur-weltsynode\\\/\"},\"wordCount\":331,\"publisher\":{\"@id\":\"https:\\\/\\\/schoenstatt.com\\\/de\\\/#organization\"},\"image\":{\"@id\":\"https:\\\/\\\/schoenstatt.com\\\/de\\\/papst-bittet-im-oktober-um-gebet-fur-weltsynode\\\/#primaryimage\"},\"thumbnailUrl\":\"https:\\\/\\\/schoenstatt.com\\\/wp-content\\\/uploads\\\/2023\\\/09\\\/vatican-vaticano-roma-1.jpg\",\"articleSection\":[\"Kirche\"],\"inLanguage\":\"de\"},{\"@type\":\"WebPage\",\"@id\":\"https:\\\/\\\/schoenstatt.com\\\/de\\\/papst-bittet-im-oktober-um-gebet-fur-weltsynode\\\/\",\"url\":\"https:\\\/\\\/schoenstatt.com\\\/de\\\/papst-bittet-im-oktober-um-gebet-fur-weltsynode\\\/\",\"name\":\"Papst bittet im Oktober um Gebet f\u00fcr Weltsynode\",\"isPartOf\":{\"@id\":\"https:\\\/\\\/schoenstatt.com\\\/de\\\/#website\"},\"primaryImageOfPage\":{\"@id\":\"https:\\\/\\\/schoenstatt.com\\\/de\\\/papst-bittet-im-oktober-um-gebet-fur-weltsynode\\\/#primaryimage\"},\"image\":{\"@id\":\"https:\\\/\\\/schoenstatt.com\\\/de\\\/papst-bittet-im-oktober-um-gebet-fur-weltsynode\\\/#primaryimage\"},\"thumbnailUrl\":\"https:\\\/\\\/schoenstatt.com\\\/wp-content\\\/uploads\\\/2023\\\/09\\\/vatican-vaticano-roma-1.jpg\",\"datePublished\":\"2023-09-30T04:13:26+00:00\",\"dateModified\":\"2025-05-15T17:33:31+00:00\",\"description\":\"Pope Francis releases his prayer intention for the month of October and invites everyone to embrace listening and dialogue through the Synod.\",\"breadcrumb\":{\"@id\":\"https:\\\/\\\/schoenstatt.com\\\/de\\\/papst-bittet-im-oktober-um-gebet-fur-weltsynode\\\/#breadcrumb\"},\"inLanguage\":\"de\",\"potentialAction\":[{\"@type\":\"ReadAction\",\"target\":[\"https:\\\/\\\/schoenstatt.com\\\/de\\\/papst-bittet-im-oktober-um-gebet-fur-weltsynode\\\/\"]}]},{\"@type\":\"ImageObject\",\"inLanguage\":\"de\",\"@id\":\"https:\\\/\\\/schoenstatt.com\\\/de\\\/papst-bittet-im-oktober-um-gebet-fur-weltsynode\\\/#primaryimage\",\"url\":\"https:\\\/\\\/schoenstatt.com\\\/wp-content\\\/uploads\\\/2023\\\/09\\\/vatican-vaticano-roma-1.jpg\",\"contentUrl\":\"https:\\\/\\\/schoenstatt.com\\\/wp-content\\\/uploads\\\/2023\\\/09\\\/vatican-vaticano-roma-1.jpg\",\"width\":768,\"height\":522},{\"@type\":\"BreadcrumbList\",\"@id\":\"https:\\\/\\\/schoenstatt.com\\\/de\\\/papst-bittet-im-oktober-um-gebet-fur-weltsynode\\\/#breadcrumb\",\"itemListElement\":[{\"@type\":\"ListItem\",\"position\":1,\"name\":\"Portada\",\"item\":\"https:\\\/\\\/schoenstatt.com\\\/de\\\/home\\\/\"},{\"@type\":\"ListItem\",\"position\":2,\"name\":\"Papst bittet im Oktober um Gebet f\u00fcr Weltsynode\"}]},{\"@type\":\"WebSite\",\"@id\":\"https:\\\/\\\/schoenstatt.com\\\/de\\\/#website\",\"url\":\"https:\\\/\\\/schoenstatt.com\\\/de\\\/\",\"name\":\"Schoenstatt\",\"description\":\"Apostolic Movement\",\"publisher\":{\"@id\":\"https:\\\/\\\/schoenstatt.com\\\/de\\\/#organization\"},\"potentialAction\":[{\"@type\":\"SearchAction\",\"target\":{\"@type\":\"EntryPoint\",\"urlTemplate\":\"https:\\\/\\\/schoenstatt.com\\\/de\\\/?s={search_term_string}\"},\"query-input\":{\"@type\":\"PropertyValueSpecification\",\"valueRequired\":true,\"valueName\":\"search_term_string\"}}],\"inLanguage\":\"de\"},{\"@type\":\"Organization\",\"@id\":\"https:\\\/\\\/schoenstatt.com\\\/de\\\/#organization\",\"name\":\"Schoenstatt\",\"url\":\"https:\\\/\\\/schoenstatt.com\\\/de\\\/\",\"logo\":{\"@type\":\"ImageObject\",\"inLanguage\":\"de\",\"@id\":\"https:\\\/\\\/schoenstatt.com\\\/de\\\/#\\\/schema\\\/logo\\\/image\\\/\",\"url\":\"https:\\\/\\\/schoenstatt.com\\\/wp-content\\\/uploads\\\/2025\\\/04\\\/logo-schoenstatt-white-696x696-1.png\",\"contentUrl\":\"https:\\\/\\\/schoenstatt.com\\\/wp-content\\\/uploads\\\/2025\\\/04\\\/logo-schoenstatt-white-696x696-1.png\",\"width\":696,\"height\":694,\"caption\":\"Schoenstatt\"},\"image\":{\"@id\":\"https:\\\/\\\/schoenstatt.com\\\/de\\\/#\\\/schema\\\/logo\\\/image\\\/\"}},{\"@type\":\"Person\",\"@id\":\"https:\\\/\\\/schoenstatt.com\\\/de\\\/#\\\/schema\\\/person\\\/5158877ad4acae98b34daaeef2a1ce6e\",\"name\":\"Karen Bueno\",\"image\":{\"@type\":\"ImageObject\",\"inLanguage\":\"de\",\"@id\":\"https:\\\/\\\/secure.gravatar.com\\\/avatar\\\/f9f4b823873154269d2b2130f195f6d41037dd0d7fc5f3cacb5c846bae70d66b?s=96&d=mm&r=g\",\"url\":\"https:\\\/\\\/secure.gravatar.com\\\/avatar\\\/f9f4b823873154269d2b2130f195f6d41037dd0d7fc5f3cacb5c846bae70d66b?s=96&d=mm&r=g\",\"contentUrl\":\"https:\\\/\\\/secure.gravatar.com\\\/avatar\\\/f9f4b823873154269d2b2130f195f6d41037dd0d7fc5f3cacb5c846bae70d66b?s=96&d=mm&r=g\",\"caption\":\"Karen Bueno\"},\"url\":\"https:\\\/\\\/schoenstatt.com\\\/de\\\/author\\\/karen-bueno\\\/\"}]}<\/script>\n<!-- \/ Yoast SEO Premium plugin. -->","yoast_head_json":{"title":"Papst bittet im Oktober um Gebet f\u00fcr Weltsynode","description":"Pope Francis releases his prayer intention for the month of October and invites everyone to embrace listening and dialogue through the Synod.","robots":{"index":"index","follow":"follow","max-snippet":"max-snippet:-1","max-image-preview":"max-image-preview:large","max-video-preview":"max-video-preview:-1"},"canonical":"https:\/\/schoenstatt.com\/de\/papst-bittet-im-oktober-um-gebet-fur-weltsynode\/","og_locale":"de_DE","og_type":"article","og_title":"Papst bittet im Oktober um Gebet f\u00fcr Weltsynode","og_description":"Pope Francis releases his prayer intention for the month of October and invites everyone to embrace listening and dialogue through the Synod.","og_url":"https:\/\/schoenstatt.com\/de\/papst-bittet-im-oktober-um-gebet-fur-weltsynode\/","og_site_name":"Schoenstatt","article_published_time":"2023-09-30T04:13:26+00:00","article_modified_time":"2025-05-15T17:33:31+00:00","og_image":[{"width":768,"height":522,"url":"https:\/\/schoenstatt.com\/wp-content\/uploads\/2023\/09\/vatican-vaticano-roma-1.jpg","type":"image\/jpeg"}],"author":"Karen Bueno","twitter_card":"summary_large_image","twitter_misc":{"Verfasst von":"Karen Bueno","Gesch\u00e4tzte Lesezeit":"2\u00a0Minuten"},"schema":{"@context":"https:\/\/schema.org","@graph":[{"@type":"Article","@id":"https:\/\/schoenstatt.com\/de\/papst-bittet-im-oktober-um-gebet-fur-weltsynode\/#article","isPartOf":{"@id":"https:\/\/schoenstatt.com\/de\/papst-bittet-im-oktober-um-gebet-fur-weltsynode\/"},"author":{"name":"Karen Bueno","@id":"https:\/\/schoenstatt.com\/de\/#\/schema\/person\/5158877ad4acae98b34daaeef2a1ce6e"},"headline":"Papst bittet im Oktober um Gebet f\u00fcr Weltsynode","datePublished":"2023-09-30T04:13:26+00:00","dateModified":"2025-05-15T17:33:31+00:00","mainEntityOfPage":{"@id":"https:\/\/schoenstatt.com\/de\/papst-bittet-im-oktober-um-gebet-fur-weltsynode\/"},"wordCount":331,"publisher":{"@id":"https:\/\/schoenstatt.com\/de\/#organization"},"image":{"@id":"https:\/\/schoenstatt.com\/de\/papst-bittet-im-oktober-um-gebet-fur-weltsynode\/#primaryimage"},"thumbnailUrl":"https:\/\/schoenstatt.com\/wp-content\/uploads\/2023\/09\/vatican-vaticano-roma-1.jpg","articleSection":["Kirche"],"inLanguage":"de"},{"@type":"WebPage","@id":"https:\/\/schoenstatt.com\/de\/papst-bittet-im-oktober-um-gebet-fur-weltsynode\/","url":"https:\/\/schoenstatt.com\/de\/papst-bittet-im-oktober-um-gebet-fur-weltsynode\/","name":"Papst bittet im Oktober um Gebet f\u00fcr Weltsynode","isPartOf":{"@id":"https:\/\/schoenstatt.com\/de\/#website"},"primaryImageOfPage":{"@id":"https:\/\/schoenstatt.com\/de\/papst-bittet-im-oktober-um-gebet-fur-weltsynode\/#primaryimage"},"image":{"@id":"https:\/\/schoenstatt.com\/de\/papst-bittet-im-oktober-um-gebet-fur-weltsynode\/#primaryimage"},"thumbnailUrl":"https:\/\/schoenstatt.com\/wp-content\/uploads\/2023\/09\/vatican-vaticano-roma-1.jpg","datePublished":"2023-09-30T04:13:26+00:00","dateModified":"2025-05-15T17:33:31+00:00","description":"Pope Francis releases his prayer intention for the month of October and invites everyone to embrace listening and dialogue through the Synod.","breadcrumb":{"@id":"https:\/\/schoenstatt.com\/de\/papst-bittet-im-oktober-um-gebet-fur-weltsynode\/#breadcrumb"},"inLanguage":"de","potentialAction":[{"@type":"ReadAction","target":["https:\/\/schoenstatt.com\/de\/papst-bittet-im-oktober-um-gebet-fur-weltsynode\/"]}]},{"@type":"ImageObject","inLanguage":"de","@id":"https:\/\/schoenstatt.com\/de\/papst-bittet-im-oktober-um-gebet-fur-weltsynode\/#primaryimage","url":"https:\/\/schoenstatt.com\/wp-content\/uploads\/2023\/09\/vatican-vaticano-roma-1.jpg","contentUrl":"https:\/\/schoenstatt.com\/wp-content\/uploads\/2023\/09\/vatican-vaticano-roma-1.jpg","width":768,"height":522},{"@type":"BreadcrumbList","@id":"https:\/\/schoenstatt.com\/de\/papst-bittet-im-oktober-um-gebet-fur-weltsynode\/#breadcrumb","itemListElement":[{"@type":"ListItem","position":1,"name":"Portada","item":"https:\/\/schoenstatt.com\/de\/home\/"},{"@type":"ListItem","position":2,"name":"Papst bittet im Oktober um Gebet f\u00fcr Weltsynode"}]},{"@type":"WebSite","@id":"https:\/\/schoenstatt.com\/de\/#website","url":"https:\/\/schoenstatt.com\/de\/","name":"Schoenstatt","description":"Apostolic Movement","publisher":{"@id":"https:\/\/schoenstatt.com\/de\/#organization"},"potentialAction":[{"@type":"SearchAction","target":{"@type":"EntryPoint","urlTemplate":"https:\/\/schoenstatt.com\/de\/?s={search_term_string}"},"query-input":{"@type":"PropertyValueSpecification","valueRequired":true,"valueName":"search_term_string"}}],"inLanguage":"de"},{"@type":"Organization","@id":"https:\/\/schoenstatt.com\/de\/#organization","name":"Schoenstatt","url":"https:\/\/schoenstatt.com\/de\/","logo":{"@type":"ImageObject","inLanguage":"de","@id":"https:\/\/schoenstatt.com\/de\/#\/schema\/logo\/image\/","url":"https:\/\/schoenstatt.com\/wp-content\/uploads\/2025\/04\/logo-schoenstatt-white-696x696-1.png","contentUrl":"https:\/\/schoenstatt.com\/wp-content\/uploads\/2025\/04\/logo-schoenstatt-white-696x696-1.png","width":696,"height":694,"caption":"Schoenstatt"},"image":{"@id":"https:\/\/schoenstatt.com\/de\/#\/schema\/logo\/image\/"}},{"@type":"Person","@id":"https:\/\/schoenstatt.com\/de\/#\/schema\/person\/5158877ad4acae98b34daaeef2a1ce6e","name":"Karen Bueno","image":{"@type":"ImageObject","inLanguage":"de","@id":"https:\/\/secure.gravatar.com\/avatar\/f9f4b823873154269d2b2130f195f6d41037dd0d7fc5f3cacb5c846bae70d66b?s=96&d=mm&r=g","url":"https:\/\/secure.gravatar.com\/avatar\/f9f4b823873154269d2b2130f195f6d41037dd0d7fc5f3cacb5c846bae70d66b?s=96&d=mm&r=g","contentUrl":"https:\/\/secure.gravatar.com\/avatar\/f9f4b823873154269d2b2130f195f6d41037dd0d7fc5f3cacb5c846bae70d66b?s=96&d=mm&r=g","caption":"Karen Bueno"},"url":"https:\/\/schoenstatt.com\/de\/author\/karen-bueno\/"}]}},"_links":{"self":[{"href":"https:\/\/schoenstatt.com\/de\/wp-json\/wp\/v2\/posts\/32673","targetHints":{"allow":["GET"]}}],"collection":[{"href":"https:\/\/schoenstatt.com\/de\/wp-json\/wp\/v2\/posts"}],"about":[{"href":"https:\/\/schoenstatt.com\/de\/wp-json\/wp\/v2\/types\/post"}],"author":[{"embeddable":true,"href":"https:\/\/schoenstatt.com\/de\/wp-json\/wp\/v2\/users\/3"}],"replies":[{"embeddable":true,"href":"https:\/\/schoenstatt.com\/de\/wp-json\/wp\/v2\/comments?post=32673"}],"version-history":[{"count":1,"href":"https:\/\/schoenstatt.com\/de\/wp-json\/wp\/v2\/posts\/32673\/revisions"}],"predecessor-version":[{"id":46298,"href":"https:\/\/schoenstatt.com\/de\/wp-json\/wp\/v2\/posts\/32673\/revisions\/46298"}],"wp:featuredmedia":[{"embeddable":true,"href":"https:\/\/schoenstatt.com\/de\/wp-json\/wp\/v2\/media\/32663"}],"wp:attachment":[{"href":"https:\/\/schoenstatt.com\/de\/wp-json\/wp\/v2\/media?parent=32673"}],"wp:term":[{"taxonomy":"category","embeddable":true,"href":"https:\/\/schoenstatt.com\/de\/wp-json\/wp\/v2\/categories?post=32673"},{"taxonomy":"post_tag","embeddable":true,"href":"https:\/\/schoenstatt.com\/de\/wp-json\/wp\/v2\/tags?post=32673"}],"curies":[{"name":"wp","href":"https:\/\/api.w.org\/{rel}","templated":true}]}}