{"id":32577,"date":"2023-09-22T14:53:05","date_gmt":"2023-09-22T12:53:05","guid":{"rendered":"https:\/\/schoenstatt.com\/spiritualitat\/schoenstatt-together-con-la-iglesia-con-el-papa-por-el-sinodo\/"},"modified":"2025-05-15T22:33:35","modified_gmt":"2025-05-15T20:33:35","slug":"schoenstatt-together-mit-der-kirche-mit-dem-papst-fur-die-synode","status":"publish","type":"post","link":"https:\/\/schoenstatt.com\/de\/schoenstatt-together-mit-der-kirche-mit-dem-papst-fur-die-synode\/","title":{"rendered":"Sch\u00f6nstatt Together &#8211; Mit der Kirche, mit dem Papst, f\u00fcr die Synode"},"content":{"rendered":"<p>Einer der gro\u00dfen Momente auf dem synodalen Weg der Kirche r\u00fcckt n\u00e4her. Im Oktober 2023 findet die 16. ordentliche Generalversammlung der Bischofssynode zum Thema: \u201eF\u00fcr eine synodale Kirche: Gemeinschaft, Partizipation und Mission\u201c statt. Sie wird Vertreter aus allen Kontinenten zusammenbringen: Laien, Ordensleute, Bisch\u00f6fe, Priester und andere. Die Apostolische Sch\u00f6nstatt-Bewegung wird mit drei Teilnehmern vertreten sein, deren Namen in der offiziellen Liste der Eingeladenen ver\u00f6ffentlicht wurden: <a href=\"https:\/\/schoenstatt.com\/de\/kirche\/drei-schoenstaetter-zur-synode-berufen-lasst-uns-fuer-sie-beten\/\">siehe Details hier<\/a>.<\/p>\n<h2>Together: Eine Vigil f\u00fcr die ganze Kirche &#8211; Sollen wir gemeinsam gehen?<\/h2>\n<p>Die geistliche Vorbereitung auf dieses gro\u00dfe Treffen wird in einer von Papst Franziskus einberufenen Vigil im Vatikan gipfeln.<\/p>\n<p><strong>Am 30. September findet die Initiative \u201eTogether &#8211; Begegnung des Volkes Gottes\u201c<\/strong> und die \u00f6kumenische Gebetswache unter dem Vorsitz des Heiligen Vaters auf dem Petersplatz statt. Sie findet am Vorabend der 16. Generalversammlung statt und bittet um den Heiligen Geist f\u00fcr alle, die an der Synode teilnehmen werden.<\/p>\n<p>Die Gemeinschaft von Taiz\u00e9 organisiert die Veranstaltung, die live \u00fcber die Kommunikationskan\u00e4le des Vatikans \u00fcbertragen wird. Da es sich um eine \u00f6kumenische Veranstaltung handelt, werden Vertreter verschiedener Konfessionen in Lobpreis und Stille zusammenkommen und dem Wort Gottes lauschen.<\/p>\n<p>Die Vigil richtet sich an junge Menschen zwischen 18 und 35 Jahren aus allen kirchlichen Konfessionen, aber auch alle anderen, unabh\u00e4ngig vom Alter, sind eingeladen, an diesem Moment teilzunehmen. W\u00e4hrend des gesamten Wochenendes finden in Rom Aktivit\u00e4ten statt.<\/p>\n<h2>Sch\u00f6nstatt Together im Urheiligtum und in der Welt<\/h2>\n<p>Gemeinsam mit der ganzen Kirche wird sich auch die Sch\u00f6nstatt-Bewegung an dieser Gebetswache beteiligen.<\/p>\n<p><strong>Am 30. September von 20:00 bis 21:00 Uhr (Ortszeit) findet im Urheiligtum eine Gebetsstunde f\u00fcr die Synode statt.<\/strong><\/p>\n<p>\u00dcber <a href=\"https:\/\/urheiligtum.de\/PT\/10-Servico\/99-Webcam.php\" target=\"_blank\" rel=\"noopener\">diesen Link<\/a> k\u00f6nnen Sie die Webcam-\u00dcbertragung verfolgen und an diesem besonderen Moment teilnehmen.<\/p>\n<p>Menschen in der ganzen Bewegung sind auch eingeladen, am Wochenende des 30. September eine Gebetszeit f\u00fcr die Synode zu organisieren. Gruppen k\u00f6nnen sich in Heiligt\u00fcmern, Pfarreien und Hausheiligt\u00fcmern versammeln, wo immer dies m\u00f6glich ist, um gemeinsam f\u00fcr die Synode zu beten.<\/p>\n<p>Weitere Informationen zu dieser Veranstaltung finden Sie auf dieser Website &#8211; <a href=\"https:\/\/together2023.net\/de\/home-german\/\" target=\"_blank\" rel=\"noopener\">https:\/\/together2023.net\/<\/a><\/p>\n<h3>Die Einladung durch Papst Franziskus<\/h3>\n<p><iframe title=\"Pope Francis announces Together 2023\" src=\"https:\/\/player.vimeo.com\/video\/789799385?h=c66040154f&amp;dnt=1&amp;app_id=122963\" width=\"1080\" height=\"608\" frameborder=\"0\" allowfullscreen=\"allowfullscreen\"><\/iframe><br \/>\n\u201eDer Weg zur Einheit der Christen und der Weg zur synodalen Bekehrung der Kirche sind miteinander verbunden. Ich m\u00f6chte bei dieser Gelegenheit ank\u00fcndigen, dass am Samstag, den 30. September ein \u00f6kumenisches Abendgebet auf dem Petersplatz stattfinden wird, mit dem wir Gott die Arbeit der 16. Ordentlichen Generalversammlung der Bischofssynode anvertrauen. F\u00fcr die Jugendlichen, die an diesem Abendgebet teilnehmen, wird es w\u00e4hrend des gesamten Wochenendes ein eigenes Programm in Rom geben, das von der Communaut\u00e9 von Taiz\u00e9 gestaltet wird. Schon jetzt lade ich die Schwestern und Br\u00fcder aller christlichen Konfessionen zu dieser \u201aVersammlung des Volkes Gottes\u2018 ein.\u201c<\/p>\n","protected":false},"excerpt":{"rendered":"<p>Wir haben eine Einladung an die ganze Sch\u00f6nstattfamilie: Wollen wir gemeinsam f\u00fcr die Synode beten? Gemeinsam mit der ganzen Kirche und Papst Franziskus werden wir am 30. September im Urheiligtum in Sch\u00f6nstatt einen besonderen Moment erleben. Sie sind auch eingeladen, mit Ihrer Gruppe in Ihrem Land einen Moment des Gebets zu halten.<\/p>\n","protected":false},"author":3,"featured_media":32570,"comment_status":"closed","ping_status":"closed","sticky":false,"template":"","format":"standard","meta":{"footnotes":""},"categories":[851,899],"tags":[],"class_list":["post-32577","post","type-post","status-publish","format-standard","has-post-thumbnail","hentry","category-kirche-de","category-urheiligtum-de"],"yoast_head":"<!-- This site is optimized with the Yoast SEO Premium plugin v27.4 (Yoast SEO v27.4) - https:\/\/yoast.com\/product\/yoast-seo-premium-wordpress\/ -->\n<title>Sch\u00f6nstatt Together - Mit der Kirche, mit dem Papst, f\u00fcr die Synode<\/title>\n<meta name=\"description\" content=\"Sch\u00f6nstatt Together - eine Gebetsinitiative f\u00fcr die Kirche und die Synode. Hier k\u00f6nnen Sie erfahren, wie Sie teilnehmen k\u00f6nnen.\" \/>\n<meta name=\"robots\" content=\"index, follow, max-snippet:-1, max-image-preview:large, max-video-preview:-1\" \/>\n<link rel=\"canonical\" href=\"https:\/\/schoenstatt.com\/de\/schoenstatt-together-mit-der-kirche-mit-dem-papst-fur-die-synode\/\" \/>\n<meta property=\"og:locale\" content=\"de_DE\" \/>\n<meta property=\"og:type\" content=\"article\" \/>\n<meta property=\"og:title\" content=\"Sch\u00f6nstatt Together - Mit der Kirche, mit dem Papst, f\u00fcr die Synode\" \/>\n<meta property=\"og:description\" content=\"Sch\u00f6nstatt Together - eine Gebetsinitiative f\u00fcr die Kirche und die Synode. Hier k\u00f6nnen Sie erfahren, wie Sie teilnehmen k\u00f6nnen.\" \/>\n<meta property=\"og:url\" content=\"https:\/\/schoenstatt.com\/de\/schoenstatt-together-mit-der-kirche-mit-dem-papst-fur-die-synode\/\" \/>\n<meta property=\"og:site_name\" content=\"Schoenstatt\" \/>\n<meta property=\"article:published_time\" content=\"2023-09-22T12:53:05+00:00\" \/>\n<meta property=\"article:modified_time\" content=\"2025-05-15T20:33:35+00:00\" \/>\n<meta property=\"og:image\" content=\"https:\/\/schoenstatt.com\/wp-content\/uploads\/2023\/09\/Logo-Together-1.jpg\" \/>\n\t<meta property=\"og:image:width\" content=\"2048\" \/>\n\t<meta property=\"og:image:height\" content=\"1152\" \/>\n\t<meta property=\"og:image:type\" content=\"image\/jpeg\" \/>\n<meta name=\"author\" content=\"Karen Bueno\" \/>\n<meta name=\"twitter:card\" content=\"summary_large_image\" \/>\n<meta name=\"twitter:label1\" content=\"Verfasst von\" \/>\n\t<meta name=\"twitter:data1\" content=\"Karen Bueno\" \/>\n\t<meta name=\"twitter:label2\" content=\"Gesch\u00e4tzte Lesezeit\" \/>\n\t<meta name=\"twitter:data2\" content=\"2\u00a0Minuten\" \/>\n<script type=\"application\/ld+json\" class=\"yoast-schema-graph\">{\"@context\":\"https:\\\/\\\/schema.org\",\"@graph\":[{\"@type\":\"Article\",\"@id\":\"https:\\\/\\\/schoenstatt.com\\\/de\\\/schoenstatt-together-mit-der-kirche-mit-dem-papst-fur-die-synode\\\/#article\",\"isPartOf\":{\"@id\":\"https:\\\/\\\/schoenstatt.com\\\/de\\\/schoenstatt-together-mit-der-kirche-mit-dem-papst-fur-die-synode\\\/\"},\"author\":{\"name\":\"Karen Bueno\",\"@id\":\"https:\\\/\\\/schoenstatt.com\\\/de\\\/#\\\/schema\\\/person\\\/5158877ad4acae98b34daaeef2a1ce6e\"},\"headline\":\"Sch\u00f6nstatt Together &#8211; Mit der Kirche, mit dem Papst, f\u00fcr die Synode\",\"datePublished\":\"2023-09-22T12:53:05+00:00\",\"dateModified\":\"2025-05-15T20:33:35+00:00\",\"mainEntityOfPage\":{\"@id\":\"https:\\\/\\\/schoenstatt.com\\\/de\\\/schoenstatt-together-mit-der-kirche-mit-dem-papst-fur-die-synode\\\/\"},\"wordCount\":464,\"publisher\":{\"@id\":\"https:\\\/\\\/schoenstatt.com\\\/de\\\/#organization\"},\"image\":{\"@id\":\"https:\\\/\\\/schoenstatt.com\\\/de\\\/schoenstatt-together-mit-der-kirche-mit-dem-papst-fur-die-synode\\\/#primaryimage\"},\"thumbnailUrl\":\"https:\\\/\\\/schoenstatt.com\\\/wp-content\\\/uploads\\\/2023\\\/09\\\/Logo-Together-1.jpg\",\"articleSection\":[\"Kirche\",\"Urheiligtum\"],\"inLanguage\":\"de\"},{\"@type\":\"WebPage\",\"@id\":\"https:\\\/\\\/schoenstatt.com\\\/de\\\/schoenstatt-together-mit-der-kirche-mit-dem-papst-fur-die-synode\\\/\",\"url\":\"https:\\\/\\\/schoenstatt.com\\\/de\\\/schoenstatt-together-mit-der-kirche-mit-dem-papst-fur-die-synode\\\/\",\"name\":\"Sch\u00f6nstatt Together - Mit der Kirche, mit dem Papst, f\u00fcr die Synode\",\"isPartOf\":{\"@id\":\"https:\\\/\\\/schoenstatt.com\\\/de\\\/#website\"},\"primaryImageOfPage\":{\"@id\":\"https:\\\/\\\/schoenstatt.com\\\/de\\\/schoenstatt-together-mit-der-kirche-mit-dem-papst-fur-die-synode\\\/#primaryimage\"},\"image\":{\"@id\":\"https:\\\/\\\/schoenstatt.com\\\/de\\\/schoenstatt-together-mit-der-kirche-mit-dem-papst-fur-die-synode\\\/#primaryimage\"},\"thumbnailUrl\":\"https:\\\/\\\/schoenstatt.com\\\/wp-content\\\/uploads\\\/2023\\\/09\\\/Logo-Together-1.jpg\",\"datePublished\":\"2023-09-22T12:53:05+00:00\",\"dateModified\":\"2025-05-15T20:33:35+00:00\",\"description\":\"Sch\u00f6nstatt Together - eine Gebetsinitiative f\u00fcr die Kirche und die Synode. Hier k\u00f6nnen Sie erfahren, wie Sie teilnehmen k\u00f6nnen.\",\"breadcrumb\":{\"@id\":\"https:\\\/\\\/schoenstatt.com\\\/de\\\/schoenstatt-together-mit-der-kirche-mit-dem-papst-fur-die-synode\\\/#breadcrumb\"},\"inLanguage\":\"de\",\"potentialAction\":[{\"@type\":\"ReadAction\",\"target\":[\"https:\\\/\\\/schoenstatt.com\\\/de\\\/schoenstatt-together-mit-der-kirche-mit-dem-papst-fur-die-synode\\\/\"]}]},{\"@type\":\"ImageObject\",\"inLanguage\":\"de\",\"@id\":\"https:\\\/\\\/schoenstatt.com\\\/de\\\/schoenstatt-together-mit-der-kirche-mit-dem-papst-fur-die-synode\\\/#primaryimage\",\"url\":\"https:\\\/\\\/schoenstatt.com\\\/wp-content\\\/uploads\\\/2023\\\/09\\\/Logo-Together-1.jpg\",\"contentUrl\":\"https:\\\/\\\/schoenstatt.com\\\/wp-content\\\/uploads\\\/2023\\\/09\\\/Logo-Together-1.jpg\",\"width\":2048,\"height\":1152},{\"@type\":\"BreadcrumbList\",\"@id\":\"https:\\\/\\\/schoenstatt.com\\\/de\\\/schoenstatt-together-mit-der-kirche-mit-dem-papst-fur-die-synode\\\/#breadcrumb\",\"itemListElement\":[{\"@type\":\"ListItem\",\"position\":1,\"name\":\"Portada\",\"item\":\"https:\\\/\\\/schoenstatt.com\\\/de\\\/home\\\/\"},{\"@type\":\"ListItem\",\"position\":2,\"name\":\"Sch\u00f6nstatt Together &#8211; Mit der Kirche, mit dem Papst, f\u00fcr die Synode\"}]},{\"@type\":\"WebSite\",\"@id\":\"https:\\\/\\\/schoenstatt.com\\\/de\\\/#website\",\"url\":\"https:\\\/\\\/schoenstatt.com\\\/de\\\/\",\"name\":\"Schoenstatt\",\"description\":\"Apostolic Movement\",\"publisher\":{\"@id\":\"https:\\\/\\\/schoenstatt.com\\\/de\\\/#organization\"},\"potentialAction\":[{\"@type\":\"SearchAction\",\"target\":{\"@type\":\"EntryPoint\",\"urlTemplate\":\"https:\\\/\\\/schoenstatt.com\\\/de\\\/?s={search_term_string}\"},\"query-input\":{\"@type\":\"PropertyValueSpecification\",\"valueRequired\":true,\"valueName\":\"search_term_string\"}}],\"inLanguage\":\"de\"},{\"@type\":\"Organization\",\"@id\":\"https:\\\/\\\/schoenstatt.com\\\/de\\\/#organization\",\"name\":\"Schoenstatt\",\"url\":\"https:\\\/\\\/schoenstatt.com\\\/de\\\/\",\"logo\":{\"@type\":\"ImageObject\",\"inLanguage\":\"de\",\"@id\":\"https:\\\/\\\/schoenstatt.com\\\/de\\\/#\\\/schema\\\/logo\\\/image\\\/\",\"url\":\"https:\\\/\\\/schoenstatt.com\\\/wp-content\\\/uploads\\\/2025\\\/04\\\/logo-schoenstatt-white-696x696-1.png\",\"contentUrl\":\"https:\\\/\\\/schoenstatt.com\\\/wp-content\\\/uploads\\\/2025\\\/04\\\/logo-schoenstatt-white-696x696-1.png\",\"width\":696,\"height\":694,\"caption\":\"Schoenstatt\"},\"image\":{\"@id\":\"https:\\\/\\\/schoenstatt.com\\\/de\\\/#\\\/schema\\\/logo\\\/image\\\/\"}},{\"@type\":\"Person\",\"@id\":\"https:\\\/\\\/schoenstatt.com\\\/de\\\/#\\\/schema\\\/person\\\/5158877ad4acae98b34daaeef2a1ce6e\",\"name\":\"Karen Bueno\",\"image\":{\"@type\":\"ImageObject\",\"inLanguage\":\"de\",\"@id\":\"https:\\\/\\\/secure.gravatar.com\\\/avatar\\\/f9f4b823873154269d2b2130f195f6d41037dd0d7fc5f3cacb5c846bae70d66b?s=96&d=mm&r=g\",\"url\":\"https:\\\/\\\/secure.gravatar.com\\\/avatar\\\/f9f4b823873154269d2b2130f195f6d41037dd0d7fc5f3cacb5c846bae70d66b?s=96&d=mm&r=g\",\"contentUrl\":\"https:\\\/\\\/secure.gravatar.com\\\/avatar\\\/f9f4b823873154269d2b2130f195f6d41037dd0d7fc5f3cacb5c846bae70d66b?s=96&d=mm&r=g\",\"caption\":\"Karen Bueno\"},\"url\":\"https:\\\/\\\/schoenstatt.com\\\/de\\\/author\\\/karen-bueno\\\/\"}]}<\/script>\n<!-- \/ Yoast SEO Premium plugin. -->","yoast_head_json":{"title":"Sch\u00f6nstatt Together - Mit der Kirche, mit dem Papst, f\u00fcr die Synode","description":"Sch\u00f6nstatt Together - eine Gebetsinitiative f\u00fcr die Kirche und die Synode. Hier k\u00f6nnen Sie erfahren, wie Sie teilnehmen k\u00f6nnen.","robots":{"index":"index","follow":"follow","max-snippet":"max-snippet:-1","max-image-preview":"max-image-preview:large","max-video-preview":"max-video-preview:-1"},"canonical":"https:\/\/schoenstatt.com\/de\/schoenstatt-together-mit-der-kirche-mit-dem-papst-fur-die-synode\/","og_locale":"de_DE","og_type":"article","og_title":"Sch\u00f6nstatt Together - Mit der Kirche, mit dem Papst, f\u00fcr die Synode","og_description":"Sch\u00f6nstatt Together - eine Gebetsinitiative f\u00fcr die Kirche und die Synode. Hier k\u00f6nnen Sie erfahren, wie Sie teilnehmen k\u00f6nnen.","og_url":"https:\/\/schoenstatt.com\/de\/schoenstatt-together-mit-der-kirche-mit-dem-papst-fur-die-synode\/","og_site_name":"Schoenstatt","article_published_time":"2023-09-22T12:53:05+00:00","article_modified_time":"2025-05-15T20:33:35+00:00","og_image":[{"width":2048,"height":1152,"url":"https:\/\/schoenstatt.com\/wp-content\/uploads\/2023\/09\/Logo-Together-1.jpg","type":"image\/jpeg"}],"author":"Karen Bueno","twitter_card":"summary_large_image","twitter_misc":{"Verfasst von":"Karen Bueno","Gesch\u00e4tzte Lesezeit":"2\u00a0Minuten"},"schema":{"@context":"https:\/\/schema.org","@graph":[{"@type":"Article","@id":"https:\/\/schoenstatt.com\/de\/schoenstatt-together-mit-der-kirche-mit-dem-papst-fur-die-synode\/#article","isPartOf":{"@id":"https:\/\/schoenstatt.com\/de\/schoenstatt-together-mit-der-kirche-mit-dem-papst-fur-die-synode\/"},"author":{"name":"Karen Bueno","@id":"https:\/\/schoenstatt.com\/de\/#\/schema\/person\/5158877ad4acae98b34daaeef2a1ce6e"},"headline":"Sch\u00f6nstatt Together &#8211; Mit der Kirche, mit dem Papst, f\u00fcr die Synode","datePublished":"2023-09-22T12:53:05+00:00","dateModified":"2025-05-15T20:33:35+00:00","mainEntityOfPage":{"@id":"https:\/\/schoenstatt.com\/de\/schoenstatt-together-mit-der-kirche-mit-dem-papst-fur-die-synode\/"},"wordCount":464,"publisher":{"@id":"https:\/\/schoenstatt.com\/de\/#organization"},"image":{"@id":"https:\/\/schoenstatt.com\/de\/schoenstatt-together-mit-der-kirche-mit-dem-papst-fur-die-synode\/#primaryimage"},"thumbnailUrl":"https:\/\/schoenstatt.com\/wp-content\/uploads\/2023\/09\/Logo-Together-1.jpg","articleSection":["Kirche","Urheiligtum"],"inLanguage":"de"},{"@type":"WebPage","@id":"https:\/\/schoenstatt.com\/de\/schoenstatt-together-mit-der-kirche-mit-dem-papst-fur-die-synode\/","url":"https:\/\/schoenstatt.com\/de\/schoenstatt-together-mit-der-kirche-mit-dem-papst-fur-die-synode\/","name":"Sch\u00f6nstatt Together - Mit der Kirche, mit dem Papst, f\u00fcr die Synode","isPartOf":{"@id":"https:\/\/schoenstatt.com\/de\/#website"},"primaryImageOfPage":{"@id":"https:\/\/schoenstatt.com\/de\/schoenstatt-together-mit-der-kirche-mit-dem-papst-fur-die-synode\/#primaryimage"},"image":{"@id":"https:\/\/schoenstatt.com\/de\/schoenstatt-together-mit-der-kirche-mit-dem-papst-fur-die-synode\/#primaryimage"},"thumbnailUrl":"https:\/\/schoenstatt.com\/wp-content\/uploads\/2023\/09\/Logo-Together-1.jpg","datePublished":"2023-09-22T12:53:05+00:00","dateModified":"2025-05-15T20:33:35+00:00","description":"Sch\u00f6nstatt Together - eine Gebetsinitiative f\u00fcr die Kirche und die Synode. Hier k\u00f6nnen Sie erfahren, wie Sie teilnehmen k\u00f6nnen.","breadcrumb":{"@id":"https:\/\/schoenstatt.com\/de\/schoenstatt-together-mit-der-kirche-mit-dem-papst-fur-die-synode\/#breadcrumb"},"inLanguage":"de","potentialAction":[{"@type":"ReadAction","target":["https:\/\/schoenstatt.com\/de\/schoenstatt-together-mit-der-kirche-mit-dem-papst-fur-die-synode\/"]}]},{"@type":"ImageObject","inLanguage":"de","@id":"https:\/\/schoenstatt.com\/de\/schoenstatt-together-mit-der-kirche-mit-dem-papst-fur-die-synode\/#primaryimage","url":"https:\/\/schoenstatt.com\/wp-content\/uploads\/2023\/09\/Logo-Together-1.jpg","contentUrl":"https:\/\/schoenstatt.com\/wp-content\/uploads\/2023\/09\/Logo-Together-1.jpg","width":2048,"height":1152},{"@type":"BreadcrumbList","@id":"https:\/\/schoenstatt.com\/de\/schoenstatt-together-mit-der-kirche-mit-dem-papst-fur-die-synode\/#breadcrumb","itemListElement":[{"@type":"ListItem","position":1,"name":"Portada","item":"https:\/\/schoenstatt.com\/de\/home\/"},{"@type":"ListItem","position":2,"name":"Sch\u00f6nstatt Together &#8211; Mit der Kirche, mit dem Papst, f\u00fcr die Synode"}]},{"@type":"WebSite","@id":"https:\/\/schoenstatt.com\/de\/#website","url":"https:\/\/schoenstatt.com\/de\/","name":"Schoenstatt","description":"Apostolic Movement","publisher":{"@id":"https:\/\/schoenstatt.com\/de\/#organization"},"potentialAction":[{"@type":"SearchAction","target":{"@type":"EntryPoint","urlTemplate":"https:\/\/schoenstatt.com\/de\/?s={search_term_string}"},"query-input":{"@type":"PropertyValueSpecification","valueRequired":true,"valueName":"search_term_string"}}],"inLanguage":"de"},{"@type":"Organization","@id":"https:\/\/schoenstatt.com\/de\/#organization","name":"Schoenstatt","url":"https:\/\/schoenstatt.com\/de\/","logo":{"@type":"ImageObject","inLanguage":"de","@id":"https:\/\/schoenstatt.com\/de\/#\/schema\/logo\/image\/","url":"https:\/\/schoenstatt.com\/wp-content\/uploads\/2025\/04\/logo-schoenstatt-white-696x696-1.png","contentUrl":"https:\/\/schoenstatt.com\/wp-content\/uploads\/2025\/04\/logo-schoenstatt-white-696x696-1.png","width":696,"height":694,"caption":"Schoenstatt"},"image":{"@id":"https:\/\/schoenstatt.com\/de\/#\/schema\/logo\/image\/"}},{"@type":"Person","@id":"https:\/\/schoenstatt.com\/de\/#\/schema\/person\/5158877ad4acae98b34daaeef2a1ce6e","name":"Karen Bueno","image":{"@type":"ImageObject","inLanguage":"de","@id":"https:\/\/secure.gravatar.com\/avatar\/f9f4b823873154269d2b2130f195f6d41037dd0d7fc5f3cacb5c846bae70d66b?s=96&d=mm&r=g","url":"https:\/\/secure.gravatar.com\/avatar\/f9f4b823873154269d2b2130f195f6d41037dd0d7fc5f3cacb5c846bae70d66b?s=96&d=mm&r=g","contentUrl":"https:\/\/secure.gravatar.com\/avatar\/f9f4b823873154269d2b2130f195f6d41037dd0d7fc5f3cacb5c846bae70d66b?s=96&d=mm&r=g","caption":"Karen Bueno"},"url":"https:\/\/schoenstatt.com\/de\/author\/karen-bueno\/"}]}},"_links":{"self":[{"href":"https:\/\/schoenstatt.com\/de\/wp-json\/wp\/v2\/posts\/32577","targetHints":{"allow":["GET"]}}],"collection":[{"href":"https:\/\/schoenstatt.com\/de\/wp-json\/wp\/v2\/posts"}],"about":[{"href":"https:\/\/schoenstatt.com\/de\/wp-json\/wp\/v2\/types\/post"}],"author":[{"embeddable":true,"href":"https:\/\/schoenstatt.com\/de\/wp-json\/wp\/v2\/users\/3"}],"replies":[{"embeddable":true,"href":"https:\/\/schoenstatt.com\/de\/wp-json\/wp\/v2\/comments?post=32577"}],"version-history":[{"count":1,"href":"https:\/\/schoenstatt.com\/de\/wp-json\/wp\/v2\/posts\/32577\/revisions"}],"predecessor-version":[{"id":46272,"href":"https:\/\/schoenstatt.com\/de\/wp-json\/wp\/v2\/posts\/32577\/revisions\/46272"}],"wp:featuredmedia":[{"embeddable":true,"href":"https:\/\/schoenstatt.com\/de\/wp-json\/wp\/v2\/media\/32570"}],"wp:attachment":[{"href":"https:\/\/schoenstatt.com\/de\/wp-json\/wp\/v2\/media?parent=32577"}],"wp:term":[{"taxonomy":"category","embeddable":true,"href":"https:\/\/schoenstatt.com\/de\/wp-json\/wp\/v2\/categories?post=32577"},{"taxonomy":"post_tag","embeddable":true,"href":"https:\/\/schoenstatt.com\/de\/wp-json\/wp\/v2\/tags?post=32577"}],"curies":[{"name":"wp","href":"https:\/\/api.w.org\/{rel}","templated":true}]}}