{"id":32489,"date":"2023-09-15T15:08:18","date_gmt":"2023-09-15T13:08:18","guid":{"rendered":"https:\/\/schoenstatt.com\/?p=32489"},"modified":"2025-05-15T19:52:34","modified_gmt":"2025-05-15T17:52:34","slug":"das-grosse-pilgerheiligtum-reist-nach-rumaenien","status":"publish","type":"post","link":"https:\/\/schoenstatt.com\/de\/das-grosse-pilgerheiligtum-reist-nach-rumaenien\/","title":{"rendered":"Das gro\u00dfe \u201ePilgerheiligtum\u201c reist nach Rum\u00e4nien"},"content":{"rendered":"<p>Das Besondere: Durch diese Pilgergruppe kann Maria, im gro\u00dfen <a href=\"https:\/\/schoenstatt.com\/de\/mission\/schoenstatt-leben\/\">Pilgerheiligtum<\/a> f\u00fcr Europa, die so genannte \u201eEuropa-Auxiliar\u201c, wieder ihre Pilgerschaft durch die L\u00e4nder Europas beginnen. Schon zweimal hat Maria, die als \u201eK\u00f6nigin der Neuevangelisierung Europas\u201c unterwegs ist, die L\u00e4nder Europas besucht und Verbindungen zwischen den Menschen gekn\u00fcpft. Durch die Einschr\u00e4nkungen der Corona-Pandemie kam es zu einem unfreiwilligen Stopp. Die Pilgergruppe unter Leitung von Sr. Beata-Maria Horv\u00e1th, l\u00e4sst sich bei ihrem Abschlussgottesdienst nicht nur mit den mitgebrachen kleinen Pilgerheiligt\u00fcmern neu aussenden, sondern \u00fcbernimmt auch die Reisebegleitung der Gottesmutter im gro\u00dfen Pilgerheiligtum f\u00fcr ihre Rum\u00e4nien-Pilgerreise.<\/p>\n<figure id=\"attachment_32494\" aria-describedby=\"caption-attachment-32494\" style=\"width: 360px\" class=\"wp-caption aligncenter\"><img fetchpriority=\"high\" decoding=\"async\" class=\"wp-image-32494 size-full\" src=\"https:\/\/schoenstatt.com\/wp-content\/uploads\/2023\/09\/Das-grose-Pilgerheiligtum-reist-nach-Rumanien-2-2.jpg\" alt=\"\" width=\"360\" height=\"480\" \/><figcaption id=\"caption-attachment-32494\" class=\"wp-caption-text\">Schon im Jahr 2012 waren rum\u00e4nische Pilger bei der Europawallfahrt des Projektes Pilgerheiligtum in Sch\u00f6nstatt mit dabei (Foto: PPH)<\/figcaption><\/figure>\n<h2>Besuch in der Kulturhauptstadt Timisoara<\/h2>\n<p>Erste Pilgerstation in Rum\u00e4nien ist der Dom in Timisoara oder Temeschwar, wie die Stadt auch genannt wird. Diese zweitgr\u00f6\u00dfte Stadt Rum\u00e4niens ist das wirtschaftliche und kulturelle Zentrum des Banats und geh\u00f6rt zu den drei europ\u00e4ischen Kulturhauptst\u00e4dten des Jahres 2023. Der Titel \u201eKulturhauptstadt\u201c wird j\u00e4hrlich von der Europ\u00e4ischen Union vergeben, um den Reichtum und die Vielfalt der europ\u00e4ischen Kulturen zu zeigen und zu w\u00fcrdigen, wie zahlreiche Veranstaltungen des kulturellen und religi\u00f6sen Lebens deutlich machen.<\/p>\n<h2>Treffen des Tr\u00e4gerkreises Miteinander f\u00fcr Europa<\/h2>\n<p>Im November findet in Timisoara auch das j\u00e4hrliche Treffen des Tr\u00e4gerkreises von \u201eMiteinander f\u00fcr Europa\u201c statt. Bei dieser europaweiten Initiative haben sich mehr als 200 christliche Gemeinschaften und Bewegungen verschiedener Kirchen zu einem Netzwerk zusammengeschlossen, das sich f\u00fcr gemeinsame Ziele engagiert. Auch die Sch\u00f6nstatt-Bewegung geh\u00f6rt dazu. Bischof J\u00f3zsef-Csaba P\u00e1l, Rum\u00e4nien, erkl\u00e4rt: \u201eDiese Menschen verschiedener Konfessionen tun das, wovon ich immer getr\u00e4umt habe: Sie leben voll Freude und in Einheit in der Gegenwart Gottes.\u201c <a href=\"https:\/\/www.together4europe.org\/de\/perche-insieme-per-leuropa-andra-a-timisoara\/\" target=\"_blank\" rel=\"noopener\"><strong>Mehr dazu<\/strong><\/a>.<\/p>\n<figure id=\"attachment_32498\" aria-describedby=\"caption-attachment-32498\" style=\"width: 360px\" class=\"wp-caption aligncenter\"><img decoding=\"async\" class=\"wp-image-32498 size-full\" src=\"https:\/\/schoenstatt.com\/wp-content\/uploads\/2023\/09\/Das-grose-Pilgerheiligtum-reist-nach-Rumanien-2-1.jpg\" alt=\"\" width=\"360\" height=\"480\" \/><figcaption id=\"caption-attachment-32498\" class=\"wp-caption-text\">Das gro\u00dfe Pilgerheiligtum, die &#8222;Europa-Auxiliar&#8220; im Dom zu Timisoara, Rum\u00e4nien (Foto: PPH)<\/figcaption><\/figure>\n<h2>Sch\u00f6nst\u00e4tter Marienschwestern in Rum\u00e4nien<\/h2>\n<p>Seit April 2019 gibt es in Temeswar eine Niederlassung der Sch\u00f6nst\u00e4tter Marienschwestern. Die Schwestern arbeiten unter anderem in der Familien- und Jugendpastoral, im Projekt Pilgerheiligtum sowie im Bisch\u00f6flichen Ordinariat. F\u00fcr das geplante und ersehnte originalgetreue Sch\u00f6nstatt-Heiligtum f\u00fcr Rum\u00e4nien ist inzwischen der Altar geweiht worden. Er steht im Haus der Schwestern, die dort auch Begegnungsr\u00e4ume f\u00fcr die wachsende Sch\u00f6nstattfamilie zur Verf\u00fcgung stellen. <a href=\"https:\/\/www.schoenstatt.de\/de\/news\/6163\/112\/Weihe-des-ersten-Schoenstattaltars-in-Timisoara-Rumaenien.htm\" target=\"_blank\" rel=\"noopener\"><strong>Mehr dazu<\/strong><\/a>.<\/p>\n<p>Mit Informationen aus: <a href=\"https:\/\/www.schoenstatt.de\/de\/news\/6224\/112\/Das-grosse-Pilgerheiligtum-reist-nach-Rumaenien-und-besucht-die-europaeische-Kulturhauptstadt-Timisoara.htm\" target=\"_blank\" rel=\"noopener\">schoenstatt.de<\/a><\/p>\n","protected":false},"excerpt":{"rendered":"<p>Vom 2. bis 4. September besuchte eine rum\u00e4nische Pilgergruppe den Ursprungsort Sch\u00f6nstatt in Vallendar. Beim Abschlussgottesdienst ihrer Wallfahrt im Urheiligtum schlie\u00dfen mehrere Personen das Liebesb\u00fcndnis. Auch die mitgebrachten Pilgerheiligt\u00fcmer werden neu gesegnet und ausgesandt.<\/p>\n","protected":false},"author":3,"featured_media":32490,"comment_status":"closed","ping_status":"closed","sticky":false,"template":"","format":"standard","meta":{"footnotes":""},"categories":[678],"tags":[],"class_list":["post-32489","post","type-post","status-publish","format-standard","has-post-thumbnail","hentry","category-lander-de"],"yoast_head":"<!-- This site is optimized with the Yoast SEO Premium plugin v27.4 (Yoast SEO v27.4) - https:\/\/yoast.com\/product\/yoast-seo-premium-wordpress\/ -->\n<title>Das gro\u00dfe \u201ePilgerheiligtum\u201c reist nach Rum\u00e4nien - Schoenstatt<\/title>\n<meta name=\"description\" content=\"Durch diese Pilgergruppe kann Maria, im gro\u00dfen Pilgerheiligtum f\u00fcr Europa wieder ihre Pilgerschaft durch die L\u00e4nder Europas beginnen.\" \/>\n<meta name=\"robots\" content=\"index, follow, max-snippet:-1, max-image-preview:large, max-video-preview:-1\" \/>\n<link rel=\"canonical\" href=\"https:\/\/schoenstatt.com\/de\/das-grosse-pilgerheiligtum-reist-nach-rumaenien\/\" \/>\n<meta property=\"og:locale\" content=\"de_DE\" \/>\n<meta property=\"og:type\" content=\"article\" \/>\n<meta property=\"og:title\" content=\"Das gro\u00dfe \u201ePilgerheiligtum\u201c reist nach Rum\u00e4nien\" \/>\n<meta property=\"og:description\" content=\"Durch diese Pilgergruppe kann Maria, im gro\u00dfen Pilgerheiligtum f\u00fcr Europa wieder ihre Pilgerschaft durch die L\u00e4nder Europas beginnen.\" \/>\n<meta property=\"og:url\" content=\"https:\/\/schoenstatt.com\/de\/das-grosse-pilgerheiligtum-reist-nach-rumaenien\/\" \/>\n<meta property=\"og:site_name\" content=\"Schoenstatt\" \/>\n<meta property=\"article:published_time\" content=\"2023-09-15T13:08:18+00:00\" \/>\n<meta property=\"article:modified_time\" content=\"2025-05-15T17:52:34+00:00\" \/>\n<meta property=\"og:image\" content=\"https:\/\/schoenstatt.com\/wp-content\/uploads\/2023\/09\/Das-grose-Pilgerheiligtum-reist-nach-Rumanien-1.jpg\" \/>\n\t<meta property=\"og:image:width\" content=\"1360\" \/>\n\t<meta property=\"og:image:height\" content=\"680\" \/>\n\t<meta property=\"og:image:type\" content=\"image\/jpeg\" \/>\n<meta name=\"author\" content=\"Karen Bueno\" \/>\n<meta name=\"twitter:card\" content=\"summary_large_image\" \/>\n<meta name=\"twitter:label1\" content=\"Verfasst von\" \/>\n\t<meta name=\"twitter:data1\" content=\"Karen Bueno\" \/>\n\t<meta name=\"twitter:label2\" content=\"Gesch\u00e4tzte Lesezeit\" \/>\n\t<meta name=\"twitter:data2\" content=\"2\u00a0Minuten\" \/>\n<script type=\"application\/ld+json\" class=\"yoast-schema-graph\">{\"@context\":\"https:\\\/\\\/schema.org\",\"@graph\":[{\"@type\":\"Article\",\"@id\":\"https:\\\/\\\/schoenstatt.com\\\/de\\\/das-grosse-pilgerheiligtum-reist-nach-rumaenien\\\/#article\",\"isPartOf\":{\"@id\":\"https:\\\/\\\/schoenstatt.com\\\/de\\\/das-grosse-pilgerheiligtum-reist-nach-rumaenien\\\/\"},\"author\":{\"name\":\"Karen Bueno\",\"@id\":\"https:\\\/\\\/schoenstatt.com\\\/de\\\/#\\\/schema\\\/person\\\/5158877ad4acae98b34daaeef2a1ce6e\"},\"headline\":\"Das gro\u00dfe \u201ePilgerheiligtum\u201c reist nach Rum\u00e4nien\",\"datePublished\":\"2023-09-15T13:08:18+00:00\",\"dateModified\":\"2025-05-15T17:52:34+00:00\",\"mainEntityOfPage\":{\"@id\":\"https:\\\/\\\/schoenstatt.com\\\/de\\\/das-grosse-pilgerheiligtum-reist-nach-rumaenien\\\/\"},\"wordCount\":427,\"publisher\":{\"@id\":\"https:\\\/\\\/schoenstatt.com\\\/de\\\/#organization\"},\"image\":{\"@id\":\"https:\\\/\\\/schoenstatt.com\\\/de\\\/das-grosse-pilgerheiligtum-reist-nach-rumaenien\\\/#primaryimage\"},\"thumbnailUrl\":\"https:\\\/\\\/schoenstatt.com\\\/wp-content\\\/uploads\\\/2023\\\/09\\\/Das-grose-Pilgerheiligtum-reist-nach-Rumanien-1.jpg\",\"articleSection\":[\"L\u00e4nder\"],\"inLanguage\":\"de\"},{\"@type\":\"WebPage\",\"@id\":\"https:\\\/\\\/schoenstatt.com\\\/de\\\/das-grosse-pilgerheiligtum-reist-nach-rumaenien\\\/\",\"url\":\"https:\\\/\\\/schoenstatt.com\\\/de\\\/das-grosse-pilgerheiligtum-reist-nach-rumaenien\\\/\",\"name\":\"Das gro\u00dfe \u201ePilgerheiligtum\u201c reist nach Rum\u00e4nien - Schoenstatt\",\"isPartOf\":{\"@id\":\"https:\\\/\\\/schoenstatt.com\\\/de\\\/#website\"},\"primaryImageOfPage\":{\"@id\":\"https:\\\/\\\/schoenstatt.com\\\/de\\\/das-grosse-pilgerheiligtum-reist-nach-rumaenien\\\/#primaryimage\"},\"image\":{\"@id\":\"https:\\\/\\\/schoenstatt.com\\\/de\\\/das-grosse-pilgerheiligtum-reist-nach-rumaenien\\\/#primaryimage\"},\"thumbnailUrl\":\"https:\\\/\\\/schoenstatt.com\\\/wp-content\\\/uploads\\\/2023\\\/09\\\/Das-grose-Pilgerheiligtum-reist-nach-Rumanien-1.jpg\",\"datePublished\":\"2023-09-15T13:08:18+00:00\",\"dateModified\":\"2025-05-15T17:52:34+00:00\",\"description\":\"Durch diese Pilgergruppe kann Maria, im gro\u00dfen Pilgerheiligtum f\u00fcr Europa wieder ihre Pilgerschaft durch die L\u00e4nder Europas beginnen.\",\"breadcrumb\":{\"@id\":\"https:\\\/\\\/schoenstatt.com\\\/de\\\/das-grosse-pilgerheiligtum-reist-nach-rumaenien\\\/#breadcrumb\"},\"inLanguage\":\"de\",\"potentialAction\":[{\"@type\":\"ReadAction\",\"target\":[\"https:\\\/\\\/schoenstatt.com\\\/de\\\/das-grosse-pilgerheiligtum-reist-nach-rumaenien\\\/\"]}]},{\"@type\":\"ImageObject\",\"inLanguage\":\"de\",\"@id\":\"https:\\\/\\\/schoenstatt.com\\\/de\\\/das-grosse-pilgerheiligtum-reist-nach-rumaenien\\\/#primaryimage\",\"url\":\"https:\\\/\\\/schoenstatt.com\\\/wp-content\\\/uploads\\\/2023\\\/09\\\/Das-grose-Pilgerheiligtum-reist-nach-Rumanien-1.jpg\",\"contentUrl\":\"https:\\\/\\\/schoenstatt.com\\\/wp-content\\\/uploads\\\/2023\\\/09\\\/Das-grose-Pilgerheiligtum-reist-nach-Rumanien-1.jpg\",\"width\":1360,\"height\":680},{\"@type\":\"BreadcrumbList\",\"@id\":\"https:\\\/\\\/schoenstatt.com\\\/de\\\/das-grosse-pilgerheiligtum-reist-nach-rumaenien\\\/#breadcrumb\",\"itemListElement\":[{\"@type\":\"ListItem\",\"position\":1,\"name\":\"Portada\",\"item\":\"https:\\\/\\\/schoenstatt.com\\\/de\\\/home\\\/\"},{\"@type\":\"ListItem\",\"position\":2,\"name\":\"Das gro\u00dfe \u201ePilgerheiligtum\u201c reist nach Rum\u00e4nien\"}]},{\"@type\":\"WebSite\",\"@id\":\"https:\\\/\\\/schoenstatt.com\\\/de\\\/#website\",\"url\":\"https:\\\/\\\/schoenstatt.com\\\/de\\\/\",\"name\":\"Schoenstatt\",\"description\":\"Apostolic Movement\",\"publisher\":{\"@id\":\"https:\\\/\\\/schoenstatt.com\\\/de\\\/#organization\"},\"potentialAction\":[{\"@type\":\"SearchAction\",\"target\":{\"@type\":\"EntryPoint\",\"urlTemplate\":\"https:\\\/\\\/schoenstatt.com\\\/de\\\/?s={search_term_string}\"},\"query-input\":{\"@type\":\"PropertyValueSpecification\",\"valueRequired\":true,\"valueName\":\"search_term_string\"}}],\"inLanguage\":\"de\"},{\"@type\":\"Organization\",\"@id\":\"https:\\\/\\\/schoenstatt.com\\\/de\\\/#organization\",\"name\":\"Schoenstatt\",\"url\":\"https:\\\/\\\/schoenstatt.com\\\/de\\\/\",\"logo\":{\"@type\":\"ImageObject\",\"inLanguage\":\"de\",\"@id\":\"https:\\\/\\\/schoenstatt.com\\\/de\\\/#\\\/schema\\\/logo\\\/image\\\/\",\"url\":\"https:\\\/\\\/schoenstatt.com\\\/wp-content\\\/uploads\\\/2025\\\/04\\\/logo-schoenstatt-white-696x696-1.png\",\"contentUrl\":\"https:\\\/\\\/schoenstatt.com\\\/wp-content\\\/uploads\\\/2025\\\/04\\\/logo-schoenstatt-white-696x696-1.png\",\"width\":696,\"height\":694,\"caption\":\"Schoenstatt\"},\"image\":{\"@id\":\"https:\\\/\\\/schoenstatt.com\\\/de\\\/#\\\/schema\\\/logo\\\/image\\\/\"}},{\"@type\":\"Person\",\"@id\":\"https:\\\/\\\/schoenstatt.com\\\/de\\\/#\\\/schema\\\/person\\\/5158877ad4acae98b34daaeef2a1ce6e\",\"name\":\"Karen Bueno\",\"image\":{\"@type\":\"ImageObject\",\"inLanguage\":\"de\",\"@id\":\"https:\\\/\\\/secure.gravatar.com\\\/avatar\\\/f9f4b823873154269d2b2130f195f6d41037dd0d7fc5f3cacb5c846bae70d66b?s=96&d=mm&r=g\",\"url\":\"https:\\\/\\\/secure.gravatar.com\\\/avatar\\\/f9f4b823873154269d2b2130f195f6d41037dd0d7fc5f3cacb5c846bae70d66b?s=96&d=mm&r=g\",\"contentUrl\":\"https:\\\/\\\/secure.gravatar.com\\\/avatar\\\/f9f4b823873154269d2b2130f195f6d41037dd0d7fc5f3cacb5c846bae70d66b?s=96&d=mm&r=g\",\"caption\":\"Karen Bueno\"},\"url\":\"https:\\\/\\\/schoenstatt.com\\\/de\\\/author\\\/karen-bueno\\\/\"}]}<\/script>\n<!-- \/ Yoast SEO Premium plugin. -->","yoast_head_json":{"title":"Das gro\u00dfe \u201ePilgerheiligtum\u201c reist nach Rum\u00e4nien - Schoenstatt","description":"Durch diese Pilgergruppe kann Maria, im gro\u00dfen Pilgerheiligtum f\u00fcr Europa wieder ihre Pilgerschaft durch die L\u00e4nder Europas beginnen.","robots":{"index":"index","follow":"follow","max-snippet":"max-snippet:-1","max-image-preview":"max-image-preview:large","max-video-preview":"max-video-preview:-1"},"canonical":"https:\/\/schoenstatt.com\/de\/das-grosse-pilgerheiligtum-reist-nach-rumaenien\/","og_locale":"de_DE","og_type":"article","og_title":"Das gro\u00dfe \u201ePilgerheiligtum\u201c reist nach Rum\u00e4nien","og_description":"Durch diese Pilgergruppe kann Maria, im gro\u00dfen Pilgerheiligtum f\u00fcr Europa wieder ihre Pilgerschaft durch die L\u00e4nder Europas beginnen.","og_url":"https:\/\/schoenstatt.com\/de\/das-grosse-pilgerheiligtum-reist-nach-rumaenien\/","og_site_name":"Schoenstatt","article_published_time":"2023-09-15T13:08:18+00:00","article_modified_time":"2025-05-15T17:52:34+00:00","og_image":[{"width":1360,"height":680,"url":"https:\/\/schoenstatt.com\/wp-content\/uploads\/2023\/09\/Das-grose-Pilgerheiligtum-reist-nach-Rumanien-1.jpg","type":"image\/jpeg"}],"author":"Karen Bueno","twitter_card":"summary_large_image","twitter_misc":{"Verfasst von":"Karen Bueno","Gesch\u00e4tzte Lesezeit":"2\u00a0Minuten"},"schema":{"@context":"https:\/\/schema.org","@graph":[{"@type":"Article","@id":"https:\/\/schoenstatt.com\/de\/das-grosse-pilgerheiligtum-reist-nach-rumaenien\/#article","isPartOf":{"@id":"https:\/\/schoenstatt.com\/de\/das-grosse-pilgerheiligtum-reist-nach-rumaenien\/"},"author":{"name":"Karen Bueno","@id":"https:\/\/schoenstatt.com\/de\/#\/schema\/person\/5158877ad4acae98b34daaeef2a1ce6e"},"headline":"Das gro\u00dfe \u201ePilgerheiligtum\u201c reist nach Rum\u00e4nien","datePublished":"2023-09-15T13:08:18+00:00","dateModified":"2025-05-15T17:52:34+00:00","mainEntityOfPage":{"@id":"https:\/\/schoenstatt.com\/de\/das-grosse-pilgerheiligtum-reist-nach-rumaenien\/"},"wordCount":427,"publisher":{"@id":"https:\/\/schoenstatt.com\/de\/#organization"},"image":{"@id":"https:\/\/schoenstatt.com\/de\/das-grosse-pilgerheiligtum-reist-nach-rumaenien\/#primaryimage"},"thumbnailUrl":"https:\/\/schoenstatt.com\/wp-content\/uploads\/2023\/09\/Das-grose-Pilgerheiligtum-reist-nach-Rumanien-1.jpg","articleSection":["L\u00e4nder"],"inLanguage":"de"},{"@type":"WebPage","@id":"https:\/\/schoenstatt.com\/de\/das-grosse-pilgerheiligtum-reist-nach-rumaenien\/","url":"https:\/\/schoenstatt.com\/de\/das-grosse-pilgerheiligtum-reist-nach-rumaenien\/","name":"Das gro\u00dfe \u201ePilgerheiligtum\u201c reist nach Rum\u00e4nien - Schoenstatt","isPartOf":{"@id":"https:\/\/schoenstatt.com\/de\/#website"},"primaryImageOfPage":{"@id":"https:\/\/schoenstatt.com\/de\/das-grosse-pilgerheiligtum-reist-nach-rumaenien\/#primaryimage"},"image":{"@id":"https:\/\/schoenstatt.com\/de\/das-grosse-pilgerheiligtum-reist-nach-rumaenien\/#primaryimage"},"thumbnailUrl":"https:\/\/schoenstatt.com\/wp-content\/uploads\/2023\/09\/Das-grose-Pilgerheiligtum-reist-nach-Rumanien-1.jpg","datePublished":"2023-09-15T13:08:18+00:00","dateModified":"2025-05-15T17:52:34+00:00","description":"Durch diese Pilgergruppe kann Maria, im gro\u00dfen Pilgerheiligtum f\u00fcr Europa wieder ihre Pilgerschaft durch die L\u00e4nder Europas beginnen.","breadcrumb":{"@id":"https:\/\/schoenstatt.com\/de\/das-grosse-pilgerheiligtum-reist-nach-rumaenien\/#breadcrumb"},"inLanguage":"de","potentialAction":[{"@type":"ReadAction","target":["https:\/\/schoenstatt.com\/de\/das-grosse-pilgerheiligtum-reist-nach-rumaenien\/"]}]},{"@type":"ImageObject","inLanguage":"de","@id":"https:\/\/schoenstatt.com\/de\/das-grosse-pilgerheiligtum-reist-nach-rumaenien\/#primaryimage","url":"https:\/\/schoenstatt.com\/wp-content\/uploads\/2023\/09\/Das-grose-Pilgerheiligtum-reist-nach-Rumanien-1.jpg","contentUrl":"https:\/\/schoenstatt.com\/wp-content\/uploads\/2023\/09\/Das-grose-Pilgerheiligtum-reist-nach-Rumanien-1.jpg","width":1360,"height":680},{"@type":"BreadcrumbList","@id":"https:\/\/schoenstatt.com\/de\/das-grosse-pilgerheiligtum-reist-nach-rumaenien\/#breadcrumb","itemListElement":[{"@type":"ListItem","position":1,"name":"Portada","item":"https:\/\/schoenstatt.com\/de\/home\/"},{"@type":"ListItem","position":2,"name":"Das gro\u00dfe \u201ePilgerheiligtum\u201c reist nach Rum\u00e4nien"}]},{"@type":"WebSite","@id":"https:\/\/schoenstatt.com\/de\/#website","url":"https:\/\/schoenstatt.com\/de\/","name":"Schoenstatt","description":"Apostolic Movement","publisher":{"@id":"https:\/\/schoenstatt.com\/de\/#organization"},"potentialAction":[{"@type":"SearchAction","target":{"@type":"EntryPoint","urlTemplate":"https:\/\/schoenstatt.com\/de\/?s={search_term_string}"},"query-input":{"@type":"PropertyValueSpecification","valueRequired":true,"valueName":"search_term_string"}}],"inLanguage":"de"},{"@type":"Organization","@id":"https:\/\/schoenstatt.com\/de\/#organization","name":"Schoenstatt","url":"https:\/\/schoenstatt.com\/de\/","logo":{"@type":"ImageObject","inLanguage":"de","@id":"https:\/\/schoenstatt.com\/de\/#\/schema\/logo\/image\/","url":"https:\/\/schoenstatt.com\/wp-content\/uploads\/2025\/04\/logo-schoenstatt-white-696x696-1.png","contentUrl":"https:\/\/schoenstatt.com\/wp-content\/uploads\/2025\/04\/logo-schoenstatt-white-696x696-1.png","width":696,"height":694,"caption":"Schoenstatt"},"image":{"@id":"https:\/\/schoenstatt.com\/de\/#\/schema\/logo\/image\/"}},{"@type":"Person","@id":"https:\/\/schoenstatt.com\/de\/#\/schema\/person\/5158877ad4acae98b34daaeef2a1ce6e","name":"Karen Bueno","image":{"@type":"ImageObject","inLanguage":"de","@id":"https:\/\/secure.gravatar.com\/avatar\/f9f4b823873154269d2b2130f195f6d41037dd0d7fc5f3cacb5c846bae70d66b?s=96&d=mm&r=g","url":"https:\/\/secure.gravatar.com\/avatar\/f9f4b823873154269d2b2130f195f6d41037dd0d7fc5f3cacb5c846bae70d66b?s=96&d=mm&r=g","contentUrl":"https:\/\/secure.gravatar.com\/avatar\/f9f4b823873154269d2b2130f195f6d41037dd0d7fc5f3cacb5c846bae70d66b?s=96&d=mm&r=g","caption":"Karen Bueno"},"url":"https:\/\/schoenstatt.com\/de\/author\/karen-bueno\/"}]}},"_links":{"self":[{"href":"https:\/\/schoenstatt.com\/de\/wp-json\/wp\/v2\/posts\/32489","targetHints":{"allow":["GET"]}}],"collection":[{"href":"https:\/\/schoenstatt.com\/de\/wp-json\/wp\/v2\/posts"}],"about":[{"href":"https:\/\/schoenstatt.com\/de\/wp-json\/wp\/v2\/types\/post"}],"author":[{"embeddable":true,"href":"https:\/\/schoenstatt.com\/de\/wp-json\/wp\/v2\/users\/3"}],"replies":[{"embeddable":true,"href":"https:\/\/schoenstatt.com\/de\/wp-json\/wp\/v2\/comments?post=32489"}],"version-history":[{"count":1,"href":"https:\/\/schoenstatt.com\/de\/wp-json\/wp\/v2\/posts\/32489\/revisions"}],"predecessor-version":[{"id":46261,"href":"https:\/\/schoenstatt.com\/de\/wp-json\/wp\/v2\/posts\/32489\/revisions\/46261"}],"wp:featuredmedia":[{"embeddable":true,"href":"https:\/\/schoenstatt.com\/de\/wp-json\/wp\/v2\/media\/32490"}],"wp:attachment":[{"href":"https:\/\/schoenstatt.com\/de\/wp-json\/wp\/v2\/media?parent=32489"}],"wp:term":[{"taxonomy":"category","embeddable":true,"href":"https:\/\/schoenstatt.com\/de\/wp-json\/wp\/v2\/categories?post=32489"},{"taxonomy":"post_tag","embeddable":true,"href":"https:\/\/schoenstatt.com\/de\/wp-json\/wp\/v2\/tags?post=32489"}],"curies":[{"name":"wp","href":"https:\/\/api.w.org\/{rel}","templated":true}]}}