{"id":31944,"date":"2023-08-11T17:09:06","date_gmt":"2023-08-11T15:09:06","guid":{"rendered":"https:\/\/schoenstatt.com\/spiritualitat\/the-aveiro-shrine-during-wyd-11-bishops-and-thousands-of-youths\/"},"modified":"2025-05-15T19:52:42","modified_gmt":"2025-05-15T17:52:42","slug":"aveiro-heiligtum-beim-wjt-11-bischofe-und-tausende-von-jugendlichen","status":"publish","type":"post","link":"https:\/\/schoenstatt.com\/de\/aveiro-heiligtum-beim-wjt-11-bischofe-und-tausende-von-jugendlichen\/","title":{"rendered":"Aveiro-Heiligtum beim WJT: 11 Bisch\u00f6fe und Tausende von Jugendlichen"},"content":{"rendered":"<p>Am Vorabend des Weltjugendtages (WJT) empfing die <a href=\"http:\/\/www.diocese-aveiro.pt\/\" target=\"_blank\" rel=\"noopener\">Di\u00f6zese Aveiro<\/a> rund f\u00fcnftausend Pilger, die an den <a href=\"https:\/\/www.lisboa2023.org\/en\/days-in-the-dioceses\" target=\"_blank\" rel=\"noopener\">Tagen in den Di\u00f6zesen<\/a> teilnahmen. Mit dieser Initiative bereiten sich die Di\u00f6zesen darauf vor, in den Tagen vor dem Weltjugendtag Jugendliche aus der ganzen Welt zu empfangen, um die Pilger willkommen zu hei\u00dfen und ihnen die Kultur des Gastlandes zu pr\u00e4sentieren. Das Sch\u00f6nstatt-Heiligtum ist dabei einer der Treffpunkte f\u00fcr diese Jugendlichen.<\/p>\n<p><img fetchpriority=\"high\" decoding=\"async\" class=\"aligncenter wp-image-31928 \" src=\"https:\/\/schoenstatt.com\/wp-content\/uploads\/2023\/08\/santuario-de-aveiro-na-jmj-5.jpg\" alt=\"\" width=\"785\" height=\"630\" \/><\/p>\n<p>Am 29. Juli pilgerten Hunderte von Gruppen und 11 Bisch\u00f6fe zum Tabor-Heiligtum der MTA, und beim Einzug, hinter einer riesigen Schlange, zu der auch Priester und Nonnen geh\u00f6rten, begr\u00fc\u00dften viele der Jugendlichen mit ihren Gruppen die Gottesmutter mit Liedern und Gebeten.<\/p>\n<p>Vor dem Eintreten erhielt jeder Pilger einen Stein, auf den er seinen Namen schreiben sollte, und mit dem die Sch\u00f6nstattfamilie von Aveiro ein Denkmal zur Erinnerung an diese besonderen Momente des WJT bauen wird.<\/p>\n<h2>Mittagessen im Schatten des Heiligtums<\/h2>\n<p>Beim Verlassen des Heiligtums erhielt jeder eine Perlenschnur als Hilfe, die Beitr\u00e4ge zum <a href=\"https:\/\/schoenstatt.com\/de\/about\/spiritualitaet\/gnadenkapital\/\">Gnadenkapital<\/a> zu sammeln, und drau\u00dfen ermutigten einige Mitglieder der <a href=\"https:\/\/schoenstatt.com\/de\/familie\/gemeinschaften-in-der-schoenstattbewegung\/men\/\">Mannesjugend<\/a> und ein Priester der <a href=\"https:\/\/schoenstatt.com\/de\/familie\/gemeinschaften-in-der-schoenstattbewegung\/priester\/\">Sch\u00f6nstatt-Patres<\/a> alle und erkl\u00e4rten den Gnadenort. Am Nachmittag a\u00dfen die Jugendlichen in der N\u00e4he des Heiligtums bis etwa vier Uhr nachmittags Pizza.<\/p>\n<p><img decoding=\"async\" class=\"aligncenter wp-image-31936 \" src=\"https:\/\/schoenstatt.com\/wp-content\/uploads\/2023\/08\/Santuario-de-Schoenstatt-de-Aveiro-na-JMJ-5.jpg\" alt=\"\" width=\"846\" height=\"655\" \/><br \/>\nDie Tage in den Di\u00f6zesen fanden in Aveiro vom 26. bis 31. Juli statt, jeden Tag mit anderen Veranstaltungen. Am 29. Juli pilgerten die Jugendlichen zu drei Marienheiligt\u00fcmern, darunter das Sch\u00f6nstatt-Heiligtum.<\/p>\n<h2>Bisch\u00f6fe im Heiligtum<\/h2>\n<p>Insgesamt waren Pilger aus 14 verschiedenen L\u00e4ndern in der Di\u00f6zese Aveiro anwesend, einige von ihnen in Begleitung ihrer Bisch\u00f6fe. Der gastgebende Bischof, Ant\u00f3nio Moiteiro, lie\u00df es sich nicht nehmen, seine Bischofsbr\u00fcder zum Sch\u00f6nstatt-Heiligtum zu begleiten, wo die Gruppe von 11 Bisch\u00f6fen die MTA mit dem \u201eSalve Regina\u201c begr\u00fc\u00dfte.<\/p>\n<p><img decoding=\"async\" class=\"aligncenter wp-image-31932 \" src=\"https:\/\/schoenstatt.com\/wp-content\/uploads\/2023\/08\/bispos-no-santuario-de-schoenstatt-de-aveiro-2.jpg\" alt=\"\" width=\"938\" height=\"625\" \/><\/p>\n<p>Vom Sch\u00f6nstatt-Heiligtum in Aveiro, etwa 250 km von Lissabon entfernt, wurden die Jugendlichen mit viel Ermutigung, Freude und dem Segen der MTA zum Weltjugendtag geschickt.<\/p>\n<p>&nbsp;<\/p>\n","protected":false},"excerpt":{"rendered":"<p>Am Vorabend des Weltjugendtages gab es eine unglaubliche Beteiligung an den \u201eTagen in den Di\u00f6zesen\u201c, die in Aveiro, Portugal, stattfanden, wo Tausende von Jugendlichen in Begleitung ihrer Bisch\u00f6fe die MTA im Sch\u00f6nstatt-Heiligtum in Aveiro begr\u00fc\u00dften, um sich auf das weltweite WJT-Treffen vorzubereiten.<\/p>\n","protected":false},"author":3,"featured_media":31926,"comment_status":"closed","ping_status":"closed","sticky":false,"template":"","format":"standard","meta":{"footnotes":""},"categories":[922,851,678],"tags":[],"class_list":["post-31944","post","type-post","status-publish","format-standard","has-post-thumbnail","hentry","category-jugend-de","category-kirche-de","category-lander-de"],"yoast_head":"<!-- This site is optimized with the Yoast SEO Premium plugin v27.4 (Yoast SEO v27.5) - https:\/\/yoast.com\/product\/yoast-seo-premium-wordpress\/ -->\n<title>Aveiro-Heiligtum beim WJT: 11 Bisch\u00f6fe und Tausende von Jugendlichen<\/title>\n<meta name=\"description\" content=\"F\u00fcnftausend Jugendliche, begleitet von 11 Bisch\u00f6fen, pilgerten vor dem Weltjugendtag zum Sch\u00f6nstatt-Heiligtum in\" \/>\n<meta name=\"robots\" content=\"index, follow, max-snippet:-1, max-image-preview:large, max-video-preview:-1\" \/>\n<link rel=\"canonical\" href=\"https:\/\/schoenstatt.com\/de\/aveiro-heiligtum-beim-wjt-11-bischofe-und-tausende-von-jugendlichen\/\" \/>\n<meta property=\"og:locale\" content=\"de_DE\" \/>\n<meta property=\"og:type\" content=\"article\" \/>\n<meta property=\"og:title\" content=\"Aveiro-Heiligtum beim WJT: 11 Bisch\u00f6fe und Tausende von Jugendlichen\" \/>\n<meta property=\"og:description\" content=\"F\u00fcnftausend Jugendliche, begleitet von 11 Bisch\u00f6fen, pilgerten vor dem Weltjugendtag zum Sch\u00f6nstatt-Heiligtum in\" \/>\n<meta property=\"og:url\" content=\"https:\/\/schoenstatt.com\/de\/aveiro-heiligtum-beim-wjt-11-bischofe-und-tausende-von-jugendlichen\/\" \/>\n<meta property=\"og:site_name\" content=\"Schoenstatt\" \/>\n<meta property=\"article:published_time\" content=\"2023-08-11T15:09:06+00:00\" \/>\n<meta property=\"article:modified_time\" content=\"2025-05-15T17:52:42+00:00\" \/>\n<meta property=\"og:image\" content=\"https:\/\/schoenstatt.com\/wp-content\/uploads\/2023\/08\/Santuario-de-Schoenstatt-de-Aveiro-na-JMJ-1.png\" \/>\n\t<meta property=\"og:image:width\" content=\"1212\" \/>\n\t<meta property=\"og:image:height\" content=\"720\" \/>\n\t<meta property=\"og:image:type\" content=\"image\/png\" \/>\n<meta name=\"author\" content=\"Karen Bueno\" \/>\n<meta name=\"twitter:card\" content=\"summary_large_image\" \/>\n<meta name=\"twitter:label1\" content=\"Verfasst von\" \/>\n\t<meta name=\"twitter:data1\" content=\"Karen Bueno\" \/>\n\t<meta name=\"twitter:label2\" content=\"Gesch\u00e4tzte Lesezeit\" \/>\n\t<meta name=\"twitter:data2\" content=\"2\u00a0Minuten\" \/>\n<script type=\"application\/ld+json\" class=\"yoast-schema-graph\">{\"@context\":\"https:\\\/\\\/schema.org\",\"@graph\":[{\"@type\":\"Article\",\"@id\":\"https:\\\/\\\/schoenstatt.com\\\/de\\\/aveiro-heiligtum-beim-wjt-11-bischofe-und-tausende-von-jugendlichen\\\/#article\",\"isPartOf\":{\"@id\":\"https:\\\/\\\/schoenstatt.com\\\/de\\\/aveiro-heiligtum-beim-wjt-11-bischofe-und-tausende-von-jugendlichen\\\/\"},\"author\":{\"name\":\"Karen Bueno\",\"@id\":\"https:\\\/\\\/schoenstatt.com\\\/de\\\/#\\\/schema\\\/person\\\/5158877ad4acae98b34daaeef2a1ce6e\"},\"headline\":\"Aveiro-Heiligtum beim WJT: 11 Bisch\u00f6fe und Tausende von Jugendlichen\",\"datePublished\":\"2023-08-11T15:09:06+00:00\",\"dateModified\":\"2025-05-15T17:52:42+00:00\",\"mainEntityOfPage\":{\"@id\":\"https:\\\/\\\/schoenstatt.com\\\/de\\\/aveiro-heiligtum-beim-wjt-11-bischofe-und-tausende-von-jugendlichen\\\/\"},\"wordCount\":335,\"publisher\":{\"@id\":\"https:\\\/\\\/schoenstatt.com\\\/de\\\/#organization\"},\"image\":{\"@id\":\"https:\\\/\\\/schoenstatt.com\\\/de\\\/aveiro-heiligtum-beim-wjt-11-bischofe-und-tausende-von-jugendlichen\\\/#primaryimage\"},\"thumbnailUrl\":\"https:\\\/\\\/schoenstatt.com\\\/wp-content\\\/uploads\\\/2023\\\/08\\\/Santuario-de-Schoenstatt-de-Aveiro-na-JMJ-1.png\",\"articleSection\":[\"Jugend\",\"Kirche\",\"L\u00e4nder\"],\"inLanguage\":\"de\"},{\"@type\":\"WebPage\",\"@id\":\"https:\\\/\\\/schoenstatt.com\\\/de\\\/aveiro-heiligtum-beim-wjt-11-bischofe-und-tausende-von-jugendlichen\\\/\",\"url\":\"https:\\\/\\\/schoenstatt.com\\\/de\\\/aveiro-heiligtum-beim-wjt-11-bischofe-und-tausende-von-jugendlichen\\\/\",\"name\":\"Aveiro-Heiligtum beim WJT: 11 Bisch\u00f6fe und Tausende von Jugendlichen\",\"isPartOf\":{\"@id\":\"https:\\\/\\\/schoenstatt.com\\\/de\\\/#website\"},\"primaryImageOfPage\":{\"@id\":\"https:\\\/\\\/schoenstatt.com\\\/de\\\/aveiro-heiligtum-beim-wjt-11-bischofe-und-tausende-von-jugendlichen\\\/#primaryimage\"},\"image\":{\"@id\":\"https:\\\/\\\/schoenstatt.com\\\/de\\\/aveiro-heiligtum-beim-wjt-11-bischofe-und-tausende-von-jugendlichen\\\/#primaryimage\"},\"thumbnailUrl\":\"https:\\\/\\\/schoenstatt.com\\\/wp-content\\\/uploads\\\/2023\\\/08\\\/Santuario-de-Schoenstatt-de-Aveiro-na-JMJ-1.png\",\"datePublished\":\"2023-08-11T15:09:06+00:00\",\"dateModified\":\"2025-05-15T17:52:42+00:00\",\"description\":\"F\u00fcnftausend Jugendliche, begleitet von 11 Bisch\u00f6fen, pilgerten vor dem Weltjugendtag zum Sch\u00f6nstatt-Heiligtum in\",\"breadcrumb\":{\"@id\":\"https:\\\/\\\/schoenstatt.com\\\/de\\\/aveiro-heiligtum-beim-wjt-11-bischofe-und-tausende-von-jugendlichen\\\/#breadcrumb\"},\"inLanguage\":\"de\",\"potentialAction\":[{\"@type\":\"ReadAction\",\"target\":[\"https:\\\/\\\/schoenstatt.com\\\/de\\\/aveiro-heiligtum-beim-wjt-11-bischofe-und-tausende-von-jugendlichen\\\/\"]}]},{\"@type\":\"ImageObject\",\"inLanguage\":\"de\",\"@id\":\"https:\\\/\\\/schoenstatt.com\\\/de\\\/aveiro-heiligtum-beim-wjt-11-bischofe-und-tausende-von-jugendlichen\\\/#primaryimage\",\"url\":\"https:\\\/\\\/schoenstatt.com\\\/wp-content\\\/uploads\\\/2023\\\/08\\\/Santuario-de-Schoenstatt-de-Aveiro-na-JMJ-1.png\",\"contentUrl\":\"https:\\\/\\\/schoenstatt.com\\\/wp-content\\\/uploads\\\/2023\\\/08\\\/Santuario-de-Schoenstatt-de-Aveiro-na-JMJ-1.png\",\"width\":1212,\"height\":720,\"caption\":\"Santu\u00e1rio de Aveiro na JMJ: 11 bispos e milhares de jovens\"},{\"@type\":\"BreadcrumbList\",\"@id\":\"https:\\\/\\\/schoenstatt.com\\\/de\\\/aveiro-heiligtum-beim-wjt-11-bischofe-und-tausende-von-jugendlichen\\\/#breadcrumb\",\"itemListElement\":[{\"@type\":\"ListItem\",\"position\":1,\"name\":\"Portada\",\"item\":\"https:\\\/\\\/schoenstatt.com\\\/de\\\/home\\\/\"},{\"@type\":\"ListItem\",\"position\":2,\"name\":\"Aveiro-Heiligtum beim WJT: 11 Bisch\u00f6fe und Tausende von Jugendlichen\"}]},{\"@type\":\"WebSite\",\"@id\":\"https:\\\/\\\/schoenstatt.com\\\/de\\\/#website\",\"url\":\"https:\\\/\\\/schoenstatt.com\\\/de\\\/\",\"name\":\"Schoenstatt\",\"description\":\"Apostolic Movement\",\"publisher\":{\"@id\":\"https:\\\/\\\/schoenstatt.com\\\/de\\\/#organization\"},\"potentialAction\":[{\"@type\":\"SearchAction\",\"target\":{\"@type\":\"EntryPoint\",\"urlTemplate\":\"https:\\\/\\\/schoenstatt.com\\\/de\\\/?s={search_term_string}\"},\"query-input\":{\"@type\":\"PropertyValueSpecification\",\"valueRequired\":true,\"valueName\":\"search_term_string\"}}],\"inLanguage\":\"de\"},{\"@type\":\"Organization\",\"@id\":\"https:\\\/\\\/schoenstatt.com\\\/de\\\/#organization\",\"name\":\"Schoenstatt\",\"url\":\"https:\\\/\\\/schoenstatt.com\\\/de\\\/\",\"logo\":{\"@type\":\"ImageObject\",\"inLanguage\":\"de\",\"@id\":\"https:\\\/\\\/schoenstatt.com\\\/de\\\/#\\\/schema\\\/logo\\\/image\\\/\",\"url\":\"https:\\\/\\\/schoenstatt.com\\\/wp-content\\\/uploads\\\/2025\\\/04\\\/logo-schoenstatt-white-696x696-1.png\",\"contentUrl\":\"https:\\\/\\\/schoenstatt.com\\\/wp-content\\\/uploads\\\/2025\\\/04\\\/logo-schoenstatt-white-696x696-1.png\",\"width\":696,\"height\":694,\"caption\":\"Schoenstatt\"},\"image\":{\"@id\":\"https:\\\/\\\/schoenstatt.com\\\/de\\\/#\\\/schema\\\/logo\\\/image\\\/\"}},{\"@type\":\"Person\",\"@id\":\"https:\\\/\\\/schoenstatt.com\\\/de\\\/#\\\/schema\\\/person\\\/5158877ad4acae98b34daaeef2a1ce6e\",\"name\":\"Karen Bueno\",\"image\":{\"@type\":\"ImageObject\",\"inLanguage\":\"de\",\"@id\":\"https:\\\/\\\/secure.gravatar.com\\\/avatar\\\/f9f4b823873154269d2b2130f195f6d41037dd0d7fc5f3cacb5c846bae70d66b?s=96&d=mm&r=g\",\"url\":\"https:\\\/\\\/secure.gravatar.com\\\/avatar\\\/f9f4b823873154269d2b2130f195f6d41037dd0d7fc5f3cacb5c846bae70d66b?s=96&d=mm&r=g\",\"contentUrl\":\"https:\\\/\\\/secure.gravatar.com\\\/avatar\\\/f9f4b823873154269d2b2130f195f6d41037dd0d7fc5f3cacb5c846bae70d66b?s=96&d=mm&r=g\",\"caption\":\"Karen Bueno\"},\"url\":\"https:\\\/\\\/schoenstatt.com\\\/de\\\/author\\\/karen-bueno\\\/\"}]}<\/script>\n<!-- \/ Yoast SEO Premium plugin. -->","yoast_head_json":{"title":"Aveiro-Heiligtum beim WJT: 11 Bisch\u00f6fe und Tausende von Jugendlichen","description":"F\u00fcnftausend Jugendliche, begleitet von 11 Bisch\u00f6fen, pilgerten vor dem Weltjugendtag zum Sch\u00f6nstatt-Heiligtum in","robots":{"index":"index","follow":"follow","max-snippet":"max-snippet:-1","max-image-preview":"max-image-preview:large","max-video-preview":"max-video-preview:-1"},"canonical":"https:\/\/schoenstatt.com\/de\/aveiro-heiligtum-beim-wjt-11-bischofe-und-tausende-von-jugendlichen\/","og_locale":"de_DE","og_type":"article","og_title":"Aveiro-Heiligtum beim WJT: 11 Bisch\u00f6fe und Tausende von Jugendlichen","og_description":"F\u00fcnftausend Jugendliche, begleitet von 11 Bisch\u00f6fen, pilgerten vor dem Weltjugendtag zum Sch\u00f6nstatt-Heiligtum in","og_url":"https:\/\/schoenstatt.com\/de\/aveiro-heiligtum-beim-wjt-11-bischofe-und-tausende-von-jugendlichen\/","og_site_name":"Schoenstatt","article_published_time":"2023-08-11T15:09:06+00:00","article_modified_time":"2025-05-15T17:52:42+00:00","og_image":[{"width":1212,"height":720,"url":"https:\/\/schoenstatt.com\/wp-content\/uploads\/2023\/08\/Santuario-de-Schoenstatt-de-Aveiro-na-JMJ-1.png","type":"image\/png"}],"author":"Karen Bueno","twitter_card":"summary_large_image","twitter_misc":{"Verfasst von":"Karen Bueno","Gesch\u00e4tzte Lesezeit":"2\u00a0Minuten"},"schema":{"@context":"https:\/\/schema.org","@graph":[{"@type":"Article","@id":"https:\/\/schoenstatt.com\/de\/aveiro-heiligtum-beim-wjt-11-bischofe-und-tausende-von-jugendlichen\/#article","isPartOf":{"@id":"https:\/\/schoenstatt.com\/de\/aveiro-heiligtum-beim-wjt-11-bischofe-und-tausende-von-jugendlichen\/"},"author":{"name":"Karen Bueno","@id":"https:\/\/schoenstatt.com\/de\/#\/schema\/person\/5158877ad4acae98b34daaeef2a1ce6e"},"headline":"Aveiro-Heiligtum beim WJT: 11 Bisch\u00f6fe und Tausende von Jugendlichen","datePublished":"2023-08-11T15:09:06+00:00","dateModified":"2025-05-15T17:52:42+00:00","mainEntityOfPage":{"@id":"https:\/\/schoenstatt.com\/de\/aveiro-heiligtum-beim-wjt-11-bischofe-und-tausende-von-jugendlichen\/"},"wordCount":335,"publisher":{"@id":"https:\/\/schoenstatt.com\/de\/#organization"},"image":{"@id":"https:\/\/schoenstatt.com\/de\/aveiro-heiligtum-beim-wjt-11-bischofe-und-tausende-von-jugendlichen\/#primaryimage"},"thumbnailUrl":"https:\/\/schoenstatt.com\/wp-content\/uploads\/2023\/08\/Santuario-de-Schoenstatt-de-Aveiro-na-JMJ-1.png","articleSection":["Jugend","Kirche","L\u00e4nder"],"inLanguage":"de"},{"@type":"WebPage","@id":"https:\/\/schoenstatt.com\/de\/aveiro-heiligtum-beim-wjt-11-bischofe-und-tausende-von-jugendlichen\/","url":"https:\/\/schoenstatt.com\/de\/aveiro-heiligtum-beim-wjt-11-bischofe-und-tausende-von-jugendlichen\/","name":"Aveiro-Heiligtum beim WJT: 11 Bisch\u00f6fe und Tausende von Jugendlichen","isPartOf":{"@id":"https:\/\/schoenstatt.com\/de\/#website"},"primaryImageOfPage":{"@id":"https:\/\/schoenstatt.com\/de\/aveiro-heiligtum-beim-wjt-11-bischofe-und-tausende-von-jugendlichen\/#primaryimage"},"image":{"@id":"https:\/\/schoenstatt.com\/de\/aveiro-heiligtum-beim-wjt-11-bischofe-und-tausende-von-jugendlichen\/#primaryimage"},"thumbnailUrl":"https:\/\/schoenstatt.com\/wp-content\/uploads\/2023\/08\/Santuario-de-Schoenstatt-de-Aveiro-na-JMJ-1.png","datePublished":"2023-08-11T15:09:06+00:00","dateModified":"2025-05-15T17:52:42+00:00","description":"F\u00fcnftausend Jugendliche, begleitet von 11 Bisch\u00f6fen, pilgerten vor dem Weltjugendtag zum Sch\u00f6nstatt-Heiligtum in","breadcrumb":{"@id":"https:\/\/schoenstatt.com\/de\/aveiro-heiligtum-beim-wjt-11-bischofe-und-tausende-von-jugendlichen\/#breadcrumb"},"inLanguage":"de","potentialAction":[{"@type":"ReadAction","target":["https:\/\/schoenstatt.com\/de\/aveiro-heiligtum-beim-wjt-11-bischofe-und-tausende-von-jugendlichen\/"]}]},{"@type":"ImageObject","inLanguage":"de","@id":"https:\/\/schoenstatt.com\/de\/aveiro-heiligtum-beim-wjt-11-bischofe-und-tausende-von-jugendlichen\/#primaryimage","url":"https:\/\/schoenstatt.com\/wp-content\/uploads\/2023\/08\/Santuario-de-Schoenstatt-de-Aveiro-na-JMJ-1.png","contentUrl":"https:\/\/schoenstatt.com\/wp-content\/uploads\/2023\/08\/Santuario-de-Schoenstatt-de-Aveiro-na-JMJ-1.png","width":1212,"height":720,"caption":"Santu\u00e1rio de Aveiro na JMJ: 11 bispos e milhares de jovens"},{"@type":"BreadcrumbList","@id":"https:\/\/schoenstatt.com\/de\/aveiro-heiligtum-beim-wjt-11-bischofe-und-tausende-von-jugendlichen\/#breadcrumb","itemListElement":[{"@type":"ListItem","position":1,"name":"Portada","item":"https:\/\/schoenstatt.com\/de\/home\/"},{"@type":"ListItem","position":2,"name":"Aveiro-Heiligtum beim WJT: 11 Bisch\u00f6fe und Tausende von Jugendlichen"}]},{"@type":"WebSite","@id":"https:\/\/schoenstatt.com\/de\/#website","url":"https:\/\/schoenstatt.com\/de\/","name":"Schoenstatt","description":"Apostolic Movement","publisher":{"@id":"https:\/\/schoenstatt.com\/de\/#organization"},"potentialAction":[{"@type":"SearchAction","target":{"@type":"EntryPoint","urlTemplate":"https:\/\/schoenstatt.com\/de\/?s={search_term_string}"},"query-input":{"@type":"PropertyValueSpecification","valueRequired":true,"valueName":"search_term_string"}}],"inLanguage":"de"},{"@type":"Organization","@id":"https:\/\/schoenstatt.com\/de\/#organization","name":"Schoenstatt","url":"https:\/\/schoenstatt.com\/de\/","logo":{"@type":"ImageObject","inLanguage":"de","@id":"https:\/\/schoenstatt.com\/de\/#\/schema\/logo\/image\/","url":"https:\/\/schoenstatt.com\/wp-content\/uploads\/2025\/04\/logo-schoenstatt-white-696x696-1.png","contentUrl":"https:\/\/schoenstatt.com\/wp-content\/uploads\/2025\/04\/logo-schoenstatt-white-696x696-1.png","width":696,"height":694,"caption":"Schoenstatt"},"image":{"@id":"https:\/\/schoenstatt.com\/de\/#\/schema\/logo\/image\/"}},{"@type":"Person","@id":"https:\/\/schoenstatt.com\/de\/#\/schema\/person\/5158877ad4acae98b34daaeef2a1ce6e","name":"Karen Bueno","image":{"@type":"ImageObject","inLanguage":"de","@id":"https:\/\/secure.gravatar.com\/avatar\/f9f4b823873154269d2b2130f195f6d41037dd0d7fc5f3cacb5c846bae70d66b?s=96&d=mm&r=g","url":"https:\/\/secure.gravatar.com\/avatar\/f9f4b823873154269d2b2130f195f6d41037dd0d7fc5f3cacb5c846bae70d66b?s=96&d=mm&r=g","contentUrl":"https:\/\/secure.gravatar.com\/avatar\/f9f4b823873154269d2b2130f195f6d41037dd0d7fc5f3cacb5c846bae70d66b?s=96&d=mm&r=g","caption":"Karen Bueno"},"url":"https:\/\/schoenstatt.com\/de\/author\/karen-bueno\/"}]}},"_links":{"self":[{"href":"https:\/\/schoenstatt.com\/de\/wp-json\/wp\/v2\/posts\/31944","targetHints":{"allow":["GET"]}}],"collection":[{"href":"https:\/\/schoenstatt.com\/de\/wp-json\/wp\/v2\/posts"}],"about":[{"href":"https:\/\/schoenstatt.com\/de\/wp-json\/wp\/v2\/types\/post"}],"author":[{"embeddable":true,"href":"https:\/\/schoenstatt.com\/de\/wp-json\/wp\/v2\/users\/3"}],"replies":[{"embeddable":true,"href":"https:\/\/schoenstatt.com\/de\/wp-json\/wp\/v2\/comments?post=31944"}],"version-history":[{"count":1,"href":"https:\/\/schoenstatt.com\/de\/wp-json\/wp\/v2\/posts\/31944\/revisions"}],"predecessor-version":[{"id":46176,"href":"https:\/\/schoenstatt.com\/de\/wp-json\/wp\/v2\/posts\/31944\/revisions\/46176"}],"wp:featuredmedia":[{"embeddable":true,"href":"https:\/\/schoenstatt.com\/de\/wp-json\/wp\/v2\/media\/31926"}],"wp:attachment":[{"href":"https:\/\/schoenstatt.com\/de\/wp-json\/wp\/v2\/media?parent=31944"}],"wp:term":[{"taxonomy":"category","embeddable":true,"href":"https:\/\/schoenstatt.com\/de\/wp-json\/wp\/v2\/categories?post=31944"},{"taxonomy":"post_tag","embeddable":true,"href":"https:\/\/schoenstatt.com\/de\/wp-json\/wp\/v2\/tags?post=31944"}],"curies":[{"name":"wp","href":"https:\/\/api.w.org\/{rel}","templated":true}]}}