{"id":31875,"date":"2023-08-03T16:45:49","date_gmt":"2023-08-03T14:45:49","guid":{"rendered":"https:\/\/schoenstatt.com\/spiritualitat\/um-dois-tres-vai-en-la-recta-final-hacia-la-jmj\/"},"modified":"2025-05-15T19:52:43","modified_gmt":"2025-05-15T17:52:43","slug":"um-dois-tres-vai-auf-der-zielgeraden-richtung-wjt","status":"publish","type":"post","link":"https:\/\/schoenstatt.com\/de\/um-dois-tres-vai-auf-der-zielgeraden-richtung-wjt\/","title":{"rendered":"Um, dois, tr\u00eas \u2013 vai! &#8211; Auf der Zielgeraden Richtung WJT"},"content":{"rendered":"<p>Der Tag vor dem offiziellen Beginn des Weltjugendtages (WJT), 31. Juli, begann f\u00fcr die jungen Frauen, die sich mit der deutschen Sch\u00f6nstattbewegung M\u00e4dchen\/Junge Frauen (Sch\u00f6nstattMJF) auf den Weg nach Lissabon gemacht haben, entspannt. W\u00e4hrend die einen in Kleingruppen die Stadt erkundeten, legten andere nochmal einen Strandtag ein.<\/p>\n<p>Nachmittags versammelte sich die Gruppe zusammen mit der internationalen Sch\u00f6nstattjugend vor dem Heiligtum in Lissabon. Dort startete eine Prozession mit dem Bild der Gottesmutter zur <a href=\"https:\/\/en.wikipedia.org\/wiki\/Restelo_Hermitage\" target=\"_blank\" rel=\"noopener\">Chapel of Saint Jerome<\/a>, wo die <a href=\"https:\/\/schoenstatt.com\/de\/jugend\/mta-festival-moment-der-aussendung-der-schoenstattfamilie-zum-wjt\/\">Aussendungsmesse zum Weltjugendtag<\/a> stattfand. Mit Meerblick! <strong>Pater Alexandre Awi Mello<\/strong>, der Vorsitzende des Generalpr\u00e4sidiums der internationalen Sch\u00f6nstattbewegung und selbst geb\u00fcrtig aus Brasilien, stand der Feier vor.<\/p>\n<h2>Mit den 3 Gnaden des Heiligtums in die Welt hinausgehen<\/h2>\n<p><strong><img fetchpriority=\"high\" decoding=\"async\" class=\"aligncenter wp-image-31849 \" src=\"https:\/\/schoenstatt.com\/wp-content\/uploads\/2023\/08\/Festival-MTA.png\" alt=\"\" width=\"774\" height=\"774\"><\/strong><\/p>\n<p><strong>Verena Flues<\/strong> fasst zusammen, was ihr besonders im Ged\u00e4chtnis geblieben ist:<em> \u201ePater Awi Mello brachte uns mit dem Satz \u201aum, dois, tr\u00eas \u2013 vai!\u2018 nicht nur einen portugiesischen Satz bei, denn: Er betonte, dass Sch\u00f6nstatt eine Sendung hat, sich auf den Weg zu machen, genauso wie Maria, die zu Elisabeth eilte. Es gehe darum, hinauszugehen in die Welt, wie die vielen Entdecker und Missionare, die ihre Reise in Lissabon begonnen haben. Gleichzeitig immer gehalten vom Liebesb\u00fcndnis und beschenkt mit den drei Wallfahrtsgnaden des Heiligtums \u2026\u201c<\/em><\/p>\n<p>https:\/\/www.facebook.com\/watch\/?v=301019175748388<\/p>\n<p>&nbsp;<\/p>\n<p><strong>Um die vollst\u00e4ndige Predigt von Pater Alexandre Awi Mello zu lesen, klicken Sie auf die Schaltfl\u00e4che:&nbsp;<\/strong><\/p>\n<p style=\"text-align: center;\"><a class=\"fasc-button fasc-size-medium fasc-type-flat fasc-rounded-medium fasc-style-bold\" style=\"background-color: #1958bf; color: #ffffff;\" target=\"_blank\" href=\"https:\/\/schoenstatt.com\/wp-content\/uploads\/2023\/08\/DE-Homilia-Pe-Alexandre-Awi-Festival-MTA.pdf\" rel=\"noopener\">Vollst\u00e4ndige Predigt<\/a><\/p>\n<p>Mit dem Abendessen begann das MTA-Festival, ein Fest der ganzen Sch\u00f6nstattjugend \u2013 angek\u00fcndigt als ein Fest zu Ehren der MTA\u201c . Das wurde eingel\u00f6st:<em> \u201eDieser Abend\u201c<\/em>, so Verena, <em>\u201ewurde zum Fest der Freude an Sch\u00f6nstatt und der Gemeinschaft.\u201c<\/em><\/p>\n<p>Ein Team aus der portugiesischen Sch\u00f6nstattjugend f\u00fchrte durch ein buntes Programm aus Musik, Theater und Tanz. Im Mittelpunkt standen drei Zeugnisse, in denen von Berufungswegen dreier Portugiesen erz\u00e4hlt wurde, die verschiedene Sch\u00f6nstattgliederungen im Land aufgebaut haben.<\/p>\n<figure id=\"attachment_31829\" aria-describedby=\"caption-attachment-31829\" style=\"width: 651px\" class=\"wp-caption aligncenter\"><img decoding=\"async\" class=\"wp-image-31829\" src=\"https:\/\/schoenstatt.com\/wp-content\/uploads\/2023\/08\/Festival-MTA-Foto-Johanna-Langela.png\" alt=\"\" width=\"651\" height=\"963\"><figcaption id=\"caption-attachment-31829\" class=\"wp-caption-text\">Foto: Johanna Langela<\/figcaption><\/figure>\n<h3>Ein gro\u00dfes Fest, das an die Nacht des Heiligtums erinnert<\/h3>\n<p>Leider machte die Sprachbarriere es der deutschen Reisegruppe schwer, dem Inhalt zu folgen, wie <strong>Johanna Langela<\/strong> berichtet. Daf\u00fcr freute sie sich \u00fcber Parallelen zum B\u00fchnenprogramm der Nacht des Heiligtums (NdH), die Jahr f\u00fcr Jahr die deutsche Sch\u00f6nstattjugend am Urheiligtum zusammenf\u00fchrt:<em> \u201eDie Vorbereitenden haben sich viel M\u00fche gegeben, sich wie bei der NdH etwas Showm\u00e4\u00dfiges ausgedacht und sogar ein Feuerwerk zum Abschluss organisiert. Das war ganz cool und am Ende stimmungsm\u00e4\u00dfig sch\u00f6n.\u201c<\/em><\/p>\n<p>Einen \u00e4hnlichen Eindruck nimmt auch Verena mit: <em>\u201eMit Feuerwerk und Konfetti endete das internationale Sch\u00f6nstattjugend-Festival und wir sind nun bereit, hinaus in die Welt \u2013 in den Weltjugendtag \u2013 zu gehen. Um, dois, tr\u00eas \u2013 vai!\u201c<\/em><\/p>\n<figure id=\"attachment_31833\" aria-describedby=\"caption-attachment-31833\" style=\"width: 864px\" class=\"wp-caption aligncenter\"><img decoding=\"async\" class=\"wp-image-31833\" src=\"https:\/\/schoenstatt.com\/wp-content\/uploads\/2023\/08\/Festival-MTA-Foto-Verena-Flues.png\" alt=\"\" width=\"864\" height=\"485\"><figcaption id=\"caption-attachment-31833\" class=\"wp-caption-text\">Foto: Verena Flues<\/figcaption><\/figure>\n<p>&nbsp;<\/p>\n","protected":false},"excerpt":{"rendered":"<p>Die internationale Sch\u00f6nstattjugend hat sich im Vorfeld des Weltjugendtages in Lissabon getroffen. Der Tag vor dem offiziellen Beginn des WJT war vom Gedanken der Aussendung gepr\u00e4gt.<\/p>\n","protected":false},"author":3,"featured_media":31853,"comment_status":"closed","ping_status":"closed","sticky":false,"template":"","format":"standard","meta":{"footnotes":""},"categories":[922,851,678],"tags":[],"class_list":["post-31875","post","type-post","status-publish","format-standard","has-post-thumbnail","hentry","category-jugend-de","category-kirche-de","category-lander-de"],"yoast_head":"<!-- This site is optimized with the Yoast SEO Premium plugin v27.4 (Yoast SEO v27.4) - https:\/\/yoast.com\/product\/yoast-seo-premium-wordpress\/ -->\n<title>Um, dois, tr\u00eas \u2013 vai! - Auf der Zielgeraden Richtung WJT<\/title>\n<meta name=\"description\" content=\"Die internationale Sch\u00f6nstattjugend versammelte sich am Vorabend des Weltjugendtages (WJT) in Lissabon zum MTA-Festival.\" \/>\n<meta name=\"robots\" content=\"index, follow, max-snippet:-1, max-image-preview:large, max-video-preview:-1\" \/>\n<link rel=\"canonical\" href=\"https:\/\/schoenstatt.com\/de\/um-dois-tres-vai-auf-der-zielgeraden-richtung-wjt\/\" \/>\n<meta property=\"og:locale\" content=\"de_DE\" \/>\n<meta property=\"og:type\" content=\"article\" \/>\n<meta property=\"og:title\" content=\"Um, dois, tr\u00eas \u2013 vai! - Auf der Zielgeraden Richtung WJT\" \/>\n<meta property=\"og:description\" content=\"Die internationale Sch\u00f6nstattjugend versammelte sich am Vorabend des Weltjugendtages (WJT) in Lissabon zum MTA-Festival.\" \/>\n<meta property=\"og:url\" content=\"https:\/\/schoenstatt.com\/de\/um-dois-tres-vai-auf-der-zielgeraden-richtung-wjt\/\" \/>\n<meta property=\"og:site_name\" content=\"Schoenstatt\" \/>\n<meta property=\"article:published_time\" content=\"2023-08-03T14:45:49+00:00\" \/>\n<meta property=\"article:modified_time\" content=\"2025-05-15T17:52:43+00:00\" \/>\n<meta property=\"og:image\" content=\"https:\/\/schoenstatt.com\/wp-content\/uploads\/2023\/08\/Festival-MTA-JMJ-1-b-1.jpg\" \/>\n\t<meta property=\"og:image:width\" content=\"1080\" \/>\n\t<meta property=\"og:image:height\" content=\"1080\" \/>\n\t<meta property=\"og:image:type\" content=\"image\/jpeg\" \/>\n<meta name=\"author\" content=\"Karen Bueno\" \/>\n<meta name=\"twitter:card\" content=\"summary_large_image\" \/>\n<meta name=\"twitter:label1\" content=\"Verfasst von\" \/>\n\t<meta name=\"twitter:data1\" content=\"Karen Bueno\" \/>\n\t<meta name=\"twitter:label2\" content=\"Gesch\u00e4tzte Lesezeit\" \/>\n\t<meta name=\"twitter:data2\" content=\"3\u00a0Minuten\" \/>\n<script type=\"application\/ld+json\" class=\"yoast-schema-graph\">{\"@context\":\"https:\\\/\\\/schema.org\",\"@graph\":[{\"@type\":\"Article\",\"@id\":\"https:\\\/\\\/schoenstatt.com\\\/de\\\/um-dois-tres-vai-auf-der-zielgeraden-richtung-wjt\\\/#article\",\"isPartOf\":{\"@id\":\"https:\\\/\\\/schoenstatt.com\\\/de\\\/um-dois-tres-vai-auf-der-zielgeraden-richtung-wjt\\\/\"},\"author\":{\"name\":\"Karen Bueno\",\"@id\":\"https:\\\/\\\/schoenstatt.com\\\/de\\\/#\\\/schema\\\/person\\\/5158877ad4acae98b34daaeef2a1ce6e\"},\"headline\":\"Um, dois, tr\u00eas \u2013 vai! &#8211; Auf der Zielgeraden Richtung WJT\",\"datePublished\":\"2023-08-03T14:45:49+00:00\",\"dateModified\":\"2025-05-15T17:52:43+00:00\",\"mainEntityOfPage\":{\"@id\":\"https:\\\/\\\/schoenstatt.com\\\/de\\\/um-dois-tres-vai-auf-der-zielgeraden-richtung-wjt\\\/\"},\"wordCount\":476,\"publisher\":{\"@id\":\"https:\\\/\\\/schoenstatt.com\\\/de\\\/#organization\"},\"image\":{\"@id\":\"https:\\\/\\\/schoenstatt.com\\\/de\\\/um-dois-tres-vai-auf-der-zielgeraden-richtung-wjt\\\/#primaryimage\"},\"thumbnailUrl\":\"https:\\\/\\\/schoenstatt.com\\\/wp-content\\\/uploads\\\/2023\\\/08\\\/Festival-MTA-JMJ-1-b-1.jpg\",\"articleSection\":[\"Jugend\",\"Kirche\",\"L\u00e4nder\"],\"inLanguage\":\"de\"},{\"@type\":\"WebPage\",\"@id\":\"https:\\\/\\\/schoenstatt.com\\\/de\\\/um-dois-tres-vai-auf-der-zielgeraden-richtung-wjt\\\/\",\"url\":\"https:\\\/\\\/schoenstatt.com\\\/de\\\/um-dois-tres-vai-auf-der-zielgeraden-richtung-wjt\\\/\",\"name\":\"Um, dois, tr\u00eas \u2013 vai! - Auf der Zielgeraden Richtung WJT\",\"isPartOf\":{\"@id\":\"https:\\\/\\\/schoenstatt.com\\\/de\\\/#website\"},\"primaryImageOfPage\":{\"@id\":\"https:\\\/\\\/schoenstatt.com\\\/de\\\/um-dois-tres-vai-auf-der-zielgeraden-richtung-wjt\\\/#primaryimage\"},\"image\":{\"@id\":\"https:\\\/\\\/schoenstatt.com\\\/de\\\/um-dois-tres-vai-auf-der-zielgeraden-richtung-wjt\\\/#primaryimage\"},\"thumbnailUrl\":\"https:\\\/\\\/schoenstatt.com\\\/wp-content\\\/uploads\\\/2023\\\/08\\\/Festival-MTA-JMJ-1-b-1.jpg\",\"datePublished\":\"2023-08-03T14:45:49+00:00\",\"dateModified\":\"2025-05-15T17:52:43+00:00\",\"description\":\"Die internationale Sch\u00f6nstattjugend versammelte sich am Vorabend des Weltjugendtages (WJT) in Lissabon zum MTA-Festival.\",\"breadcrumb\":{\"@id\":\"https:\\\/\\\/schoenstatt.com\\\/de\\\/um-dois-tres-vai-auf-der-zielgeraden-richtung-wjt\\\/#breadcrumb\"},\"inLanguage\":\"de\",\"potentialAction\":[{\"@type\":\"ReadAction\",\"target\":[\"https:\\\/\\\/schoenstatt.com\\\/de\\\/um-dois-tres-vai-auf-der-zielgeraden-richtung-wjt\\\/\"]}]},{\"@type\":\"ImageObject\",\"inLanguage\":\"de\",\"@id\":\"https:\\\/\\\/schoenstatt.com\\\/de\\\/um-dois-tres-vai-auf-der-zielgeraden-richtung-wjt\\\/#primaryimage\",\"url\":\"https:\\\/\\\/schoenstatt.com\\\/wp-content\\\/uploads\\\/2023\\\/08\\\/Festival-MTA-JMJ-1-b-1.jpg\",\"contentUrl\":\"https:\\\/\\\/schoenstatt.com\\\/wp-content\\\/uploads\\\/2023\\\/08\\\/Festival-MTA-JMJ-1-b-1.jpg\",\"width\":1080,\"height\":1080,\"caption\":\"Um, dois, tr\u00eas - vai! \u2013 Na reta final rumo \u00e0 JMJ\"},{\"@type\":\"BreadcrumbList\",\"@id\":\"https:\\\/\\\/schoenstatt.com\\\/de\\\/um-dois-tres-vai-auf-der-zielgeraden-richtung-wjt\\\/#breadcrumb\",\"itemListElement\":[{\"@type\":\"ListItem\",\"position\":1,\"name\":\"Portada\",\"item\":\"https:\\\/\\\/schoenstatt.com\\\/de\\\/home\\\/\"},{\"@type\":\"ListItem\",\"position\":2,\"name\":\"Um, dois, tr\u00eas \u2013 vai! &#8211; Auf der Zielgeraden Richtung WJT\"}]},{\"@type\":\"WebSite\",\"@id\":\"https:\\\/\\\/schoenstatt.com\\\/de\\\/#website\",\"url\":\"https:\\\/\\\/schoenstatt.com\\\/de\\\/\",\"name\":\"Schoenstatt\",\"description\":\"Apostolic Movement\",\"publisher\":{\"@id\":\"https:\\\/\\\/schoenstatt.com\\\/de\\\/#organization\"},\"potentialAction\":[{\"@type\":\"SearchAction\",\"target\":{\"@type\":\"EntryPoint\",\"urlTemplate\":\"https:\\\/\\\/schoenstatt.com\\\/de\\\/?s={search_term_string}\"},\"query-input\":{\"@type\":\"PropertyValueSpecification\",\"valueRequired\":true,\"valueName\":\"search_term_string\"}}],\"inLanguage\":\"de\"},{\"@type\":\"Organization\",\"@id\":\"https:\\\/\\\/schoenstatt.com\\\/de\\\/#organization\",\"name\":\"Schoenstatt\",\"url\":\"https:\\\/\\\/schoenstatt.com\\\/de\\\/\",\"logo\":{\"@type\":\"ImageObject\",\"inLanguage\":\"de\",\"@id\":\"https:\\\/\\\/schoenstatt.com\\\/de\\\/#\\\/schema\\\/logo\\\/image\\\/\",\"url\":\"https:\\\/\\\/schoenstatt.com\\\/wp-content\\\/uploads\\\/2025\\\/04\\\/logo-schoenstatt-white-696x696-1.png\",\"contentUrl\":\"https:\\\/\\\/schoenstatt.com\\\/wp-content\\\/uploads\\\/2025\\\/04\\\/logo-schoenstatt-white-696x696-1.png\",\"width\":696,\"height\":694,\"caption\":\"Schoenstatt\"},\"image\":{\"@id\":\"https:\\\/\\\/schoenstatt.com\\\/de\\\/#\\\/schema\\\/logo\\\/image\\\/\"}},{\"@type\":\"Person\",\"@id\":\"https:\\\/\\\/schoenstatt.com\\\/de\\\/#\\\/schema\\\/person\\\/5158877ad4acae98b34daaeef2a1ce6e\",\"name\":\"Karen Bueno\",\"image\":{\"@type\":\"ImageObject\",\"inLanguage\":\"de\",\"@id\":\"https:\\\/\\\/secure.gravatar.com\\\/avatar\\\/f9f4b823873154269d2b2130f195f6d41037dd0d7fc5f3cacb5c846bae70d66b?s=96&d=mm&r=g\",\"url\":\"https:\\\/\\\/secure.gravatar.com\\\/avatar\\\/f9f4b823873154269d2b2130f195f6d41037dd0d7fc5f3cacb5c846bae70d66b?s=96&d=mm&r=g\",\"contentUrl\":\"https:\\\/\\\/secure.gravatar.com\\\/avatar\\\/f9f4b823873154269d2b2130f195f6d41037dd0d7fc5f3cacb5c846bae70d66b?s=96&d=mm&r=g\",\"caption\":\"Karen Bueno\"},\"url\":\"https:\\\/\\\/schoenstatt.com\\\/de\\\/author\\\/karen-bueno\\\/\"}]}<\/script>\n<!-- \/ Yoast SEO Premium plugin. -->","yoast_head_json":{"title":"Um, dois, tr\u00eas \u2013 vai! - Auf der Zielgeraden Richtung WJT","description":"Die internationale Sch\u00f6nstattjugend versammelte sich am Vorabend des Weltjugendtages (WJT) in Lissabon zum MTA-Festival.","robots":{"index":"index","follow":"follow","max-snippet":"max-snippet:-1","max-image-preview":"max-image-preview:large","max-video-preview":"max-video-preview:-1"},"canonical":"https:\/\/schoenstatt.com\/de\/um-dois-tres-vai-auf-der-zielgeraden-richtung-wjt\/","og_locale":"de_DE","og_type":"article","og_title":"Um, dois, tr\u00eas \u2013 vai! - Auf der Zielgeraden Richtung WJT","og_description":"Die internationale Sch\u00f6nstattjugend versammelte sich am Vorabend des Weltjugendtages (WJT) in Lissabon zum MTA-Festival.","og_url":"https:\/\/schoenstatt.com\/de\/um-dois-tres-vai-auf-der-zielgeraden-richtung-wjt\/","og_site_name":"Schoenstatt","article_published_time":"2023-08-03T14:45:49+00:00","article_modified_time":"2025-05-15T17:52:43+00:00","og_image":[{"width":1080,"height":1080,"url":"https:\/\/schoenstatt.com\/wp-content\/uploads\/2023\/08\/Festival-MTA-JMJ-1-b-1.jpg","type":"image\/jpeg"}],"author":"Karen Bueno","twitter_card":"summary_large_image","twitter_misc":{"Verfasst von":"Karen Bueno","Gesch\u00e4tzte Lesezeit":"3\u00a0Minuten"},"schema":{"@context":"https:\/\/schema.org","@graph":[{"@type":"Article","@id":"https:\/\/schoenstatt.com\/de\/um-dois-tres-vai-auf-der-zielgeraden-richtung-wjt\/#article","isPartOf":{"@id":"https:\/\/schoenstatt.com\/de\/um-dois-tres-vai-auf-der-zielgeraden-richtung-wjt\/"},"author":{"name":"Karen Bueno","@id":"https:\/\/schoenstatt.com\/de\/#\/schema\/person\/5158877ad4acae98b34daaeef2a1ce6e"},"headline":"Um, dois, tr\u00eas \u2013 vai! &#8211; Auf der Zielgeraden Richtung WJT","datePublished":"2023-08-03T14:45:49+00:00","dateModified":"2025-05-15T17:52:43+00:00","mainEntityOfPage":{"@id":"https:\/\/schoenstatt.com\/de\/um-dois-tres-vai-auf-der-zielgeraden-richtung-wjt\/"},"wordCount":476,"publisher":{"@id":"https:\/\/schoenstatt.com\/de\/#organization"},"image":{"@id":"https:\/\/schoenstatt.com\/de\/um-dois-tres-vai-auf-der-zielgeraden-richtung-wjt\/#primaryimage"},"thumbnailUrl":"https:\/\/schoenstatt.com\/wp-content\/uploads\/2023\/08\/Festival-MTA-JMJ-1-b-1.jpg","articleSection":["Jugend","Kirche","L\u00e4nder"],"inLanguage":"de"},{"@type":"WebPage","@id":"https:\/\/schoenstatt.com\/de\/um-dois-tres-vai-auf-der-zielgeraden-richtung-wjt\/","url":"https:\/\/schoenstatt.com\/de\/um-dois-tres-vai-auf-der-zielgeraden-richtung-wjt\/","name":"Um, dois, tr\u00eas \u2013 vai! - Auf der Zielgeraden Richtung WJT","isPartOf":{"@id":"https:\/\/schoenstatt.com\/de\/#website"},"primaryImageOfPage":{"@id":"https:\/\/schoenstatt.com\/de\/um-dois-tres-vai-auf-der-zielgeraden-richtung-wjt\/#primaryimage"},"image":{"@id":"https:\/\/schoenstatt.com\/de\/um-dois-tres-vai-auf-der-zielgeraden-richtung-wjt\/#primaryimage"},"thumbnailUrl":"https:\/\/schoenstatt.com\/wp-content\/uploads\/2023\/08\/Festival-MTA-JMJ-1-b-1.jpg","datePublished":"2023-08-03T14:45:49+00:00","dateModified":"2025-05-15T17:52:43+00:00","description":"Die internationale Sch\u00f6nstattjugend versammelte sich am Vorabend des Weltjugendtages (WJT) in Lissabon zum MTA-Festival.","breadcrumb":{"@id":"https:\/\/schoenstatt.com\/de\/um-dois-tres-vai-auf-der-zielgeraden-richtung-wjt\/#breadcrumb"},"inLanguage":"de","potentialAction":[{"@type":"ReadAction","target":["https:\/\/schoenstatt.com\/de\/um-dois-tres-vai-auf-der-zielgeraden-richtung-wjt\/"]}]},{"@type":"ImageObject","inLanguage":"de","@id":"https:\/\/schoenstatt.com\/de\/um-dois-tres-vai-auf-der-zielgeraden-richtung-wjt\/#primaryimage","url":"https:\/\/schoenstatt.com\/wp-content\/uploads\/2023\/08\/Festival-MTA-JMJ-1-b-1.jpg","contentUrl":"https:\/\/schoenstatt.com\/wp-content\/uploads\/2023\/08\/Festival-MTA-JMJ-1-b-1.jpg","width":1080,"height":1080,"caption":"Um, dois, tr\u00eas - vai! \u2013 Na reta final rumo \u00e0 JMJ"},{"@type":"BreadcrumbList","@id":"https:\/\/schoenstatt.com\/de\/um-dois-tres-vai-auf-der-zielgeraden-richtung-wjt\/#breadcrumb","itemListElement":[{"@type":"ListItem","position":1,"name":"Portada","item":"https:\/\/schoenstatt.com\/de\/home\/"},{"@type":"ListItem","position":2,"name":"Um, dois, tr\u00eas \u2013 vai! &#8211; Auf der Zielgeraden Richtung WJT"}]},{"@type":"WebSite","@id":"https:\/\/schoenstatt.com\/de\/#website","url":"https:\/\/schoenstatt.com\/de\/","name":"Schoenstatt","description":"Apostolic Movement","publisher":{"@id":"https:\/\/schoenstatt.com\/de\/#organization"},"potentialAction":[{"@type":"SearchAction","target":{"@type":"EntryPoint","urlTemplate":"https:\/\/schoenstatt.com\/de\/?s={search_term_string}"},"query-input":{"@type":"PropertyValueSpecification","valueRequired":true,"valueName":"search_term_string"}}],"inLanguage":"de"},{"@type":"Organization","@id":"https:\/\/schoenstatt.com\/de\/#organization","name":"Schoenstatt","url":"https:\/\/schoenstatt.com\/de\/","logo":{"@type":"ImageObject","inLanguage":"de","@id":"https:\/\/schoenstatt.com\/de\/#\/schema\/logo\/image\/","url":"https:\/\/schoenstatt.com\/wp-content\/uploads\/2025\/04\/logo-schoenstatt-white-696x696-1.png","contentUrl":"https:\/\/schoenstatt.com\/wp-content\/uploads\/2025\/04\/logo-schoenstatt-white-696x696-1.png","width":696,"height":694,"caption":"Schoenstatt"},"image":{"@id":"https:\/\/schoenstatt.com\/de\/#\/schema\/logo\/image\/"}},{"@type":"Person","@id":"https:\/\/schoenstatt.com\/de\/#\/schema\/person\/5158877ad4acae98b34daaeef2a1ce6e","name":"Karen Bueno","image":{"@type":"ImageObject","inLanguage":"de","@id":"https:\/\/secure.gravatar.com\/avatar\/f9f4b823873154269d2b2130f195f6d41037dd0d7fc5f3cacb5c846bae70d66b?s=96&d=mm&r=g","url":"https:\/\/secure.gravatar.com\/avatar\/f9f4b823873154269d2b2130f195f6d41037dd0d7fc5f3cacb5c846bae70d66b?s=96&d=mm&r=g","contentUrl":"https:\/\/secure.gravatar.com\/avatar\/f9f4b823873154269d2b2130f195f6d41037dd0d7fc5f3cacb5c846bae70d66b?s=96&d=mm&r=g","caption":"Karen Bueno"},"url":"https:\/\/schoenstatt.com\/de\/author\/karen-bueno\/"}]}},"_links":{"self":[{"href":"https:\/\/schoenstatt.com\/de\/wp-json\/wp\/v2\/posts\/31875","targetHints":{"allow":["GET"]}}],"collection":[{"href":"https:\/\/schoenstatt.com\/de\/wp-json\/wp\/v2\/posts"}],"about":[{"href":"https:\/\/schoenstatt.com\/de\/wp-json\/wp\/v2\/types\/post"}],"author":[{"embeddable":true,"href":"https:\/\/schoenstatt.com\/de\/wp-json\/wp\/v2\/users\/3"}],"replies":[{"embeddable":true,"href":"https:\/\/schoenstatt.com\/de\/wp-json\/wp\/v2\/comments?post=31875"}],"version-history":[{"count":1,"href":"https:\/\/schoenstatt.com\/de\/wp-json\/wp\/v2\/posts\/31875\/revisions"}],"predecessor-version":[{"id":46163,"href":"https:\/\/schoenstatt.com\/de\/wp-json\/wp\/v2\/posts\/31875\/revisions\/46163"}],"wp:featuredmedia":[{"embeddable":true,"href":"https:\/\/schoenstatt.com\/de\/wp-json\/wp\/v2\/media\/31853"}],"wp:attachment":[{"href":"https:\/\/schoenstatt.com\/de\/wp-json\/wp\/v2\/media?parent=31875"}],"wp:term":[{"taxonomy":"category","embeddable":true,"href":"https:\/\/schoenstatt.com\/de\/wp-json\/wp\/v2\/categories?post=31875"},{"taxonomy":"post_tag","embeddable":true,"href":"https:\/\/schoenstatt.com\/de\/wp-json\/wp\/v2\/tags?post=31875"}],"curies":[{"name":"wp","href":"https:\/\/api.w.org\/{rel}","templated":true}]}}