{"id":31781,"date":"2023-08-02T13:34:44","date_gmt":"2023-08-02T11:34:44","guid":{"rendered":"https:\/\/schoenstatt.com\/spiritualitat\/ernesto-fernandez-new-schoenstatt-bishop-for-the-argentinean-church\/"},"modified":"2025-05-15T19:52:44","modified_gmt":"2025-05-15T17:52:44","slug":"ernesto-fernandez-neuer-schoenstatt-bischof-in-der-argentinischen-kirche","status":"publish","type":"post","link":"https:\/\/schoenstatt.com\/de\/ernesto-fernandez-neuer-schoenstatt-bischof-in-der-argentinischen-kirche\/","title":{"rendered":"Ernesto Fern\u00e1ndez, neuer Sch\u00f6nstatt-Bischof in der argentinischen Kirche"},"content":{"rendered":"<p>Am 4. August, dem Fest des heiligen Pfarrers von Ars, des Patrons der Priester, findet die Bischofsweihe von Monsignore Ernesto Jos\u00e9 Fern\u00e1ndez statt, einem argentinischen Priester, der zum <a href=\"https:\/\/schoenstatt.com\/de\/familie\/gemeinschaften-in-der-schoenstattbewegung\/priester\/\">Institut der Sch\u00f6nstatt-Di\u00f6zesanpriester<\/a> geh\u00f6rt.<\/p>\n<h2>Pers\u00f6nliches Profil<\/h2>\n<p>Monsignore Fern\u00e1ndez wurde am 19. M\u00e4rz 1966 geboren. Er verbrachte seine Kindheit in Villa Constituci\u00f3n, einem Ort in der N\u00e4he von Rosario, einer der wichtigsten St\u00e4dte Argentiniens. Er ist der \u00e4lteste von drei Br\u00fcdern, und diejenigen, die ihn damals kannten, beschreiben ihn als ein verschmitztes und spitzb\u00fcbisches Kind. Schon fr\u00fch trat er in das Priesterseminar ein, wo er die letzten Jahre der Grundschule und die gesamte Sekundarschule besuchte.<\/p>\n<p>Von Jugend an pflegte er eine ganz besondere Beziehung zur Jungfrau Maria, und diese Verehrung veranlasste ihn, zum <a href=\"https:\/\/www.instagram.com\/schoenstattrosario\/?igshid=MzRlODBiNWFlZA%3D%3D\" target=\"_blank\" rel=\"noopener\">Heiligtum der Dreifaltigkeit in Rosario<\/a> zu gehen und sein Leben in der Sch\u00f6nstattbewegung zu verbringen.<\/p>\n<h2>Sch\u00f6nstatt im Herzen der Kirche<\/h2>\n<h2><img fetchpriority=\"high\" decoding=\"async\" class=\"aligncenter wp-image-31767 size-full\" src=\"https:\/\/schoenstatt.com\/wp-content\/uploads\/2023\/08\/Monsenor-Ernesto-Jose-Fernandez.jpg\" alt=\"\" width=\"373\" height=\"661\" \/><\/h2>\n<p>Wenige Tage vor dem 30j\u00e4hrigen Jubil\u00e4um der Gr\u00fcndung seines geliebten Heiligtums der Dreifaltigkeit, ernannte ihn Papst Franziskus am 31. Mai zum Titularbischof und Weihbischof der Erzdi\u00f6zese Rosario. In einem Interview mit Schoenstatt International sprach Monsignore Fernandez dar\u00fcber, wie es zu dieser Ernennung gekommen ist und welche Auswirkungen die Pr\u00e4gung durch Sch\u00f6nstatt auf die Aus\u00fcbung seines Amtes haben wird.<\/p>\n<h3>Wie war es f\u00fcr Sie, diese Ernennung zu erhalten, und was bedeutet sie f\u00fcr Ihre Berufung?<\/h3>\n<p>\u201eDiese Berufung zu erhalten, habe ich nicht erwartet. Ganz im Gegenteil. Aber wir Priester wissen, dass, wenn Gott ruft (normalerweise durch menschliche Vermittlung), die beste Antwort Amen ist, was wahrscheinlich auch die Muttergottes sagte, als der Engel ihr mitteilte, dass sie die Mutter des Erl\u00f6sers werden w\u00fcrde. F\u00fcr mich ist dieser Ruf eine Einladung, meine priesterliche Vaterschaft zu entwickeln.\u201c<\/p>\n<h3>Wie wirkt sich das Liebesb\u00fcndnis als Priester und jetzt als Sch\u00f6nstatt-Bischof auf Ihre Sendung in der Kirche aus?<\/h3>\n<p>\u201eF\u00fcr einen Sch\u00f6nst\u00e4tter ist das Liebesb\u00fcndnis der Weg, die Taufe zu leben und zu versuchen, in der Erf\u00fcllung der staatlichen Aufgabe heilig zu werden. Als Priester und jetzt als Bischof verstehe ich, dass die Gottesmutter die gro\u00dfe Protagonistin in der pastoralen Mission sein muss, die ich aus\u00fcben werde. Sie war meine Erzieherin, seit ich ein Kind war. Das wird sie auch weiterhin sein. Aber ich verstehe auch, dass sie mir als Di\u00f6zesanpriester erlauben wird, das Charisma Sch\u00f6nstatts im Herzen der Kirche pr\u00e4sent zu machen. Meine Ernennung wurde am 31. Mai bekanntgegeben (hier sehen wir die Herausforderung, mit der Gottesmutter zusammenzuarbeiten, damit organisches Denken, Leben und Lieben Wirklichkeit werden kann). Wir wissen als Sch\u00f6nst\u00e4tter, dass die g\u00f6ttliche Vorsehung uns ihren Willen auch durch kleine Zeichen mitteilt. Ich glaube, dass die Gottesmutter mich auffordert, w\u00e4hrend meines gesamten bisch\u00f6flichen Dienstes in diesem Sinne zu arbeiten.\u201c<\/p>\n<h3>Sie wurden in einer Zeit der Suche nach und der Vertiefung der kirchlichen Synodalit\u00e4t zum Bischof ernannt. Wie wirkt sich das auf Ihr Amt aus?<\/h3>\n<p>\u201eIch war sieben Jahre lang Vikar f\u00fcr den pastoralen Dienst in der Erzdi\u00f6zese von Rosario. Dort kam ich in Kontakt mit Bischof Enrique Egu\u00eda Segu\u00ed, der ein Mitarbeiter von Kardinal Bergoglio war. Dank ihm lernte ich die pastorale Arbeit von Papst Franziskus kennen (einschlie\u00dflich der Frage der Synodalit\u00e4t). Als das Thema dann auf globaler Ebene aufkam, hatten wir in der Di\u00f6zese schon daran gearbeitet.\u201c<\/p>\n<p><img decoding=\"async\" class=\"aligncenter wp-image-31755 \" src=\"https:\/\/schoenstatt.com\/wp-content\/uploads\/2023\/08\/escudo-Monsenor-Ernesto-Jose-Fernandez.jpeg\" alt=\"\" width=\"587\" height=\"830\" \/><\/p>\n<h3>Ihr Wappen hat starke Sch\u00f6nstatt-Elemente: das Heiligtum, die MTA, das Vatersymbol. Warum haben Sie diese Bilder gew\u00e4hlt, um Ihr Episkopat zu repr\u00e4sentieren?<\/h3>\n<p>\u201eIn der Mitte des bisch\u00f6flichen Wappens steht das Heiligtum von Sch\u00f6nstatt und oben ein &#8222;M&#8220;, ein Kreuz, das gleichzeitig ein &#8222;T&#8220; und ein &#8222;A&#8220; darstellt. Ich erinnere an den Titel, mit dem die Sch\u00f6nstattbewegung die Gottesmutter nennt: &#8222;Mater Ter Admirabilis&#8220; (Dreimal Wunderbare Mutter).<\/p>\n<p>Ich verstehe, dass das Charisma Sch\u00f6nstatts in meinem Dienst einen grundlegenden Platz einnimmt. Es erkennt den objektiven Platz der Jungfrau Maria im Plan der Erl\u00f6sung als st\u00e4ndige Mitarbeiterin Christi und als Lehrerin des Evangeliums an. Und das Heiligtum als eine M\u00f6glichkeit, die Entwurzelung zu heilen, die f\u00fcr diesen Epochenwechsel charakteristisch ist.<\/p>\n<p>\u00dcber dem Heiligtum befindet sich ein Dreieck. In der Sch\u00f6nstattbewegung stellt es das &#8222;Auge des Vaters&#8220; dar und ist ein Symbol, das uns daran erinnert, dass wir unter dem Blick des Vaters das &#8222;praktische Vertrauen in seine g\u00f6ttliche Vorsehung&#8220; leben sollen, das eine weitere S\u00e4ule unserer Spiritualit\u00e4t ist.<\/p>\n<p>Auch die Lilienblume taucht auf. In meinem Fall erinnert sie mich an die Lilie, die ein Symbol ist, das die Darstellungen des heiligen Josef begleitet. Er ist mein pers\u00f6nlicher Schutzpatron, da ich an seinem Tag geboren wurde. Und es ist mein Wunsch, seinen einfachen Dienst an Jesus und der Muttergottes nachzuahmen.\u201c<\/p>\n<h3>K\u00f6nnen Sie die Wahl Ihres bisch\u00f6flichen Wahlspruchs erkl\u00e4ren: &#8222;Wer mich gesehen hat, hat den Vater gesehen?\u201c<\/h3>\n<p>\u201eDas bisch\u00f6fliche Motto ist auch von der Sendung Sch\u00f6nstatts gepr\u00e4gt: v\u00e4terliche Pers\u00f6nlichkeiten auszubilden, die Gott transparent machen.<\/p>\n<p>Papst Benedikt XVI. mahnt, dass &#8222;der Mensch von heute den gro\u00dfen Trost des Wortes &#8218;Vater&#8216; nicht unmittelbar wahrnimmt, weil oft die Erfahrung des Vaters fehlt oder durch die Unzul\u00e4nglichkeiten der Eltern verdeckt wird&#8220;. Die heilige Theresia von Lisieux sagt deutlich, dass sie in ihrem Vater eine Transparenz Gottes gefunden hat. Mein Traum ist es, dass viele durch meinen bisch\u00f6flichen Dienst weiterhin die Z\u00e4rtlichkeit Gottes, des Vaters, erfahren k\u00f6nnen.\u201c<\/p>\n<p><img decoding=\"async\" class=\"aligncenter wp-image-31771 size-full\" src=\"https:\/\/schoenstatt.com\/wp-content\/uploads\/2023\/08\/Monsenor-Ernesto-Jose-Fernandez-4.jpg\" alt=\"\" width=\"651\" height=\"651\" \/><\/p>\n<h2>Zeremonie der Priesterweihe<\/h2>\n<p>Monsignore Fern\u00e1ndez empf\u00e4ngt seine Bischofsweihe am Freitag, 4. August, um 19.00 Uhr in der Pfarrei Mar\u00eda Auxiliadora in Rosario.<\/p>\n<p>Bei der Weihezeremonie werden Monsignore Eduardo Eliseo Mart\u00edn, Erzbischof von Rosario, Monsignore Sergio Alfredo Fenoy, Erzbischof von Santa Fe de la Vera Cruz, und Monsignore Claudio Castricone, Weihbischof von Or\u00e1n (Salta), anwesend sein.<\/p>\n<p>Auch Mitglieder der Sch\u00f6nstattfamilie werden teilnehmen, darunter der Leiter der Bewegung in Argentinien, Pater Pablo P\u00e9rez.<\/p>\n","protected":false},"excerpt":{"rendered":"<p>&#8222;Meine Ernennung wurde am 31. Mai bekanntgegeben, da sehen wir die Herausforderung, mit der Gottesmutter zusammenzuarbeiten, damit organisches Denken, Leben und Lieben Wirklichkeit werden kann. Ich verstehe, dass ich als Di\u00f6zesanpriester das Charisma Sch\u00f6nstatts im Herzen der Kirche pr\u00e4sent machen kann&#8220;, so der neue Bischof.<\/p>\n","protected":false},"author":3,"featured_media":31759,"comment_status":"closed","ping_status":"closed","sticky":false,"template":"","format":"standard","meta":{"footnotes":""},"categories":[678],"tags":[],"class_list":["post-31781","post","type-post","status-publish","format-standard","has-post-thumbnail","hentry","category-lander-de"],"yoast_head":"<!-- This site is optimized with the Yoast SEO Premium plugin v27.4 (Yoast SEO v27.4) - https:\/\/yoast.com\/product\/yoast-seo-premium-wordpress\/ -->\n<title>Ernesto Fern\u00e1ndez, neuer Sch\u00f6nstatt-Bischof in der argentinischen Kirche<\/title>\n<meta name=\"description\" content=\"Die Bischofsweihe von Monsignore Ernesto Jos\u00e9 Fern\u00e1ndez, Argentinier und Sch\u00f6nstattpriester, findet am 4. August statt.\" \/>\n<meta name=\"robots\" content=\"index, follow, max-snippet:-1, max-image-preview:large, max-video-preview:-1\" \/>\n<link rel=\"canonical\" href=\"https:\/\/schoenstatt.com\/de\/ernesto-fernandez-neuer-schoenstatt-bischof-in-der-argentinischen-kirche\/\" \/>\n<meta property=\"og:locale\" content=\"de_DE\" \/>\n<meta property=\"og:type\" content=\"article\" \/>\n<meta property=\"og:title\" content=\"Ernesto Fern\u00e1ndez, neuer Sch\u00f6nstatt-Bischof in der argentinischen Kirche\" \/>\n<meta property=\"og:description\" content=\"Die Bischofsweihe von Monsignore Ernesto Jos\u00e9 Fern\u00e1ndez, Argentinier und Sch\u00f6nstattpriester, findet am 4. August statt.\" \/>\n<meta property=\"og:url\" content=\"https:\/\/schoenstatt.com\/de\/ernesto-fernandez-neuer-schoenstatt-bischof-in-der-argentinischen-kirche\/\" \/>\n<meta property=\"og:site_name\" content=\"Schoenstatt\" \/>\n<meta property=\"article:published_time\" content=\"2023-08-02T11:34:44+00:00\" \/>\n<meta property=\"article:modified_time\" content=\"2025-05-15T17:52:44+00:00\" \/>\n<meta property=\"og:image\" content=\"https:\/\/schoenstatt.com\/wp-content\/uploads\/2023\/08\/Monsenor-Ernesto-Jose-Fernandez-3-1.jpg\" \/>\n\t<meta property=\"og:image:width\" content=\"1080\" \/>\n\t<meta property=\"og:image:height\" content=\"842\" \/>\n\t<meta property=\"og:image:type\" content=\"image\/jpeg\" \/>\n<meta name=\"author\" content=\"Karen Bueno\" \/>\n<meta name=\"twitter:card\" content=\"summary_large_image\" \/>\n<meta name=\"twitter:label1\" content=\"Verfasst von\" \/>\n\t<meta name=\"twitter:data1\" content=\"Karen Bueno\" \/>\n\t<meta name=\"twitter:label2\" content=\"Gesch\u00e4tzte Lesezeit\" \/>\n\t<meta name=\"twitter:data2\" content=\"5\u00a0Minuten\" \/>\n<script type=\"application\/ld+json\" class=\"yoast-schema-graph\">{\"@context\":\"https:\\\/\\\/schema.org\",\"@graph\":[{\"@type\":\"Article\",\"@id\":\"https:\\\/\\\/schoenstatt.com\\\/de\\\/ernesto-fernandez-neuer-schoenstatt-bischof-in-der-argentinischen-kirche\\\/#article\",\"isPartOf\":{\"@id\":\"https:\\\/\\\/schoenstatt.com\\\/de\\\/ernesto-fernandez-neuer-schoenstatt-bischof-in-der-argentinischen-kirche\\\/\"},\"author\":{\"name\":\"Karen Bueno\",\"@id\":\"https:\\\/\\\/schoenstatt.com\\\/de\\\/#\\\/schema\\\/person\\\/5158877ad4acae98b34daaeef2a1ce6e\"},\"headline\":\"Ernesto Fern\u00e1ndez, neuer Sch\u00f6nstatt-Bischof in der argentinischen Kirche\",\"datePublished\":\"2023-08-02T11:34:44+00:00\",\"dateModified\":\"2025-05-15T17:52:44+00:00\",\"mainEntityOfPage\":{\"@id\":\"https:\\\/\\\/schoenstatt.com\\\/de\\\/ernesto-fernandez-neuer-schoenstatt-bischof-in-der-argentinischen-kirche\\\/\"},\"wordCount\":1000,\"publisher\":{\"@id\":\"https:\\\/\\\/schoenstatt.com\\\/de\\\/#organization\"},\"image\":{\"@id\":\"https:\\\/\\\/schoenstatt.com\\\/de\\\/ernesto-fernandez-neuer-schoenstatt-bischof-in-der-argentinischen-kirche\\\/#primaryimage\"},\"thumbnailUrl\":\"https:\\\/\\\/schoenstatt.com\\\/wp-content\\\/uploads\\\/2023\\\/08\\\/Monsenor-Ernesto-Jose-Fernandez-3-1.jpg\",\"articleSection\":[\"L\u00e4nder\"],\"inLanguage\":\"de\"},{\"@type\":\"WebPage\",\"@id\":\"https:\\\/\\\/schoenstatt.com\\\/de\\\/ernesto-fernandez-neuer-schoenstatt-bischof-in-der-argentinischen-kirche\\\/\",\"url\":\"https:\\\/\\\/schoenstatt.com\\\/de\\\/ernesto-fernandez-neuer-schoenstatt-bischof-in-der-argentinischen-kirche\\\/\",\"name\":\"Ernesto Fern\u00e1ndez, neuer Sch\u00f6nstatt-Bischof in der argentinischen Kirche\",\"isPartOf\":{\"@id\":\"https:\\\/\\\/schoenstatt.com\\\/de\\\/#website\"},\"primaryImageOfPage\":{\"@id\":\"https:\\\/\\\/schoenstatt.com\\\/de\\\/ernesto-fernandez-neuer-schoenstatt-bischof-in-der-argentinischen-kirche\\\/#primaryimage\"},\"image\":{\"@id\":\"https:\\\/\\\/schoenstatt.com\\\/de\\\/ernesto-fernandez-neuer-schoenstatt-bischof-in-der-argentinischen-kirche\\\/#primaryimage\"},\"thumbnailUrl\":\"https:\\\/\\\/schoenstatt.com\\\/wp-content\\\/uploads\\\/2023\\\/08\\\/Monsenor-Ernesto-Jose-Fernandez-3-1.jpg\",\"datePublished\":\"2023-08-02T11:34:44+00:00\",\"dateModified\":\"2025-05-15T17:52:44+00:00\",\"description\":\"Die Bischofsweihe von Monsignore Ernesto Jos\u00e9 Fern\u00e1ndez, Argentinier und Sch\u00f6nstattpriester, findet am 4. August statt.\",\"breadcrumb\":{\"@id\":\"https:\\\/\\\/schoenstatt.com\\\/de\\\/ernesto-fernandez-neuer-schoenstatt-bischof-in-der-argentinischen-kirche\\\/#breadcrumb\"},\"inLanguage\":\"de\",\"potentialAction\":[{\"@type\":\"ReadAction\",\"target\":[\"https:\\\/\\\/schoenstatt.com\\\/de\\\/ernesto-fernandez-neuer-schoenstatt-bischof-in-der-argentinischen-kirche\\\/\"]}]},{\"@type\":\"ImageObject\",\"inLanguage\":\"de\",\"@id\":\"https:\\\/\\\/schoenstatt.com\\\/de\\\/ernesto-fernandez-neuer-schoenstatt-bischof-in-der-argentinischen-kirche\\\/#primaryimage\",\"url\":\"https:\\\/\\\/schoenstatt.com\\\/wp-content\\\/uploads\\\/2023\\\/08\\\/Monsenor-Ernesto-Jose-Fernandez-3-1.jpg\",\"contentUrl\":\"https:\\\/\\\/schoenstatt.com\\\/wp-content\\\/uploads\\\/2023\\\/08\\\/Monsenor-Ernesto-Jose-Fernandez-3-1.jpg\",\"width\":1080,\"height\":842,\"caption\":\"Ernesto Fern\u00e1ndez - Novo Bispo de Schoenstatt na Igreja Argentina\"},{\"@type\":\"BreadcrumbList\",\"@id\":\"https:\\\/\\\/schoenstatt.com\\\/de\\\/ernesto-fernandez-neuer-schoenstatt-bischof-in-der-argentinischen-kirche\\\/#breadcrumb\",\"itemListElement\":[{\"@type\":\"ListItem\",\"position\":1,\"name\":\"Portada\",\"item\":\"https:\\\/\\\/schoenstatt.com\\\/de\\\/home\\\/\"},{\"@type\":\"ListItem\",\"position\":2,\"name\":\"Ernesto Fern\u00e1ndez, neuer Sch\u00f6nstatt-Bischof in der argentinischen Kirche\"}]},{\"@type\":\"WebSite\",\"@id\":\"https:\\\/\\\/schoenstatt.com\\\/de\\\/#website\",\"url\":\"https:\\\/\\\/schoenstatt.com\\\/de\\\/\",\"name\":\"Schoenstatt\",\"description\":\"Apostolic Movement\",\"publisher\":{\"@id\":\"https:\\\/\\\/schoenstatt.com\\\/de\\\/#organization\"},\"potentialAction\":[{\"@type\":\"SearchAction\",\"target\":{\"@type\":\"EntryPoint\",\"urlTemplate\":\"https:\\\/\\\/schoenstatt.com\\\/de\\\/?s={search_term_string}\"},\"query-input\":{\"@type\":\"PropertyValueSpecification\",\"valueRequired\":true,\"valueName\":\"search_term_string\"}}],\"inLanguage\":\"de\"},{\"@type\":\"Organization\",\"@id\":\"https:\\\/\\\/schoenstatt.com\\\/de\\\/#organization\",\"name\":\"Schoenstatt\",\"url\":\"https:\\\/\\\/schoenstatt.com\\\/de\\\/\",\"logo\":{\"@type\":\"ImageObject\",\"inLanguage\":\"de\",\"@id\":\"https:\\\/\\\/schoenstatt.com\\\/de\\\/#\\\/schema\\\/logo\\\/image\\\/\",\"url\":\"https:\\\/\\\/schoenstatt.com\\\/wp-content\\\/uploads\\\/2025\\\/04\\\/logo-schoenstatt-white-696x696-1.png\",\"contentUrl\":\"https:\\\/\\\/schoenstatt.com\\\/wp-content\\\/uploads\\\/2025\\\/04\\\/logo-schoenstatt-white-696x696-1.png\",\"width\":696,\"height\":694,\"caption\":\"Schoenstatt\"},\"image\":{\"@id\":\"https:\\\/\\\/schoenstatt.com\\\/de\\\/#\\\/schema\\\/logo\\\/image\\\/\"}},{\"@type\":\"Person\",\"@id\":\"https:\\\/\\\/schoenstatt.com\\\/de\\\/#\\\/schema\\\/person\\\/5158877ad4acae98b34daaeef2a1ce6e\",\"name\":\"Karen Bueno\",\"image\":{\"@type\":\"ImageObject\",\"inLanguage\":\"de\",\"@id\":\"https:\\\/\\\/secure.gravatar.com\\\/avatar\\\/f9f4b823873154269d2b2130f195f6d41037dd0d7fc5f3cacb5c846bae70d66b?s=96&d=mm&r=g\",\"url\":\"https:\\\/\\\/secure.gravatar.com\\\/avatar\\\/f9f4b823873154269d2b2130f195f6d41037dd0d7fc5f3cacb5c846bae70d66b?s=96&d=mm&r=g\",\"contentUrl\":\"https:\\\/\\\/secure.gravatar.com\\\/avatar\\\/f9f4b823873154269d2b2130f195f6d41037dd0d7fc5f3cacb5c846bae70d66b?s=96&d=mm&r=g\",\"caption\":\"Karen Bueno\"},\"url\":\"https:\\\/\\\/schoenstatt.com\\\/de\\\/author\\\/karen-bueno\\\/\"}]}<\/script>\n<!-- \/ Yoast SEO Premium plugin. -->","yoast_head_json":{"title":"Ernesto Fern\u00e1ndez, neuer Sch\u00f6nstatt-Bischof in der argentinischen Kirche","description":"Die Bischofsweihe von Monsignore Ernesto Jos\u00e9 Fern\u00e1ndez, Argentinier und Sch\u00f6nstattpriester, findet am 4. August statt.","robots":{"index":"index","follow":"follow","max-snippet":"max-snippet:-1","max-image-preview":"max-image-preview:large","max-video-preview":"max-video-preview:-1"},"canonical":"https:\/\/schoenstatt.com\/de\/ernesto-fernandez-neuer-schoenstatt-bischof-in-der-argentinischen-kirche\/","og_locale":"de_DE","og_type":"article","og_title":"Ernesto Fern\u00e1ndez, neuer Sch\u00f6nstatt-Bischof in der argentinischen Kirche","og_description":"Die Bischofsweihe von Monsignore Ernesto Jos\u00e9 Fern\u00e1ndez, Argentinier und Sch\u00f6nstattpriester, findet am 4. August statt.","og_url":"https:\/\/schoenstatt.com\/de\/ernesto-fernandez-neuer-schoenstatt-bischof-in-der-argentinischen-kirche\/","og_site_name":"Schoenstatt","article_published_time":"2023-08-02T11:34:44+00:00","article_modified_time":"2025-05-15T17:52:44+00:00","og_image":[{"width":1080,"height":842,"url":"https:\/\/schoenstatt.com\/wp-content\/uploads\/2023\/08\/Monsenor-Ernesto-Jose-Fernandez-3-1.jpg","type":"image\/jpeg"}],"author":"Karen Bueno","twitter_card":"summary_large_image","twitter_misc":{"Verfasst von":"Karen Bueno","Gesch\u00e4tzte Lesezeit":"5\u00a0Minuten"},"schema":{"@context":"https:\/\/schema.org","@graph":[{"@type":"Article","@id":"https:\/\/schoenstatt.com\/de\/ernesto-fernandez-neuer-schoenstatt-bischof-in-der-argentinischen-kirche\/#article","isPartOf":{"@id":"https:\/\/schoenstatt.com\/de\/ernesto-fernandez-neuer-schoenstatt-bischof-in-der-argentinischen-kirche\/"},"author":{"name":"Karen Bueno","@id":"https:\/\/schoenstatt.com\/de\/#\/schema\/person\/5158877ad4acae98b34daaeef2a1ce6e"},"headline":"Ernesto Fern\u00e1ndez, neuer Sch\u00f6nstatt-Bischof in der argentinischen Kirche","datePublished":"2023-08-02T11:34:44+00:00","dateModified":"2025-05-15T17:52:44+00:00","mainEntityOfPage":{"@id":"https:\/\/schoenstatt.com\/de\/ernesto-fernandez-neuer-schoenstatt-bischof-in-der-argentinischen-kirche\/"},"wordCount":1000,"publisher":{"@id":"https:\/\/schoenstatt.com\/de\/#organization"},"image":{"@id":"https:\/\/schoenstatt.com\/de\/ernesto-fernandez-neuer-schoenstatt-bischof-in-der-argentinischen-kirche\/#primaryimage"},"thumbnailUrl":"https:\/\/schoenstatt.com\/wp-content\/uploads\/2023\/08\/Monsenor-Ernesto-Jose-Fernandez-3-1.jpg","articleSection":["L\u00e4nder"],"inLanguage":"de"},{"@type":"WebPage","@id":"https:\/\/schoenstatt.com\/de\/ernesto-fernandez-neuer-schoenstatt-bischof-in-der-argentinischen-kirche\/","url":"https:\/\/schoenstatt.com\/de\/ernesto-fernandez-neuer-schoenstatt-bischof-in-der-argentinischen-kirche\/","name":"Ernesto Fern\u00e1ndez, neuer Sch\u00f6nstatt-Bischof in der argentinischen Kirche","isPartOf":{"@id":"https:\/\/schoenstatt.com\/de\/#website"},"primaryImageOfPage":{"@id":"https:\/\/schoenstatt.com\/de\/ernesto-fernandez-neuer-schoenstatt-bischof-in-der-argentinischen-kirche\/#primaryimage"},"image":{"@id":"https:\/\/schoenstatt.com\/de\/ernesto-fernandez-neuer-schoenstatt-bischof-in-der-argentinischen-kirche\/#primaryimage"},"thumbnailUrl":"https:\/\/schoenstatt.com\/wp-content\/uploads\/2023\/08\/Monsenor-Ernesto-Jose-Fernandez-3-1.jpg","datePublished":"2023-08-02T11:34:44+00:00","dateModified":"2025-05-15T17:52:44+00:00","description":"Die Bischofsweihe von Monsignore Ernesto Jos\u00e9 Fern\u00e1ndez, Argentinier und Sch\u00f6nstattpriester, findet am 4. August statt.","breadcrumb":{"@id":"https:\/\/schoenstatt.com\/de\/ernesto-fernandez-neuer-schoenstatt-bischof-in-der-argentinischen-kirche\/#breadcrumb"},"inLanguage":"de","potentialAction":[{"@type":"ReadAction","target":["https:\/\/schoenstatt.com\/de\/ernesto-fernandez-neuer-schoenstatt-bischof-in-der-argentinischen-kirche\/"]}]},{"@type":"ImageObject","inLanguage":"de","@id":"https:\/\/schoenstatt.com\/de\/ernesto-fernandez-neuer-schoenstatt-bischof-in-der-argentinischen-kirche\/#primaryimage","url":"https:\/\/schoenstatt.com\/wp-content\/uploads\/2023\/08\/Monsenor-Ernesto-Jose-Fernandez-3-1.jpg","contentUrl":"https:\/\/schoenstatt.com\/wp-content\/uploads\/2023\/08\/Monsenor-Ernesto-Jose-Fernandez-3-1.jpg","width":1080,"height":842,"caption":"Ernesto Fern\u00e1ndez - Novo Bispo de Schoenstatt na Igreja Argentina"},{"@type":"BreadcrumbList","@id":"https:\/\/schoenstatt.com\/de\/ernesto-fernandez-neuer-schoenstatt-bischof-in-der-argentinischen-kirche\/#breadcrumb","itemListElement":[{"@type":"ListItem","position":1,"name":"Portada","item":"https:\/\/schoenstatt.com\/de\/home\/"},{"@type":"ListItem","position":2,"name":"Ernesto Fern\u00e1ndez, neuer Sch\u00f6nstatt-Bischof in der argentinischen Kirche"}]},{"@type":"WebSite","@id":"https:\/\/schoenstatt.com\/de\/#website","url":"https:\/\/schoenstatt.com\/de\/","name":"Schoenstatt","description":"Apostolic Movement","publisher":{"@id":"https:\/\/schoenstatt.com\/de\/#organization"},"potentialAction":[{"@type":"SearchAction","target":{"@type":"EntryPoint","urlTemplate":"https:\/\/schoenstatt.com\/de\/?s={search_term_string}"},"query-input":{"@type":"PropertyValueSpecification","valueRequired":true,"valueName":"search_term_string"}}],"inLanguage":"de"},{"@type":"Organization","@id":"https:\/\/schoenstatt.com\/de\/#organization","name":"Schoenstatt","url":"https:\/\/schoenstatt.com\/de\/","logo":{"@type":"ImageObject","inLanguage":"de","@id":"https:\/\/schoenstatt.com\/de\/#\/schema\/logo\/image\/","url":"https:\/\/schoenstatt.com\/wp-content\/uploads\/2025\/04\/logo-schoenstatt-white-696x696-1.png","contentUrl":"https:\/\/schoenstatt.com\/wp-content\/uploads\/2025\/04\/logo-schoenstatt-white-696x696-1.png","width":696,"height":694,"caption":"Schoenstatt"},"image":{"@id":"https:\/\/schoenstatt.com\/de\/#\/schema\/logo\/image\/"}},{"@type":"Person","@id":"https:\/\/schoenstatt.com\/de\/#\/schema\/person\/5158877ad4acae98b34daaeef2a1ce6e","name":"Karen Bueno","image":{"@type":"ImageObject","inLanguage":"de","@id":"https:\/\/secure.gravatar.com\/avatar\/f9f4b823873154269d2b2130f195f6d41037dd0d7fc5f3cacb5c846bae70d66b?s=96&d=mm&r=g","url":"https:\/\/secure.gravatar.com\/avatar\/f9f4b823873154269d2b2130f195f6d41037dd0d7fc5f3cacb5c846bae70d66b?s=96&d=mm&r=g","contentUrl":"https:\/\/secure.gravatar.com\/avatar\/f9f4b823873154269d2b2130f195f6d41037dd0d7fc5f3cacb5c846bae70d66b?s=96&d=mm&r=g","caption":"Karen Bueno"},"url":"https:\/\/schoenstatt.com\/de\/author\/karen-bueno\/"}]}},"_links":{"self":[{"href":"https:\/\/schoenstatt.com\/de\/wp-json\/wp\/v2\/posts\/31781","targetHints":{"allow":["GET"]}}],"collection":[{"href":"https:\/\/schoenstatt.com\/de\/wp-json\/wp\/v2\/posts"}],"about":[{"href":"https:\/\/schoenstatt.com\/de\/wp-json\/wp\/v2\/types\/post"}],"author":[{"embeddable":true,"href":"https:\/\/schoenstatt.com\/de\/wp-json\/wp\/v2\/users\/3"}],"replies":[{"embeddable":true,"href":"https:\/\/schoenstatt.com\/de\/wp-json\/wp\/v2\/comments?post=31781"}],"version-history":[{"count":1,"href":"https:\/\/schoenstatt.com\/de\/wp-json\/wp\/v2\/posts\/31781\/revisions"}],"predecessor-version":[{"id":46156,"href":"https:\/\/schoenstatt.com\/de\/wp-json\/wp\/v2\/posts\/31781\/revisions\/46156"}],"wp:featuredmedia":[{"embeddable":true,"href":"https:\/\/schoenstatt.com\/de\/wp-json\/wp\/v2\/media\/31759"}],"wp:attachment":[{"href":"https:\/\/schoenstatt.com\/de\/wp-json\/wp\/v2\/media?parent=31781"}],"wp:term":[{"taxonomy":"category","embeddable":true,"href":"https:\/\/schoenstatt.com\/de\/wp-json\/wp\/v2\/categories?post=31781"},{"taxonomy":"post_tag","embeddable":true,"href":"https:\/\/schoenstatt.com\/de\/wp-json\/wp\/v2\/tags?post=31781"}],"curies":[{"name":"wp","href":"https:\/\/api.w.org\/{rel}","templated":true}]}}