{"id":31697,"date":"2023-07-28T20:43:56","date_gmt":"2023-07-28T18:43:56","guid":{"rendered":"https:\/\/schoenstatt.com\/spiritualitat\/juventude-estamos-aqui-porque-tivemos-coragem-de-sonhar\/"},"modified":"2025-05-15T19:28:31","modified_gmt":"2025-05-15T17:28:31","slug":"jugend-wir-sind-hier-weil-wir-den-mut-zum-traumen-hatten","status":"publish","type":"post","link":"https:\/\/schoenstatt.com\/de\/jugend-wir-sind-hier-weil-wir-den-mut-zum-traumen-hatten\/","title":{"rendered":"Jugend: &#8222;Wir sind hier, weil wir den Mut zum Tr\u00e4umen hatten&#8220;"},"content":{"rendered":"<p><em>&#8222;Wir sind von unterschiedlicher Nationalit\u00e4t, aber uns verbindet etwas Gemeinsames: die Liebe zu Christus, zur Kirche, zu Sch\u00f6nstatt. Wir hatten den Mut zu tr\u00e4umen, darum sind wir heute hier versammelt.&#8220;<\/em> Mit diesen Worten wurde die <a href=\"https:\/\/schoenstatt.com\/de\/jugend\/500-jugendliche-werden-vor-dem-weltjugendtag-den-traum-von-einem-besuch-in-schoenstatt-leben\/\">internationale Jugendmesse<\/a> in Sch\u00f6nstatt eingeleitet. Sie fand am Nachmittag des 25. Juli in der Pilgerkirche statt. Delegationen mit Jugendlichen aus acht L\u00e4ndern, die auf dem Weg zum <a href=\"https:\/\/www.lisboa2023.org\/en\" target=\"_blank\" rel=\"noopener\">Weltjugendtag in Lissabon<\/a> sind, nahmen daran teil.<\/p>\n<p>Die anwesenden Gruppen kamen aus: Argentinien, Brasilien, Chile, Ecuador, Vereinigte Staaten, Mexiko, Paraguay und Puerto Rico. Mitglieder der internationalen Jugend, ihre Betreuer und mehrere Mitglieder der \u00f6rtlichen Sch\u00f6nstattfamilie waren anwesend.<\/p>\n<p>Die heilige Messe wurde vom Rektor des Urheiligtums, <strong>Pater Ignacio Camacho<\/strong>, zelebriert. Mit ihm konzelebrierten Priester aus Nigeria, Indien, Deutschland, Chile, Portugal, Ecuador, Uganda, Brasilien, USA und anderen L\u00e4ndern.<\/p>\n<p><img fetchpriority=\"high\" decoding=\"async\" class=\"aligncenter wp-image-31673 \" src=\"https:\/\/schoenstatt.com\/wp-content\/uploads\/2023\/07\/missa-internacional-com-a-Juventude-2.jpeg\" alt=\"\" width=\"870\" height=\"652\" \/><\/p>\n<h2>Junge Menschen und Pilger auf dem Weg<\/h2>\n<p>Die Liturgie erinnerte an die Figur des heiligen Apostels Jakobus. Er war, wie die Jugendlichen beim WJT, <em>&#8222;auch ein Pilger&#8220;<\/em>, so Pater Ignacio. Jakobus war einer der J\u00fcnger, die Jesus am n\u00e4chsten standen und in wichtigen Momenten, wie auf dem Berg Tabor und im \u00d6lgarten, anwesend waren war. &#8222;Wenn ich an ihn denke, kommt mir schnell das Bild des Weges in den Sinn &#8211; wir haben alle vom Jakobsweg geh\u00f6rt. Die Figur des Pilgers ist unmittelbar mit ihm verbunden.&#8220;<\/p>\n<p>Pater Ignacio Camacho unterstreicht, dass die Einladung zum Pilgern von Christus ausgeht, der die Initiative ergreift. <em>&#8222;Eine Sache, die wir \u00fcber das \u00f6ffentliche Leben Jesu beschreiben k\u00f6nnen, ist, dass er auch viel zu Fu\u00df unterwegs war. Wie viele Bilder im Evangelium zeigen uns Jesus auf dem Weg. Und dieses Gehen lehrt er seine Freunde.&#8220;<\/em><\/p>\n<p><img decoding=\"async\" class=\"aligncenter wp-image-31689 \" src=\"https:\/\/schoenstatt.com\/wp-content\/uploads\/2023\/07\/missa-internacional-com-a-Juventude-7.jpg\" alt=\"\" width=\"888\" height=\"626\" \/><\/p>\n<h3>Wage zu fragen: Was ist mein Weg?<\/h3>\n<p>Indem er das Evangelium im Licht der Geschichte Sch\u00f6nstatts in Verbindung bringt, sagt er: <em>&#8222;Das Bild des Weges spricht auch zu uns \u00fcber unser eigenes pers\u00f6nliches Leben und unser B\u00fcndnisleben. Das Liebesb\u00fcndnis ist ein wirklicher Weg, den wir gehen, ein Weg, den auch unser Vater gegangen ist. Der Weg des heiligen Jakobus war nicht einfach oder leicht, er hat am Anfang nicht alles verstanden [in Sch\u00f6nstatt], nicht alles war am Anfang klar, aber Gott hat es ihm offenbart.\u201c<\/em><br \/>\nPater Ignacio motiviert die Jugendlichen, ihre Originalit\u00e4t zu bewahren und ihre pers\u00f6nliche Geschichte zu retten. <em>&#8222;Der Weg Jesu ist ein origineller Weg. Keiner ist wie der andere. Jesus ruft uns mit unserer Geschichte, mit unseren Familien, mit unseren F\u00e4higkeiten und auch mit unseren Schw\u00e4chen. Er ist der Schatz, den wir in irdenen Gef\u00e4\u00dfen tragen.&#8220;<\/em><\/p>\n<p>Der Rektor unterstreicht, dass der Weg des Lebens mit Christus in der Gemeinschaft und in Einfachheit gegangen werden muss. <strong>Und er fordert auf:<\/strong> <em>&#8222;Wage es, Jesus zu fragen: Was willst du von mir, was ist mein Lebensweg, wohin soll ich gehen, wie soll ich dir folgen? Wage es zu tr\u00e4umen. Habe keine kleinen, sondern tiefe Tr\u00e4ume. Wage es, aus deiner Komfortzone herauszugehen, es unserer Mutter gleichzutun und dich auf den Weg zu machen.\u201c<\/em><\/p>\n<h2>Unterschiedliche Kulturen, gleiche Begeisterung<\/h2>\n<p><img decoding=\"async\" class=\"aligncenter wp-image-31685 \" src=\"https:\/\/schoenstatt.com\/wp-content\/uploads\/2023\/07\/missa-internacional-com-a-Juventude-6-scaled.jpeg\" alt=\"\" width=\"882\" height=\"496\" \/><\/p>\n<p>Ein besonderer Moment der Feier war die Erneuerung des Liebesb\u00fcndnisses im Urheiligtum. Dort machten die Jugendlichen eine Erfahrung, bei der sie der MTA noch einmal ihr Herz schenkten.<\/p>\n<p><em>&#8222;Wir konnten die Verbundenheit zwischen all den Nationalit\u00e4ten, die hier anwesend waren, erleben und auch unsere Herzen vorbereiten, in dieser Sehnsucht zum WJT zu gehen und aufzustehen, um Maria \u00fcberall hin zu tragen&#8220;<\/em>, sagte<strong> J\u00e9ssica Fernanda Prado<\/strong> aus Brasilien.<\/p>\n<p><em>&#8222;Es war sehr sch\u00f6n und ich konnte erkennen, dass die Sch\u00f6nstattjugend \u00fcber mehrere Grenzen hinweg reicht und wir alle die gleiche Energie haben. Wir haben ein inneres Feuer, das wir teilen wollen, um zusammen zu sein, um auf Gott zuzugehen, um alles f\u00fcr das Liebesb\u00fcndnis zu geben&#8220;<\/em>, sagt <strong>Santiago Per\u00f3n<\/strong> aus Argentinien.<\/p>\n<p><strong>Rosario Galilea<\/strong> aus Chile sagt: <em>&#8222;Die Erneuerung des B\u00fcndnisses war sehr sch\u00f6n und ich mochte die Energie, die wir sp\u00fcrten, und die Zusammenarbeit aller Beteiligten sehr. Wir sind sehr gl\u00fccklich dar\u00fcber, Menschen aus verschiedenen L\u00e4ndern und Kulturen zu treffen. Wir haben festgestellt, dass es noch viel mehr Menschen gibt, die sich f\u00fcr unsere Mission engagieren.&#8220;<\/em><\/p>\n<p><strong>Jacinta Loomis, Christina Rivera und Allyson Kahler<\/strong>\u00a0aus den Vereinigten Staaten berichten: <em>&#8222;Es ist sch\u00f6n zu sehen, wie viele verschiedene L\u00e4nder und Kulturen in einer heiligen Messe zusammenkommen, die in verschiedenen Sprachen gefeiert wird. Ein Ort, an dem wir das Gleiche glauben und feiern. Wir bereiten uns auf ein paar tolle Tage vor. Danach sind wir zum Urheiligtum gegangen, was sehr sch\u00f6n war, weil wir alle aus demselben Grund dort waren: um das Liebesb\u00fcndnis zu erneuern, das wir in verschiedenen Teilen der Welt geschlossen haben. Und dann hatten wir eine Feier, bei der jedes Land etwas Anderes aus seiner Kultur vorstellte. Und es war sehr sch\u00f6n zu sehen, wie jedes Land Sch\u00f6nstatt auf eine etwas andere Art und Weise feierte, aber dass wir es alle schafften, uns zu verbinden und zusammen zu tanzen. Es war erstaunlich.\u201c<\/em><\/p>\n<p style=\"text-align: center;\"><a href=\"https:\/\/www.youtube.com\/watch?v=wwH62sUKeYM\" target=\"_blank\" rel=\"noopener\"><strong>Vollst\u00e4ndiges Video (klick)<\/strong><\/a><\/p>\n<p><em><img loading=\"lazy\" decoding=\"async\" class=\"aligncenter wp-image-31681 \" src=\"https:\/\/schoenstatt.com\/wp-content\/uploads\/2023\/07\/missa-internacional-com-a-Juventude-4-scaled.jpeg\" alt=\"\" width=\"899\" height=\"506\" \/><\/em><\/p>\n","protected":false},"excerpt":{"rendered":"<p>Sie kommen und stecken an: Junges Sch\u00f6nstatt rund um das Urheiligtum empf\u00e4ngt die Delegationen aus mehreren L\u00e4ndern auf dem Weg zum Weltjugendtag. Die internationale Messfeier mit der Jugend war der H\u00f6hepunkt der Wallfahrt.<\/p>\n","protected":false},"author":3,"featured_media":31669,"comment_status":"closed","ping_status":"closed","sticky":false,"template":"","format":"standard","meta":{"footnotes":""},"categories":[922],"tags":[],"class_list":["post-31697","post","type-post","status-publish","format-standard","has-post-thumbnail","hentry","category-jugend-de"],"yoast_head":"<!-- This site is optimized with the Yoast SEO Premium plugin v27.4 (Yoast SEO v27.4) - https:\/\/yoast.com\/product\/yoast-seo-premium-wordpress\/ -->\n<title>Jugend: &quot;Wir sind hier, weil wir den Mut zum Tr\u00e4umen hatten&quot;<\/title>\n<meta name=\"description\" content=\"Der internationalen Messfeier mit der Sch\u00f6nstattjugend: delegationen aus acht L\u00e4ndern versammelten sich im Urheiligtum.\" \/>\n<meta name=\"robots\" content=\"index, follow, max-snippet:-1, max-image-preview:large, max-video-preview:-1\" \/>\n<link rel=\"canonical\" href=\"https:\/\/schoenstatt.com\/de\/jugend-wir-sind-hier-weil-wir-den-mut-zum-traumen-hatten\/\" \/>\n<meta property=\"og:locale\" content=\"de_DE\" \/>\n<meta property=\"og:type\" content=\"article\" \/>\n<meta property=\"og:title\" content=\"Jugend: &quot;Wir sind hier, weil wir den Mut zum Tr\u00e4umen hatten&quot;\" \/>\n<meta property=\"og:description\" content=\"Der internationalen Messfeier mit der Sch\u00f6nstattjugend: delegationen aus acht L\u00e4ndern versammelten sich im Urheiligtum.\" \/>\n<meta property=\"og:url\" content=\"https:\/\/schoenstatt.com\/de\/jugend-wir-sind-hier-weil-wir-den-mut-zum-traumen-hatten\/\" \/>\n<meta property=\"og:site_name\" content=\"Schoenstatt\" \/>\n<meta property=\"article:published_time\" content=\"2023-07-28T18:43:56+00:00\" \/>\n<meta property=\"article:modified_time\" content=\"2025-05-15T17:28:31+00:00\" \/>\n<meta property=\"og:image\" content=\"https:\/\/schoenstatt.com\/wp-content\/uploads\/2023\/07\/missa-internacional-com-a-Juventude-1-scaled-1.jpeg\" \/>\n\t<meta property=\"og:image:width\" content=\"2048\" \/>\n\t<meta property=\"og:image:height\" content=\"1152\" \/>\n\t<meta property=\"og:image:type\" content=\"image\/jpeg\" \/>\n<meta name=\"author\" content=\"Karen Bueno\" \/>\n<meta name=\"twitter:card\" content=\"summary_large_image\" \/>\n<meta name=\"twitter:label1\" content=\"Verfasst von\" \/>\n\t<meta name=\"twitter:data1\" content=\"Karen Bueno\" \/>\n\t<meta name=\"twitter:label2\" content=\"Gesch\u00e4tzte Lesezeit\" \/>\n\t<meta name=\"twitter:data2\" content=\"5\u00a0Minuten\" \/>\n<script type=\"application\/ld+json\" class=\"yoast-schema-graph\">{\"@context\":\"https:\\\/\\\/schema.org\",\"@graph\":[{\"@type\":\"Article\",\"@id\":\"https:\\\/\\\/schoenstatt.com\\\/de\\\/jugend-wir-sind-hier-weil-wir-den-mut-zum-traumen-hatten\\\/#article\",\"isPartOf\":{\"@id\":\"https:\\\/\\\/schoenstatt.com\\\/de\\\/jugend-wir-sind-hier-weil-wir-den-mut-zum-traumen-hatten\\\/\"},\"author\":{\"name\":\"Karen Bueno\",\"@id\":\"https:\\\/\\\/schoenstatt.com\\\/de\\\/#\\\/schema\\\/person\\\/5158877ad4acae98b34daaeef2a1ce6e\"},\"headline\":\"Jugend: &#8222;Wir sind hier, weil wir den Mut zum Tr\u00e4umen hatten&#8220;\",\"datePublished\":\"2023-07-28T18:43:56+00:00\",\"dateModified\":\"2025-05-15T17:28:31+00:00\",\"mainEntityOfPage\":{\"@id\":\"https:\\\/\\\/schoenstatt.com\\\/de\\\/jugend-wir-sind-hier-weil-wir-den-mut-zum-traumen-hatten\\\/\"},\"wordCount\":853,\"publisher\":{\"@id\":\"https:\\\/\\\/schoenstatt.com\\\/de\\\/#organization\"},\"image\":{\"@id\":\"https:\\\/\\\/schoenstatt.com\\\/de\\\/jugend-wir-sind-hier-weil-wir-den-mut-zum-traumen-hatten\\\/#primaryimage\"},\"thumbnailUrl\":\"https:\\\/\\\/schoenstatt.com\\\/wp-content\\\/uploads\\\/2023\\\/07\\\/missa-internacional-com-a-Juventude-1-scaled-1.jpeg\",\"articleSection\":[\"Jugend\"],\"inLanguage\":\"de\"},{\"@type\":\"WebPage\",\"@id\":\"https:\\\/\\\/schoenstatt.com\\\/de\\\/jugend-wir-sind-hier-weil-wir-den-mut-zum-traumen-hatten\\\/\",\"url\":\"https:\\\/\\\/schoenstatt.com\\\/de\\\/jugend-wir-sind-hier-weil-wir-den-mut-zum-traumen-hatten\\\/\",\"name\":\"Jugend: \\\"Wir sind hier, weil wir den Mut zum Tr\u00e4umen hatten\\\"\",\"isPartOf\":{\"@id\":\"https:\\\/\\\/schoenstatt.com\\\/de\\\/#website\"},\"primaryImageOfPage\":{\"@id\":\"https:\\\/\\\/schoenstatt.com\\\/de\\\/jugend-wir-sind-hier-weil-wir-den-mut-zum-traumen-hatten\\\/#primaryimage\"},\"image\":{\"@id\":\"https:\\\/\\\/schoenstatt.com\\\/de\\\/jugend-wir-sind-hier-weil-wir-den-mut-zum-traumen-hatten\\\/#primaryimage\"},\"thumbnailUrl\":\"https:\\\/\\\/schoenstatt.com\\\/wp-content\\\/uploads\\\/2023\\\/07\\\/missa-internacional-com-a-Juventude-1-scaled-1.jpeg\",\"datePublished\":\"2023-07-28T18:43:56+00:00\",\"dateModified\":\"2025-05-15T17:28:31+00:00\",\"description\":\"Der internationalen Messfeier mit der Sch\u00f6nstattjugend: delegationen aus acht L\u00e4ndern versammelten sich im Urheiligtum.\",\"breadcrumb\":{\"@id\":\"https:\\\/\\\/schoenstatt.com\\\/de\\\/jugend-wir-sind-hier-weil-wir-den-mut-zum-traumen-hatten\\\/#breadcrumb\"},\"inLanguage\":\"de\",\"potentialAction\":[{\"@type\":\"ReadAction\",\"target\":[\"https:\\\/\\\/schoenstatt.com\\\/de\\\/jugend-wir-sind-hier-weil-wir-den-mut-zum-traumen-hatten\\\/\"]}]},{\"@type\":\"ImageObject\",\"inLanguage\":\"de\",\"@id\":\"https:\\\/\\\/schoenstatt.com\\\/de\\\/jugend-wir-sind-hier-weil-wir-den-mut-zum-traumen-hatten\\\/#primaryimage\",\"url\":\"https:\\\/\\\/schoenstatt.com\\\/wp-content\\\/uploads\\\/2023\\\/07\\\/missa-internacional-com-a-Juventude-1-scaled-1.jpeg\",\"contentUrl\":\"https:\\\/\\\/schoenstatt.com\\\/wp-content\\\/uploads\\\/2023\\\/07\\\/missa-internacional-com-a-Juventude-1-scaled-1.jpeg\",\"width\":2048,\"height\":1152},{\"@type\":\"BreadcrumbList\",\"@id\":\"https:\\\/\\\/schoenstatt.com\\\/de\\\/jugend-wir-sind-hier-weil-wir-den-mut-zum-traumen-hatten\\\/#breadcrumb\",\"itemListElement\":[{\"@type\":\"ListItem\",\"position\":1,\"name\":\"Portada\",\"item\":\"https:\\\/\\\/schoenstatt.com\\\/de\\\/home\\\/\"},{\"@type\":\"ListItem\",\"position\":2,\"name\":\"Jugend: \u00abWir sind hier, weil wir den Mut zum Tr\u00e4umen hatten\u00bb\"}]},{\"@type\":\"WebSite\",\"@id\":\"https:\\\/\\\/schoenstatt.com\\\/de\\\/#website\",\"url\":\"https:\\\/\\\/schoenstatt.com\\\/de\\\/\",\"name\":\"Schoenstatt\",\"description\":\"Apostolic Movement\",\"publisher\":{\"@id\":\"https:\\\/\\\/schoenstatt.com\\\/de\\\/#organization\"},\"potentialAction\":[{\"@type\":\"SearchAction\",\"target\":{\"@type\":\"EntryPoint\",\"urlTemplate\":\"https:\\\/\\\/schoenstatt.com\\\/de\\\/?s={search_term_string}\"},\"query-input\":{\"@type\":\"PropertyValueSpecification\",\"valueRequired\":true,\"valueName\":\"search_term_string\"}}],\"inLanguage\":\"de\"},{\"@type\":\"Organization\",\"@id\":\"https:\\\/\\\/schoenstatt.com\\\/de\\\/#organization\",\"name\":\"Schoenstatt\",\"url\":\"https:\\\/\\\/schoenstatt.com\\\/de\\\/\",\"logo\":{\"@type\":\"ImageObject\",\"inLanguage\":\"de\",\"@id\":\"https:\\\/\\\/schoenstatt.com\\\/de\\\/#\\\/schema\\\/logo\\\/image\\\/\",\"url\":\"https:\\\/\\\/schoenstatt.com\\\/wp-content\\\/uploads\\\/2025\\\/04\\\/logo-schoenstatt-white-696x696-1.png\",\"contentUrl\":\"https:\\\/\\\/schoenstatt.com\\\/wp-content\\\/uploads\\\/2025\\\/04\\\/logo-schoenstatt-white-696x696-1.png\",\"width\":696,\"height\":694,\"caption\":\"Schoenstatt\"},\"image\":{\"@id\":\"https:\\\/\\\/schoenstatt.com\\\/de\\\/#\\\/schema\\\/logo\\\/image\\\/\"}},{\"@type\":\"Person\",\"@id\":\"https:\\\/\\\/schoenstatt.com\\\/de\\\/#\\\/schema\\\/person\\\/5158877ad4acae98b34daaeef2a1ce6e\",\"name\":\"Karen Bueno\",\"image\":{\"@type\":\"ImageObject\",\"inLanguage\":\"de\",\"@id\":\"https:\\\/\\\/secure.gravatar.com\\\/avatar\\\/f9f4b823873154269d2b2130f195f6d41037dd0d7fc5f3cacb5c846bae70d66b?s=96&d=mm&r=g\",\"url\":\"https:\\\/\\\/secure.gravatar.com\\\/avatar\\\/f9f4b823873154269d2b2130f195f6d41037dd0d7fc5f3cacb5c846bae70d66b?s=96&d=mm&r=g\",\"contentUrl\":\"https:\\\/\\\/secure.gravatar.com\\\/avatar\\\/f9f4b823873154269d2b2130f195f6d41037dd0d7fc5f3cacb5c846bae70d66b?s=96&d=mm&r=g\",\"caption\":\"Karen Bueno\"},\"url\":\"https:\\\/\\\/schoenstatt.com\\\/de\\\/author\\\/karen-bueno\\\/\"}]}<\/script>\n<!-- \/ Yoast SEO Premium plugin. -->","yoast_head_json":{"title":"Jugend: \"Wir sind hier, weil wir den Mut zum Tr\u00e4umen hatten\"","description":"Der internationalen Messfeier mit der Sch\u00f6nstattjugend: delegationen aus acht L\u00e4ndern versammelten sich im Urheiligtum.","robots":{"index":"index","follow":"follow","max-snippet":"max-snippet:-1","max-image-preview":"max-image-preview:large","max-video-preview":"max-video-preview:-1"},"canonical":"https:\/\/schoenstatt.com\/de\/jugend-wir-sind-hier-weil-wir-den-mut-zum-traumen-hatten\/","og_locale":"de_DE","og_type":"article","og_title":"Jugend: \"Wir sind hier, weil wir den Mut zum Tr\u00e4umen hatten\"","og_description":"Der internationalen Messfeier mit der Sch\u00f6nstattjugend: delegationen aus acht L\u00e4ndern versammelten sich im Urheiligtum.","og_url":"https:\/\/schoenstatt.com\/de\/jugend-wir-sind-hier-weil-wir-den-mut-zum-traumen-hatten\/","og_site_name":"Schoenstatt","article_published_time":"2023-07-28T18:43:56+00:00","article_modified_time":"2025-05-15T17:28:31+00:00","og_image":[{"width":2048,"height":1152,"url":"https:\/\/schoenstatt.com\/wp-content\/uploads\/2023\/07\/missa-internacional-com-a-Juventude-1-scaled-1.jpeg","type":"image\/jpeg"}],"author":"Karen Bueno","twitter_card":"summary_large_image","twitter_misc":{"Verfasst von":"Karen Bueno","Gesch\u00e4tzte Lesezeit":"5\u00a0Minuten"},"schema":{"@context":"https:\/\/schema.org","@graph":[{"@type":"Article","@id":"https:\/\/schoenstatt.com\/de\/jugend-wir-sind-hier-weil-wir-den-mut-zum-traumen-hatten\/#article","isPartOf":{"@id":"https:\/\/schoenstatt.com\/de\/jugend-wir-sind-hier-weil-wir-den-mut-zum-traumen-hatten\/"},"author":{"name":"Karen Bueno","@id":"https:\/\/schoenstatt.com\/de\/#\/schema\/person\/5158877ad4acae98b34daaeef2a1ce6e"},"headline":"Jugend: &#8222;Wir sind hier, weil wir den Mut zum Tr\u00e4umen hatten&#8220;","datePublished":"2023-07-28T18:43:56+00:00","dateModified":"2025-05-15T17:28:31+00:00","mainEntityOfPage":{"@id":"https:\/\/schoenstatt.com\/de\/jugend-wir-sind-hier-weil-wir-den-mut-zum-traumen-hatten\/"},"wordCount":853,"publisher":{"@id":"https:\/\/schoenstatt.com\/de\/#organization"},"image":{"@id":"https:\/\/schoenstatt.com\/de\/jugend-wir-sind-hier-weil-wir-den-mut-zum-traumen-hatten\/#primaryimage"},"thumbnailUrl":"https:\/\/schoenstatt.com\/wp-content\/uploads\/2023\/07\/missa-internacional-com-a-Juventude-1-scaled-1.jpeg","articleSection":["Jugend"],"inLanguage":"de"},{"@type":"WebPage","@id":"https:\/\/schoenstatt.com\/de\/jugend-wir-sind-hier-weil-wir-den-mut-zum-traumen-hatten\/","url":"https:\/\/schoenstatt.com\/de\/jugend-wir-sind-hier-weil-wir-den-mut-zum-traumen-hatten\/","name":"Jugend: \"Wir sind hier, weil wir den Mut zum Tr\u00e4umen hatten\"","isPartOf":{"@id":"https:\/\/schoenstatt.com\/de\/#website"},"primaryImageOfPage":{"@id":"https:\/\/schoenstatt.com\/de\/jugend-wir-sind-hier-weil-wir-den-mut-zum-traumen-hatten\/#primaryimage"},"image":{"@id":"https:\/\/schoenstatt.com\/de\/jugend-wir-sind-hier-weil-wir-den-mut-zum-traumen-hatten\/#primaryimage"},"thumbnailUrl":"https:\/\/schoenstatt.com\/wp-content\/uploads\/2023\/07\/missa-internacional-com-a-Juventude-1-scaled-1.jpeg","datePublished":"2023-07-28T18:43:56+00:00","dateModified":"2025-05-15T17:28:31+00:00","description":"Der internationalen Messfeier mit der Sch\u00f6nstattjugend: delegationen aus acht L\u00e4ndern versammelten sich im Urheiligtum.","breadcrumb":{"@id":"https:\/\/schoenstatt.com\/de\/jugend-wir-sind-hier-weil-wir-den-mut-zum-traumen-hatten\/#breadcrumb"},"inLanguage":"de","potentialAction":[{"@type":"ReadAction","target":["https:\/\/schoenstatt.com\/de\/jugend-wir-sind-hier-weil-wir-den-mut-zum-traumen-hatten\/"]}]},{"@type":"ImageObject","inLanguage":"de","@id":"https:\/\/schoenstatt.com\/de\/jugend-wir-sind-hier-weil-wir-den-mut-zum-traumen-hatten\/#primaryimage","url":"https:\/\/schoenstatt.com\/wp-content\/uploads\/2023\/07\/missa-internacional-com-a-Juventude-1-scaled-1.jpeg","contentUrl":"https:\/\/schoenstatt.com\/wp-content\/uploads\/2023\/07\/missa-internacional-com-a-Juventude-1-scaled-1.jpeg","width":2048,"height":1152},{"@type":"BreadcrumbList","@id":"https:\/\/schoenstatt.com\/de\/jugend-wir-sind-hier-weil-wir-den-mut-zum-traumen-hatten\/#breadcrumb","itemListElement":[{"@type":"ListItem","position":1,"name":"Portada","item":"https:\/\/schoenstatt.com\/de\/home\/"},{"@type":"ListItem","position":2,"name":"Jugend: \u00abWir sind hier, weil wir den Mut zum Tr\u00e4umen hatten\u00bb"}]},{"@type":"WebSite","@id":"https:\/\/schoenstatt.com\/de\/#website","url":"https:\/\/schoenstatt.com\/de\/","name":"Schoenstatt","description":"Apostolic Movement","publisher":{"@id":"https:\/\/schoenstatt.com\/de\/#organization"},"potentialAction":[{"@type":"SearchAction","target":{"@type":"EntryPoint","urlTemplate":"https:\/\/schoenstatt.com\/de\/?s={search_term_string}"},"query-input":{"@type":"PropertyValueSpecification","valueRequired":true,"valueName":"search_term_string"}}],"inLanguage":"de"},{"@type":"Organization","@id":"https:\/\/schoenstatt.com\/de\/#organization","name":"Schoenstatt","url":"https:\/\/schoenstatt.com\/de\/","logo":{"@type":"ImageObject","inLanguage":"de","@id":"https:\/\/schoenstatt.com\/de\/#\/schema\/logo\/image\/","url":"https:\/\/schoenstatt.com\/wp-content\/uploads\/2025\/04\/logo-schoenstatt-white-696x696-1.png","contentUrl":"https:\/\/schoenstatt.com\/wp-content\/uploads\/2025\/04\/logo-schoenstatt-white-696x696-1.png","width":696,"height":694,"caption":"Schoenstatt"},"image":{"@id":"https:\/\/schoenstatt.com\/de\/#\/schema\/logo\/image\/"}},{"@type":"Person","@id":"https:\/\/schoenstatt.com\/de\/#\/schema\/person\/5158877ad4acae98b34daaeef2a1ce6e","name":"Karen Bueno","image":{"@type":"ImageObject","inLanguage":"de","@id":"https:\/\/secure.gravatar.com\/avatar\/f9f4b823873154269d2b2130f195f6d41037dd0d7fc5f3cacb5c846bae70d66b?s=96&d=mm&r=g","url":"https:\/\/secure.gravatar.com\/avatar\/f9f4b823873154269d2b2130f195f6d41037dd0d7fc5f3cacb5c846bae70d66b?s=96&d=mm&r=g","contentUrl":"https:\/\/secure.gravatar.com\/avatar\/f9f4b823873154269d2b2130f195f6d41037dd0d7fc5f3cacb5c846bae70d66b?s=96&d=mm&r=g","caption":"Karen Bueno"},"url":"https:\/\/schoenstatt.com\/de\/author\/karen-bueno\/"}]}},"_links":{"self":[{"href":"https:\/\/schoenstatt.com\/de\/wp-json\/wp\/v2\/posts\/31697","targetHints":{"allow":["GET"]}}],"collection":[{"href":"https:\/\/schoenstatt.com\/de\/wp-json\/wp\/v2\/posts"}],"about":[{"href":"https:\/\/schoenstatt.com\/de\/wp-json\/wp\/v2\/types\/post"}],"author":[{"embeddable":true,"href":"https:\/\/schoenstatt.com\/de\/wp-json\/wp\/v2\/users\/3"}],"replies":[{"embeddable":true,"href":"https:\/\/schoenstatt.com\/de\/wp-json\/wp\/v2\/comments?post=31697"}],"version-history":[{"count":1,"href":"https:\/\/schoenstatt.com\/de\/wp-json\/wp\/v2\/posts\/31697\/revisions"}],"predecessor-version":[{"id":46147,"href":"https:\/\/schoenstatt.com\/de\/wp-json\/wp\/v2\/posts\/31697\/revisions\/46147"}],"wp:featuredmedia":[{"embeddable":true,"href":"https:\/\/schoenstatt.com\/de\/wp-json\/wp\/v2\/media\/31669"}],"wp:attachment":[{"href":"https:\/\/schoenstatt.com\/de\/wp-json\/wp\/v2\/media?parent=31697"}],"wp:term":[{"taxonomy":"category","embeddable":true,"href":"https:\/\/schoenstatt.com\/de\/wp-json\/wp\/v2\/categories?post=31697"},{"taxonomy":"post_tag","embeddable":true,"href":"https:\/\/schoenstatt.com\/de\/wp-json\/wp\/v2\/tags?post=31697"}],"curies":[{"name":"wp","href":"https:\/\/api.w.org\/{rel}","templated":true}]}}