{"id":31649,"date":"2023-07-27T06:00:03","date_gmt":"2023-07-27T04:00:03","guid":{"rendered":"https:\/\/schoenstatt.com\/spiritualitat\/festival-mta-momento-de-envio-da-familia-de-schoenstatt-para-a-jmj\/"},"modified":"2025-05-15T19:28:32","modified_gmt":"2025-05-15T17:28:32","slug":"mta-festival-moment-der-aussendung-der-schoenstattfamilie-zum-wjt","status":"publish","type":"post","link":"https:\/\/schoenstatt.com\/de\/mta-festival-moment-der-aussendung-der-schoenstattfamilie-zum-wjt\/","title":{"rendered":"MTA-Festival: Moment der Aussendung der Sch\u00f6nstattfamilie zum WJT"},"content":{"rendered":"<p>Gro\u00dfe Begegnungen erwarten die Sch\u00f6nstattjugend im Rahmen des <a href=\"https:\/\/www.lisboa2023.org\/en\" target=\"_blank\" rel=\"noopener\">Weltjugendtages in Portugal<\/a>. Jungen und M\u00e4dchen werden ihre internationalen Gliederungstreffen haben: M\u00e4dchenjugend und Mannesjugend, und sie werden auch nach <a href=\"https:\/\/schoenstatt.com\/de\/jugend\/wjt-schoenstattjugend-pilgert-nach-fatima\/\">Fatima pilgern<\/a>. Das letzte gro\u00dfe internationale Ereignis der Bewegung wird das <strong>MTA-Festival<\/strong> am 31. Juli sein, das in Lissabon zum Abschluss des Weltjugendtags stattfinden wird.<\/p>\n<p>Mehrere Personen sind an der Organisation dieses Ereignisses beteiligt. Frau Carolina Sottomayor vom S\u00e4kularinstitut der Frauen von Sch\u00f6nstatt und Beraterin der M\u00e4dchenjugend; Margarida Alvadia, junge Vertreterin der M\u00e4dchenjugend; Bernardo Rocha e Melo, Seminarist und Berater der Mannesjugend und Bernardo Carpinteiro, junger Vertreter der Mannesjugend, sind Teil der zentralen Kommission.<\/p>\n<p><img fetchpriority=\"high\" decoding=\"async\" class=\"aligncenter wp-image-31606 \" src=\"https:\/\/schoenstatt.com\/wp-content\/uploads\/2023\/07\/comissao-central-festival-MTA.jpg\" alt=\"\" width=\"698\" height=\"829\" \/><\/p>\n<h2>Was wird das MTA-Festival im Zusammenhang mit dem WJT sein?<\/h2>\n<p>Die Kommission erkl\u00e4rt, dass das MTA-Festival ein internationales Treffen mit der gesamten Sch\u00f6nstattjugend ist, die nach Lissabon kommt, um den Weltjugendtag 2023 mit Begeisterung zu erleben. Aber nicht nur sie, sondern auch viele andere werden teilnehmen.<\/p>\n<p>&#8222;Zum MTA-Festival kommt nicht nur die Jugend aus der ganzen Welt, sondern auch die <strong>gesamte Sch\u00f6nstattfamilie Portugals<\/strong>. Nach den Jugendtreffen wollen wir, dass das Festival eine Zeit der Familie ist, des Zusammenlebens und des Teilens. Dass wir das Liebesb\u00fcndnis feiern, die Geschichte Sch\u00f6nstatts in Portugal anhand der drei gro\u00dfen Gnaden des Heiligtums &#8211; Beheimatung, innere Wandlung und apostolische Aussendung &#8211; kennenlernen und dem Beispiel der Gottesmutter folgen, indem wir uns gemeinsam auf den Weg zum Weltjugendtag machen&#8220;, so die Mitglieder der Kommission.<\/p>\n<p><img decoding=\"async\" class=\"aligncenter wp-image-31653 \" src=\"https:\/\/schoenstatt.com\/wp-content\/uploads\/2023\/07\/Simbolo-Festival-MTA-DE.jpg\" alt=\"\" width=\"740\" height=\"740\" \/><\/p>\n<h3>Es wird ein Ort der Begegnung, des Austausches und des Gebetes sein<\/h3>\n<p>Der Wunsch der Zentralkommission ist es, einen Moment der Spiritualit\u00e4t und der Begeisterung zu schaffen, damit die Sch\u00f6nstattjugend beim Weltjugendtag angesteckt wird.<\/p>\n<p>&#8222;Mit dem MTA-Festival wollen wir der Jugend und der Sch\u00f6nstattfamilie einen Raum der Begegnung, des Austausches und des Gebetes bieten. Anhand von Beispielen, die dem Heiligtum in Lissabon nahestehen, wollen wir ihre Zeugnisse weitergeben, damit sie die Jugend inspirieren, die Sendung, zu der wir berufen sind, voll und ganz anzunehmen: Apostel Christi f\u00fcr eine neue Welt zu sein, dem Beispiel der Gottesmutter folgend, und die Generationen zu inspirieren, die den katholischen Glauben in der Mission leben&#8220;, sagen sie uns.<\/p>\n<p><img decoding=\"async\" class=\"aligncenter wp-image-31646 \" src=\"https:\/\/schoenstatt.com\/wp-content\/uploads\/2023\/07\/Festival-MTA-Lisboa-Preparacao.jpg\" alt=\"\" width=\"689\" height=\"861\" \/><\/p>\n<h2>Was werden die Hauptaktivit\u00e4ten des Festivals sein?<\/h2>\n<p>Das MTA-Festival wird drei verschiedene Momente haben:<\/p>\n<p><strong>Eine Prozession:<\/strong> Vom Heiligtum aus geht die Gottesmutter heute hinaus, um neue Verb\u00fcndete zu rufen. Mit ihr gehen sie Seite an Seite durch die Stra\u00dfen der Stadt zum Ort der heiligen Messe.<\/p>\n<p><strong>Feier der Eucharistie:<\/strong> In dieser heiligen Messe, mit dem Meer im Hintergrund, wird die Aussendung zum Weltjugendtag stattfinden, so wie die portugiesischen Seefahrer ausgesandt wurden, um neue L\u00e4nder zu erobern. &#8222;Gepr\u00e4gt vom Geist von Pfingsten wollen wir die Herzen der Jugendlichen mit dem Feuer und dem missionarischen Geist der MTA entz\u00fcnden, um mit ihr die ganze Welt zu erobern&#8220;, so die Mitglieder der Zentralkommission. Die Feier steht unter der Leitung von Pater Alexandre Awi, dem Vorsitzenden des Generalpr\u00e4sidiums des Sch\u00f6nstattwerkes.<\/p>\n<p><strong>Show:<\/strong> Eine Ton- und Lichtshow, die die Geschichte von so vielen erz\u00e4hlt, die sich in der Kraft des B\u00fcndnisses an der Hand der MTA Gott geschenkt haben.<\/p>\n<p><img loading=\"lazy\" decoding=\"async\" class=\"aligncenter wp-image-31610 \" src=\"https:\/\/schoenstatt.com\/wp-content\/uploads\/2023\/07\/Preparacao-Festival-MTA-Lisboa.jpg\" alt=\"\" width=\"754\" height=\"754\" \/><\/p>\n<h3>Ein Meilenstein, der f\u00fcr immer in der Geschichte der Kirche in Portugal bleiben wird<\/h3>\n<p>Margarida Alvadia sagt, dass die Vorbereitung des Festivals eine herausfordernde Aufgabe war, aber eine, bei der man viel gelernt hat. Sie haben die begeisterte Hilfe eines gro\u00dfartigen Teams gesp\u00fcrt. Mehr als 40 portugiesische Jugendliche sind in der Organisation t\u00e4tig, mehrere Freiwillige aus Lateinamerika und mehrere Ehepaare aus der Bewegung.<\/p>\n<p>Die Vorbereitung war gepr\u00e4gt von mehreren gemeinsamen Gebetserfahrungen im Heiligtum, wobei der Moment besonders hervorzuheben ist, in dem jeder seinen Namen auf das &#8222;Herz der Gottesmutter&#8220; schrieb und hinter ihrem Bildnis platzierte.<\/p>\n<p>&#8222;Es war ein sehr sch\u00f6ner Weg, mit vielen Freuden und Herausforderungen, aber vor allem war es ein Weg der Entdeckung und Selbstbildung, immer an der Seite der Gottesmutter. Wir freuen uns sehr, den Weltjugendtag in unserem Land auszurichten, ein Meilenstein, der f\u00fcr immer in der Geschichte der Kirche in Portugal bleiben wird. Es wird zweifellos ein Moment gro\u00dfer Freude sein und eine Gelegenheit, Sch\u00f6nstatt der Jugend in der ganzen Welt n\u00e4her zu bringen&#8220;, sagte Margarida.<\/p>\n<p><img loading=\"lazy\" decoding=\"async\" class=\"aligncenter wp-image-31614 \" src=\"https:\/\/schoenstatt.com\/wp-content\/uploads\/2023\/07\/Festival-MTA-em-Lisboa-1.jpg\" alt=\"\" width=\"587\" height=\"734\" \/><\/p>\n","protected":false},"excerpt":{"rendered":"<p>Die Aussendung der Jugendlichen und der gesamten Sch\u00f6nstattfamilie zum Weltjugendtag findet im Rahmen des MTA-Festivals mit einer heiligen Messe unter dem Vorsitz von Pater Alexandre Awi Mello am 31. Juli in Lissabon statt.<\/p>\n","protected":false},"author":3,"featured_media":31046,"comment_status":"closed","ping_status":"closed","sticky":false,"template":"","format":"standard","meta":{"footnotes":""},"categories":[922],"tags":[],"class_list":["post-31649","post","type-post","status-publish","format-standard","has-post-thumbnail","hentry","category-jugend-de"],"yoast_head":"<!-- This site is optimized with the Yoast SEO Premium plugin v27.4 (Yoast SEO v27.4) - https:\/\/yoast.com\/product\/yoast-seo-premium-wordpress\/ -->\n<title>MTA-Festival: Moment der Aussendung der Sch\u00f6nstattfamilie zum WJT<\/title>\n<meta name=\"description\" content=\"Sehen Sie, wie das MTA-Festival beim WJT in Lissabon sein wird. Ein Moment der Begegnung und der Freude mit der ganzen Sch\u00f6nstattfamilie.\" \/>\n<meta name=\"robots\" content=\"index, follow, max-snippet:-1, max-image-preview:large, max-video-preview:-1\" \/>\n<link rel=\"canonical\" href=\"https:\/\/schoenstatt.com\/de\/mta-festival-moment-der-aussendung-der-schoenstattfamilie-zum-wjt\/\" \/>\n<meta property=\"og:locale\" content=\"de_DE\" \/>\n<meta property=\"og:type\" content=\"article\" \/>\n<meta property=\"og:title\" content=\"MTA-Festival: Moment der Aussendung der Sch\u00f6nstattfamilie zum WJT\" \/>\n<meta property=\"og:description\" content=\"Sehen Sie, wie das MTA-Festival beim WJT in Lissabon sein wird. Ein Moment der Begegnung und der Freude mit der ganzen Sch\u00f6nstattfamilie.\" \/>\n<meta property=\"og:url\" content=\"https:\/\/schoenstatt.com\/de\/mta-festival-moment-der-aussendung-der-schoenstattfamilie-zum-wjt\/\" \/>\n<meta property=\"og:site_name\" content=\"Schoenstatt\" \/>\n<meta property=\"article:published_time\" content=\"2023-07-27T04:00:03+00:00\" \/>\n<meta property=\"article:modified_time\" content=\"2025-05-15T17:28:32+00:00\" \/>\n<meta property=\"og:image\" content=\"https:\/\/schoenstatt.com\/wp-content\/uploads\/2023\/07\/Festival-MTA-JMJ-Lisboa-Schoenstatt-2-1.jpg\" \/>\n\t<meta property=\"og:image:width\" content=\"1616\" \/>\n\t<meta property=\"og:image:height\" content=\"1152\" \/>\n\t<meta property=\"og:image:type\" content=\"image\/jpeg\" \/>\n<meta name=\"author\" content=\"Karen Bueno\" \/>\n<meta name=\"twitter:card\" content=\"summary_large_image\" \/>\n<meta name=\"twitter:label1\" content=\"Verfasst von\" \/>\n\t<meta name=\"twitter:data1\" content=\"Karen Bueno\" \/>\n\t<meta name=\"twitter:label2\" content=\"Gesch\u00e4tzte Lesezeit\" \/>\n\t<meta name=\"twitter:data2\" content=\"4\u00a0Minuten\" \/>\n<script type=\"application\/ld+json\" class=\"yoast-schema-graph\">{\"@context\":\"https:\\\/\\\/schema.org\",\"@graph\":[{\"@type\":\"Article\",\"@id\":\"https:\\\/\\\/schoenstatt.com\\\/de\\\/mta-festival-moment-der-aussendung-der-schoenstattfamilie-zum-wjt\\\/#article\",\"isPartOf\":{\"@id\":\"https:\\\/\\\/schoenstatt.com\\\/de\\\/mta-festival-moment-der-aussendung-der-schoenstattfamilie-zum-wjt\\\/\"},\"author\":{\"name\":\"Karen Bueno\",\"@id\":\"https:\\\/\\\/schoenstatt.com\\\/de\\\/#\\\/schema\\\/person\\\/5158877ad4acae98b34daaeef2a1ce6e\"},\"headline\":\"MTA-Festival: Moment der Aussendung der Sch\u00f6nstattfamilie zum WJT\",\"datePublished\":\"2023-07-27T04:00:03+00:00\",\"dateModified\":\"2025-05-15T17:28:32+00:00\",\"mainEntityOfPage\":{\"@id\":\"https:\\\/\\\/schoenstatt.com\\\/de\\\/mta-festival-moment-der-aussendung-der-schoenstattfamilie-zum-wjt\\\/\"},\"wordCount\":710,\"publisher\":{\"@id\":\"https:\\\/\\\/schoenstatt.com\\\/de\\\/#organization\"},\"image\":{\"@id\":\"https:\\\/\\\/schoenstatt.com\\\/de\\\/mta-festival-moment-der-aussendung-der-schoenstattfamilie-zum-wjt\\\/#primaryimage\"},\"thumbnailUrl\":\"https:\\\/\\\/schoenstatt.com\\\/wp-content\\\/uploads\\\/2023\\\/07\\\/Festival-MTA-JMJ-Lisboa-Schoenstatt-2-1.jpg\",\"articleSection\":[\"Jugend\"],\"inLanguage\":\"de\"},{\"@type\":\"WebPage\",\"@id\":\"https:\\\/\\\/schoenstatt.com\\\/de\\\/mta-festival-moment-der-aussendung-der-schoenstattfamilie-zum-wjt\\\/\",\"url\":\"https:\\\/\\\/schoenstatt.com\\\/de\\\/mta-festival-moment-der-aussendung-der-schoenstattfamilie-zum-wjt\\\/\",\"name\":\"MTA-Festival: Moment der Aussendung der Sch\u00f6nstattfamilie zum WJT\",\"isPartOf\":{\"@id\":\"https:\\\/\\\/schoenstatt.com\\\/de\\\/#website\"},\"primaryImageOfPage\":{\"@id\":\"https:\\\/\\\/schoenstatt.com\\\/de\\\/mta-festival-moment-der-aussendung-der-schoenstattfamilie-zum-wjt\\\/#primaryimage\"},\"image\":{\"@id\":\"https:\\\/\\\/schoenstatt.com\\\/de\\\/mta-festival-moment-der-aussendung-der-schoenstattfamilie-zum-wjt\\\/#primaryimage\"},\"thumbnailUrl\":\"https:\\\/\\\/schoenstatt.com\\\/wp-content\\\/uploads\\\/2023\\\/07\\\/Festival-MTA-JMJ-Lisboa-Schoenstatt-2-1.jpg\",\"datePublished\":\"2023-07-27T04:00:03+00:00\",\"dateModified\":\"2025-05-15T17:28:32+00:00\",\"description\":\"Sehen Sie, wie das MTA-Festival beim WJT in Lissabon sein wird. Ein Moment der Begegnung und der Freude mit der ganzen Sch\u00f6nstattfamilie.\",\"breadcrumb\":{\"@id\":\"https:\\\/\\\/schoenstatt.com\\\/de\\\/mta-festival-moment-der-aussendung-der-schoenstattfamilie-zum-wjt\\\/#breadcrumb\"},\"inLanguage\":\"de\",\"potentialAction\":[{\"@type\":\"ReadAction\",\"target\":[\"https:\\\/\\\/schoenstatt.com\\\/de\\\/mta-festival-moment-der-aussendung-der-schoenstattfamilie-zum-wjt\\\/\"]}]},{\"@type\":\"ImageObject\",\"inLanguage\":\"de\",\"@id\":\"https:\\\/\\\/schoenstatt.com\\\/de\\\/mta-festival-moment-der-aussendung-der-schoenstattfamilie-zum-wjt\\\/#primaryimage\",\"url\":\"https:\\\/\\\/schoenstatt.com\\\/wp-content\\\/uploads\\\/2023\\\/07\\\/Festival-MTA-JMJ-Lisboa-Schoenstatt-2-1.jpg\",\"contentUrl\":\"https:\\\/\\\/schoenstatt.com\\\/wp-content\\\/uploads\\\/2023\\\/07\\\/Festival-MTA-JMJ-Lisboa-Schoenstatt-2-1.jpg\",\"width\":1616,\"height\":1152,\"caption\":\"Logo do Festival MTA\"},{\"@type\":\"BreadcrumbList\",\"@id\":\"https:\\\/\\\/schoenstatt.com\\\/de\\\/mta-festival-moment-der-aussendung-der-schoenstattfamilie-zum-wjt\\\/#breadcrumb\",\"itemListElement\":[{\"@type\":\"ListItem\",\"position\":1,\"name\":\"Portada\",\"item\":\"https:\\\/\\\/schoenstatt.com\\\/de\\\/home\\\/\"},{\"@type\":\"ListItem\",\"position\":2,\"name\":\"MTA-Festival: Moment der Aussendung der Sch\u00f6nstattfamilie zum WJT\"}]},{\"@type\":\"WebSite\",\"@id\":\"https:\\\/\\\/schoenstatt.com\\\/de\\\/#website\",\"url\":\"https:\\\/\\\/schoenstatt.com\\\/de\\\/\",\"name\":\"Schoenstatt\",\"description\":\"Apostolic Movement\",\"publisher\":{\"@id\":\"https:\\\/\\\/schoenstatt.com\\\/de\\\/#organization\"},\"potentialAction\":[{\"@type\":\"SearchAction\",\"target\":{\"@type\":\"EntryPoint\",\"urlTemplate\":\"https:\\\/\\\/schoenstatt.com\\\/de\\\/?s={search_term_string}\"},\"query-input\":{\"@type\":\"PropertyValueSpecification\",\"valueRequired\":true,\"valueName\":\"search_term_string\"}}],\"inLanguage\":\"de\"},{\"@type\":\"Organization\",\"@id\":\"https:\\\/\\\/schoenstatt.com\\\/de\\\/#organization\",\"name\":\"Schoenstatt\",\"url\":\"https:\\\/\\\/schoenstatt.com\\\/de\\\/\",\"logo\":{\"@type\":\"ImageObject\",\"inLanguage\":\"de\",\"@id\":\"https:\\\/\\\/schoenstatt.com\\\/de\\\/#\\\/schema\\\/logo\\\/image\\\/\",\"url\":\"https:\\\/\\\/schoenstatt.com\\\/wp-content\\\/uploads\\\/2025\\\/04\\\/logo-schoenstatt-white-696x696-1.png\",\"contentUrl\":\"https:\\\/\\\/schoenstatt.com\\\/wp-content\\\/uploads\\\/2025\\\/04\\\/logo-schoenstatt-white-696x696-1.png\",\"width\":696,\"height\":694,\"caption\":\"Schoenstatt\"},\"image\":{\"@id\":\"https:\\\/\\\/schoenstatt.com\\\/de\\\/#\\\/schema\\\/logo\\\/image\\\/\"}},{\"@type\":\"Person\",\"@id\":\"https:\\\/\\\/schoenstatt.com\\\/de\\\/#\\\/schema\\\/person\\\/5158877ad4acae98b34daaeef2a1ce6e\",\"name\":\"Karen Bueno\",\"image\":{\"@type\":\"ImageObject\",\"inLanguage\":\"de\",\"@id\":\"https:\\\/\\\/secure.gravatar.com\\\/avatar\\\/f9f4b823873154269d2b2130f195f6d41037dd0d7fc5f3cacb5c846bae70d66b?s=96&d=mm&r=g\",\"url\":\"https:\\\/\\\/secure.gravatar.com\\\/avatar\\\/f9f4b823873154269d2b2130f195f6d41037dd0d7fc5f3cacb5c846bae70d66b?s=96&d=mm&r=g\",\"contentUrl\":\"https:\\\/\\\/secure.gravatar.com\\\/avatar\\\/f9f4b823873154269d2b2130f195f6d41037dd0d7fc5f3cacb5c846bae70d66b?s=96&d=mm&r=g\",\"caption\":\"Karen Bueno\"},\"url\":\"https:\\\/\\\/schoenstatt.com\\\/de\\\/author\\\/karen-bueno\\\/\"}]}<\/script>\n<!-- \/ Yoast SEO Premium plugin. -->","yoast_head_json":{"title":"MTA-Festival: Moment der Aussendung der Sch\u00f6nstattfamilie zum WJT","description":"Sehen Sie, wie das MTA-Festival beim WJT in Lissabon sein wird. Ein Moment der Begegnung und der Freude mit der ganzen Sch\u00f6nstattfamilie.","robots":{"index":"index","follow":"follow","max-snippet":"max-snippet:-1","max-image-preview":"max-image-preview:large","max-video-preview":"max-video-preview:-1"},"canonical":"https:\/\/schoenstatt.com\/de\/mta-festival-moment-der-aussendung-der-schoenstattfamilie-zum-wjt\/","og_locale":"de_DE","og_type":"article","og_title":"MTA-Festival: Moment der Aussendung der Sch\u00f6nstattfamilie zum WJT","og_description":"Sehen Sie, wie das MTA-Festival beim WJT in Lissabon sein wird. Ein Moment der Begegnung und der Freude mit der ganzen Sch\u00f6nstattfamilie.","og_url":"https:\/\/schoenstatt.com\/de\/mta-festival-moment-der-aussendung-der-schoenstattfamilie-zum-wjt\/","og_site_name":"Schoenstatt","article_published_time":"2023-07-27T04:00:03+00:00","article_modified_time":"2025-05-15T17:28:32+00:00","og_image":[{"width":1616,"height":1152,"url":"https:\/\/schoenstatt.com\/wp-content\/uploads\/2023\/07\/Festival-MTA-JMJ-Lisboa-Schoenstatt-2-1.jpg","type":"image\/jpeg"}],"author":"Karen Bueno","twitter_card":"summary_large_image","twitter_misc":{"Verfasst von":"Karen Bueno","Gesch\u00e4tzte Lesezeit":"4\u00a0Minuten"},"schema":{"@context":"https:\/\/schema.org","@graph":[{"@type":"Article","@id":"https:\/\/schoenstatt.com\/de\/mta-festival-moment-der-aussendung-der-schoenstattfamilie-zum-wjt\/#article","isPartOf":{"@id":"https:\/\/schoenstatt.com\/de\/mta-festival-moment-der-aussendung-der-schoenstattfamilie-zum-wjt\/"},"author":{"name":"Karen Bueno","@id":"https:\/\/schoenstatt.com\/de\/#\/schema\/person\/5158877ad4acae98b34daaeef2a1ce6e"},"headline":"MTA-Festival: Moment der Aussendung der Sch\u00f6nstattfamilie zum WJT","datePublished":"2023-07-27T04:00:03+00:00","dateModified":"2025-05-15T17:28:32+00:00","mainEntityOfPage":{"@id":"https:\/\/schoenstatt.com\/de\/mta-festival-moment-der-aussendung-der-schoenstattfamilie-zum-wjt\/"},"wordCount":710,"publisher":{"@id":"https:\/\/schoenstatt.com\/de\/#organization"},"image":{"@id":"https:\/\/schoenstatt.com\/de\/mta-festival-moment-der-aussendung-der-schoenstattfamilie-zum-wjt\/#primaryimage"},"thumbnailUrl":"https:\/\/schoenstatt.com\/wp-content\/uploads\/2023\/07\/Festival-MTA-JMJ-Lisboa-Schoenstatt-2-1.jpg","articleSection":["Jugend"],"inLanguage":"de"},{"@type":"WebPage","@id":"https:\/\/schoenstatt.com\/de\/mta-festival-moment-der-aussendung-der-schoenstattfamilie-zum-wjt\/","url":"https:\/\/schoenstatt.com\/de\/mta-festival-moment-der-aussendung-der-schoenstattfamilie-zum-wjt\/","name":"MTA-Festival: Moment der Aussendung der Sch\u00f6nstattfamilie zum WJT","isPartOf":{"@id":"https:\/\/schoenstatt.com\/de\/#website"},"primaryImageOfPage":{"@id":"https:\/\/schoenstatt.com\/de\/mta-festival-moment-der-aussendung-der-schoenstattfamilie-zum-wjt\/#primaryimage"},"image":{"@id":"https:\/\/schoenstatt.com\/de\/mta-festival-moment-der-aussendung-der-schoenstattfamilie-zum-wjt\/#primaryimage"},"thumbnailUrl":"https:\/\/schoenstatt.com\/wp-content\/uploads\/2023\/07\/Festival-MTA-JMJ-Lisboa-Schoenstatt-2-1.jpg","datePublished":"2023-07-27T04:00:03+00:00","dateModified":"2025-05-15T17:28:32+00:00","description":"Sehen Sie, wie das MTA-Festival beim WJT in Lissabon sein wird. Ein Moment der Begegnung und der Freude mit der ganzen Sch\u00f6nstattfamilie.","breadcrumb":{"@id":"https:\/\/schoenstatt.com\/de\/mta-festival-moment-der-aussendung-der-schoenstattfamilie-zum-wjt\/#breadcrumb"},"inLanguage":"de","potentialAction":[{"@type":"ReadAction","target":["https:\/\/schoenstatt.com\/de\/mta-festival-moment-der-aussendung-der-schoenstattfamilie-zum-wjt\/"]}]},{"@type":"ImageObject","inLanguage":"de","@id":"https:\/\/schoenstatt.com\/de\/mta-festival-moment-der-aussendung-der-schoenstattfamilie-zum-wjt\/#primaryimage","url":"https:\/\/schoenstatt.com\/wp-content\/uploads\/2023\/07\/Festival-MTA-JMJ-Lisboa-Schoenstatt-2-1.jpg","contentUrl":"https:\/\/schoenstatt.com\/wp-content\/uploads\/2023\/07\/Festival-MTA-JMJ-Lisboa-Schoenstatt-2-1.jpg","width":1616,"height":1152,"caption":"Logo do Festival MTA"},{"@type":"BreadcrumbList","@id":"https:\/\/schoenstatt.com\/de\/mta-festival-moment-der-aussendung-der-schoenstattfamilie-zum-wjt\/#breadcrumb","itemListElement":[{"@type":"ListItem","position":1,"name":"Portada","item":"https:\/\/schoenstatt.com\/de\/home\/"},{"@type":"ListItem","position":2,"name":"MTA-Festival: Moment der Aussendung der Sch\u00f6nstattfamilie zum WJT"}]},{"@type":"WebSite","@id":"https:\/\/schoenstatt.com\/de\/#website","url":"https:\/\/schoenstatt.com\/de\/","name":"Schoenstatt","description":"Apostolic Movement","publisher":{"@id":"https:\/\/schoenstatt.com\/de\/#organization"},"potentialAction":[{"@type":"SearchAction","target":{"@type":"EntryPoint","urlTemplate":"https:\/\/schoenstatt.com\/de\/?s={search_term_string}"},"query-input":{"@type":"PropertyValueSpecification","valueRequired":true,"valueName":"search_term_string"}}],"inLanguage":"de"},{"@type":"Organization","@id":"https:\/\/schoenstatt.com\/de\/#organization","name":"Schoenstatt","url":"https:\/\/schoenstatt.com\/de\/","logo":{"@type":"ImageObject","inLanguage":"de","@id":"https:\/\/schoenstatt.com\/de\/#\/schema\/logo\/image\/","url":"https:\/\/schoenstatt.com\/wp-content\/uploads\/2025\/04\/logo-schoenstatt-white-696x696-1.png","contentUrl":"https:\/\/schoenstatt.com\/wp-content\/uploads\/2025\/04\/logo-schoenstatt-white-696x696-1.png","width":696,"height":694,"caption":"Schoenstatt"},"image":{"@id":"https:\/\/schoenstatt.com\/de\/#\/schema\/logo\/image\/"}},{"@type":"Person","@id":"https:\/\/schoenstatt.com\/de\/#\/schema\/person\/5158877ad4acae98b34daaeef2a1ce6e","name":"Karen Bueno","image":{"@type":"ImageObject","inLanguage":"de","@id":"https:\/\/secure.gravatar.com\/avatar\/f9f4b823873154269d2b2130f195f6d41037dd0d7fc5f3cacb5c846bae70d66b?s=96&d=mm&r=g","url":"https:\/\/secure.gravatar.com\/avatar\/f9f4b823873154269d2b2130f195f6d41037dd0d7fc5f3cacb5c846bae70d66b?s=96&d=mm&r=g","contentUrl":"https:\/\/secure.gravatar.com\/avatar\/f9f4b823873154269d2b2130f195f6d41037dd0d7fc5f3cacb5c846bae70d66b?s=96&d=mm&r=g","caption":"Karen Bueno"},"url":"https:\/\/schoenstatt.com\/de\/author\/karen-bueno\/"}]}},"_links":{"self":[{"href":"https:\/\/schoenstatt.com\/de\/wp-json\/wp\/v2\/posts\/31649","targetHints":{"allow":["GET"]}}],"collection":[{"href":"https:\/\/schoenstatt.com\/de\/wp-json\/wp\/v2\/posts"}],"about":[{"href":"https:\/\/schoenstatt.com\/de\/wp-json\/wp\/v2\/types\/post"}],"author":[{"embeddable":true,"href":"https:\/\/schoenstatt.com\/de\/wp-json\/wp\/v2\/users\/3"}],"replies":[{"embeddable":true,"href":"https:\/\/schoenstatt.com\/de\/wp-json\/wp\/v2\/comments?post=31649"}],"version-history":[{"count":1,"href":"https:\/\/schoenstatt.com\/de\/wp-json\/wp\/v2\/posts\/31649\/revisions"}],"predecessor-version":[{"id":46139,"href":"https:\/\/schoenstatt.com\/de\/wp-json\/wp\/v2\/posts\/31649\/revisions\/46139"}],"wp:featuredmedia":[{"embeddable":true,"href":"https:\/\/schoenstatt.com\/de\/wp-json\/wp\/v2\/media\/31046"}],"wp:attachment":[{"href":"https:\/\/schoenstatt.com\/de\/wp-json\/wp\/v2\/media?parent=31649"}],"wp:term":[{"taxonomy":"category","embeddable":true,"href":"https:\/\/schoenstatt.com\/de\/wp-json\/wp\/v2\/categories?post=31649"},{"taxonomy":"post_tag","embeddable":true,"href":"https:\/\/schoenstatt.com\/de\/wp-json\/wp\/v2\/tags?post=31649"}],"curies":[{"name":"wp","href":"https:\/\/api.w.org\/{rel}","templated":true}]}}