{"id":31436,"date":"2023-07-16T15:01:11","date_gmt":"2023-07-16T13:01:11","guid":{"rendered":"https:\/\/schoenstatt.com\/spiritualitat\/el-apostolado-de-los-padres-de-schoenstatt-en-el-santuario-nacional-de-chile\/"},"modified":"2025-05-15T19:52:45","modified_gmt":"2025-05-15T17:52:45","slug":"das-apostolat-der-schoenstatt-patres-im-nationalheiligtum-chile","status":"publish","type":"post","link":"https:\/\/schoenstatt.com\/de\/das-apostolat-der-schoenstatt-patres-im-nationalheiligtum-chile\/","title":{"rendered":"Das Apostolat der Sch\u00f6nstatt-Patres im Nationalheiligtum Chile"},"content":{"rendered":"<p>In Chile ist der 16. Juli ein gesetzlicher Feiertag. An diesem Tag wird der Schutzpatronin des Landes, Unserer Lieben Frau vom Berge Karmel, gedacht. Die chilenische Kirche feiert ihre Mutter und Schutzpatronin, und hinter den Kulissen aller Feierlichkeiten steht eine verantwortliche Sch\u00f6nstatt-Gemeinschaft: das <a href=\"https:\/\/schoenstatt.com\/de\/familie\/gemeinschaften-in-der-schoenstattbewegung\/priester\/\" target=\"_blank\" rel=\"noopener\">S\u00e4kularinstitut der Sch\u00f6nstatt-Patres<\/a>.<\/p>\n<p>Seit 1966, also seit 57 Jahren, ist das Institut f\u00fcr das pastorale Leben des <a href=\"http:\/\/santuarionacional.cl\/\" target=\"_blank\" rel=\"noopener\">Nationalheiligtums von Maip\u00fa<\/a> verantwortlich. Es ist ein handverlesener Ort, &#8222;das Land, in dem die Geschichte <a href=\"http:\/\/www.schoenstatt.cl\/\" target=\"_blank\" rel=\"noopener\">Chiles<\/a> mit einer Umarmung der Br\u00fcderlichkeit begr\u00fcndet wurde&#8220; (Papst Franziskus\u00b9).<\/p>\n<h2>Mehr als ein Heiligtum, ein historischer Ort f\u00fcr die Nation<\/h2>\n<figure id=\"attachment_31364\" aria-describedby=\"caption-attachment-31364\" style=\"width: 837px\" class=\"wp-caption aligncenter\"><img fetchpriority=\"high\" decoding=\"async\" class=\"wp-image-31364\" src=\"https:\/\/schoenstatt.com\/wp-content\/uploads\/2023\/07\/Santuario-Nacional-do-Chile-Maipu-3.jpg\" alt=\"\" width=\"837\" height=\"471\" \/><figcaption id=\"caption-attachment-31364\" class=\"wp-caption-text\">&#8222;Wir haben den Hauptaltar, der sehr gro\u00df ist und wo sich das Bildnis der Muttergottes vom Berg Karmel befindet. Wir k\u00f6nnen hinaufgehen und ihr ganz nahe sein&#8220;, sagt Pater Marcelo.<\/figcaption><\/figure>\n<p>Maip\u00fa ist eine Gemeinde in der Metropolregion von Santiago. Hier wurde 1818 die Unabh\u00e4ngigkeit Chiles errungen. Das Heiligtum ist ein Versprechen der Dankbarkeit an diejenigen, die f\u00fcr die Freiheit des Landes gek\u00e4mpft und sie errungen haben.<\/p>\n<p>Ignacio Torrealba schreibt in der Zeitschrift V\u00ednculo (Nr. 187, Dezember 2004):<\/p>\n<p><em>&#8222;Die Geschichte des Nationalheiligtums von Maip\u00fa ist vielleicht eine der wichtigsten Referenzen f\u00fcr die Entdeckung unserer Identit\u00e4t, denn sie ist reich an bedeutenden Ereignissen und an einem spirituellen und patrimonialen Reichtum, der sich durch unser republikanisches Leben zieht. Aber nicht nur das: Die Idee, ein lebendiges Zentrum f\u00fcr die marianische Evangelisierung in Chile zu schaffen, ist eng mit der Geschichte Sch\u00f6nstatts in unserem Land verbunden.<\/em><\/p>\n<p><em>Die Kirche entstand aus einem Versprechen: dem feierlichen Gel\u00f6bnis der Befreiungsarmee, an dem Ort, an dem die entscheidende Schlacht um unsere Unabh\u00e4ngigkeit geschlagen wurde, eine Kirche zu Ehren Unserer Lieben Frau vom Berge Karmel zu bauen. Ein Gel\u00fcbde, das mit der historischen Umarmung vom 5. April in Maip\u00fa besiegelt wurde und das diesen Ort f\u00fcr immer mit der Geschichte Gottes mit unserem Volk verbindet.&#8220;<\/em><\/p>\n<figure id=\"attachment_31368\" aria-describedby=\"caption-attachment-31368\" style=\"width: 665px\" class=\"wp-caption aligncenter\"><img decoding=\"async\" class=\"wp-image-31368\" src=\"https:\/\/schoenstatt.com\/wp-content\/uploads\/2023\/07\/Santuario-Nacional-do-Chile-Maipu-2.jpg\" alt=\"\" width=\"665\" height=\"1182\" \/><figcaption id=\"caption-attachment-31368\" class=\"wp-caption-text\">Pater Aravena: &#8222;Als Priester stehen wir im Dienst der Menschen, die auf der Suche nach Gott sind. Es ist eine sehr sch\u00f6ne und beeindruckende Basilika, mit ihrem Spiel von Licht, Schatten, Linien, W\u00e4nden, sehr interessant.&#8220;<\/figcaption><\/figure>\n<h2>F\u00fcr uns ist es ganz nat\u00fcrlich, von Maria zu sprechen<\/h2>\n<p>Pater Marcelo Aravena Guti\u00e9rrez, der derzeitige Rektor des Nationalheiligtums, erkl\u00e4rt: &#8222;Im Heiligtum haben wir t\u00e4gliche heilige Messen, jeden Tag Beichte, viele Gespr\u00e4che und geistliche Begleitung. Die Menschen kommen hierher, um diese Begegnung mit Gott zu suchen, und die Sch\u00f6nstatt-Patres sind immer da, um die Pilger zu empfangen, sich mit ihnen zu unterhalten, sie zu f\u00fchren und zu ermutigen, die manchmal sehr m\u00fcde, aufgew\u00fchlt, traurig oder entmutigt ankommen. Oder sie kommen auch, um zu danken und ihre Dankbarkeit auszudr\u00fccken.&#8220;<\/p>\n<figure id=\"attachment_31372\" aria-describedby=\"caption-attachment-31372\" style=\"width: 501px\" class=\"wp-caption aligncenter\"><img decoding=\"async\" class=\"wp-image-31372\" src=\"https:\/\/schoenstatt.com\/wp-content\/uploads\/2023\/07\/Santuario-Nacional-do-Chile-Maipu-5.jpg\" alt=\"\" width=\"501\" height=\"891\" \/><figcaption id=\"caption-attachment-31372\" class=\"wp-caption-text\">Unserer Lieben Frau vom Berge Karmel, Schutzpatronin<\/figcaption><\/figure>\n<p>Pater Marcelo wurde k\u00fcrzlich vom Kardinalerzbischof von Santiago, Monsignore Celestino A\u00f3s Braco, zum Rektor des Heiligtums ernannt und hat sein Amt bereits angetreten. Er sagt, er nehme diese Aufgabe mit Demut und gro\u00dfer Freude an: &#8222;Wir Sch\u00f6nstatt-Patres sind uns bewusst, dass Maria als erste J\u00fcngerin des Herrn die Evangelisatorin der Menschen schlechthin ist. Sie ist die Tr\u00e4gerin Christi f\u00fcr uns, aber sie f\u00fchrt uns auch zu ihm &#8211; Maria ist der sichere, schnelle und sehr lebendige Weg. Deshalb denken wir, dass es f\u00fcr die ganze katholische Kirche von gro\u00dfem Nutzen ist, sich in einem Marienheiligtum wie diesem, mit all seiner nationalen Symbolik, an Maria zu wenden. F\u00fcr uns, die wir marianische Priester sind, ist es ganz nat\u00fcrlich, von Maria zu sprechen, Maria als den Weg darzustellen, der uns zum Herrn f\u00fchrt.<\/p>\n<h2>Nehmen Sie das Projekt in Angriff, aber sorgen Sie daf\u00fcr, dass es ein nationales und popul\u00e4res Heiligtum ist<\/h2>\n<figure id=\"attachment_31379\" aria-describedby=\"caption-attachment-31379\" style=\"width: 764px\" class=\"wp-caption aligncenter\"><img loading=\"lazy\" decoding=\"async\" class=\"wp-image-31379\" src=\"https:\/\/schoenstatt.com\/wp-content\/uploads\/2023\/07\/maipu.jpg\" alt=\"\" width=\"764\" height=\"573\" \/><figcaption id=\"caption-attachment-31379\" class=\"wp-caption-text\">Im Inneren der Basilika gibt es Seitenalt\u00e4re, die dem Allerheiligsten Sakrament, dem Heiligsten Herzen und Heiligen der chilenischen Kirche gewidmet sind, wie Pater Alberto Hurtado, der heiligen Teresa von den Anden, der seligen Laura Vicu\u00f1a und anderen.<\/figcaption><\/figure>\n<p>In den 1960er Jahren bat der Kardinal von Santiago, Bischof Ra\u00fal Silva Henr\u00edquez, die Sch\u00f6nstatt-Patres, \u201edie Verantwortung f\u00fcr die Pastoral zu \u00fcbernehmen, in dem Bewusstsein, dass das Heiligtum das nationale Symbol des Glaubens des chilenischen katholischen Volkes sein und den Frieden und die Einheit des Landes f\u00f6rdern sollte&#8220;, kontextualisiert Pater Marcelo.<\/p>\n<p>Pater Joaqu\u00edn Alliende, der erste Rektor von Maip\u00fa, wandte sich mit diesem Anliegen an Pater Josef Kentenich, der ihm riet: &#8222;Nehmt das Projekt in Angriff, aber sorgt daf\u00fcr, dass es &#8218;ein nationales und volkst\u00fcmliches Heiligtum&#8216; ist.\u201c Seitdem ist das Institut f\u00fcr das Votivheiligtum verantwortlich, das 2018 von Papst Franziskus besucht wurde.<\/p>\n<p>Auf die Frage, wie man zwei verschiedene Charismen, Sch\u00f6nstatt und Karmel, miteinander in Einklang bringen kann, erkl\u00e4rt Pater Marcelo, dass dies organisch geschieht. &#8222;In dem Ma\u00dfe, in dem wir unsere Leute zum Herzen Marias bringen, bringt sie uns zum Herzen ihres Sohnes. Und in dem Ma\u00dfe, in dem wir lernen, den Herrn mit den Augen Mariens zu sehen, erm\u00f6glichen wir diese lebendige Begegnung mit unserem Herrn. Und das geschieht ganz nat\u00fcrlich und leicht.\u201c<\/p>\n<p>[1] <a href=\"https:\/\/www.vatican.va\/content\/francesco\/de\/speeches\/2018\/january\/documents\/papa-francesco_20180117_cile-maipu-giovani.html\" target=\"_blank\" rel=\"noopener\">Ansprache des Heiligen Vaters Papst Franziskus<\/a>, Nationalheiligtum Maip\u00fa, Mittwoch, 17. Januar 2018<\/p>\n","protected":false},"excerpt":{"rendered":"<p>Chile ist Maria unter dem Titel \u201eUnsere Liebe Frau vom Karmel\u201c geweiht und die Sch\u00f6nstatt-Patres sind f\u00fcr das Nationalheiligtum verantwortlich<\/p>\n","protected":false},"author":3,"featured_media":31360,"comment_status":"closed","ping_status":"closed","sticky":false,"template":"","format":"standard","meta":{"footnotes":""},"categories":[678],"tags":[],"class_list":["post-31436","post","type-post","status-publish","format-standard","has-post-thumbnail","hentry","category-lander-de"],"yoast_head":"<!-- This site is optimized with the Yoast SEO Premium plugin v27.4 (Yoast SEO v27.5) - https:\/\/yoast.com\/product\/yoast-seo-premium-wordpress\/ -->\n<title>Das Apostolat der Sch\u00f6nstatt-Patres im Nationalheiligtum Chile<\/title>\n<meta name=\"description\" content=\"Lernen Sie die Arbeit der Sch\u00f6nstatt-Patres im Nationalheiligtum von Maip\u00fa kennen, einem wichtigen Ort f\u00fcr die Geschichte Chiles.\" \/>\n<meta name=\"robots\" content=\"index, follow, max-snippet:-1, max-image-preview:large, max-video-preview:-1\" \/>\n<link rel=\"canonical\" href=\"https:\/\/schoenstatt.com\/de\/das-apostolat-der-schoenstatt-patres-im-nationalheiligtum-chile\/\" \/>\n<meta property=\"og:locale\" content=\"de_DE\" \/>\n<meta property=\"og:type\" content=\"article\" \/>\n<meta property=\"og:title\" content=\"Das Apostolat der Sch\u00f6nstatt-Patres im Nationalheiligtum Chile\" \/>\n<meta property=\"og:description\" content=\"Lernen Sie die Arbeit der Sch\u00f6nstatt-Patres im Nationalheiligtum von Maip\u00fa kennen, einem wichtigen Ort f\u00fcr die Geschichte Chiles.\" \/>\n<meta property=\"og:url\" content=\"https:\/\/schoenstatt.com\/de\/das-apostolat-der-schoenstatt-patres-im-nationalheiligtum-chile\/\" \/>\n<meta property=\"og:site_name\" content=\"Schoenstatt\" \/>\n<meta property=\"article:published_time\" content=\"2023-07-16T13:01:11+00:00\" \/>\n<meta property=\"article:modified_time\" content=\"2025-05-15T17:52:45+00:00\" \/>\n<meta property=\"og:image\" content=\"https:\/\/schoenstatt.com\/wp-content\/uploads\/2023\/07\/Santuario-de-Maipu-chile-1.jpg\" \/>\n\t<meta property=\"og:image:width\" content=\"1360\" \/>\n\t<meta property=\"og:image:height\" content=\"765\" \/>\n\t<meta property=\"og:image:type\" content=\"image\/jpeg\" \/>\n<meta name=\"author\" content=\"Karen Bueno\" \/>\n<meta name=\"twitter:card\" content=\"summary_large_image\" \/>\n<meta name=\"twitter:label1\" content=\"Verfasst von\" \/>\n\t<meta name=\"twitter:data1\" content=\"Karen Bueno\" \/>\n\t<meta name=\"twitter:label2\" content=\"Gesch\u00e4tzte Lesezeit\" \/>\n\t<meta name=\"twitter:data2\" content=\"5\u00a0Minuten\" \/>\n<script type=\"application\/ld+json\" class=\"yoast-schema-graph\">{\"@context\":\"https:\\\/\\\/schema.org\",\"@graph\":[{\"@type\":\"Article\",\"@id\":\"https:\\\/\\\/schoenstatt.com\\\/de\\\/das-apostolat-der-schoenstatt-patres-im-nationalheiligtum-chile\\\/#article\",\"isPartOf\":{\"@id\":\"https:\\\/\\\/schoenstatt.com\\\/de\\\/das-apostolat-der-schoenstatt-patres-im-nationalheiligtum-chile\\\/\"},\"author\":{\"name\":\"Karen Bueno\",\"@id\":\"https:\\\/\\\/schoenstatt.com\\\/de\\\/#\\\/schema\\\/person\\\/5158877ad4acae98b34daaeef2a1ce6e\"},\"headline\":\"Das Apostolat der Sch\u00f6nstatt-Patres im Nationalheiligtum Chile\",\"datePublished\":\"2023-07-16T13:01:11+00:00\",\"dateModified\":\"2025-05-15T17:52:45+00:00\",\"mainEntityOfPage\":{\"@id\":\"https:\\\/\\\/schoenstatt.com\\\/de\\\/das-apostolat-der-schoenstatt-patres-im-nationalheiligtum-chile\\\/\"},\"wordCount\":895,\"publisher\":{\"@id\":\"https:\\\/\\\/schoenstatt.com\\\/de\\\/#organization\"},\"image\":{\"@id\":\"https:\\\/\\\/schoenstatt.com\\\/de\\\/das-apostolat-der-schoenstatt-patres-im-nationalheiligtum-chile\\\/#primaryimage\"},\"thumbnailUrl\":\"https:\\\/\\\/schoenstatt.com\\\/wp-content\\\/uploads\\\/2023\\\/07\\\/Santuario-de-Maipu-chile-1.jpg\",\"articleSection\":[\"L\u00e4nder\"],\"inLanguage\":\"de\"},{\"@type\":\"WebPage\",\"@id\":\"https:\\\/\\\/schoenstatt.com\\\/de\\\/das-apostolat-der-schoenstatt-patres-im-nationalheiligtum-chile\\\/\",\"url\":\"https:\\\/\\\/schoenstatt.com\\\/de\\\/das-apostolat-der-schoenstatt-patres-im-nationalheiligtum-chile\\\/\",\"name\":\"Das Apostolat der Sch\u00f6nstatt-Patres im Nationalheiligtum Chile\",\"isPartOf\":{\"@id\":\"https:\\\/\\\/schoenstatt.com\\\/de\\\/#website\"},\"primaryImageOfPage\":{\"@id\":\"https:\\\/\\\/schoenstatt.com\\\/de\\\/das-apostolat-der-schoenstatt-patres-im-nationalheiligtum-chile\\\/#primaryimage\"},\"image\":{\"@id\":\"https:\\\/\\\/schoenstatt.com\\\/de\\\/das-apostolat-der-schoenstatt-patres-im-nationalheiligtum-chile\\\/#primaryimage\"},\"thumbnailUrl\":\"https:\\\/\\\/schoenstatt.com\\\/wp-content\\\/uploads\\\/2023\\\/07\\\/Santuario-de-Maipu-chile-1.jpg\",\"datePublished\":\"2023-07-16T13:01:11+00:00\",\"dateModified\":\"2025-05-15T17:52:45+00:00\",\"description\":\"Lernen Sie die Arbeit der Sch\u00f6nstatt-Patres im Nationalheiligtum von Maip\u00fa kennen, einem wichtigen Ort f\u00fcr die Geschichte Chiles.\",\"breadcrumb\":{\"@id\":\"https:\\\/\\\/schoenstatt.com\\\/de\\\/das-apostolat-der-schoenstatt-patres-im-nationalheiligtum-chile\\\/#breadcrumb\"},\"inLanguage\":\"de\",\"potentialAction\":[{\"@type\":\"ReadAction\",\"target\":[\"https:\\\/\\\/schoenstatt.com\\\/de\\\/das-apostolat-der-schoenstatt-patres-im-nationalheiligtum-chile\\\/\"]}]},{\"@type\":\"ImageObject\",\"inLanguage\":\"de\",\"@id\":\"https:\\\/\\\/schoenstatt.com\\\/de\\\/das-apostolat-der-schoenstatt-patres-im-nationalheiligtum-chile\\\/#primaryimage\",\"url\":\"https:\\\/\\\/schoenstatt.com\\\/wp-content\\\/uploads\\\/2023\\\/07\\\/Santuario-de-Maipu-chile-1.jpg\",\"contentUrl\":\"https:\\\/\\\/schoenstatt.com\\\/wp-content\\\/uploads\\\/2023\\\/07\\\/Santuario-de-Maipu-chile-1.jpg\",\"width\":1360,\"height\":765,\"caption\":\"El apostolado de los Padres de Schoenstatt en el Santuario Nacional de Chile\"},{\"@type\":\"BreadcrumbList\",\"@id\":\"https:\\\/\\\/schoenstatt.com\\\/de\\\/das-apostolat-der-schoenstatt-patres-im-nationalheiligtum-chile\\\/#breadcrumb\",\"itemListElement\":[{\"@type\":\"ListItem\",\"position\":1,\"name\":\"Portada\",\"item\":\"https:\\\/\\\/schoenstatt.com\\\/de\\\/home\\\/\"},{\"@type\":\"ListItem\",\"position\":2,\"name\":\"Das Apostolat der Sch\u00f6nstatt-Patres im Nationalheiligtum Chile\"}]},{\"@type\":\"WebSite\",\"@id\":\"https:\\\/\\\/schoenstatt.com\\\/de\\\/#website\",\"url\":\"https:\\\/\\\/schoenstatt.com\\\/de\\\/\",\"name\":\"Schoenstatt\",\"description\":\"Apostolic Movement\",\"publisher\":{\"@id\":\"https:\\\/\\\/schoenstatt.com\\\/de\\\/#organization\"},\"potentialAction\":[{\"@type\":\"SearchAction\",\"target\":{\"@type\":\"EntryPoint\",\"urlTemplate\":\"https:\\\/\\\/schoenstatt.com\\\/de\\\/?s={search_term_string}\"},\"query-input\":{\"@type\":\"PropertyValueSpecification\",\"valueRequired\":true,\"valueName\":\"search_term_string\"}}],\"inLanguage\":\"de\"},{\"@type\":\"Organization\",\"@id\":\"https:\\\/\\\/schoenstatt.com\\\/de\\\/#organization\",\"name\":\"Schoenstatt\",\"url\":\"https:\\\/\\\/schoenstatt.com\\\/de\\\/\",\"logo\":{\"@type\":\"ImageObject\",\"inLanguage\":\"de\",\"@id\":\"https:\\\/\\\/schoenstatt.com\\\/de\\\/#\\\/schema\\\/logo\\\/image\\\/\",\"url\":\"https:\\\/\\\/schoenstatt.com\\\/wp-content\\\/uploads\\\/2025\\\/04\\\/logo-schoenstatt-white-696x696-1.png\",\"contentUrl\":\"https:\\\/\\\/schoenstatt.com\\\/wp-content\\\/uploads\\\/2025\\\/04\\\/logo-schoenstatt-white-696x696-1.png\",\"width\":696,\"height\":694,\"caption\":\"Schoenstatt\"},\"image\":{\"@id\":\"https:\\\/\\\/schoenstatt.com\\\/de\\\/#\\\/schema\\\/logo\\\/image\\\/\"}},{\"@type\":\"Person\",\"@id\":\"https:\\\/\\\/schoenstatt.com\\\/de\\\/#\\\/schema\\\/person\\\/5158877ad4acae98b34daaeef2a1ce6e\",\"name\":\"Karen Bueno\",\"image\":{\"@type\":\"ImageObject\",\"inLanguage\":\"de\",\"@id\":\"https:\\\/\\\/secure.gravatar.com\\\/avatar\\\/f9f4b823873154269d2b2130f195f6d41037dd0d7fc5f3cacb5c846bae70d66b?s=96&d=mm&r=g\",\"url\":\"https:\\\/\\\/secure.gravatar.com\\\/avatar\\\/f9f4b823873154269d2b2130f195f6d41037dd0d7fc5f3cacb5c846bae70d66b?s=96&d=mm&r=g\",\"contentUrl\":\"https:\\\/\\\/secure.gravatar.com\\\/avatar\\\/f9f4b823873154269d2b2130f195f6d41037dd0d7fc5f3cacb5c846bae70d66b?s=96&d=mm&r=g\",\"caption\":\"Karen Bueno\"},\"url\":\"https:\\\/\\\/schoenstatt.com\\\/de\\\/author\\\/karen-bueno\\\/\"}]}<\/script>\n<!-- \/ Yoast SEO Premium plugin. -->","yoast_head_json":{"title":"Das Apostolat der Sch\u00f6nstatt-Patres im Nationalheiligtum Chile","description":"Lernen Sie die Arbeit der Sch\u00f6nstatt-Patres im Nationalheiligtum von Maip\u00fa kennen, einem wichtigen Ort f\u00fcr die Geschichte Chiles.","robots":{"index":"index","follow":"follow","max-snippet":"max-snippet:-1","max-image-preview":"max-image-preview:large","max-video-preview":"max-video-preview:-1"},"canonical":"https:\/\/schoenstatt.com\/de\/das-apostolat-der-schoenstatt-patres-im-nationalheiligtum-chile\/","og_locale":"de_DE","og_type":"article","og_title":"Das Apostolat der Sch\u00f6nstatt-Patres im Nationalheiligtum Chile","og_description":"Lernen Sie die Arbeit der Sch\u00f6nstatt-Patres im Nationalheiligtum von Maip\u00fa kennen, einem wichtigen Ort f\u00fcr die Geschichte Chiles.","og_url":"https:\/\/schoenstatt.com\/de\/das-apostolat-der-schoenstatt-patres-im-nationalheiligtum-chile\/","og_site_name":"Schoenstatt","article_published_time":"2023-07-16T13:01:11+00:00","article_modified_time":"2025-05-15T17:52:45+00:00","og_image":[{"width":1360,"height":765,"url":"https:\/\/schoenstatt.com\/wp-content\/uploads\/2023\/07\/Santuario-de-Maipu-chile-1.jpg","type":"image\/jpeg"}],"author":"Karen Bueno","twitter_card":"summary_large_image","twitter_misc":{"Verfasst von":"Karen Bueno","Gesch\u00e4tzte Lesezeit":"5\u00a0Minuten"},"schema":{"@context":"https:\/\/schema.org","@graph":[{"@type":"Article","@id":"https:\/\/schoenstatt.com\/de\/das-apostolat-der-schoenstatt-patres-im-nationalheiligtum-chile\/#article","isPartOf":{"@id":"https:\/\/schoenstatt.com\/de\/das-apostolat-der-schoenstatt-patres-im-nationalheiligtum-chile\/"},"author":{"name":"Karen Bueno","@id":"https:\/\/schoenstatt.com\/de\/#\/schema\/person\/5158877ad4acae98b34daaeef2a1ce6e"},"headline":"Das Apostolat der Sch\u00f6nstatt-Patres im Nationalheiligtum Chile","datePublished":"2023-07-16T13:01:11+00:00","dateModified":"2025-05-15T17:52:45+00:00","mainEntityOfPage":{"@id":"https:\/\/schoenstatt.com\/de\/das-apostolat-der-schoenstatt-patres-im-nationalheiligtum-chile\/"},"wordCount":895,"publisher":{"@id":"https:\/\/schoenstatt.com\/de\/#organization"},"image":{"@id":"https:\/\/schoenstatt.com\/de\/das-apostolat-der-schoenstatt-patres-im-nationalheiligtum-chile\/#primaryimage"},"thumbnailUrl":"https:\/\/schoenstatt.com\/wp-content\/uploads\/2023\/07\/Santuario-de-Maipu-chile-1.jpg","articleSection":["L\u00e4nder"],"inLanguage":"de"},{"@type":"WebPage","@id":"https:\/\/schoenstatt.com\/de\/das-apostolat-der-schoenstatt-patres-im-nationalheiligtum-chile\/","url":"https:\/\/schoenstatt.com\/de\/das-apostolat-der-schoenstatt-patres-im-nationalheiligtum-chile\/","name":"Das Apostolat der Sch\u00f6nstatt-Patres im Nationalheiligtum Chile","isPartOf":{"@id":"https:\/\/schoenstatt.com\/de\/#website"},"primaryImageOfPage":{"@id":"https:\/\/schoenstatt.com\/de\/das-apostolat-der-schoenstatt-patres-im-nationalheiligtum-chile\/#primaryimage"},"image":{"@id":"https:\/\/schoenstatt.com\/de\/das-apostolat-der-schoenstatt-patres-im-nationalheiligtum-chile\/#primaryimage"},"thumbnailUrl":"https:\/\/schoenstatt.com\/wp-content\/uploads\/2023\/07\/Santuario-de-Maipu-chile-1.jpg","datePublished":"2023-07-16T13:01:11+00:00","dateModified":"2025-05-15T17:52:45+00:00","description":"Lernen Sie die Arbeit der Sch\u00f6nstatt-Patres im Nationalheiligtum von Maip\u00fa kennen, einem wichtigen Ort f\u00fcr die Geschichte Chiles.","breadcrumb":{"@id":"https:\/\/schoenstatt.com\/de\/das-apostolat-der-schoenstatt-patres-im-nationalheiligtum-chile\/#breadcrumb"},"inLanguage":"de","potentialAction":[{"@type":"ReadAction","target":["https:\/\/schoenstatt.com\/de\/das-apostolat-der-schoenstatt-patres-im-nationalheiligtum-chile\/"]}]},{"@type":"ImageObject","inLanguage":"de","@id":"https:\/\/schoenstatt.com\/de\/das-apostolat-der-schoenstatt-patres-im-nationalheiligtum-chile\/#primaryimage","url":"https:\/\/schoenstatt.com\/wp-content\/uploads\/2023\/07\/Santuario-de-Maipu-chile-1.jpg","contentUrl":"https:\/\/schoenstatt.com\/wp-content\/uploads\/2023\/07\/Santuario-de-Maipu-chile-1.jpg","width":1360,"height":765,"caption":"El apostolado de los Padres de Schoenstatt en el Santuario Nacional de Chile"},{"@type":"BreadcrumbList","@id":"https:\/\/schoenstatt.com\/de\/das-apostolat-der-schoenstatt-patres-im-nationalheiligtum-chile\/#breadcrumb","itemListElement":[{"@type":"ListItem","position":1,"name":"Portada","item":"https:\/\/schoenstatt.com\/de\/home\/"},{"@type":"ListItem","position":2,"name":"Das Apostolat der Sch\u00f6nstatt-Patres im Nationalheiligtum Chile"}]},{"@type":"WebSite","@id":"https:\/\/schoenstatt.com\/de\/#website","url":"https:\/\/schoenstatt.com\/de\/","name":"Schoenstatt","description":"Apostolic Movement","publisher":{"@id":"https:\/\/schoenstatt.com\/de\/#organization"},"potentialAction":[{"@type":"SearchAction","target":{"@type":"EntryPoint","urlTemplate":"https:\/\/schoenstatt.com\/de\/?s={search_term_string}"},"query-input":{"@type":"PropertyValueSpecification","valueRequired":true,"valueName":"search_term_string"}}],"inLanguage":"de"},{"@type":"Organization","@id":"https:\/\/schoenstatt.com\/de\/#organization","name":"Schoenstatt","url":"https:\/\/schoenstatt.com\/de\/","logo":{"@type":"ImageObject","inLanguage":"de","@id":"https:\/\/schoenstatt.com\/de\/#\/schema\/logo\/image\/","url":"https:\/\/schoenstatt.com\/wp-content\/uploads\/2025\/04\/logo-schoenstatt-white-696x696-1.png","contentUrl":"https:\/\/schoenstatt.com\/wp-content\/uploads\/2025\/04\/logo-schoenstatt-white-696x696-1.png","width":696,"height":694,"caption":"Schoenstatt"},"image":{"@id":"https:\/\/schoenstatt.com\/de\/#\/schema\/logo\/image\/"}},{"@type":"Person","@id":"https:\/\/schoenstatt.com\/de\/#\/schema\/person\/5158877ad4acae98b34daaeef2a1ce6e","name":"Karen Bueno","image":{"@type":"ImageObject","inLanguage":"de","@id":"https:\/\/secure.gravatar.com\/avatar\/f9f4b823873154269d2b2130f195f6d41037dd0d7fc5f3cacb5c846bae70d66b?s=96&d=mm&r=g","url":"https:\/\/secure.gravatar.com\/avatar\/f9f4b823873154269d2b2130f195f6d41037dd0d7fc5f3cacb5c846bae70d66b?s=96&d=mm&r=g","contentUrl":"https:\/\/secure.gravatar.com\/avatar\/f9f4b823873154269d2b2130f195f6d41037dd0d7fc5f3cacb5c846bae70d66b?s=96&d=mm&r=g","caption":"Karen Bueno"},"url":"https:\/\/schoenstatt.com\/de\/author\/karen-bueno\/"}]}},"_links":{"self":[{"href":"https:\/\/schoenstatt.com\/de\/wp-json\/wp\/v2\/posts\/31436","targetHints":{"allow":["GET"]}}],"collection":[{"href":"https:\/\/schoenstatt.com\/de\/wp-json\/wp\/v2\/posts"}],"about":[{"href":"https:\/\/schoenstatt.com\/de\/wp-json\/wp\/v2\/types\/post"}],"author":[{"embeddable":true,"href":"https:\/\/schoenstatt.com\/de\/wp-json\/wp\/v2\/users\/3"}],"replies":[{"embeddable":true,"href":"https:\/\/schoenstatt.com\/de\/wp-json\/wp\/v2\/comments?post=31436"}],"version-history":[{"count":1,"href":"https:\/\/schoenstatt.com\/de\/wp-json\/wp\/v2\/posts\/31436\/revisions"}],"predecessor-version":[{"id":46106,"href":"https:\/\/schoenstatt.com\/de\/wp-json\/wp\/v2\/posts\/31436\/revisions\/46106"}],"wp:featuredmedia":[{"embeddable":true,"href":"https:\/\/schoenstatt.com\/de\/wp-json\/wp\/v2\/media\/31360"}],"wp:attachment":[{"href":"https:\/\/schoenstatt.com\/de\/wp-json\/wp\/v2\/media?parent=31436"}],"wp:term":[{"taxonomy":"category","embeddable":true,"href":"https:\/\/schoenstatt.com\/de\/wp-json\/wp\/v2\/categories?post=31436"},{"taxonomy":"post_tag","embeddable":true,"href":"https:\/\/schoenstatt.com\/de\/wp-json\/wp\/v2\/tags?post=31436"}],"curies":[{"name":"wp","href":"https:\/\/api.w.org\/{rel}","templated":true}]}}