{"id":31387,"date":"2023-07-16T14:40:59","date_gmt":"2023-07-16T12:40:59","guid":{"rendered":"https:\/\/schoenstatt.com\/spiritualitat\/16-de-julio-en-dachau-el-p-kentenich-funda-dos-institutos-seculares\/"},"modified":"2025-05-15T20:38:38","modified_gmt":"2025-05-15T18:38:38","slug":"16-juli-pater-kentenich-gruendet-in-dachau-zwei-saekularinstitute","status":"publish","type":"post","link":"https:\/\/schoenstatt.com\/de\/16-juli-pater-kentenich-gruendet-in-dachau-zwei-saekularinstitute\/","title":{"rendered":"16. Juli: Pater Kentenich gr\u00fcndet in Dachau zwei S\u00e4kularinstitute"},"content":{"rendered":"<p>Es ist nicht leicht, sich vorzustellen, wie es ist, in einem Konzentrationslager zu leben. Es gibt ungeheure Herausforderungen und Schwierigkeiten: K\u00e4lte, Hunger, M\u00fcdigkeit, Krankheit, der ganze Druck und die \u00fcberw\u00e4ltigende Atmosph\u00e4re, in der die Menschen dort leben. Wie wir geh\u00f6rt haben, ist es die H\u00f6lle!<\/p>\n<p>Und in diesem Umfeld solcher Hoffnungslosigkeit hat unser Vater und Gr\u00fcnder Hoffnung ges\u00e4t, hat sich pers\u00f6nlich um die Menschen gek\u00fcmmert, sie gepflegt und ihnen Aufmerksamkeit geschenkt. Er wusste und versuchte jeden Tag, in der g\u00f6ttlichen Vorsehung zu leben. Er wollte immer in Treue und Liebe zu Gott, dem Vater, antworten.<\/p>\n<p><strong>In diesem Dialog mit Gott suchte Pater Josef Kentenich die Stimme Gottes in kleinen Ereignissen:<\/strong><\/p>\n<p><em>&#8222;In der Sorge um die Familie bin ich ins Konzentrationslager gegangen und habe nach dem Gesetz der offenen T\u00fcr immer getastet: Wird der liebe Gott nicht auch in diesen sehr ung\u00fcnstigen Situationen hier eine kleine T\u00fcr f\u00fcr eine neue Gr\u00fcndung \u00f6ffnen? Wann wird er die T\u00fcr zu dieser Gr\u00fcndung \u00f6ffnen?&#8220;.<\/em><\/p>\n<h2>Suche inmitten des Chaos nach offenen T\u00fcren, und sei es nur ein Spalt!<\/h2>\n<p>Und so fand unser Vater und Gr\u00fcnder inmitten der Schwierigkeiten eines Konzentrationslagers Instrumente und Gelegenheiten, um auf die liebevollen Pl\u00e4ne des Ewigen Vaters zu antworten.<\/p>\n<p><img fetchpriority=\"high\" decoding=\"async\" class=\"aligncenter wp-image-31165 size-full\" src=\"https:\/\/schoenstatt.com\/wp-content\/uploads\/2023\/07\/Dachau-uai-793x446-1.png\" alt=\"\" width=\"793\" height=\"446\" \/><\/p>\n<p>Am <strong>16. Juli 1942<\/strong> traf Pater Kentenich im Konzentrationslager Dachau, Block 14, Zimmer 3, im Geheimgef\u00e4ngnis, Dr. Fritz K\u00fchr und Dr. Eduardo Pesendorfer. Sie waren ma\u00dfgeblich an der Gr\u00fcndung des <a href=\"https:\/\/schoenstatt.com\/de\/familie\/gemeinschaften-in-der-schoenstattbewegung\/famile\/\" target=\"_blank\" rel=\"noopener\">Instituts der Familien<\/a> bzw. des <a href=\"https:\/\/schoenstatt.com\/de\/familie\/gemeinschaften-in-der-schoenstattbewegung\/men\/\" target=\"_blank\" rel=\"noopener\">Instituts der Marienbr\u00fcder<\/a> beteiligt.<\/p>\n<p>An diesem Tag baute <a href=\"https:\/\/schoenstatt.com\/de\/spiritualitat\/gedenken-an-den-kz-haeftling-p-albert-eise-sac\/\">Pater Albert Eise<\/a> mit seinem Arbeitstisch einen kleinen Altar auf und versteckte ihn zwischen drei Matratzen. Auf den Altar stellte er zwei Kerzen, ein wei\u00dfes Taschentuch mit dem Allerheiligsten und eine kleine Reliquie der Dreimal Wunderbaren Mutter und K\u00f6nigin von Sch\u00f6nstatt. Auf sehr einfache Weise bereitete er den Platz f\u00fcr diese Neugr\u00fcndungen vor.<\/p>\n<p>Bei dieser Gelegenheit hielt Pater Kentenich einen Vortrag \u00fcber die Bedeutung dieser Stunde, die den Katakomben w\u00fcrdig ist. Er sprach \u00fcber die Bedeutung der Fundamente, die f\u00fcr die Gegenwart und die Zukunft gelegt wurden.<\/p>\n<p><strong>An diesem Tag wurden Dr. Fritz K\u00fchr als Novize des Instituts der Sch\u00f6nstattfamilien und Dr. Eduardo Pesendorfer f\u00fcr das Institut der Marienbr\u00fcder geweiht.<\/strong> Aus der Weihe von Dr. K\u00fchr ging das Sch\u00f6nstatt-Familienwerk hervor, ein k\u00fchner und fruchtbarer Anfang, aus dem sich drei Gemeinschaften von Familien entwickelten: Liga, Bund und Institut.<\/p>\n<p><img decoding=\"async\" class=\"aligncenter wp-image-29636 \" src=\"https:\/\/schoenstatt.com\/wp-content\/uploads\/2023\/03\/14-Dachau-1024x764.png\" alt=\"sentido da vida\" width=\"783\" height=\"584\" \/><\/p>\n<h2>Alles ist die Frucht der Entscheidung und des Handelns<\/h2>\n<p>In diesen Gr\u00fcndungen sehen wir die Frucht der Entscheidung unseres Vaters vom <a href=\"https:\/\/schoenstatt.com\/de\/spiritualitat\/der-20-januar-1942-ein-schluesseltag-fuer-die-schoenstatt-bewegung\/\">20. Januar 1942<\/a> und einen neuen g\u00f6ttlichen Einbruch der Gnade in den heiligen Raum der Ehe, der Familie und des christlichen Menschenbildes. Durch das Fiat der Gr\u00fcndungsinstrumente wurde in einer schwierigen Zeit der Not &#8211; &#8222;auf den Fundamenten von Dachau&#8220; &#8211; der Grundstein f\u00fcr neue <a href=\"https:\/\/www.vitaconsacrata.va\/es.html\" target=\"_blank\" rel=\"noopener\">weltliche Institute<\/a> in der Kirche gelegt. Eine gro\u00dfe Chance f\u00fcr das, was unm\u00f6glich schien!<\/p>\n<p><em><img decoding=\"async\" class=\"wp-image-20143 size-full aligncenter\" src=\"https:\/\/schoenstatt.com\/wp-content\/uploads\/2021\/10\/neue-Leitung-Marienbruder.jpg\" alt=\"O Cap\u00edtulo Gera\" width=\"680\" height=\"340\" \/><\/em><\/p>\n<p>Institut der Marienbr\u00fcder<\/p>\n<p><em>&#8222;Es ist der Geist von Dachau, von dem wir gesprochen haben: der Geist der totalen Verwurzelung in der \u00fcbernat\u00fcrlichen Welt, in der \u00fcbernat\u00fcrlichen Wirklichkeit. Dies ist der letzte und tiefste Sinn unseres Lebens. Machen wir uns nichts vor, jede andere Verwurzelung ist nur vor\u00fcbergehend, sie ist ein Weg und ein Mittel zum Ziel. Aber das Ziel ist und bleibt ewig Gott&#8220;<\/em> (Pater Kentenich &#8211; 16. Juli 1967).<\/p>\n<p>Vertrauen wir darauf, dass wir auch in gro\u00dfen Schwierigkeiten Gelegenheiten finden k\u00f6nnen, die uns helfen, mit Liebe auf das Wirken der g\u00f6ttlichen Vorsehung in unserem Leben zu antworten.<\/p>\n<p>Und m\u00f6ge diese Kraft, die Ehe und Familie, ein christliches Menschenbild und unsere Kirche tr\u00e4gt, in unsere Arbeit einflie\u00dfen &#8211; als Antwort im Geiste Pater Kentenichs und der Dreimal Wunderbaren Mutter, K\u00f6nigin und Siegerin von Sch\u00f6nstatt.<\/p>\n","protected":false},"excerpt":{"rendered":"<p>Was tun Sie, wenn in Ihrem Leben Schwierigkeiten auftreten? Mit Pater Kentenich lernen wir, Herausforderungen in neue Chancen zu verwandeln<\/p>\n","protected":false},"author":3,"featured_media":31354,"comment_status":"closed","ping_status":"closed","sticky":false,"template":"","format":"standard","meta":{"footnotes":""},"categories":[907,914],"tags":[],"class_list":["post-31387","post","type-post","status-publish","format-standard","has-post-thumbnail","hentry","category-schoenstatt-gemeinschaften-de","category-spiritualitat-de"],"yoast_head":"<!-- This site is optimized with the Yoast SEO Premium plugin v27.4 (Yoast SEO v27.4) - https:\/\/yoast.com\/product\/yoast-seo-premium-wordpress\/ -->\n<title>16. Juli: Pater Kentenich gr\u00fcndet in Dachau zwei S\u00e4kularinstitute<\/title>\n<meta name=\"description\" content=\"Herausforderungen in Chancen verwandeln - Pater Kentenich gr\u00fcndet zwei S\u00e4kularinstitute im Konzentrationslager.\" \/>\n<meta name=\"robots\" content=\"index, follow, max-snippet:-1, max-image-preview:large, max-video-preview:-1\" \/>\n<link rel=\"canonical\" href=\"https:\/\/schoenstatt.com\/de\/16-juli-pater-kentenich-gruendet-in-dachau-zwei-saekularinstitute\/\" \/>\n<meta property=\"og:locale\" content=\"de_DE\" \/>\n<meta property=\"og:type\" content=\"article\" \/>\n<meta property=\"og:title\" content=\"16. Juli: Pater Kentenich gr\u00fcndet in Dachau zwei S\u00e4kularinstitute\" \/>\n<meta property=\"og:description\" content=\"Herausforderungen in Chancen verwandeln - Pater Kentenich gr\u00fcndet zwei S\u00e4kularinstitute im Konzentrationslager.\" \/>\n<meta property=\"og:url\" content=\"https:\/\/schoenstatt.com\/de\/16-juli-pater-kentenich-gruendet-in-dachau-zwei-saekularinstitute\/\" \/>\n<meta property=\"og:site_name\" content=\"Schoenstatt\" \/>\n<meta property=\"article:published_time\" content=\"2023-07-16T12:40:59+00:00\" \/>\n<meta property=\"article:modified_time\" content=\"2025-05-15T18:38:38+00:00\" \/>\n<meta property=\"og:image\" content=\"https:\/\/schoenstatt.com\/wp-content\/uploads\/2023\/07\/dachau-concentration-camp-1.jpg\" \/>\n\t<meta property=\"og:image:width\" content=\"1280\" \/>\n\t<meta property=\"og:image:height\" content=\"857\" \/>\n\t<meta property=\"og:image:type\" content=\"image\/jpeg\" \/>\n<meta name=\"author\" content=\"Karen Bueno\" \/>\n<meta name=\"twitter:card\" content=\"summary_large_image\" \/>\n<meta name=\"twitter:label1\" content=\"Verfasst von\" \/>\n\t<meta name=\"twitter:data1\" content=\"Karen Bueno\" \/>\n\t<meta name=\"twitter:label2\" content=\"Gesch\u00e4tzte Lesezeit\" \/>\n\t<meta name=\"twitter:data2\" content=\"4\u00a0Minuten\" \/>\n<script type=\"application\/ld+json\" class=\"yoast-schema-graph\">{\"@context\":\"https:\\\/\\\/schema.org\",\"@graph\":[{\"@type\":\"Article\",\"@id\":\"https:\\\/\\\/schoenstatt.com\\\/de\\\/16-juli-pater-kentenich-gruendet-in-dachau-zwei-saekularinstitute\\\/#article\",\"isPartOf\":{\"@id\":\"https:\\\/\\\/schoenstatt.com\\\/de\\\/16-juli-pater-kentenich-gruendet-in-dachau-zwei-saekularinstitute\\\/\"},\"author\":{\"name\":\"Karen Bueno\",\"@id\":\"https:\\\/\\\/schoenstatt.com\\\/de\\\/#\\\/schema\\\/person\\\/5158877ad4acae98b34daaeef2a1ce6e\"},\"headline\":\"16. Juli: Pater Kentenich gr\u00fcndet in Dachau zwei S\u00e4kularinstitute\",\"datePublished\":\"2023-07-16T12:40:59+00:00\",\"dateModified\":\"2025-05-15T18:38:38+00:00\",\"mainEntityOfPage\":{\"@id\":\"https:\\\/\\\/schoenstatt.com\\\/de\\\/16-juli-pater-kentenich-gruendet-in-dachau-zwei-saekularinstitute\\\/\"},\"wordCount\":653,\"publisher\":{\"@id\":\"https:\\\/\\\/schoenstatt.com\\\/de\\\/#organization\"},\"image\":{\"@id\":\"https:\\\/\\\/schoenstatt.com\\\/de\\\/16-juli-pater-kentenich-gruendet-in-dachau-zwei-saekularinstitute\\\/#primaryimage\"},\"thumbnailUrl\":\"https:\\\/\\\/schoenstatt.com\\\/wp-content\\\/uploads\\\/2023\\\/07\\\/dachau-concentration-camp-1.jpg\",\"articleSection\":[\"Schoenstatt Gemeinschaften\",\"Spiritualit\u00e4t\"],\"inLanguage\":\"de\"},{\"@type\":\"WebPage\",\"@id\":\"https:\\\/\\\/schoenstatt.com\\\/de\\\/16-juli-pater-kentenich-gruendet-in-dachau-zwei-saekularinstitute\\\/\",\"url\":\"https:\\\/\\\/schoenstatt.com\\\/de\\\/16-juli-pater-kentenich-gruendet-in-dachau-zwei-saekularinstitute\\\/\",\"name\":\"16. Juli: Pater Kentenich gr\u00fcndet in Dachau zwei S\u00e4kularinstitute\",\"isPartOf\":{\"@id\":\"https:\\\/\\\/schoenstatt.com\\\/de\\\/#website\"},\"primaryImageOfPage\":{\"@id\":\"https:\\\/\\\/schoenstatt.com\\\/de\\\/16-juli-pater-kentenich-gruendet-in-dachau-zwei-saekularinstitute\\\/#primaryimage\"},\"image\":{\"@id\":\"https:\\\/\\\/schoenstatt.com\\\/de\\\/16-juli-pater-kentenich-gruendet-in-dachau-zwei-saekularinstitute\\\/#primaryimage\"},\"thumbnailUrl\":\"https:\\\/\\\/schoenstatt.com\\\/wp-content\\\/uploads\\\/2023\\\/07\\\/dachau-concentration-camp-1.jpg\",\"datePublished\":\"2023-07-16T12:40:59+00:00\",\"dateModified\":\"2025-05-15T18:38:38+00:00\",\"description\":\"Herausforderungen in Chancen verwandeln - Pater Kentenich gr\u00fcndet zwei S\u00e4kularinstitute im Konzentrationslager.\",\"breadcrumb\":{\"@id\":\"https:\\\/\\\/schoenstatt.com\\\/de\\\/16-juli-pater-kentenich-gruendet-in-dachau-zwei-saekularinstitute\\\/#breadcrumb\"},\"inLanguage\":\"de\",\"potentialAction\":[{\"@type\":\"ReadAction\",\"target\":[\"https:\\\/\\\/schoenstatt.com\\\/de\\\/16-juli-pater-kentenich-gruendet-in-dachau-zwei-saekularinstitute\\\/\"]}]},{\"@type\":\"ImageObject\",\"inLanguage\":\"de\",\"@id\":\"https:\\\/\\\/schoenstatt.com\\\/de\\\/16-juli-pater-kentenich-gruendet-in-dachau-zwei-saekularinstitute\\\/#primaryimage\",\"url\":\"https:\\\/\\\/schoenstatt.com\\\/wp-content\\\/uploads\\\/2023\\\/07\\\/dachau-concentration-camp-1.jpg\",\"contentUrl\":\"https:\\\/\\\/schoenstatt.com\\\/wp-content\\\/uploads\\\/2023\\\/07\\\/dachau-concentration-camp-1.jpg\",\"width\":1280,\"height\":857,\"caption\":\"Pe. Kentenich\"},{\"@type\":\"BreadcrumbList\",\"@id\":\"https:\\\/\\\/schoenstatt.com\\\/de\\\/16-juli-pater-kentenich-gruendet-in-dachau-zwei-saekularinstitute\\\/#breadcrumb\",\"itemListElement\":[{\"@type\":\"ListItem\",\"position\":1,\"name\":\"Portada\",\"item\":\"https:\\\/\\\/schoenstatt.com\\\/de\\\/home\\\/\"},{\"@type\":\"ListItem\",\"position\":2,\"name\":\"16. Juli: Pater Kentenich gr\u00fcndet in Dachau zwei S\u00e4kularinstitute\"}]},{\"@type\":\"WebSite\",\"@id\":\"https:\\\/\\\/schoenstatt.com\\\/de\\\/#website\",\"url\":\"https:\\\/\\\/schoenstatt.com\\\/de\\\/\",\"name\":\"Schoenstatt\",\"description\":\"Apostolic Movement\",\"publisher\":{\"@id\":\"https:\\\/\\\/schoenstatt.com\\\/de\\\/#organization\"},\"potentialAction\":[{\"@type\":\"SearchAction\",\"target\":{\"@type\":\"EntryPoint\",\"urlTemplate\":\"https:\\\/\\\/schoenstatt.com\\\/de\\\/?s={search_term_string}\"},\"query-input\":{\"@type\":\"PropertyValueSpecification\",\"valueRequired\":true,\"valueName\":\"search_term_string\"}}],\"inLanguage\":\"de\"},{\"@type\":\"Organization\",\"@id\":\"https:\\\/\\\/schoenstatt.com\\\/de\\\/#organization\",\"name\":\"Schoenstatt\",\"url\":\"https:\\\/\\\/schoenstatt.com\\\/de\\\/\",\"logo\":{\"@type\":\"ImageObject\",\"inLanguage\":\"de\",\"@id\":\"https:\\\/\\\/schoenstatt.com\\\/de\\\/#\\\/schema\\\/logo\\\/image\\\/\",\"url\":\"https:\\\/\\\/schoenstatt.com\\\/wp-content\\\/uploads\\\/2025\\\/04\\\/logo-schoenstatt-white-696x696-1.png\",\"contentUrl\":\"https:\\\/\\\/schoenstatt.com\\\/wp-content\\\/uploads\\\/2025\\\/04\\\/logo-schoenstatt-white-696x696-1.png\",\"width\":696,\"height\":694,\"caption\":\"Schoenstatt\"},\"image\":{\"@id\":\"https:\\\/\\\/schoenstatt.com\\\/de\\\/#\\\/schema\\\/logo\\\/image\\\/\"}},{\"@type\":\"Person\",\"@id\":\"https:\\\/\\\/schoenstatt.com\\\/de\\\/#\\\/schema\\\/person\\\/5158877ad4acae98b34daaeef2a1ce6e\",\"name\":\"Karen Bueno\",\"image\":{\"@type\":\"ImageObject\",\"inLanguage\":\"de\",\"@id\":\"https:\\\/\\\/secure.gravatar.com\\\/avatar\\\/f9f4b823873154269d2b2130f195f6d41037dd0d7fc5f3cacb5c846bae70d66b?s=96&d=mm&r=g\",\"url\":\"https:\\\/\\\/secure.gravatar.com\\\/avatar\\\/f9f4b823873154269d2b2130f195f6d41037dd0d7fc5f3cacb5c846bae70d66b?s=96&d=mm&r=g\",\"contentUrl\":\"https:\\\/\\\/secure.gravatar.com\\\/avatar\\\/f9f4b823873154269d2b2130f195f6d41037dd0d7fc5f3cacb5c846bae70d66b?s=96&d=mm&r=g\",\"caption\":\"Karen Bueno\"},\"url\":\"https:\\\/\\\/schoenstatt.com\\\/de\\\/author\\\/karen-bueno\\\/\"}]}<\/script>\n<!-- \/ Yoast SEO Premium plugin. -->","yoast_head_json":{"title":"16. Juli: Pater Kentenich gr\u00fcndet in Dachau zwei S\u00e4kularinstitute","description":"Herausforderungen in Chancen verwandeln - Pater Kentenich gr\u00fcndet zwei S\u00e4kularinstitute im Konzentrationslager.","robots":{"index":"index","follow":"follow","max-snippet":"max-snippet:-1","max-image-preview":"max-image-preview:large","max-video-preview":"max-video-preview:-1"},"canonical":"https:\/\/schoenstatt.com\/de\/16-juli-pater-kentenich-gruendet-in-dachau-zwei-saekularinstitute\/","og_locale":"de_DE","og_type":"article","og_title":"16. Juli: Pater Kentenich gr\u00fcndet in Dachau zwei S\u00e4kularinstitute","og_description":"Herausforderungen in Chancen verwandeln - Pater Kentenich gr\u00fcndet zwei S\u00e4kularinstitute im Konzentrationslager.","og_url":"https:\/\/schoenstatt.com\/de\/16-juli-pater-kentenich-gruendet-in-dachau-zwei-saekularinstitute\/","og_site_name":"Schoenstatt","article_published_time":"2023-07-16T12:40:59+00:00","article_modified_time":"2025-05-15T18:38:38+00:00","og_image":[{"width":1280,"height":857,"url":"https:\/\/schoenstatt.com\/wp-content\/uploads\/2023\/07\/dachau-concentration-camp-1.jpg","type":"image\/jpeg"}],"author":"Karen Bueno","twitter_card":"summary_large_image","twitter_misc":{"Verfasst von":"Karen Bueno","Gesch\u00e4tzte Lesezeit":"4\u00a0Minuten"},"schema":{"@context":"https:\/\/schema.org","@graph":[{"@type":"Article","@id":"https:\/\/schoenstatt.com\/de\/16-juli-pater-kentenich-gruendet-in-dachau-zwei-saekularinstitute\/#article","isPartOf":{"@id":"https:\/\/schoenstatt.com\/de\/16-juli-pater-kentenich-gruendet-in-dachau-zwei-saekularinstitute\/"},"author":{"name":"Karen Bueno","@id":"https:\/\/schoenstatt.com\/de\/#\/schema\/person\/5158877ad4acae98b34daaeef2a1ce6e"},"headline":"16. Juli: Pater Kentenich gr\u00fcndet in Dachau zwei S\u00e4kularinstitute","datePublished":"2023-07-16T12:40:59+00:00","dateModified":"2025-05-15T18:38:38+00:00","mainEntityOfPage":{"@id":"https:\/\/schoenstatt.com\/de\/16-juli-pater-kentenich-gruendet-in-dachau-zwei-saekularinstitute\/"},"wordCount":653,"publisher":{"@id":"https:\/\/schoenstatt.com\/de\/#organization"},"image":{"@id":"https:\/\/schoenstatt.com\/de\/16-juli-pater-kentenich-gruendet-in-dachau-zwei-saekularinstitute\/#primaryimage"},"thumbnailUrl":"https:\/\/schoenstatt.com\/wp-content\/uploads\/2023\/07\/dachau-concentration-camp-1.jpg","articleSection":["Schoenstatt Gemeinschaften","Spiritualit\u00e4t"],"inLanguage":"de"},{"@type":"WebPage","@id":"https:\/\/schoenstatt.com\/de\/16-juli-pater-kentenich-gruendet-in-dachau-zwei-saekularinstitute\/","url":"https:\/\/schoenstatt.com\/de\/16-juli-pater-kentenich-gruendet-in-dachau-zwei-saekularinstitute\/","name":"16. Juli: Pater Kentenich gr\u00fcndet in Dachau zwei S\u00e4kularinstitute","isPartOf":{"@id":"https:\/\/schoenstatt.com\/de\/#website"},"primaryImageOfPage":{"@id":"https:\/\/schoenstatt.com\/de\/16-juli-pater-kentenich-gruendet-in-dachau-zwei-saekularinstitute\/#primaryimage"},"image":{"@id":"https:\/\/schoenstatt.com\/de\/16-juli-pater-kentenich-gruendet-in-dachau-zwei-saekularinstitute\/#primaryimage"},"thumbnailUrl":"https:\/\/schoenstatt.com\/wp-content\/uploads\/2023\/07\/dachau-concentration-camp-1.jpg","datePublished":"2023-07-16T12:40:59+00:00","dateModified":"2025-05-15T18:38:38+00:00","description":"Herausforderungen in Chancen verwandeln - Pater Kentenich gr\u00fcndet zwei S\u00e4kularinstitute im Konzentrationslager.","breadcrumb":{"@id":"https:\/\/schoenstatt.com\/de\/16-juli-pater-kentenich-gruendet-in-dachau-zwei-saekularinstitute\/#breadcrumb"},"inLanguage":"de","potentialAction":[{"@type":"ReadAction","target":["https:\/\/schoenstatt.com\/de\/16-juli-pater-kentenich-gruendet-in-dachau-zwei-saekularinstitute\/"]}]},{"@type":"ImageObject","inLanguage":"de","@id":"https:\/\/schoenstatt.com\/de\/16-juli-pater-kentenich-gruendet-in-dachau-zwei-saekularinstitute\/#primaryimage","url":"https:\/\/schoenstatt.com\/wp-content\/uploads\/2023\/07\/dachau-concentration-camp-1.jpg","contentUrl":"https:\/\/schoenstatt.com\/wp-content\/uploads\/2023\/07\/dachau-concentration-camp-1.jpg","width":1280,"height":857,"caption":"Pe. Kentenich"},{"@type":"BreadcrumbList","@id":"https:\/\/schoenstatt.com\/de\/16-juli-pater-kentenich-gruendet-in-dachau-zwei-saekularinstitute\/#breadcrumb","itemListElement":[{"@type":"ListItem","position":1,"name":"Portada","item":"https:\/\/schoenstatt.com\/de\/home\/"},{"@type":"ListItem","position":2,"name":"16. Juli: Pater Kentenich gr\u00fcndet in Dachau zwei S\u00e4kularinstitute"}]},{"@type":"WebSite","@id":"https:\/\/schoenstatt.com\/de\/#website","url":"https:\/\/schoenstatt.com\/de\/","name":"Schoenstatt","description":"Apostolic Movement","publisher":{"@id":"https:\/\/schoenstatt.com\/de\/#organization"},"potentialAction":[{"@type":"SearchAction","target":{"@type":"EntryPoint","urlTemplate":"https:\/\/schoenstatt.com\/de\/?s={search_term_string}"},"query-input":{"@type":"PropertyValueSpecification","valueRequired":true,"valueName":"search_term_string"}}],"inLanguage":"de"},{"@type":"Organization","@id":"https:\/\/schoenstatt.com\/de\/#organization","name":"Schoenstatt","url":"https:\/\/schoenstatt.com\/de\/","logo":{"@type":"ImageObject","inLanguage":"de","@id":"https:\/\/schoenstatt.com\/de\/#\/schema\/logo\/image\/","url":"https:\/\/schoenstatt.com\/wp-content\/uploads\/2025\/04\/logo-schoenstatt-white-696x696-1.png","contentUrl":"https:\/\/schoenstatt.com\/wp-content\/uploads\/2025\/04\/logo-schoenstatt-white-696x696-1.png","width":696,"height":694,"caption":"Schoenstatt"},"image":{"@id":"https:\/\/schoenstatt.com\/de\/#\/schema\/logo\/image\/"}},{"@type":"Person","@id":"https:\/\/schoenstatt.com\/de\/#\/schema\/person\/5158877ad4acae98b34daaeef2a1ce6e","name":"Karen Bueno","image":{"@type":"ImageObject","inLanguage":"de","@id":"https:\/\/secure.gravatar.com\/avatar\/f9f4b823873154269d2b2130f195f6d41037dd0d7fc5f3cacb5c846bae70d66b?s=96&d=mm&r=g","url":"https:\/\/secure.gravatar.com\/avatar\/f9f4b823873154269d2b2130f195f6d41037dd0d7fc5f3cacb5c846bae70d66b?s=96&d=mm&r=g","contentUrl":"https:\/\/secure.gravatar.com\/avatar\/f9f4b823873154269d2b2130f195f6d41037dd0d7fc5f3cacb5c846bae70d66b?s=96&d=mm&r=g","caption":"Karen Bueno"},"url":"https:\/\/schoenstatt.com\/de\/author\/karen-bueno\/"}]}},"_links":{"self":[{"href":"https:\/\/schoenstatt.com\/de\/wp-json\/wp\/v2\/posts\/31387","targetHints":{"allow":["GET"]}}],"collection":[{"href":"https:\/\/schoenstatt.com\/de\/wp-json\/wp\/v2\/posts"}],"about":[{"href":"https:\/\/schoenstatt.com\/de\/wp-json\/wp\/v2\/types\/post"}],"author":[{"embeddable":true,"href":"https:\/\/schoenstatt.com\/de\/wp-json\/wp\/v2\/users\/3"}],"replies":[{"embeddable":true,"href":"https:\/\/schoenstatt.com\/de\/wp-json\/wp\/v2\/comments?post=31387"}],"version-history":[{"count":1,"href":"https:\/\/schoenstatt.com\/de\/wp-json\/wp\/v2\/posts\/31387\/revisions"}],"predecessor-version":[{"id":46103,"href":"https:\/\/schoenstatt.com\/de\/wp-json\/wp\/v2\/posts\/31387\/revisions\/46103"}],"wp:featuredmedia":[{"embeddable":true,"href":"https:\/\/schoenstatt.com\/de\/wp-json\/wp\/v2\/media\/31354"}],"wp:attachment":[{"href":"https:\/\/schoenstatt.com\/de\/wp-json\/wp\/v2\/media?parent=31387"}],"wp:term":[{"taxonomy":"category","embeddable":true,"href":"https:\/\/schoenstatt.com\/de\/wp-json\/wp\/v2\/categories?post=31387"},{"taxonomy":"post_tag","embeddable":true,"href":"https:\/\/schoenstatt.com\/de\/wp-json\/wp\/v2\/tags?post=31387"}],"curies":[{"name":"wp","href":"https:\/\/api.w.org\/{rel}","templated":true}]}}