{"id":31132,"date":"2023-07-07T06:15:54","date_gmt":"2023-07-07T04:15:54","guid":{"rendered":"https:\/\/schoenstatt.com\/?p=31132"},"modified":"2025-05-15T22:39:10","modified_gmt":"2025-05-15T20:39:10","slug":"nehmen-sie-am-wjt-2023-teil","status":"publish","type":"post","link":"https:\/\/schoenstatt.com\/de\/nehmen-sie-am-wjt-2023-teil\/","title":{"rendered":"Nehmen Sie am WJT 2023 teil"},"content":{"rendered":"<p>Nehmen Sie am WJT 2023 teil! Am 1. August beginnt der <a href=\"https:\/\/www.lisboa2023.org\/pt\" target=\"_blank\" rel=\"noopener\">Weltjugendtag<\/a> in Lissabon, Portugal. Es werden etwa 1400 Jugendliche aus 20 L\u00e4ndern erwartet, die der Sch\u00f6nstatt-Bewegung angeh\u00f6ren. Vor diesem Ereignis fanden Treffen zwischen der Mannes- und der M\u00e4dchenjugend statt, sowie ein gemeinsamer Tag zwischen beiden Gruppen. Au\u00dferdem werden die Jugendlichen zum Marienwallfahrtsort F\u00e1tima pilgern.<\/p>\n<p>Um dies alles zu erm\u00f6glichen, sind zahlreiche Freiwillige, sowohl Jugendliche als auch Betreuer, sowohl in den Herkunftsl\u00e4ndern als auch in Portugal beteiligt. <strong>In der Woche vor dem Weltjugendtag werden rund 400 Jugendliche, haupts\u00e4chlich aus amerikanischen L\u00e4ndern, nach Sch\u00f6nstatt pilgern<\/strong>. Dort werden sie an verschiedenen Aktivit\u00e4ten teilnehmen, darunter Besuche historischer Orte in Sch\u00f6nstatt, Gymnich und Dachau.<\/p>\n<p><img fetchpriority=\"high\" decoding=\"async\" class=\"aligncenter wp-image-31123 \" src=\"https:\/\/schoenstatt.com\/wp-content\/uploads\/2023\/07\/voluntaria-JMJ-Lisboa-JF-766x1024.jpg\" alt=\"\" width=\"501\" height=\"669\" \/><\/p>\n<p style=\"text-align: center;\">Internationale Freiwilligengruppe f\u00fcr M\u00e4dchenjugend<\/p>\n<p>Am <strong>25. Juli<\/strong>, gleichzeitig mit der Ankunft der meisten Gruppen in Sch\u00f6nstatt, werden die Jugendlichen einen besonderen Moment der Begegnung mit einer internationalen Messe erleben und zum Urheiligtum pilgern, wo sie ihr Liebesb\u00fcndnis mit der MTA erneuern werden. Die heilige Messe und die Erneuerung des B\u00fcndnisses werden live \u00fcber die Netzwerke von Schoenstatt International \u00fcbertragen.<\/p>\n<h2>Die Jugend ist unsere Zukunft<\/h2>\n<p><img decoding=\"async\" class=\"aligncenter wp-image-31119 \" src=\"https:\/\/schoenstatt.com\/wp-content\/uploads\/2023\/07\/equipe-festival-MTA-JMJ-em-Fatima.png\" alt=\"\" width=\"486\" height=\"563\" \/><\/p>\n<p style=\"text-align: center;\">Organisationsteam des <strong><a href=\"https:\/\/schoenstatt.com\/es\/youth\/camino-a-la-jmj-una-forma-de-contribuir\/\" target=\"_blank\" rel=\"noopener\">MTA Festivals<\/a><\/strong> in F\u00e1tima, Portugal<\/p>\n<p>Um sicherzustellen, dass diese Tage sowohl f\u00fcr unsere Jugendlichen als auch f\u00fcr unsere weltweite Sch\u00f6nstatt-Familie zu einem besonderen Segen werden, m\u00f6chten wir sie auf besondere Weise w\u00e4hrend ihrer letzten Vorbereitung in ihrem Land, w\u00e4hrend ihrer Reise, bei ihrem Besuch in Sch\u00f6nstatt und w\u00e4hrend der Tage des Weltjugendtages in Portugal begleiten.<\/p>\n<p><strong>Im Folgenden finden Sie einige Ideen und Vorschl\u00e4ge, um dies zu erreichen:<\/strong><\/p>\n<ul>\n<li>\u00a0Als Di\u00f6zesen und Sch\u00f6nstatt-Zentren <mark><strong>Beitr\u00e4ge zum Gnadenkapital anbieten<\/strong><\/mark>, um Maria nachzuahmen, die &#8222;aufstand und eilig hinausging&#8230;&#8220;. Auf diese Weise k\u00f6nnen wir dienen und den Jugendlichen in Momenten von M\u00fcdigkeit und Schwierigkeiten Kraft geben.<\/li>\n<li>Den <mark><strong>Rosenkranz<\/strong><\/mark>\u00a0f\u00fcr Papst Franziskus, die Jugendlichen und alle, die an der Vorbereitung und Durchf\u00fchrung des Weltjugendtages beteiligt sind, beten.<\/li>\n<li>Stunden der <mark><strong>Anbetung<\/strong><\/mark>\u00a0mit der Jugend f\u00f6rdern, die den Tag von zu Hause aus begleiten.<\/li>\n<li>\u00dcber die sozialen Netzwerke und Websites Ihres Landes und von Schoenstatt International auf dem <mark><strong>Laufenden bleiben<\/strong><\/mark>\u00a0und aktiv an den Nachrichten des Weltjugendtages teilnehmen, unter Verwendung des Hashtags #schoenstatt.<\/li>\n<li>Die Live-\u00dcbertragungen in den Netzwerken von Schoenstatt International <mark><strong>einschalten <\/strong><\/mark>(Details werden rechtzeitig ver\u00f6ffentlicht).<\/li>\n<li><mark><strong>Fotos und Texte<\/strong><\/mark> Ihrer Initiativen, die diese besondere Zeit f\u00fcr Schoenstatt und die Kirche begleiten, an Schoenstatt International senden, per E-Mail an info@schoenstatt.com oder per WhatsApp unter 0049 157 8193 4602.<\/li>\n<\/ul>\n<p>Wir sind offen f\u00fcr alle Vorschl\u00e4ge und Ideen, die Sie haben, um den Weltjugendtag 2023 zu begleiten. In Gebet und Engagement f\u00fcr die Jugend unserer Sch\u00f6nstatt-Familie gr\u00fc\u00dfen wir Sie herzlich.<\/p>\n<p>P. Arkadiusz Sosna and Sr. M. Cacilda Becker<\/p>\n","protected":false},"excerpt":{"rendered":"<p>Schlie\u00dfen Sie sich dem WJT Lissabon an &#8211; Alter spielt keine Rolle! Erfahren Sie, wie Sie von Ihrem Land aus teilnehmen k\u00f6nnen.Folgen Sie den Vorschl\u00e4gen der Internationalen Koordination.Seien Sie gespannt und lesen Sie mehr dar\u00fcber!<\/p>\n","protected":false},"author":3,"featured_media":31115,"comment_status":"closed","ping_status":"closed","sticky":false,"template":"","format":"standard","meta":{"footnotes":""},"categories":[922,899,660],"tags":[],"class_list":["post-31132","post","type-post","status-publish","format-standard","has-post-thumbnail","hentry","category-jugend-de","category-urheiligtum-de","category-veranstaltungen-de"],"yoast_head":"<!-- This site is optimized with the Yoast SEO Premium plugin v27.4 (Yoast SEO v27.4) - https:\/\/yoast.com\/product\/yoast-seo-premium-wordpress\/ -->\n<title>Nehmen Sie am WJT 2023 teil - Schoenstatt<\/title>\n<meta name=\"description\" content=\"Lesen Sie diesen Artikel und nehmen Sie am WJT 2023 teil! Die Internationale Sch\u00f6nstatt-Koordination erkl\u00e4rt, wie man sich spirituell beteiligen kann\" \/>\n<meta name=\"robots\" content=\"index, follow, max-snippet:-1, max-image-preview:large, max-video-preview:-1\" \/>\n<link rel=\"canonical\" href=\"https:\/\/schoenstatt.com\/de\/nehmen-sie-am-wjt-2023-teil\/\" \/>\n<meta property=\"og:locale\" content=\"de_DE\" \/>\n<meta property=\"og:type\" content=\"article\" \/>\n<meta property=\"og:title\" content=\"Nehmen Sie am WJT 2023 teil\" \/>\n<meta property=\"og:description\" content=\"Lesen Sie diesen Artikel und nehmen Sie am WJT 2023 teil! Die Internationale Sch\u00f6nstatt-Koordination erkl\u00e4rt, wie man sich spirituell beteiligen kann\" \/>\n<meta property=\"og:url\" content=\"https:\/\/schoenstatt.com\/de\/nehmen-sie-am-wjt-2023-teil\/\" \/>\n<meta property=\"og:site_name\" content=\"Schoenstatt\" \/>\n<meta property=\"article:published_time\" content=\"2023-07-07T04:15:54+00:00\" \/>\n<meta property=\"article:modified_time\" content=\"2025-05-15T20:39:10+00:00\" \/>\n<meta property=\"og:image\" content=\"https:\/\/schoenstatt.com\/wp-content\/uploads\/2023\/07\/JMJ-Santuario-Original-de-Schoenstatt-scaled-1.jpg\" \/>\n\t<meta property=\"og:image:width\" content=\"2048\" \/>\n\t<meta property=\"og:image:height\" content=\"1152\" \/>\n\t<meta property=\"og:image:type\" content=\"image\/jpeg\" \/>\n<meta name=\"author\" content=\"Karen Bueno\" \/>\n<meta name=\"twitter:card\" content=\"summary_large_image\" \/>\n<meta name=\"twitter:label1\" content=\"Verfasst von\" \/>\n\t<meta name=\"twitter:data1\" content=\"Karen Bueno\" \/>\n\t<meta name=\"twitter:label2\" content=\"Gesch\u00e4tzte Lesezeit\" \/>\n\t<meta name=\"twitter:data2\" content=\"3\u00a0Minuten\" \/>\n<script type=\"application\/ld+json\" class=\"yoast-schema-graph\">{\"@context\":\"https:\\\/\\\/schema.org\",\"@graph\":[{\"@type\":\"Article\",\"@id\":\"https:\\\/\\\/schoenstatt.com\\\/de\\\/nehmen-sie-am-wjt-2023-teil\\\/#article\",\"isPartOf\":{\"@id\":\"https:\\\/\\\/schoenstatt.com\\\/de\\\/nehmen-sie-am-wjt-2023-teil\\\/\"},\"author\":{\"name\":\"Karen Bueno\",\"@id\":\"https:\\\/\\\/schoenstatt.com\\\/de\\\/#\\\/schema\\\/person\\\/5158877ad4acae98b34daaeef2a1ce6e\"},\"headline\":\"Nehmen Sie am WJT 2023 teil\",\"datePublished\":\"2023-07-07T04:15:54+00:00\",\"dateModified\":\"2025-05-15T20:39:10+00:00\",\"mainEntityOfPage\":{\"@id\":\"https:\\\/\\\/schoenstatt.com\\\/de\\\/nehmen-sie-am-wjt-2023-teil\\\/\"},\"wordCount\":462,\"publisher\":{\"@id\":\"https:\\\/\\\/schoenstatt.com\\\/de\\\/#organization\"},\"image\":{\"@id\":\"https:\\\/\\\/schoenstatt.com\\\/de\\\/nehmen-sie-am-wjt-2023-teil\\\/#primaryimage\"},\"thumbnailUrl\":\"https:\\\/\\\/schoenstatt.com\\\/wp-content\\\/uploads\\\/2023\\\/07\\\/JMJ-Santuario-Original-de-Schoenstatt-scaled-1.jpg\",\"articleSection\":[\"Jugend\",\"Urheiligtum\",\"Veranstaltungen\"],\"inLanguage\":\"de\"},{\"@type\":\"WebPage\",\"@id\":\"https:\\\/\\\/schoenstatt.com\\\/de\\\/nehmen-sie-am-wjt-2023-teil\\\/\",\"url\":\"https:\\\/\\\/schoenstatt.com\\\/de\\\/nehmen-sie-am-wjt-2023-teil\\\/\",\"name\":\"Nehmen Sie am WJT 2023 teil - Schoenstatt\",\"isPartOf\":{\"@id\":\"https:\\\/\\\/schoenstatt.com\\\/de\\\/#website\"},\"primaryImageOfPage\":{\"@id\":\"https:\\\/\\\/schoenstatt.com\\\/de\\\/nehmen-sie-am-wjt-2023-teil\\\/#primaryimage\"},\"image\":{\"@id\":\"https:\\\/\\\/schoenstatt.com\\\/de\\\/nehmen-sie-am-wjt-2023-teil\\\/#primaryimage\"},\"thumbnailUrl\":\"https:\\\/\\\/schoenstatt.com\\\/wp-content\\\/uploads\\\/2023\\\/07\\\/JMJ-Santuario-Original-de-Schoenstatt-scaled-1.jpg\",\"datePublished\":\"2023-07-07T04:15:54+00:00\",\"dateModified\":\"2025-05-15T20:39:10+00:00\",\"description\":\"Lesen Sie diesen Artikel und nehmen Sie am WJT 2023 teil! Die Internationale Sch\u00f6nstatt-Koordination erkl\u00e4rt, wie man sich spirituell beteiligen kann\",\"breadcrumb\":{\"@id\":\"https:\\\/\\\/schoenstatt.com\\\/de\\\/nehmen-sie-am-wjt-2023-teil\\\/#breadcrumb\"},\"inLanguage\":\"de\",\"potentialAction\":[{\"@type\":\"ReadAction\",\"target\":[\"https:\\\/\\\/schoenstatt.com\\\/de\\\/nehmen-sie-am-wjt-2023-teil\\\/\"]}]},{\"@type\":\"ImageObject\",\"inLanguage\":\"de\",\"@id\":\"https:\\\/\\\/schoenstatt.com\\\/de\\\/nehmen-sie-am-wjt-2023-teil\\\/#primaryimage\",\"url\":\"https:\\\/\\\/schoenstatt.com\\\/wp-content\\\/uploads\\\/2023\\\/07\\\/JMJ-Santuario-Original-de-Schoenstatt-scaled-1.jpg\",\"contentUrl\":\"https:\\\/\\\/schoenstatt.com\\\/wp-content\\\/uploads\\\/2023\\\/07\\\/JMJ-Santuario-Original-de-Schoenstatt-scaled-1.jpg\",\"width\":2048,\"height\":1152,\"caption\":\"Foto: Ir. M. Cacilda Becker\"},{\"@type\":\"BreadcrumbList\",\"@id\":\"https:\\\/\\\/schoenstatt.com\\\/de\\\/nehmen-sie-am-wjt-2023-teil\\\/#breadcrumb\",\"itemListElement\":[{\"@type\":\"ListItem\",\"position\":1,\"name\":\"Portada\",\"item\":\"https:\\\/\\\/schoenstatt.com\\\/de\\\/home\\\/\"},{\"@type\":\"ListItem\",\"position\":2,\"name\":\"Nehmen Sie am WJT 2023 teil\"}]},{\"@type\":\"WebSite\",\"@id\":\"https:\\\/\\\/schoenstatt.com\\\/de\\\/#website\",\"url\":\"https:\\\/\\\/schoenstatt.com\\\/de\\\/\",\"name\":\"Schoenstatt\",\"description\":\"Apostolic Movement\",\"publisher\":{\"@id\":\"https:\\\/\\\/schoenstatt.com\\\/de\\\/#organization\"},\"potentialAction\":[{\"@type\":\"SearchAction\",\"target\":{\"@type\":\"EntryPoint\",\"urlTemplate\":\"https:\\\/\\\/schoenstatt.com\\\/de\\\/?s={search_term_string}\"},\"query-input\":{\"@type\":\"PropertyValueSpecification\",\"valueRequired\":true,\"valueName\":\"search_term_string\"}}],\"inLanguage\":\"de\"},{\"@type\":\"Organization\",\"@id\":\"https:\\\/\\\/schoenstatt.com\\\/de\\\/#organization\",\"name\":\"Schoenstatt\",\"url\":\"https:\\\/\\\/schoenstatt.com\\\/de\\\/\",\"logo\":{\"@type\":\"ImageObject\",\"inLanguage\":\"de\",\"@id\":\"https:\\\/\\\/schoenstatt.com\\\/de\\\/#\\\/schema\\\/logo\\\/image\\\/\",\"url\":\"https:\\\/\\\/schoenstatt.com\\\/wp-content\\\/uploads\\\/2025\\\/04\\\/logo-schoenstatt-white-696x696-1.png\",\"contentUrl\":\"https:\\\/\\\/schoenstatt.com\\\/wp-content\\\/uploads\\\/2025\\\/04\\\/logo-schoenstatt-white-696x696-1.png\",\"width\":696,\"height\":694,\"caption\":\"Schoenstatt\"},\"image\":{\"@id\":\"https:\\\/\\\/schoenstatt.com\\\/de\\\/#\\\/schema\\\/logo\\\/image\\\/\"}},{\"@type\":\"Person\",\"@id\":\"https:\\\/\\\/schoenstatt.com\\\/de\\\/#\\\/schema\\\/person\\\/5158877ad4acae98b34daaeef2a1ce6e\",\"name\":\"Karen Bueno\",\"image\":{\"@type\":\"ImageObject\",\"inLanguage\":\"de\",\"@id\":\"https:\\\/\\\/secure.gravatar.com\\\/avatar\\\/f9f4b823873154269d2b2130f195f6d41037dd0d7fc5f3cacb5c846bae70d66b?s=96&d=mm&r=g\",\"url\":\"https:\\\/\\\/secure.gravatar.com\\\/avatar\\\/f9f4b823873154269d2b2130f195f6d41037dd0d7fc5f3cacb5c846bae70d66b?s=96&d=mm&r=g\",\"contentUrl\":\"https:\\\/\\\/secure.gravatar.com\\\/avatar\\\/f9f4b823873154269d2b2130f195f6d41037dd0d7fc5f3cacb5c846bae70d66b?s=96&d=mm&r=g\",\"caption\":\"Karen Bueno\"},\"url\":\"https:\\\/\\\/schoenstatt.com\\\/de\\\/author\\\/karen-bueno\\\/\"}]}<\/script>\n<!-- \/ Yoast SEO Premium plugin. -->","yoast_head_json":{"title":"Nehmen Sie am WJT 2023 teil - Schoenstatt","description":"Lesen Sie diesen Artikel und nehmen Sie am WJT 2023 teil! Die Internationale Sch\u00f6nstatt-Koordination erkl\u00e4rt, wie man sich spirituell beteiligen kann","robots":{"index":"index","follow":"follow","max-snippet":"max-snippet:-1","max-image-preview":"max-image-preview:large","max-video-preview":"max-video-preview:-1"},"canonical":"https:\/\/schoenstatt.com\/de\/nehmen-sie-am-wjt-2023-teil\/","og_locale":"de_DE","og_type":"article","og_title":"Nehmen Sie am WJT 2023 teil","og_description":"Lesen Sie diesen Artikel und nehmen Sie am WJT 2023 teil! Die Internationale Sch\u00f6nstatt-Koordination erkl\u00e4rt, wie man sich spirituell beteiligen kann","og_url":"https:\/\/schoenstatt.com\/de\/nehmen-sie-am-wjt-2023-teil\/","og_site_name":"Schoenstatt","article_published_time":"2023-07-07T04:15:54+00:00","article_modified_time":"2025-05-15T20:39:10+00:00","og_image":[{"width":2048,"height":1152,"url":"https:\/\/schoenstatt.com\/wp-content\/uploads\/2023\/07\/JMJ-Santuario-Original-de-Schoenstatt-scaled-1.jpg","type":"image\/jpeg"}],"author":"Karen Bueno","twitter_card":"summary_large_image","twitter_misc":{"Verfasst von":"Karen Bueno","Gesch\u00e4tzte Lesezeit":"3\u00a0Minuten"},"schema":{"@context":"https:\/\/schema.org","@graph":[{"@type":"Article","@id":"https:\/\/schoenstatt.com\/de\/nehmen-sie-am-wjt-2023-teil\/#article","isPartOf":{"@id":"https:\/\/schoenstatt.com\/de\/nehmen-sie-am-wjt-2023-teil\/"},"author":{"name":"Karen Bueno","@id":"https:\/\/schoenstatt.com\/de\/#\/schema\/person\/5158877ad4acae98b34daaeef2a1ce6e"},"headline":"Nehmen Sie am WJT 2023 teil","datePublished":"2023-07-07T04:15:54+00:00","dateModified":"2025-05-15T20:39:10+00:00","mainEntityOfPage":{"@id":"https:\/\/schoenstatt.com\/de\/nehmen-sie-am-wjt-2023-teil\/"},"wordCount":462,"publisher":{"@id":"https:\/\/schoenstatt.com\/de\/#organization"},"image":{"@id":"https:\/\/schoenstatt.com\/de\/nehmen-sie-am-wjt-2023-teil\/#primaryimage"},"thumbnailUrl":"https:\/\/schoenstatt.com\/wp-content\/uploads\/2023\/07\/JMJ-Santuario-Original-de-Schoenstatt-scaled-1.jpg","articleSection":["Jugend","Urheiligtum","Veranstaltungen"],"inLanguage":"de"},{"@type":"WebPage","@id":"https:\/\/schoenstatt.com\/de\/nehmen-sie-am-wjt-2023-teil\/","url":"https:\/\/schoenstatt.com\/de\/nehmen-sie-am-wjt-2023-teil\/","name":"Nehmen Sie am WJT 2023 teil - Schoenstatt","isPartOf":{"@id":"https:\/\/schoenstatt.com\/de\/#website"},"primaryImageOfPage":{"@id":"https:\/\/schoenstatt.com\/de\/nehmen-sie-am-wjt-2023-teil\/#primaryimage"},"image":{"@id":"https:\/\/schoenstatt.com\/de\/nehmen-sie-am-wjt-2023-teil\/#primaryimage"},"thumbnailUrl":"https:\/\/schoenstatt.com\/wp-content\/uploads\/2023\/07\/JMJ-Santuario-Original-de-Schoenstatt-scaled-1.jpg","datePublished":"2023-07-07T04:15:54+00:00","dateModified":"2025-05-15T20:39:10+00:00","description":"Lesen Sie diesen Artikel und nehmen Sie am WJT 2023 teil! Die Internationale Sch\u00f6nstatt-Koordination erkl\u00e4rt, wie man sich spirituell beteiligen kann","breadcrumb":{"@id":"https:\/\/schoenstatt.com\/de\/nehmen-sie-am-wjt-2023-teil\/#breadcrumb"},"inLanguage":"de","potentialAction":[{"@type":"ReadAction","target":["https:\/\/schoenstatt.com\/de\/nehmen-sie-am-wjt-2023-teil\/"]}]},{"@type":"ImageObject","inLanguage":"de","@id":"https:\/\/schoenstatt.com\/de\/nehmen-sie-am-wjt-2023-teil\/#primaryimage","url":"https:\/\/schoenstatt.com\/wp-content\/uploads\/2023\/07\/JMJ-Santuario-Original-de-Schoenstatt-scaled-1.jpg","contentUrl":"https:\/\/schoenstatt.com\/wp-content\/uploads\/2023\/07\/JMJ-Santuario-Original-de-Schoenstatt-scaled-1.jpg","width":2048,"height":1152,"caption":"Foto: Ir. M. Cacilda Becker"},{"@type":"BreadcrumbList","@id":"https:\/\/schoenstatt.com\/de\/nehmen-sie-am-wjt-2023-teil\/#breadcrumb","itemListElement":[{"@type":"ListItem","position":1,"name":"Portada","item":"https:\/\/schoenstatt.com\/de\/home\/"},{"@type":"ListItem","position":2,"name":"Nehmen Sie am WJT 2023 teil"}]},{"@type":"WebSite","@id":"https:\/\/schoenstatt.com\/de\/#website","url":"https:\/\/schoenstatt.com\/de\/","name":"Schoenstatt","description":"Apostolic Movement","publisher":{"@id":"https:\/\/schoenstatt.com\/de\/#organization"},"potentialAction":[{"@type":"SearchAction","target":{"@type":"EntryPoint","urlTemplate":"https:\/\/schoenstatt.com\/de\/?s={search_term_string}"},"query-input":{"@type":"PropertyValueSpecification","valueRequired":true,"valueName":"search_term_string"}}],"inLanguage":"de"},{"@type":"Organization","@id":"https:\/\/schoenstatt.com\/de\/#organization","name":"Schoenstatt","url":"https:\/\/schoenstatt.com\/de\/","logo":{"@type":"ImageObject","inLanguage":"de","@id":"https:\/\/schoenstatt.com\/de\/#\/schema\/logo\/image\/","url":"https:\/\/schoenstatt.com\/wp-content\/uploads\/2025\/04\/logo-schoenstatt-white-696x696-1.png","contentUrl":"https:\/\/schoenstatt.com\/wp-content\/uploads\/2025\/04\/logo-schoenstatt-white-696x696-1.png","width":696,"height":694,"caption":"Schoenstatt"},"image":{"@id":"https:\/\/schoenstatt.com\/de\/#\/schema\/logo\/image\/"}},{"@type":"Person","@id":"https:\/\/schoenstatt.com\/de\/#\/schema\/person\/5158877ad4acae98b34daaeef2a1ce6e","name":"Karen Bueno","image":{"@type":"ImageObject","inLanguage":"de","@id":"https:\/\/secure.gravatar.com\/avatar\/f9f4b823873154269d2b2130f195f6d41037dd0d7fc5f3cacb5c846bae70d66b?s=96&d=mm&r=g","url":"https:\/\/secure.gravatar.com\/avatar\/f9f4b823873154269d2b2130f195f6d41037dd0d7fc5f3cacb5c846bae70d66b?s=96&d=mm&r=g","contentUrl":"https:\/\/secure.gravatar.com\/avatar\/f9f4b823873154269d2b2130f195f6d41037dd0d7fc5f3cacb5c846bae70d66b?s=96&d=mm&r=g","caption":"Karen Bueno"},"url":"https:\/\/schoenstatt.com\/de\/author\/karen-bueno\/"}]}},"_links":{"self":[{"href":"https:\/\/schoenstatt.com\/de\/wp-json\/wp\/v2\/posts\/31132","targetHints":{"allow":["GET"]}}],"collection":[{"href":"https:\/\/schoenstatt.com\/de\/wp-json\/wp\/v2\/posts"}],"about":[{"href":"https:\/\/schoenstatt.com\/de\/wp-json\/wp\/v2\/types\/post"}],"author":[{"embeddable":true,"href":"https:\/\/schoenstatt.com\/de\/wp-json\/wp\/v2\/users\/3"}],"replies":[{"embeddable":true,"href":"https:\/\/schoenstatt.com\/de\/wp-json\/wp\/v2\/comments?post=31132"}],"version-history":[{"count":1,"href":"https:\/\/schoenstatt.com\/de\/wp-json\/wp\/v2\/posts\/31132\/revisions"}],"predecessor-version":[{"id":46087,"href":"https:\/\/schoenstatt.com\/de\/wp-json\/wp\/v2\/posts\/31132\/revisions\/46087"}],"wp:featuredmedia":[{"embeddable":true,"href":"https:\/\/schoenstatt.com\/de\/wp-json\/wp\/v2\/media\/31115"}],"wp:attachment":[{"href":"https:\/\/schoenstatt.com\/de\/wp-json\/wp\/v2\/media?parent=31132"}],"wp:term":[{"taxonomy":"category","embeddable":true,"href":"https:\/\/schoenstatt.com\/de\/wp-json\/wp\/v2\/categories?post=31132"},{"taxonomy":"post_tag","embeddable":true,"href":"https:\/\/schoenstatt.com\/de\/wp-json\/wp\/v2\/tags?post=31132"}],"curies":[{"name":"wp","href":"https:\/\/api.w.org\/{rel}","templated":true}]}}