{"id":30323,"date":"2023-04-30T17:15:12","date_gmt":"2023-04-30T15:15:12","guid":{"rendered":"https:\/\/schoenstatt.com\/?p=30323"},"modified":"2025-05-15T20:38:44","modified_gmt":"2025-05-15T18:38:44","slug":"neun-tage-gebet-fuer-europa-auf-dem-weg-zum-europatag-am-9-mai","status":"publish","type":"post","link":"https:\/\/schoenstatt.com\/de\/neun-tage-gebet-fuer-europa-auf-dem-weg-zum-europatag-am-9-mai\/","title":{"rendered":"Neun-Tage-Gebet f\u00fcr Europa auf dem Weg zum Europatag am 9. Mai"},"content":{"rendered":"<p>Die \u00e4lteste Novene der Christenheit sind die neun Tage zwischen Christi Himmelfahrt und <a href=\"https:\/\/schoenstatt.com\/de\/spiritualitat\/pfingstkongress-beschaeftigt-sich-mit-der-vision-einer-kirche-von-morgen\/\">Pfingsten<\/a>, in der die Apostel, zusammen mit den Frauen und Maria, der Mutter Jesu, den Hl. Geist herabriefen. \u201eLasst uns das gemeinsam in diesem Jahr tun, in ganz Europa f\u00fcr unseren Kontinent und in allen Anliegen unseres Netzwerks!\u201c schreibt Thomas R\u00f6mer, CVJM M\u00fcnchen, im Vorwort der Gebetsbrosch\u00fcre, die er zusammen mit Schwester M. Lioba Ruprecht, Sch\u00f6nstatt-Bewegung, erarbeitet hat.<\/p>\n<p><a href=\"https:\/\/www.schoenstatt.de\/de\/uploads\/2023-news\/20230509_GebetZum9Mai_NeunMalFuerEuropaMit47Staaten.pdf\"><img decoding=\"async\" class=\"size-full wp-image-30328\" src=\"https:\/\/schoenstatt.com\/wp-content\/uploads\/2023\/04\/neun-tage-gebet-fur-Europa-2.jpg\" alt=\"&lt;yoastmark class=\" \/><\/a><\/p>\n<h3>Warum eine Novene im Blick auf den 9. Mai?<\/h3>\n<p>Es geht um ein symbolisches Datum. Der 9. Mai 1950 gilt als Geburtsstunde Europas. An diesem Tag brachte der damalige franz\u00f6sische Au\u00dfenminister Robert Schuman im Blick auf die Zusammenarbeit der Nationen den revolution\u00e4ren Plan ins Spiel, die Kohle- und Stahlindustrien Frankreichs und Deutschlands einer gemeinsamen obersten Beh\u00f6rde zu unterstellen. Die daraufhin im Juli 1952 gegr\u00fcndete \u201eEurop\u00e4ische Gemeinschaft f\u00fcr Kohle und Stahl\u201c wurde so zu einem Fundament der heutigen Europ\u00e4ischen Union. 35 Jahre nach Schumans Initiative wurde 1985 der 9. Mai als Gedenktag ins Leben gerufen und seither allj\u00e4hrlich in allen europ\u00e4ischen Mitgliedstaaten gefeiert.<\/p>\n<p>\u201eMiteinander f\u00fcr Europa\u201c, die Initiative von europaweit mehr als 300 christlichen Gemeinschaften und Bewegungen verschiedener Kirchen sieht in der Geschwisterlichkeit und im Miteinander die Berufung Europas f\u00fcr die Welt, so Thomas R\u00f6mer. \u201eDie Charismen, die Gaben, die Gott uns in diesen Gemeinschaften und Bewegungen schenkt, haben uns auf den Weg der Geschwisterlichkeit und zum Miteinander gef\u00fchrt.\u201c Im Netzwerk \u201eMiteinander f\u00fcr Europa\u201c sei erfahrbar, dass die Geschwisterlichkeit aus der Liebe des Evangeliums hervorgehe, eine Liebe, die niemanden ausschlie\u00dfe. \u201eDeshalb haben wir immer wieder das B\u00fcndnis der gegenseitigen Liebe erneuert, die uns Jesus in seinem Evangelium aufgetragen hat\u201c, so R\u00f6mer weiter.<\/p>\n<h3>Neun-Tage-Gebet f\u00fcr Europa<\/h3>\n<p>Mit dem Neun-Tage-Gebet und der Erneuerung des B\u00fcndnisses der gegenseitigen Liebe innerhalb des Netzwerkes m\u00f6chte MfE einen Beitrag leisten zu mehr Geschwisterlichkeit und Miteinander im heutigen Europa im Blick auf das Leben, auf Ehe und Familie, auf die Sch\u00f6pfung, die Wirtschaft, die Solidarit\u00e4t mit den Armen, den Frieden und im Blick auf die Verantwortung f\u00fcr die Gesellschaft.<\/p>\n<p style=\"padding-left: 40px;\">\u25cf\u00a0\u00a0\u00a0\u00a0 SO 30.04.2023, 1. Tag<br \/>\nMit Jesus Christus beten wir: \u201eVater unser im Himmel!\u201c \u2013 f\u00fcr Europa<\/p>\n<p style=\"padding-left: 40px;\">\u25cf\u00a0\u00a0\u00a0\u00a0 MO 01.05.2023, 2. Tag<br \/>\nMit Jesus Christus beten wir: \u201eGeheiligt werde dein Name!\u201c \u2013 f\u00fcr das Leben<\/p>\n<p style=\"padding-left: 40px;\">\u25cf\u00a0\u00a0\u00a0\u00a0 DI 02.05.2023, 3. Tag<br \/>\nMit Jesus Christus beten wir: \u201eDein Reich komme!\u201c \u2013 f\u00fcr die Ehen und Familien<\/p>\n<p style=\"padding-left: 40px;\">\u25cf\u00a0\u00a0\u00a0\u00a0 MI 03.05.2023, 4. Tag<br \/>\nMit Jesus Christus beten wir: \u201eDein Wille geschehe, wie im Himmel so auf Erden!\u201c \u2013 f\u00fcr die Sch\u00f6pfung<\/p>\n<p style=\"padding-left: 40px;\">\u25cf\u00a0\u00a0\u00a0\u00a0 DO 04.05.2023, 5. Tag<br \/>\nWir beten mit Jesus: \u201eUnser t\u00e4gliches Brot gib uns heute!\u201c \u2013 um eine faire Wirtschaft<\/p>\n<p style=\"padding-left: 40px;\">\u25cf\u00a0\u00a0\u00a0\u00a0 FR 05.05.2023, 6. Tag<br \/>\nWir beten mit Jesus Christus: \u201eVergib uns unsere Schuld, wie auch wir vergeben unseren Schuldigern!\u201c \u2013 um Solidarit\u00e4t mit den Armen<\/p>\n<p style=\"padding-left: 40px;\">\u25cf\u00a0\u00a0\u00a0\u00a0 SA 06.05.2023, 7. Tag<br \/>\nWir beten mit Jesus Christus: \u201eF\u00fchre uns nicht in Versuchung!\u201c \u2013 um Frieden<\/p>\n<p style=\"padding-left: 40px;\">\u25cf\u00a0\u00a0\u00a0\u00a0 SO 07.05.2023, 8. Tag<br \/>\nWir beten mit Jesus: \u201eErl\u00f6se uns von dem B\u00f6sen!\u201c \u2013 um Verantwortung f\u00fcr unsere Gesellschaft<\/p>\n<p style=\"padding-left: 40px;\">\u25cf\u00a0\u00a0\u00a0\u00a0 MO 08.05.2023, 9. Tag<br \/>\nWir beten mit Jesus: \u201eDenn dein ist das Reich und die Kraft und die Herrlichkeit.\u201c \u2013 f\u00fcr Europa<\/p>\n<p><em>Gebetshilfe<\/em><br \/>\nDOWNLOAD: <a href=\"https:\/\/www.schoenstatt.de\/de\/uploads\/2023-news\/20230509_GebetZum9Mai_NeunMalFuerEuropaMit47Staaten.pdf\">Textheft der Novene (PDF-Datei)<\/a><\/p>\n","protected":false},"excerpt":{"rendered":"<p>In den vergangenen vier Jahren hat das Netzwerk Miteinander f\u00fcr Europa (MfE) seine Mitglieder und Freunde zu einem sechsw\u00f6chigen Gebetsweg im Blick auf den Europatag am 9. Mai eingeladen. Beim MfE-Tr\u00e4gerkreistreffen im November 2022 in Porto wurde beschlossen im Jahr 2023 stattdessen zu einem Neun-Tage-Gebet zum Europatag hin einzuladen. Thema der Novene ist das \u201eVaterunser\u201c.<\/p>\n","protected":false},"author":6,"featured_media":30324,"comment_status":"closed","ping_status":"closed","sticky":false,"template":"","format":"standard","meta":{"footnotes":""},"categories":[910,914],"tags":[],"class_list":["post-30323","post","type-post","status-publish","format-standard","has-post-thumbnail","hentry","category-gesellschaft-de","category-spiritualitat-de"],"yoast_head":"<!-- This site is optimized with the Yoast SEO Premium plugin v27.4 (Yoast SEO v27.5) - https:\/\/yoast.com\/product\/yoast-seo-premium-wordpress\/ -->\n<title>Neun-Tage-Gebet f\u00fcr Europa auf dem Weg zum Europatag am 9. Mai<\/title>\n<meta name=\"description\" content=\"Einladung des Netzwerkes Miteinander f\u00fcr Europa zum 9 - Tage - Gebet. Thema der Novene ist das &quot;Vaterunser&quot;\" \/>\n<meta name=\"robots\" content=\"index, follow, max-snippet:-1, max-image-preview:large, max-video-preview:-1\" \/>\n<link rel=\"canonical\" href=\"https:\/\/schoenstatt.com\/de\/neun-tage-gebet-fuer-europa-auf-dem-weg-zum-europatag-am-9-mai\/\" \/>\n<meta property=\"og:locale\" content=\"de_DE\" \/>\n<meta property=\"og:type\" content=\"article\" \/>\n<meta property=\"og:title\" content=\"Neun-Tage-Gebet f\u00fcr Europa auf dem Weg zum Europatag am 9. Mai\" \/>\n<meta property=\"og:description\" content=\"Einladung des Netzwerkes Miteinander f\u00fcr Europa zum 9 - Tage - Gebet. Thema der Novene ist das &quot;Vaterunser&quot;\" \/>\n<meta property=\"og:url\" content=\"https:\/\/schoenstatt.com\/de\/neun-tage-gebet-fuer-europa-auf-dem-weg-zum-europatag-am-9-mai\/\" \/>\n<meta property=\"og:site_name\" content=\"Schoenstatt\" \/>\n<meta property=\"article:published_time\" content=\"2023-04-30T15:15:12+00:00\" \/>\n<meta property=\"article:modified_time\" content=\"2025-05-15T18:38:44+00:00\" \/>\n<meta property=\"og:image\" content=\"https:\/\/schoenstatt.com\/wp-content\/uploads\/2023\/04\/neun-tage-gebet-fur-Europa-1-1.jpg\" \/>\n\t<meta property=\"og:image:width\" content=\"680\" \/>\n\t<meta property=\"og:image:height\" content=\"340\" \/>\n\t<meta property=\"og:image:type\" content=\"image\/jpeg\" \/>\n<meta name=\"author\" content=\"Vanessa Franke\" \/>\n<meta name=\"twitter:card\" content=\"summary_large_image\" \/>\n<meta name=\"twitter:label1\" content=\"Verfasst von\" \/>\n\t<meta name=\"twitter:data1\" content=\"Vanessa Franke\" \/>\n\t<meta name=\"twitter:label2\" content=\"Gesch\u00e4tzte Lesezeit\" \/>\n\t<meta name=\"twitter:data2\" content=\"3\u00a0Minuten\" \/>\n<script type=\"application\/ld+json\" class=\"yoast-schema-graph\">{\"@context\":\"https:\\\/\\\/schema.org\",\"@graph\":[{\"@type\":\"Article\",\"@id\":\"https:\\\/\\\/schoenstatt.com\\\/de\\\/neun-tage-gebet-fuer-europa-auf-dem-weg-zum-europatag-am-9-mai\\\/#article\",\"isPartOf\":{\"@id\":\"https:\\\/\\\/schoenstatt.com\\\/de\\\/neun-tage-gebet-fuer-europa-auf-dem-weg-zum-europatag-am-9-mai\\\/\"},\"author\":{\"name\":\"Vanessa Franke\",\"@id\":\"https:\\\/\\\/schoenstatt.com\\\/de\\\/#\\\/schema\\\/person\\\/ea97a60c723e21c923e2177f0f3163f7\"},\"headline\":\"Neun-Tage-Gebet f\u00fcr Europa auf dem Weg zum Europatag am 9. Mai\",\"datePublished\":\"2023-04-30T15:15:12+00:00\",\"dateModified\":\"2025-05-15T18:38:44+00:00\",\"mainEntityOfPage\":{\"@id\":\"https:\\\/\\\/schoenstatt.com\\\/de\\\/neun-tage-gebet-fuer-europa-auf-dem-weg-zum-europatag-am-9-mai\\\/\"},\"wordCount\":530,\"publisher\":{\"@id\":\"https:\\\/\\\/schoenstatt.com\\\/de\\\/#organization\"},\"image\":{\"@id\":\"https:\\\/\\\/schoenstatt.com\\\/de\\\/neun-tage-gebet-fuer-europa-auf-dem-weg-zum-europatag-am-9-mai\\\/#primaryimage\"},\"thumbnailUrl\":\"https:\\\/\\\/schoenstatt.com\\\/wp-content\\\/uploads\\\/2023\\\/04\\\/neun-tage-gebet-fur-Europa-1-1.jpg\",\"articleSection\":[\"Gesellschaft\",\"Spiritualit\u00e4t\"],\"inLanguage\":\"de\"},{\"@type\":\"WebPage\",\"@id\":\"https:\\\/\\\/schoenstatt.com\\\/de\\\/neun-tage-gebet-fuer-europa-auf-dem-weg-zum-europatag-am-9-mai\\\/\",\"url\":\"https:\\\/\\\/schoenstatt.com\\\/de\\\/neun-tage-gebet-fuer-europa-auf-dem-weg-zum-europatag-am-9-mai\\\/\",\"name\":\"Neun-Tage-Gebet f\u00fcr Europa auf dem Weg zum Europatag am 9. Mai\",\"isPartOf\":{\"@id\":\"https:\\\/\\\/schoenstatt.com\\\/de\\\/#website\"},\"primaryImageOfPage\":{\"@id\":\"https:\\\/\\\/schoenstatt.com\\\/de\\\/neun-tage-gebet-fuer-europa-auf-dem-weg-zum-europatag-am-9-mai\\\/#primaryimage\"},\"image\":{\"@id\":\"https:\\\/\\\/schoenstatt.com\\\/de\\\/neun-tage-gebet-fuer-europa-auf-dem-weg-zum-europatag-am-9-mai\\\/#primaryimage\"},\"thumbnailUrl\":\"https:\\\/\\\/schoenstatt.com\\\/wp-content\\\/uploads\\\/2023\\\/04\\\/neun-tage-gebet-fur-Europa-1-1.jpg\",\"datePublished\":\"2023-04-30T15:15:12+00:00\",\"dateModified\":\"2025-05-15T18:38:44+00:00\",\"description\":\"Einladung des Netzwerkes Miteinander f\u00fcr Europa zum 9 - Tage - Gebet. Thema der Novene ist das \\\"Vaterunser\\\"\",\"breadcrumb\":{\"@id\":\"https:\\\/\\\/schoenstatt.com\\\/de\\\/neun-tage-gebet-fuer-europa-auf-dem-weg-zum-europatag-am-9-mai\\\/#breadcrumb\"},\"inLanguage\":\"de\",\"potentialAction\":[{\"@type\":\"ReadAction\",\"target\":[\"https:\\\/\\\/schoenstatt.com\\\/de\\\/neun-tage-gebet-fuer-europa-auf-dem-weg-zum-europatag-am-9-mai\\\/\"]}]},{\"@type\":\"ImageObject\",\"inLanguage\":\"de\",\"@id\":\"https:\\\/\\\/schoenstatt.com\\\/de\\\/neun-tage-gebet-fuer-europa-auf-dem-weg-zum-europatag-am-9-mai\\\/#primaryimage\",\"url\":\"https:\\\/\\\/schoenstatt.com\\\/wp-content\\\/uploads\\\/2023\\\/04\\\/neun-tage-gebet-fur-Europa-1-1.jpg\",\"contentUrl\":\"https:\\\/\\\/schoenstatt.com\\\/wp-content\\\/uploads\\\/2023\\\/04\\\/neun-tage-gebet-fur-Europa-1-1.jpg\",\"width\":680,\"height\":340,\"caption\":\"neun-tage-gebet\"},{\"@type\":\"BreadcrumbList\",\"@id\":\"https:\\\/\\\/schoenstatt.com\\\/de\\\/neun-tage-gebet-fuer-europa-auf-dem-weg-zum-europatag-am-9-mai\\\/#breadcrumb\",\"itemListElement\":[{\"@type\":\"ListItem\",\"position\":1,\"name\":\"Portada\",\"item\":\"https:\\\/\\\/schoenstatt.com\\\/de\\\/home\\\/\"},{\"@type\":\"ListItem\",\"position\":2,\"name\":\"Neun-Tage-Gebet f\u00fcr Europa auf dem Weg zum Europatag am 9. Mai\"}]},{\"@type\":\"WebSite\",\"@id\":\"https:\\\/\\\/schoenstatt.com\\\/de\\\/#website\",\"url\":\"https:\\\/\\\/schoenstatt.com\\\/de\\\/\",\"name\":\"Schoenstatt\",\"description\":\"Apostolic Movement\",\"publisher\":{\"@id\":\"https:\\\/\\\/schoenstatt.com\\\/de\\\/#organization\"},\"potentialAction\":[{\"@type\":\"SearchAction\",\"target\":{\"@type\":\"EntryPoint\",\"urlTemplate\":\"https:\\\/\\\/schoenstatt.com\\\/de\\\/?s={search_term_string}\"},\"query-input\":{\"@type\":\"PropertyValueSpecification\",\"valueRequired\":true,\"valueName\":\"search_term_string\"}}],\"inLanguage\":\"de\"},{\"@type\":\"Organization\",\"@id\":\"https:\\\/\\\/schoenstatt.com\\\/de\\\/#organization\",\"name\":\"Schoenstatt\",\"url\":\"https:\\\/\\\/schoenstatt.com\\\/de\\\/\",\"logo\":{\"@type\":\"ImageObject\",\"inLanguage\":\"de\",\"@id\":\"https:\\\/\\\/schoenstatt.com\\\/de\\\/#\\\/schema\\\/logo\\\/image\\\/\",\"url\":\"https:\\\/\\\/schoenstatt.com\\\/wp-content\\\/uploads\\\/2025\\\/04\\\/logo-schoenstatt-white-696x696-1.png\",\"contentUrl\":\"https:\\\/\\\/schoenstatt.com\\\/wp-content\\\/uploads\\\/2025\\\/04\\\/logo-schoenstatt-white-696x696-1.png\",\"width\":696,\"height\":694,\"caption\":\"Schoenstatt\"},\"image\":{\"@id\":\"https:\\\/\\\/schoenstatt.com\\\/de\\\/#\\\/schema\\\/logo\\\/image\\\/\"}},{\"@type\":\"Person\",\"@id\":\"https:\\\/\\\/schoenstatt.com\\\/de\\\/#\\\/schema\\\/person\\\/ea97a60c723e21c923e2177f0f3163f7\",\"name\":\"Vanessa Franke\",\"image\":{\"@type\":\"ImageObject\",\"inLanguage\":\"de\",\"@id\":\"https:\\\/\\\/secure.gravatar.com\\\/avatar\\\/a9bcca3409928ccd3195eca11e2ccbb2e5d7c7912e9a945d4f326f81a0a5cb4a?s=96&d=mm&r=g\",\"url\":\"https:\\\/\\\/secure.gravatar.com\\\/avatar\\\/a9bcca3409928ccd3195eca11e2ccbb2e5d7c7912e9a945d4f326f81a0a5cb4a?s=96&d=mm&r=g\",\"contentUrl\":\"https:\\\/\\\/secure.gravatar.com\\\/avatar\\\/a9bcca3409928ccd3195eca11e2ccbb2e5d7c7912e9a945d4f326f81a0a5cb4a?s=96&d=mm&r=g\",\"caption\":\"Vanessa Franke\"},\"url\":\"https:\\\/\\\/schoenstatt.com\\\/de\\\/author\\\/vanessa-franke\\\/\"}]}<\/script>\n<!-- \/ Yoast SEO Premium plugin. -->","yoast_head_json":{"title":"Neun-Tage-Gebet f\u00fcr Europa auf dem Weg zum Europatag am 9. Mai","description":"Einladung des Netzwerkes Miteinander f\u00fcr Europa zum 9 - Tage - Gebet. Thema der Novene ist das \"Vaterunser\"","robots":{"index":"index","follow":"follow","max-snippet":"max-snippet:-1","max-image-preview":"max-image-preview:large","max-video-preview":"max-video-preview:-1"},"canonical":"https:\/\/schoenstatt.com\/de\/neun-tage-gebet-fuer-europa-auf-dem-weg-zum-europatag-am-9-mai\/","og_locale":"de_DE","og_type":"article","og_title":"Neun-Tage-Gebet f\u00fcr Europa auf dem Weg zum Europatag am 9. Mai","og_description":"Einladung des Netzwerkes Miteinander f\u00fcr Europa zum 9 - Tage - Gebet. Thema der Novene ist das \"Vaterunser\"","og_url":"https:\/\/schoenstatt.com\/de\/neun-tage-gebet-fuer-europa-auf-dem-weg-zum-europatag-am-9-mai\/","og_site_name":"Schoenstatt","article_published_time":"2023-04-30T15:15:12+00:00","article_modified_time":"2025-05-15T18:38:44+00:00","og_image":[{"width":680,"height":340,"url":"https:\/\/schoenstatt.com\/wp-content\/uploads\/2023\/04\/neun-tage-gebet-fur-Europa-1-1.jpg","type":"image\/jpeg"}],"author":"Vanessa Franke","twitter_card":"summary_large_image","twitter_misc":{"Verfasst von":"Vanessa Franke","Gesch\u00e4tzte Lesezeit":"3\u00a0Minuten"},"schema":{"@context":"https:\/\/schema.org","@graph":[{"@type":"Article","@id":"https:\/\/schoenstatt.com\/de\/neun-tage-gebet-fuer-europa-auf-dem-weg-zum-europatag-am-9-mai\/#article","isPartOf":{"@id":"https:\/\/schoenstatt.com\/de\/neun-tage-gebet-fuer-europa-auf-dem-weg-zum-europatag-am-9-mai\/"},"author":{"name":"Vanessa Franke","@id":"https:\/\/schoenstatt.com\/de\/#\/schema\/person\/ea97a60c723e21c923e2177f0f3163f7"},"headline":"Neun-Tage-Gebet f\u00fcr Europa auf dem Weg zum Europatag am 9. Mai","datePublished":"2023-04-30T15:15:12+00:00","dateModified":"2025-05-15T18:38:44+00:00","mainEntityOfPage":{"@id":"https:\/\/schoenstatt.com\/de\/neun-tage-gebet-fuer-europa-auf-dem-weg-zum-europatag-am-9-mai\/"},"wordCount":530,"publisher":{"@id":"https:\/\/schoenstatt.com\/de\/#organization"},"image":{"@id":"https:\/\/schoenstatt.com\/de\/neun-tage-gebet-fuer-europa-auf-dem-weg-zum-europatag-am-9-mai\/#primaryimage"},"thumbnailUrl":"https:\/\/schoenstatt.com\/wp-content\/uploads\/2023\/04\/neun-tage-gebet-fur-Europa-1-1.jpg","articleSection":["Gesellschaft","Spiritualit\u00e4t"],"inLanguage":"de"},{"@type":"WebPage","@id":"https:\/\/schoenstatt.com\/de\/neun-tage-gebet-fuer-europa-auf-dem-weg-zum-europatag-am-9-mai\/","url":"https:\/\/schoenstatt.com\/de\/neun-tage-gebet-fuer-europa-auf-dem-weg-zum-europatag-am-9-mai\/","name":"Neun-Tage-Gebet f\u00fcr Europa auf dem Weg zum Europatag am 9. Mai","isPartOf":{"@id":"https:\/\/schoenstatt.com\/de\/#website"},"primaryImageOfPage":{"@id":"https:\/\/schoenstatt.com\/de\/neun-tage-gebet-fuer-europa-auf-dem-weg-zum-europatag-am-9-mai\/#primaryimage"},"image":{"@id":"https:\/\/schoenstatt.com\/de\/neun-tage-gebet-fuer-europa-auf-dem-weg-zum-europatag-am-9-mai\/#primaryimage"},"thumbnailUrl":"https:\/\/schoenstatt.com\/wp-content\/uploads\/2023\/04\/neun-tage-gebet-fur-Europa-1-1.jpg","datePublished":"2023-04-30T15:15:12+00:00","dateModified":"2025-05-15T18:38:44+00:00","description":"Einladung des Netzwerkes Miteinander f\u00fcr Europa zum 9 - Tage - Gebet. Thema der Novene ist das \"Vaterunser\"","breadcrumb":{"@id":"https:\/\/schoenstatt.com\/de\/neun-tage-gebet-fuer-europa-auf-dem-weg-zum-europatag-am-9-mai\/#breadcrumb"},"inLanguage":"de","potentialAction":[{"@type":"ReadAction","target":["https:\/\/schoenstatt.com\/de\/neun-tage-gebet-fuer-europa-auf-dem-weg-zum-europatag-am-9-mai\/"]}]},{"@type":"ImageObject","inLanguage":"de","@id":"https:\/\/schoenstatt.com\/de\/neun-tage-gebet-fuer-europa-auf-dem-weg-zum-europatag-am-9-mai\/#primaryimage","url":"https:\/\/schoenstatt.com\/wp-content\/uploads\/2023\/04\/neun-tage-gebet-fur-Europa-1-1.jpg","contentUrl":"https:\/\/schoenstatt.com\/wp-content\/uploads\/2023\/04\/neun-tage-gebet-fur-Europa-1-1.jpg","width":680,"height":340,"caption":"neun-tage-gebet"},{"@type":"BreadcrumbList","@id":"https:\/\/schoenstatt.com\/de\/neun-tage-gebet-fuer-europa-auf-dem-weg-zum-europatag-am-9-mai\/#breadcrumb","itemListElement":[{"@type":"ListItem","position":1,"name":"Portada","item":"https:\/\/schoenstatt.com\/de\/home\/"},{"@type":"ListItem","position":2,"name":"Neun-Tage-Gebet f\u00fcr Europa auf dem Weg zum Europatag am 9. Mai"}]},{"@type":"WebSite","@id":"https:\/\/schoenstatt.com\/de\/#website","url":"https:\/\/schoenstatt.com\/de\/","name":"Schoenstatt","description":"Apostolic Movement","publisher":{"@id":"https:\/\/schoenstatt.com\/de\/#organization"},"potentialAction":[{"@type":"SearchAction","target":{"@type":"EntryPoint","urlTemplate":"https:\/\/schoenstatt.com\/de\/?s={search_term_string}"},"query-input":{"@type":"PropertyValueSpecification","valueRequired":true,"valueName":"search_term_string"}}],"inLanguage":"de"},{"@type":"Organization","@id":"https:\/\/schoenstatt.com\/de\/#organization","name":"Schoenstatt","url":"https:\/\/schoenstatt.com\/de\/","logo":{"@type":"ImageObject","inLanguage":"de","@id":"https:\/\/schoenstatt.com\/de\/#\/schema\/logo\/image\/","url":"https:\/\/schoenstatt.com\/wp-content\/uploads\/2025\/04\/logo-schoenstatt-white-696x696-1.png","contentUrl":"https:\/\/schoenstatt.com\/wp-content\/uploads\/2025\/04\/logo-schoenstatt-white-696x696-1.png","width":696,"height":694,"caption":"Schoenstatt"},"image":{"@id":"https:\/\/schoenstatt.com\/de\/#\/schema\/logo\/image\/"}},{"@type":"Person","@id":"https:\/\/schoenstatt.com\/de\/#\/schema\/person\/ea97a60c723e21c923e2177f0f3163f7","name":"Vanessa Franke","image":{"@type":"ImageObject","inLanguage":"de","@id":"https:\/\/secure.gravatar.com\/avatar\/a9bcca3409928ccd3195eca11e2ccbb2e5d7c7912e9a945d4f326f81a0a5cb4a?s=96&d=mm&r=g","url":"https:\/\/secure.gravatar.com\/avatar\/a9bcca3409928ccd3195eca11e2ccbb2e5d7c7912e9a945d4f326f81a0a5cb4a?s=96&d=mm&r=g","contentUrl":"https:\/\/secure.gravatar.com\/avatar\/a9bcca3409928ccd3195eca11e2ccbb2e5d7c7912e9a945d4f326f81a0a5cb4a?s=96&d=mm&r=g","caption":"Vanessa Franke"},"url":"https:\/\/schoenstatt.com\/de\/author\/vanessa-franke\/"}]}},"_links":{"self":[{"href":"https:\/\/schoenstatt.com\/de\/wp-json\/wp\/v2\/posts\/30323","targetHints":{"allow":["GET"]}}],"collection":[{"href":"https:\/\/schoenstatt.com\/de\/wp-json\/wp\/v2\/posts"}],"about":[{"href":"https:\/\/schoenstatt.com\/de\/wp-json\/wp\/v2\/types\/post"}],"author":[{"embeddable":true,"href":"https:\/\/schoenstatt.com\/de\/wp-json\/wp\/v2\/users\/6"}],"replies":[{"embeddable":true,"href":"https:\/\/schoenstatt.com\/de\/wp-json\/wp\/v2\/comments?post=30323"}],"version-history":[{"count":1,"href":"https:\/\/schoenstatt.com\/de\/wp-json\/wp\/v2\/posts\/30323\/revisions"}],"predecessor-version":[{"id":45982,"href":"https:\/\/schoenstatt.com\/de\/wp-json\/wp\/v2\/posts\/30323\/revisions\/45982"}],"wp:featuredmedia":[{"embeddable":true,"href":"https:\/\/schoenstatt.com\/de\/wp-json\/wp\/v2\/media\/30324"}],"wp:attachment":[{"href":"https:\/\/schoenstatt.com\/de\/wp-json\/wp\/v2\/media?parent=30323"}],"wp:term":[{"taxonomy":"category","embeddable":true,"href":"https:\/\/schoenstatt.com\/de\/wp-json\/wp\/v2\/categories?post=30323"},{"taxonomy":"post_tag","embeddable":true,"href":"https:\/\/schoenstatt.com\/de\/wp-json\/wp\/v2\/tags?post=30323"}],"curies":[{"name":"wp","href":"https:\/\/api.w.org\/{rel}","templated":true}]}}