{"id":30285,"date":"2023-04-29T09:16:14","date_gmt":"2023-04-29T07:16:14","guid":{"rendered":"https:\/\/schoenstatt.com\/?p=30285"},"modified":"2025-05-15T22:39:16","modified_gmt":"2025-05-15T20:39:16","slug":"hoffnung-fuer-die-zukunft-der-europaeische-familienkongress-hat-begonnen","status":"publish","type":"post","link":"https:\/\/schoenstatt.com\/de\/hoffnung-fuer-die-zukunft-der-europaeische-familienkongress-hat-begonnen\/","title":{"rendered":"Hoffnung f\u00fcr die Zukunft &#8211; Der europ\u00e4ische Familienkongress hat begonnen"},"content":{"rendered":"<p>[vc_row][vc_column][vc_column_text]<\/p>\n<p>10 bis 12 Stunden und l\u00e4nger waren einzelne Ehepaare, Sch\u00f6nstatt-Patres und Sch\u00f6nst\u00e4tter Marienschwestern aus Ungarn, Polen, Kroatien, Deutschland, Spanien, Italien und weiteren sechs europ\u00e4ischen L\u00e4ndern unterwegs. Jetzt treffen sie sich in einem Sch\u00f6nstattzentrum, das Zukunfts-Charme ausstrahlt: Generalsaniert und zum Teil neu gebaut. Die Einweihung wird erst noch gefeiert werden.<\/p>\n<h3>Flei\u00dfige Helfer haben in den letzten Tagen noch Unm\u00f6gliches m\u00f6glich gemacht<\/h3>\n<p style=\"text-align: center;\">Bei Anton Lilek laufen die organisatorischen F\u00e4den zusammen (Foto: Riechel)<\/p>\n<p><img fetchpriority=\"high\" decoding=\"async\" class=\"size-full wp-image-30310 aligncenter\" src=\"https:\/\/schoenstatt.com\/wp-content\/uploads\/2023\/04\/DE-Familienkongress-Wien-6.jpg\" alt=\"Familienkongress Wien\" width=\"680\" height=\"340\" \/><\/p>\n<p>\u201eIch staune einfach nur, dass sich so viele Familien auf den Weg nach Wien gemacht haben\u201c, sagt Anton Lilek, der zusammen mit seiner Frau Maria die F\u00e4den der ganzen Organisation in H\u00e4nden h\u00e4lt. \u201eEs gibt 100 andere Dinge, die man an diesem verl\u00e4ngerten Wochenende um den 1. Mai herum tun k\u00f6nnte. Und dann haben mehr als 160 Familien entscheiden, sich auf den Weg zum Kahlenberg zu machen.\u201c \u00a0Zufrieden und entspannt schaut er auf das Treiben: \u201eEs l\u00e4uft!\u201c Und dann erg\u00e4nzt er: \u201eDie Rasenmatten wurden erst vor zwei Tagen verlegt &#8230; Flei\u00dfige Helfer haben in den letzten Tagen noch Unm\u00f6gliches m\u00f6glich gemacht.\u201c<\/p>\n<figure id=\"attachment_30306\" aria-describedby=\"caption-attachment-30306\" style=\"width: 680px\" class=\"wp-caption alignnone\"><img decoding=\"async\" class=\"size-full wp-image-30306\" src=\"https:\/\/schoenstatt.com\/wp-content\/uploads\/2023\/04\/DE-Familienkongress-Wien-5.jpg\" alt=\"Familienkongress in Wien\" width=\"680\" height=\"340\" \/><figcaption id=\"caption-attachment-30306\" class=\"wp-caption-text\">Ein Eindruck vom erweiterten Zentrum. An den Au\u00dfenanlagen wurde erst in den letzten Tagen noch gearbeitet (Foto: Sr. M. Cacilda Becker)<\/figcaption><\/figure>\n<h3>Leuchtend gelbe Kongress-Rucks\u00e4cke<\/h3>\n<p>Bei der Ankunft an diesem Nachmittag regnet es in Str\u00f6men. Umso froher ist die Stimmung und das herzliche Willkommen in den neuen R\u00e4umen des Sch\u00f6nstattzentrums am Kahlenberg. Leuchtend gelbe Kongress-Rucks\u00e4cke sind Kennzeichen dieses Treffens &#8211; und ersetzen ein wenig die momentan abwesende Sonne.<\/p>\n<h3>Erwartungen an das Treffen<\/h3>\n<p>Zur heiligen Messe vor dem Abendessen &#8211; die eigentliche Er\u00f6ffnung ist am Abend mit einem internationalen Begegnungsabend &#8211; ist der Kongresssaal bereits mit gut 250 Personen aus allen Generationen gef\u00fcllt. Neue Familie kennenlernen, Bekannte wieder treffen. Gespr\u00e4che in vielen europ\u00e4ischen Sprachen. Die Stimmung ist neugierig, offen und fr\u00f6hlich. Karin Leibold aus Deutschland formuliert ihre Erwartung an das Treffen: \u201eVom Kongress erhoffe ich mir eine neue Begeisterung, ein neues Feuer f\u00fcr unsere Arbeit in der Familienbewegung in Deutschland.\u201c \u201eWir freuen uns auf viele Begegnungen, neue Kontakte und Inspiration\u201c, sagen Ehepaar Magdalena und Michael Stetter und Ehepaar Manuela und Peter Miller erg\u00e4nzen: \u201eAm sch\u00f6nsten ist es, von anderen L\u00e4ndern zu lernen. Wir m\u00f6chten gern neue Ideen f\u00fcr unsere Familienarbeit in Deutschland mitnehmen.\u201c<\/p>\n<h3>Ein Zeichen setzen, dass es sich heute lohnt, in <a href=\"https:\/\/schoenstatt.com\/de\/schoenstatt-gemeinschaften\/europaeischer-familienkongress-in-wien-familie-hoffnung-fuer-die-zukunft\/\">Ehe und Familie<\/a> zu investieren.<\/h3>\n<p>Anton Lilek freut sich \u00fcber den guten Beginn. Begegnungen seien wichtig. \u201eAber: wir machen nicht nur eine fr\u00f6hliche L\u00e4nderbegegnung. Das auch. Aber es geht uns darum, Wissen und Werte weiterzugeben. Alle diese Familien setzen allein durch Ihr Kommen ein Zeichen, dass es sich heute lohnt, in Ehe und Familie zu investieren.&#8220;<\/p>\n<p>Quelle: <a href=\"https:\/\/www.schoenstatt.de\/de\/news\/6079\/112\/Hoffnung-fuer-die-Zukunft-Der-europaeische-Familienkongress-hat-begonnen.htm\">Sch\u00f6nstatt.de<\/a><br \/>\n[\/vc_column_text][\/vc_column][\/vc_row][vc_row][vc_column width=&#8220;1\/1&#8243;][vc_gallery el_id=&#8220;gallery-498599&#8243; type=&#8220;carousel&#8220; medias=&#8220;30302,30298,30294,30290,30286&#8243; carousel_lg=&#8220;3&#8243; carousel_md=&#8220;3&#8243; carousel_sm=&#8220;1&#8243; gutter_size=&#8220;3&#8243; media_items=&#8220;media|lightbox|original,icon,caption&#8220; carousel_interval=&#8220;3000&#8243; carousel_navspeed=&#8220;400&#8243; stage_padding=&#8220;0&#8243; single_overlay_opacity=&#8220;50&#8243; single_padding=&#8220;2&#8243; title=&#8220;Fotos Familienkongress&#8220;][\/vc_column][\/vc_row]<\/p>\n","protected":false},"excerpt":{"rendered":"<p>Mehr als 160 Familien kommen an diesem Nachmittag (28. April 2023) im Sch\u00f6nstatt-Zentrum am Kahlenberg, Wien, an, um bis zum 1. Mai 2023 am europ\u00e4ischen Familienkongress der Sch\u00f6nstatt-Bewegung teilzunehmen. <\/p>\n","protected":false},"author":6,"featured_media":30318,"comment_status":"closed","ping_status":"closed","sticky":false,"template":"","format":"standard","meta":{"footnotes":""},"categories":[874,660],"tags":[],"class_list":["post-30285","post","type-post","status-publish","format-standard","has-post-thumbnail","hentry","category-familie-de","category-veranstaltungen-de"],"yoast_head":"<!-- This site is optimized with the Yoast SEO Premium plugin v27.4 (Yoast SEO v27.4) - https:\/\/yoast.com\/product\/yoast-seo-premium-wordpress\/ -->\n<title>Hoffnung f\u00fcr die Zukunft - Der europ\u00e4ische Familienkongress hat begonnen<\/title>\n<meta name=\"description\" content=\"Mehr als 160 Familien sind zurzeit im Sch\u00f6nstatt-Zentrum am Kahlenberg, Wien, um am europ\u00e4ischen Familienkongress teilzunehmen.\" \/>\n<meta name=\"robots\" content=\"index, follow, max-snippet:-1, max-image-preview:large, max-video-preview:-1\" \/>\n<link rel=\"canonical\" href=\"https:\/\/schoenstatt.com\/de\/hoffnung-fuer-die-zukunft-der-europaeische-familienkongress-hat-begonnen\/\" \/>\n<meta property=\"og:locale\" content=\"de_DE\" \/>\n<meta property=\"og:type\" content=\"article\" \/>\n<meta property=\"og:title\" content=\"Hoffnung f\u00fcr die Zukunft - Der europ\u00e4ische Familienkongress hat begonnen\" \/>\n<meta property=\"og:description\" content=\"Mehr als 160 Familien sind zurzeit im Sch\u00f6nstatt-Zentrum am Kahlenberg, Wien, um am europ\u00e4ischen Familienkongress teilzunehmen.\" \/>\n<meta property=\"og:url\" content=\"https:\/\/schoenstatt.com\/de\/hoffnung-fuer-die-zukunft-der-europaeische-familienkongress-hat-begonnen\/\" \/>\n<meta property=\"og:site_name\" content=\"Schoenstatt\" \/>\n<meta property=\"article:published_time\" content=\"2023-04-29T07:16:14+00:00\" \/>\n<meta property=\"article:modified_time\" content=\"2025-05-15T20:39:16+00:00\" \/>\n<meta property=\"og:image\" content=\"https:\/\/schoenstatt.com\/wp-content\/uploads\/2023\/04\/DE-Familienkongress-Wien-7-1-1.jpg\" \/>\n\t<meta property=\"og:image:width\" content=\"680\" \/>\n\t<meta property=\"og:image:height\" content=\"340\" \/>\n\t<meta property=\"og:image:type\" content=\"image\/jpeg\" \/>\n<meta name=\"author\" content=\"Vanessa Franke\" \/>\n<meta name=\"twitter:card\" content=\"summary_large_image\" \/>\n<meta name=\"twitter:label1\" content=\"Verfasst von\" \/>\n\t<meta name=\"twitter:data1\" content=\"Vanessa Franke\" \/>\n\t<meta name=\"twitter:label2\" content=\"Gesch\u00e4tzte Lesezeit\" \/>\n\t<meta name=\"twitter:data2\" content=\"3\u00a0Minuten\" \/>\n<script type=\"application\/ld+json\" class=\"yoast-schema-graph\">{\"@context\":\"https:\\\/\\\/schema.org\",\"@graph\":[{\"@type\":\"Article\",\"@id\":\"https:\\\/\\\/schoenstatt.com\\\/de\\\/hoffnung-fuer-die-zukunft-der-europaeische-familienkongress-hat-begonnen\\\/#article\",\"isPartOf\":{\"@id\":\"https:\\\/\\\/schoenstatt.com\\\/de\\\/hoffnung-fuer-die-zukunft-der-europaeische-familienkongress-hat-begonnen\\\/\"},\"author\":{\"name\":\"Vanessa Franke\",\"@id\":\"https:\\\/\\\/schoenstatt.com\\\/de\\\/#\\\/schema\\\/person\\\/ea97a60c723e21c923e2177f0f3163f7\"},\"headline\":\"Hoffnung f\u00fcr die Zukunft &#8211; Der europ\u00e4ische Familienkongress hat begonnen\",\"datePublished\":\"2023-04-29T07:16:14+00:00\",\"dateModified\":\"2025-05-15T20:39:16+00:00\",\"mainEntityOfPage\":{\"@id\":\"https:\\\/\\\/schoenstatt.com\\\/de\\\/hoffnung-fuer-die-zukunft-der-europaeische-familienkongress-hat-begonnen\\\/\"},\"wordCount\":543,\"publisher\":{\"@id\":\"https:\\\/\\\/schoenstatt.com\\\/de\\\/#organization\"},\"image\":{\"@id\":\"https:\\\/\\\/schoenstatt.com\\\/de\\\/hoffnung-fuer-die-zukunft-der-europaeische-familienkongress-hat-begonnen\\\/#primaryimage\"},\"thumbnailUrl\":\"https:\\\/\\\/schoenstatt.com\\\/wp-content\\\/uploads\\\/2023\\\/04\\\/DE-Familienkongress-Wien-7-1-1.jpg\",\"articleSection\":[\"Familie\",\"Veranstaltungen\"],\"inLanguage\":\"de\"},{\"@type\":\"WebPage\",\"@id\":\"https:\\\/\\\/schoenstatt.com\\\/de\\\/hoffnung-fuer-die-zukunft-der-europaeische-familienkongress-hat-begonnen\\\/\",\"url\":\"https:\\\/\\\/schoenstatt.com\\\/de\\\/hoffnung-fuer-die-zukunft-der-europaeische-familienkongress-hat-begonnen\\\/\",\"name\":\"Hoffnung f\u00fcr die Zukunft - Der europ\u00e4ische Familienkongress hat begonnen\",\"isPartOf\":{\"@id\":\"https:\\\/\\\/schoenstatt.com\\\/de\\\/#website\"},\"primaryImageOfPage\":{\"@id\":\"https:\\\/\\\/schoenstatt.com\\\/de\\\/hoffnung-fuer-die-zukunft-der-europaeische-familienkongress-hat-begonnen\\\/#primaryimage\"},\"image\":{\"@id\":\"https:\\\/\\\/schoenstatt.com\\\/de\\\/hoffnung-fuer-die-zukunft-der-europaeische-familienkongress-hat-begonnen\\\/#primaryimage\"},\"thumbnailUrl\":\"https:\\\/\\\/schoenstatt.com\\\/wp-content\\\/uploads\\\/2023\\\/04\\\/DE-Familienkongress-Wien-7-1-1.jpg\",\"datePublished\":\"2023-04-29T07:16:14+00:00\",\"dateModified\":\"2025-05-15T20:39:16+00:00\",\"description\":\"Mehr als 160 Familien sind zurzeit im Sch\u00f6nstatt-Zentrum am Kahlenberg, Wien, um am europ\u00e4ischen Familienkongress teilzunehmen.\",\"breadcrumb\":{\"@id\":\"https:\\\/\\\/schoenstatt.com\\\/de\\\/hoffnung-fuer-die-zukunft-der-europaeische-familienkongress-hat-begonnen\\\/#breadcrumb\"},\"inLanguage\":\"de\",\"potentialAction\":[{\"@type\":\"ReadAction\",\"target\":[\"https:\\\/\\\/schoenstatt.com\\\/de\\\/hoffnung-fuer-die-zukunft-der-europaeische-familienkongress-hat-begonnen\\\/\"]}]},{\"@type\":\"ImageObject\",\"inLanguage\":\"de\",\"@id\":\"https:\\\/\\\/schoenstatt.com\\\/de\\\/hoffnung-fuer-die-zukunft-der-europaeische-familienkongress-hat-begonnen\\\/#primaryimage\",\"url\":\"https:\\\/\\\/schoenstatt.com\\\/wp-content\\\/uploads\\\/2023\\\/04\\\/DE-Familienkongress-Wien-7-1-1.jpg\",\"contentUrl\":\"https:\\\/\\\/schoenstatt.com\\\/wp-content\\\/uploads\\\/2023\\\/04\\\/DE-Familienkongress-Wien-7-1-1.jpg\",\"width\":680,\"height\":340,\"caption\":\"FAmilienkongress in Wien\"},{\"@type\":\"BreadcrumbList\",\"@id\":\"https:\\\/\\\/schoenstatt.com\\\/de\\\/hoffnung-fuer-die-zukunft-der-europaeische-familienkongress-hat-begonnen\\\/#breadcrumb\",\"itemListElement\":[{\"@type\":\"ListItem\",\"position\":1,\"name\":\"Portada\",\"item\":\"https:\\\/\\\/schoenstatt.com\\\/de\\\/home\\\/\"},{\"@type\":\"ListItem\",\"position\":2,\"name\":\"Hoffnung f\u00fcr die Zukunft &#8211; Der europ\u00e4ische Familienkongress hat begonnen\"}]},{\"@type\":\"WebSite\",\"@id\":\"https:\\\/\\\/schoenstatt.com\\\/de\\\/#website\",\"url\":\"https:\\\/\\\/schoenstatt.com\\\/de\\\/\",\"name\":\"Schoenstatt\",\"description\":\"Apostolic Movement\",\"publisher\":{\"@id\":\"https:\\\/\\\/schoenstatt.com\\\/de\\\/#organization\"},\"potentialAction\":[{\"@type\":\"SearchAction\",\"target\":{\"@type\":\"EntryPoint\",\"urlTemplate\":\"https:\\\/\\\/schoenstatt.com\\\/de\\\/?s={search_term_string}\"},\"query-input\":{\"@type\":\"PropertyValueSpecification\",\"valueRequired\":true,\"valueName\":\"search_term_string\"}}],\"inLanguage\":\"de\"},{\"@type\":\"Organization\",\"@id\":\"https:\\\/\\\/schoenstatt.com\\\/de\\\/#organization\",\"name\":\"Schoenstatt\",\"url\":\"https:\\\/\\\/schoenstatt.com\\\/de\\\/\",\"logo\":{\"@type\":\"ImageObject\",\"inLanguage\":\"de\",\"@id\":\"https:\\\/\\\/schoenstatt.com\\\/de\\\/#\\\/schema\\\/logo\\\/image\\\/\",\"url\":\"https:\\\/\\\/schoenstatt.com\\\/wp-content\\\/uploads\\\/2025\\\/04\\\/logo-schoenstatt-white-696x696-1.png\",\"contentUrl\":\"https:\\\/\\\/schoenstatt.com\\\/wp-content\\\/uploads\\\/2025\\\/04\\\/logo-schoenstatt-white-696x696-1.png\",\"width\":696,\"height\":694,\"caption\":\"Schoenstatt\"},\"image\":{\"@id\":\"https:\\\/\\\/schoenstatt.com\\\/de\\\/#\\\/schema\\\/logo\\\/image\\\/\"}},{\"@type\":\"Person\",\"@id\":\"https:\\\/\\\/schoenstatt.com\\\/de\\\/#\\\/schema\\\/person\\\/ea97a60c723e21c923e2177f0f3163f7\",\"name\":\"Vanessa Franke\",\"image\":{\"@type\":\"ImageObject\",\"inLanguage\":\"de\",\"@id\":\"https:\\\/\\\/secure.gravatar.com\\\/avatar\\\/a9bcca3409928ccd3195eca11e2ccbb2e5d7c7912e9a945d4f326f81a0a5cb4a?s=96&d=mm&r=g\",\"url\":\"https:\\\/\\\/secure.gravatar.com\\\/avatar\\\/a9bcca3409928ccd3195eca11e2ccbb2e5d7c7912e9a945d4f326f81a0a5cb4a?s=96&d=mm&r=g\",\"contentUrl\":\"https:\\\/\\\/secure.gravatar.com\\\/avatar\\\/a9bcca3409928ccd3195eca11e2ccbb2e5d7c7912e9a945d4f326f81a0a5cb4a?s=96&d=mm&r=g\",\"caption\":\"Vanessa Franke\"},\"url\":\"https:\\\/\\\/schoenstatt.com\\\/de\\\/author\\\/vanessa-franke\\\/\"}]}<\/script>\n<!-- \/ Yoast SEO Premium plugin. -->","yoast_head_json":{"title":"Hoffnung f\u00fcr die Zukunft - Der europ\u00e4ische Familienkongress hat begonnen","description":"Mehr als 160 Familien sind zurzeit im Sch\u00f6nstatt-Zentrum am Kahlenberg, Wien, um am europ\u00e4ischen Familienkongress teilzunehmen.","robots":{"index":"index","follow":"follow","max-snippet":"max-snippet:-1","max-image-preview":"max-image-preview:large","max-video-preview":"max-video-preview:-1"},"canonical":"https:\/\/schoenstatt.com\/de\/hoffnung-fuer-die-zukunft-der-europaeische-familienkongress-hat-begonnen\/","og_locale":"de_DE","og_type":"article","og_title":"Hoffnung f\u00fcr die Zukunft - Der europ\u00e4ische Familienkongress hat begonnen","og_description":"Mehr als 160 Familien sind zurzeit im Sch\u00f6nstatt-Zentrum am Kahlenberg, Wien, um am europ\u00e4ischen Familienkongress teilzunehmen.","og_url":"https:\/\/schoenstatt.com\/de\/hoffnung-fuer-die-zukunft-der-europaeische-familienkongress-hat-begonnen\/","og_site_name":"Schoenstatt","article_published_time":"2023-04-29T07:16:14+00:00","article_modified_time":"2025-05-15T20:39:16+00:00","og_image":[{"width":680,"height":340,"url":"https:\/\/schoenstatt.com\/wp-content\/uploads\/2023\/04\/DE-Familienkongress-Wien-7-1-1.jpg","type":"image\/jpeg"}],"author":"Vanessa Franke","twitter_card":"summary_large_image","twitter_misc":{"Verfasst von":"Vanessa Franke","Gesch\u00e4tzte Lesezeit":"3\u00a0Minuten"},"schema":{"@context":"https:\/\/schema.org","@graph":[{"@type":"Article","@id":"https:\/\/schoenstatt.com\/de\/hoffnung-fuer-die-zukunft-der-europaeische-familienkongress-hat-begonnen\/#article","isPartOf":{"@id":"https:\/\/schoenstatt.com\/de\/hoffnung-fuer-die-zukunft-der-europaeische-familienkongress-hat-begonnen\/"},"author":{"name":"Vanessa Franke","@id":"https:\/\/schoenstatt.com\/de\/#\/schema\/person\/ea97a60c723e21c923e2177f0f3163f7"},"headline":"Hoffnung f\u00fcr die Zukunft &#8211; Der europ\u00e4ische Familienkongress hat begonnen","datePublished":"2023-04-29T07:16:14+00:00","dateModified":"2025-05-15T20:39:16+00:00","mainEntityOfPage":{"@id":"https:\/\/schoenstatt.com\/de\/hoffnung-fuer-die-zukunft-der-europaeische-familienkongress-hat-begonnen\/"},"wordCount":543,"publisher":{"@id":"https:\/\/schoenstatt.com\/de\/#organization"},"image":{"@id":"https:\/\/schoenstatt.com\/de\/hoffnung-fuer-die-zukunft-der-europaeische-familienkongress-hat-begonnen\/#primaryimage"},"thumbnailUrl":"https:\/\/schoenstatt.com\/wp-content\/uploads\/2023\/04\/DE-Familienkongress-Wien-7-1-1.jpg","articleSection":["Familie","Veranstaltungen"],"inLanguage":"de"},{"@type":"WebPage","@id":"https:\/\/schoenstatt.com\/de\/hoffnung-fuer-die-zukunft-der-europaeische-familienkongress-hat-begonnen\/","url":"https:\/\/schoenstatt.com\/de\/hoffnung-fuer-die-zukunft-der-europaeische-familienkongress-hat-begonnen\/","name":"Hoffnung f\u00fcr die Zukunft - Der europ\u00e4ische Familienkongress hat begonnen","isPartOf":{"@id":"https:\/\/schoenstatt.com\/de\/#website"},"primaryImageOfPage":{"@id":"https:\/\/schoenstatt.com\/de\/hoffnung-fuer-die-zukunft-der-europaeische-familienkongress-hat-begonnen\/#primaryimage"},"image":{"@id":"https:\/\/schoenstatt.com\/de\/hoffnung-fuer-die-zukunft-der-europaeische-familienkongress-hat-begonnen\/#primaryimage"},"thumbnailUrl":"https:\/\/schoenstatt.com\/wp-content\/uploads\/2023\/04\/DE-Familienkongress-Wien-7-1-1.jpg","datePublished":"2023-04-29T07:16:14+00:00","dateModified":"2025-05-15T20:39:16+00:00","description":"Mehr als 160 Familien sind zurzeit im Sch\u00f6nstatt-Zentrum am Kahlenberg, Wien, um am europ\u00e4ischen Familienkongress teilzunehmen.","breadcrumb":{"@id":"https:\/\/schoenstatt.com\/de\/hoffnung-fuer-die-zukunft-der-europaeische-familienkongress-hat-begonnen\/#breadcrumb"},"inLanguage":"de","potentialAction":[{"@type":"ReadAction","target":["https:\/\/schoenstatt.com\/de\/hoffnung-fuer-die-zukunft-der-europaeische-familienkongress-hat-begonnen\/"]}]},{"@type":"ImageObject","inLanguage":"de","@id":"https:\/\/schoenstatt.com\/de\/hoffnung-fuer-die-zukunft-der-europaeische-familienkongress-hat-begonnen\/#primaryimage","url":"https:\/\/schoenstatt.com\/wp-content\/uploads\/2023\/04\/DE-Familienkongress-Wien-7-1-1.jpg","contentUrl":"https:\/\/schoenstatt.com\/wp-content\/uploads\/2023\/04\/DE-Familienkongress-Wien-7-1-1.jpg","width":680,"height":340,"caption":"FAmilienkongress in Wien"},{"@type":"BreadcrumbList","@id":"https:\/\/schoenstatt.com\/de\/hoffnung-fuer-die-zukunft-der-europaeische-familienkongress-hat-begonnen\/#breadcrumb","itemListElement":[{"@type":"ListItem","position":1,"name":"Portada","item":"https:\/\/schoenstatt.com\/de\/home\/"},{"@type":"ListItem","position":2,"name":"Hoffnung f\u00fcr die Zukunft &#8211; Der europ\u00e4ische Familienkongress hat begonnen"}]},{"@type":"WebSite","@id":"https:\/\/schoenstatt.com\/de\/#website","url":"https:\/\/schoenstatt.com\/de\/","name":"Schoenstatt","description":"Apostolic Movement","publisher":{"@id":"https:\/\/schoenstatt.com\/de\/#organization"},"potentialAction":[{"@type":"SearchAction","target":{"@type":"EntryPoint","urlTemplate":"https:\/\/schoenstatt.com\/de\/?s={search_term_string}"},"query-input":{"@type":"PropertyValueSpecification","valueRequired":true,"valueName":"search_term_string"}}],"inLanguage":"de"},{"@type":"Organization","@id":"https:\/\/schoenstatt.com\/de\/#organization","name":"Schoenstatt","url":"https:\/\/schoenstatt.com\/de\/","logo":{"@type":"ImageObject","inLanguage":"de","@id":"https:\/\/schoenstatt.com\/de\/#\/schema\/logo\/image\/","url":"https:\/\/schoenstatt.com\/wp-content\/uploads\/2025\/04\/logo-schoenstatt-white-696x696-1.png","contentUrl":"https:\/\/schoenstatt.com\/wp-content\/uploads\/2025\/04\/logo-schoenstatt-white-696x696-1.png","width":696,"height":694,"caption":"Schoenstatt"},"image":{"@id":"https:\/\/schoenstatt.com\/de\/#\/schema\/logo\/image\/"}},{"@type":"Person","@id":"https:\/\/schoenstatt.com\/de\/#\/schema\/person\/ea97a60c723e21c923e2177f0f3163f7","name":"Vanessa Franke","image":{"@type":"ImageObject","inLanguage":"de","@id":"https:\/\/secure.gravatar.com\/avatar\/a9bcca3409928ccd3195eca11e2ccbb2e5d7c7912e9a945d4f326f81a0a5cb4a?s=96&d=mm&r=g","url":"https:\/\/secure.gravatar.com\/avatar\/a9bcca3409928ccd3195eca11e2ccbb2e5d7c7912e9a945d4f326f81a0a5cb4a?s=96&d=mm&r=g","contentUrl":"https:\/\/secure.gravatar.com\/avatar\/a9bcca3409928ccd3195eca11e2ccbb2e5d7c7912e9a945d4f326f81a0a5cb4a?s=96&d=mm&r=g","caption":"Vanessa Franke"},"url":"https:\/\/schoenstatt.com\/de\/author\/vanessa-franke\/"}]}},"_links":{"self":[{"href":"https:\/\/schoenstatt.com\/de\/wp-json\/wp\/v2\/posts\/30285","targetHints":{"allow":["GET"]}}],"collection":[{"href":"https:\/\/schoenstatt.com\/de\/wp-json\/wp\/v2\/posts"}],"about":[{"href":"https:\/\/schoenstatt.com\/de\/wp-json\/wp\/v2\/types\/post"}],"author":[{"embeddable":true,"href":"https:\/\/schoenstatt.com\/de\/wp-json\/wp\/v2\/users\/6"}],"replies":[{"embeddable":true,"href":"https:\/\/schoenstatt.com\/de\/wp-json\/wp\/v2\/comments?post=30285"}],"version-history":[{"count":1,"href":"https:\/\/schoenstatt.com\/de\/wp-json\/wp\/v2\/posts\/30285\/revisions"}],"predecessor-version":[{"id":45981,"href":"https:\/\/schoenstatt.com\/de\/wp-json\/wp\/v2\/posts\/30285\/revisions\/45981"}],"wp:featuredmedia":[{"embeddable":true,"href":"https:\/\/schoenstatt.com\/de\/wp-json\/wp\/v2\/media\/30318"}],"wp:attachment":[{"href":"https:\/\/schoenstatt.com\/de\/wp-json\/wp\/v2\/media?parent=30285"}],"wp:term":[{"taxonomy":"category","embeddable":true,"href":"https:\/\/schoenstatt.com\/de\/wp-json\/wp\/v2\/categories?post=30285"},{"taxonomy":"post_tag","embeddable":true,"href":"https:\/\/schoenstatt.com\/de\/wp-json\/wp\/v2\/tags?post=30285"}],"curies":[{"name":"wp","href":"https:\/\/api.w.org\/{rel}","templated":true}]}}