{"id":29740,"date":"2023-03-22T15:08:44","date_gmt":"2023-03-22T14:08:44","guid":{"rendered":"https:\/\/schoenstatt.com\/?p=29740"},"modified":"2025-05-15T22:43:37","modified_gmt":"2025-05-15T20:43:37","slug":"wasser-darf-kein-grund-fuer-krieg-sein","status":"publish","type":"post","link":"https:\/\/schoenstatt.com\/de\/wasser-darf-kein-grund-fuer-krieg-sein\/","title":{"rendered":"Wasser darf kein Grund f\u00fcr Kriege sein"},"content":{"rendered":"<p>Der Zugang zu sicherem Wasser und sanit\u00e4ren Dienstleistungen ist ein Menschenrecht und geh\u00f6rt zu den in der Agenda 2030 festgelegten 17 Zielen der Vereinten Nationen (UN) f\u00fcr nachhaltige Entwicklung. Daran erinnert der Weltwassertag am 22. M\u00e4rz. Papst Franziskus erinnerte in diesem Zusammenhang auch an das, was sein Namensgeber, der Heilige Franz von Assisi, zum Thema Wasser sagte:<\/p>\n<p>\u201eHeute ist Weltwassertag. Da kommen mir die Worte des Heiligen Franz von Assisi in den Sinn: ,Gelobt seist du, mein Herr, f\u00fcr Schwester Wasser. Sehr n\u00fctzlich ist sie und dem\u00fctig und kostbar und keusch.` In diesen einfachen Worten sp\u00fcren wir die Sch\u00f6nheit der Sch\u00f6pfung und uns werden die Herausforderungen bewusst, die damit verbunden sind, sich um die Sch\u00f6pfung zu k\u00fcmmern&#8220;, sagte Papst Franziskus den Teilnehmern seiner Generalaudienz auf dem Petersplatz.<\/p>\n<figure id=\"attachment_29749\" aria-describedby=\"caption-attachment-29749\" style=\"width: 1001px\" class=\"wp-caption alignnone\"><img fetchpriority=\"high\" decoding=\"async\" class=\"wp-image-29749 size-full\" src=\"https:\/\/schoenstatt.com\/wp-content\/uploads\/2023\/03\/Wasser-kein-Grund-fur-Krieg.jpg\" alt=\"Wasser ist kein Grund f\u00fcr Krieg\" width=\"1001\" height=\"1000\" \/><figcaption id=\"caption-attachment-29749\" class=\"wp-caption-text\">Foto: Catopic.es<\/figcaption><\/figure>\n<blockquote><p>Gelobt seist du, mein Herr, f\u00fcr Schwester Wasser<\/p><\/blockquote>\n<h3>Nach Jahrzehnten wieder UN-Weltwasserkonferenz<\/h3>\n<p>In New York hat an diesem Mittwoch nach langer Zeit erstmals wieder eine UN-Weltwasserkonferenz begonnen. Rund 6.000 Teilnehmerinnen und Teilnehmer wollen bis Freitag unter anderem dar\u00fcber beraten, wie das Menschenrecht auf sauberes Trinkwasser umgesetzt werden kann. Die Weltwasserkonferenz der Vereinten Nationen hatte davor zuletzt im Jahr 1977 stattgefunden.<\/p>\n<p>\u201eIn diesen Tagen findet in New York die zweite Weltwasserkonferenz der Vereinten Nationen statt. Ich bete f\u00fcr ein gutes Gelingen der Arbeiten und w\u00fcnsche mir, dass diese wichtige Veranstaltung die Initiativen beschleunigen kann, die sich f\u00fcr alle einsetzen, die unter Wasserknappheit leiden, f\u00fcr Wasser als Grundgut: Wasser kann nicht verschwendet oder missbraucht werden, oder Grund f\u00fcr Kriege sein, sondern muss bewahrt werden &#8211; zu unserem Wohl und dem, der k\u00fcnftigen Generationen&#8220;, mahnte der Papst eindringlich.<\/p>\n<figure id=\"attachment_29745\" aria-describedby=\"caption-attachment-29745\" style=\"width: 665px\" class=\"wp-caption alignnone\"><img decoding=\"async\" class=\"wp-image-29745 size-full\" src=\"https:\/\/schoenstatt.com\/wp-content\/uploads\/2023\/03\/Wasser-kein-Grund-fur-Krieg-2.jpg\" alt=\"Wasser ist kein Grund f\u00fcr Krieg\" width=\"665\" height=\"340\" \/><figcaption id=\"caption-attachment-29745\" class=\"wp-caption-text\">Foto: Pixabay<\/figcaption><\/figure>\n<blockquote><p>Wasser kann nicht verschwendet oder missbraucht werden, oder Grund f\u00fcr Kriege sein, sondern muss bewahrt werden<\/p><\/blockquote>\n<h3>Friedensappell f\u00fcr Russland und die Ukraine<\/h3>\n<p>Apropos Kriege &#8211; zum Ende seiner Generalaudienz an diesem Mittwoch rief Papst Franziskus auch erneut zu Frieden zwischen Russland und der Ukraine auf:<\/p>\n<p>\u201eAm Samstag feiern wir das Hochfest ,Verk\u00fcndigung des Herrn`, und meine Gedanken schweifen zum 25. M\u00e4rz des Vorjahres, als ich gemeinsam mit allen Bisch\u00f6fen auf der ganzen Welt die Kirche und die Menschheit, besonders <a href=\"https:\/\/schoenstatt.com\/de\/kirche\/papst-weiht-russland-und-ukraine-dem-unbefleckten-herzen-marias\/\">Russland und die Ukraine<\/a>, dem Unbefleckten Herzen Mariens geweiht habe. Erm\u00fcden wir nicht darin, das Anliegen des Friedens der Friedensk\u00f6nigin anzuvertrauen. Ich lade daher alle Gl\u00e4ubigen und alle Gemeinschaften ein, besonders die Gebetsgruppen, die Marienweihe an jedem 25. M\u00e4rz zu wiederholen, denn die Muttergottes ist Mutter und sie kann uns alle zu Einheit und Frieden f\u00fchren. Vergessen wir in diesen Tagen auch die gemarterte Ukraine nicht, die viel leidet.&#8220;<\/p>\n<p><img decoding=\"async\" class=\"alignnone wp-image-252 size-large\" src=\"https:\/\/schoenstatt.com\/wp-content\/uploads\/2021\/07\/SAM-MarianDevition-Icon1-1024x683.jpeg\" alt=\"Wasser ist kein Grund f\u00fcr Krieg\" width=\"840\" height=\"560\" \/><\/p>\n<blockquote><p>Erm\u00fcden wir nicht darin, das Anliegen des Friedens der Friedensk\u00f6nigin anzuvertrauen<\/p><\/blockquote>\n<p style=\"text-align: center;\">Quelle: <a href=\"https:\/\/www.vaticannews.va\/de\/papst\/news\/2023-03\/papst-franziskus-generalaudienz-appell-welt-wasser-tag-ukraine.html\">Vatikannews<\/a><\/p>\n","protected":false},"excerpt":{"rendered":"<p>Papst Franziskus hat zu einem verantwortungsbewussten Umgang mit Wasser aufgerufen: \u201eWasser kann nicht verschwendet oder missbraucht werden, oder Grund f\u00fcr Kriege sein, sondern muss bewahrt werden &#8211; zu unserem Wohl und dem, der k\u00fcnftigen Generationen&#8220;, mahnte das katholische Kirchenoberhaupt. Der Papst \u00e4u\u00dferte sich zum Ende seiner Generalaudienz im Vatikan. Anlass war der Weltwassertag, der diesen Mittwoch begangen wird.<\/p>\n","protected":false},"author":6,"featured_media":29741,"comment_status":"closed","ping_status":"closed","sticky":false,"template":"","format":"standard","meta":{"footnotes":""},"categories":[851,852,882],"tags":[],"class_list":["post-29740","post","type-post","status-publish","format-standard","has-post-thumbnail","hentry","category-kirche-de","category-papst-franziskus-de","category-umwelt-de"],"yoast_head":"<!-- This site is optimized with the Yoast SEO Premium plugin v27.4 (Yoast SEO v27.4) - https:\/\/yoast.com\/product\/yoast-seo-premium-wordpress\/ -->\n<title>Wasser darf kein Grund f\u00fcr Kriege sein<\/title>\n<meta name=\"description\" content=\"Papst Franziskus hat, anl\u00e4sslich des Weltwassertages, zu einem verantwortungsbewussten Umgang mit Wasser aufgerufen.\" \/>\n<meta name=\"robots\" content=\"index, follow, max-snippet:-1, max-image-preview:large, max-video-preview:-1\" \/>\n<link rel=\"canonical\" href=\"https:\/\/schoenstatt.com\/de\/wasser-darf-kein-grund-fuer-krieg-sein\/\" \/>\n<meta property=\"og:locale\" content=\"de_DE\" \/>\n<meta property=\"og:type\" content=\"article\" \/>\n<meta property=\"og:title\" content=\"Wasser darf kein Grund f\u00fcr Kriege sein\" \/>\n<meta property=\"og:description\" content=\"Papst Franziskus hat, anl\u00e4sslich des Weltwassertages, zu einem verantwortungsbewussten Umgang mit Wasser aufgerufen.\" \/>\n<meta property=\"og:url\" content=\"https:\/\/schoenstatt.com\/de\/wasser-darf-kein-grund-fuer-krieg-sein\/\" \/>\n<meta property=\"og:site_name\" content=\"Schoenstatt\" \/>\n<meta property=\"article:published_time\" content=\"2023-03-22T14:08:44+00:00\" \/>\n<meta property=\"article:modified_time\" content=\"2025-05-15T20:43:37+00:00\" \/>\n<meta property=\"og:image\" content=\"https:\/\/schoenstatt.com\/wp-content\/uploads\/2023\/03\/Wasser-kein-Grund-fur-Krieg-1-4.webp\" \/>\n\t<meta property=\"og:image:width\" content=\"870\" \/>\n\t<meta property=\"og:image:height\" content=\"580\" \/>\n\t<meta property=\"og:image:type\" content=\"image\/webp\" \/>\n<meta name=\"author\" content=\"Vanessa Franke\" \/>\n<meta name=\"twitter:card\" content=\"summary_large_image\" \/>\n<meta name=\"twitter:label1\" content=\"Verfasst von\" \/>\n\t<meta name=\"twitter:data1\" content=\"Vanessa Franke\" \/>\n\t<meta name=\"twitter:label2\" content=\"Gesch\u00e4tzte Lesezeit\" \/>\n\t<meta name=\"twitter:data2\" content=\"3\u00a0Minuten\" \/>\n<script type=\"application\/ld+json\" class=\"yoast-schema-graph\">{\"@context\":\"https:\\\/\\\/schema.org\",\"@graph\":[{\"@type\":\"Article\",\"@id\":\"https:\\\/\\\/schoenstatt.com\\\/de\\\/wasser-darf-kein-grund-fuer-krieg-sein\\\/#article\",\"isPartOf\":{\"@id\":\"https:\\\/\\\/schoenstatt.com\\\/de\\\/wasser-darf-kein-grund-fuer-krieg-sein\\\/\"},\"author\":{\"name\":\"Vanessa Franke\",\"@id\":\"https:\\\/\\\/schoenstatt.com\\\/de\\\/#\\\/schema\\\/person\\\/ea97a60c723e21c923e2177f0f3163f7\"},\"headline\":\"Wasser darf kein Grund f\u00fcr Kriege sein\",\"datePublished\":\"2023-03-22T14:08:44+00:00\",\"dateModified\":\"2025-05-15T20:43:37+00:00\",\"mainEntityOfPage\":{\"@id\":\"https:\\\/\\\/schoenstatt.com\\\/de\\\/wasser-darf-kein-grund-fuer-krieg-sein\\\/\"},\"wordCount\":475,\"publisher\":{\"@id\":\"https:\\\/\\\/schoenstatt.com\\\/de\\\/#organization\"},\"image\":{\"@id\":\"https:\\\/\\\/schoenstatt.com\\\/de\\\/wasser-darf-kein-grund-fuer-krieg-sein\\\/#primaryimage\"},\"thumbnailUrl\":\"https:\\\/\\\/schoenstatt.com\\\/wp-content\\\/uploads\\\/2023\\\/03\\\/Wasser-kein-Grund-fur-Krieg-1-4.webp\",\"articleSection\":[\"Kirche\",\"Papst Franziskus\",\"Umwelt\"],\"inLanguage\":\"de\"},{\"@type\":\"WebPage\",\"@id\":\"https:\\\/\\\/schoenstatt.com\\\/de\\\/wasser-darf-kein-grund-fuer-krieg-sein\\\/\",\"url\":\"https:\\\/\\\/schoenstatt.com\\\/de\\\/wasser-darf-kein-grund-fuer-krieg-sein\\\/\",\"name\":\"Wasser darf kein Grund f\u00fcr Kriege sein\",\"isPartOf\":{\"@id\":\"https:\\\/\\\/schoenstatt.com\\\/de\\\/#website\"},\"primaryImageOfPage\":{\"@id\":\"https:\\\/\\\/schoenstatt.com\\\/de\\\/wasser-darf-kein-grund-fuer-krieg-sein\\\/#primaryimage\"},\"image\":{\"@id\":\"https:\\\/\\\/schoenstatt.com\\\/de\\\/wasser-darf-kein-grund-fuer-krieg-sein\\\/#primaryimage\"},\"thumbnailUrl\":\"https:\\\/\\\/schoenstatt.com\\\/wp-content\\\/uploads\\\/2023\\\/03\\\/Wasser-kein-Grund-fur-Krieg-1-4.webp\",\"datePublished\":\"2023-03-22T14:08:44+00:00\",\"dateModified\":\"2025-05-15T20:43:37+00:00\",\"description\":\"Papst Franziskus hat, anl\u00e4sslich des Weltwassertages, zu einem verantwortungsbewussten Umgang mit Wasser aufgerufen.\",\"breadcrumb\":{\"@id\":\"https:\\\/\\\/schoenstatt.com\\\/de\\\/wasser-darf-kein-grund-fuer-krieg-sein\\\/#breadcrumb\"},\"inLanguage\":\"de\",\"potentialAction\":[{\"@type\":\"ReadAction\",\"target\":[\"https:\\\/\\\/schoenstatt.com\\\/de\\\/wasser-darf-kein-grund-fuer-krieg-sein\\\/\"]}]},{\"@type\":\"ImageObject\",\"inLanguage\":\"de\",\"@id\":\"https:\\\/\\\/schoenstatt.com\\\/de\\\/wasser-darf-kein-grund-fuer-krieg-sein\\\/#primaryimage\",\"url\":\"https:\\\/\\\/schoenstatt.com\\\/wp-content\\\/uploads\\\/2023\\\/03\\\/Wasser-kein-Grund-fur-Krieg-1-4.webp\",\"contentUrl\":\"https:\\\/\\\/schoenstatt.com\\\/wp-content\\\/uploads\\\/2023\\\/03\\\/Wasser-kein-Grund-fur-Krieg-1-4.webp\",\"width\":870,\"height\":580,\"caption\":\"Foto: Unsplash\"},{\"@type\":\"BreadcrumbList\",\"@id\":\"https:\\\/\\\/schoenstatt.com\\\/de\\\/wasser-darf-kein-grund-fuer-krieg-sein\\\/#breadcrumb\",\"itemListElement\":[{\"@type\":\"ListItem\",\"position\":1,\"name\":\"Portada\",\"item\":\"https:\\\/\\\/schoenstatt.com\\\/de\\\/home\\\/\"},{\"@type\":\"ListItem\",\"position\":2,\"name\":\"Wasser darf kein Grund f\u00fcr Kriege sein\"}]},{\"@type\":\"WebSite\",\"@id\":\"https:\\\/\\\/schoenstatt.com\\\/de\\\/#website\",\"url\":\"https:\\\/\\\/schoenstatt.com\\\/de\\\/\",\"name\":\"Schoenstatt\",\"description\":\"Apostolic Movement\",\"publisher\":{\"@id\":\"https:\\\/\\\/schoenstatt.com\\\/de\\\/#organization\"},\"potentialAction\":[{\"@type\":\"SearchAction\",\"target\":{\"@type\":\"EntryPoint\",\"urlTemplate\":\"https:\\\/\\\/schoenstatt.com\\\/de\\\/?s={search_term_string}\"},\"query-input\":{\"@type\":\"PropertyValueSpecification\",\"valueRequired\":true,\"valueName\":\"search_term_string\"}}],\"inLanguage\":\"de\"},{\"@type\":\"Organization\",\"@id\":\"https:\\\/\\\/schoenstatt.com\\\/de\\\/#organization\",\"name\":\"Schoenstatt\",\"url\":\"https:\\\/\\\/schoenstatt.com\\\/de\\\/\",\"logo\":{\"@type\":\"ImageObject\",\"inLanguage\":\"de\",\"@id\":\"https:\\\/\\\/schoenstatt.com\\\/de\\\/#\\\/schema\\\/logo\\\/image\\\/\",\"url\":\"https:\\\/\\\/schoenstatt.com\\\/wp-content\\\/uploads\\\/2025\\\/04\\\/logo-schoenstatt-white-696x696-1.png\",\"contentUrl\":\"https:\\\/\\\/schoenstatt.com\\\/wp-content\\\/uploads\\\/2025\\\/04\\\/logo-schoenstatt-white-696x696-1.png\",\"width\":696,\"height\":694,\"caption\":\"Schoenstatt\"},\"image\":{\"@id\":\"https:\\\/\\\/schoenstatt.com\\\/de\\\/#\\\/schema\\\/logo\\\/image\\\/\"}},{\"@type\":\"Person\",\"@id\":\"https:\\\/\\\/schoenstatt.com\\\/de\\\/#\\\/schema\\\/person\\\/ea97a60c723e21c923e2177f0f3163f7\",\"name\":\"Vanessa Franke\",\"image\":{\"@type\":\"ImageObject\",\"inLanguage\":\"de\",\"@id\":\"https:\\\/\\\/secure.gravatar.com\\\/avatar\\\/a9bcca3409928ccd3195eca11e2ccbb2e5d7c7912e9a945d4f326f81a0a5cb4a?s=96&d=mm&r=g\",\"url\":\"https:\\\/\\\/secure.gravatar.com\\\/avatar\\\/a9bcca3409928ccd3195eca11e2ccbb2e5d7c7912e9a945d4f326f81a0a5cb4a?s=96&d=mm&r=g\",\"contentUrl\":\"https:\\\/\\\/secure.gravatar.com\\\/avatar\\\/a9bcca3409928ccd3195eca11e2ccbb2e5d7c7912e9a945d4f326f81a0a5cb4a?s=96&d=mm&r=g\",\"caption\":\"Vanessa Franke\"},\"url\":\"https:\\\/\\\/schoenstatt.com\\\/de\\\/author\\\/vanessa-franke\\\/\"}]}<\/script>\n<!-- \/ Yoast SEO Premium plugin. -->","yoast_head_json":{"title":"Wasser darf kein Grund f\u00fcr Kriege sein","description":"Papst Franziskus hat, anl\u00e4sslich des Weltwassertages, zu einem verantwortungsbewussten Umgang mit Wasser aufgerufen.","robots":{"index":"index","follow":"follow","max-snippet":"max-snippet:-1","max-image-preview":"max-image-preview:large","max-video-preview":"max-video-preview:-1"},"canonical":"https:\/\/schoenstatt.com\/de\/wasser-darf-kein-grund-fuer-krieg-sein\/","og_locale":"de_DE","og_type":"article","og_title":"Wasser darf kein Grund f\u00fcr Kriege sein","og_description":"Papst Franziskus hat, anl\u00e4sslich des Weltwassertages, zu einem verantwortungsbewussten Umgang mit Wasser aufgerufen.","og_url":"https:\/\/schoenstatt.com\/de\/wasser-darf-kein-grund-fuer-krieg-sein\/","og_site_name":"Schoenstatt","article_published_time":"2023-03-22T14:08:44+00:00","article_modified_time":"2025-05-15T20:43:37+00:00","og_image":[{"width":870,"height":580,"url":"https:\/\/schoenstatt.com\/wp-content\/uploads\/2023\/03\/Wasser-kein-Grund-fur-Krieg-1-4.webp","type":"image\/webp"}],"author":"Vanessa Franke","twitter_card":"summary_large_image","twitter_misc":{"Verfasst von":"Vanessa Franke","Gesch\u00e4tzte Lesezeit":"3\u00a0Minuten"},"schema":{"@context":"https:\/\/schema.org","@graph":[{"@type":"Article","@id":"https:\/\/schoenstatt.com\/de\/wasser-darf-kein-grund-fuer-krieg-sein\/#article","isPartOf":{"@id":"https:\/\/schoenstatt.com\/de\/wasser-darf-kein-grund-fuer-krieg-sein\/"},"author":{"name":"Vanessa Franke","@id":"https:\/\/schoenstatt.com\/de\/#\/schema\/person\/ea97a60c723e21c923e2177f0f3163f7"},"headline":"Wasser darf kein Grund f\u00fcr Kriege sein","datePublished":"2023-03-22T14:08:44+00:00","dateModified":"2025-05-15T20:43:37+00:00","mainEntityOfPage":{"@id":"https:\/\/schoenstatt.com\/de\/wasser-darf-kein-grund-fuer-krieg-sein\/"},"wordCount":475,"publisher":{"@id":"https:\/\/schoenstatt.com\/de\/#organization"},"image":{"@id":"https:\/\/schoenstatt.com\/de\/wasser-darf-kein-grund-fuer-krieg-sein\/#primaryimage"},"thumbnailUrl":"https:\/\/schoenstatt.com\/wp-content\/uploads\/2023\/03\/Wasser-kein-Grund-fur-Krieg-1-4.webp","articleSection":["Kirche","Papst Franziskus","Umwelt"],"inLanguage":"de"},{"@type":"WebPage","@id":"https:\/\/schoenstatt.com\/de\/wasser-darf-kein-grund-fuer-krieg-sein\/","url":"https:\/\/schoenstatt.com\/de\/wasser-darf-kein-grund-fuer-krieg-sein\/","name":"Wasser darf kein Grund f\u00fcr Kriege sein","isPartOf":{"@id":"https:\/\/schoenstatt.com\/de\/#website"},"primaryImageOfPage":{"@id":"https:\/\/schoenstatt.com\/de\/wasser-darf-kein-grund-fuer-krieg-sein\/#primaryimage"},"image":{"@id":"https:\/\/schoenstatt.com\/de\/wasser-darf-kein-grund-fuer-krieg-sein\/#primaryimage"},"thumbnailUrl":"https:\/\/schoenstatt.com\/wp-content\/uploads\/2023\/03\/Wasser-kein-Grund-fur-Krieg-1-4.webp","datePublished":"2023-03-22T14:08:44+00:00","dateModified":"2025-05-15T20:43:37+00:00","description":"Papst Franziskus hat, anl\u00e4sslich des Weltwassertages, zu einem verantwortungsbewussten Umgang mit Wasser aufgerufen.","breadcrumb":{"@id":"https:\/\/schoenstatt.com\/de\/wasser-darf-kein-grund-fuer-krieg-sein\/#breadcrumb"},"inLanguage":"de","potentialAction":[{"@type":"ReadAction","target":["https:\/\/schoenstatt.com\/de\/wasser-darf-kein-grund-fuer-krieg-sein\/"]}]},{"@type":"ImageObject","inLanguage":"de","@id":"https:\/\/schoenstatt.com\/de\/wasser-darf-kein-grund-fuer-krieg-sein\/#primaryimage","url":"https:\/\/schoenstatt.com\/wp-content\/uploads\/2023\/03\/Wasser-kein-Grund-fur-Krieg-1-4.webp","contentUrl":"https:\/\/schoenstatt.com\/wp-content\/uploads\/2023\/03\/Wasser-kein-Grund-fur-Krieg-1-4.webp","width":870,"height":580,"caption":"Foto: Unsplash"},{"@type":"BreadcrumbList","@id":"https:\/\/schoenstatt.com\/de\/wasser-darf-kein-grund-fuer-krieg-sein\/#breadcrumb","itemListElement":[{"@type":"ListItem","position":1,"name":"Portada","item":"https:\/\/schoenstatt.com\/de\/home\/"},{"@type":"ListItem","position":2,"name":"Wasser darf kein Grund f\u00fcr Kriege sein"}]},{"@type":"WebSite","@id":"https:\/\/schoenstatt.com\/de\/#website","url":"https:\/\/schoenstatt.com\/de\/","name":"Schoenstatt","description":"Apostolic Movement","publisher":{"@id":"https:\/\/schoenstatt.com\/de\/#organization"},"potentialAction":[{"@type":"SearchAction","target":{"@type":"EntryPoint","urlTemplate":"https:\/\/schoenstatt.com\/de\/?s={search_term_string}"},"query-input":{"@type":"PropertyValueSpecification","valueRequired":true,"valueName":"search_term_string"}}],"inLanguage":"de"},{"@type":"Organization","@id":"https:\/\/schoenstatt.com\/de\/#organization","name":"Schoenstatt","url":"https:\/\/schoenstatt.com\/de\/","logo":{"@type":"ImageObject","inLanguage":"de","@id":"https:\/\/schoenstatt.com\/de\/#\/schema\/logo\/image\/","url":"https:\/\/schoenstatt.com\/wp-content\/uploads\/2025\/04\/logo-schoenstatt-white-696x696-1.png","contentUrl":"https:\/\/schoenstatt.com\/wp-content\/uploads\/2025\/04\/logo-schoenstatt-white-696x696-1.png","width":696,"height":694,"caption":"Schoenstatt"},"image":{"@id":"https:\/\/schoenstatt.com\/de\/#\/schema\/logo\/image\/"}},{"@type":"Person","@id":"https:\/\/schoenstatt.com\/de\/#\/schema\/person\/ea97a60c723e21c923e2177f0f3163f7","name":"Vanessa Franke","image":{"@type":"ImageObject","inLanguage":"de","@id":"https:\/\/secure.gravatar.com\/avatar\/a9bcca3409928ccd3195eca11e2ccbb2e5d7c7912e9a945d4f326f81a0a5cb4a?s=96&d=mm&r=g","url":"https:\/\/secure.gravatar.com\/avatar\/a9bcca3409928ccd3195eca11e2ccbb2e5d7c7912e9a945d4f326f81a0a5cb4a?s=96&d=mm&r=g","contentUrl":"https:\/\/secure.gravatar.com\/avatar\/a9bcca3409928ccd3195eca11e2ccbb2e5d7c7912e9a945d4f326f81a0a5cb4a?s=96&d=mm&r=g","caption":"Vanessa Franke"},"url":"https:\/\/schoenstatt.com\/de\/author\/vanessa-franke\/"}]}},"_links":{"self":[{"href":"https:\/\/schoenstatt.com\/de\/wp-json\/wp\/v2\/posts\/29740","targetHints":{"allow":["GET"]}}],"collection":[{"href":"https:\/\/schoenstatt.com\/de\/wp-json\/wp\/v2\/posts"}],"about":[{"href":"https:\/\/schoenstatt.com\/de\/wp-json\/wp\/v2\/types\/post"}],"author":[{"embeddable":true,"href":"https:\/\/schoenstatt.com\/de\/wp-json\/wp\/v2\/users\/6"}],"replies":[{"embeddable":true,"href":"https:\/\/schoenstatt.com\/de\/wp-json\/wp\/v2\/comments?post=29740"}],"version-history":[{"count":1,"href":"https:\/\/schoenstatt.com\/de\/wp-json\/wp\/v2\/posts\/29740\/revisions"}],"predecessor-version":[{"id":45913,"href":"https:\/\/schoenstatt.com\/de\/wp-json\/wp\/v2\/posts\/29740\/revisions\/45913"}],"wp:featuredmedia":[{"embeddable":true,"href":"https:\/\/schoenstatt.com\/de\/wp-json\/wp\/v2\/media\/29741"}],"wp:attachment":[{"href":"https:\/\/schoenstatt.com\/de\/wp-json\/wp\/v2\/media?parent=29740"}],"wp:term":[{"taxonomy":"category","embeddable":true,"href":"https:\/\/schoenstatt.com\/de\/wp-json\/wp\/v2\/categories?post=29740"},{"taxonomy":"post_tag","embeddable":true,"href":"https:\/\/schoenstatt.com\/de\/wp-json\/wp\/v2\/tags?post=29740"}],"curies":[{"name":"wp","href":"https:\/\/api.w.org\/{rel}","templated":true}]}}