{"id":29592,"date":"2023-03-14T09:00:24","date_gmt":"2023-03-14T08:00:24","guid":{"rendered":"https:\/\/schoenstatt.com\/?p=29592"},"modified":"2025-05-15T20:41:14","modified_gmt":"2025-05-15T18:41:14","slug":"himmlische-ehrengaeste-ein-interview-mit-michael-defrancesco","status":"publish","type":"post","link":"https:\/\/schoenstatt.com\/de\/himmlische-ehrengaeste-ein-interview-mit-michael-defrancesco\/","title":{"rendered":"&#8222;Himmlische Ehreng\u00e4ste\u201d, ein Interview mit Michael Defrancesco"},"content":{"rendered":"<p>In einer Welt, in der immer mehr Menschen sich von der Kirche abwenden und sich von religi\u00f6sen Praktiken entfernen, kann es schwierig sein, \u00fcber Gott und den Glauben zu sprechen. Aber gerade in einer Zeit, in der viele Menschen nach Bedeutung und Orientierung suchen, kann es auch eine Chance sein, den Glauben auf eine neue und lebensnahe Weise zu vermitteln. In diesem Kontext kann das Buch &#8222;Himmlische Ehreng\u00e4ste &#8211; Familienleben mit dem Hausheiligtum\u201d einen Beitrag leisten, um das Gespr\u00e4ch \u00fcber Gott und den Glauben in der Familie zu erleichtern.<\/p>\n<h2><img fetchpriority=\"high\" decoding=\"async\" class=\"wp-image-29626 size-medium alignleft\" src=\"https:\/\/schoenstatt.com\/wp-content\/uploads\/2023\/03\/Himmlische-Ehrengaste-174x300.jpg\" alt=\"Himmlische Ehreng\u00e4ste1\" width=\"174\" height=\"300\" \/><\/h2>\n<p>Das Buch besch\u00e4ftigt sich mit dem Thema des Hausheiligtums, einem Ort des Gebets und zeigt, wie das Hausheiligtum als <a href=\"https:\/\/schoenstatt.com\/de\/familie\/wiederbelebung-der-familie-als-klares-instrument-der-evangelisierung\/\">Zentrum des Familienlebens<\/a> genutzt werden kann, um den Glauben und die spirituelle Praxis zu vertiefen und zu teilen. Durch die konkreten Beispiele bietet das Buch eine praktische Anleitung und Inspiration f\u00fcr Familien, die den Glauben in ihrem Alltag leben m\u00f6chten.<\/p>\n<p>Wir freuen uns und sind gespannt, mehr vom Autor \u00fcber seinen Hintergrund und seine Motivation f\u00fcr dieses Buch zu erfahren.<\/p>\n<h2>Herr Defrancesco, was war Ihre Inspiration, um &#8222;Himmlische Ehreng\u00e4ste&#8220; zu schreiben?<\/h2>\n<blockquote><p>Ich bin selbst mit einem Hausheiligtum aufgewachsen und habe daher von klein auf erlebt, wie segensreich es ist, solch einen Gnadenort in der eigenen Wohnung zu haben. Es war v\u00f6llig normal f\u00fcr mich, dass wir dort unsere Morgen- und Abendgebete gemacht haben, und ich habe es geliebt, mich dort aufzuhalten. Die Idee, daraus ein Buch zu machen, damit viele Familien mit dem Hausheiligtum in Kontakt kommen, ist nach und nach gereift. Nicht zuletzt wollte ich damit auch meiner inzwischen verstorbenen Mutter eine Freude machen: Denn sie war in den 60er-Jahren mit dabei, als Sch\u00f6nstattgr\u00fcnder P. Josef Kentenich in Milwaukee\/USA die Idee des Hausheiligtums entwickelte, und sie war bei den Ersten, die diese Idee mit nach Deutschland brachten.<\/p><\/blockquote>\n<h2>Welche Botschaft m\u00f6chten Sie den Leserinnen und Lesern vermitteln?<\/h2>\n<blockquote><p>Ich m\u00f6chte ein bisschen Werbung f\u00fcrs Hausheiligtum machen, da ich sicher bin, dass Familien sehr davon profitieren k\u00f6nnen. Das Hausheiligtum ist ja ein Gnadenort, den jede Familie in ihrer Wohnung oder in ihrem Haus einrichten kann. Singles und Alleinlebende k\u00f6nnen das nat\u00fcrlich auch tun. Ein solcher Ort entsteht ganz einfach: Man bringt ein Kreuz und ein Marienbild an der Wand an \u2013 idealerweise \u00fcber einer Kommode -, man stellt eine Kerze und vielleicht Blumen dazu und richtet so einen Ort f\u00fcr Jesus und Maria ein. Das Entscheidende ist dann der innere Vorgang: Wir laden Jesus und Maria ein, in unsere Wohnung zu kommen und in ihrem Ehrenplatz dauerhaft bei uns zu wohnen. Wir haben also \u201ehimmlische Ehreng\u00e4ste\u201c bei uns \u2013 und als gute G\u00e4ste bringen Jesus und Maria auch Gastgeschenke mit. Was das ist? Da kann sich die Familie auf viele positive Dinge freuen.<\/p><\/blockquote>\n<h2>Welche Herausforderungen haben Sie beim Schreiben des Buches erlebt und wie haben Sie sie bew\u00e4ltigt?<\/h2>\n<blockquote><p>Tats\u00e4chlich gab es bei diesem Buch keine Herausforderungen zu bew\u00e4ltigen \u2013 ich habe es quasi in einem Rutsch geschrieben. Ich habe zum einen auf pers\u00f6nliche Erfahrungen zur\u00fcckgegriffen und zum anderen mit verschiedenen Familien, Sch\u00f6nstattpatres und Marienschwestern gesprochen und habe so viele lebensnahe Erfahrungen einflie\u00dfen lassen. Mir hat das Schreiben wirklich viel Freude gemacht \u2013 ich hoffe sehr, dass man das beim Lesen auch sp\u00fcrt.<\/p><\/blockquote>\n<h2>Innerhalb Sch\u00f6nstatts wei\u00df man, was das Hausheiligtum bedeutet. Geht es in Ihrem Buch um eine reine Erkl\u00e4rung dieses Begriffs f\u00fcr die Leserinnen und Leser?<\/h2>\n<blockquote><p>Nein, theoretische Abhandlungen habe ich schon w\u00e4hrend meines Studiums nicht gern geschrieben. Ich bin eher daf\u00fcr geeignet, lebensnah und praxisnah zu schreiben \u2013 und vor allen Dingen auch in einer Sprache, die jeder verstehen kann. Zumindest ist das mein Anspruch \u2013 ob ich dem gerecht werde, m\u00fcssen die Leserinnen und Leser entscheiden. Mir ist es wichtig, auch Nicht-Sch\u00f6nst\u00e4ttern das Hausheiligtum nahezubringen.<\/p><\/blockquote>\n<h2>Was erhoffen Sie, was Ihre Leserinnen und Leser durch dieses Buch in Bezug auf den Glauben erfahren oder gewinnen k\u00f6nnen?<\/h2>\n<blockquote><p>Ein Hausheiligtum wirkt Schritt f\u00fcr Schritt \u2013 man baut zu Jesus und Maria eine echte Beziehung auf. Das ist wie bei einer Freundschaft: Wenn man sie pflegt, dann tr\u00e4gt sie. Wenn man Freunde links liegen l\u00e4sst und sich nicht mehr meldet, dann schl\u00e4ft die Beziehung ein. Bei unserer Beziehung zu Jesus und Maria ist es \u00e4hnlich. Wenn wir unseren Gnadenort zu Hause lebendig halten, dann sp\u00fcren wir, wie uns Jesus und Maria im Alltag helfen und uns tragen \u2013 und da das positive Auswirkungen auf eine Familie hat, sollte nat\u00fcrlich jede Familie ein Hausheiligtum haben.<\/p><\/blockquote>\n<figure id=\"attachment_29605\" aria-describedby=\"caption-attachment-29605\" style=\"width: 150px\" class=\"wp-caption alignright\"><img decoding=\"async\" class=\"wp-image-29605 size-thumbnail\" src=\"https:\/\/schoenstatt.com\/wp-content\/uploads\/2023\/03\/Autorenfoto-150x150.jpg\" alt=\"Himmlische Ehreng\u00e4ste\" width=\"150\" height=\"150\" \/><figcaption id=\"caption-attachment-29605\" class=\"wp-caption-text\">Michael Defrancesco, Autor<\/figcaption><\/figure>\n<p>Wir w\u00fcnschen Ihnen, dass Ihr Buch dazu beitragen wird, vielen Familien zu helfen, ihre Beziehung zu Gott im Alltag zu vertiefen. Herzlichen Dank f\u00fcr Ihre Zeit und Ihre wertvollen Einsichten.<\/p>\n<p style=\"font-size: 11px;\">Neueste Publikationen:<br \/>\n<a href=\"https:\/\/www.echter.de\/Himmlische-Ehrengaeste-\/books\/hieh433627\/\">\u201eHimmlische Ehreng\u00e4ste &#8211; Familienleben mit dem Hausheiligtum\u201c (Echter Verlag, 2023)\u00a0<\/a><br \/>\n<a href=\"https:\/\/www.echter.de\/Gott-braucht-dich\/books\/jeisb440246\/\">\u201eGott braucht dich &#8211; Warum wir \u00fcber Berufung sprechen sollten\u201c (Echter Verlag, 2022)<\/a><\/p>\n<p>&nbsp;<\/p>\n","protected":false},"excerpt":{"rendered":"<p>Sch\u00f6nstatt International hatte die M\u00f6glichkeit, ein kurzes Interview mit Michael Defrancesco, dem Autor des Buches &#8222;Himmlische Ehreng\u00e4ste &#8211; Familienleben mit dem Hausheiligtum&#8220;, zu f\u00fchren.<\/p>\n","protected":false},"author":6,"featured_media":29613,"comment_status":"closed","ping_status":"closed","sticky":false,"template":"","format":"standard","meta":{"footnotes":""},"categories":[874,910,914],"tags":[],"class_list":["post-29592","post","type-post","status-publish","format-standard","has-post-thumbnail","hentry","category-familie-de","category-gesellschaft-de","category-spiritualitat-de"],"yoast_head":"<!-- This site is optimized with the Yoast SEO Premium plugin v27.4 (Yoast SEO v27.4) - https:\/\/yoast.com\/product\/yoast-seo-premium-wordpress\/ -->\n<title>&quot;Himmlische Ehreng\u00e4ste\u201d, ein Interview mit Michael Defrancesco<\/title>\n<meta name=\"description\" content=\"Ein Interview, mit dem Autor dieses Buches, das das Gespr\u00e4ch \u00fcber Gott im Alltag und den Glauben in der Familie erleichtern kann.\" \/>\n<meta name=\"robots\" content=\"index, follow, max-snippet:-1, max-image-preview:large, max-video-preview:-1\" \/>\n<link rel=\"canonical\" href=\"https:\/\/schoenstatt.com\/de\/himmlische-ehrengaeste-ein-interview-mit-michael-defrancesco\/\" \/>\n<meta property=\"og:locale\" content=\"de_DE\" \/>\n<meta property=\"og:type\" content=\"article\" \/>\n<meta property=\"og:title\" content=\"&quot;Himmlische Ehreng\u00e4ste\u201d, ein Interview mit Michael Defrancesco\" \/>\n<meta property=\"og:description\" content=\"Ein Interview, mit dem Autor dieses Buches, das das Gespr\u00e4ch \u00fcber Gott im Alltag und den Glauben in der Familie erleichtern kann.\" \/>\n<meta property=\"og:url\" content=\"https:\/\/schoenstatt.com\/de\/himmlische-ehrengaeste-ein-interview-mit-michael-defrancesco\/\" \/>\n<meta property=\"og:site_name\" content=\"Schoenstatt\" \/>\n<meta property=\"article:published_time\" content=\"2023-03-14T08:00:24+00:00\" \/>\n<meta property=\"article:modified_time\" content=\"2025-05-15T18:41:14+00:00\" \/>\n<meta property=\"og:image\" content=\"https:\/\/schoenstatt.com\/wp-content\/uploads\/2023\/03\/QKSF8733-scaled-concentrate-e1678709318295-1.jpg\" \/>\n\t<meta property=\"og:image:width\" content=\"1186\" \/>\n\t<meta property=\"og:image:height\" content=\"658\" \/>\n\t<meta property=\"og:image:type\" content=\"image\/jpeg\" \/>\n<meta name=\"author\" content=\"Vanessa Franke\" \/>\n<meta name=\"twitter:card\" content=\"summary_large_image\" \/>\n<meta name=\"twitter:label1\" content=\"Verfasst von\" \/>\n\t<meta name=\"twitter:data1\" content=\"Vanessa Franke\" \/>\n\t<meta name=\"twitter:label2\" content=\"Gesch\u00e4tzte Lesezeit\" \/>\n\t<meta name=\"twitter:data2\" content=\"4\u00a0Minuten\" \/>\n<script type=\"application\/ld+json\" class=\"yoast-schema-graph\">{\"@context\":\"https:\\\/\\\/schema.org\",\"@graph\":[{\"@type\":\"Article\",\"@id\":\"https:\\\/\\\/schoenstatt.com\\\/de\\\/himmlische-ehrengaeste-ein-interview-mit-michael-defrancesco\\\/#article\",\"isPartOf\":{\"@id\":\"https:\\\/\\\/schoenstatt.com\\\/de\\\/himmlische-ehrengaeste-ein-interview-mit-michael-defrancesco\\\/\"},\"author\":{\"name\":\"Vanessa Franke\",\"@id\":\"https:\\\/\\\/schoenstatt.com\\\/de\\\/#\\\/schema\\\/person\\\/ea97a60c723e21c923e2177f0f3163f7\"},\"headline\":\"&#8222;Himmlische Ehreng\u00e4ste\u201d, ein Interview mit Michael Defrancesco\",\"datePublished\":\"2023-03-14T08:00:24+00:00\",\"dateModified\":\"2025-05-15T18:41:14+00:00\",\"mainEntityOfPage\":{\"@id\":\"https:\\\/\\\/schoenstatt.com\\\/de\\\/himmlische-ehrengaeste-ein-interview-mit-michael-defrancesco\\\/\"},\"wordCount\":840,\"publisher\":{\"@id\":\"https:\\\/\\\/schoenstatt.com\\\/de\\\/#organization\"},\"image\":{\"@id\":\"https:\\\/\\\/schoenstatt.com\\\/de\\\/himmlische-ehrengaeste-ein-interview-mit-michael-defrancesco\\\/#primaryimage\"},\"thumbnailUrl\":\"https:\\\/\\\/schoenstatt.com\\\/wp-content\\\/uploads\\\/2023\\\/03\\\/QKSF8733-scaled-concentrate-e1678709318295-1.jpg\",\"articleSection\":[\"Familie\",\"Gesellschaft\",\"Spiritualit\u00e4t\"],\"inLanguage\":\"de\"},{\"@type\":\"WebPage\",\"@id\":\"https:\\\/\\\/schoenstatt.com\\\/de\\\/himmlische-ehrengaeste-ein-interview-mit-michael-defrancesco\\\/\",\"url\":\"https:\\\/\\\/schoenstatt.com\\\/de\\\/himmlische-ehrengaeste-ein-interview-mit-michael-defrancesco\\\/\",\"name\":\"\\\"Himmlische Ehreng\u00e4ste\u201d, ein Interview mit Michael Defrancesco\",\"isPartOf\":{\"@id\":\"https:\\\/\\\/schoenstatt.com\\\/de\\\/#website\"},\"primaryImageOfPage\":{\"@id\":\"https:\\\/\\\/schoenstatt.com\\\/de\\\/himmlische-ehrengaeste-ein-interview-mit-michael-defrancesco\\\/#primaryimage\"},\"image\":{\"@id\":\"https:\\\/\\\/schoenstatt.com\\\/de\\\/himmlische-ehrengaeste-ein-interview-mit-michael-defrancesco\\\/#primaryimage\"},\"thumbnailUrl\":\"https:\\\/\\\/schoenstatt.com\\\/wp-content\\\/uploads\\\/2023\\\/03\\\/QKSF8733-scaled-concentrate-e1678709318295-1.jpg\",\"datePublished\":\"2023-03-14T08:00:24+00:00\",\"dateModified\":\"2025-05-15T18:41:14+00:00\",\"description\":\"Ein Interview, mit dem Autor dieses Buches, das das Gespr\u00e4ch \u00fcber Gott im Alltag und den Glauben in der Familie erleichtern kann.\",\"breadcrumb\":{\"@id\":\"https:\\\/\\\/schoenstatt.com\\\/de\\\/himmlische-ehrengaeste-ein-interview-mit-michael-defrancesco\\\/#breadcrumb\"},\"inLanguage\":\"de\",\"potentialAction\":[{\"@type\":\"ReadAction\",\"target\":[\"https:\\\/\\\/schoenstatt.com\\\/de\\\/himmlische-ehrengaeste-ein-interview-mit-michael-defrancesco\\\/\"]}]},{\"@type\":\"ImageObject\",\"inLanguage\":\"de\",\"@id\":\"https:\\\/\\\/schoenstatt.com\\\/de\\\/himmlische-ehrengaeste-ein-interview-mit-michael-defrancesco\\\/#primaryimage\",\"url\":\"https:\\\/\\\/schoenstatt.com\\\/wp-content\\\/uploads\\\/2023\\\/03\\\/QKSF8733-scaled-concentrate-e1678709318295-1.jpg\",\"contentUrl\":\"https:\\\/\\\/schoenstatt.com\\\/wp-content\\\/uploads\\\/2023\\\/03\\\/QKSF8733-scaled-concentrate-e1678709318295-1.jpg\",\"width\":1186,\"height\":658,\"caption\":\"Himmlische Ehreng\u00e4ste\"},{\"@type\":\"BreadcrumbList\",\"@id\":\"https:\\\/\\\/schoenstatt.com\\\/de\\\/himmlische-ehrengaeste-ein-interview-mit-michael-defrancesco\\\/#breadcrumb\",\"itemListElement\":[{\"@type\":\"ListItem\",\"position\":1,\"name\":\"Portada\",\"item\":\"https:\\\/\\\/schoenstatt.com\\\/de\\\/home\\\/\"},{\"@type\":\"ListItem\",\"position\":2,\"name\":\"\u00abHimmlische Ehreng\u00e4ste\u201d, ein Interview mit Michael Defrancesco\"}]},{\"@type\":\"WebSite\",\"@id\":\"https:\\\/\\\/schoenstatt.com\\\/de\\\/#website\",\"url\":\"https:\\\/\\\/schoenstatt.com\\\/de\\\/\",\"name\":\"Schoenstatt\",\"description\":\"Apostolic Movement\",\"publisher\":{\"@id\":\"https:\\\/\\\/schoenstatt.com\\\/de\\\/#organization\"},\"potentialAction\":[{\"@type\":\"SearchAction\",\"target\":{\"@type\":\"EntryPoint\",\"urlTemplate\":\"https:\\\/\\\/schoenstatt.com\\\/de\\\/?s={search_term_string}\"},\"query-input\":{\"@type\":\"PropertyValueSpecification\",\"valueRequired\":true,\"valueName\":\"search_term_string\"}}],\"inLanguage\":\"de\"},{\"@type\":\"Organization\",\"@id\":\"https:\\\/\\\/schoenstatt.com\\\/de\\\/#organization\",\"name\":\"Schoenstatt\",\"url\":\"https:\\\/\\\/schoenstatt.com\\\/de\\\/\",\"logo\":{\"@type\":\"ImageObject\",\"inLanguage\":\"de\",\"@id\":\"https:\\\/\\\/schoenstatt.com\\\/de\\\/#\\\/schema\\\/logo\\\/image\\\/\",\"url\":\"https:\\\/\\\/schoenstatt.com\\\/wp-content\\\/uploads\\\/2025\\\/04\\\/logo-schoenstatt-white-696x696-1.png\",\"contentUrl\":\"https:\\\/\\\/schoenstatt.com\\\/wp-content\\\/uploads\\\/2025\\\/04\\\/logo-schoenstatt-white-696x696-1.png\",\"width\":696,\"height\":694,\"caption\":\"Schoenstatt\"},\"image\":{\"@id\":\"https:\\\/\\\/schoenstatt.com\\\/de\\\/#\\\/schema\\\/logo\\\/image\\\/\"}},{\"@type\":\"Person\",\"@id\":\"https:\\\/\\\/schoenstatt.com\\\/de\\\/#\\\/schema\\\/person\\\/ea97a60c723e21c923e2177f0f3163f7\",\"name\":\"Vanessa Franke\",\"image\":{\"@type\":\"ImageObject\",\"inLanguage\":\"de\",\"@id\":\"https:\\\/\\\/secure.gravatar.com\\\/avatar\\\/a9bcca3409928ccd3195eca11e2ccbb2e5d7c7912e9a945d4f326f81a0a5cb4a?s=96&d=mm&r=g\",\"url\":\"https:\\\/\\\/secure.gravatar.com\\\/avatar\\\/a9bcca3409928ccd3195eca11e2ccbb2e5d7c7912e9a945d4f326f81a0a5cb4a?s=96&d=mm&r=g\",\"contentUrl\":\"https:\\\/\\\/secure.gravatar.com\\\/avatar\\\/a9bcca3409928ccd3195eca11e2ccbb2e5d7c7912e9a945d4f326f81a0a5cb4a?s=96&d=mm&r=g\",\"caption\":\"Vanessa Franke\"},\"url\":\"https:\\\/\\\/schoenstatt.com\\\/de\\\/author\\\/vanessa-franke\\\/\"}]}<\/script>\n<!-- \/ Yoast SEO Premium plugin. -->","yoast_head_json":{"title":"\"Himmlische Ehreng\u00e4ste\u201d, ein Interview mit Michael Defrancesco","description":"Ein Interview, mit dem Autor dieses Buches, das das Gespr\u00e4ch \u00fcber Gott im Alltag und den Glauben in der Familie erleichtern kann.","robots":{"index":"index","follow":"follow","max-snippet":"max-snippet:-1","max-image-preview":"max-image-preview:large","max-video-preview":"max-video-preview:-1"},"canonical":"https:\/\/schoenstatt.com\/de\/himmlische-ehrengaeste-ein-interview-mit-michael-defrancesco\/","og_locale":"de_DE","og_type":"article","og_title":"\"Himmlische Ehreng\u00e4ste\u201d, ein Interview mit Michael Defrancesco","og_description":"Ein Interview, mit dem Autor dieses Buches, das das Gespr\u00e4ch \u00fcber Gott im Alltag und den Glauben in der Familie erleichtern kann.","og_url":"https:\/\/schoenstatt.com\/de\/himmlische-ehrengaeste-ein-interview-mit-michael-defrancesco\/","og_site_name":"Schoenstatt","article_published_time":"2023-03-14T08:00:24+00:00","article_modified_time":"2025-05-15T18:41:14+00:00","og_image":[{"width":1186,"height":658,"url":"https:\/\/schoenstatt.com\/wp-content\/uploads\/2023\/03\/QKSF8733-scaled-concentrate-e1678709318295-1.jpg","type":"image\/jpeg"}],"author":"Vanessa Franke","twitter_card":"summary_large_image","twitter_misc":{"Verfasst von":"Vanessa Franke","Gesch\u00e4tzte Lesezeit":"4\u00a0Minuten"},"schema":{"@context":"https:\/\/schema.org","@graph":[{"@type":"Article","@id":"https:\/\/schoenstatt.com\/de\/himmlische-ehrengaeste-ein-interview-mit-michael-defrancesco\/#article","isPartOf":{"@id":"https:\/\/schoenstatt.com\/de\/himmlische-ehrengaeste-ein-interview-mit-michael-defrancesco\/"},"author":{"name":"Vanessa Franke","@id":"https:\/\/schoenstatt.com\/de\/#\/schema\/person\/ea97a60c723e21c923e2177f0f3163f7"},"headline":"&#8222;Himmlische Ehreng\u00e4ste\u201d, ein Interview mit Michael Defrancesco","datePublished":"2023-03-14T08:00:24+00:00","dateModified":"2025-05-15T18:41:14+00:00","mainEntityOfPage":{"@id":"https:\/\/schoenstatt.com\/de\/himmlische-ehrengaeste-ein-interview-mit-michael-defrancesco\/"},"wordCount":840,"publisher":{"@id":"https:\/\/schoenstatt.com\/de\/#organization"},"image":{"@id":"https:\/\/schoenstatt.com\/de\/himmlische-ehrengaeste-ein-interview-mit-michael-defrancesco\/#primaryimage"},"thumbnailUrl":"https:\/\/schoenstatt.com\/wp-content\/uploads\/2023\/03\/QKSF8733-scaled-concentrate-e1678709318295-1.jpg","articleSection":["Familie","Gesellschaft","Spiritualit\u00e4t"],"inLanguage":"de"},{"@type":"WebPage","@id":"https:\/\/schoenstatt.com\/de\/himmlische-ehrengaeste-ein-interview-mit-michael-defrancesco\/","url":"https:\/\/schoenstatt.com\/de\/himmlische-ehrengaeste-ein-interview-mit-michael-defrancesco\/","name":"\"Himmlische Ehreng\u00e4ste\u201d, ein Interview mit Michael Defrancesco","isPartOf":{"@id":"https:\/\/schoenstatt.com\/de\/#website"},"primaryImageOfPage":{"@id":"https:\/\/schoenstatt.com\/de\/himmlische-ehrengaeste-ein-interview-mit-michael-defrancesco\/#primaryimage"},"image":{"@id":"https:\/\/schoenstatt.com\/de\/himmlische-ehrengaeste-ein-interview-mit-michael-defrancesco\/#primaryimage"},"thumbnailUrl":"https:\/\/schoenstatt.com\/wp-content\/uploads\/2023\/03\/QKSF8733-scaled-concentrate-e1678709318295-1.jpg","datePublished":"2023-03-14T08:00:24+00:00","dateModified":"2025-05-15T18:41:14+00:00","description":"Ein Interview, mit dem Autor dieses Buches, das das Gespr\u00e4ch \u00fcber Gott im Alltag und den Glauben in der Familie erleichtern kann.","breadcrumb":{"@id":"https:\/\/schoenstatt.com\/de\/himmlische-ehrengaeste-ein-interview-mit-michael-defrancesco\/#breadcrumb"},"inLanguage":"de","potentialAction":[{"@type":"ReadAction","target":["https:\/\/schoenstatt.com\/de\/himmlische-ehrengaeste-ein-interview-mit-michael-defrancesco\/"]}]},{"@type":"ImageObject","inLanguage":"de","@id":"https:\/\/schoenstatt.com\/de\/himmlische-ehrengaeste-ein-interview-mit-michael-defrancesco\/#primaryimage","url":"https:\/\/schoenstatt.com\/wp-content\/uploads\/2023\/03\/QKSF8733-scaled-concentrate-e1678709318295-1.jpg","contentUrl":"https:\/\/schoenstatt.com\/wp-content\/uploads\/2023\/03\/QKSF8733-scaled-concentrate-e1678709318295-1.jpg","width":1186,"height":658,"caption":"Himmlische Ehreng\u00e4ste"},{"@type":"BreadcrumbList","@id":"https:\/\/schoenstatt.com\/de\/himmlische-ehrengaeste-ein-interview-mit-michael-defrancesco\/#breadcrumb","itemListElement":[{"@type":"ListItem","position":1,"name":"Portada","item":"https:\/\/schoenstatt.com\/de\/home\/"},{"@type":"ListItem","position":2,"name":"\u00abHimmlische Ehreng\u00e4ste\u201d, ein Interview mit Michael Defrancesco"}]},{"@type":"WebSite","@id":"https:\/\/schoenstatt.com\/de\/#website","url":"https:\/\/schoenstatt.com\/de\/","name":"Schoenstatt","description":"Apostolic Movement","publisher":{"@id":"https:\/\/schoenstatt.com\/de\/#organization"},"potentialAction":[{"@type":"SearchAction","target":{"@type":"EntryPoint","urlTemplate":"https:\/\/schoenstatt.com\/de\/?s={search_term_string}"},"query-input":{"@type":"PropertyValueSpecification","valueRequired":true,"valueName":"search_term_string"}}],"inLanguage":"de"},{"@type":"Organization","@id":"https:\/\/schoenstatt.com\/de\/#organization","name":"Schoenstatt","url":"https:\/\/schoenstatt.com\/de\/","logo":{"@type":"ImageObject","inLanguage":"de","@id":"https:\/\/schoenstatt.com\/de\/#\/schema\/logo\/image\/","url":"https:\/\/schoenstatt.com\/wp-content\/uploads\/2025\/04\/logo-schoenstatt-white-696x696-1.png","contentUrl":"https:\/\/schoenstatt.com\/wp-content\/uploads\/2025\/04\/logo-schoenstatt-white-696x696-1.png","width":696,"height":694,"caption":"Schoenstatt"},"image":{"@id":"https:\/\/schoenstatt.com\/de\/#\/schema\/logo\/image\/"}},{"@type":"Person","@id":"https:\/\/schoenstatt.com\/de\/#\/schema\/person\/ea97a60c723e21c923e2177f0f3163f7","name":"Vanessa Franke","image":{"@type":"ImageObject","inLanguage":"de","@id":"https:\/\/secure.gravatar.com\/avatar\/a9bcca3409928ccd3195eca11e2ccbb2e5d7c7912e9a945d4f326f81a0a5cb4a?s=96&d=mm&r=g","url":"https:\/\/secure.gravatar.com\/avatar\/a9bcca3409928ccd3195eca11e2ccbb2e5d7c7912e9a945d4f326f81a0a5cb4a?s=96&d=mm&r=g","contentUrl":"https:\/\/secure.gravatar.com\/avatar\/a9bcca3409928ccd3195eca11e2ccbb2e5d7c7912e9a945d4f326f81a0a5cb4a?s=96&d=mm&r=g","caption":"Vanessa Franke"},"url":"https:\/\/schoenstatt.com\/de\/author\/vanessa-franke\/"}]}},"_links":{"self":[{"href":"https:\/\/schoenstatt.com\/de\/wp-json\/wp\/v2\/posts\/29592","targetHints":{"allow":["GET"]}}],"collection":[{"href":"https:\/\/schoenstatt.com\/de\/wp-json\/wp\/v2\/posts"}],"about":[{"href":"https:\/\/schoenstatt.com\/de\/wp-json\/wp\/v2\/types\/post"}],"author":[{"embeddable":true,"href":"https:\/\/schoenstatt.com\/de\/wp-json\/wp\/v2\/users\/6"}],"replies":[{"embeddable":true,"href":"https:\/\/schoenstatt.com\/de\/wp-json\/wp\/v2\/comments?post=29592"}],"version-history":[{"count":1,"href":"https:\/\/schoenstatt.com\/de\/wp-json\/wp\/v2\/posts\/29592\/revisions"}],"predecessor-version":[{"id":45884,"href":"https:\/\/schoenstatt.com\/de\/wp-json\/wp\/v2\/posts\/29592\/revisions\/45884"}],"wp:featuredmedia":[{"embeddable":true,"href":"https:\/\/schoenstatt.com\/de\/wp-json\/wp\/v2\/media\/29613"}],"wp:attachment":[{"href":"https:\/\/schoenstatt.com\/de\/wp-json\/wp\/v2\/media?parent=29592"}],"wp:term":[{"taxonomy":"category","embeddable":true,"href":"https:\/\/schoenstatt.com\/de\/wp-json\/wp\/v2\/categories?post=29592"},{"taxonomy":"post_tag","embeddable":true,"href":"https:\/\/schoenstatt.com\/de\/wp-json\/wp\/v2\/tags?post=29592"}],"curies":[{"name":"wp","href":"https:\/\/api.w.org\/{rel}","templated":true}]}}