{"id":29370,"date":"2023-03-17T12:11:37","date_gmt":"2023-03-17T11:11:37","guid":{"rendered":"https:\/\/schoenstatt.com\/?p=29370"},"modified":"2025-05-15T20:38:50","modified_gmt":"2025-05-15T18:38:50","slug":"nach-prag-bischoefe-verpflichten-sich-zu-synodalitaet","status":"publish","type":"post","link":"https:\/\/schoenstatt.com\/de\/nach-prag-bischoefe-verpflichten-sich-zu-synodalitaet\/","title":{"rendered":"Nach Prag: Bisch\u00f6fe verpflichten sich zu Synodalit\u00e4t"},"content":{"rendered":"<p>In den Tagen zuvor hatten sich die Bisch\u00f6fe bereits gemeinsam mit den Delegationen der 39 europ\u00e4ischen Bischofskonferenzen im Rahmen der Kontinentalen Versammlung f\u00fcr die <a href=\"https:\/\/schoenstatt.com\/de\/kirche\/synodalitaet-in-schoenstatt-ein-dienst-am-leben\/\">Weltsynode<\/a> abgestimmt.<\/p>\n<p>Thematisch f\u00fcgt das Statement dem Abschluss-Dokument, das durch das Redaktions-Team auf Grundlage der L\u00e4nderberichte und Wortmeldungen w\u00e4hrend der Arbeiten erstellt wurde, nichts hinzu. Dieses werde in K\u00fcrze ver\u00f6ffentlicht und den Beitrag der europ\u00e4ischen Ortskirchen f\u00fcr das Instrumentum laboris der kommenden Synode zur Synodalit\u00e4t darstellen, hei\u00dft es in der Aussendung weiter.<\/p>\n<p>Bei ihrem zweit\u00e4gigen Treffen im Anschluss an die gro\u00dfe Runde hatten die Bisch\u00f6fe unter sich nochmals die Herausforderungen und Themen umrissen, die es zu entwickeln gilt, um den synodalen Prozess in der Kirche in die Praxis umzusetzen.<\/p>\n<h3>Klares Zeichen der Zugeh\u00f6rigkeit zu Christus<\/h3>\n<p>In ihrem eigenen Schlusswort betonen die Bisch\u00f6fe nun, dass \u201edas gegenseitige Zuh\u00f6ren, der fruchtbare Dialog und der Bericht dar\u00fcber, wie unsere kirchlichen Gemeinschaften die erste Phase des synodalen Prozesses gelebt und sich auf diesen kontinentalen Termin vorbereitet haben\u201c, \u201edas klare Zeichen der Zugeh\u00f6rigkeit zu Christus\u201c sind.<\/p>\n<p>Sie verpflichteten sich daher, \u201eden synodalen Prozess in den Strukturen und Erfahrungen unserer Di\u00f6zesen weiter zu leben und zu f\u00f6rdern\u201c und \u201edie Hinweise des Heiligen Vaters, des Nachfolgers Petri, f\u00fcr eine synodale Kirche zu unterst\u00fctzen, die von der Erfahrung der Gemeinschaft, der Teilhabe und der Sendung in Christus gen\u00e4hrt wird\u201c.<\/p>\n<h3>Delegierte aus ganz Europa<\/h3>\n<p>An der kontinentalen Versammlung der Synode in Prag nahmen rund 200 Personen teil, davon 156 Delegierte aus den 39 europ\u00e4ischen Bischofskonferenzen und 44 auf Einladung des Rates der europ\u00e4ischen Bischofskonferenzen. Hinzu kamen 270 Online-Delegierte. Die Versammlung fand vom 5. bis 9. Februar statt und endete mit der Annahme eines Abschlussdokuments, das auch von den Bisch\u00f6fen auf ihrer letzten Sitzung angenommen wurde.<\/p>\n<p>&nbsp;<\/p>\n<p>Quelle: <a href=\"https:\/\/www.vaticannews.va\/\">Vatican News<\/a><\/p>\n","protected":false},"excerpt":{"rendered":"<p>Der Weiterentwicklung einer \u201esynodalen Kirche\u201c haben sich die Europ\u00e4ischen Bisch\u00f6fe verpflichtet: Das geht aus dem Statement hervor, das die CCEE nach den zweit\u00e4gigen Beratungen der Vorsitzenden der nationalen europ\u00e4ischen Bischofskonferenzen in Prag ver\u00f6ffentlicht hat.<\/p>\n","protected":false},"author":3,"featured_media":29371,"comment_status":"closed","ping_status":"closed","sticky":false,"template":"","format":"standard","meta":{"footnotes":""},"categories":[914],"tags":[],"class_list":["post-29370","post","type-post","status-publish","format-standard","has-post-thumbnail","hentry","category-spiritualitat-de"],"yoast_head":"<!-- This site is optimized with the Yoast SEO Premium plugin v27.4 (Yoast SEO v27.4) - https:\/\/yoast.com\/product\/yoast-seo-premium-wordpress\/ -->\n<title>Nach Prag: Bisch\u00f6fe verpflichten sich zu Synodalit\u00e4t - Schoenstatt<\/title>\n<meta name=\"description\" content=\"Bisch\u00f6fe aus 39 Bischofskonferenzen sind in diesen Tagen im Rahmen der Kontinentalversammlung zur Weltsynode zusammengekommen.\" \/>\n<meta name=\"robots\" content=\"index, follow, max-snippet:-1, max-image-preview:large, max-video-preview:-1\" \/>\n<link rel=\"canonical\" href=\"https:\/\/schoenstatt.com\/de\/nach-prag-bischoefe-verpflichten-sich-zu-synodalitaet\/\" \/>\n<meta property=\"og:locale\" content=\"de_DE\" \/>\n<meta property=\"og:type\" content=\"article\" \/>\n<meta property=\"og:title\" content=\"Nach Prag: Bisch\u00f6fe verpflichten sich zu Synodalit\u00e4t\" \/>\n<meta property=\"og:description\" content=\"Bisch\u00f6fe aus 39 Bischofskonferenzen sind in diesen Tagen im Rahmen der Kontinentalversammlung zur Weltsynode zusammengekommen.\" \/>\n<meta property=\"og:url\" content=\"https:\/\/schoenstatt.com\/de\/nach-prag-bischoefe-verpflichten-sich-zu-synodalitaet\/\" \/>\n<meta property=\"og:site_name\" content=\"Schoenstatt\" \/>\n<meta property=\"article:published_time\" content=\"2023-03-17T11:11:37+00:00\" \/>\n<meta property=\"article:modified_time\" content=\"2025-05-15T18:38:50+00:00\" \/>\n<meta property=\"og:image\" content=\"https:\/\/schoenstatt.com\/wp-content\/uploads\/2023\/02\/cq5dam.thumbnail.cropped.750.422-9-1.jpeg\" \/>\n\t<meta property=\"og:image:width\" content=\"750\" \/>\n\t<meta property=\"og:image:height\" content=\"422\" \/>\n\t<meta property=\"og:image:type\" content=\"image\/jpeg\" \/>\n<meta name=\"author\" content=\"Karen Bueno\" \/>\n<meta name=\"twitter:card\" content=\"summary_large_image\" \/>\n<meta name=\"twitter:label1\" content=\"Verfasst von\" \/>\n\t<meta name=\"twitter:data1\" content=\"Karen Bueno\" \/>\n\t<meta name=\"twitter:label2\" content=\"Gesch\u00e4tzte Lesezeit\" \/>\n\t<meta name=\"twitter:data2\" content=\"2\u00a0Minuten\" \/>\n<script type=\"application\/ld+json\" class=\"yoast-schema-graph\">{\"@context\":\"https:\\\/\\\/schema.org\",\"@graph\":[{\"@type\":\"Article\",\"@id\":\"https:\\\/\\\/schoenstatt.com\\\/de\\\/nach-prag-bischoefe-verpflichten-sich-zu-synodalitaet\\\/#article\",\"isPartOf\":{\"@id\":\"https:\\\/\\\/schoenstatt.com\\\/de\\\/nach-prag-bischoefe-verpflichten-sich-zu-synodalitaet\\\/\"},\"author\":{\"name\":\"Karen Bueno\",\"@id\":\"https:\\\/\\\/schoenstatt.com\\\/de\\\/#\\\/schema\\\/person\\\/5158877ad4acae98b34daaeef2a1ce6e\"},\"headline\":\"Nach Prag: Bisch\u00f6fe verpflichten sich zu Synodalit\u00e4t\",\"datePublished\":\"2023-03-17T11:11:37+00:00\",\"dateModified\":\"2025-05-15T18:38:50+00:00\",\"mainEntityOfPage\":{\"@id\":\"https:\\\/\\\/schoenstatt.com\\\/de\\\/nach-prag-bischoefe-verpflichten-sich-zu-synodalitaet\\\/\"},\"wordCount\":313,\"publisher\":{\"@id\":\"https:\\\/\\\/schoenstatt.com\\\/de\\\/#organization\"},\"image\":{\"@id\":\"https:\\\/\\\/schoenstatt.com\\\/de\\\/nach-prag-bischoefe-verpflichten-sich-zu-synodalitaet\\\/#primaryimage\"},\"thumbnailUrl\":\"https:\\\/\\\/schoenstatt.com\\\/wp-content\\\/uploads\\\/2023\\\/02\\\/cq5dam.thumbnail.cropped.750.422-9-1.jpeg\",\"articleSection\":[\"Spiritualit\u00e4t\"],\"inLanguage\":\"de\"},{\"@type\":\"WebPage\",\"@id\":\"https:\\\/\\\/schoenstatt.com\\\/de\\\/nach-prag-bischoefe-verpflichten-sich-zu-synodalitaet\\\/\",\"url\":\"https:\\\/\\\/schoenstatt.com\\\/de\\\/nach-prag-bischoefe-verpflichten-sich-zu-synodalitaet\\\/\",\"name\":\"Nach Prag: Bisch\u00f6fe verpflichten sich zu Synodalit\u00e4t - Schoenstatt\",\"isPartOf\":{\"@id\":\"https:\\\/\\\/schoenstatt.com\\\/de\\\/#website\"},\"primaryImageOfPage\":{\"@id\":\"https:\\\/\\\/schoenstatt.com\\\/de\\\/nach-prag-bischoefe-verpflichten-sich-zu-synodalitaet\\\/#primaryimage\"},\"image\":{\"@id\":\"https:\\\/\\\/schoenstatt.com\\\/de\\\/nach-prag-bischoefe-verpflichten-sich-zu-synodalitaet\\\/#primaryimage\"},\"thumbnailUrl\":\"https:\\\/\\\/schoenstatt.com\\\/wp-content\\\/uploads\\\/2023\\\/02\\\/cq5dam.thumbnail.cropped.750.422-9-1.jpeg\",\"datePublished\":\"2023-03-17T11:11:37+00:00\",\"dateModified\":\"2025-05-15T18:38:50+00:00\",\"description\":\"Bisch\u00f6fe aus 39 Bischofskonferenzen sind in diesen Tagen im Rahmen der Kontinentalversammlung zur Weltsynode zusammengekommen.\",\"breadcrumb\":{\"@id\":\"https:\\\/\\\/schoenstatt.com\\\/de\\\/nach-prag-bischoefe-verpflichten-sich-zu-synodalitaet\\\/#breadcrumb\"},\"inLanguage\":\"de\",\"potentialAction\":[{\"@type\":\"ReadAction\",\"target\":[\"https:\\\/\\\/schoenstatt.com\\\/de\\\/nach-prag-bischoefe-verpflichten-sich-zu-synodalitaet\\\/\"]}]},{\"@type\":\"ImageObject\",\"inLanguage\":\"de\",\"@id\":\"https:\\\/\\\/schoenstatt.com\\\/de\\\/nach-prag-bischoefe-verpflichten-sich-zu-synodalitaet\\\/#primaryimage\",\"url\":\"https:\\\/\\\/schoenstatt.com\\\/wp-content\\\/uploads\\\/2023\\\/02\\\/cq5dam.thumbnail.cropped.750.422-9-1.jpeg\",\"contentUrl\":\"https:\\\/\\\/schoenstatt.com\\\/wp-content\\\/uploads\\\/2023\\\/02\\\/cq5dam.thumbnail.cropped.750.422-9-1.jpeg\",\"width\":750,\"height\":422},{\"@type\":\"BreadcrumbList\",\"@id\":\"https:\\\/\\\/schoenstatt.com\\\/de\\\/nach-prag-bischoefe-verpflichten-sich-zu-synodalitaet\\\/#breadcrumb\",\"itemListElement\":[{\"@type\":\"ListItem\",\"position\":1,\"name\":\"Portada\",\"item\":\"https:\\\/\\\/schoenstatt.com\\\/de\\\/home\\\/\"},{\"@type\":\"ListItem\",\"position\":2,\"name\":\"Nach Prag: Bisch\u00f6fe verpflichten sich zu Synodalit\u00e4t\"}]},{\"@type\":\"WebSite\",\"@id\":\"https:\\\/\\\/schoenstatt.com\\\/de\\\/#website\",\"url\":\"https:\\\/\\\/schoenstatt.com\\\/de\\\/\",\"name\":\"Schoenstatt\",\"description\":\"Apostolic Movement\",\"publisher\":{\"@id\":\"https:\\\/\\\/schoenstatt.com\\\/de\\\/#organization\"},\"potentialAction\":[{\"@type\":\"SearchAction\",\"target\":{\"@type\":\"EntryPoint\",\"urlTemplate\":\"https:\\\/\\\/schoenstatt.com\\\/de\\\/?s={search_term_string}\"},\"query-input\":{\"@type\":\"PropertyValueSpecification\",\"valueRequired\":true,\"valueName\":\"search_term_string\"}}],\"inLanguage\":\"de\"},{\"@type\":\"Organization\",\"@id\":\"https:\\\/\\\/schoenstatt.com\\\/de\\\/#organization\",\"name\":\"Schoenstatt\",\"url\":\"https:\\\/\\\/schoenstatt.com\\\/de\\\/\",\"logo\":{\"@type\":\"ImageObject\",\"inLanguage\":\"de\",\"@id\":\"https:\\\/\\\/schoenstatt.com\\\/de\\\/#\\\/schema\\\/logo\\\/image\\\/\",\"url\":\"https:\\\/\\\/schoenstatt.com\\\/wp-content\\\/uploads\\\/2025\\\/04\\\/logo-schoenstatt-white-696x696-1.png\",\"contentUrl\":\"https:\\\/\\\/schoenstatt.com\\\/wp-content\\\/uploads\\\/2025\\\/04\\\/logo-schoenstatt-white-696x696-1.png\",\"width\":696,\"height\":694,\"caption\":\"Schoenstatt\"},\"image\":{\"@id\":\"https:\\\/\\\/schoenstatt.com\\\/de\\\/#\\\/schema\\\/logo\\\/image\\\/\"}},{\"@type\":\"Person\",\"@id\":\"https:\\\/\\\/schoenstatt.com\\\/de\\\/#\\\/schema\\\/person\\\/5158877ad4acae98b34daaeef2a1ce6e\",\"name\":\"Karen Bueno\",\"image\":{\"@type\":\"ImageObject\",\"inLanguage\":\"de\",\"@id\":\"https:\\\/\\\/secure.gravatar.com\\\/avatar\\\/f9f4b823873154269d2b2130f195f6d41037dd0d7fc5f3cacb5c846bae70d66b?s=96&d=mm&r=g\",\"url\":\"https:\\\/\\\/secure.gravatar.com\\\/avatar\\\/f9f4b823873154269d2b2130f195f6d41037dd0d7fc5f3cacb5c846bae70d66b?s=96&d=mm&r=g\",\"contentUrl\":\"https:\\\/\\\/secure.gravatar.com\\\/avatar\\\/f9f4b823873154269d2b2130f195f6d41037dd0d7fc5f3cacb5c846bae70d66b?s=96&d=mm&r=g\",\"caption\":\"Karen Bueno\"},\"url\":\"https:\\\/\\\/schoenstatt.com\\\/de\\\/author\\\/karen-bueno\\\/\"}]}<\/script>\n<!-- \/ Yoast SEO Premium plugin. -->","yoast_head_json":{"title":"Nach Prag: Bisch\u00f6fe verpflichten sich zu Synodalit\u00e4t - Schoenstatt","description":"Bisch\u00f6fe aus 39 Bischofskonferenzen sind in diesen Tagen im Rahmen der Kontinentalversammlung zur Weltsynode zusammengekommen.","robots":{"index":"index","follow":"follow","max-snippet":"max-snippet:-1","max-image-preview":"max-image-preview:large","max-video-preview":"max-video-preview:-1"},"canonical":"https:\/\/schoenstatt.com\/de\/nach-prag-bischoefe-verpflichten-sich-zu-synodalitaet\/","og_locale":"de_DE","og_type":"article","og_title":"Nach Prag: Bisch\u00f6fe verpflichten sich zu Synodalit\u00e4t","og_description":"Bisch\u00f6fe aus 39 Bischofskonferenzen sind in diesen Tagen im Rahmen der Kontinentalversammlung zur Weltsynode zusammengekommen.","og_url":"https:\/\/schoenstatt.com\/de\/nach-prag-bischoefe-verpflichten-sich-zu-synodalitaet\/","og_site_name":"Schoenstatt","article_published_time":"2023-03-17T11:11:37+00:00","article_modified_time":"2025-05-15T18:38:50+00:00","og_image":[{"width":750,"height":422,"url":"https:\/\/schoenstatt.com\/wp-content\/uploads\/2023\/02\/cq5dam.thumbnail.cropped.750.422-9-1.jpeg","type":"image\/jpeg"}],"author":"Karen Bueno","twitter_card":"summary_large_image","twitter_misc":{"Verfasst von":"Karen Bueno","Gesch\u00e4tzte Lesezeit":"2\u00a0Minuten"},"schema":{"@context":"https:\/\/schema.org","@graph":[{"@type":"Article","@id":"https:\/\/schoenstatt.com\/de\/nach-prag-bischoefe-verpflichten-sich-zu-synodalitaet\/#article","isPartOf":{"@id":"https:\/\/schoenstatt.com\/de\/nach-prag-bischoefe-verpflichten-sich-zu-synodalitaet\/"},"author":{"name":"Karen Bueno","@id":"https:\/\/schoenstatt.com\/de\/#\/schema\/person\/5158877ad4acae98b34daaeef2a1ce6e"},"headline":"Nach Prag: Bisch\u00f6fe verpflichten sich zu Synodalit\u00e4t","datePublished":"2023-03-17T11:11:37+00:00","dateModified":"2025-05-15T18:38:50+00:00","mainEntityOfPage":{"@id":"https:\/\/schoenstatt.com\/de\/nach-prag-bischoefe-verpflichten-sich-zu-synodalitaet\/"},"wordCount":313,"publisher":{"@id":"https:\/\/schoenstatt.com\/de\/#organization"},"image":{"@id":"https:\/\/schoenstatt.com\/de\/nach-prag-bischoefe-verpflichten-sich-zu-synodalitaet\/#primaryimage"},"thumbnailUrl":"https:\/\/schoenstatt.com\/wp-content\/uploads\/2023\/02\/cq5dam.thumbnail.cropped.750.422-9-1.jpeg","articleSection":["Spiritualit\u00e4t"],"inLanguage":"de"},{"@type":"WebPage","@id":"https:\/\/schoenstatt.com\/de\/nach-prag-bischoefe-verpflichten-sich-zu-synodalitaet\/","url":"https:\/\/schoenstatt.com\/de\/nach-prag-bischoefe-verpflichten-sich-zu-synodalitaet\/","name":"Nach Prag: Bisch\u00f6fe verpflichten sich zu Synodalit\u00e4t - Schoenstatt","isPartOf":{"@id":"https:\/\/schoenstatt.com\/de\/#website"},"primaryImageOfPage":{"@id":"https:\/\/schoenstatt.com\/de\/nach-prag-bischoefe-verpflichten-sich-zu-synodalitaet\/#primaryimage"},"image":{"@id":"https:\/\/schoenstatt.com\/de\/nach-prag-bischoefe-verpflichten-sich-zu-synodalitaet\/#primaryimage"},"thumbnailUrl":"https:\/\/schoenstatt.com\/wp-content\/uploads\/2023\/02\/cq5dam.thumbnail.cropped.750.422-9-1.jpeg","datePublished":"2023-03-17T11:11:37+00:00","dateModified":"2025-05-15T18:38:50+00:00","description":"Bisch\u00f6fe aus 39 Bischofskonferenzen sind in diesen Tagen im Rahmen der Kontinentalversammlung zur Weltsynode zusammengekommen.","breadcrumb":{"@id":"https:\/\/schoenstatt.com\/de\/nach-prag-bischoefe-verpflichten-sich-zu-synodalitaet\/#breadcrumb"},"inLanguage":"de","potentialAction":[{"@type":"ReadAction","target":["https:\/\/schoenstatt.com\/de\/nach-prag-bischoefe-verpflichten-sich-zu-synodalitaet\/"]}]},{"@type":"ImageObject","inLanguage":"de","@id":"https:\/\/schoenstatt.com\/de\/nach-prag-bischoefe-verpflichten-sich-zu-synodalitaet\/#primaryimage","url":"https:\/\/schoenstatt.com\/wp-content\/uploads\/2023\/02\/cq5dam.thumbnail.cropped.750.422-9-1.jpeg","contentUrl":"https:\/\/schoenstatt.com\/wp-content\/uploads\/2023\/02\/cq5dam.thumbnail.cropped.750.422-9-1.jpeg","width":750,"height":422},{"@type":"BreadcrumbList","@id":"https:\/\/schoenstatt.com\/de\/nach-prag-bischoefe-verpflichten-sich-zu-synodalitaet\/#breadcrumb","itemListElement":[{"@type":"ListItem","position":1,"name":"Portada","item":"https:\/\/schoenstatt.com\/de\/home\/"},{"@type":"ListItem","position":2,"name":"Nach Prag: Bisch\u00f6fe verpflichten sich zu Synodalit\u00e4t"}]},{"@type":"WebSite","@id":"https:\/\/schoenstatt.com\/de\/#website","url":"https:\/\/schoenstatt.com\/de\/","name":"Schoenstatt","description":"Apostolic Movement","publisher":{"@id":"https:\/\/schoenstatt.com\/de\/#organization"},"potentialAction":[{"@type":"SearchAction","target":{"@type":"EntryPoint","urlTemplate":"https:\/\/schoenstatt.com\/de\/?s={search_term_string}"},"query-input":{"@type":"PropertyValueSpecification","valueRequired":true,"valueName":"search_term_string"}}],"inLanguage":"de"},{"@type":"Organization","@id":"https:\/\/schoenstatt.com\/de\/#organization","name":"Schoenstatt","url":"https:\/\/schoenstatt.com\/de\/","logo":{"@type":"ImageObject","inLanguage":"de","@id":"https:\/\/schoenstatt.com\/de\/#\/schema\/logo\/image\/","url":"https:\/\/schoenstatt.com\/wp-content\/uploads\/2025\/04\/logo-schoenstatt-white-696x696-1.png","contentUrl":"https:\/\/schoenstatt.com\/wp-content\/uploads\/2025\/04\/logo-schoenstatt-white-696x696-1.png","width":696,"height":694,"caption":"Schoenstatt"},"image":{"@id":"https:\/\/schoenstatt.com\/de\/#\/schema\/logo\/image\/"}},{"@type":"Person","@id":"https:\/\/schoenstatt.com\/de\/#\/schema\/person\/5158877ad4acae98b34daaeef2a1ce6e","name":"Karen Bueno","image":{"@type":"ImageObject","inLanguage":"de","@id":"https:\/\/secure.gravatar.com\/avatar\/f9f4b823873154269d2b2130f195f6d41037dd0d7fc5f3cacb5c846bae70d66b?s=96&d=mm&r=g","url":"https:\/\/secure.gravatar.com\/avatar\/f9f4b823873154269d2b2130f195f6d41037dd0d7fc5f3cacb5c846bae70d66b?s=96&d=mm&r=g","contentUrl":"https:\/\/secure.gravatar.com\/avatar\/f9f4b823873154269d2b2130f195f6d41037dd0d7fc5f3cacb5c846bae70d66b?s=96&d=mm&r=g","caption":"Karen Bueno"},"url":"https:\/\/schoenstatt.com\/de\/author\/karen-bueno\/"}]}},"_links":{"self":[{"href":"https:\/\/schoenstatt.com\/de\/wp-json\/wp\/v2\/posts\/29370","targetHints":{"allow":["GET"]}}],"collection":[{"href":"https:\/\/schoenstatt.com\/de\/wp-json\/wp\/v2\/posts"}],"about":[{"href":"https:\/\/schoenstatt.com\/de\/wp-json\/wp\/v2\/types\/post"}],"author":[{"embeddable":true,"href":"https:\/\/schoenstatt.com\/de\/wp-json\/wp\/v2\/users\/3"}],"replies":[{"embeddable":true,"href":"https:\/\/schoenstatt.com\/de\/wp-json\/wp\/v2\/comments?post=29370"}],"version-history":[{"count":1,"href":"https:\/\/schoenstatt.com\/de\/wp-json\/wp\/v2\/posts\/29370\/revisions"}],"predecessor-version":[{"id":45893,"href":"https:\/\/schoenstatt.com\/de\/wp-json\/wp\/v2\/posts\/29370\/revisions\/45893"}],"wp:featuredmedia":[{"embeddable":true,"href":"https:\/\/schoenstatt.com\/de\/wp-json\/wp\/v2\/media\/29371"}],"wp:attachment":[{"href":"https:\/\/schoenstatt.com\/de\/wp-json\/wp\/v2\/media?parent=29370"}],"wp:term":[{"taxonomy":"category","embeddable":true,"href":"https:\/\/schoenstatt.com\/de\/wp-json\/wp\/v2\/categories?post=29370"},{"taxonomy":"post_tag","embeddable":true,"href":"https:\/\/schoenstatt.com\/de\/wp-json\/wp\/v2\/tags?post=29370"}],"curies":[{"name":"wp","href":"https:\/\/api.w.org\/{rel}","templated":true}]}}