{"id":29266,"date":"2023-02-09T00:20:23","date_gmt":"2023-02-08T23:20:23","guid":{"rendered":"https:\/\/schoenstatt.com\/?p=29266"},"modified":"2025-05-15T20:41:17","modified_gmt":"2025-05-15T18:41:17","slug":"erfahrung-von-familie","status":"publish","type":"post","link":"https:\/\/schoenstatt.com\/de\/erfahrung-von-familie\/","title":{"rendered":"Erfahrung von Familie"},"content":{"rendered":"<h3>Manchmal \u00fcberw\u00e4ltigt uns\u00a0das Leben!<\/h3>\n<p>Das war meine Erfahrung in der zweiten Januarwoche. Die Sch\u00f6nstatt-<a href=\"https:\/\/schoenstatt.com\/de\/familie\/gemeinschaften-in-der-schoenstattbewegung\/frauen\/\">M\u00e4dchenjugend<\/a> wollte ein Mini-Camp in unserem Haus\u00a0<strong>Villa Maria in Kapstadt durchf\u00fchren.<\/strong>\u00a0 Nur wenige Tage vor Beginn hatte sich die Zahl der angemeldeten M\u00e4dchen verdoppelt. Ich fragte mich, wie ich all die Arbeit, die f\u00fcr die Vorbereitung zu erledigen war, bew\u00e4ltigen sollte. Ich wandte mich an eine Mitschwester und fragte sie, ob sie bereit sei, mir zu helfen. Ohne zu z\u00f6gern stellte sie ihre eigenen Pl\u00e4ne zur\u00fcck und sagte zu. Dar\u00fcber hinaus erkl\u00e4rte sich eine der \u00e4lteren Leiterinnen der Sch\u00f6nstatt-M\u00e4dchen bereit, einen Tag fr\u00fcher anzureisen und bei der Vorbereitung des Essens und der Zimmer zu helfen. Ich war sehr dankbar f\u00fcr ihre Hilfe und vertraute darauf, dass das Lager ein Erfolg werden w\u00fcrde.<\/p>\n<figure id=\"attachment_29279\" aria-describedby=\"caption-attachment-29279\" style=\"width: 453px\" class=\"wp-caption aligncenter\"><img fetchpriority=\"high\" decoding=\"async\" class=\"wp-image-29279 size-full\" src=\"https:\/\/schoenstatt.com\/wp-content\/uploads\/2023\/02\/JF-South-africa-1.png\" alt=\"Familie\" width=\"453\" height=\"361\" \/><figcaption id=\"caption-attachment-29279\" class=\"wp-caption-text\">Plakate mit den Aktivit\u00e4ten des vergangenen Jahres<\/figcaption><\/figure>\n<h3>Wie ist das Lager gelaufen?<\/h3>\n<p>Es war das Beste! Die M\u00e4dchen waren zwischen elf und achtzehn Jahre alt und kamen aus verschiedenen Gegenden Kapstadts. Einige waren schon vorher dabei, andere waren neu.<\/p>\n<p>Da es der Beginn des neuen Jahres 2023 war, nahmen wir uns Zeit, zur\u00fcckzublicken und f\u00fcr all die Gaben zu danken, mit denen Gott uns im Jahr 2022 gesegnet hatte. Dies geschah in kleinen Gruppen. Eine Gruppe teilte ihre \u00dcberlegungen auf kreative Weise in vier Kategorien ein:<\/p>\n<ul>\n<li>Neue F\u00e4higkeiten, die sie gelernt haben,<\/li>\n<li>etwas, das sie im vergangenen Jahr erreicht haben,<\/li>\n<li>ihre Beziehung zu Gott und<\/li>\n<li>ihr \u201cLieblingsmoment\u201d des Jahres 2022.<\/li>\n<\/ul>\n<p><strong>Eine andere Gruppe hatte zwei weitere Rubriken f\u00fcr ihre Reflexion, n\u00e4mlich<\/strong><\/p>\n<ul>\n<li>das sch\u00f6nste Kompliment, das sie erhalten hatten, und<\/li>\n<li>ein Projekt\/eine Aufgabe, die sie im Jahr 2022 durchgef\u00fchrt hatten<\/li>\n<\/ul>\n<p>Der Austausch untereinander weckte neue Freude und Dankbarkeit f\u00fcr die Vergangenheit.<\/p>\n<figure id=\"attachment_29287\" aria-describedby=\"caption-attachment-29287\" style=\"width: 565px\" class=\"wp-caption aligncenter\"><img decoding=\"async\" class=\"wp-image-29287 size-full\" src=\"https:\/\/schoenstatt.com\/wp-content\/uploads\/2023\/02\/JF-South-africa-2-e1675897436515.png\" alt=\"\" width=\"565\" height=\"381\" \/><figcaption id=\"caption-attachment-29287\" class=\"wp-caption-text\">Die M\u00e4dchenjugend bedankte sich bei den Erwachsenen f\u00fcr ihre Hilfe im Camp.<\/figcaption><\/figure>\n<p>Anschlie\u00dfend richteten wir den Blick in die Zukunft. Als der Abend dunkler wurde, haben wir alle Anbetung im Heiligtum gehalten. Obwohl wir uns in einer relativ lauten Stadt befanden, waren nur die Gebete und der Gesang der M\u00e4dchen zu h\u00f6ren.\u00a0 W\u00e4hrend sie vor dem Allerheiligsten sa\u00dfen, schrieben<\/p>\n<figure id=\"attachment_29271\" aria-describedby=\"caption-attachment-29271\" style=\"width: 300px\" class=\"wp-caption alignright\"><img decoding=\"async\" class=\"wp-image-29271 size-medium\" src=\"https:\/\/schoenstatt.com\/wp-content\/uploads\/2023\/02\/JF-South-africa-4-300x261.png\" alt=\"\" width=\"300\" height=\"261\" \/><figcaption id=\"caption-attachment-29271\" class=\"wp-caption-text\">Es gab Momente des Spiels und der gro\u00dfen Freude<\/figcaption><\/figure>\n<p>sie Briefe an Jesus und teilten ihm ihre Ziele und Tr\u00e4ume f\u00fcr 2023 mit.<\/p>\n<p>Am folgenden Tag trugen sie diese Briefe w\u00e4hrend der Heiligen Messe als ihre pers\u00f6nlichen Bitten vor. W\u00e4hrend der<\/p>\n<p>Gabenbereitung brachten die M\u00e4dchen ihr Leben vor Gott, als sie ihre Plakate \u00fcber das vergangene Jahr pr\u00e4sentierten.<\/p>\n<h3><img loading=\"lazy\" decoding=\"async\" class=\"size-medium wp-image-29283 alignleft\" src=\"https:\/\/schoenstatt.com\/wp-content\/uploads\/2023\/02\/JF-South-africa7-208x300.png\" alt=\"\" width=\"208\" height=\"300\" \/><\/h3>\n<p>Wenn ich \u00fcber das Lager nachdenke, kann ich sagen, dass die Erfahrung von \u201eFamilie\u201c nicht nur darin bestand, dass meine Mitschwester sich gro\u00dfz\u00fcgig bereit erkl\u00e4rte, mir zu helfen, sondern auch darin, dass ich Zeuge einer Gruppe junger katholischer Teenager wurde, die zusammenkamen und ihren Glauben im Gebet, in Diskussionen und im Lachen teilten! Ja, es wurde viel gelacht, als wir Spiele spielten, Erinnerungen austauschten und uns an der Originalit\u00e4t eines jeden Einzelnen erfreuten!<\/p>\n<h3><\/h3>\n<h3><\/h3>\n<h3><\/h3>\n<h3>Und wie geht es weiter?<\/h3>\n<p>Bevor sie abreisten, erz\u00e4hlten die M\u00e4dchen von ihren Ideen f\u00fcr zuk\u00fcnftige Treffen: Wohlt\u00e4tigkeitsprogramme, Kunsthandwerk, Gebetsstationen im Freien, Diskussionen \u00fcber psychische Gesundheit, Gruppendruck, die Bedeutung der Sakramente, und wie man sie wertsch\u00e4tzen und aus\u00fcben kann.<\/p>\n<figure id=\"attachment_29291\" aria-describedby=\"caption-attachment-29291\" style=\"width: 675px\" class=\"wp-caption aligncenter\"><img loading=\"lazy\" decoding=\"async\" class=\"wp-image-29291 size-full\" src=\"https:\/\/schoenstatt.com\/wp-content\/uploads\/2023\/02\/JF-South-africa-3.png\" alt=\"\" width=\"675\" height=\"428\" \/><figcaption id=\"caption-attachment-29291\" class=\"wp-caption-text\">Tage der Freude und Gro\u00dfz\u00fcgigkeit im Camp.<span style=\"text-align: center;\">Wir freuen uns auf das Jahr 2023 und alles,<\/span><\/figcaption><\/figure>\n<h3 style=\"text-align: center;\">Wir freuen uns auf das Jahr 2023 und alles, was Gott f\u00fcr uns geplant hat!<\/h3>\n<pre style=\"text-align: left;\">Quelle: <a style=\"font-size: 14px;\" href=\"https:\/\/www.s-ms.org\/\">https:\/\/www.s-ms.org\/<\/a><\/pre>\n","protected":false},"excerpt":{"rendered":"<p> In der zweiten Januarwoche fand ein Minicamp f\u00fcr die Sch\u00f6nstatt-M\u00e4dchenjugend in S\u00fcdafrika statt.<\/p>\n","protected":false},"author":3,"featured_media":29275,"comment_status":"closed","ping_status":"closed","sticky":false,"template":"","format":"standard","meta":{"footnotes":""},"categories":[874,914],"tags":[],"class_list":["post-29266","post","type-post","status-publish","format-standard","has-post-thumbnail","hentry","category-familie-de","category-spiritualitat-de"],"yoast_head":"<!-- This site is optimized with the Yoast SEO Premium plugin v27.4 (Yoast SEO v27.4) - https:\/\/yoast.com\/product\/yoast-seo-premium-wordpress\/ -->\n<title>Erfahrung von Familie - Schoenstatt<\/title>\n<meta name=\"description\" content=\"Ein Familienerlebnis - das war die Erfahrung im Minicamp der Sch\u00f6nstatt-M\u00e4dchenjugend in Kapstadt.\" \/>\n<meta name=\"robots\" content=\"index, follow, max-snippet:-1, max-image-preview:large, max-video-preview:-1\" \/>\n<link rel=\"canonical\" href=\"https:\/\/schoenstatt.com\/de\/erfahrung-von-familie\/\" \/>\n<meta property=\"og:locale\" content=\"de_DE\" \/>\n<meta property=\"og:type\" content=\"article\" \/>\n<meta property=\"og:title\" content=\"Erfahrung von Familie\" \/>\n<meta property=\"og:description\" content=\"Ein Familienerlebnis - das war die Erfahrung im Minicamp der Sch\u00f6nstatt-M\u00e4dchenjugend in Kapstadt.\" \/>\n<meta property=\"og:url\" content=\"https:\/\/schoenstatt.com\/de\/erfahrung-von-familie\/\" \/>\n<meta property=\"og:site_name\" content=\"Schoenstatt\" \/>\n<meta property=\"article:published_time\" content=\"2023-02-08T23:20:23+00:00\" \/>\n<meta property=\"article:modified_time\" content=\"2025-05-15T18:41:17+00:00\" \/>\n<meta property=\"og:image\" content=\"https:\/\/schoenstatt.com\/wp-content\/uploads\/2023\/02\/JF-South-africa-6-1.png\" \/>\n\t<meta property=\"og:image:width\" content=\"859\" \/>\n\t<meta property=\"og:image:height\" content=\"593\" \/>\n\t<meta property=\"og:image:type\" content=\"image\/png\" \/>\n<meta name=\"author\" content=\"Karen Bueno\" \/>\n<meta name=\"twitter:card\" content=\"summary_large_image\" \/>\n<meta name=\"twitter:label1\" content=\"Verfasst von\" \/>\n\t<meta name=\"twitter:data1\" content=\"Karen Bueno\" \/>\n\t<meta name=\"twitter:label2\" content=\"Gesch\u00e4tzte Lesezeit\" \/>\n\t<meta name=\"twitter:data2\" content=\"4\u00a0Minuten\" \/>\n<script type=\"application\/ld+json\" class=\"yoast-schema-graph\">{\"@context\":\"https:\\\/\\\/schema.org\",\"@graph\":[{\"@type\":\"Article\",\"@id\":\"https:\\\/\\\/schoenstatt.com\\\/de\\\/erfahrung-von-familie\\\/#article\",\"isPartOf\":{\"@id\":\"https:\\\/\\\/schoenstatt.com\\\/de\\\/erfahrung-von-familie\\\/\"},\"author\":{\"name\":\"Karen Bueno\",\"@id\":\"https:\\\/\\\/schoenstatt.com\\\/de\\\/#\\\/schema\\\/person\\\/5158877ad4acae98b34daaeef2a1ce6e\"},\"headline\":\"Erfahrung von Familie\",\"datePublished\":\"2023-02-08T23:20:23+00:00\",\"dateModified\":\"2025-05-15T18:41:17+00:00\",\"mainEntityOfPage\":{\"@id\":\"https:\\\/\\\/schoenstatt.com\\\/de\\\/erfahrung-von-familie\\\/\"},\"wordCount\":618,\"publisher\":{\"@id\":\"https:\\\/\\\/schoenstatt.com\\\/de\\\/#organization\"},\"image\":{\"@id\":\"https:\\\/\\\/schoenstatt.com\\\/de\\\/erfahrung-von-familie\\\/#primaryimage\"},\"thumbnailUrl\":\"https:\\\/\\\/schoenstatt.com\\\/wp-content\\\/uploads\\\/2023\\\/02\\\/JF-South-africa-6-1.png\",\"articleSection\":[\"Familie\",\"Spiritualit\u00e4t\"],\"inLanguage\":\"de\"},{\"@type\":\"WebPage\",\"@id\":\"https:\\\/\\\/schoenstatt.com\\\/de\\\/erfahrung-von-familie\\\/\",\"url\":\"https:\\\/\\\/schoenstatt.com\\\/de\\\/erfahrung-von-familie\\\/\",\"name\":\"Erfahrung von Familie - Schoenstatt\",\"isPartOf\":{\"@id\":\"https:\\\/\\\/schoenstatt.com\\\/de\\\/#website\"},\"primaryImageOfPage\":{\"@id\":\"https:\\\/\\\/schoenstatt.com\\\/de\\\/erfahrung-von-familie\\\/#primaryimage\"},\"image\":{\"@id\":\"https:\\\/\\\/schoenstatt.com\\\/de\\\/erfahrung-von-familie\\\/#primaryimage\"},\"thumbnailUrl\":\"https:\\\/\\\/schoenstatt.com\\\/wp-content\\\/uploads\\\/2023\\\/02\\\/JF-South-africa-6-1.png\",\"datePublished\":\"2023-02-08T23:20:23+00:00\",\"dateModified\":\"2025-05-15T18:41:17+00:00\",\"description\":\"Ein Familienerlebnis - das war die Erfahrung im Minicamp der Sch\u00f6nstatt-M\u00e4dchenjugend in Kapstadt.\",\"breadcrumb\":{\"@id\":\"https:\\\/\\\/schoenstatt.com\\\/de\\\/erfahrung-von-familie\\\/#breadcrumb\"},\"inLanguage\":\"de\",\"potentialAction\":[{\"@type\":\"ReadAction\",\"target\":[\"https:\\\/\\\/schoenstatt.com\\\/de\\\/erfahrung-von-familie\\\/\"]}]},{\"@type\":\"ImageObject\",\"inLanguage\":\"de\",\"@id\":\"https:\\\/\\\/schoenstatt.com\\\/de\\\/erfahrung-von-familie\\\/#primaryimage\",\"url\":\"https:\\\/\\\/schoenstatt.com\\\/wp-content\\\/uploads\\\/2023\\\/02\\\/JF-South-africa-6-1.png\",\"contentUrl\":\"https:\\\/\\\/schoenstatt.com\\\/wp-content\\\/uploads\\\/2023\\\/02\\\/JF-South-africa-6-1.png\",\"width\":859,\"height\":593,\"caption\":\"Familie\"},{\"@type\":\"BreadcrumbList\",\"@id\":\"https:\\\/\\\/schoenstatt.com\\\/de\\\/erfahrung-von-familie\\\/#breadcrumb\",\"itemListElement\":[{\"@type\":\"ListItem\",\"position\":1,\"name\":\"Portada\",\"item\":\"https:\\\/\\\/schoenstatt.com\\\/de\\\/home\\\/\"},{\"@type\":\"ListItem\",\"position\":2,\"name\":\"Erfahrung von Familie\"}]},{\"@type\":\"WebSite\",\"@id\":\"https:\\\/\\\/schoenstatt.com\\\/de\\\/#website\",\"url\":\"https:\\\/\\\/schoenstatt.com\\\/de\\\/\",\"name\":\"Schoenstatt\",\"description\":\"Apostolic Movement\",\"publisher\":{\"@id\":\"https:\\\/\\\/schoenstatt.com\\\/de\\\/#organization\"},\"potentialAction\":[{\"@type\":\"SearchAction\",\"target\":{\"@type\":\"EntryPoint\",\"urlTemplate\":\"https:\\\/\\\/schoenstatt.com\\\/de\\\/?s={search_term_string}\"},\"query-input\":{\"@type\":\"PropertyValueSpecification\",\"valueRequired\":true,\"valueName\":\"search_term_string\"}}],\"inLanguage\":\"de\"},{\"@type\":\"Organization\",\"@id\":\"https:\\\/\\\/schoenstatt.com\\\/de\\\/#organization\",\"name\":\"Schoenstatt\",\"url\":\"https:\\\/\\\/schoenstatt.com\\\/de\\\/\",\"logo\":{\"@type\":\"ImageObject\",\"inLanguage\":\"de\",\"@id\":\"https:\\\/\\\/schoenstatt.com\\\/de\\\/#\\\/schema\\\/logo\\\/image\\\/\",\"url\":\"https:\\\/\\\/schoenstatt.com\\\/wp-content\\\/uploads\\\/2025\\\/04\\\/logo-schoenstatt-white-696x696-1.png\",\"contentUrl\":\"https:\\\/\\\/schoenstatt.com\\\/wp-content\\\/uploads\\\/2025\\\/04\\\/logo-schoenstatt-white-696x696-1.png\",\"width\":696,\"height\":694,\"caption\":\"Schoenstatt\"},\"image\":{\"@id\":\"https:\\\/\\\/schoenstatt.com\\\/de\\\/#\\\/schema\\\/logo\\\/image\\\/\"}},{\"@type\":\"Person\",\"@id\":\"https:\\\/\\\/schoenstatt.com\\\/de\\\/#\\\/schema\\\/person\\\/5158877ad4acae98b34daaeef2a1ce6e\",\"name\":\"Karen Bueno\",\"image\":{\"@type\":\"ImageObject\",\"inLanguage\":\"de\",\"@id\":\"https:\\\/\\\/secure.gravatar.com\\\/avatar\\\/f9f4b823873154269d2b2130f195f6d41037dd0d7fc5f3cacb5c846bae70d66b?s=96&d=mm&r=g\",\"url\":\"https:\\\/\\\/secure.gravatar.com\\\/avatar\\\/f9f4b823873154269d2b2130f195f6d41037dd0d7fc5f3cacb5c846bae70d66b?s=96&d=mm&r=g\",\"contentUrl\":\"https:\\\/\\\/secure.gravatar.com\\\/avatar\\\/f9f4b823873154269d2b2130f195f6d41037dd0d7fc5f3cacb5c846bae70d66b?s=96&d=mm&r=g\",\"caption\":\"Karen Bueno\"},\"url\":\"https:\\\/\\\/schoenstatt.com\\\/de\\\/author\\\/karen-bueno\\\/\"}]}<\/script>\n<!-- \/ Yoast SEO Premium plugin. -->","yoast_head_json":{"title":"Erfahrung von Familie - Schoenstatt","description":"Ein Familienerlebnis - das war die Erfahrung im Minicamp der Sch\u00f6nstatt-M\u00e4dchenjugend in Kapstadt.","robots":{"index":"index","follow":"follow","max-snippet":"max-snippet:-1","max-image-preview":"max-image-preview:large","max-video-preview":"max-video-preview:-1"},"canonical":"https:\/\/schoenstatt.com\/de\/erfahrung-von-familie\/","og_locale":"de_DE","og_type":"article","og_title":"Erfahrung von Familie","og_description":"Ein Familienerlebnis - das war die Erfahrung im Minicamp der Sch\u00f6nstatt-M\u00e4dchenjugend in Kapstadt.","og_url":"https:\/\/schoenstatt.com\/de\/erfahrung-von-familie\/","og_site_name":"Schoenstatt","article_published_time":"2023-02-08T23:20:23+00:00","article_modified_time":"2025-05-15T18:41:17+00:00","og_image":[{"width":859,"height":593,"url":"https:\/\/schoenstatt.com\/wp-content\/uploads\/2023\/02\/JF-South-africa-6-1.png","type":"image\/png"}],"author":"Karen Bueno","twitter_card":"summary_large_image","twitter_misc":{"Verfasst von":"Karen Bueno","Gesch\u00e4tzte Lesezeit":"4\u00a0Minuten"},"schema":{"@context":"https:\/\/schema.org","@graph":[{"@type":"Article","@id":"https:\/\/schoenstatt.com\/de\/erfahrung-von-familie\/#article","isPartOf":{"@id":"https:\/\/schoenstatt.com\/de\/erfahrung-von-familie\/"},"author":{"name":"Karen Bueno","@id":"https:\/\/schoenstatt.com\/de\/#\/schema\/person\/5158877ad4acae98b34daaeef2a1ce6e"},"headline":"Erfahrung von Familie","datePublished":"2023-02-08T23:20:23+00:00","dateModified":"2025-05-15T18:41:17+00:00","mainEntityOfPage":{"@id":"https:\/\/schoenstatt.com\/de\/erfahrung-von-familie\/"},"wordCount":618,"publisher":{"@id":"https:\/\/schoenstatt.com\/de\/#organization"},"image":{"@id":"https:\/\/schoenstatt.com\/de\/erfahrung-von-familie\/#primaryimage"},"thumbnailUrl":"https:\/\/schoenstatt.com\/wp-content\/uploads\/2023\/02\/JF-South-africa-6-1.png","articleSection":["Familie","Spiritualit\u00e4t"],"inLanguage":"de"},{"@type":"WebPage","@id":"https:\/\/schoenstatt.com\/de\/erfahrung-von-familie\/","url":"https:\/\/schoenstatt.com\/de\/erfahrung-von-familie\/","name":"Erfahrung von Familie - Schoenstatt","isPartOf":{"@id":"https:\/\/schoenstatt.com\/de\/#website"},"primaryImageOfPage":{"@id":"https:\/\/schoenstatt.com\/de\/erfahrung-von-familie\/#primaryimage"},"image":{"@id":"https:\/\/schoenstatt.com\/de\/erfahrung-von-familie\/#primaryimage"},"thumbnailUrl":"https:\/\/schoenstatt.com\/wp-content\/uploads\/2023\/02\/JF-South-africa-6-1.png","datePublished":"2023-02-08T23:20:23+00:00","dateModified":"2025-05-15T18:41:17+00:00","description":"Ein Familienerlebnis - das war die Erfahrung im Minicamp der Sch\u00f6nstatt-M\u00e4dchenjugend in Kapstadt.","breadcrumb":{"@id":"https:\/\/schoenstatt.com\/de\/erfahrung-von-familie\/#breadcrumb"},"inLanguage":"de","potentialAction":[{"@type":"ReadAction","target":["https:\/\/schoenstatt.com\/de\/erfahrung-von-familie\/"]}]},{"@type":"ImageObject","inLanguage":"de","@id":"https:\/\/schoenstatt.com\/de\/erfahrung-von-familie\/#primaryimage","url":"https:\/\/schoenstatt.com\/wp-content\/uploads\/2023\/02\/JF-South-africa-6-1.png","contentUrl":"https:\/\/schoenstatt.com\/wp-content\/uploads\/2023\/02\/JF-South-africa-6-1.png","width":859,"height":593,"caption":"Familie"},{"@type":"BreadcrumbList","@id":"https:\/\/schoenstatt.com\/de\/erfahrung-von-familie\/#breadcrumb","itemListElement":[{"@type":"ListItem","position":1,"name":"Portada","item":"https:\/\/schoenstatt.com\/de\/home\/"},{"@type":"ListItem","position":2,"name":"Erfahrung von Familie"}]},{"@type":"WebSite","@id":"https:\/\/schoenstatt.com\/de\/#website","url":"https:\/\/schoenstatt.com\/de\/","name":"Schoenstatt","description":"Apostolic Movement","publisher":{"@id":"https:\/\/schoenstatt.com\/de\/#organization"},"potentialAction":[{"@type":"SearchAction","target":{"@type":"EntryPoint","urlTemplate":"https:\/\/schoenstatt.com\/de\/?s={search_term_string}"},"query-input":{"@type":"PropertyValueSpecification","valueRequired":true,"valueName":"search_term_string"}}],"inLanguage":"de"},{"@type":"Organization","@id":"https:\/\/schoenstatt.com\/de\/#organization","name":"Schoenstatt","url":"https:\/\/schoenstatt.com\/de\/","logo":{"@type":"ImageObject","inLanguage":"de","@id":"https:\/\/schoenstatt.com\/de\/#\/schema\/logo\/image\/","url":"https:\/\/schoenstatt.com\/wp-content\/uploads\/2025\/04\/logo-schoenstatt-white-696x696-1.png","contentUrl":"https:\/\/schoenstatt.com\/wp-content\/uploads\/2025\/04\/logo-schoenstatt-white-696x696-1.png","width":696,"height":694,"caption":"Schoenstatt"},"image":{"@id":"https:\/\/schoenstatt.com\/de\/#\/schema\/logo\/image\/"}},{"@type":"Person","@id":"https:\/\/schoenstatt.com\/de\/#\/schema\/person\/5158877ad4acae98b34daaeef2a1ce6e","name":"Karen Bueno","image":{"@type":"ImageObject","inLanguage":"de","@id":"https:\/\/secure.gravatar.com\/avatar\/f9f4b823873154269d2b2130f195f6d41037dd0d7fc5f3cacb5c846bae70d66b?s=96&d=mm&r=g","url":"https:\/\/secure.gravatar.com\/avatar\/f9f4b823873154269d2b2130f195f6d41037dd0d7fc5f3cacb5c846bae70d66b?s=96&d=mm&r=g","contentUrl":"https:\/\/secure.gravatar.com\/avatar\/f9f4b823873154269d2b2130f195f6d41037dd0d7fc5f3cacb5c846bae70d66b?s=96&d=mm&r=g","caption":"Karen Bueno"},"url":"https:\/\/schoenstatt.com\/de\/author\/karen-bueno\/"}]}},"_links":{"self":[{"href":"https:\/\/schoenstatt.com\/de\/wp-json\/wp\/v2\/posts\/29266","targetHints":{"allow":["GET"]}}],"collection":[{"href":"https:\/\/schoenstatt.com\/de\/wp-json\/wp\/v2\/posts"}],"about":[{"href":"https:\/\/schoenstatt.com\/de\/wp-json\/wp\/v2\/types\/post"}],"author":[{"embeddable":true,"href":"https:\/\/schoenstatt.com\/de\/wp-json\/wp\/v2\/users\/3"}],"replies":[{"embeddable":true,"href":"https:\/\/schoenstatt.com\/de\/wp-json\/wp\/v2\/comments?post=29266"}],"version-history":[{"count":1,"href":"https:\/\/schoenstatt.com\/de\/wp-json\/wp\/v2\/posts\/29266\/revisions"}],"predecessor-version":[{"id":45850,"href":"https:\/\/schoenstatt.com\/de\/wp-json\/wp\/v2\/posts\/29266\/revisions\/45850"}],"wp:featuredmedia":[{"embeddable":true,"href":"https:\/\/schoenstatt.com\/de\/wp-json\/wp\/v2\/media\/29275"}],"wp:attachment":[{"href":"https:\/\/schoenstatt.com\/de\/wp-json\/wp\/v2\/media?parent=29266"}],"wp:term":[{"taxonomy":"category","embeddable":true,"href":"https:\/\/schoenstatt.com\/de\/wp-json\/wp\/v2\/categories?post=29266"},{"taxonomy":"post_tag","embeddable":true,"href":"https:\/\/schoenstatt.com\/de\/wp-json\/wp\/v2\/tags?post=29266"}],"curies":[{"name":"wp","href":"https:\/\/api.w.org\/{rel}","templated":true}]}}