{"id":29253,"date":"2023-02-08T08:00:21","date_gmt":"2023-02-08T07:00:21","guid":{"rendered":"https:\/\/schoenstatt.com\/?p=29253"},"modified":"2025-05-15T22:40:10","modified_gmt":"2025-05-15T20:40:10","slug":"die-schoenstattfamilie-in-temuco-chile-geht-auf-mission","status":"publish","type":"post","link":"https:\/\/schoenstatt.com\/de\/die-schoenstattfamilie-in-temuco-chile-geht-auf-mission\/","title":{"rendered":"Die Sch\u00f6nstattfamilie in Temuco, Chile, geht auf Mission"},"content":{"rendered":"<p>Die Sch\u00f6nstattfamilie in Temuco, im S\u00fcden <a href=\"https:\/\/schoenstatt.com\/de\/schoenstatt-gemeinschaften\/drei-neue-schoenstatt-priester-fuer-die-kirche\/\">Chiles<\/a>, war im Sommer auf Missionsreise. Von ihrem Heiligtum aus gingen sechs Ehepaare aus der Familienbewegung und Mitglieder der Sch\u00f6nstatt-Mannes- und M\u00e4dchenjugend von T\u00fcr zu T\u00fcr, um Familien in San Jos\u00e9 de la Mariquina zu besuchen, wenige Kilometer von der Pazifikk\u00fcste und anderthalb Stunden von ihrem Heiligtum entfernt. Diejenigen, die nicht pers\u00f6nlich kamen, trugen als Familie dazu bei, dass die Gegenwart von Jesus und Maria viele Herzen erreichte. Wir teilen hier die Geschichte, die uns die Sch\u00f6nstattfamilie von Temuco geschickt hat:<\/p>\n<figure id=\"attachment_29237\" aria-describedby=\"caption-attachment-29237\" style=\"width: 840px\" class=\"wp-caption aligncenter\"><img fetchpriority=\"high\" decoding=\"async\" class=\"wp-image-29237 size-large\" src=\"https:\/\/schoenstatt.com\/wp-content\/uploads\/2023\/02\/2.-Enviados-desde-su-santuario-seis-matrimonios-de-la-rama-de-familias-y-miembros-de-la-juventud-masculina-y-femenina-1024x576.jpeg\" alt=\"Temuco\" width=\"840\" height=\"473\" \/><figcaption id=\"caption-attachment-29237\" class=\"wp-caption-text\">Von ihrem Heiligtum aus wurden sechs Ehepaare aus der Familienbewegung und Mitglieder der Mannes- und M\u00e4dchenjugend entsandt.<\/figcaption><\/figure>\n<p>Die Durchf\u00fchrung der Missionsarbeit w\u00e4hrend des Sommers war eine sehr bereichernde Erfahrung, von der Vorbereitung \u00fcber die Bekanntmachung dieser Aktion bis hin zur Familie von &#8222;<strong>Ayinrehue, Coenaculum Herz des Vaters<\/strong>&#8220; &#8211; der Mission unseres Heiligtums -, die begeistert war und uns mit ihrem Gebet und mit finanzieller Hilfe unterst\u00fctzt hat, sowie mit Beitr\u00e4gen von Materialien f\u00fcr die Workshops, unter anderem. Der Enthusiasmus der Familien und Jugendlichen, die ihre Ferienzeit opfern, um von T\u00fcr zu T\u00fcr zu gehen, um zu missionieren, zeugt von dem apostolischen Gef\u00fchl, das es wichtig ist, von den Grundlagen der Familie an zu vermitteln.<\/p>\n<h3>Den Familien mit \u00c4ngsten und Problemen Hoffnung und Freude bringen<\/h3>\n<figure id=\"attachment_29241\" aria-describedby=\"caption-attachment-29241\" style=\"width: 840px\" class=\"wp-caption aligncenter\"><img decoding=\"async\" class=\"wp-image-29241 size-large\" src=\"https:\/\/schoenstatt.com\/wp-content\/uploads\/2023\/02\/3.-1024x576.jpeg\" alt=\"\" width=\"840\" height=\"473\" \/><figcaption id=\"caption-attachment-29241\" class=\"wp-caption-text\">Mit Freude und Hoffnung bauen wir als Familie das Liebesb\u00fcndnis.<\/figcaption><\/figure>\n<p>Wir haben diese Tage unter dem Motto &#8220; <strong>Mit Freude und Hoffnung bauen wir als Familie das Liebesb\u00fcndnis.<\/strong>&#8220; gelebt. Es gab uns die Kraft, jede Missionarsfamilie willkommen zu hei\u00dfen und zu h\u00f6ren, was so viele unserer Br\u00fcder und Schwestern durchmachen: Einsamkeit, Mangel an Arbeit, alleinstehende Frauen und das Bem\u00fchen, voranzukommen, waren h\u00e4ufige Faktoren. Wir trugen das Bild der Pilgernden Gottesmutter und verteilten Rosenkr\u00e4nze, Skapulare\u00a0 und Gebete.<\/p>\n<p>Unsere Jugendlichen gingen zum Radiosender <strong>&#8222;Ecos del Valle&#8220;<\/strong> und warben daf\u00fcr, dass wir die H\u00e4user besuchen w\u00fcrden, und bei einer zweiten Gelegenheit wurden wir zu einem Interview eingeladen, in dem wir \u00fcber unsere Arbeit und die Botschaft, die wir als Missionare hinterlassen wollten, berichteten.<\/p>\n<p>&nbsp;<\/p>\n<p><img decoding=\"async\" class=\"wp-image-29245 size-full\" src=\"https:\/\/schoenstatt.com\/wp-content\/uploads\/2023\/02\/4.-Jovenes-fueron-a-la-Radio-a-promocionar.jpeg\" alt=\"\" width=\"768\" height=\"1024\" \/><\/p>\n<p>Auch in unserer Gemeinschaft von 34 Personen, die sich aus Ehepaaren, Kindern und Jugendlichen zusammensetzt, hatten wir die Freude, eine interne Mission zu haben, die uns dazu brachte, die Bindung zu st\u00e4rken, uns gegenseitig besser kennenzulernen und den Weg Gottes in jedem Herzen zu entdecken.<\/p>\n<blockquote><p>Wir sind dankbar, Werkzeuge zu sein; m\u00f6ge Gott und die Gottesmutter uns gebrauchen, um eine Botschaft der Freude und der Hoffnung in diese Zeit zu tragen, in der es so sehr n\u00f6tig ist, das Liebesb\u00fcndnis zu bauen.<\/p><\/blockquote>\n","protected":false},"excerpt":{"rendered":"<p>Die Gottesmutter besucht Familien im S\u00fcden Chiles, in einer missionarischen Erfahrung, vom Sch\u00f6nstatt-Heiligtum in Ayinrehue, in Temuco, an der Hand von Familien und jungen Menschen.<\/p>\n","protected":false},"author":1,"featured_media":29233,"comment_status":"closed","ping_status":"closed","sticky":false,"template":"","format":"standard","meta":{"footnotes":""},"categories":[910,907,660],"tags":[],"class_list":["post-29253","post","type-post","status-publish","format-standard","has-post-thumbnail","hentry","category-gesellschaft-de","category-schoenstatt-gemeinschaften-de","category-veranstaltungen-de"],"yoast_head":"<!-- This site is optimized with the Yoast SEO Premium plugin v27.4 (Yoast SEO v27.5) - https:\/\/yoast.com\/product\/yoast-seo-premium-wordpress\/ -->\n<title>Die Sch\u00f6nstattfamilie in Temuco, Chile, geht auf Mission<\/title>\n<meta name=\"description\" content=\"Sch\u00f6nstatt-Jugendliche und -Ehepaare gingen auf Mission im S\u00fcden Chiles und brachten die Gnaden Jesu und Marias.\" \/>\n<meta name=\"robots\" content=\"index, follow, max-snippet:-1, max-image-preview:large, max-video-preview:-1\" \/>\n<link rel=\"canonical\" href=\"https:\/\/schoenstatt.com\/de\/die-schoenstattfamilie-in-temuco-chile-geht-auf-mission\/\" \/>\n<meta property=\"og:locale\" content=\"de_DE\" \/>\n<meta property=\"og:type\" content=\"article\" \/>\n<meta property=\"og:title\" content=\"Die Sch\u00f6nstattfamilie in Temuco, Chile, geht auf Mission\" \/>\n<meta property=\"og:description\" content=\"Sch\u00f6nstatt-Jugendliche und -Ehepaare gingen auf Mission im S\u00fcden Chiles und brachten die Gnaden Jesu und Marias.\" \/>\n<meta property=\"og:url\" content=\"https:\/\/schoenstatt.com\/de\/die-schoenstattfamilie-in-temuco-chile-geht-auf-mission\/\" \/>\n<meta property=\"og:site_name\" content=\"Schoenstatt\" \/>\n<meta property=\"article:published_time\" content=\"2023-02-08T07:00:21+00:00\" \/>\n<meta property=\"article:modified_time\" content=\"2025-05-15T20:40:10+00:00\" \/>\n<meta property=\"og:image\" content=\"https:\/\/schoenstatt.com\/wp-content\/uploads\/2023\/02\/1.jpeg\" \/>\n\t<meta property=\"og:image:width\" content=\"1600\" \/>\n\t<meta property=\"og:image:height\" content=\"1200\" \/>\n\t<meta property=\"og:image:type\" content=\"image\/jpeg\" \/>\n<meta name=\"author\" content=\"admin\" \/>\n<meta name=\"twitter:card\" content=\"summary_large_image\" \/>\n<meta name=\"twitter:label1\" content=\"Verfasst von\" \/>\n\t<meta name=\"twitter:data1\" content=\"admin\" \/>\n\t<meta name=\"twitter:label2\" content=\"Gesch\u00e4tzte Lesezeit\" \/>\n\t<meta name=\"twitter:data2\" content=\"3\u00a0Minuten\" \/>\n<script type=\"application\/ld+json\" class=\"yoast-schema-graph\">{\"@context\":\"https:\\\/\\\/schema.org\",\"@graph\":[{\"@type\":\"Article\",\"@id\":\"https:\\\/\\\/schoenstatt.com\\\/de\\\/die-schoenstattfamilie-in-temuco-chile-geht-auf-mission\\\/#article\",\"isPartOf\":{\"@id\":\"https:\\\/\\\/schoenstatt.com\\\/de\\\/die-schoenstattfamilie-in-temuco-chile-geht-auf-mission\\\/\"},\"author\":{\"name\":\"admin\",\"@id\":\"https:\\\/\\\/schoenstatt.com\\\/de\\\/#\\\/schema\\\/person\\\/489465b1850e7b216fe2c10dfc262551\"},\"headline\":\"Die Sch\u00f6nstattfamilie in Temuco, Chile, geht auf Mission\",\"datePublished\":\"2023-02-08T07:00:21+00:00\",\"dateModified\":\"2025-05-15T20:40:10+00:00\",\"mainEntityOfPage\":{\"@id\":\"https:\\\/\\\/schoenstatt.com\\\/de\\\/die-schoenstattfamilie-in-temuco-chile-geht-auf-mission\\\/\"},\"wordCount\":468,\"publisher\":{\"@id\":\"https:\\\/\\\/schoenstatt.com\\\/de\\\/#organization\"},\"image\":{\"@id\":\"https:\\\/\\\/schoenstatt.com\\\/de\\\/die-schoenstattfamilie-in-temuco-chile-geht-auf-mission\\\/#primaryimage\"},\"thumbnailUrl\":\"https:\\\/\\\/schoenstatt.com\\\/wp-content\\\/uploads\\\/2023\\\/02\\\/1.jpeg\",\"articleSection\":[\"Gesellschaft\",\"Schoenstatt Gemeinschaften\",\"Veranstaltungen\"],\"inLanguage\":\"de\"},{\"@type\":\"WebPage\",\"@id\":\"https:\\\/\\\/schoenstatt.com\\\/de\\\/die-schoenstattfamilie-in-temuco-chile-geht-auf-mission\\\/\",\"url\":\"https:\\\/\\\/schoenstatt.com\\\/de\\\/die-schoenstattfamilie-in-temuco-chile-geht-auf-mission\\\/\",\"name\":\"Die Sch\u00f6nstattfamilie in Temuco, Chile, geht auf Mission\",\"isPartOf\":{\"@id\":\"https:\\\/\\\/schoenstatt.com\\\/de\\\/#website\"},\"primaryImageOfPage\":{\"@id\":\"https:\\\/\\\/schoenstatt.com\\\/de\\\/die-schoenstattfamilie-in-temuco-chile-geht-auf-mission\\\/#primaryimage\"},\"image\":{\"@id\":\"https:\\\/\\\/schoenstatt.com\\\/de\\\/die-schoenstattfamilie-in-temuco-chile-geht-auf-mission\\\/#primaryimage\"},\"thumbnailUrl\":\"https:\\\/\\\/schoenstatt.com\\\/wp-content\\\/uploads\\\/2023\\\/02\\\/1.jpeg\",\"datePublished\":\"2023-02-08T07:00:21+00:00\",\"dateModified\":\"2025-05-15T20:40:10+00:00\",\"description\":\"Sch\u00f6nstatt-Jugendliche und -Ehepaare gingen auf Mission im S\u00fcden Chiles und brachten die Gnaden Jesu und Marias.\",\"breadcrumb\":{\"@id\":\"https:\\\/\\\/schoenstatt.com\\\/de\\\/die-schoenstattfamilie-in-temuco-chile-geht-auf-mission\\\/#breadcrumb\"},\"inLanguage\":\"de\",\"potentialAction\":[{\"@type\":\"ReadAction\",\"target\":[\"https:\\\/\\\/schoenstatt.com\\\/de\\\/die-schoenstattfamilie-in-temuco-chile-geht-auf-mission\\\/\"]}]},{\"@type\":\"ImageObject\",\"inLanguage\":\"de\",\"@id\":\"https:\\\/\\\/schoenstatt.com\\\/de\\\/die-schoenstattfamilie-in-temuco-chile-geht-auf-mission\\\/#primaryimage\",\"url\":\"https:\\\/\\\/schoenstatt.com\\\/wp-content\\\/uploads\\\/2023\\\/02\\\/1.jpeg\",\"contentUrl\":\"https:\\\/\\\/schoenstatt.com\\\/wp-content\\\/uploads\\\/2023\\\/02\\\/1.jpeg\",\"width\":1600,\"height\":1200,\"caption\":\"Temuco\"},{\"@type\":\"BreadcrumbList\",\"@id\":\"https:\\\/\\\/schoenstatt.com\\\/de\\\/die-schoenstattfamilie-in-temuco-chile-geht-auf-mission\\\/#breadcrumb\",\"itemListElement\":[{\"@type\":\"ListItem\",\"position\":1,\"name\":\"Portada\",\"item\":\"https:\\\/\\\/schoenstatt.com\\\/de\\\/home\\\/\"},{\"@type\":\"ListItem\",\"position\":2,\"name\":\"Die Sch\u00f6nstattfamilie in Temuco, Chile, geht auf Mission\"}]},{\"@type\":\"WebSite\",\"@id\":\"https:\\\/\\\/schoenstatt.com\\\/de\\\/#website\",\"url\":\"https:\\\/\\\/schoenstatt.com\\\/de\\\/\",\"name\":\"Schoenstatt\",\"description\":\"Apostolic Movement\",\"publisher\":{\"@id\":\"https:\\\/\\\/schoenstatt.com\\\/de\\\/#organization\"},\"potentialAction\":[{\"@type\":\"SearchAction\",\"target\":{\"@type\":\"EntryPoint\",\"urlTemplate\":\"https:\\\/\\\/schoenstatt.com\\\/de\\\/?s={search_term_string}\"},\"query-input\":{\"@type\":\"PropertyValueSpecification\",\"valueRequired\":true,\"valueName\":\"search_term_string\"}}],\"inLanguage\":\"de\"},{\"@type\":\"Organization\",\"@id\":\"https:\\\/\\\/schoenstatt.com\\\/de\\\/#organization\",\"name\":\"Schoenstatt\",\"url\":\"https:\\\/\\\/schoenstatt.com\\\/de\\\/\",\"logo\":{\"@type\":\"ImageObject\",\"inLanguage\":\"de\",\"@id\":\"https:\\\/\\\/schoenstatt.com\\\/de\\\/#\\\/schema\\\/logo\\\/image\\\/\",\"url\":\"https:\\\/\\\/schoenstatt.com\\\/wp-content\\\/uploads\\\/2025\\\/04\\\/logo-schoenstatt-white-696x696-1.png\",\"contentUrl\":\"https:\\\/\\\/schoenstatt.com\\\/wp-content\\\/uploads\\\/2025\\\/04\\\/logo-schoenstatt-white-696x696-1.png\",\"width\":696,\"height\":694,\"caption\":\"Schoenstatt\"},\"image\":{\"@id\":\"https:\\\/\\\/schoenstatt.com\\\/de\\\/#\\\/schema\\\/logo\\\/image\\\/\"}},{\"@type\":\"Person\",\"@id\":\"https:\\\/\\\/schoenstatt.com\\\/de\\\/#\\\/schema\\\/person\\\/489465b1850e7b216fe2c10dfc262551\",\"name\":\"admin\",\"image\":{\"@type\":\"ImageObject\",\"inLanguage\":\"de\",\"@id\":\"https:\\\/\\\/secure.gravatar.com\\\/avatar\\\/02e8345e1ec40ab0e0a2a98fdde64a684bbaf994cddcb778b25b8b024ee9dfe6?s=96&d=mm&r=g\",\"url\":\"https:\\\/\\\/secure.gravatar.com\\\/avatar\\\/02e8345e1ec40ab0e0a2a98fdde64a684bbaf994cddcb778b25b8b024ee9dfe6?s=96&d=mm&r=g\",\"contentUrl\":\"https:\\\/\\\/secure.gravatar.com\\\/avatar\\\/02e8345e1ec40ab0e0a2a98fdde64a684bbaf994cddcb778b25b8b024ee9dfe6?s=96&d=mm&r=g\",\"caption\":\"admin\"},\"sameAs\":[\"https:\\\/\\\/schoenstatt.com\"],\"url\":\"https:\\\/\\\/schoenstatt.com\\\/de\\\/author\\\/admin\\\/\"}]}<\/script>\n<!-- \/ Yoast SEO Premium plugin. -->","yoast_head_json":{"title":"Die Sch\u00f6nstattfamilie in Temuco, Chile, geht auf Mission","description":"Sch\u00f6nstatt-Jugendliche und -Ehepaare gingen auf Mission im S\u00fcden Chiles und brachten die Gnaden Jesu und Marias.","robots":{"index":"index","follow":"follow","max-snippet":"max-snippet:-1","max-image-preview":"max-image-preview:large","max-video-preview":"max-video-preview:-1"},"canonical":"https:\/\/schoenstatt.com\/de\/die-schoenstattfamilie-in-temuco-chile-geht-auf-mission\/","og_locale":"de_DE","og_type":"article","og_title":"Die Sch\u00f6nstattfamilie in Temuco, Chile, geht auf Mission","og_description":"Sch\u00f6nstatt-Jugendliche und -Ehepaare gingen auf Mission im S\u00fcden Chiles und brachten die Gnaden Jesu und Marias.","og_url":"https:\/\/schoenstatt.com\/de\/die-schoenstattfamilie-in-temuco-chile-geht-auf-mission\/","og_site_name":"Schoenstatt","article_published_time":"2023-02-08T07:00:21+00:00","article_modified_time":"2025-05-15T20:40:10+00:00","og_image":[{"width":1600,"height":1200,"url":"https:\/\/schoenstatt.com\/wp-content\/uploads\/2023\/02\/1.jpeg","type":"image\/jpeg"}],"author":"admin","twitter_card":"summary_large_image","twitter_misc":{"Verfasst von":"admin","Gesch\u00e4tzte Lesezeit":"3\u00a0Minuten"},"schema":{"@context":"https:\/\/schema.org","@graph":[{"@type":"Article","@id":"https:\/\/schoenstatt.com\/de\/die-schoenstattfamilie-in-temuco-chile-geht-auf-mission\/#article","isPartOf":{"@id":"https:\/\/schoenstatt.com\/de\/die-schoenstattfamilie-in-temuco-chile-geht-auf-mission\/"},"author":{"name":"admin","@id":"https:\/\/schoenstatt.com\/de\/#\/schema\/person\/489465b1850e7b216fe2c10dfc262551"},"headline":"Die Sch\u00f6nstattfamilie in Temuco, Chile, geht auf Mission","datePublished":"2023-02-08T07:00:21+00:00","dateModified":"2025-05-15T20:40:10+00:00","mainEntityOfPage":{"@id":"https:\/\/schoenstatt.com\/de\/die-schoenstattfamilie-in-temuco-chile-geht-auf-mission\/"},"wordCount":468,"publisher":{"@id":"https:\/\/schoenstatt.com\/de\/#organization"},"image":{"@id":"https:\/\/schoenstatt.com\/de\/die-schoenstattfamilie-in-temuco-chile-geht-auf-mission\/#primaryimage"},"thumbnailUrl":"https:\/\/schoenstatt.com\/wp-content\/uploads\/2023\/02\/1.jpeg","articleSection":["Gesellschaft","Schoenstatt Gemeinschaften","Veranstaltungen"],"inLanguage":"de"},{"@type":"WebPage","@id":"https:\/\/schoenstatt.com\/de\/die-schoenstattfamilie-in-temuco-chile-geht-auf-mission\/","url":"https:\/\/schoenstatt.com\/de\/die-schoenstattfamilie-in-temuco-chile-geht-auf-mission\/","name":"Die Sch\u00f6nstattfamilie in Temuco, Chile, geht auf Mission","isPartOf":{"@id":"https:\/\/schoenstatt.com\/de\/#website"},"primaryImageOfPage":{"@id":"https:\/\/schoenstatt.com\/de\/die-schoenstattfamilie-in-temuco-chile-geht-auf-mission\/#primaryimage"},"image":{"@id":"https:\/\/schoenstatt.com\/de\/die-schoenstattfamilie-in-temuco-chile-geht-auf-mission\/#primaryimage"},"thumbnailUrl":"https:\/\/schoenstatt.com\/wp-content\/uploads\/2023\/02\/1.jpeg","datePublished":"2023-02-08T07:00:21+00:00","dateModified":"2025-05-15T20:40:10+00:00","description":"Sch\u00f6nstatt-Jugendliche und -Ehepaare gingen auf Mission im S\u00fcden Chiles und brachten die Gnaden Jesu und Marias.","breadcrumb":{"@id":"https:\/\/schoenstatt.com\/de\/die-schoenstattfamilie-in-temuco-chile-geht-auf-mission\/#breadcrumb"},"inLanguage":"de","potentialAction":[{"@type":"ReadAction","target":["https:\/\/schoenstatt.com\/de\/die-schoenstattfamilie-in-temuco-chile-geht-auf-mission\/"]}]},{"@type":"ImageObject","inLanguage":"de","@id":"https:\/\/schoenstatt.com\/de\/die-schoenstattfamilie-in-temuco-chile-geht-auf-mission\/#primaryimage","url":"https:\/\/schoenstatt.com\/wp-content\/uploads\/2023\/02\/1.jpeg","contentUrl":"https:\/\/schoenstatt.com\/wp-content\/uploads\/2023\/02\/1.jpeg","width":1600,"height":1200,"caption":"Temuco"},{"@type":"BreadcrumbList","@id":"https:\/\/schoenstatt.com\/de\/die-schoenstattfamilie-in-temuco-chile-geht-auf-mission\/#breadcrumb","itemListElement":[{"@type":"ListItem","position":1,"name":"Portada","item":"https:\/\/schoenstatt.com\/de\/home\/"},{"@type":"ListItem","position":2,"name":"Die Sch\u00f6nstattfamilie in Temuco, Chile, geht auf Mission"}]},{"@type":"WebSite","@id":"https:\/\/schoenstatt.com\/de\/#website","url":"https:\/\/schoenstatt.com\/de\/","name":"Schoenstatt","description":"Apostolic Movement","publisher":{"@id":"https:\/\/schoenstatt.com\/de\/#organization"},"potentialAction":[{"@type":"SearchAction","target":{"@type":"EntryPoint","urlTemplate":"https:\/\/schoenstatt.com\/de\/?s={search_term_string}"},"query-input":{"@type":"PropertyValueSpecification","valueRequired":true,"valueName":"search_term_string"}}],"inLanguage":"de"},{"@type":"Organization","@id":"https:\/\/schoenstatt.com\/de\/#organization","name":"Schoenstatt","url":"https:\/\/schoenstatt.com\/de\/","logo":{"@type":"ImageObject","inLanguage":"de","@id":"https:\/\/schoenstatt.com\/de\/#\/schema\/logo\/image\/","url":"https:\/\/schoenstatt.com\/wp-content\/uploads\/2025\/04\/logo-schoenstatt-white-696x696-1.png","contentUrl":"https:\/\/schoenstatt.com\/wp-content\/uploads\/2025\/04\/logo-schoenstatt-white-696x696-1.png","width":696,"height":694,"caption":"Schoenstatt"},"image":{"@id":"https:\/\/schoenstatt.com\/de\/#\/schema\/logo\/image\/"}},{"@type":"Person","@id":"https:\/\/schoenstatt.com\/de\/#\/schema\/person\/489465b1850e7b216fe2c10dfc262551","name":"admin","image":{"@type":"ImageObject","inLanguage":"de","@id":"https:\/\/secure.gravatar.com\/avatar\/02e8345e1ec40ab0e0a2a98fdde64a684bbaf994cddcb778b25b8b024ee9dfe6?s=96&d=mm&r=g","url":"https:\/\/secure.gravatar.com\/avatar\/02e8345e1ec40ab0e0a2a98fdde64a684bbaf994cddcb778b25b8b024ee9dfe6?s=96&d=mm&r=g","contentUrl":"https:\/\/secure.gravatar.com\/avatar\/02e8345e1ec40ab0e0a2a98fdde64a684bbaf994cddcb778b25b8b024ee9dfe6?s=96&d=mm&r=g","caption":"admin"},"sameAs":["https:\/\/schoenstatt.com"],"url":"https:\/\/schoenstatt.com\/de\/author\/admin\/"}]}},"_links":{"self":[{"href":"https:\/\/schoenstatt.com\/de\/wp-json\/wp\/v2\/posts\/29253","targetHints":{"allow":["GET"]}}],"collection":[{"href":"https:\/\/schoenstatt.com\/de\/wp-json\/wp\/v2\/posts"}],"about":[{"href":"https:\/\/schoenstatt.com\/de\/wp-json\/wp\/v2\/types\/post"}],"author":[{"embeddable":true,"href":"https:\/\/schoenstatt.com\/de\/wp-json\/wp\/v2\/users\/1"}],"replies":[{"embeddable":true,"href":"https:\/\/schoenstatt.com\/de\/wp-json\/wp\/v2\/comments?post=29253"}],"version-history":[{"count":1,"href":"https:\/\/schoenstatt.com\/de\/wp-json\/wp\/v2\/posts\/29253\/revisions"}],"predecessor-version":[{"id":45844,"href":"https:\/\/schoenstatt.com\/de\/wp-json\/wp\/v2\/posts\/29253\/revisions\/45844"}],"wp:featuredmedia":[{"embeddable":true,"href":"https:\/\/schoenstatt.com\/de\/wp-json\/wp\/v2\/media\/29233"}],"wp:attachment":[{"href":"https:\/\/schoenstatt.com\/de\/wp-json\/wp\/v2\/media?parent=29253"}],"wp:term":[{"taxonomy":"category","embeddable":true,"href":"https:\/\/schoenstatt.com\/de\/wp-json\/wp\/v2\/categories?post=29253"},{"taxonomy":"post_tag","embeddable":true,"href":"https:\/\/schoenstatt.com\/de\/wp-json\/wp\/v2\/tags?post=29253"}],"curies":[{"name":"wp","href":"https:\/\/api.w.org\/{rel}","templated":true}]}}