{"id":29218,"date":"2023-02-04T09:54:11","date_gmt":"2023-02-04T08:54:11","guid":{"rendered":"https:\/\/schoenstatt.com\/?p=29218"},"modified":"2025-05-15T19:34:49","modified_gmt":"2025-05-15T17:34:49","slug":"mach-den-raum-deines-zeltes-weit-jes-542-synodalen-weg","status":"publish","type":"post","link":"https:\/\/schoenstatt.com\/de\/mach-den-raum-deines-zeltes-weit-jes-542-synodalen-weg\/","title":{"rendered":"\u201eMach den Raum deines Zeltes weit\u201c (Jes 54,2) \u2013 synodalen Weg"},"content":{"rendered":"<p>Vom 5. bis 12. Februar 2023 startet in Prag die kontinentale europ\u00e4ische Vorbereitung f\u00fcr den <a href=\"https:\/\/schoenstatt.com\/de\/kirche\/kurie-und-deutsche-bischoefe-sprachen-ueber-synodalen-weg\/\">synodalen Prozess<\/a> der Weltsynode. Papst Franziskus hat im Oktober 2021 die Welt-Bischofssynode als vierj\u00e4hrigen weltweiten Prozess gestartet, der sich in mehrere Phasen gliedert. Zur Konferenz in Prag, die vom Rat der Europ\u00e4ischen Bischofskonferenzen (CCEE) verantwortet wird, werden sich nun 200 Personen vor Ort treffen und 390 Personen online zugeschaltet sein. Von der Sch\u00f6nstatt-Bewegung k\u00f6nnen vom 5. bis 9. Februar zwei Vertreter und Vertreterinnen an der Konferenz teilnehmen. Neben Maria Pelz von der internationalen Leitung des Sch\u00f6nstatt-Familienbundes hat das Generalpr\u00e4sidium der Sch\u00f6nstatt-Bewegung Pater Heinrich Walter ISch als Delegaten des Vorsitzenden Pater Awi Melo ISch als Teilnehmer der ersten Konferenzphase entsandt.<\/p>\n<h3>Wie die Sendung verwirklichen, das Evangelium zu verk\u00fcnden?<\/h3>\n<p>Unter dem Titel<em><strong>\u00a0\u201eMach den Raum deines Zeltes weit\u201c<\/strong><\/em>\u00a0(Jes\u00a054,2) wurde Ende Oktober 2022 das <em><strong>\u201eArbeitsdokument f\u00fcr die kontinentale Etappe<\/strong><\/em>\u201c ver\u00f6ffentlicht und die Ortskirchen waren eingeladen, Beitr\u00e4ge f\u00fcr ein \u201eDokument f\u00fcr die kontinentale Etappe\u201c (DKE) zu erarbeiten. Die Kontinentalversammlung in Prag wird sich dazu austauschen und versuchen, aus europ\u00e4ischer Sicht Antworten auf die Frage zu finden, wie heute auf den verschiedenen Ebenen, von der lokalen bis zur universalen Ebene, jenes \u201egemeinsam Gehen\u201c gestaltet werden kann, \u201edas es der Kirche erlaubt, entsprechend der ihr anvertrauten Sendung das Evangelium zu verk\u00fcnden\u201c. Dabei solle besonders darauf geachtet werden, zu welchen Schritten der Heilige Geist einl\u00e4dt, damit die Kirche \u201eals synodale Kirche\u201c wachsen kann. (vergl. Vorbereitungsdokument, Nr. 2)<\/p>\n<figure id=\"attachment_29212\" aria-describedby=\"caption-attachment-29212\" style=\"width: 300px\" class=\"wp-caption alignleft\"><img fetchpriority=\"high\" decoding=\"async\" class=\"size-medium wp-image-29212\" src=\"https:\/\/schoenstatt.com\/wp-content\/uploads\/2023\/02\/Logo-Praga-300x282.png\" alt=\"Mach den Raum\" width=\"300\" height=\"282\" \/><figcaption id=\"caption-attachment-29212\" class=\"wp-caption-text\">Konferenz-Logo (Foto: prague.synod2023.org)<\/figcaption><\/figure>\n<p>Papst Franziskus ist \u00fcberzeugt, dass \u201edie Welt, in der wir leben und die in all ihrer Widerspr\u00fcchlichkeit zu lieben und zu dienen wir berufen sind, \u2026 von der Kirche eine Steigerung ihres Zusammenwirkens in allen Bereichen ihrer Sendung [verlangt].\u201c Franziskus weiter: \u201eWas der Herr von uns verlangt, ist in gewisser Weise schon im Wort \u201aSynode\u2018 enthalten. Gemeinsam voranzugehen \u2013 Laien, Hirten und der Bischof von Rom \u2013, ist ein Konzept, das sich leicht in Worte fassen l\u00e4sst, aber nicht so leicht umzusetzen ist.\u201c (Ansprache vom 17. Oktober 2015)<\/p>\n<p>Zum Abschluss der Kontinentalversammlung soll ein Schlussdokument entstehen, das zusammen mit den sechs anderen kontinentalen Schlussdokumenten vom Synodensekretariat in Rom als Grundlage f\u00fcr das Instrumentum laboris f\u00fcr die XVI. Ordentliche Generalversammlung der Bischofssynode in Rom dienen wird. Die Generalversammlung wird in zwei Sitzungen im Abstand von einem Jahr stattfinden: die erste vom 4. bis 29. Oktober 2023, die zweite im Oktober 2024.<\/p>\n<h3>Kontinentalversammlung wird teilweise live \u00fcbertragen<\/h3>\n<p>Jede Bischofskonferenz in Europa hat 4 Delegierte zur Kontinentalversammlung nach Prag entsandt. Zu diesen 156 Delegierten kommen 44 Personen dazu, die die CCEE zus\u00e4tzlich eingeladen hat. F\u00fcr die 390 online zugeschalteten Teilnehmer hat jede der 39 Bischofskonferenzen jeweils weitere 10 Personen benannt.<\/p>\n<p>F\u00fcr den ersten Teil der Kontinentalversammlung vom 5. bis zum 9. Februar ist auf der Internet-Plattform des Kongresses unter\u00a0<a href=\"https:\/\/prague.synod2023.org\/en\/\">prague.synod2023.org<\/a>\u00a0ein Livestream, f\u00fcr jeden Veranstaltungstag eine inhaltliche Zusammenfassung sowie eine Fotogalerie geplant. Die Konferenz findet vom 10. bis 12. Februar eine Fortsetzung ohne mediale Begleitung, an der die 39 Vorsitzenden der Bischofskonferenzen Europas teilnehmen werden.<br \/>\nInformationen kann man ebenfalls \u00fcber die<a href=\"https:\/\/www.facebook.com\/CCEEofficial\">\u00a0offizielle Facebook-Seite<\/a>\u00a0und den\u00a0<a href=\"https:\/\/www.instagram.com\/mediaccee\/\">Instagram-Kanal<\/a> der CCEE\u00a0abrufen.<\/p>\n","protected":false},"excerpt":{"rendered":"<p>Vom 5. bis 12. Februar 2023 startet in Prag die kontinentale europ\u00e4ische Vorbereitung f\u00fcr den synodalen Prozess der Weltsynode. Papst Franziskus hat im Oktober 2021 die Welt-Bischofssynode als vierj\u00e4hrigen weltweiten Prozess gestartet, der sich in mehrere Phasen gliedert.<\/p>\n","protected":false},"author":1,"featured_media":29214,"comment_status":"closed","ping_status":"closed","sticky":false,"template":"","format":"standard","meta":{"footnotes":""},"categories":[910,851],"tags":[],"class_list":["post-29218","post","type-post","status-publish","format-standard","has-post-thumbnail","hentry","category-gesellschaft-de","category-kirche-de"],"yoast_head":"<!-- This site is optimized with the Yoast SEO Premium plugin v27.4 (Yoast SEO v27.4) - https:\/\/yoast.com\/product\/yoast-seo-premium-wordpress\/ -->\n<title>\u201eMach den Raum deines Zeltes weit\u201c (Jes 54,2) \u2013 synodalen Weg - Schoenstatt<\/title>\n<meta name=\"description\" content=\"\u201eMach den Raum deines Zeltes weit\u201c (Jes 54,2) \u2013 der europ\u00e4ische Beitrag zum weltweiten synodalen Prozesses wird in Prag erarbeitet\" \/>\n<meta name=\"robots\" content=\"index, follow, max-snippet:-1, max-image-preview:large, max-video-preview:-1\" \/>\n<link rel=\"canonical\" href=\"https:\/\/schoenstatt.com\/de\/mach-den-raum-deines-zeltes-weit-jes-542-synodalen-weg\/\" \/>\n<meta property=\"og:locale\" content=\"de_DE\" \/>\n<meta property=\"og:type\" content=\"article\" \/>\n<meta property=\"og:title\" content=\"\u201eMach den Raum deines Zeltes weit\u201c (Jes 54,2) \u2013 synodalen Weg\" \/>\n<meta property=\"og:description\" content=\"\u201eMach den Raum deines Zeltes weit\u201c (Jes 54,2) \u2013 der europ\u00e4ische Beitrag zum weltweiten synodalen Prozesses wird in Prag erarbeitet\" \/>\n<meta property=\"og:url\" content=\"https:\/\/schoenstatt.com\/de\/mach-den-raum-deines-zeltes-weit-jes-542-synodalen-weg\/\" \/>\n<meta property=\"og:site_name\" content=\"Schoenstatt\" \/>\n<meta property=\"article:published_time\" content=\"2023-02-04T08:54:11+00:00\" \/>\n<meta property=\"article:modified_time\" content=\"2025-05-15T17:34:49+00:00\" \/>\n<meta property=\"og:image\" content=\"https:\/\/schoenstatt.com\/wp-content\/uploads\/2023\/02\/Praga-1.png\" \/>\n\t<meta property=\"og:image:width\" content=\"681\" \/>\n\t<meta property=\"og:image:height\" content=\"341\" \/>\n\t<meta property=\"og:image:type\" content=\"image\/png\" \/>\n<meta name=\"author\" content=\"admin\" \/>\n<meta name=\"twitter:card\" content=\"summary_large_image\" \/>\n<meta name=\"twitter:label1\" content=\"Verfasst von\" \/>\n\t<meta name=\"twitter:data1\" content=\"admin\" \/>\n\t<meta name=\"twitter:label2\" content=\"Gesch\u00e4tzte Lesezeit\" \/>\n\t<meta name=\"twitter:data2\" content=\"3\u00a0Minuten\" \/>\n<script type=\"application\/ld+json\" class=\"yoast-schema-graph\">{\"@context\":\"https:\\\/\\\/schema.org\",\"@graph\":[{\"@type\":\"Article\",\"@id\":\"https:\\\/\\\/schoenstatt.com\\\/de\\\/mach-den-raum-deines-zeltes-weit-jes-542-synodalen-weg\\\/#article\",\"isPartOf\":{\"@id\":\"https:\\\/\\\/schoenstatt.com\\\/de\\\/mach-den-raum-deines-zeltes-weit-jes-542-synodalen-weg\\\/\"},\"author\":{\"name\":\"admin\",\"@id\":\"https:\\\/\\\/schoenstatt.com\\\/de\\\/#\\\/schema\\\/person\\\/489465b1850e7b216fe2c10dfc262551\"},\"headline\":\"\u201eMach den Raum deines Zeltes weit\u201c (Jes 54,2) \u2013 synodalen Weg\",\"datePublished\":\"2023-02-04T08:54:11+00:00\",\"dateModified\":\"2025-05-15T17:34:49+00:00\",\"mainEntityOfPage\":{\"@id\":\"https:\\\/\\\/schoenstatt.com\\\/de\\\/mach-den-raum-deines-zeltes-weit-jes-542-synodalen-weg\\\/\"},\"wordCount\":521,\"publisher\":{\"@id\":\"https:\\\/\\\/schoenstatt.com\\\/de\\\/#organization\"},\"image\":{\"@id\":\"https:\\\/\\\/schoenstatt.com\\\/de\\\/mach-den-raum-deines-zeltes-weit-jes-542-synodalen-weg\\\/#primaryimage\"},\"thumbnailUrl\":\"https:\\\/\\\/schoenstatt.com\\\/wp-content\\\/uploads\\\/2023\\\/02\\\/Praga-1.png\",\"articleSection\":[\"Gesellschaft\",\"Kirche\"],\"inLanguage\":\"de\"},{\"@type\":\"WebPage\",\"@id\":\"https:\\\/\\\/schoenstatt.com\\\/de\\\/mach-den-raum-deines-zeltes-weit-jes-542-synodalen-weg\\\/\",\"url\":\"https:\\\/\\\/schoenstatt.com\\\/de\\\/mach-den-raum-deines-zeltes-weit-jes-542-synodalen-weg\\\/\",\"name\":\"\u201eMach den Raum deines Zeltes weit\u201c (Jes 54,2) \u2013 synodalen Weg - Schoenstatt\",\"isPartOf\":{\"@id\":\"https:\\\/\\\/schoenstatt.com\\\/de\\\/#website\"},\"primaryImageOfPage\":{\"@id\":\"https:\\\/\\\/schoenstatt.com\\\/de\\\/mach-den-raum-deines-zeltes-weit-jes-542-synodalen-weg\\\/#primaryimage\"},\"image\":{\"@id\":\"https:\\\/\\\/schoenstatt.com\\\/de\\\/mach-den-raum-deines-zeltes-weit-jes-542-synodalen-weg\\\/#primaryimage\"},\"thumbnailUrl\":\"https:\\\/\\\/schoenstatt.com\\\/wp-content\\\/uploads\\\/2023\\\/02\\\/Praga-1.png\",\"datePublished\":\"2023-02-04T08:54:11+00:00\",\"dateModified\":\"2025-05-15T17:34:49+00:00\",\"description\":\"\u201eMach den Raum deines Zeltes weit\u201c (Jes 54,2) \u2013 der europ\u00e4ische Beitrag zum weltweiten synodalen Prozesses wird in Prag erarbeitet\",\"breadcrumb\":{\"@id\":\"https:\\\/\\\/schoenstatt.com\\\/de\\\/mach-den-raum-deines-zeltes-weit-jes-542-synodalen-weg\\\/#breadcrumb\"},\"inLanguage\":\"de\",\"potentialAction\":[{\"@type\":\"ReadAction\",\"target\":[\"https:\\\/\\\/schoenstatt.com\\\/de\\\/mach-den-raum-deines-zeltes-weit-jes-542-synodalen-weg\\\/\"]}]},{\"@type\":\"ImageObject\",\"inLanguage\":\"de\",\"@id\":\"https:\\\/\\\/schoenstatt.com\\\/de\\\/mach-den-raum-deines-zeltes-weit-jes-542-synodalen-weg\\\/#primaryimage\",\"url\":\"https:\\\/\\\/schoenstatt.com\\\/wp-content\\\/uploads\\\/2023\\\/02\\\/Praga-1.png\",\"contentUrl\":\"https:\\\/\\\/schoenstatt.com\\\/wp-content\\\/uploads\\\/2023\\\/02\\\/Praga-1.png\",\"width\":681,\"height\":341,\"caption\":\"Mach den Raum\"},{\"@type\":\"BreadcrumbList\",\"@id\":\"https:\\\/\\\/schoenstatt.com\\\/de\\\/mach-den-raum-deines-zeltes-weit-jes-542-synodalen-weg\\\/#breadcrumb\",\"itemListElement\":[{\"@type\":\"ListItem\",\"position\":1,\"name\":\"Portada\",\"item\":\"https:\\\/\\\/schoenstatt.com\\\/de\\\/home\\\/\"},{\"@type\":\"ListItem\",\"position\":2,\"name\":\"\u201eMach den Raum deines Zeltes weit\u201c (Jes 54,2) \u2013 synodalen Weg\"}]},{\"@type\":\"WebSite\",\"@id\":\"https:\\\/\\\/schoenstatt.com\\\/de\\\/#website\",\"url\":\"https:\\\/\\\/schoenstatt.com\\\/de\\\/\",\"name\":\"Schoenstatt\",\"description\":\"Apostolic Movement\",\"publisher\":{\"@id\":\"https:\\\/\\\/schoenstatt.com\\\/de\\\/#organization\"},\"potentialAction\":[{\"@type\":\"SearchAction\",\"target\":{\"@type\":\"EntryPoint\",\"urlTemplate\":\"https:\\\/\\\/schoenstatt.com\\\/de\\\/?s={search_term_string}\"},\"query-input\":{\"@type\":\"PropertyValueSpecification\",\"valueRequired\":true,\"valueName\":\"search_term_string\"}}],\"inLanguage\":\"de\"},{\"@type\":\"Organization\",\"@id\":\"https:\\\/\\\/schoenstatt.com\\\/de\\\/#organization\",\"name\":\"Schoenstatt\",\"url\":\"https:\\\/\\\/schoenstatt.com\\\/de\\\/\",\"logo\":{\"@type\":\"ImageObject\",\"inLanguage\":\"de\",\"@id\":\"https:\\\/\\\/schoenstatt.com\\\/de\\\/#\\\/schema\\\/logo\\\/image\\\/\",\"url\":\"https:\\\/\\\/schoenstatt.com\\\/wp-content\\\/uploads\\\/2025\\\/04\\\/logo-schoenstatt-white-696x696-1.png\",\"contentUrl\":\"https:\\\/\\\/schoenstatt.com\\\/wp-content\\\/uploads\\\/2025\\\/04\\\/logo-schoenstatt-white-696x696-1.png\",\"width\":696,\"height\":694,\"caption\":\"Schoenstatt\"},\"image\":{\"@id\":\"https:\\\/\\\/schoenstatt.com\\\/de\\\/#\\\/schema\\\/logo\\\/image\\\/\"}},{\"@type\":\"Person\",\"@id\":\"https:\\\/\\\/schoenstatt.com\\\/de\\\/#\\\/schema\\\/person\\\/489465b1850e7b216fe2c10dfc262551\",\"name\":\"admin\",\"image\":{\"@type\":\"ImageObject\",\"inLanguage\":\"de\",\"@id\":\"https:\\\/\\\/secure.gravatar.com\\\/avatar\\\/02e8345e1ec40ab0e0a2a98fdde64a684bbaf994cddcb778b25b8b024ee9dfe6?s=96&d=mm&r=g\",\"url\":\"https:\\\/\\\/secure.gravatar.com\\\/avatar\\\/02e8345e1ec40ab0e0a2a98fdde64a684bbaf994cddcb778b25b8b024ee9dfe6?s=96&d=mm&r=g\",\"contentUrl\":\"https:\\\/\\\/secure.gravatar.com\\\/avatar\\\/02e8345e1ec40ab0e0a2a98fdde64a684bbaf994cddcb778b25b8b024ee9dfe6?s=96&d=mm&r=g\",\"caption\":\"admin\"},\"sameAs\":[\"https:\\\/\\\/schoenstatt.com\"],\"url\":\"https:\\\/\\\/schoenstatt.com\\\/de\\\/author\\\/admin\\\/\"}]}<\/script>\n<!-- \/ Yoast SEO Premium plugin. -->","yoast_head_json":{"title":"\u201eMach den Raum deines Zeltes weit\u201c (Jes 54,2) \u2013 synodalen Weg - Schoenstatt","description":"\u201eMach den Raum deines Zeltes weit\u201c (Jes 54,2) \u2013 der europ\u00e4ische Beitrag zum weltweiten synodalen Prozesses wird in Prag erarbeitet","robots":{"index":"index","follow":"follow","max-snippet":"max-snippet:-1","max-image-preview":"max-image-preview:large","max-video-preview":"max-video-preview:-1"},"canonical":"https:\/\/schoenstatt.com\/de\/mach-den-raum-deines-zeltes-weit-jes-542-synodalen-weg\/","og_locale":"de_DE","og_type":"article","og_title":"\u201eMach den Raum deines Zeltes weit\u201c (Jes 54,2) \u2013 synodalen Weg","og_description":"\u201eMach den Raum deines Zeltes weit\u201c (Jes 54,2) \u2013 der europ\u00e4ische Beitrag zum weltweiten synodalen Prozesses wird in Prag erarbeitet","og_url":"https:\/\/schoenstatt.com\/de\/mach-den-raum-deines-zeltes-weit-jes-542-synodalen-weg\/","og_site_name":"Schoenstatt","article_published_time":"2023-02-04T08:54:11+00:00","article_modified_time":"2025-05-15T17:34:49+00:00","og_image":[{"width":681,"height":341,"url":"https:\/\/schoenstatt.com\/wp-content\/uploads\/2023\/02\/Praga-1.png","type":"image\/png"}],"author":"admin","twitter_card":"summary_large_image","twitter_misc":{"Verfasst von":"admin","Gesch\u00e4tzte Lesezeit":"3\u00a0Minuten"},"schema":{"@context":"https:\/\/schema.org","@graph":[{"@type":"Article","@id":"https:\/\/schoenstatt.com\/de\/mach-den-raum-deines-zeltes-weit-jes-542-synodalen-weg\/#article","isPartOf":{"@id":"https:\/\/schoenstatt.com\/de\/mach-den-raum-deines-zeltes-weit-jes-542-synodalen-weg\/"},"author":{"name":"admin","@id":"https:\/\/schoenstatt.com\/de\/#\/schema\/person\/489465b1850e7b216fe2c10dfc262551"},"headline":"\u201eMach den Raum deines Zeltes weit\u201c (Jes 54,2) \u2013 synodalen Weg","datePublished":"2023-02-04T08:54:11+00:00","dateModified":"2025-05-15T17:34:49+00:00","mainEntityOfPage":{"@id":"https:\/\/schoenstatt.com\/de\/mach-den-raum-deines-zeltes-weit-jes-542-synodalen-weg\/"},"wordCount":521,"publisher":{"@id":"https:\/\/schoenstatt.com\/de\/#organization"},"image":{"@id":"https:\/\/schoenstatt.com\/de\/mach-den-raum-deines-zeltes-weit-jes-542-synodalen-weg\/#primaryimage"},"thumbnailUrl":"https:\/\/schoenstatt.com\/wp-content\/uploads\/2023\/02\/Praga-1.png","articleSection":["Gesellschaft","Kirche"],"inLanguage":"de"},{"@type":"WebPage","@id":"https:\/\/schoenstatt.com\/de\/mach-den-raum-deines-zeltes-weit-jes-542-synodalen-weg\/","url":"https:\/\/schoenstatt.com\/de\/mach-den-raum-deines-zeltes-weit-jes-542-synodalen-weg\/","name":"\u201eMach den Raum deines Zeltes weit\u201c (Jes 54,2) \u2013 synodalen Weg - Schoenstatt","isPartOf":{"@id":"https:\/\/schoenstatt.com\/de\/#website"},"primaryImageOfPage":{"@id":"https:\/\/schoenstatt.com\/de\/mach-den-raum-deines-zeltes-weit-jes-542-synodalen-weg\/#primaryimage"},"image":{"@id":"https:\/\/schoenstatt.com\/de\/mach-den-raum-deines-zeltes-weit-jes-542-synodalen-weg\/#primaryimage"},"thumbnailUrl":"https:\/\/schoenstatt.com\/wp-content\/uploads\/2023\/02\/Praga-1.png","datePublished":"2023-02-04T08:54:11+00:00","dateModified":"2025-05-15T17:34:49+00:00","description":"\u201eMach den Raum deines Zeltes weit\u201c (Jes 54,2) \u2013 der europ\u00e4ische Beitrag zum weltweiten synodalen Prozesses wird in Prag erarbeitet","breadcrumb":{"@id":"https:\/\/schoenstatt.com\/de\/mach-den-raum-deines-zeltes-weit-jes-542-synodalen-weg\/#breadcrumb"},"inLanguage":"de","potentialAction":[{"@type":"ReadAction","target":["https:\/\/schoenstatt.com\/de\/mach-den-raum-deines-zeltes-weit-jes-542-synodalen-weg\/"]}]},{"@type":"ImageObject","inLanguage":"de","@id":"https:\/\/schoenstatt.com\/de\/mach-den-raum-deines-zeltes-weit-jes-542-synodalen-weg\/#primaryimage","url":"https:\/\/schoenstatt.com\/wp-content\/uploads\/2023\/02\/Praga-1.png","contentUrl":"https:\/\/schoenstatt.com\/wp-content\/uploads\/2023\/02\/Praga-1.png","width":681,"height":341,"caption":"Mach den Raum"},{"@type":"BreadcrumbList","@id":"https:\/\/schoenstatt.com\/de\/mach-den-raum-deines-zeltes-weit-jes-542-synodalen-weg\/#breadcrumb","itemListElement":[{"@type":"ListItem","position":1,"name":"Portada","item":"https:\/\/schoenstatt.com\/de\/home\/"},{"@type":"ListItem","position":2,"name":"\u201eMach den Raum deines Zeltes weit\u201c (Jes 54,2) \u2013 synodalen Weg"}]},{"@type":"WebSite","@id":"https:\/\/schoenstatt.com\/de\/#website","url":"https:\/\/schoenstatt.com\/de\/","name":"Schoenstatt","description":"Apostolic Movement","publisher":{"@id":"https:\/\/schoenstatt.com\/de\/#organization"},"potentialAction":[{"@type":"SearchAction","target":{"@type":"EntryPoint","urlTemplate":"https:\/\/schoenstatt.com\/de\/?s={search_term_string}"},"query-input":{"@type":"PropertyValueSpecification","valueRequired":true,"valueName":"search_term_string"}}],"inLanguage":"de"},{"@type":"Organization","@id":"https:\/\/schoenstatt.com\/de\/#organization","name":"Schoenstatt","url":"https:\/\/schoenstatt.com\/de\/","logo":{"@type":"ImageObject","inLanguage":"de","@id":"https:\/\/schoenstatt.com\/de\/#\/schema\/logo\/image\/","url":"https:\/\/schoenstatt.com\/wp-content\/uploads\/2025\/04\/logo-schoenstatt-white-696x696-1.png","contentUrl":"https:\/\/schoenstatt.com\/wp-content\/uploads\/2025\/04\/logo-schoenstatt-white-696x696-1.png","width":696,"height":694,"caption":"Schoenstatt"},"image":{"@id":"https:\/\/schoenstatt.com\/de\/#\/schema\/logo\/image\/"}},{"@type":"Person","@id":"https:\/\/schoenstatt.com\/de\/#\/schema\/person\/489465b1850e7b216fe2c10dfc262551","name":"admin","image":{"@type":"ImageObject","inLanguage":"de","@id":"https:\/\/secure.gravatar.com\/avatar\/02e8345e1ec40ab0e0a2a98fdde64a684bbaf994cddcb778b25b8b024ee9dfe6?s=96&d=mm&r=g","url":"https:\/\/secure.gravatar.com\/avatar\/02e8345e1ec40ab0e0a2a98fdde64a684bbaf994cddcb778b25b8b024ee9dfe6?s=96&d=mm&r=g","contentUrl":"https:\/\/secure.gravatar.com\/avatar\/02e8345e1ec40ab0e0a2a98fdde64a684bbaf994cddcb778b25b8b024ee9dfe6?s=96&d=mm&r=g","caption":"admin"},"sameAs":["https:\/\/schoenstatt.com"],"url":"https:\/\/schoenstatt.com\/de\/author\/admin\/"}]}},"_links":{"self":[{"href":"https:\/\/schoenstatt.com\/de\/wp-json\/wp\/v2\/posts\/29218","targetHints":{"allow":["GET"]}}],"collection":[{"href":"https:\/\/schoenstatt.com\/de\/wp-json\/wp\/v2\/posts"}],"about":[{"href":"https:\/\/schoenstatt.com\/de\/wp-json\/wp\/v2\/types\/post"}],"author":[{"embeddable":true,"href":"https:\/\/schoenstatt.com\/de\/wp-json\/wp\/v2\/users\/1"}],"replies":[{"embeddable":true,"href":"https:\/\/schoenstatt.com\/de\/wp-json\/wp\/v2\/comments?post=29218"}],"version-history":[{"count":1,"href":"https:\/\/schoenstatt.com\/de\/wp-json\/wp\/v2\/posts\/29218\/revisions"}],"predecessor-version":[{"id":45842,"href":"https:\/\/schoenstatt.com\/de\/wp-json\/wp\/v2\/posts\/29218\/revisions\/45842"}],"wp:featuredmedia":[{"embeddable":true,"href":"https:\/\/schoenstatt.com\/de\/wp-json\/wp\/v2\/media\/29214"}],"wp:attachment":[{"href":"https:\/\/schoenstatt.com\/de\/wp-json\/wp\/v2\/media?parent=29218"}],"wp:term":[{"taxonomy":"category","embeddable":true,"href":"https:\/\/schoenstatt.com\/de\/wp-json\/wp\/v2\/categories?post=29218"},{"taxonomy":"post_tag","embeddable":true,"href":"https:\/\/schoenstatt.com\/de\/wp-json\/wp\/v2\/tags?post=29218"}],"curies":[{"name":"wp","href":"https:\/\/api.w.org\/{rel}","templated":true}]}}