{"id":27189,"date":"2022-10-05T15:57:55","date_gmt":"2022-10-05T13:57:55","guid":{"rendered":"https:\/\/schoenstatt.com\/?p=27189"},"modified":"2025-05-15T20:08:21","modified_gmt":"2025-05-15T18:08:21","slug":"oktober-fuer-eine-allen-offene-kirche","status":"publish","type":"post","link":"https:\/\/schoenstatt.com\/de\/oktober-fuer-eine-allen-offene-kirche\/","title":{"rendered":"OKTOBER | F\u00fcr eine allen offene Kirche"},"content":{"rendered":"<h3>Was bedeutet es, \u201eSynode zu halten\u201c?<\/h3>\n<p>Es bedeutet, gemeinsam zu gehen: syn-odos. Im Griechischen hei\u00dft es \u201egemeinsam gehen\u201c und in dieselbe Richtung gehen.<br \/>\nUnd das ist es, was Gott von der Kirche des dritten Jahrtausends erwartet. Dass sie sich wieder bewusst wird, dass sie ein Volk auf dem Weg ist und dass sie diesen Weg gemeinsam gehen muss.<\/p>\n<p>Eine Kirche mit diesem synodalen Stil ist eine Kirche des Zuh\u00f6rens, die wei\u00df, dass Zuh\u00f6ren mehr ist als H\u00f6ren.<br \/>\nDas bedeutet, dass wir einander in unserer Vielfalt zuh\u00f6ren und denjenigen, die drau\u00dfen sind, die T\u00fcren \u00f6ffnen. Es geht weder darum, Meinungen zu sammeln, noch darum, ein Parlament zu schaffen. Die Synode ist keine Umfrage. Es geht darum, auf den Protagonisten zu h\u00f6ren: auf den Heiligen Geist. Es geht darum, zu beten.<\/p>\n<h3>Ohne Gebet wird es keine Synode geben.<\/h3>\n<p>Lasst uns diese Gelegenheit nutzen, um eine Kirche der N\u00e4he zu sein, die der Stil Gottes ist: N\u00e4he. Und danken wir dem ganzen Volk Gottes, das durch sein aufmerksames Zuh\u00f6ren einen synodalen Weg geht.<br \/>\nWir beten f\u00fcr eine Kirche, die treu und mutig das Evangelium verk\u00fcndet, eine solidarische Gemeinschaft ist, jeden willkommen hei\u00dft und in einer Atmosph\u00e4re der Synodalit\u00e4t lebt.<\/p>\n<p><iframe title=\"Eine f\u00fcr alle offene Kirche - Das Video vom Papst 10 \u2013 Oktober 2022\" width=\"800\" height=\"450\" src=\"https:\/\/www.youtube.com\/embed\/BYcK8UznjZ4?feature=oembed\" frameborder=\"0\" allow=\"accelerometer; autoplay; clipboard-write; encrypted-media; gyroscope; picture-in-picture; web-share\" referrerpolicy=\"strict-origin-when-cross-origin\" allowfullscreen><\/iframe><\/p>\n<p>Sie k\u00f6nnen auch lesen:\u00a0<a href=\"https:\/\/schoenstatt.com\/de\/kirche\/september-fuer-die-abschaffung-der-todesstrafe\/\">SEPTEMBER | F\u00fcr die Abschaffung der Todesstrafe<\/a><\/p>\n","protected":false},"excerpt":{"rendered":"<p>Wir beten f\u00fcr eine Kirche, die treu und mutig das Evangelium verk\u00fcndet, eine solidarische Gemeinschaft ist, jeden willkommen hei\u00dft und in einer Atmosph\u00e4re der Synodalit\u00e4t lebt.<\/p>\n","protected":false},"author":1,"featured_media":27194,"comment_status":"closed","ping_status":"closed","sticky":false,"template":"","format":"standard","meta":{"footnotes":""},"categories":[851,852],"tags":[],"class_list":["post-27189","post","type-post","status-publish","format-standard","has-post-thumbnail","hentry","category-kirche-de","category-papst-franziskus-de"],"yoast_head":"<!-- This site is optimized with the Yoast SEO Premium plugin v27.4 (Yoast SEO v27.4) - https:\/\/yoast.com\/product\/yoast-seo-premium-wordpress\/ -->\n<title>OKTOBER | F\u00fcr eine allen offene Kirche - Schoenstatt<\/title>\n<meta name=\"description\" content=\"Oktober- Wir beten f\u00fcr eine Kirche, die treu und mutig das Evangelium verk\u00fcndet, die eine solidarische Gemeinschaft ist.\" \/>\n<meta name=\"robots\" content=\"index, follow, max-snippet:-1, max-image-preview:large, max-video-preview:-1\" \/>\n<link rel=\"canonical\" href=\"https:\/\/schoenstatt.com\/de\/oktober-fuer-eine-allen-offene-kirche\/\" \/>\n<meta property=\"og:locale\" content=\"de_DE\" \/>\n<meta property=\"og:type\" content=\"article\" \/>\n<meta property=\"og:title\" content=\"OKTOBER | F\u00fcr eine allen offene Kirche\" \/>\n<meta property=\"og:description\" content=\"Oktober- Wir beten f\u00fcr eine Kirche, die treu und mutig das Evangelium verk\u00fcndet, die eine solidarische Gemeinschaft ist.\" \/>\n<meta property=\"og:url\" content=\"https:\/\/schoenstatt.com\/de\/oktober-fuer-eine-allen-offene-kirche\/\" \/>\n<meta property=\"og:site_name\" content=\"Schoenstatt\" \/>\n<meta property=\"article:published_time\" content=\"2022-10-05T13:57:55+00:00\" \/>\n<meta property=\"article:modified_time\" content=\"2025-05-15T18:08:21+00:00\" \/>\n<meta property=\"og:image\" content=\"https:\/\/schoenstatt.com\/wp-content\/uploads\/2022\/10\/Encuentro-Interreligioso-por-la-paz-1.png\" \/>\n\t<meta property=\"og:image:width\" content=\"676\" \/>\n\t<meta property=\"og:image:height\" content=\"376\" \/>\n\t<meta property=\"og:image:type\" content=\"image\/png\" \/>\n<meta name=\"author\" content=\"admin\" \/>\n<meta name=\"twitter:card\" content=\"summary_large_image\" \/>\n<meta name=\"twitter:label1\" content=\"Verfasst von\" \/>\n\t<meta name=\"twitter:data1\" content=\"admin\" \/>\n\t<meta name=\"twitter:label2\" content=\"Gesch\u00e4tzte Lesezeit\" \/>\n\t<meta name=\"twitter:data2\" content=\"1\u00a0Minute\" \/>\n<script type=\"application\/ld+json\" class=\"yoast-schema-graph\">{\"@context\":\"https:\\\/\\\/schema.org\",\"@graph\":[{\"@type\":\"Article\",\"@id\":\"https:\\\/\\\/schoenstatt.com\\\/de\\\/oktober-fuer-eine-allen-offene-kirche\\\/#article\",\"isPartOf\":{\"@id\":\"https:\\\/\\\/schoenstatt.com\\\/de\\\/oktober-fuer-eine-allen-offene-kirche\\\/\"},\"author\":{\"name\":\"admin\",\"@id\":\"https:\\\/\\\/schoenstatt.com\\\/de\\\/#\\\/schema\\\/person\\\/489465b1850e7b216fe2c10dfc262551\"},\"headline\":\"OKTOBER | F\u00fcr eine allen offene Kirche\",\"datePublished\":\"2022-10-05T13:57:55+00:00\",\"dateModified\":\"2025-05-15T18:08:21+00:00\",\"mainEntityOfPage\":{\"@id\":\"https:\\\/\\\/schoenstatt.com\\\/de\\\/oktober-fuer-eine-allen-offene-kirche\\\/\"},\"wordCount\":236,\"publisher\":{\"@id\":\"https:\\\/\\\/schoenstatt.com\\\/de\\\/#organization\"},\"image\":{\"@id\":\"https:\\\/\\\/schoenstatt.com\\\/de\\\/oktober-fuer-eine-allen-offene-kirche\\\/#primaryimage\"},\"thumbnailUrl\":\"https:\\\/\\\/schoenstatt.com\\\/wp-content\\\/uploads\\\/2022\\\/10\\\/Encuentro-Interreligioso-por-la-paz-1.png\",\"articleSection\":[\"Kirche\",\"Papst Franziskus\"],\"inLanguage\":\"de\"},{\"@type\":\"WebPage\",\"@id\":\"https:\\\/\\\/schoenstatt.com\\\/de\\\/oktober-fuer-eine-allen-offene-kirche\\\/\",\"url\":\"https:\\\/\\\/schoenstatt.com\\\/de\\\/oktober-fuer-eine-allen-offene-kirche\\\/\",\"name\":\"OKTOBER | F\u00fcr eine allen offene Kirche - Schoenstatt\",\"isPartOf\":{\"@id\":\"https:\\\/\\\/schoenstatt.com\\\/de\\\/#website\"},\"primaryImageOfPage\":{\"@id\":\"https:\\\/\\\/schoenstatt.com\\\/de\\\/oktober-fuer-eine-allen-offene-kirche\\\/#primaryimage\"},\"image\":{\"@id\":\"https:\\\/\\\/schoenstatt.com\\\/de\\\/oktober-fuer-eine-allen-offene-kirche\\\/#primaryimage\"},\"thumbnailUrl\":\"https:\\\/\\\/schoenstatt.com\\\/wp-content\\\/uploads\\\/2022\\\/10\\\/Encuentro-Interreligioso-por-la-paz-1.png\",\"datePublished\":\"2022-10-05T13:57:55+00:00\",\"dateModified\":\"2025-05-15T18:08:21+00:00\",\"description\":\"Oktober- Wir beten f\u00fcr eine Kirche, die treu und mutig das Evangelium verk\u00fcndet, die eine solidarische Gemeinschaft ist.\",\"breadcrumb\":{\"@id\":\"https:\\\/\\\/schoenstatt.com\\\/de\\\/oktober-fuer-eine-allen-offene-kirche\\\/#breadcrumb\"},\"inLanguage\":\"de\",\"potentialAction\":[{\"@type\":\"ReadAction\",\"target\":[\"https:\\\/\\\/schoenstatt.com\\\/de\\\/oktober-fuer-eine-allen-offene-kirche\\\/\"]}]},{\"@type\":\"ImageObject\",\"inLanguage\":\"de\",\"@id\":\"https:\\\/\\\/schoenstatt.com\\\/de\\\/oktober-fuer-eine-allen-offene-kirche\\\/#primaryimage\",\"url\":\"https:\\\/\\\/schoenstatt.com\\\/wp-content\\\/uploads\\\/2022\\\/10\\\/Encuentro-Interreligioso-por-la-paz-1.png\",\"contentUrl\":\"https:\\\/\\\/schoenstatt.com\\\/wp-content\\\/uploads\\\/2022\\\/10\\\/Encuentro-Interreligioso-por-la-paz-1.png\",\"width\":676,\"height\":376,\"caption\":\"October\"},{\"@type\":\"BreadcrumbList\",\"@id\":\"https:\\\/\\\/schoenstatt.com\\\/de\\\/oktober-fuer-eine-allen-offene-kirche\\\/#breadcrumb\",\"itemListElement\":[{\"@type\":\"ListItem\",\"position\":1,\"name\":\"Portada\",\"item\":\"https:\\\/\\\/schoenstatt.com\\\/de\\\/home\\\/\"},{\"@type\":\"ListItem\",\"position\":2,\"name\":\"OKTOBER | F\u00fcr eine allen offene Kirche\"}]},{\"@type\":\"WebSite\",\"@id\":\"https:\\\/\\\/schoenstatt.com\\\/de\\\/#website\",\"url\":\"https:\\\/\\\/schoenstatt.com\\\/de\\\/\",\"name\":\"Schoenstatt\",\"description\":\"Apostolic Movement\",\"publisher\":{\"@id\":\"https:\\\/\\\/schoenstatt.com\\\/de\\\/#organization\"},\"potentialAction\":[{\"@type\":\"SearchAction\",\"target\":{\"@type\":\"EntryPoint\",\"urlTemplate\":\"https:\\\/\\\/schoenstatt.com\\\/de\\\/?s={search_term_string}\"},\"query-input\":{\"@type\":\"PropertyValueSpecification\",\"valueRequired\":true,\"valueName\":\"search_term_string\"}}],\"inLanguage\":\"de\"},{\"@type\":\"Organization\",\"@id\":\"https:\\\/\\\/schoenstatt.com\\\/de\\\/#organization\",\"name\":\"Schoenstatt\",\"url\":\"https:\\\/\\\/schoenstatt.com\\\/de\\\/\",\"logo\":{\"@type\":\"ImageObject\",\"inLanguage\":\"de\",\"@id\":\"https:\\\/\\\/schoenstatt.com\\\/de\\\/#\\\/schema\\\/logo\\\/image\\\/\",\"url\":\"https:\\\/\\\/schoenstatt.com\\\/wp-content\\\/uploads\\\/2025\\\/04\\\/logo-schoenstatt-white-696x696-1.png\",\"contentUrl\":\"https:\\\/\\\/schoenstatt.com\\\/wp-content\\\/uploads\\\/2025\\\/04\\\/logo-schoenstatt-white-696x696-1.png\",\"width\":696,\"height\":694,\"caption\":\"Schoenstatt\"},\"image\":{\"@id\":\"https:\\\/\\\/schoenstatt.com\\\/de\\\/#\\\/schema\\\/logo\\\/image\\\/\"}},{\"@type\":\"Person\",\"@id\":\"https:\\\/\\\/schoenstatt.com\\\/de\\\/#\\\/schema\\\/person\\\/489465b1850e7b216fe2c10dfc262551\",\"name\":\"admin\",\"image\":{\"@type\":\"ImageObject\",\"inLanguage\":\"de\",\"@id\":\"https:\\\/\\\/secure.gravatar.com\\\/avatar\\\/02e8345e1ec40ab0e0a2a98fdde64a684bbaf994cddcb778b25b8b024ee9dfe6?s=96&d=mm&r=g\",\"url\":\"https:\\\/\\\/secure.gravatar.com\\\/avatar\\\/02e8345e1ec40ab0e0a2a98fdde64a684bbaf994cddcb778b25b8b024ee9dfe6?s=96&d=mm&r=g\",\"contentUrl\":\"https:\\\/\\\/secure.gravatar.com\\\/avatar\\\/02e8345e1ec40ab0e0a2a98fdde64a684bbaf994cddcb778b25b8b024ee9dfe6?s=96&d=mm&r=g\",\"caption\":\"admin\"},\"sameAs\":[\"https:\\\/\\\/schoenstatt.com\"],\"url\":\"https:\\\/\\\/schoenstatt.com\\\/de\\\/author\\\/admin\\\/\"}]}<\/script>\n<!-- \/ Yoast SEO Premium plugin. -->","yoast_head_json":{"title":"OKTOBER | F\u00fcr eine allen offene Kirche - Schoenstatt","description":"Oktober- Wir beten f\u00fcr eine Kirche, die treu und mutig das Evangelium verk\u00fcndet, die eine solidarische Gemeinschaft ist.","robots":{"index":"index","follow":"follow","max-snippet":"max-snippet:-1","max-image-preview":"max-image-preview:large","max-video-preview":"max-video-preview:-1"},"canonical":"https:\/\/schoenstatt.com\/de\/oktober-fuer-eine-allen-offene-kirche\/","og_locale":"de_DE","og_type":"article","og_title":"OKTOBER | F\u00fcr eine allen offene Kirche","og_description":"Oktober- Wir beten f\u00fcr eine Kirche, die treu und mutig das Evangelium verk\u00fcndet, die eine solidarische Gemeinschaft ist.","og_url":"https:\/\/schoenstatt.com\/de\/oktober-fuer-eine-allen-offene-kirche\/","og_site_name":"Schoenstatt","article_published_time":"2022-10-05T13:57:55+00:00","article_modified_time":"2025-05-15T18:08:21+00:00","og_image":[{"width":676,"height":376,"url":"https:\/\/schoenstatt.com\/wp-content\/uploads\/2022\/10\/Encuentro-Interreligioso-por-la-paz-1.png","type":"image\/png"}],"author":"admin","twitter_card":"summary_large_image","twitter_misc":{"Verfasst von":"admin","Gesch\u00e4tzte Lesezeit":"1\u00a0Minute"},"schema":{"@context":"https:\/\/schema.org","@graph":[{"@type":"Article","@id":"https:\/\/schoenstatt.com\/de\/oktober-fuer-eine-allen-offene-kirche\/#article","isPartOf":{"@id":"https:\/\/schoenstatt.com\/de\/oktober-fuer-eine-allen-offene-kirche\/"},"author":{"name":"admin","@id":"https:\/\/schoenstatt.com\/de\/#\/schema\/person\/489465b1850e7b216fe2c10dfc262551"},"headline":"OKTOBER | F\u00fcr eine allen offene Kirche","datePublished":"2022-10-05T13:57:55+00:00","dateModified":"2025-05-15T18:08:21+00:00","mainEntityOfPage":{"@id":"https:\/\/schoenstatt.com\/de\/oktober-fuer-eine-allen-offene-kirche\/"},"wordCount":236,"publisher":{"@id":"https:\/\/schoenstatt.com\/de\/#organization"},"image":{"@id":"https:\/\/schoenstatt.com\/de\/oktober-fuer-eine-allen-offene-kirche\/#primaryimage"},"thumbnailUrl":"https:\/\/schoenstatt.com\/wp-content\/uploads\/2022\/10\/Encuentro-Interreligioso-por-la-paz-1.png","articleSection":["Kirche","Papst Franziskus"],"inLanguage":"de"},{"@type":"WebPage","@id":"https:\/\/schoenstatt.com\/de\/oktober-fuer-eine-allen-offene-kirche\/","url":"https:\/\/schoenstatt.com\/de\/oktober-fuer-eine-allen-offene-kirche\/","name":"OKTOBER | F\u00fcr eine allen offene Kirche - Schoenstatt","isPartOf":{"@id":"https:\/\/schoenstatt.com\/de\/#website"},"primaryImageOfPage":{"@id":"https:\/\/schoenstatt.com\/de\/oktober-fuer-eine-allen-offene-kirche\/#primaryimage"},"image":{"@id":"https:\/\/schoenstatt.com\/de\/oktober-fuer-eine-allen-offene-kirche\/#primaryimage"},"thumbnailUrl":"https:\/\/schoenstatt.com\/wp-content\/uploads\/2022\/10\/Encuentro-Interreligioso-por-la-paz-1.png","datePublished":"2022-10-05T13:57:55+00:00","dateModified":"2025-05-15T18:08:21+00:00","description":"Oktober- Wir beten f\u00fcr eine Kirche, die treu und mutig das Evangelium verk\u00fcndet, die eine solidarische Gemeinschaft ist.","breadcrumb":{"@id":"https:\/\/schoenstatt.com\/de\/oktober-fuer-eine-allen-offene-kirche\/#breadcrumb"},"inLanguage":"de","potentialAction":[{"@type":"ReadAction","target":["https:\/\/schoenstatt.com\/de\/oktober-fuer-eine-allen-offene-kirche\/"]}]},{"@type":"ImageObject","inLanguage":"de","@id":"https:\/\/schoenstatt.com\/de\/oktober-fuer-eine-allen-offene-kirche\/#primaryimage","url":"https:\/\/schoenstatt.com\/wp-content\/uploads\/2022\/10\/Encuentro-Interreligioso-por-la-paz-1.png","contentUrl":"https:\/\/schoenstatt.com\/wp-content\/uploads\/2022\/10\/Encuentro-Interreligioso-por-la-paz-1.png","width":676,"height":376,"caption":"October"},{"@type":"BreadcrumbList","@id":"https:\/\/schoenstatt.com\/de\/oktober-fuer-eine-allen-offene-kirche\/#breadcrumb","itemListElement":[{"@type":"ListItem","position":1,"name":"Portada","item":"https:\/\/schoenstatt.com\/de\/home\/"},{"@type":"ListItem","position":2,"name":"OKTOBER | F\u00fcr eine allen offene Kirche"}]},{"@type":"WebSite","@id":"https:\/\/schoenstatt.com\/de\/#website","url":"https:\/\/schoenstatt.com\/de\/","name":"Schoenstatt","description":"Apostolic Movement","publisher":{"@id":"https:\/\/schoenstatt.com\/de\/#organization"},"potentialAction":[{"@type":"SearchAction","target":{"@type":"EntryPoint","urlTemplate":"https:\/\/schoenstatt.com\/de\/?s={search_term_string}"},"query-input":{"@type":"PropertyValueSpecification","valueRequired":true,"valueName":"search_term_string"}}],"inLanguage":"de"},{"@type":"Organization","@id":"https:\/\/schoenstatt.com\/de\/#organization","name":"Schoenstatt","url":"https:\/\/schoenstatt.com\/de\/","logo":{"@type":"ImageObject","inLanguage":"de","@id":"https:\/\/schoenstatt.com\/de\/#\/schema\/logo\/image\/","url":"https:\/\/schoenstatt.com\/wp-content\/uploads\/2025\/04\/logo-schoenstatt-white-696x696-1.png","contentUrl":"https:\/\/schoenstatt.com\/wp-content\/uploads\/2025\/04\/logo-schoenstatt-white-696x696-1.png","width":696,"height":694,"caption":"Schoenstatt"},"image":{"@id":"https:\/\/schoenstatt.com\/de\/#\/schema\/logo\/image\/"}},{"@type":"Person","@id":"https:\/\/schoenstatt.com\/de\/#\/schema\/person\/489465b1850e7b216fe2c10dfc262551","name":"admin","image":{"@type":"ImageObject","inLanguage":"de","@id":"https:\/\/secure.gravatar.com\/avatar\/02e8345e1ec40ab0e0a2a98fdde64a684bbaf994cddcb778b25b8b024ee9dfe6?s=96&d=mm&r=g","url":"https:\/\/secure.gravatar.com\/avatar\/02e8345e1ec40ab0e0a2a98fdde64a684bbaf994cddcb778b25b8b024ee9dfe6?s=96&d=mm&r=g","contentUrl":"https:\/\/secure.gravatar.com\/avatar\/02e8345e1ec40ab0e0a2a98fdde64a684bbaf994cddcb778b25b8b024ee9dfe6?s=96&d=mm&r=g","caption":"admin"},"sameAs":["https:\/\/schoenstatt.com"],"url":"https:\/\/schoenstatt.com\/de\/author\/admin\/"}]}},"_links":{"self":[{"href":"https:\/\/schoenstatt.com\/de\/wp-json\/wp\/v2\/posts\/27189","targetHints":{"allow":["GET"]}}],"collection":[{"href":"https:\/\/schoenstatt.com\/de\/wp-json\/wp\/v2\/posts"}],"about":[{"href":"https:\/\/schoenstatt.com\/de\/wp-json\/wp\/v2\/types\/post"}],"author":[{"embeddable":true,"href":"https:\/\/schoenstatt.com\/de\/wp-json\/wp\/v2\/users\/1"}],"replies":[{"embeddable":true,"href":"https:\/\/schoenstatt.com\/de\/wp-json\/wp\/v2\/comments?post=27189"}],"version-history":[{"count":1,"href":"https:\/\/schoenstatt.com\/de\/wp-json\/wp\/v2\/posts\/27189\/revisions"}],"predecessor-version":[{"id":45563,"href":"https:\/\/schoenstatt.com\/de\/wp-json\/wp\/v2\/posts\/27189\/revisions\/45563"}],"wp:featuredmedia":[{"embeddable":true,"href":"https:\/\/schoenstatt.com\/de\/wp-json\/wp\/v2\/media\/27194"}],"wp:attachment":[{"href":"https:\/\/schoenstatt.com\/de\/wp-json\/wp\/v2\/media?parent=27189"}],"wp:term":[{"taxonomy":"category","embeddable":true,"href":"https:\/\/schoenstatt.com\/de\/wp-json\/wp\/v2\/categories?post=27189"},{"taxonomy":"post_tag","embeddable":true,"href":"https:\/\/schoenstatt.com\/de\/wp-json\/wp\/v2\/tags?post=27189"}],"curies":[{"name":"wp","href":"https:\/\/api.w.org\/{rel}","templated":true}]}}