{"id":27036,"date":"2022-09-26T09:37:30","date_gmt":"2022-09-26T07:37:30","guid":{"rendered":"https:\/\/schoenstatt.com\/?p=27036"},"modified":"2025-05-15T20:21:37","modified_gmt":"2025-05-15T18:21:37","slug":"das-generalkapitel-der-schoenstaetter-marienschwestern-hat-den-generalrat-gewaehlt","status":"publish","type":"post","link":"https:\/\/schoenstatt.com\/de\/das-generalkapitel-der-schoenstaetter-marienschwestern-hat-den-generalrat-gewaehlt\/","title":{"rendered":"Das Generalkapitel der Sch\u00f6nst\u00e4tter Marienschwestern hat den Generalrat gew\u00e4hlt"},"content":{"rendered":"<p>Sr. M. Joanna Buckley,<a href=\"https:\/\/schoenstatt.com\/de\/spiritualitat\/eroeffnung-des-7-generalkapitels-der-schoenstaetter-marienschwestern\/\"> Generaloberin der Gemeinschaft<\/a>, teilt mit, dass die sechs Ratsschwestern der Generalleitung in der vergangenen Woche gew\u00e4hlt worden sind. Die neue Generalleitung tritt ihr Amt mit sofortiger Wirkung an.<\/p>\n<h3>Gew\u00e4hlt wurden:<\/h3>\n<p>Schwester Andra-Maria Lingscheid, Deutschland (Generalassistentin)<\/p>\n<p>Schwester M. Lisianne Braunbeck, Deutschland (Generalkursmutter)<\/p>\n<p>Schwester M. Lidia Czerwonka, Polen<\/p>\n<p>Schwester Lioba Ruprecht, Deutschland<\/p>\n<p>Schwester M. Ana Teresa Nales R\u00fcckauer, Spanien<\/p>\n<p>Schwester M. Lorena Segura Esquivel, Mexiko<\/p>\n<figure id=\"attachment_27037\" aria-describedby=\"caption-attachment-27037\" style=\"width: 779px\" class=\"wp-caption aligncenter\"><img fetchpriority=\"high\" decoding=\"async\" class=\"wp-image-27037 size-full\" src=\"https:\/\/schoenstatt.com\/wp-content\/uploads\/2022\/09\/DG-2022.png\" alt=\"Generalkapitel\" width=\"779\" height=\"473\" \/><figcaption id=\"caption-attachment-27037\" class=\"wp-caption-text\">Von links nach rechts: Sr. M. Ana Teresa, Sr. M. Lorena, Sr. Andra-Maria, Herr Dr. Bernd Biberger (Generaldirektor), Sr. M. Joanna (Generaloberin), Sr. M. Lioba, Sr. M. Lisianne, Sr. M. Lidia.<\/figcaption><\/figure>\n<p><em>Wir vertrauen weiterhin auf das Gebet der Sch\u00f6nstattfamilie, das wir bisher so deutlich sp\u00fcren durften und danken daf\u00fcr.<\/em><\/p>\n<p>Quelle: <a href=\"https:\/\/www.s-ms.org\/\">https:\/\/www.s-ms.org\/<\/a><\/p>\n","protected":false},"excerpt":{"rendered":"<p>Das 7. Generalkapitel der Sch\u00f6nst\u00e4tter Marienschwestern, das seit dem 8. September 2022 im Mutterhaus auf Berg Sch\u00f6nstatt tagt, hat weitere Wahlen get\u00e4tigt. <\/p>\n","protected":false},"author":1,"featured_media":27045,"comment_status":"closed","ping_status":"closed","sticky":false,"template":"","format":"standard","meta":{"footnotes":""},"categories":[907],"tags":[],"class_list":["post-27036","post","type-post","status-publish","format-standard","has-post-thumbnail","hentry","category-schoenstatt-gemeinschaften-de"],"yoast_head":"<!-- This site is optimized with the Yoast SEO Premium plugin v27.4 (Yoast SEO v27.4) - https:\/\/yoast.com\/product\/yoast-seo-premium-wordpress\/ -->\n<title>Das Generalkapitel der Sch\u00f6nst\u00e4tter Marienschwestern hat den Generalrat gew\u00e4hlt - Schoenstatt<\/title>\n<meta name=\"description\" content=\"Das 7. Generalkapitel der Sch\u00f6nst\u00e4tter Marienschwestern, das im Mutterhaus auf Berg Sch\u00f6nstatt tagt, hat weitere Wahlen get\u00e4tigt.\" \/>\n<meta name=\"robots\" content=\"index, follow, max-snippet:-1, max-image-preview:large, max-video-preview:-1\" \/>\n<link rel=\"canonical\" href=\"https:\/\/schoenstatt.com\/de\/das-generalkapitel-der-schoenstaetter-marienschwestern-hat-den-generalrat-gewaehlt\/\" \/>\n<meta property=\"og:locale\" content=\"de_DE\" \/>\n<meta property=\"og:type\" content=\"article\" \/>\n<meta property=\"og:title\" content=\"Das Generalkapitel der Sch\u00f6nst\u00e4tter Marienschwestern hat den Generalrat gew\u00e4hlt\" \/>\n<meta property=\"og:description\" content=\"Das 7. Generalkapitel der Sch\u00f6nst\u00e4tter Marienschwestern, das im Mutterhaus auf Berg Sch\u00f6nstatt tagt, hat weitere Wahlen get\u00e4tigt.\" \/>\n<meta property=\"og:url\" content=\"https:\/\/schoenstatt.com\/de\/das-generalkapitel-der-schoenstaetter-marienschwestern-hat-den-generalrat-gewaehlt\/\" \/>\n<meta property=\"og:site_name\" content=\"Schoenstatt\" \/>\n<meta property=\"article:published_time\" content=\"2022-09-26T07:37:30+00:00\" \/>\n<meta property=\"article:modified_time\" content=\"2025-05-15T18:21:37+00:00\" \/>\n<meta property=\"og:image\" content=\"https:\/\/schoenstatt.com\/wp-content\/uploads\/2022\/09\/IMG-0797-scaled-1.jpg\" \/>\n\t<meta property=\"og:image:width\" content=\"2560\" \/>\n\t<meta property=\"og:image:height\" content=\"1920\" \/>\n\t<meta property=\"og:image:type\" content=\"image\/jpeg\" \/>\n<meta name=\"author\" content=\"admin\" \/>\n<meta name=\"twitter:card\" content=\"summary_large_image\" \/>\n<meta name=\"twitter:label1\" content=\"Verfasst von\" \/>\n\t<meta name=\"twitter:data1\" content=\"admin\" \/>\n\t<meta name=\"twitter:label2\" content=\"Gesch\u00e4tzte Lesezeit\" \/>\n\t<meta name=\"twitter:data2\" content=\"1\u00a0Minute\" \/>\n<script type=\"application\/ld+json\" class=\"yoast-schema-graph\">{\"@context\":\"https:\\\/\\\/schema.org\",\"@graph\":[{\"@type\":\"Article\",\"@id\":\"https:\\\/\\\/schoenstatt.com\\\/de\\\/das-generalkapitel-der-schoenstaetter-marienschwestern-hat-den-generalrat-gewaehlt\\\/#article\",\"isPartOf\":{\"@id\":\"https:\\\/\\\/schoenstatt.com\\\/de\\\/das-generalkapitel-der-schoenstaetter-marienschwestern-hat-den-generalrat-gewaehlt\\\/\"},\"author\":{\"name\":\"admin\",\"@id\":\"https:\\\/\\\/schoenstatt.com\\\/de\\\/#\\\/schema\\\/person\\\/489465b1850e7b216fe2c10dfc262551\"},\"headline\":\"Das Generalkapitel der Sch\u00f6nst\u00e4tter Marienschwestern hat den Generalrat gew\u00e4hlt\",\"datePublished\":\"2022-09-26T07:37:30+00:00\",\"dateModified\":\"2025-05-15T18:21:37+00:00\",\"mainEntityOfPage\":{\"@id\":\"https:\\\/\\\/schoenstatt.com\\\/de\\\/das-generalkapitel-der-schoenstaetter-marienschwestern-hat-den-generalrat-gewaehlt\\\/\"},\"wordCount\":146,\"publisher\":{\"@id\":\"https:\\\/\\\/schoenstatt.com\\\/de\\\/#organization\"},\"image\":{\"@id\":\"https:\\\/\\\/schoenstatt.com\\\/de\\\/das-generalkapitel-der-schoenstaetter-marienschwestern-hat-den-generalrat-gewaehlt\\\/#primaryimage\"},\"thumbnailUrl\":\"https:\\\/\\\/schoenstatt.com\\\/wp-content\\\/uploads\\\/2022\\\/09\\\/IMG-0797-scaled-1.jpg\",\"articleSection\":[\"Schoenstatt Gemeinschaften\"],\"inLanguage\":\"de\"},{\"@type\":\"WebPage\",\"@id\":\"https:\\\/\\\/schoenstatt.com\\\/de\\\/das-generalkapitel-der-schoenstaetter-marienschwestern-hat-den-generalrat-gewaehlt\\\/\",\"url\":\"https:\\\/\\\/schoenstatt.com\\\/de\\\/das-generalkapitel-der-schoenstaetter-marienschwestern-hat-den-generalrat-gewaehlt\\\/\",\"name\":\"Das Generalkapitel der Sch\u00f6nst\u00e4tter Marienschwestern hat den Generalrat gew\u00e4hlt - Schoenstatt\",\"isPartOf\":{\"@id\":\"https:\\\/\\\/schoenstatt.com\\\/de\\\/#website\"},\"primaryImageOfPage\":{\"@id\":\"https:\\\/\\\/schoenstatt.com\\\/de\\\/das-generalkapitel-der-schoenstaetter-marienschwestern-hat-den-generalrat-gewaehlt\\\/#primaryimage\"},\"image\":{\"@id\":\"https:\\\/\\\/schoenstatt.com\\\/de\\\/das-generalkapitel-der-schoenstaetter-marienschwestern-hat-den-generalrat-gewaehlt\\\/#primaryimage\"},\"thumbnailUrl\":\"https:\\\/\\\/schoenstatt.com\\\/wp-content\\\/uploads\\\/2022\\\/09\\\/IMG-0797-scaled-1.jpg\",\"datePublished\":\"2022-09-26T07:37:30+00:00\",\"dateModified\":\"2025-05-15T18:21:37+00:00\",\"description\":\"Das 7. Generalkapitel der Sch\u00f6nst\u00e4tter Marienschwestern, das im Mutterhaus auf Berg Sch\u00f6nstatt tagt, hat weitere Wahlen get\u00e4tigt.\",\"breadcrumb\":{\"@id\":\"https:\\\/\\\/schoenstatt.com\\\/de\\\/das-generalkapitel-der-schoenstaetter-marienschwestern-hat-den-generalrat-gewaehlt\\\/#breadcrumb\"},\"inLanguage\":\"de\",\"potentialAction\":[{\"@type\":\"ReadAction\",\"target\":[\"https:\\\/\\\/schoenstatt.com\\\/de\\\/das-generalkapitel-der-schoenstaetter-marienschwestern-hat-den-generalrat-gewaehlt\\\/\"]}]},{\"@type\":\"ImageObject\",\"inLanguage\":\"de\",\"@id\":\"https:\\\/\\\/schoenstatt.com\\\/de\\\/das-generalkapitel-der-schoenstaetter-marienschwestern-hat-den-generalrat-gewaehlt\\\/#primaryimage\",\"url\":\"https:\\\/\\\/schoenstatt.com\\\/wp-content\\\/uploads\\\/2022\\\/09\\\/IMG-0797-scaled-1.jpg\",\"contentUrl\":\"https:\\\/\\\/schoenstatt.com\\\/wp-content\\\/uploads\\\/2022\\\/09\\\/IMG-0797-scaled-1.jpg\",\"width\":2560,\"height\":1920,\"caption\":\"Sisters of Mary\"},{\"@type\":\"BreadcrumbList\",\"@id\":\"https:\\\/\\\/schoenstatt.com\\\/de\\\/das-generalkapitel-der-schoenstaetter-marienschwestern-hat-den-generalrat-gewaehlt\\\/#breadcrumb\",\"itemListElement\":[{\"@type\":\"ListItem\",\"position\":1,\"name\":\"Portada\",\"item\":\"https:\\\/\\\/schoenstatt.com\\\/de\\\/home\\\/\"},{\"@type\":\"ListItem\",\"position\":2,\"name\":\"Das Generalkapitel der Sch\u00f6nst\u00e4tter Marienschwestern hat den Generalrat gew\u00e4hlt\"}]},{\"@type\":\"WebSite\",\"@id\":\"https:\\\/\\\/schoenstatt.com\\\/de\\\/#website\",\"url\":\"https:\\\/\\\/schoenstatt.com\\\/de\\\/\",\"name\":\"Schoenstatt\",\"description\":\"Apostolic Movement\",\"publisher\":{\"@id\":\"https:\\\/\\\/schoenstatt.com\\\/de\\\/#organization\"},\"potentialAction\":[{\"@type\":\"SearchAction\",\"target\":{\"@type\":\"EntryPoint\",\"urlTemplate\":\"https:\\\/\\\/schoenstatt.com\\\/de\\\/?s={search_term_string}\"},\"query-input\":{\"@type\":\"PropertyValueSpecification\",\"valueRequired\":true,\"valueName\":\"search_term_string\"}}],\"inLanguage\":\"de\"},{\"@type\":\"Organization\",\"@id\":\"https:\\\/\\\/schoenstatt.com\\\/de\\\/#organization\",\"name\":\"Schoenstatt\",\"url\":\"https:\\\/\\\/schoenstatt.com\\\/de\\\/\",\"logo\":{\"@type\":\"ImageObject\",\"inLanguage\":\"de\",\"@id\":\"https:\\\/\\\/schoenstatt.com\\\/de\\\/#\\\/schema\\\/logo\\\/image\\\/\",\"url\":\"https:\\\/\\\/schoenstatt.com\\\/wp-content\\\/uploads\\\/2025\\\/04\\\/logo-schoenstatt-white-696x696-1.png\",\"contentUrl\":\"https:\\\/\\\/schoenstatt.com\\\/wp-content\\\/uploads\\\/2025\\\/04\\\/logo-schoenstatt-white-696x696-1.png\",\"width\":696,\"height\":694,\"caption\":\"Schoenstatt\"},\"image\":{\"@id\":\"https:\\\/\\\/schoenstatt.com\\\/de\\\/#\\\/schema\\\/logo\\\/image\\\/\"}},{\"@type\":\"Person\",\"@id\":\"https:\\\/\\\/schoenstatt.com\\\/de\\\/#\\\/schema\\\/person\\\/489465b1850e7b216fe2c10dfc262551\",\"name\":\"admin\",\"image\":{\"@type\":\"ImageObject\",\"inLanguage\":\"de\",\"@id\":\"https:\\\/\\\/secure.gravatar.com\\\/avatar\\\/02e8345e1ec40ab0e0a2a98fdde64a684bbaf994cddcb778b25b8b024ee9dfe6?s=96&d=mm&r=g\",\"url\":\"https:\\\/\\\/secure.gravatar.com\\\/avatar\\\/02e8345e1ec40ab0e0a2a98fdde64a684bbaf994cddcb778b25b8b024ee9dfe6?s=96&d=mm&r=g\",\"contentUrl\":\"https:\\\/\\\/secure.gravatar.com\\\/avatar\\\/02e8345e1ec40ab0e0a2a98fdde64a684bbaf994cddcb778b25b8b024ee9dfe6?s=96&d=mm&r=g\",\"caption\":\"admin\"},\"sameAs\":[\"https:\\\/\\\/schoenstatt.com\"],\"url\":\"https:\\\/\\\/schoenstatt.com\\\/de\\\/author\\\/admin\\\/\"}]}<\/script>\n<!-- \/ Yoast SEO Premium plugin. -->","yoast_head_json":{"title":"Das Generalkapitel der Sch\u00f6nst\u00e4tter Marienschwestern hat den Generalrat gew\u00e4hlt - Schoenstatt","description":"Das 7. Generalkapitel der Sch\u00f6nst\u00e4tter Marienschwestern, das im Mutterhaus auf Berg Sch\u00f6nstatt tagt, hat weitere Wahlen get\u00e4tigt.","robots":{"index":"index","follow":"follow","max-snippet":"max-snippet:-1","max-image-preview":"max-image-preview:large","max-video-preview":"max-video-preview:-1"},"canonical":"https:\/\/schoenstatt.com\/de\/das-generalkapitel-der-schoenstaetter-marienschwestern-hat-den-generalrat-gewaehlt\/","og_locale":"de_DE","og_type":"article","og_title":"Das Generalkapitel der Sch\u00f6nst\u00e4tter Marienschwestern hat den Generalrat gew\u00e4hlt","og_description":"Das 7. Generalkapitel der Sch\u00f6nst\u00e4tter Marienschwestern, das im Mutterhaus auf Berg Sch\u00f6nstatt tagt, hat weitere Wahlen get\u00e4tigt.","og_url":"https:\/\/schoenstatt.com\/de\/das-generalkapitel-der-schoenstaetter-marienschwestern-hat-den-generalrat-gewaehlt\/","og_site_name":"Schoenstatt","article_published_time":"2022-09-26T07:37:30+00:00","article_modified_time":"2025-05-15T18:21:37+00:00","og_image":[{"width":2560,"height":1920,"url":"https:\/\/schoenstatt.com\/wp-content\/uploads\/2022\/09\/IMG-0797-scaled-1.jpg","type":"image\/jpeg"}],"author":"admin","twitter_card":"summary_large_image","twitter_misc":{"Verfasst von":"admin","Gesch\u00e4tzte Lesezeit":"1\u00a0Minute"},"schema":{"@context":"https:\/\/schema.org","@graph":[{"@type":"Article","@id":"https:\/\/schoenstatt.com\/de\/das-generalkapitel-der-schoenstaetter-marienschwestern-hat-den-generalrat-gewaehlt\/#article","isPartOf":{"@id":"https:\/\/schoenstatt.com\/de\/das-generalkapitel-der-schoenstaetter-marienschwestern-hat-den-generalrat-gewaehlt\/"},"author":{"name":"admin","@id":"https:\/\/schoenstatt.com\/de\/#\/schema\/person\/489465b1850e7b216fe2c10dfc262551"},"headline":"Das Generalkapitel der Sch\u00f6nst\u00e4tter Marienschwestern hat den Generalrat gew\u00e4hlt","datePublished":"2022-09-26T07:37:30+00:00","dateModified":"2025-05-15T18:21:37+00:00","mainEntityOfPage":{"@id":"https:\/\/schoenstatt.com\/de\/das-generalkapitel-der-schoenstaetter-marienschwestern-hat-den-generalrat-gewaehlt\/"},"wordCount":146,"publisher":{"@id":"https:\/\/schoenstatt.com\/de\/#organization"},"image":{"@id":"https:\/\/schoenstatt.com\/de\/das-generalkapitel-der-schoenstaetter-marienschwestern-hat-den-generalrat-gewaehlt\/#primaryimage"},"thumbnailUrl":"https:\/\/schoenstatt.com\/wp-content\/uploads\/2022\/09\/IMG-0797-scaled-1.jpg","articleSection":["Schoenstatt Gemeinschaften"],"inLanguage":"de"},{"@type":"WebPage","@id":"https:\/\/schoenstatt.com\/de\/das-generalkapitel-der-schoenstaetter-marienschwestern-hat-den-generalrat-gewaehlt\/","url":"https:\/\/schoenstatt.com\/de\/das-generalkapitel-der-schoenstaetter-marienschwestern-hat-den-generalrat-gewaehlt\/","name":"Das Generalkapitel der Sch\u00f6nst\u00e4tter Marienschwestern hat den Generalrat gew\u00e4hlt - Schoenstatt","isPartOf":{"@id":"https:\/\/schoenstatt.com\/de\/#website"},"primaryImageOfPage":{"@id":"https:\/\/schoenstatt.com\/de\/das-generalkapitel-der-schoenstaetter-marienschwestern-hat-den-generalrat-gewaehlt\/#primaryimage"},"image":{"@id":"https:\/\/schoenstatt.com\/de\/das-generalkapitel-der-schoenstaetter-marienschwestern-hat-den-generalrat-gewaehlt\/#primaryimage"},"thumbnailUrl":"https:\/\/schoenstatt.com\/wp-content\/uploads\/2022\/09\/IMG-0797-scaled-1.jpg","datePublished":"2022-09-26T07:37:30+00:00","dateModified":"2025-05-15T18:21:37+00:00","description":"Das 7. Generalkapitel der Sch\u00f6nst\u00e4tter Marienschwestern, das im Mutterhaus auf Berg Sch\u00f6nstatt tagt, hat weitere Wahlen get\u00e4tigt.","breadcrumb":{"@id":"https:\/\/schoenstatt.com\/de\/das-generalkapitel-der-schoenstaetter-marienschwestern-hat-den-generalrat-gewaehlt\/#breadcrumb"},"inLanguage":"de","potentialAction":[{"@type":"ReadAction","target":["https:\/\/schoenstatt.com\/de\/das-generalkapitel-der-schoenstaetter-marienschwestern-hat-den-generalrat-gewaehlt\/"]}]},{"@type":"ImageObject","inLanguage":"de","@id":"https:\/\/schoenstatt.com\/de\/das-generalkapitel-der-schoenstaetter-marienschwestern-hat-den-generalrat-gewaehlt\/#primaryimage","url":"https:\/\/schoenstatt.com\/wp-content\/uploads\/2022\/09\/IMG-0797-scaled-1.jpg","contentUrl":"https:\/\/schoenstatt.com\/wp-content\/uploads\/2022\/09\/IMG-0797-scaled-1.jpg","width":2560,"height":1920,"caption":"Sisters of Mary"},{"@type":"BreadcrumbList","@id":"https:\/\/schoenstatt.com\/de\/das-generalkapitel-der-schoenstaetter-marienschwestern-hat-den-generalrat-gewaehlt\/#breadcrumb","itemListElement":[{"@type":"ListItem","position":1,"name":"Portada","item":"https:\/\/schoenstatt.com\/de\/home\/"},{"@type":"ListItem","position":2,"name":"Das Generalkapitel der Sch\u00f6nst\u00e4tter Marienschwestern hat den Generalrat gew\u00e4hlt"}]},{"@type":"WebSite","@id":"https:\/\/schoenstatt.com\/de\/#website","url":"https:\/\/schoenstatt.com\/de\/","name":"Schoenstatt","description":"Apostolic Movement","publisher":{"@id":"https:\/\/schoenstatt.com\/de\/#organization"},"potentialAction":[{"@type":"SearchAction","target":{"@type":"EntryPoint","urlTemplate":"https:\/\/schoenstatt.com\/de\/?s={search_term_string}"},"query-input":{"@type":"PropertyValueSpecification","valueRequired":true,"valueName":"search_term_string"}}],"inLanguage":"de"},{"@type":"Organization","@id":"https:\/\/schoenstatt.com\/de\/#organization","name":"Schoenstatt","url":"https:\/\/schoenstatt.com\/de\/","logo":{"@type":"ImageObject","inLanguage":"de","@id":"https:\/\/schoenstatt.com\/de\/#\/schema\/logo\/image\/","url":"https:\/\/schoenstatt.com\/wp-content\/uploads\/2025\/04\/logo-schoenstatt-white-696x696-1.png","contentUrl":"https:\/\/schoenstatt.com\/wp-content\/uploads\/2025\/04\/logo-schoenstatt-white-696x696-1.png","width":696,"height":694,"caption":"Schoenstatt"},"image":{"@id":"https:\/\/schoenstatt.com\/de\/#\/schema\/logo\/image\/"}},{"@type":"Person","@id":"https:\/\/schoenstatt.com\/de\/#\/schema\/person\/489465b1850e7b216fe2c10dfc262551","name":"admin","image":{"@type":"ImageObject","inLanguage":"de","@id":"https:\/\/secure.gravatar.com\/avatar\/02e8345e1ec40ab0e0a2a98fdde64a684bbaf994cddcb778b25b8b024ee9dfe6?s=96&d=mm&r=g","url":"https:\/\/secure.gravatar.com\/avatar\/02e8345e1ec40ab0e0a2a98fdde64a684bbaf994cddcb778b25b8b024ee9dfe6?s=96&d=mm&r=g","contentUrl":"https:\/\/secure.gravatar.com\/avatar\/02e8345e1ec40ab0e0a2a98fdde64a684bbaf994cddcb778b25b8b024ee9dfe6?s=96&d=mm&r=g","caption":"admin"},"sameAs":["https:\/\/schoenstatt.com"],"url":"https:\/\/schoenstatt.com\/de\/author\/admin\/"}]}},"_links":{"self":[{"href":"https:\/\/schoenstatt.com\/de\/wp-json\/wp\/v2\/posts\/27036","targetHints":{"allow":["GET"]}}],"collection":[{"href":"https:\/\/schoenstatt.com\/de\/wp-json\/wp\/v2\/posts"}],"about":[{"href":"https:\/\/schoenstatt.com\/de\/wp-json\/wp\/v2\/types\/post"}],"author":[{"embeddable":true,"href":"https:\/\/schoenstatt.com\/de\/wp-json\/wp\/v2\/users\/1"}],"replies":[{"embeddable":true,"href":"https:\/\/schoenstatt.com\/de\/wp-json\/wp\/v2\/comments?post=27036"}],"version-history":[{"count":1,"href":"https:\/\/schoenstatt.com\/de\/wp-json\/wp\/v2\/posts\/27036\/revisions"}],"predecessor-version":[{"id":45542,"href":"https:\/\/schoenstatt.com\/de\/wp-json\/wp\/v2\/posts\/27036\/revisions\/45542"}],"wp:featuredmedia":[{"embeddable":true,"href":"https:\/\/schoenstatt.com\/de\/wp-json\/wp\/v2\/media\/27045"}],"wp:attachment":[{"href":"https:\/\/schoenstatt.com\/de\/wp-json\/wp\/v2\/media?parent=27036"}],"wp:term":[{"taxonomy":"category","embeddable":true,"href":"https:\/\/schoenstatt.com\/de\/wp-json\/wp\/v2\/categories?post=27036"},{"taxonomy":"post_tag","embeddable":true,"href":"https:\/\/schoenstatt.com\/de\/wp-json\/wp\/v2\/tags?post=27036"}],"curies":[{"name":"wp","href":"https:\/\/api.w.org\/{rel}","templated":true}]}}