{"id":26648,"date":"2022-09-03T22:10:09","date_gmt":"2022-09-03T20:10:09","guid":{"rendered":"https:\/\/schoenstatt.com\/?p=26648"},"modified":"2025-05-15T22:20:56","modified_gmt":"2025-05-15T20:20:56","slug":"demut-heisst-mut-zum-dienen","status":"publish","type":"post","link":"https:\/\/schoenstatt.com\/de\/demut-heisst-mut-zum-dienen\/","title":{"rendered":"Demut hei\u00dft: Mut zum dienen"},"content":{"rendered":"<p>\u201cUnd es geschah: Jesus kam an einem Sabbat in das Haus eines f\u00fchrenden Pharis\u00e4ers zum Essen. Da beobachtete man ihn genau.<\/p>\n<p>Als er bemerkte, wie sich die G\u00e4ste die Ehrenpl\u00e4tze aussuchten, erz\u00e4hlte er ihnen ein Gleichnis. Er sagte zu ihnen: Wenn du von jemandem zu einer Hochzeit eingeladen bist, nimm nicht den Ehrenplatz ein! Denn es k\u00f6nnte ein anderer von ihm eingeladen sein, der vornehmer ist als du, und dann w\u00fcrde der Gastgeber, der dich und ihn eingeladen hat, kommen und zu dir sagen: Mach diesem hier Platz! Du aber w\u00e4rst besch\u00e4mt und m\u00fcsstest den untersten Platz einnehmen. Vielmehr, wenn du eingeladen bist, geh hin und nimm den untersten Platz ein, damit dein Gastgeber zu dir kommt und sagt: Mein Freund, r\u00fcck weiter hinauf! Das wird f\u00fcr dich eine Ehre sein vor allen anderen G\u00e4sten. Denn wer sich selbst erh\u00f6ht, wird erniedrigt, und wer sich selbst erniedrigt, wird erh\u00f6ht werden.<\/p>\n<p>Dann sagte er zu dem Gastgeber: Wenn du mittags oder abends ein Essen gibst, lade nicht deine Freunde oder deine Br\u00fcder, deine Verwandten oder reiche Nachbarn ein; sonst laden auch sie dich wieder ein und dir ist es vergolten. Nein, wenn du ein Essen gibst, dann lade Arme, Kr\u00fcppel, Lahme und Blinde ein. Du wirst selig sein, denn sie haben nichts, um es dir zu vergelten; es wird dir vergolten werden bei der Auferstehung der Gerechten. \u201c (Lk\u00a0 14,1; 7-14)<\/p>\n<h3>Dem anderen Platz machen<\/h3>\n<p>Der Wettlauf um die besten Pl\u00e4tze, das kennen wir; vielleicht nicht so spektakul\u00e4r wie jetzt hier bei Hochzeit, aber wenn es um Konzerte geht, um Sport geht oder wo auch immer, man will schon einen Platz haben, wo man sieht, um was es geht und wo man mittendrin dabei ist.<\/p>\n<p>Ich erlebe das immer wieder, da ich in Rom lebe, dass Leute mich fragen: \u201eWo muss man auf den Petersplatz hin, damit man den Papst am besten sieht?\u201d und dann gibt es da auch so das Gerangel, selbst an heiligen Orten: man m\u00f6chte den besseren Platz haben. Und dann lesen wir hier, ja, so soll es <a href=\"https:\/\/schoenstatt.com\/de\/about\/spiritualitaet\/alltagsheiligkeit\/\">bei euch Christen nicht sein<\/a>; bleibt bescheiden, nimm den untersten Platz ein oder, wie wir eben geh\u00f6rt haben, mach diesem hier Platz.<\/p>\n<p>Dem anderen Platz machen: Als ich das las, dachte ich an die Kardinals-Erhebung jetzt an diesem Wochenende und mir fiel auf, dass da unter denen, die jetzt ja die \u201cbesten Pl\u00e4tze\u201d wohl haben, (aber nicht im Verst\u00e4ndnis von Papst Franziskus, er sieht die Sachen ein bisschen anders; gestern in der Predigt hat er haupts\u00e4chlich von Dienen geredet), also die Kardin\u00e4le sollen die ersten sein, wenn es um das Dienen geht. Die rote Farbe ist ja eigentlich auch so gemeint wegen der Bereitschaft zum Martyrium f\u00fcr Christus. Sie sollen die ersten sein, die bereit sind, f\u00fcr Christus zu sterben. Und unter diesen ist also ein Kardinal, der j\u00fcngste, 48 Jahre alt, Pater Marengo aus Italien, der in der Mongolei lebt. Das ist ein Symbol von diesem Vorgang, der hat wohl den ersten Platz in der Mongolei &#8211; Sie wissen ungef\u00e4hr, wo das liegt &#8211; da sind 3 Millionen Einwohner und es gibt 1500 Katholiken. Und das Oberhaupt dieser 1500 Katholiken wird jetzt also Kardinal und nicht die Bisch\u00f6fe der gro\u00dfen St\u00e4dte der Welt. Der Bischof wurde nat\u00fcrlich jetzt befragt, \u201cx\u201d-mal, das kann man \u00fcberall nachlesen und er redet von den Wegen der Demut, die das f\u00fcr ihn bedeutet: also den Dialog weitergeben, den untersten Platz haben und wie er wollen 1500 Katholiken den 3 Millionen Einwohnern zu Diensten sein. Das hat etwas mit dem Evangelium von heute zu tun, dass so einer, an den eigentlich niemand denkt, an der Peripherie der Welt, dass der zum Kardinal erhoben wird.<\/p>\n<figure id=\"attachment_26653\" aria-describedby=\"caption-attachment-26653\" style=\"width: 750px\" class=\"wp-caption aligncenter\"><img fetchpriority=\"high\" decoding=\"async\" class=\"size-full wp-image-26653\" src=\"https:\/\/schoenstatt.com\/wp-content\/uploads\/2022\/09\/Cardenales-en-Roma.jpeg\" alt=\"Demut\" width=\"750\" height=\"422\" \/><figcaption id=\"caption-attachment-26653\" class=\"wp-caption-text\">Foto: Vatican media<\/figcaption><\/figure>\n<h3>&#8230; unsere Handys vollgestopft sind mit Kommunikation<\/h3>\n<p>Jetzt wenn wir an uns denken, dann geht es durchaus um das allt\u00e4gliche Leben, also die besten Pl\u00e4tze, den ersten Platz haben, oder eben bescheiden sein, den untersten einnehmen, also einen anderen Platz machen, wie wir eben geh\u00f6rt haben: \u201cmacht diesem hier Platz\u201d. Ist es nicht so, dass wir so vollgestopft sind mit allen m\u00f6glichen, dass unser Herz vollgestopft ist mit Gedanken, unsere Kleiderschr\u00e4nke vollgestopft sind mit Kleidern und Dingen, dass unsere Handys vollgestopft sind mit Kommunikation, so dass wir gar keinen Platz mehr haben f\u00fcr das, was auf uns zukommt? Neulich hat mir einer erz\u00e4hlt: \u201eIch habe jetzt Facebook bei mir gel\u00f6scht, denn ich merke, dass mich das Ganze zu viel bestimmt und dass ich nicht mehr Raum habe, um mich den Eigentlichen zuzuwenden\u201d.<\/p>\n<p>Mir geht es manchmal so, wenn man Familien besucht und eine Kleinigkeit den Kindern mitbringt, sie freuen sich dann, ein kurzes Leuchten in den Augen und dann fliegt das Ding schon in die Ecke. Ja, die haben so viel; da ist kein Platz mehr f\u00fcr das, was jetzt gerade der neue Gast ihm gebracht hat. Also ich meine, das k\u00f6nnte doch f\u00fcr uns hei\u00dfen, nimm den untersten Platz ein, die Demut ein\u00fcben hei\u00dft Platz schaffen von all dem, wovon wir so vollgestopft sind, unsere Gesellschaft so vollgestopft ist. Jemanden aufnehmen k\u00f6nnen, Aufmerksamkeit haben f\u00fcr etwas, f\u00fcr jemand, ja sogar Gott aufnehmen bei mir, da hat man ja selbst als guter Katholik manchmal keine Zeit und keinen Raum mehr. \u201eNur der Dem\u00fctige kann beschenkt werden\u201d, sagt uns das Evangelium, nur der, der wenig hat, kann sich riesig freuen an einer Handvoll Reis in diesen L\u00e4ndern, wo es ums \u00dcberleben geht, weil er dieses Geschenk annehmen kann, in der Erfahrung der inneren Demut.<\/p>\n<h3>Demut hei\u00dft eigentlich Dien-Mut, Mut zum Dienen<\/h3>\n<p>Platz machen hei\u00dft es im Evangelium, Platz machen, ja bei mir daheim vielleicht auch, wenn das Evangelium mich anregen k\u00f6nnte, vielleicht in der Wohnung mal wieder ein bisschen Platz zu machen, damit anderes aufgenommen werden kann, in meinem Herzen Platz machen, von dem Vielen, was da so ist, damit ich auch Raum habe, um ganz anderen Leuten eine Gelegenheit zu geben, bei mir eine Heimat zu haben. Demut geht wohl nicht ohne Entr\u00fcmpelung. Wenn wir das jetzt spirituell- religi\u00f6s betrachten: Demut hei\u00dft eigentlich Dien-Mut, Mut zum Dienen; das h\u00e4ngt damit zusammen, dass ich mich als Gesch\u00f6pf dem Sch\u00f6pfer gegen\u00fcber erlebe. Also, ich komme von Gott, ich komme vom Sch\u00f6pfer, der das Erste und Alles ist, und Ihm will ich mit meinem Leben dienen: das bedeutet eigentlich Demut. Demut bedeutet die innere Einstellung zu Gott: Du bist das Eigentliche, Du bist die Liebe, Du bist die Kraft, Du bist die Macht; und der will ich mich zuwenden, der will ich Raum geben: ich will dir Raum geben guter Gott, ich will dir Platz machen in meinem Leben, in meinen Besch\u00e4ftigungen, in dem, was mich umtreibt; und wenn ich dir Platz mache, dann wirst du durch deine Gegenwart mich und mein Herz zum kleinen Paradies machen.<\/p>\n<h3>Maria, die dem\u00fctige Frau<\/h3>\n<p>Wo wir das ein\u00fcben k\u00f6nnen, da sind wir hier dann am richtigen Ort: bei Maria. Ich denke, Maria und die Erfahrungen hier mit dem Heiligtum machen uns immer wieder deutlich: Maria, das ist der Lernort f\u00fcr gesunde Demut. Uns kommt sofort das Magnifikat in den Sinn:\u00a0 ja die Hochm\u00fctigen &#8211; der Hochmut, das ist das Gegenteil von Demut: &#8211; die werden zerstreut; die M\u00e4chtigen werden vom Thron gest\u00fcrzt, die Reichen, die gehen leer aus und die, die Durst haben, die Hunger haben, die Not haben, werden beschenkt, die k\u00f6nnen beschenkt werden. Ja was f\u00fcr ein Herz muss Maria gehabt haben, damit Gott bei ihr Platz finden konnte? Nicht so ein bisschen und nebenbei und mal ein kleines Morgengebet oder abends ein kurzes Gebet, sondern so, dass Gott einen Menschen total ausf\u00fcllen kann, ja das geht nur, wenn da viel Platz, viel Freiraum, viel leerger\u00e4umt ist. So dass Gott ganz und gar mit seiner Gegenwart eintreten kann.<\/p>\n<h3>P. Kentenich und die Barmherzigkeit<\/h3>\n<p>Das sind so Gedanken zu diesem Evangelium und dann fiel mir noch ein, dass Pater Kentenich am Ende seines Lebens, nach seinen 14 Jahren Verbannung \u00fcber die Barmherzigkeit gesprochen hat und dann gesagt hat:\u00a0 \u201eJa, wir haben so viel \u00fcber Barmherzigkeit geredet in der Vergangenheit, aber das Barmherzigkeit so gro\u00df, so tief, so allumfassend sein kann, das haben wir nicht gewusst.\u201d Und das sagt einer, der mit 25 Jahren in sein Tagebuch schreibt, dass Stolz wohl lebenslang seine eigentliche Arbeitsstelle, seine eigentliche Baustelle sein wird, dass Stolz wohl der Fehler ist, an dem er ein Leben lang arbeiten muss.<\/p>\n<p>M\u00f6ge es auch uns Geschenk sein, dass wir am Ende des Lebens dann in aller Demut sagen k\u00f6nnen, ja die Barmherzigkeit, die Barmherzigkeit Gottes, die Liebe Gottes so gro\u00df ist, das h\u00e4tte ich mir nicht vorstellen k\u00f6nnen. Amen<\/p>\n<p><a href=\"https:\/\/youtu.be\/Gk74zo69j4E?t=3593\">Video der Heilige Messe<\/a><\/p>\n","protected":false},"excerpt":{"rendered":"<p>Eine Reflexion zu dem Evangelium von Lukas, 14,1; 7-14<\/p>\n","protected":false},"author":1,"featured_media":26649,"comment_status":"closed","ping_status":"closed","sticky":false,"template":"","format":"standard","meta":{"footnotes":""},"categories":[914],"tags":[],"class_list":["post-26648","post","type-post","status-publish","format-standard","has-post-thumbnail","hentry","category-spiritualitat-de"],"yoast_head":"<!-- This site is optimized with the Yoast SEO Premium plugin v27.4 (Yoast SEO v27.4) - https:\/\/yoast.com\/product\/yoast-seo-premium-wordpress\/ -->\n<title>Demut hei\u00dft: Mut zum dienen - Schoenstatt<\/title>\n<meta name=\"description\" content=\"Demut: \u201cDu wirst selig sein, denn sie haben nichts, um es dir zu vergelten; es wird dir vergolten werden bei der Auferstehung der Gerechten\u201d.\" \/>\n<meta name=\"robots\" content=\"index, follow, max-snippet:-1, max-image-preview:large, max-video-preview:-1\" \/>\n<link rel=\"canonical\" href=\"https:\/\/schoenstatt.com\/de\/demut-heisst-mut-zum-dienen\/\" \/>\n<meta property=\"og:locale\" content=\"de_DE\" \/>\n<meta property=\"og:type\" content=\"article\" \/>\n<meta property=\"og:title\" content=\"Demut hei\u00dft: Mut zum dienen\" \/>\n<meta property=\"og:description\" content=\"Demut: \u201cDu wirst selig sein, denn sie haben nichts, um es dir zu vergelten; es wird dir vergolten werden bei der Auferstehung der Gerechten\u201d.\" \/>\n<meta property=\"og:url\" content=\"https:\/\/schoenstatt.com\/de\/demut-heisst-mut-zum-dienen\/\" \/>\n<meta property=\"og:site_name\" content=\"Schoenstatt\" \/>\n<meta property=\"article:published_time\" content=\"2022-09-03T20:10:09+00:00\" \/>\n<meta property=\"article:modified_time\" content=\"2025-05-15T20:20:56+00:00\" \/>\n<meta property=\"og:image\" content=\"https:\/\/schoenstatt.com\/wp-content\/uploads\/2022\/09\/cathopic_1542557330742730-scaled-1.jpg\" \/>\n\t<meta property=\"og:image:width\" content=\"2560\" \/>\n\t<meta property=\"og:image:height\" content=\"1920\" \/>\n\t<meta property=\"og:image:type\" content=\"image\/jpeg\" \/>\n<meta name=\"author\" content=\"admin\" \/>\n<meta name=\"twitter:card\" content=\"summary_large_image\" \/>\n<meta name=\"twitter:label1\" content=\"Verfasst von\" \/>\n\t<meta name=\"twitter:data1\" content=\"admin\" \/>\n\t<meta name=\"twitter:label2\" content=\"Gesch\u00e4tzte Lesezeit\" \/>\n\t<meta name=\"twitter:data2\" content=\"7\u00a0Minuten\" \/>\n<script type=\"application\/ld+json\" class=\"yoast-schema-graph\">{\"@context\":\"https:\\\/\\\/schema.org\",\"@graph\":[{\"@type\":\"Article\",\"@id\":\"https:\\\/\\\/schoenstatt.com\\\/de\\\/demut-heisst-mut-zum-dienen\\\/#article\",\"isPartOf\":{\"@id\":\"https:\\\/\\\/schoenstatt.com\\\/de\\\/demut-heisst-mut-zum-dienen\\\/\"},\"author\":{\"name\":\"admin\",\"@id\":\"https:\\\/\\\/schoenstatt.com\\\/de\\\/#\\\/schema\\\/person\\\/489465b1850e7b216fe2c10dfc262551\"},\"headline\":\"Demut hei\u00dft: Mut zum dienen\",\"datePublished\":\"2022-09-03T20:10:09+00:00\",\"dateModified\":\"2025-05-15T20:20:56+00:00\",\"mainEntityOfPage\":{\"@id\":\"https:\\\/\\\/schoenstatt.com\\\/de\\\/demut-heisst-mut-zum-dienen\\\/\"},\"wordCount\":1505,\"publisher\":{\"@id\":\"https:\\\/\\\/schoenstatt.com\\\/de\\\/#organization\"},\"image\":{\"@id\":\"https:\\\/\\\/schoenstatt.com\\\/de\\\/demut-heisst-mut-zum-dienen\\\/#primaryimage\"},\"thumbnailUrl\":\"https:\\\/\\\/schoenstatt.com\\\/wp-content\\\/uploads\\\/2022\\\/09\\\/cathopic_1542557330742730-scaled-1.jpg\",\"articleSection\":[\"Spiritualit\u00e4t\"],\"inLanguage\":\"de\"},{\"@type\":\"WebPage\",\"@id\":\"https:\\\/\\\/schoenstatt.com\\\/de\\\/demut-heisst-mut-zum-dienen\\\/\",\"url\":\"https:\\\/\\\/schoenstatt.com\\\/de\\\/demut-heisst-mut-zum-dienen\\\/\",\"name\":\"Demut hei\u00dft: Mut zum dienen - Schoenstatt\",\"isPartOf\":{\"@id\":\"https:\\\/\\\/schoenstatt.com\\\/de\\\/#website\"},\"primaryImageOfPage\":{\"@id\":\"https:\\\/\\\/schoenstatt.com\\\/de\\\/demut-heisst-mut-zum-dienen\\\/#primaryimage\"},\"image\":{\"@id\":\"https:\\\/\\\/schoenstatt.com\\\/de\\\/demut-heisst-mut-zum-dienen\\\/#primaryimage\"},\"thumbnailUrl\":\"https:\\\/\\\/schoenstatt.com\\\/wp-content\\\/uploads\\\/2022\\\/09\\\/cathopic_1542557330742730-scaled-1.jpg\",\"datePublished\":\"2022-09-03T20:10:09+00:00\",\"dateModified\":\"2025-05-15T20:20:56+00:00\",\"description\":\"Demut: \u201cDu wirst selig sein, denn sie haben nichts, um es dir zu vergelten; es wird dir vergolten werden bei der Auferstehung der Gerechten\u201d.\",\"breadcrumb\":{\"@id\":\"https:\\\/\\\/schoenstatt.com\\\/de\\\/demut-heisst-mut-zum-dienen\\\/#breadcrumb\"},\"inLanguage\":\"de\",\"potentialAction\":[{\"@type\":\"ReadAction\",\"target\":[\"https:\\\/\\\/schoenstatt.com\\\/de\\\/demut-heisst-mut-zum-dienen\\\/\"]}]},{\"@type\":\"ImageObject\",\"inLanguage\":\"de\",\"@id\":\"https:\\\/\\\/schoenstatt.com\\\/de\\\/demut-heisst-mut-zum-dienen\\\/#primaryimage\",\"url\":\"https:\\\/\\\/schoenstatt.com\\\/wp-content\\\/uploads\\\/2022\\\/09\\\/cathopic_1542557330742730-scaled-1.jpg\",\"contentUrl\":\"https:\\\/\\\/schoenstatt.com\\\/wp-content\\\/uploads\\\/2022\\\/09\\\/cathopic_1542557330742730-scaled-1.jpg\",\"width\":2560,\"height\":1920,\"caption\":\"by Cathopic\"},{\"@type\":\"BreadcrumbList\",\"@id\":\"https:\\\/\\\/schoenstatt.com\\\/de\\\/demut-heisst-mut-zum-dienen\\\/#breadcrumb\",\"itemListElement\":[{\"@type\":\"ListItem\",\"position\":1,\"name\":\"Portada\",\"item\":\"https:\\\/\\\/schoenstatt.com\\\/de\\\/home\\\/\"},{\"@type\":\"ListItem\",\"position\":2,\"name\":\"Demut hei\u00dft: Mut zum dienen\"}]},{\"@type\":\"WebSite\",\"@id\":\"https:\\\/\\\/schoenstatt.com\\\/de\\\/#website\",\"url\":\"https:\\\/\\\/schoenstatt.com\\\/de\\\/\",\"name\":\"Schoenstatt\",\"description\":\"Apostolic Movement\",\"publisher\":{\"@id\":\"https:\\\/\\\/schoenstatt.com\\\/de\\\/#organization\"},\"potentialAction\":[{\"@type\":\"SearchAction\",\"target\":{\"@type\":\"EntryPoint\",\"urlTemplate\":\"https:\\\/\\\/schoenstatt.com\\\/de\\\/?s={search_term_string}\"},\"query-input\":{\"@type\":\"PropertyValueSpecification\",\"valueRequired\":true,\"valueName\":\"search_term_string\"}}],\"inLanguage\":\"de\"},{\"@type\":\"Organization\",\"@id\":\"https:\\\/\\\/schoenstatt.com\\\/de\\\/#organization\",\"name\":\"Schoenstatt\",\"url\":\"https:\\\/\\\/schoenstatt.com\\\/de\\\/\",\"logo\":{\"@type\":\"ImageObject\",\"inLanguage\":\"de\",\"@id\":\"https:\\\/\\\/schoenstatt.com\\\/de\\\/#\\\/schema\\\/logo\\\/image\\\/\",\"url\":\"https:\\\/\\\/schoenstatt.com\\\/wp-content\\\/uploads\\\/2025\\\/04\\\/logo-schoenstatt-white-696x696-1.png\",\"contentUrl\":\"https:\\\/\\\/schoenstatt.com\\\/wp-content\\\/uploads\\\/2025\\\/04\\\/logo-schoenstatt-white-696x696-1.png\",\"width\":696,\"height\":694,\"caption\":\"Schoenstatt\"},\"image\":{\"@id\":\"https:\\\/\\\/schoenstatt.com\\\/de\\\/#\\\/schema\\\/logo\\\/image\\\/\"}},{\"@type\":\"Person\",\"@id\":\"https:\\\/\\\/schoenstatt.com\\\/de\\\/#\\\/schema\\\/person\\\/489465b1850e7b216fe2c10dfc262551\",\"name\":\"admin\",\"image\":{\"@type\":\"ImageObject\",\"inLanguage\":\"de\",\"@id\":\"https:\\\/\\\/secure.gravatar.com\\\/avatar\\\/02e8345e1ec40ab0e0a2a98fdde64a684bbaf994cddcb778b25b8b024ee9dfe6?s=96&d=mm&r=g\",\"url\":\"https:\\\/\\\/secure.gravatar.com\\\/avatar\\\/02e8345e1ec40ab0e0a2a98fdde64a684bbaf994cddcb778b25b8b024ee9dfe6?s=96&d=mm&r=g\",\"contentUrl\":\"https:\\\/\\\/secure.gravatar.com\\\/avatar\\\/02e8345e1ec40ab0e0a2a98fdde64a684bbaf994cddcb778b25b8b024ee9dfe6?s=96&d=mm&r=g\",\"caption\":\"admin\"},\"sameAs\":[\"https:\\\/\\\/schoenstatt.com\"],\"url\":\"https:\\\/\\\/schoenstatt.com\\\/de\\\/author\\\/admin\\\/\"}]}<\/script>\n<!-- \/ Yoast SEO Premium plugin. -->","yoast_head_json":{"title":"Demut hei\u00dft: Mut zum dienen - Schoenstatt","description":"Demut: \u201cDu wirst selig sein, denn sie haben nichts, um es dir zu vergelten; es wird dir vergolten werden bei der Auferstehung der Gerechten\u201d.","robots":{"index":"index","follow":"follow","max-snippet":"max-snippet:-1","max-image-preview":"max-image-preview:large","max-video-preview":"max-video-preview:-1"},"canonical":"https:\/\/schoenstatt.com\/de\/demut-heisst-mut-zum-dienen\/","og_locale":"de_DE","og_type":"article","og_title":"Demut hei\u00dft: Mut zum dienen","og_description":"Demut: \u201cDu wirst selig sein, denn sie haben nichts, um es dir zu vergelten; es wird dir vergolten werden bei der Auferstehung der Gerechten\u201d.","og_url":"https:\/\/schoenstatt.com\/de\/demut-heisst-mut-zum-dienen\/","og_site_name":"Schoenstatt","article_published_time":"2022-09-03T20:10:09+00:00","article_modified_time":"2025-05-15T20:20:56+00:00","og_image":[{"width":2560,"height":1920,"url":"https:\/\/schoenstatt.com\/wp-content\/uploads\/2022\/09\/cathopic_1542557330742730-scaled-1.jpg","type":"image\/jpeg"}],"author":"admin","twitter_card":"summary_large_image","twitter_misc":{"Verfasst von":"admin","Gesch\u00e4tzte Lesezeit":"7\u00a0Minuten"},"schema":{"@context":"https:\/\/schema.org","@graph":[{"@type":"Article","@id":"https:\/\/schoenstatt.com\/de\/demut-heisst-mut-zum-dienen\/#article","isPartOf":{"@id":"https:\/\/schoenstatt.com\/de\/demut-heisst-mut-zum-dienen\/"},"author":{"name":"admin","@id":"https:\/\/schoenstatt.com\/de\/#\/schema\/person\/489465b1850e7b216fe2c10dfc262551"},"headline":"Demut hei\u00dft: Mut zum dienen","datePublished":"2022-09-03T20:10:09+00:00","dateModified":"2025-05-15T20:20:56+00:00","mainEntityOfPage":{"@id":"https:\/\/schoenstatt.com\/de\/demut-heisst-mut-zum-dienen\/"},"wordCount":1505,"publisher":{"@id":"https:\/\/schoenstatt.com\/de\/#organization"},"image":{"@id":"https:\/\/schoenstatt.com\/de\/demut-heisst-mut-zum-dienen\/#primaryimage"},"thumbnailUrl":"https:\/\/schoenstatt.com\/wp-content\/uploads\/2022\/09\/cathopic_1542557330742730-scaled-1.jpg","articleSection":["Spiritualit\u00e4t"],"inLanguage":"de"},{"@type":"WebPage","@id":"https:\/\/schoenstatt.com\/de\/demut-heisst-mut-zum-dienen\/","url":"https:\/\/schoenstatt.com\/de\/demut-heisst-mut-zum-dienen\/","name":"Demut hei\u00dft: Mut zum dienen - Schoenstatt","isPartOf":{"@id":"https:\/\/schoenstatt.com\/de\/#website"},"primaryImageOfPage":{"@id":"https:\/\/schoenstatt.com\/de\/demut-heisst-mut-zum-dienen\/#primaryimage"},"image":{"@id":"https:\/\/schoenstatt.com\/de\/demut-heisst-mut-zum-dienen\/#primaryimage"},"thumbnailUrl":"https:\/\/schoenstatt.com\/wp-content\/uploads\/2022\/09\/cathopic_1542557330742730-scaled-1.jpg","datePublished":"2022-09-03T20:10:09+00:00","dateModified":"2025-05-15T20:20:56+00:00","description":"Demut: \u201cDu wirst selig sein, denn sie haben nichts, um es dir zu vergelten; es wird dir vergolten werden bei der Auferstehung der Gerechten\u201d.","breadcrumb":{"@id":"https:\/\/schoenstatt.com\/de\/demut-heisst-mut-zum-dienen\/#breadcrumb"},"inLanguage":"de","potentialAction":[{"@type":"ReadAction","target":["https:\/\/schoenstatt.com\/de\/demut-heisst-mut-zum-dienen\/"]}]},{"@type":"ImageObject","inLanguage":"de","@id":"https:\/\/schoenstatt.com\/de\/demut-heisst-mut-zum-dienen\/#primaryimage","url":"https:\/\/schoenstatt.com\/wp-content\/uploads\/2022\/09\/cathopic_1542557330742730-scaled-1.jpg","contentUrl":"https:\/\/schoenstatt.com\/wp-content\/uploads\/2022\/09\/cathopic_1542557330742730-scaled-1.jpg","width":2560,"height":1920,"caption":"by Cathopic"},{"@type":"BreadcrumbList","@id":"https:\/\/schoenstatt.com\/de\/demut-heisst-mut-zum-dienen\/#breadcrumb","itemListElement":[{"@type":"ListItem","position":1,"name":"Portada","item":"https:\/\/schoenstatt.com\/de\/home\/"},{"@type":"ListItem","position":2,"name":"Demut hei\u00dft: Mut zum dienen"}]},{"@type":"WebSite","@id":"https:\/\/schoenstatt.com\/de\/#website","url":"https:\/\/schoenstatt.com\/de\/","name":"Schoenstatt","description":"Apostolic Movement","publisher":{"@id":"https:\/\/schoenstatt.com\/de\/#organization"},"potentialAction":[{"@type":"SearchAction","target":{"@type":"EntryPoint","urlTemplate":"https:\/\/schoenstatt.com\/de\/?s={search_term_string}"},"query-input":{"@type":"PropertyValueSpecification","valueRequired":true,"valueName":"search_term_string"}}],"inLanguage":"de"},{"@type":"Organization","@id":"https:\/\/schoenstatt.com\/de\/#organization","name":"Schoenstatt","url":"https:\/\/schoenstatt.com\/de\/","logo":{"@type":"ImageObject","inLanguage":"de","@id":"https:\/\/schoenstatt.com\/de\/#\/schema\/logo\/image\/","url":"https:\/\/schoenstatt.com\/wp-content\/uploads\/2025\/04\/logo-schoenstatt-white-696x696-1.png","contentUrl":"https:\/\/schoenstatt.com\/wp-content\/uploads\/2025\/04\/logo-schoenstatt-white-696x696-1.png","width":696,"height":694,"caption":"Schoenstatt"},"image":{"@id":"https:\/\/schoenstatt.com\/de\/#\/schema\/logo\/image\/"}},{"@type":"Person","@id":"https:\/\/schoenstatt.com\/de\/#\/schema\/person\/489465b1850e7b216fe2c10dfc262551","name":"admin","image":{"@type":"ImageObject","inLanguage":"de","@id":"https:\/\/secure.gravatar.com\/avatar\/02e8345e1ec40ab0e0a2a98fdde64a684bbaf994cddcb778b25b8b024ee9dfe6?s=96&d=mm&r=g","url":"https:\/\/secure.gravatar.com\/avatar\/02e8345e1ec40ab0e0a2a98fdde64a684bbaf994cddcb778b25b8b024ee9dfe6?s=96&d=mm&r=g","contentUrl":"https:\/\/secure.gravatar.com\/avatar\/02e8345e1ec40ab0e0a2a98fdde64a684bbaf994cddcb778b25b8b024ee9dfe6?s=96&d=mm&r=g","caption":"admin"},"sameAs":["https:\/\/schoenstatt.com"],"url":"https:\/\/schoenstatt.com\/de\/author\/admin\/"}]}},"_links":{"self":[{"href":"https:\/\/schoenstatt.com\/de\/wp-json\/wp\/v2\/posts\/26648","targetHints":{"allow":["GET"]}}],"collection":[{"href":"https:\/\/schoenstatt.com\/de\/wp-json\/wp\/v2\/posts"}],"about":[{"href":"https:\/\/schoenstatt.com\/de\/wp-json\/wp\/v2\/types\/post"}],"author":[{"embeddable":true,"href":"https:\/\/schoenstatt.com\/de\/wp-json\/wp\/v2\/users\/1"}],"replies":[{"embeddable":true,"href":"https:\/\/schoenstatt.com\/de\/wp-json\/wp\/v2\/comments?post=26648"}],"version-history":[{"count":1,"href":"https:\/\/schoenstatt.com\/de\/wp-json\/wp\/v2\/posts\/26648\/revisions"}],"predecessor-version":[{"id":45474,"href":"https:\/\/schoenstatt.com\/de\/wp-json\/wp\/v2\/posts\/26648\/revisions\/45474"}],"wp:featuredmedia":[{"embeddable":true,"href":"https:\/\/schoenstatt.com\/de\/wp-json\/wp\/v2\/media\/26649"}],"wp:attachment":[{"href":"https:\/\/schoenstatt.com\/de\/wp-json\/wp\/v2\/media?parent=26648"}],"wp:term":[{"taxonomy":"category","embeddable":true,"href":"https:\/\/schoenstatt.com\/de\/wp-json\/wp\/v2\/categories?post=26648"},{"taxonomy":"post_tag","embeddable":true,"href":"https:\/\/schoenstatt.com\/de\/wp-json\/wp\/v2\/tags?post=26648"}],"curies":[{"name":"wp","href":"https:\/\/api.w.org\/{rel}","templated":true}]}}