{"id":26626,"date":"2022-09-05T16:20:49","date_gmt":"2022-09-05T14:20:49","guid":{"rendered":"https:\/\/schoenstatt.com\/?p=26626"},"modified":"2025-05-15T20:21:42","modified_gmt":"2025-05-15T18:21:42","slug":"hoeren-auf-die-stimme-gottes-2","status":"publish","type":"post","link":"https:\/\/schoenstatt.com\/de\/hoeren-auf-die-stimme-gottes-2\/","title":{"rendered":"H\u00f6ren auf die Stimme Gottes"},"content":{"rendered":"<p>Am 1. September beginnt auf dem Josef-Kentenich-Hof in Hillscheid das 4. <a href=\"https:\/\/www.schoenstatt-familienbund.de\/\">Generalkapite<\/a>l des Internationalen Apostolischen Sch\u00f6nstatt-Familienbundes, das bis zum 11. September dauern wird. Vor 7 Jahren fand das 3. Generalkapitel statt. Wegen der Corona-Pandemie musste das bevorstehende Kapitel um ein Jahr verschoben werden.<\/p>\n<p><img fetchpriority=\"high\" decoding=\"async\" class=\"alignleft wp-image-26678 size-medium\" src=\"https:\/\/schoenstatt.com\/wp-content\/uploads\/2022\/09\/65abdaeb-6ac9-4252-bf15-1b92667bd706-225x300.jpg\" alt=\"Stimme Gottes\" width=\"225\" height=\"300\" \/>Am Kapitel nehmen 23 Ehepaare als Kapitulare teil, die aus 12 L\u00e4ndern kommen. Die Kapitulare vertreten etwa 2.000 Familien aus insgesamt 20 L\u00e4ndern. Aus Europa kommen 10 Ehepaare, aus Lateinamerika 13. Mit sechs Sprachen (deutsch, spanisch, portugiesisch, polnisch, tschechisch und ungarisch) ist eine gro\u00dfer Aufwand f\u00fcr \u00dcbersetzungen erforderlich, ein Zeichen f\u00fcr die Vielfalt der Bundesgemeinschaft. Insgesamt 26 Volont\u00e4re und Mitarbeiter werden die Kapitulare unterst\u00fctzen.<\/p>\n<figure id=\"attachment_26627\" aria-describedby=\"caption-attachment-26627\" style=\"width: 840px\" class=\"wp-caption alignright\"><img decoding=\"async\" class=\"wp-image-26627 size-large\" src=\"https:\/\/schoenstatt.com\/wp-content\/uploads\/2022\/09\/HIllscheid-Foto-Brehm-1024x509.png\" alt=\"\" width=\"840\" height=\"418\" \/><figcaption id=\"caption-attachment-26627\" class=\"wp-caption-text\">Foto: H. Brehm<\/figcaption><\/figure>\n<h3>R\u00fcckblick und Ausblick<\/h3>\n<p>Die nun zu Ende gehende Leitungsperiode war gepr\u00e4gt vom Auf- und Ausbau des Sch\u00f6nstatt-Familienbundes in mehreren L\u00e4ndern und von der Begleitung der Gemeinschaften in der Gr\u00fcndungsphase. Bis heute haben acht Territorien ihre Autonomie erreicht.<\/p>\n<p>An Themen stehen beim Generalkapitel an: die Berichte der Territorien, die \u00dcberarbeitung der internationalen Satzung und die Behandlung der Antr\u00e4ge sowie die Wahl einer neuen Internationalen Leitung. Aber in besonderer Weise sucht die Gemeinschaft im Geist der Synodalit\u00e4t miteinander die Stimme Gottes zu h\u00f6ren durch einen Austausch zu brennenden Themen der Gemeinschaft wie z.B. der Causa Kentenich oder der Zusammenarbeit der Familiengemeinschaften Sch\u00f6nstatts. \u00dcberlegungen zur Begleitung und Erziehung von Kandidatenfamilien werden neben vielen anderen Themen ebenso im Fokus des Kapitels stehen wie die Frage nach der Sendung der Gemeinschaft in der Kirche und f\u00fcr die Kirche.<\/p>\n<h3>Offenheit f\u00fcreinander und f\u00fcr die leise Stimme Gottes<\/h3>\n<p><img decoding=\"async\" class=\"wp-image-26674 size-large aligncenter\" src=\"https:\/\/schoenstatt.com\/wp-content\/uploads\/2022\/09\/43d3cf49-5489-4758-aa8d-d7b1860023d8-768x1024.jpg\" alt=\"\" width=\"768\" height=\"1024\" \/>\u201eF\u00fcr alle Beratungen und Themen erbitten wir <a href=\"https:\/\/schoenstatt.com\/de\/schoenstatt-gemeinschaften\/internationale-gemeinschaften-der-schoenstatt-bewegung-stehen-vor-ihrem-generalkapitel\/\">Bundesfamilien<\/a> die Gaben des Heiligen Geistes\u201c, so Rosa-Maria und Josef Wieland, internationale Leiterfamilie, \u201eund eine gro\u00dfe Offenheit f\u00fcreinander und f\u00fcr die leise Stimme Gottes, so dass ein starker Impuls f\u00fcr die Zukunft des Internationalen Apostolischen Sch\u00f6nstatt-Familienbundes vom Kapitel ausgehen kann.\u201c Die Gemeinschaft freut sich \u00fcber begleitendes Gebet f\u00fcr das Generalkapitel in der ganzen Sch\u00f6nstatt-Bewegung.<\/p>\n","protected":false},"excerpt":{"rendered":"<p>Das Generalkapitel des Internationalen Apostolischen Sch\u00f6nstatt-Familienbundes tagt im September<\/p>\n","protected":false},"author":3,"featured_media":26670,"comment_status":"closed","ping_status":"closed","sticky":false,"template":"","format":"standard","meta":{"footnotes":""},"categories":[874,907],"tags":[],"class_list":["post-26626","post","type-post","status-publish","format-standard","has-post-thumbnail","hentry","category-familie-de","category-schoenstatt-gemeinschaften-de"],"yoast_head":"<!-- This site is optimized with the Yoast SEO Premium plugin v27.4 (Yoast SEO v27.4) - https:\/\/yoast.com\/product\/yoast-seo-premium-wordpress\/ -->\n<title>H\u00f6ren auf die Stimme Gottes - Schoenstatt<\/title>\n<meta name=\"description\" content=\"Das Generalkapitel des Internationalen Apostolischen Sch\u00f6nstatt-Familienbundes tagt im September mit Teilnehmern aus 12 L\u00e4ndern.\" \/>\n<meta name=\"robots\" content=\"index, follow, max-snippet:-1, max-image-preview:large, max-video-preview:-1\" \/>\n<link rel=\"canonical\" href=\"https:\/\/schoenstatt.com\/de\/hoeren-auf-die-stimme-gottes-2\/\" \/>\n<meta property=\"og:locale\" content=\"de_DE\" \/>\n<meta property=\"og:type\" content=\"article\" \/>\n<meta property=\"og:title\" content=\"H\u00f6ren auf die Stimme Gottes\" \/>\n<meta property=\"og:description\" content=\"Das Generalkapitel des Internationalen Apostolischen Sch\u00f6nstatt-Familienbundes tagt im September mit Teilnehmern aus 12 L\u00e4ndern.\" \/>\n<meta property=\"og:url\" content=\"https:\/\/schoenstatt.com\/de\/hoeren-auf-die-stimme-gottes-2\/\" \/>\n<meta property=\"og:site_name\" content=\"Schoenstatt\" \/>\n<meta property=\"article:published_time\" content=\"2022-09-05T14:20:49+00:00\" \/>\n<meta property=\"article:modified_time\" content=\"2025-05-15T18:21:42+00:00\" \/>\n<meta property=\"og:image\" content=\"https:\/\/schoenstatt.com\/wp-content\/uploads\/2022\/09\/5164ced1-10c5-4b2f-85d0-14c32059e5b7-1.jpg\" \/>\n\t<meta property=\"og:image:width\" content=\"2048\" \/>\n\t<meta property=\"og:image:height\" content=\"1536\" \/>\n\t<meta property=\"og:image:type\" content=\"image\/jpeg\" \/>\n<meta name=\"author\" content=\"Karen Bueno\" \/>\n<meta name=\"twitter:card\" content=\"summary_large_image\" \/>\n<meta name=\"twitter:label1\" content=\"Verfasst von\" \/>\n\t<meta name=\"twitter:data1\" content=\"Karen Bueno\" \/>\n\t<meta name=\"twitter:label2\" content=\"Gesch\u00e4tzte Lesezeit\" \/>\n\t<meta name=\"twitter:data2\" content=\"2\u00a0Minuten\" \/>\n<script type=\"application\/ld+json\" class=\"yoast-schema-graph\">{\"@context\":\"https:\\\/\\\/schema.org\",\"@graph\":[{\"@type\":\"Article\",\"@id\":\"https:\\\/\\\/schoenstatt.com\\\/de\\\/hoeren-auf-die-stimme-gottes-2\\\/#article\",\"isPartOf\":{\"@id\":\"https:\\\/\\\/schoenstatt.com\\\/de\\\/hoeren-auf-die-stimme-gottes-2\\\/\"},\"author\":{\"name\":\"Karen Bueno\",\"@id\":\"https:\\\/\\\/schoenstatt.com\\\/de\\\/#\\\/schema\\\/person\\\/5158877ad4acae98b34daaeef2a1ce6e\"},\"headline\":\"H\u00f6ren auf die Stimme Gottes\",\"datePublished\":\"2022-09-05T14:20:49+00:00\",\"dateModified\":\"2025-05-15T18:21:42+00:00\",\"mainEntityOfPage\":{\"@id\":\"https:\\\/\\\/schoenstatt.com\\\/de\\\/hoeren-auf-die-stimme-gottes-2\\\/\"},\"wordCount\":342,\"publisher\":{\"@id\":\"https:\\\/\\\/schoenstatt.com\\\/de\\\/#organization\"},\"image\":{\"@id\":\"https:\\\/\\\/schoenstatt.com\\\/de\\\/hoeren-auf-die-stimme-gottes-2\\\/#primaryimage\"},\"thumbnailUrl\":\"https:\\\/\\\/schoenstatt.com\\\/wp-content\\\/uploads\\\/2022\\\/09\\\/5164ced1-10c5-4b2f-85d0-14c32059e5b7-1.jpg\",\"articleSection\":[\"Familie\",\"Schoenstatt Gemeinschaften\"],\"inLanguage\":\"de\"},{\"@type\":\"WebPage\",\"@id\":\"https:\\\/\\\/schoenstatt.com\\\/de\\\/hoeren-auf-die-stimme-gottes-2\\\/\",\"url\":\"https:\\\/\\\/schoenstatt.com\\\/de\\\/hoeren-auf-die-stimme-gottes-2\\\/\",\"name\":\"H\u00f6ren auf die Stimme Gottes - Schoenstatt\",\"isPartOf\":{\"@id\":\"https:\\\/\\\/schoenstatt.com\\\/de\\\/#website\"},\"primaryImageOfPage\":{\"@id\":\"https:\\\/\\\/schoenstatt.com\\\/de\\\/hoeren-auf-die-stimme-gottes-2\\\/#primaryimage\"},\"image\":{\"@id\":\"https:\\\/\\\/schoenstatt.com\\\/de\\\/hoeren-auf-die-stimme-gottes-2\\\/#primaryimage\"},\"thumbnailUrl\":\"https:\\\/\\\/schoenstatt.com\\\/wp-content\\\/uploads\\\/2022\\\/09\\\/5164ced1-10c5-4b2f-85d0-14c32059e5b7-1.jpg\",\"datePublished\":\"2022-09-05T14:20:49+00:00\",\"dateModified\":\"2025-05-15T18:21:42+00:00\",\"description\":\"Das Generalkapitel des Internationalen Apostolischen Sch\u00f6nstatt-Familienbundes tagt im September mit Teilnehmern aus 12 L\u00e4ndern.\",\"breadcrumb\":{\"@id\":\"https:\\\/\\\/schoenstatt.com\\\/de\\\/hoeren-auf-die-stimme-gottes-2\\\/#breadcrumb\"},\"inLanguage\":\"de\",\"potentialAction\":[{\"@type\":\"ReadAction\",\"target\":[\"https:\\\/\\\/schoenstatt.com\\\/de\\\/hoeren-auf-die-stimme-gottes-2\\\/\"]}]},{\"@type\":\"ImageObject\",\"inLanguage\":\"de\",\"@id\":\"https:\\\/\\\/schoenstatt.com\\\/de\\\/hoeren-auf-die-stimme-gottes-2\\\/#primaryimage\",\"url\":\"https:\\\/\\\/schoenstatt.com\\\/wp-content\\\/uploads\\\/2022\\\/09\\\/5164ced1-10c5-4b2f-85d0-14c32059e5b7-1.jpg\",\"contentUrl\":\"https:\\\/\\\/schoenstatt.com\\\/wp-content\\\/uploads\\\/2022\\\/09\\\/5164ced1-10c5-4b2f-85d0-14c32059e5b7-1.jpg\",\"width\":2048,\"height\":1536,\"caption\":\"H\u00f6ren auf die Stimme Gottes\"},{\"@type\":\"BreadcrumbList\",\"@id\":\"https:\\\/\\\/schoenstatt.com\\\/de\\\/hoeren-auf-die-stimme-gottes-2\\\/#breadcrumb\",\"itemListElement\":[{\"@type\":\"ListItem\",\"position\":1,\"name\":\"Portada\",\"item\":\"https:\\\/\\\/schoenstatt.com\\\/de\\\/home\\\/\"},{\"@type\":\"ListItem\",\"position\":2,\"name\":\"H\u00f6ren auf die Stimme Gottes\"}]},{\"@type\":\"WebSite\",\"@id\":\"https:\\\/\\\/schoenstatt.com\\\/de\\\/#website\",\"url\":\"https:\\\/\\\/schoenstatt.com\\\/de\\\/\",\"name\":\"Schoenstatt\",\"description\":\"Apostolic Movement\",\"publisher\":{\"@id\":\"https:\\\/\\\/schoenstatt.com\\\/de\\\/#organization\"},\"potentialAction\":[{\"@type\":\"SearchAction\",\"target\":{\"@type\":\"EntryPoint\",\"urlTemplate\":\"https:\\\/\\\/schoenstatt.com\\\/de\\\/?s={search_term_string}\"},\"query-input\":{\"@type\":\"PropertyValueSpecification\",\"valueRequired\":true,\"valueName\":\"search_term_string\"}}],\"inLanguage\":\"de\"},{\"@type\":\"Organization\",\"@id\":\"https:\\\/\\\/schoenstatt.com\\\/de\\\/#organization\",\"name\":\"Schoenstatt\",\"url\":\"https:\\\/\\\/schoenstatt.com\\\/de\\\/\",\"logo\":{\"@type\":\"ImageObject\",\"inLanguage\":\"de\",\"@id\":\"https:\\\/\\\/schoenstatt.com\\\/de\\\/#\\\/schema\\\/logo\\\/image\\\/\",\"url\":\"https:\\\/\\\/schoenstatt.com\\\/wp-content\\\/uploads\\\/2025\\\/04\\\/logo-schoenstatt-white-696x696-1.png\",\"contentUrl\":\"https:\\\/\\\/schoenstatt.com\\\/wp-content\\\/uploads\\\/2025\\\/04\\\/logo-schoenstatt-white-696x696-1.png\",\"width\":696,\"height\":694,\"caption\":\"Schoenstatt\"},\"image\":{\"@id\":\"https:\\\/\\\/schoenstatt.com\\\/de\\\/#\\\/schema\\\/logo\\\/image\\\/\"}},{\"@type\":\"Person\",\"@id\":\"https:\\\/\\\/schoenstatt.com\\\/de\\\/#\\\/schema\\\/person\\\/5158877ad4acae98b34daaeef2a1ce6e\",\"name\":\"Karen Bueno\",\"image\":{\"@type\":\"ImageObject\",\"inLanguage\":\"de\",\"@id\":\"https:\\\/\\\/secure.gravatar.com\\\/avatar\\\/f9f4b823873154269d2b2130f195f6d41037dd0d7fc5f3cacb5c846bae70d66b?s=96&d=mm&r=g\",\"url\":\"https:\\\/\\\/secure.gravatar.com\\\/avatar\\\/f9f4b823873154269d2b2130f195f6d41037dd0d7fc5f3cacb5c846bae70d66b?s=96&d=mm&r=g\",\"contentUrl\":\"https:\\\/\\\/secure.gravatar.com\\\/avatar\\\/f9f4b823873154269d2b2130f195f6d41037dd0d7fc5f3cacb5c846bae70d66b?s=96&d=mm&r=g\",\"caption\":\"Karen Bueno\"},\"url\":\"https:\\\/\\\/schoenstatt.com\\\/de\\\/author\\\/karen-bueno\\\/\"}]}<\/script>\n<!-- \/ Yoast SEO Premium plugin. -->","yoast_head_json":{"title":"H\u00f6ren auf die Stimme Gottes - Schoenstatt","description":"Das Generalkapitel des Internationalen Apostolischen Sch\u00f6nstatt-Familienbundes tagt im September mit Teilnehmern aus 12 L\u00e4ndern.","robots":{"index":"index","follow":"follow","max-snippet":"max-snippet:-1","max-image-preview":"max-image-preview:large","max-video-preview":"max-video-preview:-1"},"canonical":"https:\/\/schoenstatt.com\/de\/hoeren-auf-die-stimme-gottes-2\/","og_locale":"de_DE","og_type":"article","og_title":"H\u00f6ren auf die Stimme Gottes","og_description":"Das Generalkapitel des Internationalen Apostolischen Sch\u00f6nstatt-Familienbundes tagt im September mit Teilnehmern aus 12 L\u00e4ndern.","og_url":"https:\/\/schoenstatt.com\/de\/hoeren-auf-die-stimme-gottes-2\/","og_site_name":"Schoenstatt","article_published_time":"2022-09-05T14:20:49+00:00","article_modified_time":"2025-05-15T18:21:42+00:00","og_image":[{"width":2048,"height":1536,"url":"https:\/\/schoenstatt.com\/wp-content\/uploads\/2022\/09\/5164ced1-10c5-4b2f-85d0-14c32059e5b7-1.jpg","type":"image\/jpeg"}],"author":"Karen Bueno","twitter_card":"summary_large_image","twitter_misc":{"Verfasst von":"Karen Bueno","Gesch\u00e4tzte Lesezeit":"2\u00a0Minuten"},"schema":{"@context":"https:\/\/schema.org","@graph":[{"@type":"Article","@id":"https:\/\/schoenstatt.com\/de\/hoeren-auf-die-stimme-gottes-2\/#article","isPartOf":{"@id":"https:\/\/schoenstatt.com\/de\/hoeren-auf-die-stimme-gottes-2\/"},"author":{"name":"Karen Bueno","@id":"https:\/\/schoenstatt.com\/de\/#\/schema\/person\/5158877ad4acae98b34daaeef2a1ce6e"},"headline":"H\u00f6ren auf die Stimme Gottes","datePublished":"2022-09-05T14:20:49+00:00","dateModified":"2025-05-15T18:21:42+00:00","mainEntityOfPage":{"@id":"https:\/\/schoenstatt.com\/de\/hoeren-auf-die-stimme-gottes-2\/"},"wordCount":342,"publisher":{"@id":"https:\/\/schoenstatt.com\/de\/#organization"},"image":{"@id":"https:\/\/schoenstatt.com\/de\/hoeren-auf-die-stimme-gottes-2\/#primaryimage"},"thumbnailUrl":"https:\/\/schoenstatt.com\/wp-content\/uploads\/2022\/09\/5164ced1-10c5-4b2f-85d0-14c32059e5b7-1.jpg","articleSection":["Familie","Schoenstatt Gemeinschaften"],"inLanguage":"de"},{"@type":"WebPage","@id":"https:\/\/schoenstatt.com\/de\/hoeren-auf-die-stimme-gottes-2\/","url":"https:\/\/schoenstatt.com\/de\/hoeren-auf-die-stimme-gottes-2\/","name":"H\u00f6ren auf die Stimme Gottes - Schoenstatt","isPartOf":{"@id":"https:\/\/schoenstatt.com\/de\/#website"},"primaryImageOfPage":{"@id":"https:\/\/schoenstatt.com\/de\/hoeren-auf-die-stimme-gottes-2\/#primaryimage"},"image":{"@id":"https:\/\/schoenstatt.com\/de\/hoeren-auf-die-stimme-gottes-2\/#primaryimage"},"thumbnailUrl":"https:\/\/schoenstatt.com\/wp-content\/uploads\/2022\/09\/5164ced1-10c5-4b2f-85d0-14c32059e5b7-1.jpg","datePublished":"2022-09-05T14:20:49+00:00","dateModified":"2025-05-15T18:21:42+00:00","description":"Das Generalkapitel des Internationalen Apostolischen Sch\u00f6nstatt-Familienbundes tagt im September mit Teilnehmern aus 12 L\u00e4ndern.","breadcrumb":{"@id":"https:\/\/schoenstatt.com\/de\/hoeren-auf-die-stimme-gottes-2\/#breadcrumb"},"inLanguage":"de","potentialAction":[{"@type":"ReadAction","target":["https:\/\/schoenstatt.com\/de\/hoeren-auf-die-stimme-gottes-2\/"]}]},{"@type":"ImageObject","inLanguage":"de","@id":"https:\/\/schoenstatt.com\/de\/hoeren-auf-die-stimme-gottes-2\/#primaryimage","url":"https:\/\/schoenstatt.com\/wp-content\/uploads\/2022\/09\/5164ced1-10c5-4b2f-85d0-14c32059e5b7-1.jpg","contentUrl":"https:\/\/schoenstatt.com\/wp-content\/uploads\/2022\/09\/5164ced1-10c5-4b2f-85d0-14c32059e5b7-1.jpg","width":2048,"height":1536,"caption":"H\u00f6ren auf die Stimme Gottes"},{"@type":"BreadcrumbList","@id":"https:\/\/schoenstatt.com\/de\/hoeren-auf-die-stimme-gottes-2\/#breadcrumb","itemListElement":[{"@type":"ListItem","position":1,"name":"Portada","item":"https:\/\/schoenstatt.com\/de\/home\/"},{"@type":"ListItem","position":2,"name":"H\u00f6ren auf die Stimme Gottes"}]},{"@type":"WebSite","@id":"https:\/\/schoenstatt.com\/de\/#website","url":"https:\/\/schoenstatt.com\/de\/","name":"Schoenstatt","description":"Apostolic Movement","publisher":{"@id":"https:\/\/schoenstatt.com\/de\/#organization"},"potentialAction":[{"@type":"SearchAction","target":{"@type":"EntryPoint","urlTemplate":"https:\/\/schoenstatt.com\/de\/?s={search_term_string}"},"query-input":{"@type":"PropertyValueSpecification","valueRequired":true,"valueName":"search_term_string"}}],"inLanguage":"de"},{"@type":"Organization","@id":"https:\/\/schoenstatt.com\/de\/#organization","name":"Schoenstatt","url":"https:\/\/schoenstatt.com\/de\/","logo":{"@type":"ImageObject","inLanguage":"de","@id":"https:\/\/schoenstatt.com\/de\/#\/schema\/logo\/image\/","url":"https:\/\/schoenstatt.com\/wp-content\/uploads\/2025\/04\/logo-schoenstatt-white-696x696-1.png","contentUrl":"https:\/\/schoenstatt.com\/wp-content\/uploads\/2025\/04\/logo-schoenstatt-white-696x696-1.png","width":696,"height":694,"caption":"Schoenstatt"},"image":{"@id":"https:\/\/schoenstatt.com\/de\/#\/schema\/logo\/image\/"}},{"@type":"Person","@id":"https:\/\/schoenstatt.com\/de\/#\/schema\/person\/5158877ad4acae98b34daaeef2a1ce6e","name":"Karen Bueno","image":{"@type":"ImageObject","inLanguage":"de","@id":"https:\/\/secure.gravatar.com\/avatar\/f9f4b823873154269d2b2130f195f6d41037dd0d7fc5f3cacb5c846bae70d66b?s=96&d=mm&r=g","url":"https:\/\/secure.gravatar.com\/avatar\/f9f4b823873154269d2b2130f195f6d41037dd0d7fc5f3cacb5c846bae70d66b?s=96&d=mm&r=g","contentUrl":"https:\/\/secure.gravatar.com\/avatar\/f9f4b823873154269d2b2130f195f6d41037dd0d7fc5f3cacb5c846bae70d66b?s=96&d=mm&r=g","caption":"Karen Bueno"},"url":"https:\/\/schoenstatt.com\/de\/author\/karen-bueno\/"}]}},"_links":{"self":[{"href":"https:\/\/schoenstatt.com\/de\/wp-json\/wp\/v2\/posts\/26626","targetHints":{"allow":["GET"]}}],"collection":[{"href":"https:\/\/schoenstatt.com\/de\/wp-json\/wp\/v2\/posts"}],"about":[{"href":"https:\/\/schoenstatt.com\/de\/wp-json\/wp\/v2\/types\/post"}],"author":[{"embeddable":true,"href":"https:\/\/schoenstatt.com\/de\/wp-json\/wp\/v2\/users\/3"}],"replies":[{"embeddable":true,"href":"https:\/\/schoenstatt.com\/de\/wp-json\/wp\/v2\/comments?post=26626"}],"version-history":[{"count":1,"href":"https:\/\/schoenstatt.com\/de\/wp-json\/wp\/v2\/posts\/26626\/revisions"}],"predecessor-version":[{"id":45470,"href":"https:\/\/schoenstatt.com\/de\/wp-json\/wp\/v2\/posts\/26626\/revisions\/45470"}],"wp:featuredmedia":[{"embeddable":true,"href":"https:\/\/schoenstatt.com\/de\/wp-json\/wp\/v2\/media\/26670"}],"wp:attachment":[{"href":"https:\/\/schoenstatt.com\/de\/wp-json\/wp\/v2\/media?parent=26626"}],"wp:term":[{"taxonomy":"category","embeddable":true,"href":"https:\/\/schoenstatt.com\/de\/wp-json\/wp\/v2\/categories?post=26626"},{"taxonomy":"post_tag","embeddable":true,"href":"https:\/\/schoenstatt.com\/de\/wp-json\/wp\/v2\/tags?post=26626"}],"curies":[{"name":"wp","href":"https:\/\/api.w.org\/{rel}","templated":true}]}}