{"id":26570,"date":"2022-09-01T20:22:49","date_gmt":"2022-09-01T18:22:49","guid":{"rendered":"https:\/\/schoenstatt.com\/?p=26570"},"modified":"2025-05-15T22:20:56","modified_gmt":"2025-05-15T20:20:56","slug":"schoenstatt-patres-generalkapitel-endet-mit-audienz-in-rom","status":"publish","type":"post","link":"https:\/\/schoenstatt.com\/de\/schoenstatt-patres-generalkapitel-endet-mit-audienz-in-rom\/","title":{"rendered":"Schoenstatt Patres &#8211; Generalkapitel endet mit Audienz in Rom"},"content":{"rendered":"<p>Bei der Begegnung von Papst Franziskus mit dem Generalkapitel der Sch\u00f6nstatt-Patres am 1. September 2022 im Vatikan, ermutigte der Heilige Vater die Gemeinschaft, Tr\u00e4ger einer Botschaft der Hoffnung im Leben der Menschen zu sein. \u201eIhr leistet einen wunderbaren Dienst in der Kirche und in der Welt, insbesondere in der Begleitung der Familien in den verschiedenen Erfahrungen und in den Unbest\u00e4ndigkeiten, die sie durchmachen, indem ihr allen Mitgliedern die Sch\u00f6nheit des \u201aLiebesb\u00fcndnisses\u2018 verk\u00fcndigt.\u201c<\/p>\n<p>Pater Alexandre Awi Mello, der neu gew\u00e4hlte Generalobere der Gemeinschaft, dankte dem Heiligen Vater f\u00fcr die Freiheit, die er ihm gegeben habe, die Aufgabe anzunehmen, die ihm durch das Kapitel anvertraut wurde. Pater Alexandre steht bislang als Sekret\u00e4r des Dikasteriums f\u00fcr die Laien, die Familien und das Leben in Rom in Diensten des Vatikans. Der Papst hatte ihn nach der Wahl eigens angerufen, um ihn, so Awi Mello, \u201ezu beruhigen\u201c. Papst Franziskus erz\u00e4hlte, dass er das Marienbild von Sch\u00f6nstatt, das ihm Pater Alexandre einmal geschenkt habe, noch immer auf seinem Nachttisch stehen habe und dass er so mit ihm verbunden sei. Er habe am Bild sogar eine kleine Krone angebracht. \u201eIch habe also die ganze Zeremonie von euch mitgemacht\u201c, sagte der Heilige Vater lachend.<\/p>\n<figure id=\"attachment_26571\" aria-describedby=\"caption-attachment-26571\" style=\"width: 680px\" class=\"wp-caption alignleft\"><img fetchpriority=\"high\" decoding=\"async\" class=\"wp-image-26571 size-full\" src=\"https:\/\/schoenstatt.com\/wp-content\/uploads\/2022\/09\/20220999_01_AwiMelloCatoggio_PapstFranziskus_FotoClaudioJeria.jpg\" alt=\"Schoenstatt Patres\" width=\"680\" height=\"340\" \/><figcaption id=\"caption-attachment-26571\" class=\"wp-caption-text\">Foto: P. Claudio Jeria<\/figcaption><\/figure>\n<p>&nbsp;<\/p>\n<h3>Entwicklung des geschwisterlichen Miteinanders<\/h3>\n<p>Im Rahmen ihres Kapitels haben sich die Kapitulare unter anderem damit besch\u00e4ftigt, wie sie heute als Priester wirken m\u00f6chten. Betont wurde die Bedeutung eines br\u00fcderlichen Lebensstils und einer mehr partizipativen und kollegialen Gestaltung der Leitungsaufgaben. So soll das geschwisterliche Miteinander in der Gemeinschaft, besonders aber auch in der Zusammenarbeit mit Verantwortlichen und Mitgliedern in der Sch\u00f6nstatt-Bewegung und in den verschiedensten Projekten der Seelsorge, in denen die Patres weltweit t\u00e4tig sind, gest\u00e4rkt werden.<\/p>\n<figure id=\"attachment_26579\" aria-describedby=\"caption-attachment-26579\" style=\"width: 680px\" class=\"wp-caption alignleft\"><img decoding=\"async\" class=\"size-full wp-image-26579\" src=\"https:\/\/schoenstatt.com\/wp-content\/uploads\/2022\/09\/20220999_01_PFacundoBernabeiUebergibtBildAnPapstFranziskus_FotoClaudioJeria.jpg\" alt=\"Schoenstatt Patres\" width=\"680\" height=\"340\" \/><figcaption id=\"caption-attachment-26579\" class=\"wp-caption-text\">Pater Facundo Bernabei, der Maler eines Christusbildes f\u00fcr das Generalkapitel, \u00fcbergibt das Original dem Heiligen Vater (Foto: Claudio Jeria)<\/figcaption><\/figure>\n<h3>Herausforderung interkulturelle Gemeinschaft<\/h3>\n<p>Intensiv war auch die Besch\u00e4ftigung mit der interkulturellen Entwicklung der Gemeinschaft angesichts der immer gr\u00f6\u00dfer werdenden Zahl von Berufungen in Afrika und Indien. Die Integration dieser Kulturen bedeutet einen gro\u00dfen Reichtum und ist gleichzeitig eine Herausforderung. Die Intensivierung der schon gepflegten l\u00e4nder\u00fcbergreifenden Kooperation im Rahmen der Ausbildung der Patres sowie der Ausbau des interkontinentalen Austausches von Patres zur Mitarbeit in den nationalen Sch\u00f6nstatt-Bewegungen wurde beschlossen.<\/p>\n<p>&nbsp;<\/p>\n<h3>Weiterentwicklung der Pr\u00e4ventionsstandards der Gemeinschaft<\/h3>\n<p>Angesichts der durch Kleriker verursachten weltweiten Missbrauchskrise und dem Schmerz der vom Missbrauch Betroffenen hat das Kapitel Lernerfahrungen in den verschiedenen L\u00e4ndern und Kulturkreisen, in denen die Gemeinschaft pr\u00e4sent ist, ausgetauscht. Bereits bestehende Leitlinien und Handlungsanweisungen zur Pr\u00e4vention sowie zur Intervention f\u00fcr die Mitglieder der Sch\u00f6nstatt-Patres wurden \u00fcberarbeitet und in neue, f\u00fcr alle verbindliche Normen \u00fcberf\u00fchrt. Im Rahmen der Seelsorge und p\u00e4dagogischen Begleitung von Menschen sind alle Mitglieder der Gemeinschaft dazu verpflichtet, sich f\u00fcr die Gestaltung gesch\u00fctzter R\u00e4ume einzusetzen, die die Freiheit und W\u00fcrde jedes einzelnen Menschen f\u00f6rdern.<\/p>\n<h3>Differenzierten Auseinandersetzung\u00a0mit dem Gr\u00fcnder<\/h3>\n<p>Die Sch\u00f6nstatt-Patres sehen sich auch weiterhin einer differenzierten Auseinandersetzung mit dem Gr\u00fcnder Pater Josef Kentenich verpflichtet. Die wissenschaftliche Aufarbeitung der Geschichte wird weiter gef\u00f6rdert. Zugleich betont das Kapitel die Bedeutung des Charismas, das dem Gr\u00fcnder von Gott f\u00fcr diese Zeit anvertraut wurde.<\/p>\n<figure id=\"attachment_26583\" aria-describedby=\"caption-attachment-26583\" style=\"width: 680px\" class=\"wp-caption alignleft\"><img decoding=\"async\" class=\"size-full wp-image-26583\" src=\"https:\/\/schoenstatt.com\/wp-content\/uploads\/2022\/09\/20220999_01_AudienzPapstFranziskus_FelixGeyer_FotoVaticanMedia.jpg\" alt=\"\" width=\"680\" height=\"383\" \/><figcaption id=\"caption-attachment-26583\" class=\"wp-caption-text\">Pater Felix Geyer kann Papst Franziskus eine Brosch\u00fcre \u00fcber den derzeit in Berlin neu entstehenden Campus f\u00fcr Theologie und Spiritualit\u00e4t (CTS) \u00fcberreichen (Foto: Vatican Media)<\/figcaption><\/figure>\n<h3><\/h3>\n<h3><\/h3>\n<h3><\/h3>\n<h3>Beitrag zur Entwicklung einer B\u00fcndniskultur<\/h3>\n<p>Ein weiteres zentrales Thema war der Einsatz der Mitbr\u00fcder in den und f\u00fcr die verschiedenen sozialen, p\u00e4dagogischen und evangelisierenden Projekte, die von unterschiedlichen Sch\u00f6nstatt-Heiligt\u00fcmern in aller Welt ausgehen. Die Motivation, durch diese Arbeit als Teil der Apostolischen Sch\u00f6nstatt-Bewegung einen fruchtbaren Beitrag f\u00fcr den Dienst der Kirche leisten zu k\u00f6nnen, war sp\u00fcrbar. In ihrem weltweiten Einsatz geht es den Sch\u00f6nstatt-Patres darum, dem auferstandenen Herrn in den verschiedenen Situationen der Welt von heute zu begegnen und ihn zu erkennen. Als inspirierendes Motiv diente dem Kapitel dabei das Evangelium, in dem Christus den Emmaus-J\u00fcngern begegnet (Lk 24, 13-35). Auf diesem Weg der Welt das Charisma des Liebesb\u00fcndnisses mit Maria vermitteln zu k\u00f6nnen und zur Entwicklung einer B\u00fcndniskultur beizutragen, sieht die Gemeinschaft auch f\u00fcr die kommenden Jahre als ihre Sendung.<\/p>\n<h3>Mehr zum Generalkapitel<\/h3>\n<p>Das 6. Generalkapitel des weltweit verbreiteten S\u00e4kularinstituts der Sch\u00f6nstatt-Patres hat im August 2022 im Zentralhaus der Gemeinschaft in Sch\u00f6nstatt, Vallendar, Deutschland, getagt. Es setzte sich zusammen aus 41 Vertreter, von denen 18 vom amerikanischen Kontinent kamen, acht aus Indien, sechs aus Afrika und neun aus Europa. Im Verlauf des Kapitels wurde auch eine neue Generalleitung f\u00fcr die n\u00e4chsten sechs Jahre mit dem Brasilianer Pater Alexandre Awi Mello als Generaloberem gew\u00e4hlt. Pater Awi Mello ist seit 2017 Sekret\u00e4r des Dikasteriums f\u00fcr die Laien, die Familien und das Leben in Rom. Er wird diese Aufgabe voraussichtlich am Jahresende beenden.<\/p>\n<p><a href=\"https:\/\/schoenstatt.com\/wp-content\/uploads\/2022\/09\/DE-Discurso-Santo-Padre-a-los-Padres-de-Schoenstatt.pdf\">Ansprache Seiner Heiligkeit Franziskus an die Teilnehmer des Generalkapitels der Patres von Sch\u00f6nstatt<\/a><\/p>\n<p>&nbsp;<\/p>\n<p>Quelle: <a href=\"http:\/\/www.schoenstatt.de\">Schoenstatt Deutschland<\/a><\/p>\n","protected":false},"excerpt":{"rendered":"<p>Papst Franziskus ermutigt Sch\u00f6nstatt-Patres besonders zur Seelsorge f\u00fcr Familien \u2013 Generalkapitel endet mit Audienz in Rom<\/p>\n","protected":false},"author":1,"featured_media":26587,"comment_status":"closed","ping_status":"closed","sticky":false,"template":"","format":"standard","meta":{"footnotes":""},"categories":[907,914],"tags":[],"class_list":["post-26570","post","type-post","status-publish","format-standard","has-post-thumbnail","hentry","category-schoenstatt-gemeinschaften-de","category-spiritualitat-de"],"yoast_head":"<!-- This site is optimized with the Yoast SEO Premium plugin v27.4 (Yoast SEO v27.4) - https:\/\/yoast.com\/product\/yoast-seo-premium-wordpress\/ -->\n<title>Schoenstatt Patres - Generalkapitel endet mit Audienz in Rom<\/title>\n<meta name=\"description\" content=\"Papst Franziskus ermutigt Sch\u00f6nstatt-Patres besonders zur Seelsorge f\u00fcr Familien \u2013 Generalkapitel endet mit Audienz in Rom\" \/>\n<meta name=\"robots\" content=\"index, follow, max-snippet:-1, max-image-preview:large, max-video-preview:-1\" \/>\n<link rel=\"canonical\" href=\"https:\/\/schoenstatt.com\/de\/schoenstatt-patres-generalkapitel-endet-mit-audienz-in-rom\/\" \/>\n<meta property=\"og:locale\" content=\"de_DE\" \/>\n<meta property=\"og:type\" content=\"article\" \/>\n<meta property=\"og:title\" content=\"Schoenstatt Patres - Generalkapitel endet mit Audienz in Rom\" \/>\n<meta property=\"og:description\" content=\"Papst Franziskus ermutigt Sch\u00f6nstatt-Patres besonders zur Seelsorge f\u00fcr Familien \u2013 Generalkapitel endet mit Audienz in Rom\" \/>\n<meta property=\"og:url\" content=\"https:\/\/schoenstatt.com\/de\/schoenstatt-patres-generalkapitel-endet-mit-audienz-in-rom\/\" \/>\n<meta property=\"og:site_name\" content=\"Schoenstatt\" \/>\n<meta property=\"article:published_time\" content=\"2022-09-01T18:22:49+00:00\" \/>\n<meta property=\"article:modified_time\" content=\"2025-05-15T20:20:56+00:00\" \/>\n<meta property=\"og:image\" content=\"https:\/\/schoenstatt.com\/wp-content\/uploads\/2022\/09\/cq5dam.thumbnail.cropped.750.422-2-1.jpeg\" \/>\n\t<meta property=\"og:image:width\" content=\"750\" \/>\n\t<meta property=\"og:image:height\" content=\"422\" \/>\n\t<meta property=\"og:image:type\" content=\"image\/jpeg\" \/>\n<meta name=\"author\" content=\"admin\" \/>\n<meta name=\"twitter:card\" content=\"summary_large_image\" \/>\n<meta name=\"twitter:label1\" content=\"Verfasst von\" \/>\n\t<meta name=\"twitter:data1\" content=\"admin\" \/>\n\t<meta name=\"twitter:label2\" content=\"Gesch\u00e4tzte Lesezeit\" \/>\n\t<meta name=\"twitter:data2\" content=\"4\u00a0Minuten\" \/>\n<script type=\"application\/ld+json\" class=\"yoast-schema-graph\">{\"@context\":\"https:\\\/\\\/schema.org\",\"@graph\":[{\"@type\":\"Article\",\"@id\":\"https:\\\/\\\/schoenstatt.com\\\/de\\\/schoenstatt-patres-generalkapitel-endet-mit-audienz-in-rom\\\/#article\",\"isPartOf\":{\"@id\":\"https:\\\/\\\/schoenstatt.com\\\/de\\\/schoenstatt-patres-generalkapitel-endet-mit-audienz-in-rom\\\/\"},\"author\":{\"name\":\"admin\",\"@id\":\"https:\\\/\\\/schoenstatt.com\\\/de\\\/#\\\/schema\\\/person\\\/489465b1850e7b216fe2c10dfc262551\"},\"headline\":\"Schoenstatt Patres &#8211; Generalkapitel endet mit Audienz in Rom\",\"datePublished\":\"2022-09-01T18:22:49+00:00\",\"dateModified\":\"2025-05-15T20:20:56+00:00\",\"mainEntityOfPage\":{\"@id\":\"https:\\\/\\\/schoenstatt.com\\\/de\\\/schoenstatt-patres-generalkapitel-endet-mit-audienz-in-rom\\\/\"},\"wordCount\":873,\"publisher\":{\"@id\":\"https:\\\/\\\/schoenstatt.com\\\/de\\\/#organization\"},\"image\":{\"@id\":\"https:\\\/\\\/schoenstatt.com\\\/de\\\/schoenstatt-patres-generalkapitel-endet-mit-audienz-in-rom\\\/#primaryimage\"},\"thumbnailUrl\":\"https:\\\/\\\/schoenstatt.com\\\/wp-content\\\/uploads\\\/2022\\\/09\\\/cq5dam.thumbnail.cropped.750.422-2-1.jpeg\",\"articleSection\":[\"Schoenstatt Gemeinschaften\",\"Spiritualit\u00e4t\"],\"inLanguage\":\"de\"},{\"@type\":\"WebPage\",\"@id\":\"https:\\\/\\\/schoenstatt.com\\\/de\\\/schoenstatt-patres-generalkapitel-endet-mit-audienz-in-rom\\\/\",\"url\":\"https:\\\/\\\/schoenstatt.com\\\/de\\\/schoenstatt-patres-generalkapitel-endet-mit-audienz-in-rom\\\/\",\"name\":\"Schoenstatt Patres - Generalkapitel endet mit Audienz in Rom\",\"isPartOf\":{\"@id\":\"https:\\\/\\\/schoenstatt.com\\\/de\\\/#website\"},\"primaryImageOfPage\":{\"@id\":\"https:\\\/\\\/schoenstatt.com\\\/de\\\/schoenstatt-patres-generalkapitel-endet-mit-audienz-in-rom\\\/#primaryimage\"},\"image\":{\"@id\":\"https:\\\/\\\/schoenstatt.com\\\/de\\\/schoenstatt-patres-generalkapitel-endet-mit-audienz-in-rom\\\/#primaryimage\"},\"thumbnailUrl\":\"https:\\\/\\\/schoenstatt.com\\\/wp-content\\\/uploads\\\/2022\\\/09\\\/cq5dam.thumbnail.cropped.750.422-2-1.jpeg\",\"datePublished\":\"2022-09-01T18:22:49+00:00\",\"dateModified\":\"2025-05-15T20:20:56+00:00\",\"description\":\"Papst Franziskus ermutigt Sch\u00f6nstatt-Patres besonders zur Seelsorge f\u00fcr Familien \u2013 Generalkapitel endet mit Audienz in Rom\",\"breadcrumb\":{\"@id\":\"https:\\\/\\\/schoenstatt.com\\\/de\\\/schoenstatt-patres-generalkapitel-endet-mit-audienz-in-rom\\\/#breadcrumb\"},\"inLanguage\":\"de\",\"potentialAction\":[{\"@type\":\"ReadAction\",\"target\":[\"https:\\\/\\\/schoenstatt.com\\\/de\\\/schoenstatt-patres-generalkapitel-endet-mit-audienz-in-rom\\\/\"]}]},{\"@type\":\"ImageObject\",\"inLanguage\":\"de\",\"@id\":\"https:\\\/\\\/schoenstatt.com\\\/de\\\/schoenstatt-patres-generalkapitel-endet-mit-audienz-in-rom\\\/#primaryimage\",\"url\":\"https:\\\/\\\/schoenstatt.com\\\/wp-content\\\/uploads\\\/2022\\\/09\\\/cq5dam.thumbnail.cropped.750.422-2-1.jpeg\",\"contentUrl\":\"https:\\\/\\\/schoenstatt.com\\\/wp-content\\\/uploads\\\/2022\\\/09\\\/cq5dam.thumbnail.cropped.750.422-2-1.jpeg\",\"width\":750,\"height\":422,\"caption\":\"Audienz von Papst Franziskus bei den Teilnehmern des Generalkapitels der Patres von Schonstatt (Vatican Media)\"},{\"@type\":\"BreadcrumbList\",\"@id\":\"https:\\\/\\\/schoenstatt.com\\\/de\\\/schoenstatt-patres-generalkapitel-endet-mit-audienz-in-rom\\\/#breadcrumb\",\"itemListElement\":[{\"@type\":\"ListItem\",\"position\":1,\"name\":\"Portada\",\"item\":\"https:\\\/\\\/schoenstatt.com\\\/de\\\/home\\\/\"},{\"@type\":\"ListItem\",\"position\":2,\"name\":\"Schoenstatt Patres &#8211; Generalkapitel endet mit Audienz in Rom\"}]},{\"@type\":\"WebSite\",\"@id\":\"https:\\\/\\\/schoenstatt.com\\\/de\\\/#website\",\"url\":\"https:\\\/\\\/schoenstatt.com\\\/de\\\/\",\"name\":\"Schoenstatt\",\"description\":\"Apostolic Movement\",\"publisher\":{\"@id\":\"https:\\\/\\\/schoenstatt.com\\\/de\\\/#organization\"},\"potentialAction\":[{\"@type\":\"SearchAction\",\"target\":{\"@type\":\"EntryPoint\",\"urlTemplate\":\"https:\\\/\\\/schoenstatt.com\\\/de\\\/?s={search_term_string}\"},\"query-input\":{\"@type\":\"PropertyValueSpecification\",\"valueRequired\":true,\"valueName\":\"search_term_string\"}}],\"inLanguage\":\"de\"},{\"@type\":\"Organization\",\"@id\":\"https:\\\/\\\/schoenstatt.com\\\/de\\\/#organization\",\"name\":\"Schoenstatt\",\"url\":\"https:\\\/\\\/schoenstatt.com\\\/de\\\/\",\"logo\":{\"@type\":\"ImageObject\",\"inLanguage\":\"de\",\"@id\":\"https:\\\/\\\/schoenstatt.com\\\/de\\\/#\\\/schema\\\/logo\\\/image\\\/\",\"url\":\"https:\\\/\\\/schoenstatt.com\\\/wp-content\\\/uploads\\\/2025\\\/04\\\/logo-schoenstatt-white-696x696-1.png\",\"contentUrl\":\"https:\\\/\\\/schoenstatt.com\\\/wp-content\\\/uploads\\\/2025\\\/04\\\/logo-schoenstatt-white-696x696-1.png\",\"width\":696,\"height\":694,\"caption\":\"Schoenstatt\"},\"image\":{\"@id\":\"https:\\\/\\\/schoenstatt.com\\\/de\\\/#\\\/schema\\\/logo\\\/image\\\/\"}},{\"@type\":\"Person\",\"@id\":\"https:\\\/\\\/schoenstatt.com\\\/de\\\/#\\\/schema\\\/person\\\/489465b1850e7b216fe2c10dfc262551\",\"name\":\"admin\",\"image\":{\"@type\":\"ImageObject\",\"inLanguage\":\"de\",\"@id\":\"https:\\\/\\\/secure.gravatar.com\\\/avatar\\\/02e8345e1ec40ab0e0a2a98fdde64a684bbaf994cddcb778b25b8b024ee9dfe6?s=96&d=mm&r=g\",\"url\":\"https:\\\/\\\/secure.gravatar.com\\\/avatar\\\/02e8345e1ec40ab0e0a2a98fdde64a684bbaf994cddcb778b25b8b024ee9dfe6?s=96&d=mm&r=g\",\"contentUrl\":\"https:\\\/\\\/secure.gravatar.com\\\/avatar\\\/02e8345e1ec40ab0e0a2a98fdde64a684bbaf994cddcb778b25b8b024ee9dfe6?s=96&d=mm&r=g\",\"caption\":\"admin\"},\"sameAs\":[\"https:\\\/\\\/schoenstatt.com\"],\"url\":\"https:\\\/\\\/schoenstatt.com\\\/de\\\/author\\\/admin\\\/\"}]}<\/script>\n<!-- \/ Yoast SEO Premium plugin. -->","yoast_head_json":{"title":"Schoenstatt Patres - Generalkapitel endet mit Audienz in Rom","description":"Papst Franziskus ermutigt Sch\u00f6nstatt-Patres besonders zur Seelsorge f\u00fcr Familien \u2013 Generalkapitel endet mit Audienz in Rom","robots":{"index":"index","follow":"follow","max-snippet":"max-snippet:-1","max-image-preview":"max-image-preview:large","max-video-preview":"max-video-preview:-1"},"canonical":"https:\/\/schoenstatt.com\/de\/schoenstatt-patres-generalkapitel-endet-mit-audienz-in-rom\/","og_locale":"de_DE","og_type":"article","og_title":"Schoenstatt Patres - Generalkapitel endet mit Audienz in Rom","og_description":"Papst Franziskus ermutigt Sch\u00f6nstatt-Patres besonders zur Seelsorge f\u00fcr Familien \u2013 Generalkapitel endet mit Audienz in Rom","og_url":"https:\/\/schoenstatt.com\/de\/schoenstatt-patres-generalkapitel-endet-mit-audienz-in-rom\/","og_site_name":"Schoenstatt","article_published_time":"2022-09-01T18:22:49+00:00","article_modified_time":"2025-05-15T20:20:56+00:00","og_image":[{"width":750,"height":422,"url":"https:\/\/schoenstatt.com\/wp-content\/uploads\/2022\/09\/cq5dam.thumbnail.cropped.750.422-2-1.jpeg","type":"image\/jpeg"}],"author":"admin","twitter_card":"summary_large_image","twitter_misc":{"Verfasst von":"admin","Gesch\u00e4tzte Lesezeit":"4\u00a0Minuten"},"schema":{"@context":"https:\/\/schema.org","@graph":[{"@type":"Article","@id":"https:\/\/schoenstatt.com\/de\/schoenstatt-patres-generalkapitel-endet-mit-audienz-in-rom\/#article","isPartOf":{"@id":"https:\/\/schoenstatt.com\/de\/schoenstatt-patres-generalkapitel-endet-mit-audienz-in-rom\/"},"author":{"name":"admin","@id":"https:\/\/schoenstatt.com\/de\/#\/schema\/person\/489465b1850e7b216fe2c10dfc262551"},"headline":"Schoenstatt Patres &#8211; Generalkapitel endet mit Audienz in Rom","datePublished":"2022-09-01T18:22:49+00:00","dateModified":"2025-05-15T20:20:56+00:00","mainEntityOfPage":{"@id":"https:\/\/schoenstatt.com\/de\/schoenstatt-patres-generalkapitel-endet-mit-audienz-in-rom\/"},"wordCount":873,"publisher":{"@id":"https:\/\/schoenstatt.com\/de\/#organization"},"image":{"@id":"https:\/\/schoenstatt.com\/de\/schoenstatt-patres-generalkapitel-endet-mit-audienz-in-rom\/#primaryimage"},"thumbnailUrl":"https:\/\/schoenstatt.com\/wp-content\/uploads\/2022\/09\/cq5dam.thumbnail.cropped.750.422-2-1.jpeg","articleSection":["Schoenstatt Gemeinschaften","Spiritualit\u00e4t"],"inLanguage":"de"},{"@type":"WebPage","@id":"https:\/\/schoenstatt.com\/de\/schoenstatt-patres-generalkapitel-endet-mit-audienz-in-rom\/","url":"https:\/\/schoenstatt.com\/de\/schoenstatt-patres-generalkapitel-endet-mit-audienz-in-rom\/","name":"Schoenstatt Patres - Generalkapitel endet mit Audienz in Rom","isPartOf":{"@id":"https:\/\/schoenstatt.com\/de\/#website"},"primaryImageOfPage":{"@id":"https:\/\/schoenstatt.com\/de\/schoenstatt-patres-generalkapitel-endet-mit-audienz-in-rom\/#primaryimage"},"image":{"@id":"https:\/\/schoenstatt.com\/de\/schoenstatt-patres-generalkapitel-endet-mit-audienz-in-rom\/#primaryimage"},"thumbnailUrl":"https:\/\/schoenstatt.com\/wp-content\/uploads\/2022\/09\/cq5dam.thumbnail.cropped.750.422-2-1.jpeg","datePublished":"2022-09-01T18:22:49+00:00","dateModified":"2025-05-15T20:20:56+00:00","description":"Papst Franziskus ermutigt Sch\u00f6nstatt-Patres besonders zur Seelsorge f\u00fcr Familien \u2013 Generalkapitel endet mit Audienz in Rom","breadcrumb":{"@id":"https:\/\/schoenstatt.com\/de\/schoenstatt-patres-generalkapitel-endet-mit-audienz-in-rom\/#breadcrumb"},"inLanguage":"de","potentialAction":[{"@type":"ReadAction","target":["https:\/\/schoenstatt.com\/de\/schoenstatt-patres-generalkapitel-endet-mit-audienz-in-rom\/"]}]},{"@type":"ImageObject","inLanguage":"de","@id":"https:\/\/schoenstatt.com\/de\/schoenstatt-patres-generalkapitel-endet-mit-audienz-in-rom\/#primaryimage","url":"https:\/\/schoenstatt.com\/wp-content\/uploads\/2022\/09\/cq5dam.thumbnail.cropped.750.422-2-1.jpeg","contentUrl":"https:\/\/schoenstatt.com\/wp-content\/uploads\/2022\/09\/cq5dam.thumbnail.cropped.750.422-2-1.jpeg","width":750,"height":422,"caption":"Audienz von Papst Franziskus bei den Teilnehmern des Generalkapitels der Patres von Schonstatt (Vatican Media)"},{"@type":"BreadcrumbList","@id":"https:\/\/schoenstatt.com\/de\/schoenstatt-patres-generalkapitel-endet-mit-audienz-in-rom\/#breadcrumb","itemListElement":[{"@type":"ListItem","position":1,"name":"Portada","item":"https:\/\/schoenstatt.com\/de\/home\/"},{"@type":"ListItem","position":2,"name":"Schoenstatt Patres &#8211; Generalkapitel endet mit Audienz in Rom"}]},{"@type":"WebSite","@id":"https:\/\/schoenstatt.com\/de\/#website","url":"https:\/\/schoenstatt.com\/de\/","name":"Schoenstatt","description":"Apostolic Movement","publisher":{"@id":"https:\/\/schoenstatt.com\/de\/#organization"},"potentialAction":[{"@type":"SearchAction","target":{"@type":"EntryPoint","urlTemplate":"https:\/\/schoenstatt.com\/de\/?s={search_term_string}"},"query-input":{"@type":"PropertyValueSpecification","valueRequired":true,"valueName":"search_term_string"}}],"inLanguage":"de"},{"@type":"Organization","@id":"https:\/\/schoenstatt.com\/de\/#organization","name":"Schoenstatt","url":"https:\/\/schoenstatt.com\/de\/","logo":{"@type":"ImageObject","inLanguage":"de","@id":"https:\/\/schoenstatt.com\/de\/#\/schema\/logo\/image\/","url":"https:\/\/schoenstatt.com\/wp-content\/uploads\/2025\/04\/logo-schoenstatt-white-696x696-1.png","contentUrl":"https:\/\/schoenstatt.com\/wp-content\/uploads\/2025\/04\/logo-schoenstatt-white-696x696-1.png","width":696,"height":694,"caption":"Schoenstatt"},"image":{"@id":"https:\/\/schoenstatt.com\/de\/#\/schema\/logo\/image\/"}},{"@type":"Person","@id":"https:\/\/schoenstatt.com\/de\/#\/schema\/person\/489465b1850e7b216fe2c10dfc262551","name":"admin","image":{"@type":"ImageObject","inLanguage":"de","@id":"https:\/\/secure.gravatar.com\/avatar\/02e8345e1ec40ab0e0a2a98fdde64a684bbaf994cddcb778b25b8b024ee9dfe6?s=96&d=mm&r=g","url":"https:\/\/secure.gravatar.com\/avatar\/02e8345e1ec40ab0e0a2a98fdde64a684bbaf994cddcb778b25b8b024ee9dfe6?s=96&d=mm&r=g","contentUrl":"https:\/\/secure.gravatar.com\/avatar\/02e8345e1ec40ab0e0a2a98fdde64a684bbaf994cddcb778b25b8b024ee9dfe6?s=96&d=mm&r=g","caption":"admin"},"sameAs":["https:\/\/schoenstatt.com"],"url":"https:\/\/schoenstatt.com\/de\/author\/admin\/"}]}},"_links":{"self":[{"href":"https:\/\/schoenstatt.com\/de\/wp-json\/wp\/v2\/posts\/26570","targetHints":{"allow":["GET"]}}],"collection":[{"href":"https:\/\/schoenstatt.com\/de\/wp-json\/wp\/v2\/posts"}],"about":[{"href":"https:\/\/schoenstatt.com\/de\/wp-json\/wp\/v2\/types\/post"}],"author":[{"embeddable":true,"href":"https:\/\/schoenstatt.com\/de\/wp-json\/wp\/v2\/users\/1"}],"replies":[{"embeddable":true,"href":"https:\/\/schoenstatt.com\/de\/wp-json\/wp\/v2\/comments?post=26570"}],"version-history":[{"count":1,"href":"https:\/\/schoenstatt.com\/de\/wp-json\/wp\/v2\/posts\/26570\/revisions"}],"predecessor-version":[{"id":45460,"href":"https:\/\/schoenstatt.com\/de\/wp-json\/wp\/v2\/posts\/26570\/revisions\/45460"}],"wp:featuredmedia":[{"embeddable":true,"href":"https:\/\/schoenstatt.com\/de\/wp-json\/wp\/v2\/media\/26587"}],"wp:attachment":[{"href":"https:\/\/schoenstatt.com\/de\/wp-json\/wp\/v2\/media?parent=26570"}],"wp:term":[{"taxonomy":"category","embeddable":true,"href":"https:\/\/schoenstatt.com\/de\/wp-json\/wp\/v2\/categories?post=26570"},{"taxonomy":"post_tag","embeddable":true,"href":"https:\/\/schoenstatt.com\/de\/wp-json\/wp\/v2\/tags?post=26570"}],"curies":[{"name":"wp","href":"https:\/\/api.w.org\/{rel}","templated":true}]}}